{"id":212815,"date":"2021-09-13T11:17:49","date_gmt":"2021-09-13T11:17:49","guid":{"rendered":"https:\/\/www.meydan.tv\/article\/ramin-bayramlinin-istefa-erizesi-qebul-olunub\/"},"modified":"2021-09-13T11:17:49","modified_gmt":"2021-09-13T11:17:49","slug":"ramin-bayramlinin-istefa-erizesi-qebul-olunub","status":"publish","type":"post","link":"https:\/\/www.meydan.tv\/az\/article\/ramin-bayramlinin-istefa-erizesi-qebul-olunub\/","title":{"rendered":"Ramin Bayraml\u0131n\u0131n istefa \u0259riz\u0259si q\u0259bul olunub"},"content":{"rendered":"<p>\n  <i><br \/>\n    T\u018fB\u0130B-\u0259 m\u00fcv\u0259qq\u0259ti r\u0259hb\u0259rliyi V\u00fcqar Qurbanov ed\u0259c\u0259k<br \/>\n  <\/i>\n<\/p>\n<p>\n  Tibbi \u018frazi B\u00f6lm\u0259l\u0259rini \u0130dar\u0259etm\u0259 Birliyi\u201dnin (T\u018fB\u0130B) \u0130dar\u0259 Hey\u0259tinin s\u0259dri v\u0259zif\u0259sind\u0259n istefa ver\u0259n Ramin Bayraml\u0131n\u0131 m\u00fcv\u0259qq\u0259ti olaraq \u0130cbari Tibbi S\u0131\u011forta \u00fczr\u0259 D\u00f6vl\u0259t Agentliyinin Tibbi iddialar departamentinin r\u0259hb\u0259ri V\u00fcqar Qurbanov \u0259v\u0259z ed\u0259c\u0259k.\n<\/p>\n<p>\n  Bu bar\u0259d\u0259 sentyabr\u0131n 13-d\u0259 Meydan TV-y\u0259 agentlikd\u0259n m\u0259lumat verilib.\n<\/p>\n<p>\n  Bildirilib ki, agentliyinin \u0130dar\u0259 Hey\u0259tinin s\u0259dri Zaur \u018fliyevin \u0259mri il\u0259 T\u018fB\u0130B-in \u0130dar\u0259 Hey\u0259tinin s\u0259dri v\u0259zif\u0259l\u0259rini m\u00fcv\u0259qq\u0259ti icra etm\u0259k s\u0259lahiyy\u0259ti V\u00fcqar Qurbanova verilib. O, haz\u0131rda Agentliyin Tibbi iddialar departamentinin r\u0259hb\u0259ri v\u0259zif\u0259l\u0259rini icra edir.\n<\/p>\n<p>\n  Son m\u0259lumata \u0259sas\u0259n, T\u018fB\u0130B \u0130dar\u0259 Hey\u0259ti s\u0259drinin m\u00fc\u015faviri \u015e\u0259hriyar F\u0259tullayev d\u0259 v\u0259zif\u0259sind\u0259n azad olunmas\u0131 il\u0259 ba\u011fl\u0131 \u0259riz\u0259 il\u0259 m\u00fcraci\u0259t edib.\n<\/p>\n<p>\n  Sentyabr\u0131n 12-d\u0259 Tibbi \u018frazi B\u00f6lm\u0259l\u0259rini \u0130dar\u0259etm\u0259 Birliyinin ( T\u018fB\u0130B) \u0130dar\u0259 Hey\u0259tinin s\u0259dri Ramin Bayraml\u0131 v\u0259zif\u0259sind\u0259n istefa<br \/>\n  <a href=\"https:\/\/www.meydan.tv\/az\/article\/ramin-bayramli-istefa-verdiyini-yazib\/?ref=list-news\"><br \/>\n    verib<br \/>\n  <\/a><br \/>\n  .\n<\/p>\n<p>\n  O, \u00f6z\u00fc \u201cTwitter\u201d s\u0259hif\u0259sind\u0259 bu bar\u0259d\u0259 yaz\u0131b.<\/p>\n","protected":false},"excerpt":{"rendered":"<p>O, haz\u0131rda Agentliyin Tibbi iddialar departamentinin r\u0259hb\u0259ri v\u0259zif\u0259l\u0259rini icra edir.<\/p>\n","protected":false},"author":11,"featured_media":209989,"comment_status":"closed","ping_status":"open","sticky":false,"template":"","format":"standard","meta":{"_acf_changed":false,"_sitemap_exclude":false,"_sitemap_priority":"","_sitemap_frequency":"","footnotes":""},"categories":[54],"tags":[],"class_list":["post-212815","post","type-post","status-publish","format-standard","has-post-thumbnail","hentry","category-sagliq","infinite-scroll-item","generate-columns","tablet-grid-50","mobile-grid-100","grid-parent","grid-33","no-featured-image-padding"],"acf":[],"yoast_head":"<!-- This site is optimized with the Yoast SEO plugin v27.4 - https:\/\/yoast.com\/product\/yoast-seo-wordpress\/ -->\n<title>Ramin Bayraml\u0131n\u0131n istefa \u0259riz\u0259si q\u0259bul olunub - MEYDAN.TV<\/title>\n<meta name=\"robots\" content=\"index, follow, max-snippet:-1, max-image-preview:large, max-video-preview:-1\" \/>\n<link rel=\"canonical\" href=\"https:\/\/www.meydan.tv\/az\/article\/ramin-bayramlinin-istefa-erizesi-qebul-olunub\/\" \/>\n<meta property=\"og:locale\" content=\"az_AZ\" \/>\n<meta property=\"og:type\" content=\"article\" \/>\n<meta property=\"og:title\" content=\"Ramin Bayraml\u0131n\u0131n istefa \u0259riz\u0259si q\u0259bul olunub - MEYDAN.TV\" \/>\n<meta property=\"og:description\" content=\"O, haz\u0131rda Agentliyin Tibbi iddialar departamentinin r\u0259hb\u0259ri v\u0259zif\u0259l\u0259rini icra edir.\" \/>\n<meta property=\"og:url\" content=\"https:\/\/www.meydan.tv\/az\/article\/ramin-bayramlinin-istefa-erizesi-qebul-olunub\/\" \/>\n<meta property=\"og:site_name\" content=\"MEYDAN.TV\" \/>\n<meta property=\"article:published_time\" content=\"2021-09-13T11:17:49+00:00\" \/>\n<meta property=\"og:image\" content=\"https:\/\/www.meydan.tv\/wp-content\/uploads\/v__qar_qurbanov-foto-scaled.jpg\" \/>\n\t<meta property=\"og:image:width\" content=\"2560\" \/>\n\t<meta property=\"og:image:height\" content=\"1751\" \/>\n\t<meta property=\"og:image:type\" content=\"image\/jpeg\" \/>\n<meta name=\"author\" content=\"user-manager\" \/>\n<meta name=\"twitter:card\" content=\"summary_large_image\" \/>\n<script type=\"application\/ld+json\" class=\"yoast-schema-graph\">{\"@context\":\"https:\\\/\\\/schema.org\",\"@graph\":[{\"@type\":\"Article\",\"@id\":\"https:\\\/\\\/www.meydan.tv\\\/az\\\/article\\\/ramin-bayramlinin-istefa-erizesi-qebul-olunub\\\/#article\",\"isPartOf\":{\"@id\":\"https:\\\/\\\/www.meydan.tv\\\/az\\\/article\\\/ramin-bayramlinin-istefa-erizesi-qebul-olunub\\\/\"},\"author\":{\"name\":\"user-manager\",\"@id\":\"https:\\\/\\\/www.meydan.tv\\\/az\\\/#\\\/schema\\\/person\\\/10d11eccf6da3662cf5fdab9806ea91a\"},\"headline\":\"Ramin Bayraml\u0131n\u0131n istefa \u0259riz\u0259si q\u0259bul olunub\",\"datePublished\":\"2021-09-13T11:17:49+00:00\",\"mainEntityOfPage\":{\"@id\":\"https:\\\/\\\/www.meydan.tv\\\/az\\\/article\\\/ramin-bayramlinin-istefa-erizesi-qebul-olunub\\\/\"},\"wordCount\":222,\"publisher\":{\"@id\":\"https:\\\/\\\/www.meydan.tv\\\/az\\\/#organization\"},\"image\":{\"@id\":\"https:\\\/\\\/www.meydan.tv\\\/az\\\/article\\\/ramin-bayramlinin-istefa-erizesi-qebul-olunub\\\/#primaryimage\"},\"thumbnailUrl\":\"https:\\\/\\\/www.meydan.tv\\\/wp-content\\\/uploads\\\/v__qar_qurbanov-foto-scaled.jpg\",\"articleSection\":[\"Sa\u011fl\u0131q\"],\"inLanguage\":\"az\"},{\"@type\":\"WebPage\",\"@id\":\"https:\\\/\\\/www.meydan.tv\\\/az\\\/article\\\/ramin-bayramlinin-istefa-erizesi-qebul-olunub\\\/\",\"url\":\"https:\\\/\\\/www.meydan.tv\\\/az\\\/article\\\/ramin-bayramlinin-istefa-erizesi-qebul-olunub\\\/\",\"name\":\"Ramin Bayraml\u0131n\u0131n istefa \u0259riz\u0259si q\u0259bul olunub - MEYDAN.TV\",\"isPartOf\":{\"@id\":\"https:\\\/\\\/www.meydan.tv\\\/az\\\/#website\"},\"primaryImageOfPage\":{\"@id\":\"https:\\\/\\\/www.meydan.tv\\\/az\\\/article\\\/ramin-bayramlinin-istefa-erizesi-qebul-olunub\\\/#primaryimage\"},\"image\":{\"@id\":\"https:\\\/\\\/www.meydan.tv\\\/az\\\/article\\\/ramin-bayramlinin-istefa-erizesi-qebul-olunub\\\/#primaryimage\"},\"thumbnailUrl\":\"https:\\\/\\\/www.meydan.tv\\\/wp-content\\\/uploads\\\/v__qar_qurbanov-foto-scaled.jpg\",\"datePublished\":\"2021-09-13T11:17:49+00:00\",\"breadcrumb\":{\"@id\":\"https:\\\/\\\/www.meydan.tv\\\/az\\\/article\\\/ramin-bayramlinin-istefa-erizesi-qebul-olunub\\\/#breadcrumb\"},\"inLanguage\":\"az\",\"potentialAction\":[{\"@type\":\"ReadAction\",\"target\":[\"https:\\\/\\\/www.meydan.tv\\\/az\\\/article\\\/ramin-bayramlinin-istefa-erizesi-qebul-olunub\\\/\"]}]},{\"@type\":\"ImageObject\",\"inLanguage\":\"az\",\"@id\":\"https:\\\/\\\/www.meydan.tv\\\/az\\\/article\\\/ramin-bayramlinin-istefa-erizesi-qebul-olunub\\\/#primaryimage\",\"url\":\"https:\\\/\\\/www.meydan.tv\\\/wp-content\\\/uploads\\\/v__qar_qurbanov-foto-scaled.jpg\",\"contentUrl\":\"https:\\\/\\\/www.meydan.tv\\\/wp-content\\\/uploads\\\/v__qar_qurbanov-foto-scaled.jpg\",\"width\":2560,\"height\":1751,\"caption\":\"Source: Specify Source\"},{\"@type\":\"BreadcrumbList\",\"@id\":\"https:\\\/\\\/www.meydan.tv\\\/az\\\/article\\\/ramin-bayramlinin-istefa-erizesi-qebul-olunub\\\/#breadcrumb\",\"itemListElement\":[{\"@type\":\"ListItem\",\"position\":1,\"name\":\"Ana s\u0259hif\u0259\",\"item\":\"https:\\\/\\\/www.meydan.tv\\\/az\\\/\"},{\"@type\":\"ListItem\",\"position\":2,\"name\":\"Sa\u011fl\u0131q\",\"item\":\"https:\\\/\\\/www.meydan.tv\\\/az\\\/section\\\/sagliq\\\/\"},{\"@type\":\"ListItem\",\"position\":3,\"name\":\"Ramin Bayraml\u0131n\u0131n istefa \u0259riz\u0259si q\u0259bul olunub\"}]},{\"@type\":\"WebSite\",\"@id\":\"https:\\\/\\\/www.meydan.tv\\\/az\\\/#website\",\"url\":\"https:\\\/\\\/www.meydan.tv\\\/az\\\/\",\"name\":\"MEYDAN.TV\",\"description\":\"Meydan TV Az\u0259rbaycan\u0131n media m\u0259kan\u0131ndak\u0131 alternativ s\u0259sidir\",\"publisher\":{\"@id\":\"https:\\\/\\\/www.meydan.tv\\\/az\\\/#organization\"},\"potentialAction\":[{\"@type\":\"SearchAction\",\"target\":{\"@type\":\"EntryPoint\",\"urlTemplate\":\"https:\\\/\\\/www.meydan.tv\\\/az\\\/?s={search_term_string}\"},\"query-input\":{\"@type\":\"PropertyValueSpecification\",\"valueRequired\":true,\"valueName\":\"search_term_string\"}}],\"inLanguage\":\"az\"},{\"@type\":\"Organization\",\"@id\":\"https:\\\/\\\/www.meydan.tv\\\/az\\\/#organization\",\"name\":\"Meydan TV\",\"url\":\"https:\\\/\\\/www.meydan.tv\\\/az\\\/\",\"logo\":{\"@type\":\"ImageObject\",\"inLanguage\":\"az\",\"@id\":\"https:\\\/\\\/www.meydan.tv\\\/az\\\/#\\\/schema\\\/logo\\\/image\\\/\",\"url\":\"https:\\\/\\\/www.meydan.tv\\\/wp-content\\\/uploads\\\/2021\\\/07\\\/meydan-logo.svg\",\"contentUrl\":\"https:\\\/\\\/www.meydan.tv\\\/wp-content\\\/uploads\\\/2021\\\/07\\\/meydan-logo.svg\",\"width\":195,\"height\":46,\"caption\":\"Meydan TV\"},\"image\":{\"@id\":\"https:\\\/\\\/www.meydan.tv\\\/az\\\/#\\\/schema\\\/logo\\\/image\\\/\"}},{\"@type\":\"Person\",\"@id\":\"https:\\\/\\\/www.meydan.tv\\\/az\\\/#\\\/schema\\\/person\\\/10d11eccf6da3662cf5fdab9806ea91a\",\"name\":\"user-manager\"}]}<\/script>\n<!-- \/ Yoast SEO plugin. -->","yoast_head_json":{"title":"Ramin Bayraml\u0131n\u0131n istefa \u0259riz\u0259si q\u0259bul olunub - MEYDAN.TV","robots":{"index":"index","follow":"follow","max-snippet":"max-snippet:-1","max-image-preview":"max-image-preview:large","max-video-preview":"max-video-preview:-1"},"canonical":"https:\/\/www.meydan.tv\/az\/article\/ramin-bayramlinin-istefa-erizesi-qebul-olunub\/","og_locale":"az_AZ","og_type":"article","og_title":"Ramin Bayraml\u0131n\u0131n istefa \u0259riz\u0259si q\u0259bul olunub - MEYDAN.TV","og_description":"O, haz\u0131rda Agentliyin Tibbi iddialar departamentinin r\u0259hb\u0259ri v\u0259zif\u0259l\u0259rini icra edir.","og_url":"https:\/\/www.meydan.tv\/az\/article\/ramin-bayramlinin-istefa-erizesi-qebul-olunub\/","og_site_name":"MEYDAN.TV","article_published_time":"2021-09-13T11:17:49+00:00","og_image":[{"width":2560,"height":1751,"url":"https:\/\/www.meydan.tv\/wp-content\/uploads\/v__qar_qurbanov-foto-scaled.jpg","type":"image\/jpeg"}],"author":"user-manager","twitter_card":"summary_large_image","schema":{"@context":"https:\/\/schema.org","@graph":[{"@type":"Article","@id":"https:\/\/www.meydan.tv\/az\/article\/ramin-bayramlinin-istefa-erizesi-qebul-olunub\/#article","isPartOf":{"@id":"https:\/\/www.meydan.tv\/az\/article\/ramin-bayramlinin-istefa-erizesi-qebul-olunub\/"},"author":{"name":"user-manager","@id":"https:\/\/www.meydan.tv\/az\/#\/schema\/person\/10d11eccf6da3662cf5fdab9806ea91a"},"headline":"Ramin Bayraml\u0131n\u0131n istefa \u0259riz\u0259si q\u0259bul olunub","datePublished":"2021-09-13T11:17:49+00:00","mainEntityOfPage":{"@id":"https:\/\/www.meydan.tv\/az\/article\/ramin-bayramlinin-istefa-erizesi-qebul-olunub\/"},"wordCount":222,"publisher":{"@id":"https:\/\/www.meydan.tv\/az\/#organization"},"image":{"@id":"https:\/\/www.meydan.tv\/az\/article\/ramin-bayramlinin-istefa-erizesi-qebul-olunub\/#primaryimage"},"thumbnailUrl":"https:\/\/www.meydan.tv\/wp-content\/uploads\/v__qar_qurbanov-foto-scaled.jpg","articleSection":["Sa\u011fl\u0131q"],"inLanguage":"az"},{"@type":"WebPage","@id":"https:\/\/www.meydan.tv\/az\/article\/ramin-bayramlinin-istefa-erizesi-qebul-olunub\/","url":"https:\/\/www.meydan.tv\/az\/article\/ramin-bayramlinin-istefa-erizesi-qebul-olunub\/","name":"Ramin Bayraml\u0131n\u0131n istefa \u0259riz\u0259si q\u0259bul olunub - MEYDAN.TV","isPartOf":{"@id":"https:\/\/www.meydan.tv\/az\/#website"},"primaryImageOfPage":{"@id":"https:\/\/www.meydan.tv\/az\/article\/ramin-bayramlinin-istefa-erizesi-qebul-olunub\/#primaryimage"},"image":{"@id":"https:\/\/www.meydan.tv\/az\/article\/ramin-bayramlinin-istefa-erizesi-qebul-olunub\/#primaryimage"},"thumbnailUrl":"https:\/\/www.meydan.tv\/wp-content\/uploads\/v__qar_qurbanov-foto-scaled.jpg","datePublished":"2021-09-13T11:17:49+00:00","breadcrumb":{"@id":"https:\/\/www.meydan.tv\/az\/article\/ramin-bayramlinin-istefa-erizesi-qebul-olunub\/#breadcrumb"},"inLanguage":"az","potentialAction":[{"@type":"ReadAction","target":["https:\/\/www.meydan.tv\/az\/article\/ramin-bayramlinin-istefa-erizesi-qebul-olunub\/"]}]},{"@type":"ImageObject","inLanguage":"az","@id":"https:\/\/www.meydan.tv\/az\/article\/ramin-bayramlinin-istefa-erizesi-qebul-olunub\/#primaryimage","url":"https:\/\/www.meydan.tv\/wp-content\/uploads\/v__qar_qurbanov-foto-scaled.jpg","contentUrl":"https:\/\/www.meydan.tv\/wp-content\/uploads\/v__qar_qurbanov-foto-scaled.jpg","width":2560,"height":1751,"caption":"Source: Specify Source"},{"@type":"BreadcrumbList","@id":"https:\/\/www.meydan.tv\/az\/article\/ramin-bayramlinin-istefa-erizesi-qebul-olunub\/#breadcrumb","itemListElement":[{"@type":"ListItem","position":1,"name":"Ana s\u0259hif\u0259","item":"https:\/\/www.meydan.tv\/az\/"},{"@type":"ListItem","position":2,"name":"Sa\u011fl\u0131q","item":"https:\/\/www.meydan.tv\/az\/section\/sagliq\/"},{"@type":"ListItem","position":3,"name":"Ramin Bayraml\u0131n\u0131n istefa \u0259riz\u0259si q\u0259bul olunub"}]},{"@type":"WebSite","@id":"https:\/\/www.meydan.tv\/az\/#website","url":"https:\/\/www.meydan.tv\/az\/","name":"MEYDAN.TV","description":"Meydan TV Az\u0259rbaycan\u0131n media m\u0259kan\u0131ndak\u0131 alternativ s\u0259sidir","publisher":{"@id":"https:\/\/www.meydan.tv\/az\/#organization"},"potentialAction":[{"@type":"SearchAction","target":{"@type":"EntryPoint","urlTemplate":"https:\/\/www.meydan.tv\/az\/?s={search_term_string}"},"query-input":{"@type":"PropertyValueSpecification","valueRequired":true,"valueName":"search_term_string"}}],"inLanguage":"az"},{"@type":"Organization","@id":"https:\/\/www.meydan.tv\/az\/#organization","name":"Meydan TV","url":"https:\/\/www.meydan.tv\/az\/","logo":{"@type":"ImageObject","inLanguage":"az","@id":"https:\/\/www.meydan.tv\/az\/#\/schema\/logo\/image\/","url":"https:\/\/www.meydan.tv\/wp-content\/uploads\/2021\/07\/meydan-logo.svg","contentUrl":"https:\/\/www.meydan.tv\/wp-content\/uploads\/2021\/07\/meydan-logo.svg","width":195,"height":46,"caption":"Meydan TV"},"image":{"@id":"https:\/\/www.meydan.tv\/az\/#\/schema\/logo\/image\/"}},{"@type":"Person","@id":"https:\/\/www.meydan.tv\/az\/#\/schema\/person\/10d11eccf6da3662cf5fdab9806ea91a","name":"user-manager"}]}},"_links":{"self":[{"href":"https:\/\/www.meydan.tv\/az\/wp-json\/wp\/v2\/posts\/212815","targetHints":{"allow":["GET"]}}],"collection":[{"href":"https:\/\/www.meydan.tv\/az\/wp-json\/wp\/v2\/posts"}],"about":[{"href":"https:\/\/www.meydan.tv\/az\/wp-json\/wp\/v2\/types\/post"}],"author":[{"embeddable":true,"href":"https:\/\/www.meydan.tv\/az\/wp-json\/wp\/v2\/users\/11"}],"replies":[{"embeddable":true,"href":"https:\/\/www.meydan.tv\/az\/wp-json\/wp\/v2\/comments?post=212815"}],"version-history":[{"count":0,"href":"https:\/\/www.meydan.tv\/az\/wp-json\/wp\/v2\/posts\/212815\/revisions"}],"wp:featuredmedia":[{"embeddable":true,"href":"https:\/\/www.meydan.tv\/az\/wp-json\/wp\/v2\/media\/209989"}],"wp:attachment":[{"href":"https:\/\/www.meydan.tv\/az\/wp-json\/wp\/v2\/media?parent=212815"}],"wp:term":[{"taxonomy":"category","embeddable":true,"href":"https:\/\/www.meydan.tv\/az\/wp-json\/wp\/v2\/categories?post=212815"},{"taxonomy":"post_tag","embeddable":true,"href":"https:\/\/www.meydan.tv\/az\/wp-json\/wp\/v2\/tags?post=212815"}],"curies":[{"name":"wp","href":"https:\/\/api.w.org\/{rel}","templated":true}]}}