{"id":212807,"date":"2021-09-12T09:13:45","date_gmt":"2021-09-12T09:13:45","guid":{"rendered":"https:\/\/www.meydan.tv\/article\/ramin-bayramli-istefa-verdiyini-yazib\/"},"modified":"2021-09-12T09:13:45","modified_gmt":"2021-09-12T09:13:45","slug":"ramin-bayramli-istefa-verdiyini-yazib","status":"publish","type":"post","link":"https:\/\/www.meydan.tv\/az\/article\/ramin-bayramli-istefa-verdiyini-yazib\/","title":{"rendered":"Ramin Bayraml\u0131 istefa verdiyini yaz\u0131b"},"content":{"rendered":"<p>\n  <i><br \/>\n    T\u018fB\u0130B-d\u0259 v\u0259 \u0130cbari Tibbi S\u0131\u011forta Agentliyind\u0259 audit yoxlamalar\u0131 apar\u0131ld\u0131\u011f\u0131 haqda m\u0259lumatlar var<br \/>\n  <\/i>\n<\/p>\n<p>\n  Tibbi \u018frazi B\u00f6lm\u0259l\u0259rini \u0130dar\u0259etm\u0259 Birliyinin ( T\u018fB\u0130B) \u0130dar\u0259 Hey\u0259tinin s\u0259dri Ramin Bayraml\u0131 v\u0259zif\u0259sind\u0259n istefa verdiyini deyir.\n<\/p>\n<p>\n  Bu bar\u0259d\u0259 Ramin Bayraml\u0131 \u201cTwitter\u201d s\u0259hif\u0259sind\u0259 yaz\u0131b:\n<\/p>\n<p>\n  &quot;Art\u0131q T\u018fB\u0130B-in \u0130dar\u0259 Hey\u0259tinin s\u0259dri v\u0259zif\u0259sind\u0259n ayr\u0131lma\u011f\u0131m \u00fc\u00e7\u00fcn \u0259riz\u0259 il\u0259 m\u00fcraci\u0259t etmi\u015f\u0259m&quot;.\n<\/p>\n<p>\n  Ramin Bayraml\u0131 daha sonra bildirib:\n<\/p>\n<p>\n  \u201c\u0130st\u0259r 44 g\u00fcnl\u00fck haqq sava\u015f\u0131m\u0131zda, ist\u0259rs\u0259 d\u0259 \u00fcmumb\u0259\u015f\u0259ri b\u0259la say\u0131lan COV\u0130D-19 virusu il\u0259 m\u00fcbariz\u0259d\u0259 \u00e7iyin-\u00e7iyin\u0259 \u00e7al\u0131\u015fd\u0131\u011f\u0131m\u0131z d\u0259y\u0259rli m\u0259sl\u0259kda\u015flar\u0131ma \u00f6z t\u0259\u015f\u0259kk\u00fcr\u00fcm\u00fc bildirir\u0259m, bu yolda canlar\u0131n\u0131 qurban vermi\u015f h\u0259kiml\u0259rimizin ruhu qar\u015f\u0131s\u0131nda ba\u015f \u0259yir\u0259m. Bundan sonra da V\u0259t\u0259nim\u0259 v\u0259 xalq\u0131ma xidm\u0259tini davam etdir\u0259c\u0259y\u0259m\u201d.\n<\/p>\n<p>\n  Az\u0259rbaycan Tibb Universitetinin dosenti, tibb \u00fczr\u0259 f\u0259ls\u0259f\u0259 doktoru Ramin Bayraml\u0131 2019-cu ilin dekabr\u0131nda bu v\u0259zif\u0259y\u0259 t\u0259yin olunub. \u00d6t\u0259n m\u00fcdd\u0259t \u0259rzind\u0259 Ramin Bayraml\u0131 il\u0259 ba\u011fl\u0131 mediada t\u0259nqidi materiallar yer al\u0131b. Meydan TV Ramin Bayraml\u0131ya m\u0259xsus oldu\u011fu deyil\u0259n laboratoriyalarla ba\u011fl\u0131<br \/>\n  <a href=\"https:\/\/www.meydan.tv\/az\/article\/tebib-sedri-ramin-bayramliya-aid-klinika-covid-19-testleri-edir-arasdirma\/?ref=list-investigations\"><br \/>\n    ara\u015fd\u0131rma<br \/>\n  <\/a><br \/>\n  edib. Bundan ba\u015fqa, pandemiya d\u00f6vr\u00fcnd\u0259 shiyy\u0259nin v\u0259ziyy\u0259tini \u0259ks etdir\u0259n<br \/>\n  <a href=\"https:\/\/www.meydan.tv\/az\/article\/tebib-azerbaycan-sehiyyesini-sagalda-bildimi\/?ref=list-investigations\"><br \/>\n    videomaterial<br \/>\n  <\/a><br \/>\n  haz\u0131rlay\u0131b.\n<\/p>\n<p>\n  Bu il avqustun \u0259vv\u0259lind\u0259 sosial \u015f\u0259b\u0259k\u0259l\u0259rd\u0259 Ramin Bayraml\u0131n\u0131n Badamdar \u0259razisind\u0259n sotu 70 min manata torpaq sah\u0259si al\u0131b villa tikdirdiyi haqda m\u0259lumatlar yay\u0131l\u0131b. Bu m\u0259s\u0259l\u0259 m\u00fczakir\u0259y\u0259 s\u0259b\u0259b olsa da, T\u018fB\u0130B r\u0259hb\u0259ri he\u00e7 bir a\u00e7\u0131qlama verm\u0259yib, villan\u0131n ona m\u0259xsus oldu\u011funu t\u0259kzib etm\u0259yib.\n<\/p>\n<p>\n  S\u0259hiyy\u0259 Nazirliyinin ad\u0131n\u0131n a\u00e7\u0131qlanmas\u0131n\u0131 ist\u0259m\u0259y\u0259n v\u0259zif\u0259li \u015f\u0259xsinin Meydan TV-y\u0259 verdiyi m\u0259lumata g\u00f6r\u0259, T\u018fB\u0130B \u0130cbari Tibbi S\u0131\u011forta Agentliyind\u0259n (\u0130TS) al\u0131naraq S\u0259hiyy\u0259 Nazirliyinin tabeliyin\u0259 veril\u0259c\u0259k. S\u0259hiyy\u0259 Nazirliyi yaln\u0131z m\u00fcalic\u0259 i\u015fl\u0259rin\u0259, \u0130TS is\u0259 s\u0131\u011fortaya n\u0259zar\u0259t ed\u0259c\u0259k. T\u018fB\u0130B-d\u0259 v\u0259 \u0130TS-d\u0259 b\u00fcdc\u0259 x\u0259rcl\u0259rinin idar\u0259 olunmas\u0131 il\u0259 ba\u011fl\u0131 yoxlamalar\u0131n ba\u015fland\u0131\u011f\u0131 bildirilir.\n<\/p>\n<p>\n  T\u018fB\u0130B-d\u0259n m\u0259s\u0259l\u0259y\u0259 m\u00fcnasib\u0259t bildirilm\u0259yib, Meydan TV-nin bu qurumdak\u0131 m\u0259nb\u0259si is\u0259 i\u015f\u00e7il\u0259rin bir ne\u00e7\u0259sinin istefa verdiyini deyir.\n<\/p>\n<p>\n  \u201cBin\u0259q\u0259di Rayon \u0130cra Hakimiyy\u0259tind\u0259 i\u015fl\u0259y\u0259n bir ne\u00e7\u0259 n\u0259f\u0259r is\u0259 T\u018fB\u0130B-\u0259 g\u0259lib. Onlardan biri departament r\u0259hb\u0259ri t\u0259yin olunub. Niy\u0259 ancaq Bin\u0259q\u0259did\u0259n i\u015f\u00e7i g\u00f6t\u00fcr\u00fcl\u00fcr, anlam\u0131r\u0131q\u201d, &#8211; dey\u0259 m\u0259nb\u0259 bildirib.\n<\/p>\n<p>\n  M\u0259nb\u0259 onu da deyir ki, \u201cYeni Klinika\u201dn\u0131n ba\u015f h\u0259kimi P\u0259rviz Abbasovun h\u0259bsind\u0259 d\u0259 Ramin Bayraml\u0131n\u0131n rolu oldu\u011fu haqda s\u00f6hb\u0259tl\u0259r var:\n<\/p>\n<p>\n  \u201cRamin Bayraml\u0131n\u0131n g\u00f6st\u0259ri\u015fi olmadan Yeni Klinikaya x\u0259st\u0259 q\u0259bul olunmurdu. P\u0259rviz Abbasovun t\u0259l\u0259b\u0259l\u0259ri d\u0259 onun azad olunmas\u0131 \u00fc\u00e7\u00fcn \u00f6lk\u0259 r\u0259hb\u0259rliyin\u0259 m\u00fcraci\u0259tl\u0259r edib. Bunlar da Ramin Bayraml\u0131n\u0131n \u0259leyhin\u0259 olan m\u0259s\u0259l\u0259l\u0259rdir. Bildiyim\u0259 g\u00f6r\u0259, o, istefa verm\u0259y\u0259 m\u0259cbur edilib\u201d.\n<\/p>\n<p>\n  Ramin Bayraml\u0131 1979-cu ild\u0259 Erm\u0259nistan SSR\u0130-nin G\u00f6y\u00e7\u0259 mahal\u0131n\u0131n Toxluca k\u0259ndind\u0259 do\u011fulub. 1996-c\u0131 ild\u0259 \u015e\u0259mkir rayonunun \u00c7\u0259nlibel k\u0259nd 1 sayl\u0131 orta m\u0259kt\u0259bini bitirib, h\u0259min il d\u0259 Az\u0259rbaycan Tibb Universitetinin tibbi profilaktika fak\u00fclt\u0259sin\u0259 daxil olub. O, 2007\u20132008-ci ill\u0259rd\u0259 \u0130stanbul Universitetind\u0259, 2010-cu il Kocaeli Universitetind\u0259 elmi t\u0259dqiqatlar apar\u0131b, 2009-cu ild\u0259 19 May\u0131s Universitetind\u0259 Tibbi Laboratoriyalar\u0131n \u0130dar\u0259 olunmas\u0131 kursunu bitirib.\n<\/p>\n<p>\n  2018-ci ilin dekbar\u0131nda Prezidentin f\u0259rman\u0131 il\u0259 &quot;Tibbi \u018frazi B\u00f6lm\u0259l\u0259rini \u0130dar\u0259etm\u0259 Birliyi&quot; publik h\u00fcquqi \u015f\u0259xs (T\u018fB\u0130B) yarad\u0131l\u0131b.\n<\/p>\n<p>\n  F\u0259rman\u0131n icras\u0131 m\u0259qs\u0259dil\u0259 Nazirl\u0259r Kabineti T\u018fB\u0130B-in tabeliyind\u0259ki tibb m\u00fc\u0259ssis\u0259l\u0259rinin siyah\u0131s\u0131n\u0131n t\u0259sdiq edilm\u0259si bar\u0259d\u0259 q\u0259rar q\u0259bul edib. T\u018fB\u0130B-in \u0259sas v\u0259zif\u0259si icbari tibbi s\u0131\u011fortan\u0131n t\u0259tbiqi il\u0259 \u0259laq\u0259dar tibb m\u00fc\u0259ssis\u0259l\u0259rinin idar\u0259edilm\u0259sini v\u0259 bu sah\u0259d\u0259 n\u0259zar\u0259ti h\u0259yata ke\u00e7irm\u0259kdir.<\/p>\n","protected":false},"excerpt":{"rendered":"<p>Bu il avqustun \u0259vv\u0259lind\u0259 sosial \u015f\u0259b\u0259k\u0259l\u0259rd\u0259 Ramin Bayraml\u0131n\u0131n Badamdar \u0259razisind\u0259n sotu 70 min manata torpaq sah\u0259si al\u0131b villa tikdirdiyi haqda m\u0259lumatlar yay\u0131l\u0131b.<\/p>\n","protected":false},"author":11,"featured_media":140906,"comment_status":"closed","ping_status":"open","sticky":false,"template":"","format":"standard","meta":{"_acf_changed":false,"_sitemap_exclude":false,"_sitemap_priority":"","_sitemap_frequency":"","footnotes":""},"categories":[59],"tags":[],"class_list":["post-212807","post","type-post","status-publish","format-standard","has-post-thumbnail","hentry","category-siyaset","infinite-scroll-item","generate-columns","tablet-grid-50","mobile-grid-100","grid-parent","grid-33","no-featured-image-padding"],"acf":[],"yoast_head":"<!-- This site is optimized with the Yoast SEO plugin v27.4 - https:\/\/yoast.com\/product\/yoast-seo-wordpress\/ -->\n<title>Ramin Bayraml\u0131 istefa verdiyini yaz\u0131b - MEYDAN.TV<\/title>\n<meta name=\"robots\" content=\"index, follow, max-snippet:-1, max-image-preview:large, max-video-preview:-1\" \/>\n<link rel=\"canonical\" href=\"https:\/\/www.meydan.tv\/az\/article\/ramin-bayramli-istefa-verdiyini-yazib\/\" \/>\n<meta property=\"og:locale\" content=\"az_AZ\" \/>\n<meta property=\"og:type\" content=\"article\" \/>\n<meta property=\"og:title\" content=\"Ramin Bayraml\u0131 istefa verdiyini yaz\u0131b - MEYDAN.TV\" \/>\n<meta property=\"og:description\" content=\"Bu il avqustun \u0259vv\u0259lind\u0259 sosial \u015f\u0259b\u0259k\u0259l\u0259rd\u0259 Ramin Bayraml\u0131n\u0131n Badamdar \u0259razisind\u0259n sotu 70 min manata torpaq sah\u0259si al\u0131b villa tikdirdiyi haqda m\u0259lumatlar yay\u0131l\u0131b.\" \/>\n<meta property=\"og:url\" content=\"https:\/\/www.meydan.tv\/az\/article\/ramin-bayramli-istefa-verdiyini-yazib\/\" \/>\n<meta property=\"og:site_name\" content=\"MEYDAN.TV\" \/>\n<meta property=\"article:published_time\" content=\"2021-09-12T09:13:45+00:00\" \/>\n<meta property=\"og:image\" content=\"https:\/\/www.meydan.tv\/wp-content\/uploads\/w_1615877438784419047993_1000x669.jpg\" \/>\n\t<meta property=\"og:image:width\" content=\"1000\" \/>\n\t<meta property=\"og:image:height\" content=\"666\" \/>\n\t<meta property=\"og:image:type\" content=\"image\/jpeg\" \/>\n<meta name=\"author\" content=\"user-manager\" \/>\n<meta name=\"twitter:card\" content=\"summary_large_image\" \/>\n<script type=\"application\/ld+json\" class=\"yoast-schema-graph\">{\"@context\":\"https:\\\/\\\/schema.org\",\"@graph\":[{\"@type\":\"Article\",\"@id\":\"https:\\\/\\\/www.meydan.tv\\\/az\\\/article\\\/ramin-bayramli-istefa-verdiyini-yazib\\\/#article\",\"isPartOf\":{\"@id\":\"https:\\\/\\\/www.meydan.tv\\\/az\\\/article\\\/ramin-bayramli-istefa-verdiyini-yazib\\\/\"},\"author\":{\"name\":\"user-manager\",\"@id\":\"https:\\\/\\\/www.meydan.tv\\\/az\\\/#\\\/schema\\\/person\\\/10d11eccf6da3662cf5fdab9806ea91a\"},\"headline\":\"Ramin Bayraml\u0131 istefa verdiyini yaz\u0131b\",\"datePublished\":\"2021-09-12T09:13:45+00:00\",\"mainEntityOfPage\":{\"@id\":\"https:\\\/\\\/www.meydan.tv\\\/az\\\/article\\\/ramin-bayramli-istefa-verdiyini-yazib\\\/\"},\"wordCount\":749,\"publisher\":{\"@id\":\"https:\\\/\\\/www.meydan.tv\\\/az\\\/#organization\"},\"image\":{\"@id\":\"https:\\\/\\\/www.meydan.tv\\\/az\\\/article\\\/ramin-bayramli-istefa-verdiyini-yazib\\\/#primaryimage\"},\"thumbnailUrl\":\"https:\\\/\\\/www.meydan.tv\\\/wp-content\\\/uploads\\\/w_1615877438784419047993_1000x669.jpg\",\"articleSection\":[\"Siyas\u0259t\"],\"inLanguage\":\"az\"},{\"@type\":\"WebPage\",\"@id\":\"https:\\\/\\\/www.meydan.tv\\\/az\\\/article\\\/ramin-bayramli-istefa-verdiyini-yazib\\\/\",\"url\":\"https:\\\/\\\/www.meydan.tv\\\/az\\\/article\\\/ramin-bayramli-istefa-verdiyini-yazib\\\/\",\"name\":\"Ramin Bayraml\u0131 istefa verdiyini yaz\u0131b - MEYDAN.TV\",\"isPartOf\":{\"@id\":\"https:\\\/\\\/www.meydan.tv\\\/az\\\/#website\"},\"primaryImageOfPage\":{\"@id\":\"https:\\\/\\\/www.meydan.tv\\\/az\\\/article\\\/ramin-bayramli-istefa-verdiyini-yazib\\\/#primaryimage\"},\"image\":{\"@id\":\"https:\\\/\\\/www.meydan.tv\\\/az\\\/article\\\/ramin-bayramli-istefa-verdiyini-yazib\\\/#primaryimage\"},\"thumbnailUrl\":\"https:\\\/\\\/www.meydan.tv\\\/wp-content\\\/uploads\\\/w_1615877438784419047993_1000x669.jpg\",\"datePublished\":\"2021-09-12T09:13:45+00:00\",\"breadcrumb\":{\"@id\":\"https:\\\/\\\/www.meydan.tv\\\/az\\\/article\\\/ramin-bayramli-istefa-verdiyini-yazib\\\/#breadcrumb\"},\"inLanguage\":\"az\",\"potentialAction\":[{\"@type\":\"ReadAction\",\"target\":[\"https:\\\/\\\/www.meydan.tv\\\/az\\\/article\\\/ramin-bayramli-istefa-verdiyini-yazib\\\/\"]}]},{\"@type\":\"ImageObject\",\"inLanguage\":\"az\",\"@id\":\"https:\\\/\\\/www.meydan.tv\\\/az\\\/article\\\/ramin-bayramli-istefa-verdiyini-yazib\\\/#primaryimage\",\"url\":\"https:\\\/\\\/www.meydan.tv\\\/wp-content\\\/uploads\\\/w_1615877438784419047993_1000x669.jpg\",\"contentUrl\":\"https:\\\/\\\/www.meydan.tv\\\/wp-content\\\/uploads\\\/w_1615877438784419047993_1000x669.jpg\",\"width\":1000,\"height\":666,\"caption\":\"Source: Foto: Az\u0259rtac\"},{\"@type\":\"BreadcrumbList\",\"@id\":\"https:\\\/\\\/www.meydan.tv\\\/az\\\/article\\\/ramin-bayramli-istefa-verdiyini-yazib\\\/#breadcrumb\",\"itemListElement\":[{\"@type\":\"ListItem\",\"position\":1,\"name\":\"Ana s\u0259hif\u0259\",\"item\":\"https:\\\/\\\/www.meydan.tv\\\/az\\\/\"},{\"@type\":\"ListItem\",\"position\":2,\"name\":\"Siyas\u0259t\",\"item\":\"https:\\\/\\\/www.meydan.tv\\\/az\\\/section\\\/siyaset\\\/\"},{\"@type\":\"ListItem\",\"position\":3,\"name\":\"Ramin Bayraml\u0131 istefa verdiyini yaz\u0131b\"}]},{\"@type\":\"WebSite\",\"@id\":\"https:\\\/\\\/www.meydan.tv\\\/az\\\/#website\",\"url\":\"https:\\\/\\\/www.meydan.tv\\\/az\\\/\",\"name\":\"MEYDAN.TV\",\"description\":\"Meydan TV Az\u0259rbaycan\u0131n media m\u0259kan\u0131ndak\u0131 alternativ s\u0259sidir\",\"publisher\":{\"@id\":\"https:\\\/\\\/www.meydan.tv\\\/az\\\/#organization\"},\"potentialAction\":[{\"@type\":\"SearchAction\",\"target\":{\"@type\":\"EntryPoint\",\"urlTemplate\":\"https:\\\/\\\/www.meydan.tv\\\/az\\\/?s={search_term_string}\"},\"query-input\":{\"@type\":\"PropertyValueSpecification\",\"valueRequired\":true,\"valueName\":\"search_term_string\"}}],\"inLanguage\":\"az\"},{\"@type\":\"Organization\",\"@id\":\"https:\\\/\\\/www.meydan.tv\\\/az\\\/#organization\",\"name\":\"Meydan TV\",\"url\":\"https:\\\/\\\/www.meydan.tv\\\/az\\\/\",\"logo\":{\"@type\":\"ImageObject\",\"inLanguage\":\"az\",\"@id\":\"https:\\\/\\\/www.meydan.tv\\\/az\\\/#\\\/schema\\\/logo\\\/image\\\/\",\"url\":\"https:\\\/\\\/www.meydan.tv\\\/wp-content\\\/uploads\\\/2021\\\/07\\\/meydan-logo.svg\",\"contentUrl\":\"https:\\\/\\\/www.meydan.tv\\\/wp-content\\\/uploads\\\/2021\\\/07\\\/meydan-logo.svg\",\"width\":195,\"height\":46,\"caption\":\"Meydan TV\"},\"image\":{\"@id\":\"https:\\\/\\\/www.meydan.tv\\\/az\\\/#\\\/schema\\\/logo\\\/image\\\/\"}},{\"@type\":\"Person\",\"@id\":\"https:\\\/\\\/www.meydan.tv\\\/az\\\/#\\\/schema\\\/person\\\/10d11eccf6da3662cf5fdab9806ea91a\",\"name\":\"user-manager\"}]}<\/script>\n<!-- \/ Yoast SEO plugin. -->","yoast_head_json":{"title":"Ramin Bayraml\u0131 istefa verdiyini yaz\u0131b - MEYDAN.TV","robots":{"index":"index","follow":"follow","max-snippet":"max-snippet:-1","max-image-preview":"max-image-preview:large","max-video-preview":"max-video-preview:-1"},"canonical":"https:\/\/www.meydan.tv\/az\/article\/ramin-bayramli-istefa-verdiyini-yazib\/","og_locale":"az_AZ","og_type":"article","og_title":"Ramin Bayraml\u0131 istefa verdiyini yaz\u0131b - MEYDAN.TV","og_description":"Bu il avqustun \u0259vv\u0259lind\u0259 sosial \u015f\u0259b\u0259k\u0259l\u0259rd\u0259 Ramin Bayraml\u0131n\u0131n Badamdar \u0259razisind\u0259n sotu 70 min manata torpaq sah\u0259si al\u0131b villa tikdirdiyi haqda m\u0259lumatlar yay\u0131l\u0131b.","og_url":"https:\/\/www.meydan.tv\/az\/article\/ramin-bayramli-istefa-verdiyini-yazib\/","og_site_name":"MEYDAN.TV","article_published_time":"2021-09-12T09:13:45+00:00","og_image":[{"width":1000,"height":666,"url":"https:\/\/www.meydan.tv\/wp-content\/uploads\/w_1615877438784419047993_1000x669.jpg","type":"image\/jpeg"}],"author":"user-manager","twitter_card":"summary_large_image","schema":{"@context":"https:\/\/schema.org","@graph":[{"@type":"Article","@id":"https:\/\/www.meydan.tv\/az\/article\/ramin-bayramli-istefa-verdiyini-yazib\/#article","isPartOf":{"@id":"https:\/\/www.meydan.tv\/az\/article\/ramin-bayramli-istefa-verdiyini-yazib\/"},"author":{"name":"user-manager","@id":"https:\/\/www.meydan.tv\/az\/#\/schema\/person\/10d11eccf6da3662cf5fdab9806ea91a"},"headline":"Ramin Bayraml\u0131 istefa verdiyini yaz\u0131b","datePublished":"2021-09-12T09:13:45+00:00","mainEntityOfPage":{"@id":"https:\/\/www.meydan.tv\/az\/article\/ramin-bayramli-istefa-verdiyini-yazib\/"},"wordCount":749,"publisher":{"@id":"https:\/\/www.meydan.tv\/az\/#organization"},"image":{"@id":"https:\/\/www.meydan.tv\/az\/article\/ramin-bayramli-istefa-verdiyini-yazib\/#primaryimage"},"thumbnailUrl":"https:\/\/www.meydan.tv\/wp-content\/uploads\/w_1615877438784419047993_1000x669.jpg","articleSection":["Siyas\u0259t"],"inLanguage":"az"},{"@type":"WebPage","@id":"https:\/\/www.meydan.tv\/az\/article\/ramin-bayramli-istefa-verdiyini-yazib\/","url":"https:\/\/www.meydan.tv\/az\/article\/ramin-bayramli-istefa-verdiyini-yazib\/","name":"Ramin Bayraml\u0131 istefa verdiyini yaz\u0131b - MEYDAN.TV","isPartOf":{"@id":"https:\/\/www.meydan.tv\/az\/#website"},"primaryImageOfPage":{"@id":"https:\/\/www.meydan.tv\/az\/article\/ramin-bayramli-istefa-verdiyini-yazib\/#primaryimage"},"image":{"@id":"https:\/\/www.meydan.tv\/az\/article\/ramin-bayramli-istefa-verdiyini-yazib\/#primaryimage"},"thumbnailUrl":"https:\/\/www.meydan.tv\/wp-content\/uploads\/w_1615877438784419047993_1000x669.jpg","datePublished":"2021-09-12T09:13:45+00:00","breadcrumb":{"@id":"https:\/\/www.meydan.tv\/az\/article\/ramin-bayramli-istefa-verdiyini-yazib\/#breadcrumb"},"inLanguage":"az","potentialAction":[{"@type":"ReadAction","target":["https:\/\/www.meydan.tv\/az\/article\/ramin-bayramli-istefa-verdiyini-yazib\/"]}]},{"@type":"ImageObject","inLanguage":"az","@id":"https:\/\/www.meydan.tv\/az\/article\/ramin-bayramli-istefa-verdiyini-yazib\/#primaryimage","url":"https:\/\/www.meydan.tv\/wp-content\/uploads\/w_1615877438784419047993_1000x669.jpg","contentUrl":"https:\/\/www.meydan.tv\/wp-content\/uploads\/w_1615877438784419047993_1000x669.jpg","width":1000,"height":666,"caption":"Source: Foto: Az\u0259rtac"},{"@type":"BreadcrumbList","@id":"https:\/\/www.meydan.tv\/az\/article\/ramin-bayramli-istefa-verdiyini-yazib\/#breadcrumb","itemListElement":[{"@type":"ListItem","position":1,"name":"Ana s\u0259hif\u0259","item":"https:\/\/www.meydan.tv\/az\/"},{"@type":"ListItem","position":2,"name":"Siyas\u0259t","item":"https:\/\/www.meydan.tv\/az\/section\/siyaset\/"},{"@type":"ListItem","position":3,"name":"Ramin Bayraml\u0131 istefa verdiyini yaz\u0131b"}]},{"@type":"WebSite","@id":"https:\/\/www.meydan.tv\/az\/#website","url":"https:\/\/www.meydan.tv\/az\/","name":"MEYDAN.TV","description":"Meydan TV Az\u0259rbaycan\u0131n media m\u0259kan\u0131ndak\u0131 alternativ s\u0259sidir","publisher":{"@id":"https:\/\/www.meydan.tv\/az\/#organization"},"potentialAction":[{"@type":"SearchAction","target":{"@type":"EntryPoint","urlTemplate":"https:\/\/www.meydan.tv\/az\/?s={search_term_string}"},"query-input":{"@type":"PropertyValueSpecification","valueRequired":true,"valueName":"search_term_string"}}],"inLanguage":"az"},{"@type":"Organization","@id":"https:\/\/www.meydan.tv\/az\/#organization","name":"Meydan TV","url":"https:\/\/www.meydan.tv\/az\/","logo":{"@type":"ImageObject","inLanguage":"az","@id":"https:\/\/www.meydan.tv\/az\/#\/schema\/logo\/image\/","url":"https:\/\/www.meydan.tv\/wp-content\/uploads\/2021\/07\/meydan-logo.svg","contentUrl":"https:\/\/www.meydan.tv\/wp-content\/uploads\/2021\/07\/meydan-logo.svg","width":195,"height":46,"caption":"Meydan TV"},"image":{"@id":"https:\/\/www.meydan.tv\/az\/#\/schema\/logo\/image\/"}},{"@type":"Person","@id":"https:\/\/www.meydan.tv\/az\/#\/schema\/person\/10d11eccf6da3662cf5fdab9806ea91a","name":"user-manager"}]}},"_links":{"self":[{"href":"https:\/\/www.meydan.tv\/az\/wp-json\/wp\/v2\/posts\/212807","targetHints":{"allow":["GET"]}}],"collection":[{"href":"https:\/\/www.meydan.tv\/az\/wp-json\/wp\/v2\/posts"}],"about":[{"href":"https:\/\/www.meydan.tv\/az\/wp-json\/wp\/v2\/types\/post"}],"author":[{"embeddable":true,"href":"https:\/\/www.meydan.tv\/az\/wp-json\/wp\/v2\/users\/11"}],"replies":[{"embeddable":true,"href":"https:\/\/www.meydan.tv\/az\/wp-json\/wp\/v2\/comments?post=212807"}],"version-history":[{"count":0,"href":"https:\/\/www.meydan.tv\/az\/wp-json\/wp\/v2\/posts\/212807\/revisions"}],"wp:featuredmedia":[{"embeddable":true,"href":"https:\/\/www.meydan.tv\/az\/wp-json\/wp\/v2\/media\/140906"}],"wp:attachment":[{"href":"https:\/\/www.meydan.tv\/az\/wp-json\/wp\/v2\/media?parent=212807"}],"wp:term":[{"taxonomy":"category","embeddable":true,"href":"https:\/\/www.meydan.tv\/az\/wp-json\/wp\/v2\/categories?post=212807"},{"taxonomy":"post_tag","embeddable":true,"href":"https:\/\/www.meydan.tv\/az\/wp-json\/wp\/v2\/tags?post=212807"}],"curies":[{"name":"wp","href":"https:\/\/api.w.org\/{rel}","templated":true}]}}