{"id":212799,"date":"2021-09-10T14:26:33","date_gmt":"2021-09-10T14:26:33","guid":{"rendered":"https:\/\/www.meydan.tv\/article\/sugra-ve-ogullari-filmi-dunya-premyerasina-hazirlasir\/"},"modified":"2021-09-10T14:26:33","modified_gmt":"2021-09-10T14:26:33","slug":"sugra-ve-ogullari-filmi-dunya-premyerasina-hazirlasir","status":"publish","type":"post","link":"https:\/\/www.meydan.tv\/az\/article\/sugra-ve-ogullari-filmi-dunya-premyerasina-hazirlasir\/","title":{"rendered":"\u201cSu\u011fra v\u0259 o\u011fullar\u0131\u201d filmi d\u00fcnya premyeras\u0131na haz\u0131rla\u015f\u0131r"},"content":{"rendered":"<p>\n  <i><br \/>\n    Filmin \u0259ks\u0259r \u00e7\u0259kili\u015fl\u0259ri Da\u015fk\u0259s\u0259n rayonunun Suqovu\u015fan k\u0259ndind\u0259 apar\u0131l\u0131b<br \/>\n  <\/i>\n<\/p>\n<p>\n  Bak\u0131 Media M\u0259rk\u0259zi, \u201cButafilm\u201d, \u201cArizona Productions\u201d (Fransa) v\u0259 \u201cSalarfilm\u201din (Almaniya) birg\u0259 istehsal\u0131 olan \u201cSu\u011fra v\u0259 o\u011fullar\u0131\u201d b\u0259dii filmi A kateqoriyal\u0131 Busan Beyn\u0259lxalq Film Festival\u0131n\u0131n m\u00fcsabiq\u0259 b\u00f6lm\u0259sin\u0259 se\u00e7ilib. Kinorejissor \u0130lqar N\u0259c\u0259fin \u201cSu\u011fra v\u0259 o\u011fullar\u0131\u201d filmi Festival\u0131n \u201cKim Jiseok\u201d ad\u0131na m\u00fckafat\u0131 u\u011frunda yar\u0131\u015facaq.\n<\/p>\n<p>\n  \u201cAz\u0259rbaycanfilm\u201d kinostudiyas\u0131n\u0131n m\u0259tbuat xidm\u0259tind\u0259n veril\u0259n m\u0259lumata g\u00f6r\u0259, filmd\u0259 \u0130kinci D\u00fcnya M\u00fcharib\u0259si d\u00f6vr\u00fc Az\u0259rbaycanda, arxa c\u0259bh\u0259d\u0259, k\u0259ndd\u0259 ya\u015fayan insanlar\u0131n taleyind\u0259n b\u0259hs olunur. Filmin \u0259ks\u0259r \u00e7\u0259kili\u015fl\u0259ri Da\u015fk\u0259s\u0259n rayonunun Suqovu\u015fan k\u0259ndind\u0259 apar\u0131l\u0131b. Ssenari m\u00fc\u0259llifl\u0259rind\u0259n biri v\u0259 rejissoru \u0130lqar N\u0259c\u0259f olan \u201cSu\u011fra v\u0259 o\u011fullar\u0131\u201d filminin yarad\u0131c\u0131 hey\u0259ti aras\u0131nda avropal\u0131 m\u00fct\u0259x\u0259ssisl\u0259r d\u0259 yer al\u0131b.\n<\/p>\n<p>\n  Filmin ba\u015f prod\u00fcseri \u0130lqar N\u0259c\u0259f, prod\u00fcserl\u0259ri Orman \u018fliyev v\u0259 Ayhan Salar, rejissoru \u0130lqar N\u0259c\u0259f, ssenari m\u00fc\u0259llifl\u0259ri Asif R\u00fcst\u0259mov, Roelof Jan Minneboo v\u0259 \u0130lqar N\u0259c\u0259fdir. Filmin t\u0259svir rejissoru Ayhan Salard\u0131r.\n<\/p>\n<figure class=\"wp-block-embed is-type-video is-provider-youtube wp-block-embed-youtube wp-embed-aspect-16-9 wp-has-aspect-ratio\">\n<div class=\"wp-block-embed__wrapper\">\n    <iframe\ttitle=\"Sughra and her sons (Su\u011fra v\u0259 o\u011fullar\u0131) Trailer\" width=\"1200\" height=\"675\" data-src=\"https:\/\/www.youtube.com\/embed\/QwKKJ19oiYo\"\tframeborder=\"0\"\tallow=\"accelerometer; autoplay; clipboard-write; encrypted-media; gyroscope; picture-in-picture\" allowfullscreen src=\"data:image\/svg+xml;base64,PHN2ZyB3aWR0aD0iMSIgaGVpZ2h0PSIxIiB4bWxucz0iaHR0cDovL3d3dy53My5vcmcvMjAwMC9zdmciPjwvc3ZnPg==\" class=\"lazyload\" data-load-mode=\"1\"><\/iframe>\n  <\/div><figcaption>\n    Sughra and her sons (Su\u011fra v\u0259 o\u011fullar\u0131) Trailer<br \/>\n  <\/figcaption><\/figure>\n<p>\n  Maraql\u0131 sujet x\u0259tti olan filmd\u0259 Su\u011fra iki o\u011flu il\u0259 birg\u0259 da\u011f k\u0259ndind\u0259 ya\u015fay\u0131r. Onun \u0259ri B\u00f6y\u00fck V\u0259t\u0259n M\u00fcharib\u0259sind\u0259 d\u00f6y\u00fc\u015fl\u0259rd\u0259 i\u015ftirak edir. Su\u011fra uzun m\u00fcdd\u0259tdir \u0259rind\u0259n x\u0259b\u0259r ala bilmir, bu \u0259r\u0259f\u0259d\u0259 is\u0259 onun b\u00f6y\u00fck o\u011fluna da \u00e7a\u011f\u0131r\u0131\u015f v\u0259r\u0259qi g\u0259lir. \u018frind\u0259n sonra o\u011flunu da itir\u0259c\u0259yind\u0259n narahat olan Su\u011fra t\u0259r\u0259dd\u00fcd edir v\u0259 sonda b\u00f6y\u00fck o\u011flunu da\u011flarda gizl\u0259n\u0259n qa\u00e7aqlar\u0131n yan\u0131na g\u00f6nd\u0259rir. Bundan sonra, o, hakimiyy\u0259tin yerli n\u00fcmay\u0259nd\u0259sinin timsal\u0131nda m\u00fcharib\u0259 v\u0259 imperializmin a\u011f\u0131r \u0259ziyy\u0259tl\u0259ri il\u0259 \u00fcz-\u00fcz\u0259 qal\u0131r. Sevgi v\u0259 nifr\u0259tl\u0259 dolu h\u0259yat onu g\u00f6zl\u0259yir.\n<\/p>\n<p>\n  Filmd\u0259 Qurban \u0130smay\u0131lov, G\u00fcn\u0259\u015f Mehdizad\u0259, Xalid\u0259 Quliyeva, \u0130lqar Cahangir, Rasim C\u0259f\u0259r, Aydan H\u0259s\u0259nzad\u0259 il\u0259 yana\u015f\u0131, ilk deb\u00fct\u00fcn\u00fc ed\u0259n H\u00fcmb\u0259t \u018fhm\u0259dzad\u0259, Pa\u015fa M\u0259mm\u0259dli kimi g\u0259nc aktyorlar da \u00e7\u0259kilib.\n<\/p>\n<p>\n  G\u0259ncl\u0259r Da\u015fk\u0259s\u0259n rayonunun sakinl\u0259ridir. \u00c7\u0259kili\u015fl\u0259r zaman\u0131 bir s\u0131ra epizodlarda rayonun Suqovu\u015fan k\u0259ndinin sakinl\u0259ri d\u0259 i\u015ftirak edib. \u0130kinci d\u00fcnya m\u00fcharib\u0259si d\u00f6vr\u00fcn\u00fcn b\u00fct\u00fcn ke\u015fm\u0259ke\u015fl\u0259rini \u00f6z\u00fcnd\u0259 c\u0259ml\u0259\u015fdir\u0259n filmin bu il geni\u015f auditoriyaya t\u0259qdim olunmas\u0131 il\u0259 yana\u015f\u0131 beyn\u0259lxalq festivallarda da Az\u0259rbaycan\u0131 t\u0259msil etm\u0259si g\u00f6zl\u0259nilir.\n<\/p>\n<p>\n  26-c\u0131 Busan Beyn\u0259lxalq Film Festival\u0131 6-15 oktyabr 2021-ci il tarixl\u0259rind\u0259 Koreyan\u0131n Busan \u015f\u0259h\u0259rind\u0259 ke\u00e7iril\u0259c\u0259k. \u201cSu\u011fra v\u0259 o\u011fullar\u0131\u201d festival\u0131n \u201cKim Jiseok\u201d ad\u0131na \u0259sas m\u00fckafat\u0131 u\u011frunda yar\u0131\u015fan 7 filmd\u0259n biridir.\n<\/p>\n<p>\n  Festival zaman\u0131 filmin d\u00fcnya premyeras\u0131 ba\u015f tutacaq.<\/p>\n","protected":false},"excerpt":{"rendered":"<p>Filmin \u0259ks\u0259r \u00e7\u0259kili\u015fl\u0259ri Da\u015fk\u0259s\u0259n rayonunun Suqovu\u015fan k\u0259ndind\u0259 apar\u0131l\u0131b<\/p>\n","protected":false},"author":11,"featured_media":209941,"comment_status":"closed","ping_status":"open","sticky":false,"template":"","format":"standard","meta":{"_acf_changed":false,"_sitemap_exclude":false,"_sitemap_priority":"","_sitemap_frequency":"","footnotes":""},"categories":[52],"tags":[],"class_list":["post-212799","post","type-post","status-publish","format-standard","has-post-thumbnail","hentry","category-medeniyyet","infinite-scroll-item","generate-columns","tablet-grid-50","mobile-grid-100","grid-parent","grid-33","no-featured-image-padding"],"acf":[],"yoast_head":"<!-- This site is optimized with the Yoast SEO plugin v27.4 - https:\/\/yoast.com\/product\/yoast-seo-wordpress\/ -->\n<title>\u201cSu\u011fra v\u0259 o\u011fullar\u0131\u201d filmi d\u00fcnya premyeras\u0131na haz\u0131rla\u015f\u0131r - MEYDAN.TV<\/title>\n<meta name=\"robots\" content=\"index, follow, max-snippet:-1, max-image-preview:large, max-video-preview:-1\" \/>\n<link rel=\"canonical\" href=\"https:\/\/www.meydan.tv\/az\/article\/sugra-ve-ogullari-filmi-dunya-premyerasina-hazirlasir\/\" \/>\n<meta property=\"og:locale\" content=\"az_AZ\" \/>\n<meta property=\"og:type\" content=\"article\" \/>\n<meta property=\"og:title\" content=\"\u201cSu\u011fra v\u0259 o\u011fullar\u0131\u201d filmi d\u00fcnya premyeras\u0131na haz\u0131rla\u015f\u0131r - MEYDAN.TV\" \/>\n<meta property=\"og:description\" content=\"Filmin \u0259ks\u0259r \u00e7\u0259kili\u015fl\u0259ri Da\u015fk\u0259s\u0259n rayonunun Suqovu\u015fan k\u0259ndind\u0259 apar\u0131l\u0131b\" \/>\n<meta property=\"og:url\" content=\"https:\/\/www.meydan.tv\/az\/article\/sugra-ve-ogullari-filmi-dunya-premyerasina-hazirlasir\/\" \/>\n<meta property=\"og:site_name\" content=\"MEYDAN.TV\" \/>\n<meta property=\"article:published_time\" content=\"2021-09-10T14:26:33+00:00\" \/>\n<meta property=\"og:image\" content=\"https:\/\/www.meydan.tv\/wp-content\/uploads\/sayt-cover3_pddkr8u.png\" \/>\n\t<meta property=\"og:image:width\" content=\"1280\" \/>\n\t<meta property=\"og:image:height\" content=\"720\" \/>\n\t<meta property=\"og:image:type\" content=\"image\/png\" \/>\n<meta name=\"author\" content=\"user-manager\" \/>\n<meta name=\"twitter:card\" content=\"summary_large_image\" \/>\n<script type=\"application\/ld+json\" class=\"yoast-schema-graph\">{\"@context\":\"https:\\\/\\\/schema.org\",\"@graph\":[{\"@type\":\"Article\",\"@id\":\"https:\\\/\\\/www.meydan.tv\\\/az\\\/article\\\/sugra-ve-ogullari-filmi-dunya-premyerasina-hazirlasir\\\/#article\",\"isPartOf\":{\"@id\":\"https:\\\/\\\/www.meydan.tv\\\/az\\\/article\\\/sugra-ve-ogullari-filmi-dunya-premyerasina-hazirlasir\\\/\"},\"author\":{\"name\":\"user-manager\",\"@id\":\"https:\\\/\\\/www.meydan.tv\\\/az\\\/#\\\/schema\\\/person\\\/10d11eccf6da3662cf5fdab9806ea91a\"},\"headline\":\"\u201cSu\u011fra v\u0259 o\u011fullar\u0131\u201d filmi d\u00fcnya premyeras\u0131na haz\u0131rla\u015f\u0131r\",\"datePublished\":\"2021-09-10T14:26:33+00:00\",\"mainEntityOfPage\":{\"@id\":\"https:\\\/\\\/www.meydan.tv\\\/az\\\/article\\\/sugra-ve-ogullari-filmi-dunya-premyerasina-hazirlasir\\\/\"},\"wordCount\":557,\"publisher\":{\"@id\":\"https:\\\/\\\/www.meydan.tv\\\/az\\\/#organization\"},\"image\":{\"@id\":\"https:\\\/\\\/www.meydan.tv\\\/az\\\/article\\\/sugra-ve-ogullari-filmi-dunya-premyerasina-hazirlasir\\\/#primaryimage\"},\"thumbnailUrl\":\"https:\\\/\\\/www.meydan.tv\\\/wp-content\\\/uploads\\\/sayt-cover3_pddkr8u.png\",\"articleSection\":[\"M\u0259d\u0259niyy\u0259t\"],\"inLanguage\":\"az\"},{\"@type\":\"WebPage\",\"@id\":\"https:\\\/\\\/www.meydan.tv\\\/az\\\/article\\\/sugra-ve-ogullari-filmi-dunya-premyerasina-hazirlasir\\\/\",\"url\":\"https:\\\/\\\/www.meydan.tv\\\/az\\\/article\\\/sugra-ve-ogullari-filmi-dunya-premyerasina-hazirlasir\\\/\",\"name\":\"\u201cSu\u011fra v\u0259 o\u011fullar\u0131\u201d filmi d\u00fcnya premyeras\u0131na haz\u0131rla\u015f\u0131r - MEYDAN.TV\",\"isPartOf\":{\"@id\":\"https:\\\/\\\/www.meydan.tv\\\/az\\\/#website\"},\"primaryImageOfPage\":{\"@id\":\"https:\\\/\\\/www.meydan.tv\\\/az\\\/article\\\/sugra-ve-ogullari-filmi-dunya-premyerasina-hazirlasir\\\/#primaryimage\"},\"image\":{\"@id\":\"https:\\\/\\\/www.meydan.tv\\\/az\\\/article\\\/sugra-ve-ogullari-filmi-dunya-premyerasina-hazirlasir\\\/#primaryimage\"},\"thumbnailUrl\":\"https:\\\/\\\/www.meydan.tv\\\/wp-content\\\/uploads\\\/sayt-cover3_pddkr8u.png\",\"datePublished\":\"2021-09-10T14:26:33+00:00\",\"breadcrumb\":{\"@id\":\"https:\\\/\\\/www.meydan.tv\\\/az\\\/article\\\/sugra-ve-ogullari-filmi-dunya-premyerasina-hazirlasir\\\/#breadcrumb\"},\"inLanguage\":\"az\",\"potentialAction\":[{\"@type\":\"ReadAction\",\"target\":[\"https:\\\/\\\/www.meydan.tv\\\/az\\\/article\\\/sugra-ve-ogullari-filmi-dunya-premyerasina-hazirlasir\\\/\"]}]},{\"@type\":\"ImageObject\",\"inLanguage\":\"az\",\"@id\":\"https:\\\/\\\/www.meydan.tv\\\/az\\\/article\\\/sugra-ve-ogullari-filmi-dunya-premyerasina-hazirlasir\\\/#primaryimage\",\"url\":\"https:\\\/\\\/www.meydan.tv\\\/wp-content\\\/uploads\\\/sayt-cover3_pddkr8u.png\",\"contentUrl\":\"https:\\\/\\\/www.meydan.tv\\\/wp-content\\\/uploads\\\/sayt-cover3_pddkr8u.png\",\"width\":1280,\"height\":720,\"caption\":\"Source: Baku Media Center\"},{\"@type\":\"BreadcrumbList\",\"@id\":\"https:\\\/\\\/www.meydan.tv\\\/az\\\/article\\\/sugra-ve-ogullari-filmi-dunya-premyerasina-hazirlasir\\\/#breadcrumb\",\"itemListElement\":[{\"@type\":\"ListItem\",\"position\":1,\"name\":\"Ana s\u0259hif\u0259\",\"item\":\"https:\\\/\\\/www.meydan.tv\\\/az\\\/\"},{\"@type\":\"ListItem\",\"position\":2,\"name\":\"M\u0259d\u0259niyy\u0259t\",\"item\":\"https:\\\/\\\/www.meydan.tv\\\/az\\\/section\\\/medeniyyet\\\/\"},{\"@type\":\"ListItem\",\"position\":3,\"name\":\"\u201cSu\u011fra v\u0259 o\u011fullar\u0131\u201d filmi d\u00fcnya premyeras\u0131na haz\u0131rla\u015f\u0131r\"}]},{\"@type\":\"WebSite\",\"@id\":\"https:\\\/\\\/www.meydan.tv\\\/az\\\/#website\",\"url\":\"https:\\\/\\\/www.meydan.tv\\\/az\\\/\",\"name\":\"MEYDAN.TV\",\"description\":\"Meydan TV Az\u0259rbaycan\u0131n media m\u0259kan\u0131ndak\u0131 alternativ s\u0259sidir\",\"publisher\":{\"@id\":\"https:\\\/\\\/www.meydan.tv\\\/az\\\/#organization\"},\"potentialAction\":[{\"@type\":\"SearchAction\",\"target\":{\"@type\":\"EntryPoint\",\"urlTemplate\":\"https:\\\/\\\/www.meydan.tv\\\/az\\\/?s={search_term_string}\"},\"query-input\":{\"@type\":\"PropertyValueSpecification\",\"valueRequired\":true,\"valueName\":\"search_term_string\"}}],\"inLanguage\":\"az\"},{\"@type\":\"Organization\",\"@id\":\"https:\\\/\\\/www.meydan.tv\\\/az\\\/#organization\",\"name\":\"Meydan TV\",\"url\":\"https:\\\/\\\/www.meydan.tv\\\/az\\\/\",\"logo\":{\"@type\":\"ImageObject\",\"inLanguage\":\"az\",\"@id\":\"https:\\\/\\\/www.meydan.tv\\\/az\\\/#\\\/schema\\\/logo\\\/image\\\/\",\"url\":\"https:\\\/\\\/www.meydan.tv\\\/wp-content\\\/uploads\\\/2021\\\/07\\\/meydan-logo.svg\",\"contentUrl\":\"https:\\\/\\\/www.meydan.tv\\\/wp-content\\\/uploads\\\/2021\\\/07\\\/meydan-logo.svg\",\"width\":195,\"height\":46,\"caption\":\"Meydan TV\"},\"image\":{\"@id\":\"https:\\\/\\\/www.meydan.tv\\\/az\\\/#\\\/schema\\\/logo\\\/image\\\/\"}},{\"@type\":\"Person\",\"@id\":\"https:\\\/\\\/www.meydan.tv\\\/az\\\/#\\\/schema\\\/person\\\/10d11eccf6da3662cf5fdab9806ea91a\",\"name\":\"user-manager\"}]}<\/script>\n<!-- \/ Yoast SEO plugin. -->","yoast_head_json":{"title":"\u201cSu\u011fra v\u0259 o\u011fullar\u0131\u201d filmi d\u00fcnya premyeras\u0131na haz\u0131rla\u015f\u0131r - MEYDAN.TV","robots":{"index":"index","follow":"follow","max-snippet":"max-snippet:-1","max-image-preview":"max-image-preview:large","max-video-preview":"max-video-preview:-1"},"canonical":"https:\/\/www.meydan.tv\/az\/article\/sugra-ve-ogullari-filmi-dunya-premyerasina-hazirlasir\/","og_locale":"az_AZ","og_type":"article","og_title":"\u201cSu\u011fra v\u0259 o\u011fullar\u0131\u201d filmi d\u00fcnya premyeras\u0131na haz\u0131rla\u015f\u0131r - MEYDAN.TV","og_description":"Filmin \u0259ks\u0259r \u00e7\u0259kili\u015fl\u0259ri Da\u015fk\u0259s\u0259n rayonunun Suqovu\u015fan k\u0259ndind\u0259 apar\u0131l\u0131b","og_url":"https:\/\/www.meydan.tv\/az\/article\/sugra-ve-ogullari-filmi-dunya-premyerasina-hazirlasir\/","og_site_name":"MEYDAN.TV","article_published_time":"2021-09-10T14:26:33+00:00","og_image":[{"width":1280,"height":720,"url":"https:\/\/www.meydan.tv\/wp-content\/uploads\/sayt-cover3_pddkr8u.png","type":"image\/png"}],"author":"user-manager","twitter_card":"summary_large_image","schema":{"@context":"https:\/\/schema.org","@graph":[{"@type":"Article","@id":"https:\/\/www.meydan.tv\/az\/article\/sugra-ve-ogullari-filmi-dunya-premyerasina-hazirlasir\/#article","isPartOf":{"@id":"https:\/\/www.meydan.tv\/az\/article\/sugra-ve-ogullari-filmi-dunya-premyerasina-hazirlasir\/"},"author":{"name":"user-manager","@id":"https:\/\/www.meydan.tv\/az\/#\/schema\/person\/10d11eccf6da3662cf5fdab9806ea91a"},"headline":"\u201cSu\u011fra v\u0259 o\u011fullar\u0131\u201d filmi d\u00fcnya premyeras\u0131na haz\u0131rla\u015f\u0131r","datePublished":"2021-09-10T14:26:33+00:00","mainEntityOfPage":{"@id":"https:\/\/www.meydan.tv\/az\/article\/sugra-ve-ogullari-filmi-dunya-premyerasina-hazirlasir\/"},"wordCount":557,"publisher":{"@id":"https:\/\/www.meydan.tv\/az\/#organization"},"image":{"@id":"https:\/\/www.meydan.tv\/az\/article\/sugra-ve-ogullari-filmi-dunya-premyerasina-hazirlasir\/#primaryimage"},"thumbnailUrl":"https:\/\/www.meydan.tv\/wp-content\/uploads\/sayt-cover3_pddkr8u.png","articleSection":["M\u0259d\u0259niyy\u0259t"],"inLanguage":"az"},{"@type":"WebPage","@id":"https:\/\/www.meydan.tv\/az\/article\/sugra-ve-ogullari-filmi-dunya-premyerasina-hazirlasir\/","url":"https:\/\/www.meydan.tv\/az\/article\/sugra-ve-ogullari-filmi-dunya-premyerasina-hazirlasir\/","name":"\u201cSu\u011fra v\u0259 o\u011fullar\u0131\u201d filmi d\u00fcnya premyeras\u0131na haz\u0131rla\u015f\u0131r - MEYDAN.TV","isPartOf":{"@id":"https:\/\/www.meydan.tv\/az\/#website"},"primaryImageOfPage":{"@id":"https:\/\/www.meydan.tv\/az\/article\/sugra-ve-ogullari-filmi-dunya-premyerasina-hazirlasir\/#primaryimage"},"image":{"@id":"https:\/\/www.meydan.tv\/az\/article\/sugra-ve-ogullari-filmi-dunya-premyerasina-hazirlasir\/#primaryimage"},"thumbnailUrl":"https:\/\/www.meydan.tv\/wp-content\/uploads\/sayt-cover3_pddkr8u.png","datePublished":"2021-09-10T14:26:33+00:00","breadcrumb":{"@id":"https:\/\/www.meydan.tv\/az\/article\/sugra-ve-ogullari-filmi-dunya-premyerasina-hazirlasir\/#breadcrumb"},"inLanguage":"az","potentialAction":[{"@type":"ReadAction","target":["https:\/\/www.meydan.tv\/az\/article\/sugra-ve-ogullari-filmi-dunya-premyerasina-hazirlasir\/"]}]},{"@type":"ImageObject","inLanguage":"az","@id":"https:\/\/www.meydan.tv\/az\/article\/sugra-ve-ogullari-filmi-dunya-premyerasina-hazirlasir\/#primaryimage","url":"https:\/\/www.meydan.tv\/wp-content\/uploads\/sayt-cover3_pddkr8u.png","contentUrl":"https:\/\/www.meydan.tv\/wp-content\/uploads\/sayt-cover3_pddkr8u.png","width":1280,"height":720,"caption":"Source: Baku Media Center"},{"@type":"BreadcrumbList","@id":"https:\/\/www.meydan.tv\/az\/article\/sugra-ve-ogullari-filmi-dunya-premyerasina-hazirlasir\/#breadcrumb","itemListElement":[{"@type":"ListItem","position":1,"name":"Ana s\u0259hif\u0259","item":"https:\/\/www.meydan.tv\/az\/"},{"@type":"ListItem","position":2,"name":"M\u0259d\u0259niyy\u0259t","item":"https:\/\/www.meydan.tv\/az\/section\/medeniyyet\/"},{"@type":"ListItem","position":3,"name":"\u201cSu\u011fra v\u0259 o\u011fullar\u0131\u201d filmi d\u00fcnya premyeras\u0131na haz\u0131rla\u015f\u0131r"}]},{"@type":"WebSite","@id":"https:\/\/www.meydan.tv\/az\/#website","url":"https:\/\/www.meydan.tv\/az\/","name":"MEYDAN.TV","description":"Meydan TV Az\u0259rbaycan\u0131n media m\u0259kan\u0131ndak\u0131 alternativ s\u0259sidir","publisher":{"@id":"https:\/\/www.meydan.tv\/az\/#organization"},"potentialAction":[{"@type":"SearchAction","target":{"@type":"EntryPoint","urlTemplate":"https:\/\/www.meydan.tv\/az\/?s={search_term_string}"},"query-input":{"@type":"PropertyValueSpecification","valueRequired":true,"valueName":"search_term_string"}}],"inLanguage":"az"},{"@type":"Organization","@id":"https:\/\/www.meydan.tv\/az\/#organization","name":"Meydan TV","url":"https:\/\/www.meydan.tv\/az\/","logo":{"@type":"ImageObject","inLanguage":"az","@id":"https:\/\/www.meydan.tv\/az\/#\/schema\/logo\/image\/","url":"https:\/\/www.meydan.tv\/wp-content\/uploads\/2021\/07\/meydan-logo.svg","contentUrl":"https:\/\/www.meydan.tv\/wp-content\/uploads\/2021\/07\/meydan-logo.svg","width":195,"height":46,"caption":"Meydan TV"},"image":{"@id":"https:\/\/www.meydan.tv\/az\/#\/schema\/logo\/image\/"}},{"@type":"Person","@id":"https:\/\/www.meydan.tv\/az\/#\/schema\/person\/10d11eccf6da3662cf5fdab9806ea91a","name":"user-manager"}]}},"_links":{"self":[{"href":"https:\/\/www.meydan.tv\/az\/wp-json\/wp\/v2\/posts\/212799","targetHints":{"allow":["GET"]}}],"collection":[{"href":"https:\/\/www.meydan.tv\/az\/wp-json\/wp\/v2\/posts"}],"about":[{"href":"https:\/\/www.meydan.tv\/az\/wp-json\/wp\/v2\/types\/post"}],"author":[{"embeddable":true,"href":"https:\/\/www.meydan.tv\/az\/wp-json\/wp\/v2\/users\/11"}],"replies":[{"embeddable":true,"href":"https:\/\/www.meydan.tv\/az\/wp-json\/wp\/v2\/comments?post=212799"}],"version-history":[{"count":0,"href":"https:\/\/www.meydan.tv\/az\/wp-json\/wp\/v2\/posts\/212799\/revisions"}],"wp:featuredmedia":[{"embeddable":true,"href":"https:\/\/www.meydan.tv\/az\/wp-json\/wp\/v2\/media\/209941"}],"wp:attachment":[{"href":"https:\/\/www.meydan.tv\/az\/wp-json\/wp\/v2\/media?parent=212799"}],"wp:term":[{"taxonomy":"category","embeddable":true,"href":"https:\/\/www.meydan.tv\/az\/wp-json\/wp\/v2\/categories?post=212799"},{"taxonomy":"post_tag","embeddable":true,"href":"https:\/\/www.meydan.tv\/az\/wp-json\/wp\/v2\/tags?post=212799"}],"curies":[{"name":"wp","href":"https:\/\/api.w.org\/{rel}","templated":true}]}}