{"id":212793,"date":"2021-09-10T13:25:03","date_gmt":"2021-09-10T13:25:03","guid":{"rendered":"https:\/\/www.meydan.tv\/article\/feryad-2-filminin-hadrutdaki-cekilisleri-yekunlasib\/"},"modified":"2021-09-10T13:25:03","modified_gmt":"2021-09-10T13:25:03","slug":"feryad-2-filminin-hadrutdaki-cekilisleri-yekunlasib","status":"publish","type":"post","link":"https:\/\/www.meydan.tv\/az\/article\/feryad-2-filminin-hadrutdaki-cekilisleri-yekunlasib\/","title":{"rendered":"\u201cF\u0259ryad 2\u201d filminin Hadrutdak\u0131 \u00e7\u0259kili\u015fl\u0259ri yekunla\u015f\u0131b"},"content":{"rendered":"<p>\n  <i><br \/>\n    Rejissor film\u0259 \u00e7\u0259kil\u0259n aktyorlar\u0131n adlar\u0131n\u0131n a\u00e7\u0131qlanmas\u0131n\u0131 ist\u0259mir<br \/>\n  <\/i>\n<\/p>\n<p>\n  Vaqif Mustafayevin rejissorlu\u011fu il\u0259 ekranla\u015fd\u0131r\u0131lan \u201cF\u0259ryad 2\u201d tammetrajl\u0131 b\u0259dii filminin Hadrutdak\u0131 \u00e7\u0259kili\u015fl\u0259ri yekunla\u015f\u0131b.\n<\/p>\n<p>\n  \u201cAz\u0259rbaycanfilm\u201d kinostudiyas\u0131n\u0131n PR meneceri L\u0259tif L\u0259tifsoy Meydan TV-y\u0259 a\u00e7\u0131qlamas\u0131nda bildirib ki, haz\u0131rda \u00e7\u0259kili\u015fl\u0259r Bak\u0131da davam etdirilir.\n<\/p>\n<p>\n  \u201cHadrutda m\u00fc\u0259yy\u0259n d\u00f6y\u00fc\u015f s\u0259hn\u0259l\u0259rinin dekorasiyalar\u0131 qurulmu\u015fdu. Art\u0131q \u00e7\u0259kili\u015fl\u0259rin xeyli hiss\u0259si tamamlan\u0131b. \u0130lk ba\u015flayandan plan bel\u0259dir ki, film bu il tam yekinla\u015fs\u0131n. T\u0259bii ki, bu film \u00e7\u0259kili\u015fidir, m\u00fcxt\u0259lif dinamikalar var. Filmin Z\u0259f\u0259r G\u00fcn\u00fc t\u0259qdim edilm\u0259si arzuolunand\u0131r\u201d.\n<\/p>\n<p>\n  Filmd\u0259 \u00e7\u0259kil\u0259n aktyorlara g\u0259linc\u0259, Vaqif Mustafayev adlar\u0131n a\u00e7\u0131qlanma\u011f\u0131n\u0131 ist\u0259mir:\n<\/p>\n<p>\n  \u201cFilm\u0259 hans\u0131 aktyorlar\u0131n \u00e7\u0259kildiyi bar\u0259d\u0259 m\u0259lumat ver\u0259 bilm\u0259rik. \u00c7\u00fcnki rejissor kiml\u0259rin \u00e7\u0259kildiyinin bilinm\u0259yini ist\u0259mir\u201d.\n<\/p>\n<p>\n  \u201cF\u0259ryad 2\u201d tammetrajl\u0131 b\u0259dii filmi M\u0259d\u0259niyy\u0259t Nazirliyinin sifari\u015fi il\u0259 C\u0259f\u0259r Cabbarl\u0131 ad\u0131na \u201cAz\u0259rbaycanfilm\u201d kinostudiyas\u0131 t\u0259r\u0259find\u0259n istehsal olunur.\n<\/p>\n<p>\n  \u0130kinci Qaraba\u011f m\u00fcharib\u0259sin\u0259 h\u0259sr olunan filmin ssenari m\u00fc\u0259llifi v\u0259 qurulu\u015f\u00e7u rejissoru Xalq artisti Vaqif Mustafayevdir.\n<\/p>\n<p>\n  \u201cF\u0259ryad\u201d filmi 1993-c\u00fc ild\u0259 \u00e7\u0259kilib. Film Birinci Qaraba\u011f m\u00fcharib\u0259sin\u0259 h\u0259sr olunub. Ba\u015f q\u0259hr\u0259man\u0131n prototipi var v\u0259 burada t\u0259svir olunan hadis\u0259l\u0259r real faktlara \u0259saslan\u0131r. Ekran \u0259s\u0259ri Qaraba\u011f m\u00fcharib\u0259sind\u0259 d\u00f6y\u00fc\u015f\u0259n \u0259sg\u0259rl\u0259rd\u0259n birinin ba\u015f\u0131na g\u0259tiril\u0259n \u0259hvalatdan b\u0259hs edir.\n<\/p>\n<p>\n  Filmin ssenari m\u00fc\u0259llifi Vaqif Mustafayev, rejissoru Ceyhun Mirz\u0259yevdir. \u201cF\u0259ryad\u201dda Ceyhun Mirz\u0259yev, M\u0259lik Dada\u015fov, Hac\u0131 \u0130smay\u0131lov, Liana Qudadze, Fikr\u0259t M\u0259mm\u0259dov, F\u0259r\u0259c F\u0259r\u0259cov \u00e7\u0259kilib.<\/p>\n","protected":false},"excerpt":{"rendered":"<p>\u201cFilm\u0259 hans\u0131 aktyorlar\u0131n \u00e7\u0259kildiyi bar\u0259d\u0259 m\u0259lumat ver\u0259 bilm\u0259rik&#8221;<\/p>\n","protected":false},"author":11,"featured_media":209938,"comment_status":"closed","ping_status":"open","sticky":false,"template":"","format":"standard","meta":{"_acf_changed":false,"_sitemap_exclude":false,"_sitemap_priority":"","_sitemap_frequency":"","footnotes":""},"categories":[52],"tags":[],"class_list":["post-212793","post","type-post","status-publish","format-standard","has-post-thumbnail","hentry","category-medeniyyet","infinite-scroll-item","generate-columns","tablet-grid-50","mobile-grid-100","grid-parent","grid-33","no-featured-image-padding"],"acf":[],"yoast_head":"<!-- This site is optimized with the Yoast SEO plugin v27.4 - https:\/\/yoast.com\/product\/yoast-seo-wordpress\/ -->\n<title>\u201cF\u0259ryad 2\u201d filminin Hadrutdak\u0131 \u00e7\u0259kili\u015fl\u0259ri yekunla\u015f\u0131b - MEYDAN.TV<\/title>\n<meta name=\"robots\" content=\"index, follow, max-snippet:-1, max-image-preview:large, max-video-preview:-1\" \/>\n<link rel=\"canonical\" href=\"https:\/\/www.meydan.tv\/az\/article\/feryad-2-filminin-hadrutdaki-cekilisleri-yekunlasib\/\" \/>\n<meta property=\"og:locale\" content=\"az_AZ\" \/>\n<meta property=\"og:type\" content=\"article\" \/>\n<meta property=\"og:title\" content=\"\u201cF\u0259ryad 2\u201d filminin Hadrutdak\u0131 \u00e7\u0259kili\u015fl\u0259ri yekunla\u015f\u0131b - MEYDAN.TV\" \/>\n<meta property=\"og:description\" content=\"\u201cFilm\u0259 hans\u0131 aktyorlar\u0131n \u00e7\u0259kildiyi bar\u0259d\u0259 m\u0259lumat ver\u0259 bilm\u0259rik&quot;\" \/>\n<meta property=\"og:url\" content=\"https:\/\/www.meydan.tv\/az\/article\/feryad-2-filminin-hadrutdaki-cekilisleri-yekunlasib\/\" \/>\n<meta property=\"og:site_name\" content=\"MEYDAN.TV\" \/>\n<meta property=\"article:published_time\" content=\"2021-09-10T13:25:03+00:00\" \/>\n<meta property=\"og:image\" content=\"https:\/\/www.meydan.tv\/wp-content\/uploads\/0022-1024x732-1.jpeg\" \/>\n\t<meta property=\"og:image:width\" content=\"884\" \/>\n\t<meta property=\"og:image:height\" content=\"632\" \/>\n\t<meta property=\"og:image:type\" content=\"image\/jpeg\" \/>\n<meta name=\"author\" content=\"user-manager\" \/>\n<meta name=\"twitter:card\" content=\"summary_large_image\" \/>\n<script type=\"application\/ld+json\" class=\"yoast-schema-graph\">{\"@context\":\"https:\\\/\\\/schema.org\",\"@graph\":[{\"@type\":\"Article\",\"@id\":\"https:\\\/\\\/www.meydan.tv\\\/az\\\/article\\\/feryad-2-filminin-hadrutdaki-cekilisleri-yekunlasib\\\/#article\",\"isPartOf\":{\"@id\":\"https:\\\/\\\/www.meydan.tv\\\/az\\\/article\\\/feryad-2-filminin-hadrutdaki-cekilisleri-yekunlasib\\\/\"},\"author\":{\"name\":\"user-manager\",\"@id\":\"https:\\\/\\\/www.meydan.tv\\\/az\\\/#\\\/schema\\\/person\\\/10d11eccf6da3662cf5fdab9806ea91a\"},\"headline\":\"\u201cF\u0259ryad 2\u201d filminin Hadrutdak\u0131 \u00e7\u0259kili\u015fl\u0259ri yekunla\u015f\u0131b\",\"datePublished\":\"2021-09-10T13:25:03+00:00\",\"mainEntityOfPage\":{\"@id\":\"https:\\\/\\\/www.meydan.tv\\\/az\\\/article\\\/feryad-2-filminin-hadrutdaki-cekilisleri-yekunlasib\\\/\"},\"wordCount\":312,\"publisher\":{\"@id\":\"https:\\\/\\\/www.meydan.tv\\\/az\\\/#organization\"},\"image\":{\"@id\":\"https:\\\/\\\/www.meydan.tv\\\/az\\\/article\\\/feryad-2-filminin-hadrutdaki-cekilisleri-yekunlasib\\\/#primaryimage\"},\"thumbnailUrl\":\"https:\\\/\\\/www.meydan.tv\\\/wp-content\\\/uploads\\\/0022-1024x732-1.jpeg\",\"articleSection\":[\"M\u0259d\u0259niyy\u0259t\"],\"inLanguage\":\"az\"},{\"@type\":\"WebPage\",\"@id\":\"https:\\\/\\\/www.meydan.tv\\\/az\\\/article\\\/feryad-2-filminin-hadrutdaki-cekilisleri-yekunlasib\\\/\",\"url\":\"https:\\\/\\\/www.meydan.tv\\\/az\\\/article\\\/feryad-2-filminin-hadrutdaki-cekilisleri-yekunlasib\\\/\",\"name\":\"\u201cF\u0259ryad 2\u201d filminin Hadrutdak\u0131 \u00e7\u0259kili\u015fl\u0259ri yekunla\u015f\u0131b - MEYDAN.TV\",\"isPartOf\":{\"@id\":\"https:\\\/\\\/www.meydan.tv\\\/az\\\/#website\"},\"primaryImageOfPage\":{\"@id\":\"https:\\\/\\\/www.meydan.tv\\\/az\\\/article\\\/feryad-2-filminin-hadrutdaki-cekilisleri-yekunlasib\\\/#primaryimage\"},\"image\":{\"@id\":\"https:\\\/\\\/www.meydan.tv\\\/az\\\/article\\\/feryad-2-filminin-hadrutdaki-cekilisleri-yekunlasib\\\/#primaryimage\"},\"thumbnailUrl\":\"https:\\\/\\\/www.meydan.tv\\\/wp-content\\\/uploads\\\/0022-1024x732-1.jpeg\",\"datePublished\":\"2021-09-10T13:25:03+00:00\",\"breadcrumb\":{\"@id\":\"https:\\\/\\\/www.meydan.tv\\\/az\\\/article\\\/feryad-2-filminin-hadrutdaki-cekilisleri-yekunlasib\\\/#breadcrumb\"},\"inLanguage\":\"az\",\"potentialAction\":[{\"@type\":\"ReadAction\",\"target\":[\"https:\\\/\\\/www.meydan.tv\\\/az\\\/article\\\/feryad-2-filminin-hadrutdaki-cekilisleri-yekunlasib\\\/\"]}]},{\"@type\":\"ImageObject\",\"inLanguage\":\"az\",\"@id\":\"https:\\\/\\\/www.meydan.tv\\\/az\\\/article\\\/feryad-2-filminin-hadrutdaki-cekilisleri-yekunlasib\\\/#primaryimage\",\"url\":\"https:\\\/\\\/www.meydan.tv\\\/wp-content\\\/uploads\\\/0022-1024x732-1.jpeg\",\"contentUrl\":\"https:\\\/\\\/www.meydan.tv\\\/wp-content\\\/uploads\\\/0022-1024x732-1.jpeg\",\"width\":884,\"height\":632,\"caption\":\"Source: Specify Source\"},{\"@type\":\"BreadcrumbList\",\"@id\":\"https:\\\/\\\/www.meydan.tv\\\/az\\\/article\\\/feryad-2-filminin-hadrutdaki-cekilisleri-yekunlasib\\\/#breadcrumb\",\"itemListElement\":[{\"@type\":\"ListItem\",\"position\":1,\"name\":\"Ana s\u0259hif\u0259\",\"item\":\"https:\\\/\\\/www.meydan.tv\\\/az\\\/\"},{\"@type\":\"ListItem\",\"position\":2,\"name\":\"M\u0259d\u0259niyy\u0259t\",\"item\":\"https:\\\/\\\/www.meydan.tv\\\/az\\\/section\\\/medeniyyet\\\/\"},{\"@type\":\"ListItem\",\"position\":3,\"name\":\"\u201cF\u0259ryad 2\u201d filminin Hadrutdak\u0131 \u00e7\u0259kili\u015fl\u0259ri yekunla\u015f\u0131b\"}]},{\"@type\":\"WebSite\",\"@id\":\"https:\\\/\\\/www.meydan.tv\\\/az\\\/#website\",\"url\":\"https:\\\/\\\/www.meydan.tv\\\/az\\\/\",\"name\":\"MEYDAN.TV\",\"description\":\"Meydan TV Az\u0259rbaycan\u0131n media m\u0259kan\u0131ndak\u0131 alternativ s\u0259sidir\",\"publisher\":{\"@id\":\"https:\\\/\\\/www.meydan.tv\\\/az\\\/#organization\"},\"potentialAction\":[{\"@type\":\"SearchAction\",\"target\":{\"@type\":\"EntryPoint\",\"urlTemplate\":\"https:\\\/\\\/www.meydan.tv\\\/az\\\/?s={search_term_string}\"},\"query-input\":{\"@type\":\"PropertyValueSpecification\",\"valueRequired\":true,\"valueName\":\"search_term_string\"}}],\"inLanguage\":\"az\"},{\"@type\":\"Organization\",\"@id\":\"https:\\\/\\\/www.meydan.tv\\\/az\\\/#organization\",\"name\":\"Meydan TV\",\"url\":\"https:\\\/\\\/www.meydan.tv\\\/az\\\/\",\"logo\":{\"@type\":\"ImageObject\",\"inLanguage\":\"az\",\"@id\":\"https:\\\/\\\/www.meydan.tv\\\/az\\\/#\\\/schema\\\/logo\\\/image\\\/\",\"url\":\"https:\\\/\\\/www.meydan.tv\\\/wp-content\\\/uploads\\\/2021\\\/07\\\/meydan-logo.svg\",\"contentUrl\":\"https:\\\/\\\/www.meydan.tv\\\/wp-content\\\/uploads\\\/2021\\\/07\\\/meydan-logo.svg\",\"width\":195,\"height\":46,\"caption\":\"Meydan TV\"},\"image\":{\"@id\":\"https:\\\/\\\/www.meydan.tv\\\/az\\\/#\\\/schema\\\/logo\\\/image\\\/\"}},{\"@type\":\"Person\",\"@id\":\"https:\\\/\\\/www.meydan.tv\\\/az\\\/#\\\/schema\\\/person\\\/10d11eccf6da3662cf5fdab9806ea91a\",\"name\":\"user-manager\"}]}<\/script>\n<!-- \/ Yoast SEO plugin. -->","yoast_head_json":{"title":"\u201cF\u0259ryad 2\u201d filminin Hadrutdak\u0131 \u00e7\u0259kili\u015fl\u0259ri yekunla\u015f\u0131b - MEYDAN.TV","robots":{"index":"index","follow":"follow","max-snippet":"max-snippet:-1","max-image-preview":"max-image-preview:large","max-video-preview":"max-video-preview:-1"},"canonical":"https:\/\/www.meydan.tv\/az\/article\/feryad-2-filminin-hadrutdaki-cekilisleri-yekunlasib\/","og_locale":"az_AZ","og_type":"article","og_title":"\u201cF\u0259ryad 2\u201d filminin Hadrutdak\u0131 \u00e7\u0259kili\u015fl\u0259ri yekunla\u015f\u0131b - MEYDAN.TV","og_description":"\u201cFilm\u0259 hans\u0131 aktyorlar\u0131n \u00e7\u0259kildiyi bar\u0259d\u0259 m\u0259lumat ver\u0259 bilm\u0259rik\"","og_url":"https:\/\/www.meydan.tv\/az\/article\/feryad-2-filminin-hadrutdaki-cekilisleri-yekunlasib\/","og_site_name":"MEYDAN.TV","article_published_time":"2021-09-10T13:25:03+00:00","og_image":[{"width":884,"height":632,"url":"https:\/\/www.meydan.tv\/wp-content\/uploads\/0022-1024x732-1.jpeg","type":"image\/jpeg"}],"author":"user-manager","twitter_card":"summary_large_image","schema":{"@context":"https:\/\/schema.org","@graph":[{"@type":"Article","@id":"https:\/\/www.meydan.tv\/az\/article\/feryad-2-filminin-hadrutdaki-cekilisleri-yekunlasib\/#article","isPartOf":{"@id":"https:\/\/www.meydan.tv\/az\/article\/feryad-2-filminin-hadrutdaki-cekilisleri-yekunlasib\/"},"author":{"name":"user-manager","@id":"https:\/\/www.meydan.tv\/az\/#\/schema\/person\/10d11eccf6da3662cf5fdab9806ea91a"},"headline":"\u201cF\u0259ryad 2\u201d filminin Hadrutdak\u0131 \u00e7\u0259kili\u015fl\u0259ri yekunla\u015f\u0131b","datePublished":"2021-09-10T13:25:03+00:00","mainEntityOfPage":{"@id":"https:\/\/www.meydan.tv\/az\/article\/feryad-2-filminin-hadrutdaki-cekilisleri-yekunlasib\/"},"wordCount":312,"publisher":{"@id":"https:\/\/www.meydan.tv\/az\/#organization"},"image":{"@id":"https:\/\/www.meydan.tv\/az\/article\/feryad-2-filminin-hadrutdaki-cekilisleri-yekunlasib\/#primaryimage"},"thumbnailUrl":"https:\/\/www.meydan.tv\/wp-content\/uploads\/0022-1024x732-1.jpeg","articleSection":["M\u0259d\u0259niyy\u0259t"],"inLanguage":"az"},{"@type":"WebPage","@id":"https:\/\/www.meydan.tv\/az\/article\/feryad-2-filminin-hadrutdaki-cekilisleri-yekunlasib\/","url":"https:\/\/www.meydan.tv\/az\/article\/feryad-2-filminin-hadrutdaki-cekilisleri-yekunlasib\/","name":"\u201cF\u0259ryad 2\u201d filminin Hadrutdak\u0131 \u00e7\u0259kili\u015fl\u0259ri yekunla\u015f\u0131b - MEYDAN.TV","isPartOf":{"@id":"https:\/\/www.meydan.tv\/az\/#website"},"primaryImageOfPage":{"@id":"https:\/\/www.meydan.tv\/az\/article\/feryad-2-filminin-hadrutdaki-cekilisleri-yekunlasib\/#primaryimage"},"image":{"@id":"https:\/\/www.meydan.tv\/az\/article\/feryad-2-filminin-hadrutdaki-cekilisleri-yekunlasib\/#primaryimage"},"thumbnailUrl":"https:\/\/www.meydan.tv\/wp-content\/uploads\/0022-1024x732-1.jpeg","datePublished":"2021-09-10T13:25:03+00:00","breadcrumb":{"@id":"https:\/\/www.meydan.tv\/az\/article\/feryad-2-filminin-hadrutdaki-cekilisleri-yekunlasib\/#breadcrumb"},"inLanguage":"az","potentialAction":[{"@type":"ReadAction","target":["https:\/\/www.meydan.tv\/az\/article\/feryad-2-filminin-hadrutdaki-cekilisleri-yekunlasib\/"]}]},{"@type":"ImageObject","inLanguage":"az","@id":"https:\/\/www.meydan.tv\/az\/article\/feryad-2-filminin-hadrutdaki-cekilisleri-yekunlasib\/#primaryimage","url":"https:\/\/www.meydan.tv\/wp-content\/uploads\/0022-1024x732-1.jpeg","contentUrl":"https:\/\/www.meydan.tv\/wp-content\/uploads\/0022-1024x732-1.jpeg","width":884,"height":632,"caption":"Source: Specify Source"},{"@type":"BreadcrumbList","@id":"https:\/\/www.meydan.tv\/az\/article\/feryad-2-filminin-hadrutdaki-cekilisleri-yekunlasib\/#breadcrumb","itemListElement":[{"@type":"ListItem","position":1,"name":"Ana s\u0259hif\u0259","item":"https:\/\/www.meydan.tv\/az\/"},{"@type":"ListItem","position":2,"name":"M\u0259d\u0259niyy\u0259t","item":"https:\/\/www.meydan.tv\/az\/section\/medeniyyet\/"},{"@type":"ListItem","position":3,"name":"\u201cF\u0259ryad 2\u201d filminin Hadrutdak\u0131 \u00e7\u0259kili\u015fl\u0259ri yekunla\u015f\u0131b"}]},{"@type":"WebSite","@id":"https:\/\/www.meydan.tv\/az\/#website","url":"https:\/\/www.meydan.tv\/az\/","name":"MEYDAN.TV","description":"Meydan TV Az\u0259rbaycan\u0131n media m\u0259kan\u0131ndak\u0131 alternativ s\u0259sidir","publisher":{"@id":"https:\/\/www.meydan.tv\/az\/#organization"},"potentialAction":[{"@type":"SearchAction","target":{"@type":"EntryPoint","urlTemplate":"https:\/\/www.meydan.tv\/az\/?s={search_term_string}"},"query-input":{"@type":"PropertyValueSpecification","valueRequired":true,"valueName":"search_term_string"}}],"inLanguage":"az"},{"@type":"Organization","@id":"https:\/\/www.meydan.tv\/az\/#organization","name":"Meydan TV","url":"https:\/\/www.meydan.tv\/az\/","logo":{"@type":"ImageObject","inLanguage":"az","@id":"https:\/\/www.meydan.tv\/az\/#\/schema\/logo\/image\/","url":"https:\/\/www.meydan.tv\/wp-content\/uploads\/2021\/07\/meydan-logo.svg","contentUrl":"https:\/\/www.meydan.tv\/wp-content\/uploads\/2021\/07\/meydan-logo.svg","width":195,"height":46,"caption":"Meydan TV"},"image":{"@id":"https:\/\/www.meydan.tv\/az\/#\/schema\/logo\/image\/"}},{"@type":"Person","@id":"https:\/\/www.meydan.tv\/az\/#\/schema\/person\/10d11eccf6da3662cf5fdab9806ea91a","name":"user-manager"}]}},"_links":{"self":[{"href":"https:\/\/www.meydan.tv\/az\/wp-json\/wp\/v2\/posts\/212793","targetHints":{"allow":["GET"]}}],"collection":[{"href":"https:\/\/www.meydan.tv\/az\/wp-json\/wp\/v2\/posts"}],"about":[{"href":"https:\/\/www.meydan.tv\/az\/wp-json\/wp\/v2\/types\/post"}],"author":[{"embeddable":true,"href":"https:\/\/www.meydan.tv\/az\/wp-json\/wp\/v2\/users\/11"}],"replies":[{"embeddable":true,"href":"https:\/\/www.meydan.tv\/az\/wp-json\/wp\/v2\/comments?post=212793"}],"version-history":[{"count":0,"href":"https:\/\/www.meydan.tv\/az\/wp-json\/wp\/v2\/posts\/212793\/revisions"}],"wp:featuredmedia":[{"embeddable":true,"href":"https:\/\/www.meydan.tv\/az\/wp-json\/wp\/v2\/media\/209938"}],"wp:attachment":[{"href":"https:\/\/www.meydan.tv\/az\/wp-json\/wp\/v2\/media?parent=212793"}],"wp:term":[{"taxonomy":"category","embeddable":true,"href":"https:\/\/www.meydan.tv\/az\/wp-json\/wp\/v2\/categories?post=212793"},{"taxonomy":"post_tag","embeddable":true,"href":"https:\/\/www.meydan.tv\/az\/wp-json\/wp\/v2\/tags?post=212793"}],"curies":[{"name":"wp","href":"https:\/\/api.w.org\/{rel}","templated":true}]}}