{"id":212778,"date":"2021-09-09T13:27:29","date_gmt":"2021-09-09T13:27:29","guid":{"rendered":"https:\/\/www.meydan.tv\/article\/aygun-kazimova-ile-yaqub-zurufcu-da-koronavirusa-yoluxub\/"},"modified":"2021-09-09T13:27:29","modified_gmt":"2021-09-09T13:27:29","slug":"aygun-kazimova-ile-yaqub-zurufcu-da-koronavirusa-yoluxub","status":"publish","type":"post","link":"https:\/\/www.meydan.tv\/az\/article\/aygun-kazimova-ile-yaqub-zurufcu-da-koronavirusa-yoluxub\/","title":{"rendered":"Ayg\u00fcn Kaz\u0131mova il\u0259 Yaqub Zuruf\u00e7u da koronavirusa yoluxub"},"content":{"rendered":"<p>\n  <i><br \/>\n    \u018fm\u0259kdar artist reanimasiyaya yerl\u0259\u015fdirilib<br \/>\n  <\/i>\n<\/p>\n<p>\n  S\u0259n\u0259t\u00e7il\u0259r &#8211; Xalq artisti Ayg\u00fcn Kaz\u0131mova v\u0259 \u018fm\u0259kdar artist Yaqub Zuruf\u00e7u COVID-19 ifeksiyas\u0131na yoluxub.\n<\/p>\n<p>\n  Ayg\u00fcn Kaz\u0131mova \u201c\u0130nstagram\u201d s\u0259hif\u0259sind\u0259 video payla\u015faraq, v\u0259ziyy\u0259tinin normalla\u015fd\u0131\u011f\u0131n\u0131 deyib. https:\/\/www.instagram.com\/p\/CTkSx5vDVNy\/\n<\/p>\n<p>\n  \u201cM\u0259n d\u0259 bir \u00e7oxunuz kimi koronavirusa yoluxdum. Son \u00fc\u00e7 g\u00fcn\u00fc a\u011f\u0131r ke\u00e7irdim. H\u0259rar\u0259tim 37 &#8211; 38.5 idi. B\u0259d\u0259nim \u00e7ox a\u011fr\u0131y\u0131rd\u0131. \u00d6z\u00fcm\u00fc \u00e7ox hals\u0131z, g\u00fccs\u00fcz hiss edirdim. B\u0259xtim\u0259 \u00e7ox g\u00f6z\u0259l h\u0259kim d\u00fc\u015fd\u00fc. Onun yazd\u0131\u011f\u0131 m\u00fcalic\u0259 say\u0259sind\u0259 on g\u00fcn \u0259rzind\u0259 sa\u011fald\u0131m. Do\u011frudan da, bu x\u0259st\u0259lik \u00e7ox a\u011f\u0131rd\u0131r. \u00d6z\u00fcn\u00fcz\u00fc qoruyun. B\u00fct\u00fcn x\u0259st\u0259l\u0259n\u0259nl\u0259r\u0259 Allahdan \u015f\u0259fa dil\u0259yir\u0259m\u201d, &#8211; m\u00fc\u011f\u0259nni deyib.\n<\/p>\n<p>\n  M\u00fc\u011f\u0259nni Yaqub Zuruf\u00e7unun is\u0259 v\u0259ziyy\u0259ti a\u011f\u0131rd\u0131r. O, Yeni Klinikan\u0131n reanimasiya \u015f\u00f6b\u0259sin\u0259 yerl\u0259\u015fdirilib.\n<\/p>\n<p>\n  \u0130fa\u00e7\u0131n\u0131n h\u0259yat yolda\u015f\u0131 Aynur Zuruf\u00e7u \u201cReport\u201da deyib ki, 65 ya\u015fl\u0131 Yaqub Zuruf\u00e7u bir h\u0259ft\u0259 \u0259vv\u0259l yeni n\u00f6v koronavisrusa yoluxub: https:\/\/report.az\/incesenet-xeberleri\/yaqub-zurufcunun-sehhetinde-problem-yaranib-reanimasiyaya-yerlesdirilib\/\n<\/p>\n<p>\n  \u201cYaqub b\u0259yin v\u0259ziyy\u0259ti haz\u0131rda a\u011f\u0131rla\u015f\u0131b. M\u0259s\u0259l\u0259 Birinci vitse-prezident Mehriban \u018fliyevan\u0131n n\u0259zar\u0259tind\u0259dir. Prezidentin k\u00f6m\u0259k\u00e7isi Anar \u018fl\u0259kb\u0259rov da m\u0259s\u0259l\u0259ni diqq\u0259td\u0259 saxlay\u0131r. Mill\u0259t v\u0259kili Q\u0259nir\u0259 Pa\u015fayeva da tez-tez z\u0259ng edib v\u0259ziyy\u0259ti il\u0259 maraqlan\u0131r. H\u0259r k\u0259s diqq\u0259t g\u00f6st\u0259rir, amma v\u0259ziyy\u0259ti a\u011f\u0131r olaraq qalmaqda davam edir\u201d.\n<\/p>\n<p>\n  Aynur Zuruf\u00e7u bildirib ki, \u018fm\u0259kdar artist d\u00fcn\u0259n intensiv \u015f\u00f6b\u0259y\u0259 k\u00f6\u00e7\u00fcr\u00fcl\u00fcb:\n<\/p>\n<p>\n  \u201cAnaliz vermi\u015fdi, cavab pozitiv \u00e7\u0131xandan sonra x\u0259st\u0259xanaya yerl\u0259\u015fdirildi. Bir h\u0259ft\u0259 palatada qald\u0131. Orada v\u0259ziyy\u0259ti a\u011f\u0131rla\u015fd\u0131\u011f\u0131ndan reanimasiyaya yerl\u0259\u015fdirilib. D\u00fcn\u0259n ax\u015famdan etibar\u0259n reanimasiya \u015f\u00f6b\u0259sind\u0259dir. \u0130ntensiv \u015f\u00f6b\u0259d\u0259 olanda h\u0259kiml\u0259r dedi ki, bu x\u0259st\u0259liyin d\u00fcnyan\u0131n h\u0259r yerind\u0259 m\u00fcalic\u0259si eynidir. Yaqub b\u0259yin \u00fcr\u0259yi z\u0259ifdir. \u018fg\u0259r iyn\u0259l\u0259r\u0259 tab g\u0259tirs\u0259, sa\u011falmaq ehtimal\u0131 var\u201d.<\/p>\n","protected":false},"excerpt":{"rendered":"<p>\u018fm\u0259kdar artist reanimasiyaya yerl\u0259\u015fdirilib<\/p>\n","protected":false},"author":11,"featured_media":209911,"comment_status":"closed","ping_status":"open","sticky":false,"template":"","format":"standard","meta":{"_acf_changed":false,"_sitemap_exclude":false,"_sitemap_priority":"","_sitemap_frequency":"","footnotes":""},"categories":[52],"tags":[],"class_list":["post-212778","post","type-post","status-publish","format-standard","has-post-thumbnail","hentry","category-medeniyyet","infinite-scroll-item","generate-columns","tablet-grid-50","mobile-grid-100","grid-parent","grid-33","no-featured-image-padding"],"acf":[],"yoast_head":"<!-- This site is optimized with the Yoast SEO plugin v27.4 - https:\/\/yoast.com\/product\/yoast-seo-wordpress\/ -->\n<title>Ayg\u00fcn Kaz\u0131mova il\u0259 Yaqub Zuruf\u00e7u da koronavirusa yoluxub - MEYDAN.TV<\/title>\n<meta name=\"robots\" content=\"index, follow, max-snippet:-1, max-image-preview:large, max-video-preview:-1\" \/>\n<link rel=\"canonical\" href=\"https:\/\/www.meydan.tv\/az\/article\/aygun-kazimova-ile-yaqub-zurufcu-da-koronavirusa-yoluxub\/\" \/>\n<meta property=\"og:locale\" content=\"az_AZ\" \/>\n<meta property=\"og:type\" content=\"article\" \/>\n<meta property=\"og:title\" content=\"Ayg\u00fcn Kaz\u0131mova il\u0259 Yaqub Zuruf\u00e7u da koronavirusa yoluxub - MEYDAN.TV\" \/>\n<meta property=\"og:description\" content=\"\u018fm\u0259kdar artist reanimasiyaya yerl\u0259\u015fdirilib\" \/>\n<meta property=\"og:url\" content=\"https:\/\/www.meydan.tv\/az\/article\/aygun-kazimova-ile-yaqub-zurufcu-da-koronavirusa-yoluxub\/\" \/>\n<meta property=\"og:site_name\" content=\"MEYDAN.TV\" \/>\n<meta property=\"article:published_time\" content=\"2021-09-09T13:27:29+00:00\" \/>\n<meta property=\"og:image\" content=\"https:\/\/www.meydan.tv\/wp-content\/uploads\/untitled_design_-_2021-09-09t132706.468.png\" \/>\n\t<meta property=\"og:image:width\" content=\"1280\" \/>\n\t<meta property=\"og:image:height\" content=\"720\" \/>\n\t<meta property=\"og:image:type\" content=\"image\/png\" \/>\n<meta name=\"author\" content=\"user-manager\" \/>\n<meta name=\"twitter:card\" content=\"summary_large_image\" \/>\n<script type=\"application\/ld+json\" class=\"yoast-schema-graph\">{\"@context\":\"https:\\\/\\\/schema.org\",\"@graph\":[{\"@type\":\"Article\",\"@id\":\"https:\\\/\\\/www.meydan.tv\\\/az\\\/article\\\/aygun-kazimova-ile-yaqub-zurufcu-da-koronavirusa-yoluxub\\\/#article\",\"isPartOf\":{\"@id\":\"https:\\\/\\\/www.meydan.tv\\\/az\\\/article\\\/aygun-kazimova-ile-yaqub-zurufcu-da-koronavirusa-yoluxub\\\/\"},\"author\":{\"name\":\"user-manager\",\"@id\":\"https:\\\/\\\/www.meydan.tv\\\/az\\\/#\\\/schema\\\/person\\\/10d11eccf6da3662cf5fdab9806ea91a\"},\"headline\":\"Ayg\u00fcn Kaz\u0131mova il\u0259 Yaqub Zuruf\u00e7u da koronavirusa yoluxub\",\"datePublished\":\"2021-09-09T13:27:29+00:00\",\"mainEntityOfPage\":{\"@id\":\"https:\\\/\\\/www.meydan.tv\\\/az\\\/article\\\/aygun-kazimova-ile-yaqub-zurufcu-da-koronavirusa-yoluxub\\\/\"},\"wordCount\":391,\"publisher\":{\"@id\":\"https:\\\/\\\/www.meydan.tv\\\/az\\\/#organization\"},\"image\":{\"@id\":\"https:\\\/\\\/www.meydan.tv\\\/az\\\/article\\\/aygun-kazimova-ile-yaqub-zurufcu-da-koronavirusa-yoluxub\\\/#primaryimage\"},\"thumbnailUrl\":\"https:\\\/\\\/www.meydan.tv\\\/wp-content\\\/uploads\\\/untitled_design_-_2021-09-09t132706.468.png\",\"articleSection\":[\"M\u0259d\u0259niyy\u0259t\"],\"inLanguage\":\"az\"},{\"@type\":\"WebPage\",\"@id\":\"https:\\\/\\\/www.meydan.tv\\\/az\\\/article\\\/aygun-kazimova-ile-yaqub-zurufcu-da-koronavirusa-yoluxub\\\/\",\"url\":\"https:\\\/\\\/www.meydan.tv\\\/az\\\/article\\\/aygun-kazimova-ile-yaqub-zurufcu-da-koronavirusa-yoluxub\\\/\",\"name\":\"Ayg\u00fcn Kaz\u0131mova il\u0259 Yaqub Zuruf\u00e7u da koronavirusa yoluxub - MEYDAN.TV\",\"isPartOf\":{\"@id\":\"https:\\\/\\\/www.meydan.tv\\\/az\\\/#website\"},\"primaryImageOfPage\":{\"@id\":\"https:\\\/\\\/www.meydan.tv\\\/az\\\/article\\\/aygun-kazimova-ile-yaqub-zurufcu-da-koronavirusa-yoluxub\\\/#primaryimage\"},\"image\":{\"@id\":\"https:\\\/\\\/www.meydan.tv\\\/az\\\/article\\\/aygun-kazimova-ile-yaqub-zurufcu-da-koronavirusa-yoluxub\\\/#primaryimage\"},\"thumbnailUrl\":\"https:\\\/\\\/www.meydan.tv\\\/wp-content\\\/uploads\\\/untitled_design_-_2021-09-09t132706.468.png\",\"datePublished\":\"2021-09-09T13:27:29+00:00\",\"breadcrumb\":{\"@id\":\"https:\\\/\\\/www.meydan.tv\\\/az\\\/article\\\/aygun-kazimova-ile-yaqub-zurufcu-da-koronavirusa-yoluxub\\\/#breadcrumb\"},\"inLanguage\":\"az\",\"potentialAction\":[{\"@type\":\"ReadAction\",\"target\":[\"https:\\\/\\\/www.meydan.tv\\\/az\\\/article\\\/aygun-kazimova-ile-yaqub-zurufcu-da-koronavirusa-yoluxub\\\/\"]}]},{\"@type\":\"ImageObject\",\"inLanguage\":\"az\",\"@id\":\"https:\\\/\\\/www.meydan.tv\\\/az\\\/article\\\/aygun-kazimova-ile-yaqub-zurufcu-da-koronavirusa-yoluxub\\\/#primaryimage\",\"url\":\"https:\\\/\\\/www.meydan.tv\\\/wp-content\\\/uploads\\\/untitled_design_-_2021-09-09t132706.468.png\",\"contentUrl\":\"https:\\\/\\\/www.meydan.tv\\\/wp-content\\\/uploads\\\/untitled_design_-_2021-09-09t132706.468.png\",\"width\":1280,\"height\":720,\"caption\":\"Source: Meydan.tv\"},{\"@type\":\"BreadcrumbList\",\"@id\":\"https:\\\/\\\/www.meydan.tv\\\/az\\\/article\\\/aygun-kazimova-ile-yaqub-zurufcu-da-koronavirusa-yoluxub\\\/#breadcrumb\",\"itemListElement\":[{\"@type\":\"ListItem\",\"position\":1,\"name\":\"Ana s\u0259hif\u0259\",\"item\":\"https:\\\/\\\/www.meydan.tv\\\/az\\\/\"},{\"@type\":\"ListItem\",\"position\":2,\"name\":\"M\u0259d\u0259niyy\u0259t\",\"item\":\"https:\\\/\\\/www.meydan.tv\\\/az\\\/section\\\/medeniyyet\\\/\"},{\"@type\":\"ListItem\",\"position\":3,\"name\":\"Ayg\u00fcn Kaz\u0131mova il\u0259 Yaqub Zuruf\u00e7u da koronavirusa yoluxub\"}]},{\"@type\":\"WebSite\",\"@id\":\"https:\\\/\\\/www.meydan.tv\\\/az\\\/#website\",\"url\":\"https:\\\/\\\/www.meydan.tv\\\/az\\\/\",\"name\":\"MEYDAN.TV\",\"description\":\"Meydan TV Az\u0259rbaycan\u0131n media m\u0259kan\u0131ndak\u0131 alternativ s\u0259sidir\",\"publisher\":{\"@id\":\"https:\\\/\\\/www.meydan.tv\\\/az\\\/#organization\"},\"potentialAction\":[{\"@type\":\"SearchAction\",\"target\":{\"@type\":\"EntryPoint\",\"urlTemplate\":\"https:\\\/\\\/www.meydan.tv\\\/az\\\/?s={search_term_string}\"},\"query-input\":{\"@type\":\"PropertyValueSpecification\",\"valueRequired\":true,\"valueName\":\"search_term_string\"}}],\"inLanguage\":\"az\"},{\"@type\":\"Organization\",\"@id\":\"https:\\\/\\\/www.meydan.tv\\\/az\\\/#organization\",\"name\":\"Meydan TV\",\"url\":\"https:\\\/\\\/www.meydan.tv\\\/az\\\/\",\"logo\":{\"@type\":\"ImageObject\",\"inLanguage\":\"az\",\"@id\":\"https:\\\/\\\/www.meydan.tv\\\/az\\\/#\\\/schema\\\/logo\\\/image\\\/\",\"url\":\"https:\\\/\\\/www.meydan.tv\\\/wp-content\\\/uploads\\\/2021\\\/07\\\/meydan-logo.svg\",\"contentUrl\":\"https:\\\/\\\/www.meydan.tv\\\/wp-content\\\/uploads\\\/2021\\\/07\\\/meydan-logo.svg\",\"width\":195,\"height\":46,\"caption\":\"Meydan TV\"},\"image\":{\"@id\":\"https:\\\/\\\/www.meydan.tv\\\/az\\\/#\\\/schema\\\/logo\\\/image\\\/\"}},{\"@type\":\"Person\",\"@id\":\"https:\\\/\\\/www.meydan.tv\\\/az\\\/#\\\/schema\\\/person\\\/10d11eccf6da3662cf5fdab9806ea91a\",\"name\":\"user-manager\"}]}<\/script>\n<!-- \/ Yoast SEO plugin. -->","yoast_head_json":{"title":"Ayg\u00fcn Kaz\u0131mova il\u0259 Yaqub Zuruf\u00e7u da koronavirusa yoluxub - MEYDAN.TV","robots":{"index":"index","follow":"follow","max-snippet":"max-snippet:-1","max-image-preview":"max-image-preview:large","max-video-preview":"max-video-preview:-1"},"canonical":"https:\/\/www.meydan.tv\/az\/article\/aygun-kazimova-ile-yaqub-zurufcu-da-koronavirusa-yoluxub\/","og_locale":"az_AZ","og_type":"article","og_title":"Ayg\u00fcn Kaz\u0131mova il\u0259 Yaqub Zuruf\u00e7u da koronavirusa yoluxub - MEYDAN.TV","og_description":"\u018fm\u0259kdar artist reanimasiyaya yerl\u0259\u015fdirilib","og_url":"https:\/\/www.meydan.tv\/az\/article\/aygun-kazimova-ile-yaqub-zurufcu-da-koronavirusa-yoluxub\/","og_site_name":"MEYDAN.TV","article_published_time":"2021-09-09T13:27:29+00:00","og_image":[{"width":1280,"height":720,"url":"https:\/\/www.meydan.tv\/wp-content\/uploads\/untitled_design_-_2021-09-09t132706.468.png","type":"image\/png"}],"author":"user-manager","twitter_card":"summary_large_image","schema":{"@context":"https:\/\/schema.org","@graph":[{"@type":"Article","@id":"https:\/\/www.meydan.tv\/az\/article\/aygun-kazimova-ile-yaqub-zurufcu-da-koronavirusa-yoluxub\/#article","isPartOf":{"@id":"https:\/\/www.meydan.tv\/az\/article\/aygun-kazimova-ile-yaqub-zurufcu-da-koronavirusa-yoluxub\/"},"author":{"name":"user-manager","@id":"https:\/\/www.meydan.tv\/az\/#\/schema\/person\/10d11eccf6da3662cf5fdab9806ea91a"},"headline":"Ayg\u00fcn Kaz\u0131mova il\u0259 Yaqub Zuruf\u00e7u da koronavirusa yoluxub","datePublished":"2021-09-09T13:27:29+00:00","mainEntityOfPage":{"@id":"https:\/\/www.meydan.tv\/az\/article\/aygun-kazimova-ile-yaqub-zurufcu-da-koronavirusa-yoluxub\/"},"wordCount":391,"publisher":{"@id":"https:\/\/www.meydan.tv\/az\/#organization"},"image":{"@id":"https:\/\/www.meydan.tv\/az\/article\/aygun-kazimova-ile-yaqub-zurufcu-da-koronavirusa-yoluxub\/#primaryimage"},"thumbnailUrl":"https:\/\/www.meydan.tv\/wp-content\/uploads\/untitled_design_-_2021-09-09t132706.468.png","articleSection":["M\u0259d\u0259niyy\u0259t"],"inLanguage":"az"},{"@type":"WebPage","@id":"https:\/\/www.meydan.tv\/az\/article\/aygun-kazimova-ile-yaqub-zurufcu-da-koronavirusa-yoluxub\/","url":"https:\/\/www.meydan.tv\/az\/article\/aygun-kazimova-ile-yaqub-zurufcu-da-koronavirusa-yoluxub\/","name":"Ayg\u00fcn Kaz\u0131mova il\u0259 Yaqub Zuruf\u00e7u da koronavirusa yoluxub - MEYDAN.TV","isPartOf":{"@id":"https:\/\/www.meydan.tv\/az\/#website"},"primaryImageOfPage":{"@id":"https:\/\/www.meydan.tv\/az\/article\/aygun-kazimova-ile-yaqub-zurufcu-da-koronavirusa-yoluxub\/#primaryimage"},"image":{"@id":"https:\/\/www.meydan.tv\/az\/article\/aygun-kazimova-ile-yaqub-zurufcu-da-koronavirusa-yoluxub\/#primaryimage"},"thumbnailUrl":"https:\/\/www.meydan.tv\/wp-content\/uploads\/untitled_design_-_2021-09-09t132706.468.png","datePublished":"2021-09-09T13:27:29+00:00","breadcrumb":{"@id":"https:\/\/www.meydan.tv\/az\/article\/aygun-kazimova-ile-yaqub-zurufcu-da-koronavirusa-yoluxub\/#breadcrumb"},"inLanguage":"az","potentialAction":[{"@type":"ReadAction","target":["https:\/\/www.meydan.tv\/az\/article\/aygun-kazimova-ile-yaqub-zurufcu-da-koronavirusa-yoluxub\/"]}]},{"@type":"ImageObject","inLanguage":"az","@id":"https:\/\/www.meydan.tv\/az\/article\/aygun-kazimova-ile-yaqub-zurufcu-da-koronavirusa-yoluxub\/#primaryimage","url":"https:\/\/www.meydan.tv\/wp-content\/uploads\/untitled_design_-_2021-09-09t132706.468.png","contentUrl":"https:\/\/www.meydan.tv\/wp-content\/uploads\/untitled_design_-_2021-09-09t132706.468.png","width":1280,"height":720,"caption":"Source: Meydan.tv"},{"@type":"BreadcrumbList","@id":"https:\/\/www.meydan.tv\/az\/article\/aygun-kazimova-ile-yaqub-zurufcu-da-koronavirusa-yoluxub\/#breadcrumb","itemListElement":[{"@type":"ListItem","position":1,"name":"Ana s\u0259hif\u0259","item":"https:\/\/www.meydan.tv\/az\/"},{"@type":"ListItem","position":2,"name":"M\u0259d\u0259niyy\u0259t","item":"https:\/\/www.meydan.tv\/az\/section\/medeniyyet\/"},{"@type":"ListItem","position":3,"name":"Ayg\u00fcn Kaz\u0131mova il\u0259 Yaqub Zuruf\u00e7u da koronavirusa yoluxub"}]},{"@type":"WebSite","@id":"https:\/\/www.meydan.tv\/az\/#website","url":"https:\/\/www.meydan.tv\/az\/","name":"MEYDAN.TV","description":"Meydan TV Az\u0259rbaycan\u0131n media m\u0259kan\u0131ndak\u0131 alternativ s\u0259sidir","publisher":{"@id":"https:\/\/www.meydan.tv\/az\/#organization"},"potentialAction":[{"@type":"SearchAction","target":{"@type":"EntryPoint","urlTemplate":"https:\/\/www.meydan.tv\/az\/?s={search_term_string}"},"query-input":{"@type":"PropertyValueSpecification","valueRequired":true,"valueName":"search_term_string"}}],"inLanguage":"az"},{"@type":"Organization","@id":"https:\/\/www.meydan.tv\/az\/#organization","name":"Meydan TV","url":"https:\/\/www.meydan.tv\/az\/","logo":{"@type":"ImageObject","inLanguage":"az","@id":"https:\/\/www.meydan.tv\/az\/#\/schema\/logo\/image\/","url":"https:\/\/www.meydan.tv\/wp-content\/uploads\/2021\/07\/meydan-logo.svg","contentUrl":"https:\/\/www.meydan.tv\/wp-content\/uploads\/2021\/07\/meydan-logo.svg","width":195,"height":46,"caption":"Meydan TV"},"image":{"@id":"https:\/\/www.meydan.tv\/az\/#\/schema\/logo\/image\/"}},{"@type":"Person","@id":"https:\/\/www.meydan.tv\/az\/#\/schema\/person\/10d11eccf6da3662cf5fdab9806ea91a","name":"user-manager"}]}},"_links":{"self":[{"href":"https:\/\/www.meydan.tv\/az\/wp-json\/wp\/v2\/posts\/212778","targetHints":{"allow":["GET"]}}],"collection":[{"href":"https:\/\/www.meydan.tv\/az\/wp-json\/wp\/v2\/posts"}],"about":[{"href":"https:\/\/www.meydan.tv\/az\/wp-json\/wp\/v2\/types\/post"}],"author":[{"embeddable":true,"href":"https:\/\/www.meydan.tv\/az\/wp-json\/wp\/v2\/users\/11"}],"replies":[{"embeddable":true,"href":"https:\/\/www.meydan.tv\/az\/wp-json\/wp\/v2\/comments?post=212778"}],"version-history":[{"count":0,"href":"https:\/\/www.meydan.tv\/az\/wp-json\/wp\/v2\/posts\/212778\/revisions"}],"wp:featuredmedia":[{"embeddable":true,"href":"https:\/\/www.meydan.tv\/az\/wp-json\/wp\/v2\/media\/209911"}],"wp:attachment":[{"href":"https:\/\/www.meydan.tv\/az\/wp-json\/wp\/v2\/media?parent=212778"}],"wp:term":[{"taxonomy":"category","embeddable":true,"href":"https:\/\/www.meydan.tv\/az\/wp-json\/wp\/v2\/categories?post=212778"},{"taxonomy":"post_tag","embeddable":true,"href":"https:\/\/www.meydan.tv\/az\/wp-json\/wp\/v2\/tags?post=212778"}],"curies":[{"name":"wp","href":"https:\/\/api.w.org\/{rel}","templated":true}]}}