{"id":212774,"date":"2021-09-09T11:50:27","date_gmt":"2021-09-09T11:50:27","guid":{"rendered":"https:\/\/www.meydan.tv\/article\/baki-caz-festivali-kecirilecek\/"},"modified":"2021-09-09T11:50:27","modified_gmt":"2021-09-09T11:50:27","slug":"baki-caz-festivali-kecirilecek","status":"publish","type":"post","link":"https:\/\/www.meydan.tv\/az\/article\/baki-caz-festivali-kecirilecek\/","title":{"rendered":"Bak\u0131 Caz Festival\u0131 ke\u00e7iril\u0259c\u0259k"},"content":{"rendered":"<p>\n  <i><br \/>\n    Builki festivala Hollandiya, Macar\u0131stan, T\u00fcrkiy\u0259, Rusiya, \u0130srail, Almaniya, L\u00fcksemburq v\u0259 G\u00fcrc\u00fcstandan qruplar qat\u0131lacaq<br \/>\n  <\/i>\n<\/p>\n<p>\n  Sentyabr\u0131n 10-dan 18-d\u0259k XVI Beyn\u0259lxalq Bak\u0131 Caz Festival\u0131 ke\u00e7iril\u0259c\u0259k.\n<\/p>\n<p>\n  \u0130ki illik fasil\u0259d\u0259n sonra realla\u015fan Bak\u0131 Caz Festival\u0131 44 g\u00fcnl\u00fck m\u00fcharib\u0259d\u0259 \u015f\u0259hid olanlar\u0131n xatir\u0259sin\u0259 h\u0259sr olunacaq.\n<\/p>\n<p>\n  Festival m\u00f6vcud epidemioloji v\u0259ziyy\u0259t n\u0259z\u0259r\u0259 al\u0131naraq karantin qaydalar\u0131na uy\u011fun \u015f\u0259kild\u0259 realla\u015facaq.\n<\/p>\n<p>\n  Konsertl\u0259r \u201cBeer Hall and Music Club\u201d v\u0259 \u201cArt Tower Gallery\u201dd\u0259, 18 sentyabrda qala konsert is\u0259 \u201cShahdag Night Club\u201dda ke\u00e7iril\u0259c\u0259k.\n<\/p>\n<p>\n  Builki festivala Hollandiya, Macar\u0131stan, T\u00fcrkiy\u0259, Rusiya, \u0130srail, Almaniya, L\u00fcksemburq v\u0259 G\u00fcrc\u00fcstandan qruplar qat\u0131lacaq. Festivalda xarici h\u0259mkarlar\u0131 il\u0259 birlikd\u0259 az\u0259rbaycanl\u0131 cazmenl\u0259r \u2013 \u018fm\u0259kdar artistl\u0259r Rain Sultanov, \u0130sfar Sarabski, musiqi\u00e7il\u0259r Elb\u0259y M\u0259mm\u0259dzad\u0259, Elvin B\u0259\u015firov, Diana Hac\u0131yeva, \u018ffqan R\u0259sul, Nicat Aslanov v\u0259 ba\u015fqalar\u0131 \u00e7\u0131x\u0131\u015f ed\u0259c\u0259k.\n<\/p>\n<p>\n  T\u0259dbir \u00e7\u0259r\u00e7iv\u0259sind\u0259 g\u0259nc istedadlar \u00fc\u00e7\u00fcn m\u00fcsabiq\u0259 t\u0259\u015fkil olunacaq.\n<\/p>\n<p>\n  Sentyabr\u0131n 10-da az\u0259rbaycanl\u0131 r\u0259ssamlar H\u00fcseyn Haqverdiyev, B\u0259hram X\u0259lilov, R\u00fcst\u0259m H\u00fcseynov, Arif Quluzad\u0259 \u201c\u0130mprovised by \u0130ndustry\u201d layih\u0259sini t\u0259qdim ed\u0259c\u0259kl\u0259r. Sentyabr\u0131n 17-d\u0259 is\u0259 dizayner Leyla \u018fhm\u0259dovan\u0131n caz m\u00f6vzusunda moda n\u00fcmayi\u015fi t\u0259\u015fkil olunacaq.\n<\/p>\n<p>\n  11 v\u0259 12 sentyabr tarixl\u0259rind\u0259 \u201c\u0130nc\u0259s\u0259n\u0259t q\u00fcll\u0259si\u201d (\u201cArt Tower\u201d) qalereyas\u0131nda caz-kino proqram\u0131 \u2013 ke\u00e7\u0259n \u0259srin \u0259fsan\u0259vi filml\u0259rinin n\u00fcmayi\u015fi ke\u00e7iril\u0259c\u0259k.\n<\/p>\n<p>\n  H\u0259m\u00e7inin ustad d\u0259rsl\u0259ri v\u0259 cem-sey\u015fnl\u0259r (jam-session) t\u0259\u015fkil edil\u0259c\u0259k.\n<\/p>\n<p>\n  Bak\u0131 Caz Festival\u0131 \u0259n son 2019-cu il oktyabr\u0131n 18\u201327-d\u0259k \u201cDaha \u00e7ox caz, daha \u00e7ox intellekt\u201d \u015f\u00fcar\u0131 alt\u0131nda ke\u00e7irilmi\u015fdi.\n<\/p>\n<p>\n  T\u0259dbir M\u0259d\u0259niyy\u0259t Nazirliyinin d\u0259st\u0259yi il\u0259<br \/>\n  <a href=\"http:\/\/mct.gov.az\/az\/umumi-xeberler\/13701\"><br \/>\n    realla\u015f\u0131r.<br \/>\n  <\/a><\/p>\n","protected":false},"excerpt":{"rendered":"<p>T\u0259dbir \u00e7\u0259r\u00e7iv\u0259sind\u0259 g\u0259nc istedadlar \u00fc\u00e7\u00fcn m\u00fcsabiq\u0259 t\u0259\u015fkil olunacaq.<\/p>\n","protected":false},"author":11,"featured_media":209902,"comment_status":"closed","ping_status":"open","sticky":false,"template":"","format":"standard","meta":{"_acf_changed":false,"_sitemap_exclude":false,"_sitemap_priority":"","_sitemap_frequency":"","footnotes":""},"categories":[52],"tags":[],"class_list":["post-212774","post","type-post","status-publish","format-standard","has-post-thumbnail","hentry","category-medeniyyet","infinite-scroll-item","generate-columns","tablet-grid-50","mobile-grid-100","grid-parent","grid-33","no-featured-image-padding"],"acf":[],"yoast_head":"<!-- This site is optimized with the Yoast SEO plugin v27.4 - https:\/\/yoast.com\/product\/yoast-seo-wordpress\/ -->\n<title>Bak\u0131 Caz Festival\u0131 ke\u00e7iril\u0259c\u0259k - MEYDAN.TV<\/title>\n<meta name=\"robots\" content=\"index, follow, max-snippet:-1, max-image-preview:large, max-video-preview:-1\" \/>\n<link rel=\"canonical\" href=\"https:\/\/www.meydan.tv\/az\/article\/baki-caz-festivali-kecirilecek\/\" \/>\n<meta property=\"og:locale\" content=\"az_AZ\" \/>\n<meta property=\"og:type\" content=\"article\" \/>\n<meta property=\"og:title\" content=\"Bak\u0131 Caz Festival\u0131 ke\u00e7iril\u0259c\u0259k - MEYDAN.TV\" \/>\n<meta property=\"og:description\" content=\"T\u0259dbir \u00e7\u0259r\u00e7iv\u0259sind\u0259 g\u0259nc istedadlar \u00fc\u00e7\u00fcn m\u00fcsabiq\u0259 t\u0259\u015fkil olunacaq.\" \/>\n<meta property=\"og:url\" content=\"https:\/\/www.meydan.tv\/az\/article\/baki-caz-festivali-kecirilecek\/\" \/>\n<meta property=\"og:site_name\" content=\"MEYDAN.TV\" \/>\n<meta property=\"article:published_time\" content=\"2021-09-09T11:50:27+00:00\" \/>\n<meta property=\"og:image\" content=\"https:\/\/www.meydan.tv\/wp-content\/uploads\/jazz.jpg\" \/>\n\t<meta property=\"og:image:width\" content=\"1024\" \/>\n\t<meta property=\"og:image:height\" content=\"588\" \/>\n\t<meta property=\"og:image:type\" content=\"image\/jpeg\" \/>\n<meta name=\"author\" content=\"user-manager\" \/>\n<meta name=\"twitter:card\" content=\"summary_large_image\" \/>\n<script type=\"application\/ld+json\" class=\"yoast-schema-graph\">{\"@context\":\"https:\\\/\\\/schema.org\",\"@graph\":[{\"@type\":\"Article\",\"@id\":\"https:\\\/\\\/www.meydan.tv\\\/az\\\/article\\\/baki-caz-festivali-kecirilecek\\\/#article\",\"isPartOf\":{\"@id\":\"https:\\\/\\\/www.meydan.tv\\\/az\\\/article\\\/baki-caz-festivali-kecirilecek\\\/\"},\"author\":{\"name\":\"user-manager\",\"@id\":\"https:\\\/\\\/www.meydan.tv\\\/az\\\/#\\\/schema\\\/person\\\/10d11eccf6da3662cf5fdab9806ea91a\"},\"headline\":\"Bak\u0131 Caz Festival\u0131 ke\u00e7iril\u0259c\u0259k\",\"datePublished\":\"2021-09-09T11:50:27+00:00\",\"mainEntityOfPage\":{\"@id\":\"https:\\\/\\\/www.meydan.tv\\\/az\\\/article\\\/baki-caz-festivali-kecirilecek\\\/\"},\"wordCount\":322,\"publisher\":{\"@id\":\"https:\\\/\\\/www.meydan.tv\\\/az\\\/#organization\"},\"image\":{\"@id\":\"https:\\\/\\\/www.meydan.tv\\\/az\\\/article\\\/baki-caz-festivali-kecirilecek\\\/#primaryimage\"},\"thumbnailUrl\":\"https:\\\/\\\/www.meydan.tv\\\/wp-content\\\/uploads\\\/jazz.jpg\",\"articleSection\":[\"M\u0259d\u0259niyy\u0259t\"],\"inLanguage\":\"az\"},{\"@type\":\"WebPage\",\"@id\":\"https:\\\/\\\/www.meydan.tv\\\/az\\\/article\\\/baki-caz-festivali-kecirilecek\\\/\",\"url\":\"https:\\\/\\\/www.meydan.tv\\\/az\\\/article\\\/baki-caz-festivali-kecirilecek\\\/\",\"name\":\"Bak\u0131 Caz Festival\u0131 ke\u00e7iril\u0259c\u0259k - MEYDAN.TV\",\"isPartOf\":{\"@id\":\"https:\\\/\\\/www.meydan.tv\\\/az\\\/#website\"},\"primaryImageOfPage\":{\"@id\":\"https:\\\/\\\/www.meydan.tv\\\/az\\\/article\\\/baki-caz-festivali-kecirilecek\\\/#primaryimage\"},\"image\":{\"@id\":\"https:\\\/\\\/www.meydan.tv\\\/az\\\/article\\\/baki-caz-festivali-kecirilecek\\\/#primaryimage\"},\"thumbnailUrl\":\"https:\\\/\\\/www.meydan.tv\\\/wp-content\\\/uploads\\\/jazz.jpg\",\"datePublished\":\"2021-09-09T11:50:27+00:00\",\"breadcrumb\":{\"@id\":\"https:\\\/\\\/www.meydan.tv\\\/az\\\/article\\\/baki-caz-festivali-kecirilecek\\\/#breadcrumb\"},\"inLanguage\":\"az\",\"potentialAction\":[{\"@type\":\"ReadAction\",\"target\":[\"https:\\\/\\\/www.meydan.tv\\\/az\\\/article\\\/baki-caz-festivali-kecirilecek\\\/\"]}]},{\"@type\":\"ImageObject\",\"inLanguage\":\"az\",\"@id\":\"https:\\\/\\\/www.meydan.tv\\\/az\\\/article\\\/baki-caz-festivali-kecirilecek\\\/#primaryimage\",\"url\":\"https:\\\/\\\/www.meydan.tv\\\/wp-content\\\/uploads\\\/jazz.jpg\",\"contentUrl\":\"https:\\\/\\\/www.meydan.tv\\\/wp-content\\\/uploads\\\/jazz.jpg\",\"width\":1024,\"height\":588,\"caption\":\"Source: Specify Source\"},{\"@type\":\"BreadcrumbList\",\"@id\":\"https:\\\/\\\/www.meydan.tv\\\/az\\\/article\\\/baki-caz-festivali-kecirilecek\\\/#breadcrumb\",\"itemListElement\":[{\"@type\":\"ListItem\",\"position\":1,\"name\":\"Ana s\u0259hif\u0259\",\"item\":\"https:\\\/\\\/www.meydan.tv\\\/az\\\/\"},{\"@type\":\"ListItem\",\"position\":2,\"name\":\"M\u0259d\u0259niyy\u0259t\",\"item\":\"https:\\\/\\\/www.meydan.tv\\\/az\\\/section\\\/medeniyyet\\\/\"},{\"@type\":\"ListItem\",\"position\":3,\"name\":\"Bak\u0131 Caz Festival\u0131 ke\u00e7iril\u0259c\u0259k\"}]},{\"@type\":\"WebSite\",\"@id\":\"https:\\\/\\\/www.meydan.tv\\\/az\\\/#website\",\"url\":\"https:\\\/\\\/www.meydan.tv\\\/az\\\/\",\"name\":\"MEYDAN.TV\",\"description\":\"Meydan TV Az\u0259rbaycan\u0131n media m\u0259kan\u0131ndak\u0131 alternativ s\u0259sidir\",\"publisher\":{\"@id\":\"https:\\\/\\\/www.meydan.tv\\\/az\\\/#organization\"},\"potentialAction\":[{\"@type\":\"SearchAction\",\"target\":{\"@type\":\"EntryPoint\",\"urlTemplate\":\"https:\\\/\\\/www.meydan.tv\\\/az\\\/?s={search_term_string}\"},\"query-input\":{\"@type\":\"PropertyValueSpecification\",\"valueRequired\":true,\"valueName\":\"search_term_string\"}}],\"inLanguage\":\"az\"},{\"@type\":\"Organization\",\"@id\":\"https:\\\/\\\/www.meydan.tv\\\/az\\\/#organization\",\"name\":\"Meydan TV\",\"url\":\"https:\\\/\\\/www.meydan.tv\\\/az\\\/\",\"logo\":{\"@type\":\"ImageObject\",\"inLanguage\":\"az\",\"@id\":\"https:\\\/\\\/www.meydan.tv\\\/az\\\/#\\\/schema\\\/logo\\\/image\\\/\",\"url\":\"https:\\\/\\\/www.meydan.tv\\\/wp-content\\\/uploads\\\/2021\\\/07\\\/meydan-logo.svg\",\"contentUrl\":\"https:\\\/\\\/www.meydan.tv\\\/wp-content\\\/uploads\\\/2021\\\/07\\\/meydan-logo.svg\",\"width\":195,\"height\":46,\"caption\":\"Meydan TV\"},\"image\":{\"@id\":\"https:\\\/\\\/www.meydan.tv\\\/az\\\/#\\\/schema\\\/logo\\\/image\\\/\"}},{\"@type\":\"Person\",\"@id\":\"https:\\\/\\\/www.meydan.tv\\\/az\\\/#\\\/schema\\\/person\\\/10d11eccf6da3662cf5fdab9806ea91a\",\"name\":\"user-manager\"}]}<\/script>\n<!-- \/ Yoast SEO plugin. -->","yoast_head_json":{"title":"Bak\u0131 Caz Festival\u0131 ke\u00e7iril\u0259c\u0259k - MEYDAN.TV","robots":{"index":"index","follow":"follow","max-snippet":"max-snippet:-1","max-image-preview":"max-image-preview:large","max-video-preview":"max-video-preview:-1"},"canonical":"https:\/\/www.meydan.tv\/az\/article\/baki-caz-festivali-kecirilecek\/","og_locale":"az_AZ","og_type":"article","og_title":"Bak\u0131 Caz Festival\u0131 ke\u00e7iril\u0259c\u0259k - MEYDAN.TV","og_description":"T\u0259dbir \u00e7\u0259r\u00e7iv\u0259sind\u0259 g\u0259nc istedadlar \u00fc\u00e7\u00fcn m\u00fcsabiq\u0259 t\u0259\u015fkil olunacaq.","og_url":"https:\/\/www.meydan.tv\/az\/article\/baki-caz-festivali-kecirilecek\/","og_site_name":"MEYDAN.TV","article_published_time":"2021-09-09T11:50:27+00:00","og_image":[{"width":1024,"height":588,"url":"https:\/\/www.meydan.tv\/wp-content\/uploads\/jazz.jpg","type":"image\/jpeg"}],"author":"user-manager","twitter_card":"summary_large_image","schema":{"@context":"https:\/\/schema.org","@graph":[{"@type":"Article","@id":"https:\/\/www.meydan.tv\/az\/article\/baki-caz-festivali-kecirilecek\/#article","isPartOf":{"@id":"https:\/\/www.meydan.tv\/az\/article\/baki-caz-festivali-kecirilecek\/"},"author":{"name":"user-manager","@id":"https:\/\/www.meydan.tv\/az\/#\/schema\/person\/10d11eccf6da3662cf5fdab9806ea91a"},"headline":"Bak\u0131 Caz Festival\u0131 ke\u00e7iril\u0259c\u0259k","datePublished":"2021-09-09T11:50:27+00:00","mainEntityOfPage":{"@id":"https:\/\/www.meydan.tv\/az\/article\/baki-caz-festivali-kecirilecek\/"},"wordCount":322,"publisher":{"@id":"https:\/\/www.meydan.tv\/az\/#organization"},"image":{"@id":"https:\/\/www.meydan.tv\/az\/article\/baki-caz-festivali-kecirilecek\/#primaryimage"},"thumbnailUrl":"https:\/\/www.meydan.tv\/wp-content\/uploads\/jazz.jpg","articleSection":["M\u0259d\u0259niyy\u0259t"],"inLanguage":"az"},{"@type":"WebPage","@id":"https:\/\/www.meydan.tv\/az\/article\/baki-caz-festivali-kecirilecek\/","url":"https:\/\/www.meydan.tv\/az\/article\/baki-caz-festivali-kecirilecek\/","name":"Bak\u0131 Caz Festival\u0131 ke\u00e7iril\u0259c\u0259k - MEYDAN.TV","isPartOf":{"@id":"https:\/\/www.meydan.tv\/az\/#website"},"primaryImageOfPage":{"@id":"https:\/\/www.meydan.tv\/az\/article\/baki-caz-festivali-kecirilecek\/#primaryimage"},"image":{"@id":"https:\/\/www.meydan.tv\/az\/article\/baki-caz-festivali-kecirilecek\/#primaryimage"},"thumbnailUrl":"https:\/\/www.meydan.tv\/wp-content\/uploads\/jazz.jpg","datePublished":"2021-09-09T11:50:27+00:00","breadcrumb":{"@id":"https:\/\/www.meydan.tv\/az\/article\/baki-caz-festivali-kecirilecek\/#breadcrumb"},"inLanguage":"az","potentialAction":[{"@type":"ReadAction","target":["https:\/\/www.meydan.tv\/az\/article\/baki-caz-festivali-kecirilecek\/"]}]},{"@type":"ImageObject","inLanguage":"az","@id":"https:\/\/www.meydan.tv\/az\/article\/baki-caz-festivali-kecirilecek\/#primaryimage","url":"https:\/\/www.meydan.tv\/wp-content\/uploads\/jazz.jpg","contentUrl":"https:\/\/www.meydan.tv\/wp-content\/uploads\/jazz.jpg","width":1024,"height":588,"caption":"Source: Specify Source"},{"@type":"BreadcrumbList","@id":"https:\/\/www.meydan.tv\/az\/article\/baki-caz-festivali-kecirilecek\/#breadcrumb","itemListElement":[{"@type":"ListItem","position":1,"name":"Ana s\u0259hif\u0259","item":"https:\/\/www.meydan.tv\/az\/"},{"@type":"ListItem","position":2,"name":"M\u0259d\u0259niyy\u0259t","item":"https:\/\/www.meydan.tv\/az\/section\/medeniyyet\/"},{"@type":"ListItem","position":3,"name":"Bak\u0131 Caz Festival\u0131 ke\u00e7iril\u0259c\u0259k"}]},{"@type":"WebSite","@id":"https:\/\/www.meydan.tv\/az\/#website","url":"https:\/\/www.meydan.tv\/az\/","name":"MEYDAN.TV","description":"Meydan TV Az\u0259rbaycan\u0131n media m\u0259kan\u0131ndak\u0131 alternativ s\u0259sidir","publisher":{"@id":"https:\/\/www.meydan.tv\/az\/#organization"},"potentialAction":[{"@type":"SearchAction","target":{"@type":"EntryPoint","urlTemplate":"https:\/\/www.meydan.tv\/az\/?s={search_term_string}"},"query-input":{"@type":"PropertyValueSpecification","valueRequired":true,"valueName":"search_term_string"}}],"inLanguage":"az"},{"@type":"Organization","@id":"https:\/\/www.meydan.tv\/az\/#organization","name":"Meydan TV","url":"https:\/\/www.meydan.tv\/az\/","logo":{"@type":"ImageObject","inLanguage":"az","@id":"https:\/\/www.meydan.tv\/az\/#\/schema\/logo\/image\/","url":"https:\/\/www.meydan.tv\/wp-content\/uploads\/2021\/07\/meydan-logo.svg","contentUrl":"https:\/\/www.meydan.tv\/wp-content\/uploads\/2021\/07\/meydan-logo.svg","width":195,"height":46,"caption":"Meydan TV"},"image":{"@id":"https:\/\/www.meydan.tv\/az\/#\/schema\/logo\/image\/"}},{"@type":"Person","@id":"https:\/\/www.meydan.tv\/az\/#\/schema\/person\/10d11eccf6da3662cf5fdab9806ea91a","name":"user-manager"}]}},"_links":{"self":[{"href":"https:\/\/www.meydan.tv\/az\/wp-json\/wp\/v2\/posts\/212774","targetHints":{"allow":["GET"]}}],"collection":[{"href":"https:\/\/www.meydan.tv\/az\/wp-json\/wp\/v2\/posts"}],"about":[{"href":"https:\/\/www.meydan.tv\/az\/wp-json\/wp\/v2\/types\/post"}],"author":[{"embeddable":true,"href":"https:\/\/www.meydan.tv\/az\/wp-json\/wp\/v2\/users\/11"}],"replies":[{"embeddable":true,"href":"https:\/\/www.meydan.tv\/az\/wp-json\/wp\/v2\/comments?post=212774"}],"version-history":[{"count":0,"href":"https:\/\/www.meydan.tv\/az\/wp-json\/wp\/v2\/posts\/212774\/revisions"}],"wp:featuredmedia":[{"embeddable":true,"href":"https:\/\/www.meydan.tv\/az\/wp-json\/wp\/v2\/media\/209902"}],"wp:attachment":[{"href":"https:\/\/www.meydan.tv\/az\/wp-json\/wp\/v2\/media?parent=212774"}],"wp:term":[{"taxonomy":"category","embeddable":true,"href":"https:\/\/www.meydan.tv\/az\/wp-json\/wp\/v2\/categories?post=212774"},{"taxonomy":"post_tag","embeddable":true,"href":"https:\/\/www.meydan.tv\/az\/wp-json\/wp\/v2\/tags?post=212774"}],"curies":[{"name":"wp","href":"https:\/\/api.w.org\/{rel}","templated":true}]}}