{"id":212755,"date":"2021-09-08T12:25:16","date_gmt":"2021-09-08T12:25:16","guid":{"rendered":"https:\/\/www.meydan.tv\/article\/azerbaycanli-rejissor-qizil-qayiq-mukafatina-layiq-gorulub\/"},"modified":"2021-09-08T12:25:16","modified_gmt":"2021-09-08T12:25:16","slug":"azerbaycanli-rejissor-qizil-qayiq-mukafatina-layiq-gorulub","status":"publish","type":"post","link":"https:\/\/www.meydan.tv\/az\/article\/azerbaycanli-rejissor-qizil-qayiq-mukafatina-layiq-gorulub\/","title":{"rendered":"Az\u0259rbaycanl\u0131 rejissor \u201cQ\u0131z\u0131l qay\u0131q\u201d m\u00fckafat\u0131na layiq g\u00f6r\u00fcl\u00fcb"},"content":{"rendered":"<p>\n  <i><br \/>\n    Beyn\u0259lxalq Animasiya Festival\u0131na 134 \u0259s\u0259r t\u0259qdim olunub<br \/>\n  <\/i>\n<\/p>\n<p>\n  Bak\u0131da IV AN\u0130MAF\u0130LM Beyn\u0259lxalq Animasiya Festival\u0131 ke\u00e7irilib.\n<\/p>\n<p>\n  Sentyabr\u0131n 3-d\u0259n 7-d\u0259k ke\u00e7iril\u0259n festivalda 40 m\u00fcxt\u0259lif \u00f6lk\u0259d\u0259n 134 \u0259s\u0259r t\u0259qdim edilib. M\u00fcsabiq\u0259d\u0259 i\u015ftirak\u00e7\u0131lar 12 yerli v\u0259 xarici m\u00fcsabiq\u0259 kateqoriyalar\u0131 \u00fczr\u0259 m\u00fckafatlar u\u011frunda<br \/>\n  <a href=\"https:\/\/aki.az\/ramiz-agayev-qizil-qayiq-mukafatina-layiq-goruldu\/\"><br \/>\n    yar\u0131\u015f\u0131b<br \/>\n  <\/a><br \/>\n  .\n<\/p>\n<p>\n  Festivalda animasiya filml\u0259rinin n\u00fcmayi\u015fi il\u0259 yana\u015f\u0131 yerli v\u0259 xarici pe\u015f\u0259karlar\u0131n i\u015ftirak\u0131yla vork\u015foplar da t\u0259\u015fkil olunub.\n<\/p>\n<p>\n  M\u00fcsabiq\u0259nin m\u00fcnsifl\u0259r hey\u0259tinin \u00fczvl\u0259ri M\u0259sud P\u0259nahi (Az\u0259rbaycan), Olivye Katren (Fransa), Nensi Denni-Felps v\u0259 Nik Felps (Bel\u00e7ika), M\u0259ry\u0259m Kandelaki (G\u00fcrc\u00fcstan), \u0130rad\u0259 Ba\u011f\u0131rzad\u0259 (Az\u0259rbaycan), Pyotr Kardas (Pol\u015fa), Mehdi Xoru\u015fi v\u0259 M\u0259ry\u0259m Ruhbax\u015f (\u0130ran) olub.\n<\/p>\n<p>\n  \u201cU\u015faqlar \u00fc\u00e7\u00fcn \u0259n yax\u015f\u0131 q\u0131sametrajl\u0131 animasiya filmi\u201d v\u0259 \u201cU\u015faqlar t\u0259r\u0259find\u0259n \u00e7\u0259kilmi\u015f \u0259n yax\u015f\u0131 animasiya filmi\u201d kateqoriyalar \u00fczr\u0259 iki qalib se\u00e7ib.\n<\/p>\n<p>\n  Ba\u011flan\u0131\u015f m\u0259rasimind\u0259 qalibl\u0259r elan olunub. Bu il t\u0259svir rejissoru Ramiz A\u011fayev festival\u0131n \u201cAz\u0259rbaycan animasiyas\u0131na verdiyi t\u00f6hf\u0259y\u0259 g\u00f6r\u0259\u201d nominasiyas\u0131 \u00fczr\u0259 \u201cQ\u0131z\u0131l qay\u0131q\u201d m\u00fckafat\u0131na layiq g\u00f6r\u00fcl\u00fcb.\n<\/p>\n<p>\n  Ramiz A\u011fayev Bak\u0131da do\u011fulub. \u018fsas\u0259n animasiya filml\u0259rinin (\u201cQ\u0131z qalas\u0131 \u0259fsan\u0259si\u201d (1978), \u201cSehrl\u0259nmi\u015f k\u00fcp\u0259\u201d (1979), \u201cToral v\u0259 Z\u0259ri\u201d (1979), \u201cMe\u015f\u0259y\u0259 insan g\u0259lir\u201d (1980), \u201cSehrli a\u011fac\u201d (1980), \u201cSand\u0131q\u201d (1982), \u201cAkvarium\u201d (1983), \u201cM\u00fcn\u0259ccimin \u015fagirdi\u201d (1983), \u201cSehrli nax\u0131\u015flar\u201d (1984), \u201cHumay\u0131n yuxusu\u201d (1985), \u201cArzular\u2026 Arzular\u2026\u201d (1988), \u201cQarav\u0259lli\u201d (1989), \u201cNar a\u011fac\u0131n\u0131n na\u011f\u0131l\u0131\u201d (1989), \u201cA\u011fa, c\u0259ddin\u0259 qurban\u201d (1993) v\u0259 sair filml\u0259rinin operatoru olub.<\/p>\n","protected":false},"excerpt":{"rendered":"<p>Bu il t\u0259svir rejissoru Ramiz A\u011fayev festival\u0131n \u201cAz\u0259rbaycan animasiyas\u0131na verdiyi t\u00f6hf\u0259y\u0259 g\u00f6r\u0259\u201d nominasiyas\u0131 \u00fczr\u0259 \u201cQ\u0131z\u0131l qay\u0131q\u201d m\u00fckafat\u0131na layiq g\u00f6r\u00fcl\u00fcb.<\/p>\n","protected":false},"author":11,"featured_media":209872,"comment_status":"closed","ping_status":"open","sticky":false,"template":"","format":"standard","meta":{"_acf_changed":false,"_sitemap_exclude":false,"_sitemap_priority":"","_sitemap_frequency":"","footnotes":""},"categories":[52],"tags":[],"class_list":["post-212755","post","type-post","status-publish","format-standard","has-post-thumbnail","hentry","category-medeniyyet","infinite-scroll-item","generate-columns","tablet-grid-50","mobile-grid-100","grid-parent","grid-33","no-featured-image-padding"],"acf":[],"yoast_head":"<!-- This site is optimized with the Yoast SEO plugin v27.4 - https:\/\/yoast.com\/product\/yoast-seo-wordpress\/ -->\n<title>Az\u0259rbaycanl\u0131 rejissor \u201cQ\u0131z\u0131l qay\u0131q\u201d m\u00fckafat\u0131na layiq g\u00f6r\u00fcl\u00fcb - MEYDAN.TV<\/title>\n<meta name=\"robots\" content=\"index, follow, max-snippet:-1, max-image-preview:large, max-video-preview:-1\" \/>\n<link rel=\"canonical\" href=\"https:\/\/www.meydan.tv\/az\/article\/azerbaycanli-rejissor-qizil-qayiq-mukafatina-layiq-gorulub\/\" \/>\n<meta property=\"og:locale\" content=\"az_AZ\" \/>\n<meta property=\"og:type\" content=\"article\" \/>\n<meta property=\"og:title\" content=\"Az\u0259rbaycanl\u0131 rejissor \u201cQ\u0131z\u0131l qay\u0131q\u201d m\u00fckafat\u0131na layiq g\u00f6r\u00fcl\u00fcb - MEYDAN.TV\" \/>\n<meta property=\"og:description\" content=\"Bu il t\u0259svir rejissoru Ramiz A\u011fayev festival\u0131n \u201cAz\u0259rbaycan animasiyas\u0131na verdiyi t\u00f6hf\u0259y\u0259 g\u00f6r\u0259\u201d nominasiyas\u0131 \u00fczr\u0259 \u201cQ\u0131z\u0131l qay\u0131q\u201d m\u00fckafat\u0131na layiq g\u00f6r\u00fcl\u00fcb.\" \/>\n<meta property=\"og:url\" content=\"https:\/\/www.meydan.tv\/az\/article\/azerbaycanli-rejissor-qizil-qayiq-mukafatina-layiq-gorulub\/\" \/>\n<meta property=\"og:site_name\" content=\"MEYDAN.TV\" \/>\n<meta property=\"article:published_time\" content=\"2021-09-08T12:25:16+00:00\" \/>\n<meta property=\"og:image\" content=\"https:\/\/www.meydan.tv\/wp-content\/uploads\/3-2.jpg\" \/>\n\t<meta property=\"og:image:width\" content=\"960\" \/>\n\t<meta property=\"og:image:height\" content=\"720\" \/>\n\t<meta property=\"og:image:type\" content=\"image\/jpeg\" \/>\n<meta name=\"author\" content=\"user-manager\" \/>\n<meta name=\"twitter:card\" content=\"summary_large_image\" \/>\n<script type=\"application\/ld+json\" class=\"yoast-schema-graph\">{\"@context\":\"https:\\\/\\\/schema.org\",\"@graph\":[{\"@type\":\"Article\",\"@id\":\"https:\\\/\\\/www.meydan.tv\\\/az\\\/article\\\/azerbaycanli-rejissor-qizil-qayiq-mukafatina-layiq-gorulub\\\/#article\",\"isPartOf\":{\"@id\":\"https:\\\/\\\/www.meydan.tv\\\/az\\\/article\\\/azerbaycanli-rejissor-qizil-qayiq-mukafatina-layiq-gorulub\\\/\"},\"author\":{\"name\":\"user-manager\",\"@id\":\"https:\\\/\\\/www.meydan.tv\\\/az\\\/#\\\/schema\\\/person\\\/10d11eccf6da3662cf5fdab9806ea91a\"},\"headline\":\"Az\u0259rbaycanl\u0131 rejissor \u201cQ\u0131z\u0131l qay\u0131q\u201d m\u00fckafat\u0131na layiq g\u00f6r\u00fcl\u00fcb\",\"datePublished\":\"2021-09-08T12:25:16+00:00\",\"mainEntityOfPage\":{\"@id\":\"https:\\\/\\\/www.meydan.tv\\\/az\\\/article\\\/azerbaycanli-rejissor-qizil-qayiq-mukafatina-layiq-gorulub\\\/\"},\"wordCount\":292,\"publisher\":{\"@id\":\"https:\\\/\\\/www.meydan.tv\\\/az\\\/#organization\"},\"image\":{\"@id\":\"https:\\\/\\\/www.meydan.tv\\\/az\\\/article\\\/azerbaycanli-rejissor-qizil-qayiq-mukafatina-layiq-gorulub\\\/#primaryimage\"},\"thumbnailUrl\":\"https:\\\/\\\/www.meydan.tv\\\/wp-content\\\/uploads\\\/3-2.jpg\",\"articleSection\":[\"M\u0259d\u0259niyy\u0259t\"],\"inLanguage\":\"az\"},{\"@type\":\"WebPage\",\"@id\":\"https:\\\/\\\/www.meydan.tv\\\/az\\\/article\\\/azerbaycanli-rejissor-qizil-qayiq-mukafatina-layiq-gorulub\\\/\",\"url\":\"https:\\\/\\\/www.meydan.tv\\\/az\\\/article\\\/azerbaycanli-rejissor-qizil-qayiq-mukafatina-layiq-gorulub\\\/\",\"name\":\"Az\u0259rbaycanl\u0131 rejissor \u201cQ\u0131z\u0131l qay\u0131q\u201d m\u00fckafat\u0131na layiq g\u00f6r\u00fcl\u00fcb - MEYDAN.TV\",\"isPartOf\":{\"@id\":\"https:\\\/\\\/www.meydan.tv\\\/az\\\/#website\"},\"primaryImageOfPage\":{\"@id\":\"https:\\\/\\\/www.meydan.tv\\\/az\\\/article\\\/azerbaycanli-rejissor-qizil-qayiq-mukafatina-layiq-gorulub\\\/#primaryimage\"},\"image\":{\"@id\":\"https:\\\/\\\/www.meydan.tv\\\/az\\\/article\\\/azerbaycanli-rejissor-qizil-qayiq-mukafatina-layiq-gorulub\\\/#primaryimage\"},\"thumbnailUrl\":\"https:\\\/\\\/www.meydan.tv\\\/wp-content\\\/uploads\\\/3-2.jpg\",\"datePublished\":\"2021-09-08T12:25:16+00:00\",\"breadcrumb\":{\"@id\":\"https:\\\/\\\/www.meydan.tv\\\/az\\\/article\\\/azerbaycanli-rejissor-qizil-qayiq-mukafatina-layiq-gorulub\\\/#breadcrumb\"},\"inLanguage\":\"az\",\"potentialAction\":[{\"@type\":\"ReadAction\",\"target\":[\"https:\\\/\\\/www.meydan.tv\\\/az\\\/article\\\/azerbaycanli-rejissor-qizil-qayiq-mukafatina-layiq-gorulub\\\/\"]}]},{\"@type\":\"ImageObject\",\"inLanguage\":\"az\",\"@id\":\"https:\\\/\\\/www.meydan.tv\\\/az\\\/article\\\/azerbaycanli-rejissor-qizil-qayiq-mukafatina-layiq-gorulub\\\/#primaryimage\",\"url\":\"https:\\\/\\\/www.meydan.tv\\\/wp-content\\\/uploads\\\/3-2.jpg\",\"contentUrl\":\"https:\\\/\\\/www.meydan.tv\\\/wp-content\\\/uploads\\\/3-2.jpg\",\"width\":960,\"height\":720,\"caption\":\"Source: Specify Source\"},{\"@type\":\"BreadcrumbList\",\"@id\":\"https:\\\/\\\/www.meydan.tv\\\/az\\\/article\\\/azerbaycanli-rejissor-qizil-qayiq-mukafatina-layiq-gorulub\\\/#breadcrumb\",\"itemListElement\":[{\"@type\":\"ListItem\",\"position\":1,\"name\":\"Ana s\u0259hif\u0259\",\"item\":\"https:\\\/\\\/www.meydan.tv\\\/az\\\/\"},{\"@type\":\"ListItem\",\"position\":2,\"name\":\"M\u0259d\u0259niyy\u0259t\",\"item\":\"https:\\\/\\\/www.meydan.tv\\\/az\\\/section\\\/medeniyyet\\\/\"},{\"@type\":\"ListItem\",\"position\":3,\"name\":\"Az\u0259rbaycanl\u0131 rejissor \u201cQ\u0131z\u0131l qay\u0131q\u201d m\u00fckafat\u0131na layiq g\u00f6r\u00fcl\u00fcb\"}]},{\"@type\":\"WebSite\",\"@id\":\"https:\\\/\\\/www.meydan.tv\\\/az\\\/#website\",\"url\":\"https:\\\/\\\/www.meydan.tv\\\/az\\\/\",\"name\":\"MEYDAN.TV\",\"description\":\"Meydan TV Az\u0259rbaycan\u0131n media m\u0259kan\u0131ndak\u0131 alternativ s\u0259sidir\",\"publisher\":{\"@id\":\"https:\\\/\\\/www.meydan.tv\\\/az\\\/#organization\"},\"potentialAction\":[{\"@type\":\"SearchAction\",\"target\":{\"@type\":\"EntryPoint\",\"urlTemplate\":\"https:\\\/\\\/www.meydan.tv\\\/az\\\/?s={search_term_string}\"},\"query-input\":{\"@type\":\"PropertyValueSpecification\",\"valueRequired\":true,\"valueName\":\"search_term_string\"}}],\"inLanguage\":\"az\"},{\"@type\":\"Organization\",\"@id\":\"https:\\\/\\\/www.meydan.tv\\\/az\\\/#organization\",\"name\":\"Meydan TV\",\"url\":\"https:\\\/\\\/www.meydan.tv\\\/az\\\/\",\"logo\":{\"@type\":\"ImageObject\",\"inLanguage\":\"az\",\"@id\":\"https:\\\/\\\/www.meydan.tv\\\/az\\\/#\\\/schema\\\/logo\\\/image\\\/\",\"url\":\"https:\\\/\\\/www.meydan.tv\\\/wp-content\\\/uploads\\\/2021\\\/07\\\/meydan-logo.svg\",\"contentUrl\":\"https:\\\/\\\/www.meydan.tv\\\/wp-content\\\/uploads\\\/2021\\\/07\\\/meydan-logo.svg\",\"width\":195,\"height\":46,\"caption\":\"Meydan TV\"},\"image\":{\"@id\":\"https:\\\/\\\/www.meydan.tv\\\/az\\\/#\\\/schema\\\/logo\\\/image\\\/\"}},{\"@type\":\"Person\",\"@id\":\"https:\\\/\\\/www.meydan.tv\\\/az\\\/#\\\/schema\\\/person\\\/10d11eccf6da3662cf5fdab9806ea91a\",\"name\":\"user-manager\"}]}<\/script>\n<!-- \/ Yoast SEO plugin. -->","yoast_head_json":{"title":"Az\u0259rbaycanl\u0131 rejissor \u201cQ\u0131z\u0131l qay\u0131q\u201d m\u00fckafat\u0131na layiq g\u00f6r\u00fcl\u00fcb - MEYDAN.TV","robots":{"index":"index","follow":"follow","max-snippet":"max-snippet:-1","max-image-preview":"max-image-preview:large","max-video-preview":"max-video-preview:-1"},"canonical":"https:\/\/www.meydan.tv\/az\/article\/azerbaycanli-rejissor-qizil-qayiq-mukafatina-layiq-gorulub\/","og_locale":"az_AZ","og_type":"article","og_title":"Az\u0259rbaycanl\u0131 rejissor \u201cQ\u0131z\u0131l qay\u0131q\u201d m\u00fckafat\u0131na layiq g\u00f6r\u00fcl\u00fcb - MEYDAN.TV","og_description":"Bu il t\u0259svir rejissoru Ramiz A\u011fayev festival\u0131n \u201cAz\u0259rbaycan animasiyas\u0131na verdiyi t\u00f6hf\u0259y\u0259 g\u00f6r\u0259\u201d nominasiyas\u0131 \u00fczr\u0259 \u201cQ\u0131z\u0131l qay\u0131q\u201d m\u00fckafat\u0131na layiq g\u00f6r\u00fcl\u00fcb.","og_url":"https:\/\/www.meydan.tv\/az\/article\/azerbaycanli-rejissor-qizil-qayiq-mukafatina-layiq-gorulub\/","og_site_name":"MEYDAN.TV","article_published_time":"2021-09-08T12:25:16+00:00","og_image":[{"width":960,"height":720,"url":"https:\/\/www.meydan.tv\/wp-content\/uploads\/3-2.jpg","type":"image\/jpeg"}],"author":"user-manager","twitter_card":"summary_large_image","schema":{"@context":"https:\/\/schema.org","@graph":[{"@type":"Article","@id":"https:\/\/www.meydan.tv\/az\/article\/azerbaycanli-rejissor-qizil-qayiq-mukafatina-layiq-gorulub\/#article","isPartOf":{"@id":"https:\/\/www.meydan.tv\/az\/article\/azerbaycanli-rejissor-qizil-qayiq-mukafatina-layiq-gorulub\/"},"author":{"name":"user-manager","@id":"https:\/\/www.meydan.tv\/az\/#\/schema\/person\/10d11eccf6da3662cf5fdab9806ea91a"},"headline":"Az\u0259rbaycanl\u0131 rejissor \u201cQ\u0131z\u0131l qay\u0131q\u201d m\u00fckafat\u0131na layiq g\u00f6r\u00fcl\u00fcb","datePublished":"2021-09-08T12:25:16+00:00","mainEntityOfPage":{"@id":"https:\/\/www.meydan.tv\/az\/article\/azerbaycanli-rejissor-qizil-qayiq-mukafatina-layiq-gorulub\/"},"wordCount":292,"publisher":{"@id":"https:\/\/www.meydan.tv\/az\/#organization"},"image":{"@id":"https:\/\/www.meydan.tv\/az\/article\/azerbaycanli-rejissor-qizil-qayiq-mukafatina-layiq-gorulub\/#primaryimage"},"thumbnailUrl":"https:\/\/www.meydan.tv\/wp-content\/uploads\/3-2.jpg","articleSection":["M\u0259d\u0259niyy\u0259t"],"inLanguage":"az"},{"@type":"WebPage","@id":"https:\/\/www.meydan.tv\/az\/article\/azerbaycanli-rejissor-qizil-qayiq-mukafatina-layiq-gorulub\/","url":"https:\/\/www.meydan.tv\/az\/article\/azerbaycanli-rejissor-qizil-qayiq-mukafatina-layiq-gorulub\/","name":"Az\u0259rbaycanl\u0131 rejissor \u201cQ\u0131z\u0131l qay\u0131q\u201d m\u00fckafat\u0131na layiq g\u00f6r\u00fcl\u00fcb - MEYDAN.TV","isPartOf":{"@id":"https:\/\/www.meydan.tv\/az\/#website"},"primaryImageOfPage":{"@id":"https:\/\/www.meydan.tv\/az\/article\/azerbaycanli-rejissor-qizil-qayiq-mukafatina-layiq-gorulub\/#primaryimage"},"image":{"@id":"https:\/\/www.meydan.tv\/az\/article\/azerbaycanli-rejissor-qizil-qayiq-mukafatina-layiq-gorulub\/#primaryimage"},"thumbnailUrl":"https:\/\/www.meydan.tv\/wp-content\/uploads\/3-2.jpg","datePublished":"2021-09-08T12:25:16+00:00","breadcrumb":{"@id":"https:\/\/www.meydan.tv\/az\/article\/azerbaycanli-rejissor-qizil-qayiq-mukafatina-layiq-gorulub\/#breadcrumb"},"inLanguage":"az","potentialAction":[{"@type":"ReadAction","target":["https:\/\/www.meydan.tv\/az\/article\/azerbaycanli-rejissor-qizil-qayiq-mukafatina-layiq-gorulub\/"]}]},{"@type":"ImageObject","inLanguage":"az","@id":"https:\/\/www.meydan.tv\/az\/article\/azerbaycanli-rejissor-qizil-qayiq-mukafatina-layiq-gorulub\/#primaryimage","url":"https:\/\/www.meydan.tv\/wp-content\/uploads\/3-2.jpg","contentUrl":"https:\/\/www.meydan.tv\/wp-content\/uploads\/3-2.jpg","width":960,"height":720,"caption":"Source: Specify Source"},{"@type":"BreadcrumbList","@id":"https:\/\/www.meydan.tv\/az\/article\/azerbaycanli-rejissor-qizil-qayiq-mukafatina-layiq-gorulub\/#breadcrumb","itemListElement":[{"@type":"ListItem","position":1,"name":"Ana s\u0259hif\u0259","item":"https:\/\/www.meydan.tv\/az\/"},{"@type":"ListItem","position":2,"name":"M\u0259d\u0259niyy\u0259t","item":"https:\/\/www.meydan.tv\/az\/section\/medeniyyet\/"},{"@type":"ListItem","position":3,"name":"Az\u0259rbaycanl\u0131 rejissor \u201cQ\u0131z\u0131l qay\u0131q\u201d m\u00fckafat\u0131na layiq g\u00f6r\u00fcl\u00fcb"}]},{"@type":"WebSite","@id":"https:\/\/www.meydan.tv\/az\/#website","url":"https:\/\/www.meydan.tv\/az\/","name":"MEYDAN.TV","description":"Meydan TV Az\u0259rbaycan\u0131n media m\u0259kan\u0131ndak\u0131 alternativ s\u0259sidir","publisher":{"@id":"https:\/\/www.meydan.tv\/az\/#organization"},"potentialAction":[{"@type":"SearchAction","target":{"@type":"EntryPoint","urlTemplate":"https:\/\/www.meydan.tv\/az\/?s={search_term_string}"},"query-input":{"@type":"PropertyValueSpecification","valueRequired":true,"valueName":"search_term_string"}}],"inLanguage":"az"},{"@type":"Organization","@id":"https:\/\/www.meydan.tv\/az\/#organization","name":"Meydan TV","url":"https:\/\/www.meydan.tv\/az\/","logo":{"@type":"ImageObject","inLanguage":"az","@id":"https:\/\/www.meydan.tv\/az\/#\/schema\/logo\/image\/","url":"https:\/\/www.meydan.tv\/wp-content\/uploads\/2021\/07\/meydan-logo.svg","contentUrl":"https:\/\/www.meydan.tv\/wp-content\/uploads\/2021\/07\/meydan-logo.svg","width":195,"height":46,"caption":"Meydan TV"},"image":{"@id":"https:\/\/www.meydan.tv\/az\/#\/schema\/logo\/image\/"}},{"@type":"Person","@id":"https:\/\/www.meydan.tv\/az\/#\/schema\/person\/10d11eccf6da3662cf5fdab9806ea91a","name":"user-manager"}]}},"_links":{"self":[{"href":"https:\/\/www.meydan.tv\/az\/wp-json\/wp\/v2\/posts\/212755","targetHints":{"allow":["GET"]}}],"collection":[{"href":"https:\/\/www.meydan.tv\/az\/wp-json\/wp\/v2\/posts"}],"about":[{"href":"https:\/\/www.meydan.tv\/az\/wp-json\/wp\/v2\/types\/post"}],"author":[{"embeddable":true,"href":"https:\/\/www.meydan.tv\/az\/wp-json\/wp\/v2\/users\/11"}],"replies":[{"embeddable":true,"href":"https:\/\/www.meydan.tv\/az\/wp-json\/wp\/v2\/comments?post=212755"}],"version-history":[{"count":0,"href":"https:\/\/www.meydan.tv\/az\/wp-json\/wp\/v2\/posts\/212755\/revisions"}],"wp:featuredmedia":[{"embeddable":true,"href":"https:\/\/www.meydan.tv\/az\/wp-json\/wp\/v2\/media\/209872"}],"wp:attachment":[{"href":"https:\/\/www.meydan.tv\/az\/wp-json\/wp\/v2\/media?parent=212755"}],"wp:term":[{"taxonomy":"category","embeddable":true,"href":"https:\/\/www.meydan.tv\/az\/wp-json\/wp\/v2\/categories?post=212755"},{"taxonomy":"post_tag","embeddable":true,"href":"https:\/\/www.meydan.tv\/az\/wp-json\/wp\/v2\/tags?post=212755"}],"curies":[{"name":"wp","href":"https:\/\/api.w.org\/{rel}","templated":true}]}}