{"id":212751,"date":"2021-09-08T11:29:00","date_gmt":"2021-09-08T11:29:00","guid":{"rendered":"https:\/\/www.meydan.tv\/article\/qirmizi-filmi-beynelxalq-festivala-gonderilir\/"},"modified":"2021-09-08T11:29:00","modified_gmt":"2021-09-08T11:29:00","slug":"qirmizi-filmi-beynelxalq-festivala-gonderilir","status":"publish","type":"post","link":"https:\/\/www.meydan.tv\/az\/article\/qirmizi-filmi-beynelxalq-festivala-gonderilir\/","title":{"rendered":"\u201cQ\u0131rm\u0131z\u0131\u201d filmi beyn\u0259lxalq festivala g\u00f6nd\u0259rilir"},"content":{"rendered":"<p>\n  <i><br \/>\n    Rejissor: \u201c\u00dcmid edir\u0259m ki, Samara Beyn\u0259lxalq \u201c\u041a\u0438\u043d\u043e-\u0434\u0435\u0442\u044f\u043c\u201d festival\u0131ndan da m\u00fckafatla qay\u0131daca\u011f\u0131q\u201d<br \/>\n  <\/i>\n<\/p>\n<p>\n  Rejissor Tahir Tahirovi\u00e7in \u201cQ\u0131rm\u0131z\u0131\u201d q\u0131sametrajl\u0131 b\u0259dii filmi beyn\u0259lxalq festivalda i\u015ftirak ed\u0259c\u0259k.\n<\/p>\n<p>\n  S\u00f6hb\u0259t sentyabr\u0131n 19-dan 24-d\u0259k Rusiyada ke\u00e7iril\u0259c\u0259k XXVI Samara Beyn\u0259lxalq \u201c\u041a\u0438\u043d\u043e-\u0434\u0435\u0442\u044f\u043c\u201d festival\u0131ndan gedir.\n<\/p>\n<p>\n  Sosial m\u00f6vzu \u00fcz\u0259rind\u0259 qurulan film Lerikin ucqar da\u011f k\u0259ndind\u0259 ya\u015fayan m\u0259kt\u0259bli q\u0131z S\u0259bin\u0259 A\u011fayevadan b\u0259hs edir.\n<\/p>\n<p>\n  Valideynl\u0259ri ayr\u0131l\u0131b. Evd\u0259 t\u0259k qalan m\u0259kt\u0259bli q\u0131z s\u0259h\u0259rin tez a\u00e7\u0131lma\u011f\u0131n\u0131 g\u00f6zl\u0259yir ki, atas\u0131n\u0131n ona do\u011fum g\u00fcn\u00fcnd\u0259 ald\u0131\u011f\u0131 q\u0131rm\u0131z\u0131 ayaqqab\u0131lar\u0131n\u0131 m\u0259kt\u0259b\u0259 geyinsin. Lakin q\u0131za q\u0131rm\u0131z\u0131 ayaqqab\u0131n\u0131 geyinm\u0259k qism\u0259t olmur. M\u0259kt\u0259b\u0259 \u00e7atana q\u0259d\u0259r ayaqqab\u0131lar\u0131n\u0131 pal\u00e7\u0131qda itirir.\n<\/p>\n<p>\n  Filmin yarad\u0131c\u0131 hey\u0259ti: ssenari m\u00fc\u0259llifi Sevda Sultanova, rejissor Tahir Tahirovi\u00e7, operatoru \u018fmin\u0259 H\u0259s\u0259nlidir. Xronometraj\u0131 15 d\u0259qiq\u0259dir.\n<\/p>\n<p>\n  Tahir Tahirovi\u00e7 Meydan TV-y\u0259 a\u00e7\u0131qlamas\u0131nda deyib ki, filmd\u0259 \u0259lav\u0259 obrazlar da var, lakin onlar\u0131n yaln\u0131z s\u0259sl\u0259ri e\u015fidilir. Onun s\u00f6zl\u0259rin\u0259 g\u00f6r\u0259, \u201cQ\u0131rm\u0131z\u0131\u201d indiy\u0259d\u0259k be\u015f beyn\u0259lxalq festivalda i\u015ftirak edib:\n<\/p>\n<p>\n  \u201cFilm 2020-ci ild\u0259 Moskvada ke\u00e7iril\u0259n VIII Beyn\u0259lxalq Etnoqrafik Kino Festival\u0131nda m\u00fckafat da qazan\u0131b. \u00dcmid edir\u0259m ki, Samara Beyn\u0259lxalq \u201c\u041a\u0438\u043d\u043e-\u0434\u0435\u0442\u044f\u043c\u201d festival\u0131ndan da m\u00fckafatla qay\u0131daca\u011f\u0131q. Festival\u0131n final m\u0259rh\u0259l\u0259sin\u0259 \u0130taliya, Rusiya, Belarus, Erm\u0259nistan v\u0259 Az\u0259rbaycandan olan be\u015f film qal\u0131b. Onu da deyim ki, pandemiya v\u0259ziyy\u0259ti il\u0259 \u0259laq\u0259dar festivalda i\u015ftirak etm\u0259y\u0259c\u0259y\u0259m, onlayn izl\u0259y\u0259c\u0259y\u0259m\u201d.\n<\/p>\n<p>\n  \u201c\u041a\u0438\u043d\u043e-\u0434\u0435\u0442\u044f\u043c\u201d beyn\u0259lxalq kinofestival\u0131 25 ildir ke\u00e7irilir. Bu ill\u0259r \u0259rzind\u0259 AB\u015e, \u0130taliya, B\u00f6y\u00fck Britaniya, Fransa. Almaniya, G\u00fcrc\u00fcstan, Belarus Respublikas\u0131, Ukrayna v\u0259 ba\u015fqa \u00f6lk\u0259l\u0259rin filml\u0259ri n\u00fcmayi\u015f olunub.\n<\/p>\n<p>\n  Festival\u0131n t\u0259dbirl\u0259rind\u0259 \u00e7\u0259tin h\u0259yat \u015f\u0259raitind\u0259 olan u\u015faqlar \u00fc\u00e7\u00fcn \u201c\u00dcmid art\u0131m\u0131\u201d proqram\u0131 x\u00fcsusi yer tutur. Proqram 2011-ci ild\u0259n Rusiya Federasiyas\u0131 M\u0259d\u0259niyy\u0259t Nazirliyi v\u0259 \u201cRadost\u201d xeyriyy\u0259 fondunun d\u0259st\u0259yi il\u0259 ke\u00e7irilir.<\/p>\n","protected":false},"excerpt":{"rendered":"<p>&#8220;M\u0259kt\u0259b\u0259 \u00e7atana q\u0259d\u0259r ayaqqab\u0131lar\u0131n\u0131 pal\u00e7\u0131qda itirir&#8221;<\/p>\n","protected":false},"author":11,"featured_media":209866,"comment_status":"closed","ping_status":"open","sticky":false,"template":"","format":"standard","meta":{"_acf_changed":false,"_sitemap_exclude":false,"_sitemap_priority":"","_sitemap_frequency":"","footnotes":""},"categories":[52],"tags":[],"class_list":["post-212751","post","type-post","status-publish","format-standard","has-post-thumbnail","hentry","category-medeniyyet","infinite-scroll-item","generate-columns","tablet-grid-50","mobile-grid-100","grid-parent","grid-33","no-featured-image-padding"],"acf":[],"yoast_head":"<!-- This site is optimized with the Yoast SEO plugin v27.4 - https:\/\/yoast.com\/product\/yoast-seo-wordpress\/ -->\n<title>\u201cQ\u0131rm\u0131z\u0131\u201d filmi beyn\u0259lxalq festivala g\u00f6nd\u0259rilir - MEYDAN.TV<\/title>\n<meta name=\"robots\" content=\"index, follow, max-snippet:-1, max-image-preview:large, max-video-preview:-1\" \/>\n<link rel=\"canonical\" href=\"https:\/\/www.meydan.tv\/az\/article\/qirmizi-filmi-beynelxalq-festivala-gonderilir\/\" \/>\n<meta property=\"og:locale\" content=\"az_AZ\" \/>\n<meta property=\"og:type\" content=\"article\" \/>\n<meta property=\"og:title\" content=\"\u201cQ\u0131rm\u0131z\u0131\u201d filmi beyn\u0259lxalq festivala g\u00f6nd\u0259rilir - MEYDAN.TV\" \/>\n<meta property=\"og:description\" content=\"&quot;M\u0259kt\u0259b\u0259 \u00e7atana q\u0259d\u0259r ayaqqab\u0131lar\u0131n\u0131 pal\u00e7\u0131qda itirir&quot;\" \/>\n<meta property=\"og:url\" content=\"https:\/\/www.meydan.tv\/az\/article\/qirmizi-filmi-beynelxalq-festivala-gonderilir\/\" \/>\n<meta property=\"og:site_name\" content=\"MEYDAN.TV\" \/>\n<meta property=\"article:published_time\" content=\"2021-09-08T11:29:00+00:00\" \/>\n<meta property=\"og:image\" content=\"https:\/\/www.meydan.tv\/wp-content\/uploads\/ak__.jpg\" \/>\n\t<meta property=\"og:image:width\" content=\"800\" \/>\n\t<meta property=\"og:image:height\" content=\"480\" \/>\n\t<meta property=\"og:image:type\" content=\"image\/jpeg\" \/>\n<meta name=\"author\" content=\"user-manager\" \/>\n<meta name=\"twitter:card\" content=\"summary_large_image\" \/>\n<script type=\"application\/ld+json\" class=\"yoast-schema-graph\">{\"@context\":\"https:\\\/\\\/schema.org\",\"@graph\":[{\"@type\":\"Article\",\"@id\":\"https:\\\/\\\/www.meydan.tv\\\/az\\\/article\\\/qirmizi-filmi-beynelxalq-festivala-gonderilir\\\/#article\",\"isPartOf\":{\"@id\":\"https:\\\/\\\/www.meydan.tv\\\/az\\\/article\\\/qirmizi-filmi-beynelxalq-festivala-gonderilir\\\/\"},\"author\":{\"name\":\"user-manager\",\"@id\":\"https:\\\/\\\/www.meydan.tv\\\/az\\\/#\\\/schema\\\/person\\\/10d11eccf6da3662cf5fdab9806ea91a\"},\"headline\":\"\u201cQ\u0131rm\u0131z\u0131\u201d filmi beyn\u0259lxalq festivala g\u00f6nd\u0259rilir\",\"datePublished\":\"2021-09-08T11:29:00+00:00\",\"mainEntityOfPage\":{\"@id\":\"https:\\\/\\\/www.meydan.tv\\\/az\\\/article\\\/qirmizi-filmi-beynelxalq-festivala-gonderilir\\\/\"},\"wordCount\":441,\"publisher\":{\"@id\":\"https:\\\/\\\/www.meydan.tv\\\/az\\\/#organization\"},\"image\":{\"@id\":\"https:\\\/\\\/www.meydan.tv\\\/az\\\/article\\\/qirmizi-filmi-beynelxalq-festivala-gonderilir\\\/#primaryimage\"},\"thumbnailUrl\":\"https:\\\/\\\/www.meydan.tv\\\/wp-content\\\/uploads\\\/ak__.jpg\",\"articleSection\":[\"M\u0259d\u0259niyy\u0259t\"],\"inLanguage\":\"az\"},{\"@type\":\"WebPage\",\"@id\":\"https:\\\/\\\/www.meydan.tv\\\/az\\\/article\\\/qirmizi-filmi-beynelxalq-festivala-gonderilir\\\/\",\"url\":\"https:\\\/\\\/www.meydan.tv\\\/az\\\/article\\\/qirmizi-filmi-beynelxalq-festivala-gonderilir\\\/\",\"name\":\"\u201cQ\u0131rm\u0131z\u0131\u201d filmi beyn\u0259lxalq festivala g\u00f6nd\u0259rilir - MEYDAN.TV\",\"isPartOf\":{\"@id\":\"https:\\\/\\\/www.meydan.tv\\\/az\\\/#website\"},\"primaryImageOfPage\":{\"@id\":\"https:\\\/\\\/www.meydan.tv\\\/az\\\/article\\\/qirmizi-filmi-beynelxalq-festivala-gonderilir\\\/#primaryimage\"},\"image\":{\"@id\":\"https:\\\/\\\/www.meydan.tv\\\/az\\\/article\\\/qirmizi-filmi-beynelxalq-festivala-gonderilir\\\/#primaryimage\"},\"thumbnailUrl\":\"https:\\\/\\\/www.meydan.tv\\\/wp-content\\\/uploads\\\/ak__.jpg\",\"datePublished\":\"2021-09-08T11:29:00+00:00\",\"breadcrumb\":{\"@id\":\"https:\\\/\\\/www.meydan.tv\\\/az\\\/article\\\/qirmizi-filmi-beynelxalq-festivala-gonderilir\\\/#breadcrumb\"},\"inLanguage\":\"az\",\"potentialAction\":[{\"@type\":\"ReadAction\",\"target\":[\"https:\\\/\\\/www.meydan.tv\\\/az\\\/article\\\/qirmizi-filmi-beynelxalq-festivala-gonderilir\\\/\"]}]},{\"@type\":\"ImageObject\",\"inLanguage\":\"az\",\"@id\":\"https:\\\/\\\/www.meydan.tv\\\/az\\\/article\\\/qirmizi-filmi-beynelxalq-festivala-gonderilir\\\/#primaryimage\",\"url\":\"https:\\\/\\\/www.meydan.tv\\\/wp-content\\\/uploads\\\/ak__.jpg\",\"contentUrl\":\"https:\\\/\\\/www.meydan.tv\\\/wp-content\\\/uploads\\\/ak__.jpg\",\"width\":800,\"height\":480,\"caption\":\"Source: Specify Source\"},{\"@type\":\"BreadcrumbList\",\"@id\":\"https:\\\/\\\/www.meydan.tv\\\/az\\\/article\\\/qirmizi-filmi-beynelxalq-festivala-gonderilir\\\/#breadcrumb\",\"itemListElement\":[{\"@type\":\"ListItem\",\"position\":1,\"name\":\"Ana s\u0259hif\u0259\",\"item\":\"https:\\\/\\\/www.meydan.tv\\\/az\\\/\"},{\"@type\":\"ListItem\",\"position\":2,\"name\":\"M\u0259d\u0259niyy\u0259t\",\"item\":\"https:\\\/\\\/www.meydan.tv\\\/az\\\/section\\\/medeniyyet\\\/\"},{\"@type\":\"ListItem\",\"position\":3,\"name\":\"\u201cQ\u0131rm\u0131z\u0131\u201d filmi beyn\u0259lxalq festivala g\u00f6nd\u0259rilir\"}]},{\"@type\":\"WebSite\",\"@id\":\"https:\\\/\\\/www.meydan.tv\\\/az\\\/#website\",\"url\":\"https:\\\/\\\/www.meydan.tv\\\/az\\\/\",\"name\":\"MEYDAN.TV\",\"description\":\"Meydan TV Az\u0259rbaycan\u0131n media m\u0259kan\u0131ndak\u0131 alternativ s\u0259sidir\",\"publisher\":{\"@id\":\"https:\\\/\\\/www.meydan.tv\\\/az\\\/#organization\"},\"potentialAction\":[{\"@type\":\"SearchAction\",\"target\":{\"@type\":\"EntryPoint\",\"urlTemplate\":\"https:\\\/\\\/www.meydan.tv\\\/az\\\/?s={search_term_string}\"},\"query-input\":{\"@type\":\"PropertyValueSpecification\",\"valueRequired\":true,\"valueName\":\"search_term_string\"}}],\"inLanguage\":\"az\"},{\"@type\":\"Organization\",\"@id\":\"https:\\\/\\\/www.meydan.tv\\\/az\\\/#organization\",\"name\":\"Meydan TV\",\"url\":\"https:\\\/\\\/www.meydan.tv\\\/az\\\/\",\"logo\":{\"@type\":\"ImageObject\",\"inLanguage\":\"az\",\"@id\":\"https:\\\/\\\/www.meydan.tv\\\/az\\\/#\\\/schema\\\/logo\\\/image\\\/\",\"url\":\"https:\\\/\\\/www.meydan.tv\\\/wp-content\\\/uploads\\\/2021\\\/07\\\/meydan-logo.svg\",\"contentUrl\":\"https:\\\/\\\/www.meydan.tv\\\/wp-content\\\/uploads\\\/2021\\\/07\\\/meydan-logo.svg\",\"width\":195,\"height\":46,\"caption\":\"Meydan TV\"},\"image\":{\"@id\":\"https:\\\/\\\/www.meydan.tv\\\/az\\\/#\\\/schema\\\/logo\\\/image\\\/\"}},{\"@type\":\"Person\",\"@id\":\"https:\\\/\\\/www.meydan.tv\\\/az\\\/#\\\/schema\\\/person\\\/10d11eccf6da3662cf5fdab9806ea91a\",\"name\":\"user-manager\"}]}<\/script>\n<!-- \/ Yoast SEO plugin. -->","yoast_head_json":{"title":"\u201cQ\u0131rm\u0131z\u0131\u201d filmi beyn\u0259lxalq festivala g\u00f6nd\u0259rilir - MEYDAN.TV","robots":{"index":"index","follow":"follow","max-snippet":"max-snippet:-1","max-image-preview":"max-image-preview:large","max-video-preview":"max-video-preview:-1"},"canonical":"https:\/\/www.meydan.tv\/az\/article\/qirmizi-filmi-beynelxalq-festivala-gonderilir\/","og_locale":"az_AZ","og_type":"article","og_title":"\u201cQ\u0131rm\u0131z\u0131\u201d filmi beyn\u0259lxalq festivala g\u00f6nd\u0259rilir - MEYDAN.TV","og_description":"\"M\u0259kt\u0259b\u0259 \u00e7atana q\u0259d\u0259r ayaqqab\u0131lar\u0131n\u0131 pal\u00e7\u0131qda itirir\"","og_url":"https:\/\/www.meydan.tv\/az\/article\/qirmizi-filmi-beynelxalq-festivala-gonderilir\/","og_site_name":"MEYDAN.TV","article_published_time":"2021-09-08T11:29:00+00:00","og_image":[{"width":800,"height":480,"url":"https:\/\/www.meydan.tv\/wp-content\/uploads\/ak__.jpg","type":"image\/jpeg"}],"author":"user-manager","twitter_card":"summary_large_image","schema":{"@context":"https:\/\/schema.org","@graph":[{"@type":"Article","@id":"https:\/\/www.meydan.tv\/az\/article\/qirmizi-filmi-beynelxalq-festivala-gonderilir\/#article","isPartOf":{"@id":"https:\/\/www.meydan.tv\/az\/article\/qirmizi-filmi-beynelxalq-festivala-gonderilir\/"},"author":{"name":"user-manager","@id":"https:\/\/www.meydan.tv\/az\/#\/schema\/person\/10d11eccf6da3662cf5fdab9806ea91a"},"headline":"\u201cQ\u0131rm\u0131z\u0131\u201d filmi beyn\u0259lxalq festivala g\u00f6nd\u0259rilir","datePublished":"2021-09-08T11:29:00+00:00","mainEntityOfPage":{"@id":"https:\/\/www.meydan.tv\/az\/article\/qirmizi-filmi-beynelxalq-festivala-gonderilir\/"},"wordCount":441,"publisher":{"@id":"https:\/\/www.meydan.tv\/az\/#organization"},"image":{"@id":"https:\/\/www.meydan.tv\/az\/article\/qirmizi-filmi-beynelxalq-festivala-gonderilir\/#primaryimage"},"thumbnailUrl":"https:\/\/www.meydan.tv\/wp-content\/uploads\/ak__.jpg","articleSection":["M\u0259d\u0259niyy\u0259t"],"inLanguage":"az"},{"@type":"WebPage","@id":"https:\/\/www.meydan.tv\/az\/article\/qirmizi-filmi-beynelxalq-festivala-gonderilir\/","url":"https:\/\/www.meydan.tv\/az\/article\/qirmizi-filmi-beynelxalq-festivala-gonderilir\/","name":"\u201cQ\u0131rm\u0131z\u0131\u201d filmi beyn\u0259lxalq festivala g\u00f6nd\u0259rilir - MEYDAN.TV","isPartOf":{"@id":"https:\/\/www.meydan.tv\/az\/#website"},"primaryImageOfPage":{"@id":"https:\/\/www.meydan.tv\/az\/article\/qirmizi-filmi-beynelxalq-festivala-gonderilir\/#primaryimage"},"image":{"@id":"https:\/\/www.meydan.tv\/az\/article\/qirmizi-filmi-beynelxalq-festivala-gonderilir\/#primaryimage"},"thumbnailUrl":"https:\/\/www.meydan.tv\/wp-content\/uploads\/ak__.jpg","datePublished":"2021-09-08T11:29:00+00:00","breadcrumb":{"@id":"https:\/\/www.meydan.tv\/az\/article\/qirmizi-filmi-beynelxalq-festivala-gonderilir\/#breadcrumb"},"inLanguage":"az","potentialAction":[{"@type":"ReadAction","target":["https:\/\/www.meydan.tv\/az\/article\/qirmizi-filmi-beynelxalq-festivala-gonderilir\/"]}]},{"@type":"ImageObject","inLanguage":"az","@id":"https:\/\/www.meydan.tv\/az\/article\/qirmizi-filmi-beynelxalq-festivala-gonderilir\/#primaryimage","url":"https:\/\/www.meydan.tv\/wp-content\/uploads\/ak__.jpg","contentUrl":"https:\/\/www.meydan.tv\/wp-content\/uploads\/ak__.jpg","width":800,"height":480,"caption":"Source: Specify Source"},{"@type":"BreadcrumbList","@id":"https:\/\/www.meydan.tv\/az\/article\/qirmizi-filmi-beynelxalq-festivala-gonderilir\/#breadcrumb","itemListElement":[{"@type":"ListItem","position":1,"name":"Ana s\u0259hif\u0259","item":"https:\/\/www.meydan.tv\/az\/"},{"@type":"ListItem","position":2,"name":"M\u0259d\u0259niyy\u0259t","item":"https:\/\/www.meydan.tv\/az\/section\/medeniyyet\/"},{"@type":"ListItem","position":3,"name":"\u201cQ\u0131rm\u0131z\u0131\u201d filmi beyn\u0259lxalq festivala g\u00f6nd\u0259rilir"}]},{"@type":"WebSite","@id":"https:\/\/www.meydan.tv\/az\/#website","url":"https:\/\/www.meydan.tv\/az\/","name":"MEYDAN.TV","description":"Meydan TV Az\u0259rbaycan\u0131n media m\u0259kan\u0131ndak\u0131 alternativ s\u0259sidir","publisher":{"@id":"https:\/\/www.meydan.tv\/az\/#organization"},"potentialAction":[{"@type":"SearchAction","target":{"@type":"EntryPoint","urlTemplate":"https:\/\/www.meydan.tv\/az\/?s={search_term_string}"},"query-input":{"@type":"PropertyValueSpecification","valueRequired":true,"valueName":"search_term_string"}}],"inLanguage":"az"},{"@type":"Organization","@id":"https:\/\/www.meydan.tv\/az\/#organization","name":"Meydan TV","url":"https:\/\/www.meydan.tv\/az\/","logo":{"@type":"ImageObject","inLanguage":"az","@id":"https:\/\/www.meydan.tv\/az\/#\/schema\/logo\/image\/","url":"https:\/\/www.meydan.tv\/wp-content\/uploads\/2021\/07\/meydan-logo.svg","contentUrl":"https:\/\/www.meydan.tv\/wp-content\/uploads\/2021\/07\/meydan-logo.svg","width":195,"height":46,"caption":"Meydan TV"},"image":{"@id":"https:\/\/www.meydan.tv\/az\/#\/schema\/logo\/image\/"}},{"@type":"Person","@id":"https:\/\/www.meydan.tv\/az\/#\/schema\/person\/10d11eccf6da3662cf5fdab9806ea91a","name":"user-manager"}]}},"_links":{"self":[{"href":"https:\/\/www.meydan.tv\/az\/wp-json\/wp\/v2\/posts\/212751","targetHints":{"allow":["GET"]}}],"collection":[{"href":"https:\/\/www.meydan.tv\/az\/wp-json\/wp\/v2\/posts"}],"about":[{"href":"https:\/\/www.meydan.tv\/az\/wp-json\/wp\/v2\/types\/post"}],"author":[{"embeddable":true,"href":"https:\/\/www.meydan.tv\/az\/wp-json\/wp\/v2\/users\/11"}],"replies":[{"embeddable":true,"href":"https:\/\/www.meydan.tv\/az\/wp-json\/wp\/v2\/comments?post=212751"}],"version-history":[{"count":0,"href":"https:\/\/www.meydan.tv\/az\/wp-json\/wp\/v2\/posts\/212751\/revisions"}],"wp:featuredmedia":[{"embeddable":true,"href":"https:\/\/www.meydan.tv\/az\/wp-json\/wp\/v2\/media\/209866"}],"wp:attachment":[{"href":"https:\/\/www.meydan.tv\/az\/wp-json\/wp\/v2\/media?parent=212751"}],"wp:term":[{"taxonomy":"category","embeddable":true,"href":"https:\/\/www.meydan.tv\/az\/wp-json\/wp\/v2\/categories?post=212751"},{"taxonomy":"post_tag","embeddable":true,"href":"https:\/\/www.meydan.tv\/az\/wp-json\/wp\/v2\/tags?post=212751"}],"curies":[{"name":"wp","href":"https:\/\/api.w.org\/{rel}","templated":true}]}}