{"id":212734,"date":"2021-09-07T12:29:47","date_gmt":"2021-09-07T12:29:47","guid":{"rendered":"https:\/\/www.meydan.tv\/article\/yeniyetmeler-de-peyvend-olunacaq\/"},"modified":"2021-09-07T12:29:47","modified_gmt":"2021-09-07T12:29:47","slug":"yeniyetmeler-de-peyvend-olunacaq","status":"publish","type":"post","link":"https:\/\/www.meydan.tv\/az\/article\/yeniyetmeler-de-peyvend-olunacaq\/","title":{"rendered":"Yeniyetm\u0259l\u0259r d\u0259 peyv\u0259nd olunacaq"},"content":{"rendered":"<p>\n  <i><br \/>\n    Vaksinasiya \u00fc\u00e7\u00fcn h\u0259r iki valideynin icaz\u0259si laz\u0131md\u0131r<br \/>\n  <\/i>\n<\/p>\n<p>\n  Az\u0259rbaycanda yeniyetm\u0259l\u0259r d\u0259 peyv\u0259nd olunacaq.\n<\/p>\n<p>\n  Bu haqda Meydan TV-y\u0259 T\u018fB\u0130B-in m\u0259tbuat xidm\u0259tind\u0259n m\u0259lumat verilib.\n<\/p>\n<p>\n  Bildirilir ki, cari epidemioloji v\u0259ziyy\u0259ti, Avropa D\u0259rman Agentliyi, Amerika \u018frzaq v\u0259 D\u0259rman Administrasiyas\u0131n\u0131n yeniyetm\u0259l\u0259r\u0259 mRNT Pfizer (\u201cComirnaty\u201d) peyv\u0259ndinin vurulmas\u0131na r\u0259smi icaz\u0259l\u0259rini n\u0259z\u0259r\u0259 alaraq S\u0259hiyy\u0259 Nazirliyinin Elmi Tibbi \u015euras\u0131 v\u0259 T\u018fB\u0130B-in Elmi Komit\u0259si q\u0259rar q\u0259bul edib:\n<\/p>\n<p>\n  Az\u0259rbaycan Respublikas\u0131nda istisna hallarda 16-18 ya\u015fl\u0131 yeniyetm\u0259l\u0259r\u0259 COV\u0130D-19 x\u0259st\u0259liyi \u0259leyhin\u0259 mRNT Pfizer (\u201cComirnaty\u201d) peyv\u0259ndi vurulacaq.\n<\/p>\n<p>\n  16-18 ya\u015fl\u0131 yeniyetm\u0259l\u0259rin vaksinasiyas\u0131 \u00fc\u00e7\u00fcn vaksinasiyan\u0131n s\u0259b\u0259bini g\u00f6st\u0259rm\u0259kl\u0259 valideynl\u0259rd\u0259n birinin yaz\u0131l\u0131 m\u00fcraci\u0259ti v\u0259 h\u0259r iki valideynin yaz\u0131l\u0131 raz\u0131l\u0131\u011f\u0131 t\u0259l\u0259b edil\u0259c\u0259k.\n<\/p>\n<p>\n  16-18 ya\u015fl\u0131 yeniyetm\u0259l\u0259rin vaksinasiyas\u0131 m\u0259rk\u0259zl\u0259\u015fdirilmi\u015f \u015f\u0259kild\u0259 Bak\u0131 Sa\u011flaml\u0131q M\u0259rk\u0259zind\u0259 apar\u0131lacaq.\n<\/p>\n<p>\n  S\u00f6z\u00fcged\u0259n \u015f\u0259xsl\u0259r https:\/\/randevu.its.gov.az\/ sayt\u0131na daxil olaraq, \u201cCOVID-19 vaksin randevu\u201d elektron xidm\u0259tind\u0259n istifad\u0259 etm\u0259kl\u0259 koronavirus x\u0259st\u0259liyi \u0259leyhin\u0259 vaksinasiya \u00fc\u00e7\u00fcn onlayn qaydada n\u00f6vb\u0259 g\u00f6t\u00fcrm\u0259lidir.<\/p>\n","protected":false},"excerpt":{"rendered":"<p>16-18 ya\u015fl\u0131 yeniyetm\u0259l\u0259rin vaksinasiyas\u0131 m\u0259rk\u0259zl\u0259\u015fdirilmi\u015f \u015f\u0259kild\u0259 Bak\u0131 Sa\u011flaml\u0131q M\u0259rk\u0259zind\u0259 apar\u0131lacaq.<\/p>\n","protected":false},"author":11,"featured_media":161616,"comment_status":"closed","ping_status":"open","sticky":false,"template":"","format":"standard","meta":{"_acf_changed":false,"_sitemap_exclude":false,"_sitemap_priority":"","_sitemap_frequency":"","footnotes":""},"categories":[54],"tags":[],"class_list":["post-212734","post","type-post","status-publish","format-standard","has-post-thumbnail","hentry","category-sagliq","infinite-scroll-item","generate-columns","tablet-grid-50","mobile-grid-100","grid-parent","grid-33","no-featured-image-padding"],"acf":[],"yoast_head":"<!-- This site is optimized with the Yoast SEO plugin v27.4 - https:\/\/yoast.com\/product\/yoast-seo-wordpress\/ -->\n<title>Yeniyetm\u0259l\u0259r d\u0259 peyv\u0259nd olunacaq - MEYDAN.TV<\/title>\n<meta name=\"robots\" content=\"index, follow, max-snippet:-1, max-image-preview:large, max-video-preview:-1\" \/>\n<link rel=\"canonical\" href=\"https:\/\/www.meydan.tv\/az\/article\/yeniyetmeler-de-peyvend-olunacaq\/\" \/>\n<meta property=\"og:locale\" content=\"az_AZ\" \/>\n<meta property=\"og:type\" content=\"article\" \/>\n<meta property=\"og:title\" content=\"Yeniyetm\u0259l\u0259r d\u0259 peyv\u0259nd olunacaq - MEYDAN.TV\" \/>\n<meta property=\"og:description\" content=\"16-18 ya\u015fl\u0131 yeniyetm\u0259l\u0259rin vaksinasiyas\u0131 m\u0259rk\u0259zl\u0259\u015fdirilmi\u015f \u015f\u0259kild\u0259 Bak\u0131 Sa\u011flaml\u0131q M\u0259rk\u0259zind\u0259 apar\u0131lacaq.\" \/>\n<meta property=\"og:url\" content=\"https:\/\/www.meydan.tv\/az\/article\/yeniyetmeler-de-peyvend-olunacaq\/\" \/>\n<meta property=\"og:site_name\" content=\"MEYDAN.TV\" \/>\n<meta property=\"article:published_time\" content=\"2021-09-07T12:29:47+00:00\" \/>\n<meta property=\"og:image\" content=\"https:\/\/www.meydan.tv\/wp-content\/uploads\/covid1-scaled.jpg\" \/>\n\t<meta property=\"og:image:width\" content=\"2560\" \/>\n\t<meta property=\"og:image:height\" content=\"1440\" \/>\n\t<meta property=\"og:image:type\" content=\"image\/jpeg\" \/>\n<meta name=\"author\" content=\"user-manager\" \/>\n<meta name=\"twitter:card\" content=\"summary_large_image\" \/>\n<script type=\"application\/ld+json\" class=\"yoast-schema-graph\">{\"@context\":\"https:\\\/\\\/schema.org\",\"@graph\":[{\"@type\":\"Article\",\"@id\":\"https:\\\/\\\/www.meydan.tv\\\/az\\\/article\\\/yeniyetmeler-de-peyvend-olunacaq\\\/#article\",\"isPartOf\":{\"@id\":\"https:\\\/\\\/www.meydan.tv\\\/az\\\/article\\\/yeniyetmeler-de-peyvend-olunacaq\\\/\"},\"author\":{\"name\":\"user-manager\",\"@id\":\"https:\\\/\\\/www.meydan.tv\\\/az\\\/#\\\/schema\\\/person\\\/10d11eccf6da3662cf5fdab9806ea91a\"},\"headline\":\"Yeniyetm\u0259l\u0259r d\u0259 peyv\u0259nd olunacaq\",\"datePublished\":\"2021-09-07T12:29:47+00:00\",\"mainEntityOfPage\":{\"@id\":\"https:\\\/\\\/www.meydan.tv\\\/az\\\/article\\\/yeniyetmeler-de-peyvend-olunacaq\\\/\"},\"wordCount\":224,\"publisher\":{\"@id\":\"https:\\\/\\\/www.meydan.tv\\\/az\\\/#organization\"},\"image\":{\"@id\":\"https:\\\/\\\/www.meydan.tv\\\/az\\\/article\\\/yeniyetmeler-de-peyvend-olunacaq\\\/#primaryimage\"},\"thumbnailUrl\":\"https:\\\/\\\/www.meydan.tv\\\/wp-content\\\/uploads\\\/covid1-scaled.jpg\",\"articleSection\":[\"Sa\u011fl\u0131q\"],\"inLanguage\":\"az\"},{\"@type\":\"WebPage\",\"@id\":\"https:\\\/\\\/www.meydan.tv\\\/az\\\/article\\\/yeniyetmeler-de-peyvend-olunacaq\\\/\",\"url\":\"https:\\\/\\\/www.meydan.tv\\\/az\\\/article\\\/yeniyetmeler-de-peyvend-olunacaq\\\/\",\"name\":\"Yeniyetm\u0259l\u0259r d\u0259 peyv\u0259nd olunacaq - MEYDAN.TV\",\"isPartOf\":{\"@id\":\"https:\\\/\\\/www.meydan.tv\\\/az\\\/#website\"},\"primaryImageOfPage\":{\"@id\":\"https:\\\/\\\/www.meydan.tv\\\/az\\\/article\\\/yeniyetmeler-de-peyvend-olunacaq\\\/#primaryimage\"},\"image\":{\"@id\":\"https:\\\/\\\/www.meydan.tv\\\/az\\\/article\\\/yeniyetmeler-de-peyvend-olunacaq\\\/#primaryimage\"},\"thumbnailUrl\":\"https:\\\/\\\/www.meydan.tv\\\/wp-content\\\/uploads\\\/covid1-scaled.jpg\",\"datePublished\":\"2021-09-07T12:29:47+00:00\",\"breadcrumb\":{\"@id\":\"https:\\\/\\\/www.meydan.tv\\\/az\\\/article\\\/yeniyetmeler-de-peyvend-olunacaq\\\/#breadcrumb\"},\"inLanguage\":\"az\",\"potentialAction\":[{\"@type\":\"ReadAction\",\"target\":[\"https:\\\/\\\/www.meydan.tv\\\/az\\\/article\\\/yeniyetmeler-de-peyvend-olunacaq\\\/\"]}]},{\"@type\":\"ImageObject\",\"inLanguage\":\"az\",\"@id\":\"https:\\\/\\\/www.meydan.tv\\\/az\\\/article\\\/yeniyetmeler-de-peyvend-olunacaq\\\/#primaryimage\",\"url\":\"https:\\\/\\\/www.meydan.tv\\\/wp-content\\\/uploads\\\/covid1-scaled.jpg\",\"contentUrl\":\"https:\\\/\\\/www.meydan.tv\\\/wp-content\\\/uploads\\\/covid1-scaled.jpg\",\"width\":2560,\"height\":1440,\"caption\":\"Source: Meydan TV\"},{\"@type\":\"BreadcrumbList\",\"@id\":\"https:\\\/\\\/www.meydan.tv\\\/az\\\/article\\\/yeniyetmeler-de-peyvend-olunacaq\\\/#breadcrumb\",\"itemListElement\":[{\"@type\":\"ListItem\",\"position\":1,\"name\":\"Ana s\u0259hif\u0259\",\"item\":\"https:\\\/\\\/www.meydan.tv\\\/az\\\/\"},{\"@type\":\"ListItem\",\"position\":2,\"name\":\"Sa\u011fl\u0131q\",\"item\":\"https:\\\/\\\/www.meydan.tv\\\/az\\\/section\\\/sagliq\\\/\"},{\"@type\":\"ListItem\",\"position\":3,\"name\":\"Yeniyetm\u0259l\u0259r d\u0259 peyv\u0259nd olunacaq\"}]},{\"@type\":\"WebSite\",\"@id\":\"https:\\\/\\\/www.meydan.tv\\\/az\\\/#website\",\"url\":\"https:\\\/\\\/www.meydan.tv\\\/az\\\/\",\"name\":\"MEYDAN.TV\",\"description\":\"Meydan TV Az\u0259rbaycan\u0131n media m\u0259kan\u0131ndak\u0131 alternativ s\u0259sidir\",\"publisher\":{\"@id\":\"https:\\\/\\\/www.meydan.tv\\\/az\\\/#organization\"},\"potentialAction\":[{\"@type\":\"SearchAction\",\"target\":{\"@type\":\"EntryPoint\",\"urlTemplate\":\"https:\\\/\\\/www.meydan.tv\\\/az\\\/?s={search_term_string}\"},\"query-input\":{\"@type\":\"PropertyValueSpecification\",\"valueRequired\":true,\"valueName\":\"search_term_string\"}}],\"inLanguage\":\"az\"},{\"@type\":\"Organization\",\"@id\":\"https:\\\/\\\/www.meydan.tv\\\/az\\\/#organization\",\"name\":\"Meydan TV\",\"url\":\"https:\\\/\\\/www.meydan.tv\\\/az\\\/\",\"logo\":{\"@type\":\"ImageObject\",\"inLanguage\":\"az\",\"@id\":\"https:\\\/\\\/www.meydan.tv\\\/az\\\/#\\\/schema\\\/logo\\\/image\\\/\",\"url\":\"https:\\\/\\\/www.meydan.tv\\\/wp-content\\\/uploads\\\/2021\\\/07\\\/meydan-logo.svg\",\"contentUrl\":\"https:\\\/\\\/www.meydan.tv\\\/wp-content\\\/uploads\\\/2021\\\/07\\\/meydan-logo.svg\",\"width\":195,\"height\":46,\"caption\":\"Meydan TV\"},\"image\":{\"@id\":\"https:\\\/\\\/www.meydan.tv\\\/az\\\/#\\\/schema\\\/logo\\\/image\\\/\"}},{\"@type\":\"Person\",\"@id\":\"https:\\\/\\\/www.meydan.tv\\\/az\\\/#\\\/schema\\\/person\\\/10d11eccf6da3662cf5fdab9806ea91a\",\"name\":\"user-manager\"}]}<\/script>\n<!-- \/ Yoast SEO plugin. -->","yoast_head_json":{"title":"Yeniyetm\u0259l\u0259r d\u0259 peyv\u0259nd olunacaq - MEYDAN.TV","robots":{"index":"index","follow":"follow","max-snippet":"max-snippet:-1","max-image-preview":"max-image-preview:large","max-video-preview":"max-video-preview:-1"},"canonical":"https:\/\/www.meydan.tv\/az\/article\/yeniyetmeler-de-peyvend-olunacaq\/","og_locale":"az_AZ","og_type":"article","og_title":"Yeniyetm\u0259l\u0259r d\u0259 peyv\u0259nd olunacaq - MEYDAN.TV","og_description":"16-18 ya\u015fl\u0131 yeniyetm\u0259l\u0259rin vaksinasiyas\u0131 m\u0259rk\u0259zl\u0259\u015fdirilmi\u015f \u015f\u0259kild\u0259 Bak\u0131 Sa\u011flaml\u0131q M\u0259rk\u0259zind\u0259 apar\u0131lacaq.","og_url":"https:\/\/www.meydan.tv\/az\/article\/yeniyetmeler-de-peyvend-olunacaq\/","og_site_name":"MEYDAN.TV","article_published_time":"2021-09-07T12:29:47+00:00","og_image":[{"width":2560,"height":1440,"url":"https:\/\/www.meydan.tv\/wp-content\/uploads\/covid1-scaled.jpg","type":"image\/jpeg"}],"author":"user-manager","twitter_card":"summary_large_image","schema":{"@context":"https:\/\/schema.org","@graph":[{"@type":"Article","@id":"https:\/\/www.meydan.tv\/az\/article\/yeniyetmeler-de-peyvend-olunacaq\/#article","isPartOf":{"@id":"https:\/\/www.meydan.tv\/az\/article\/yeniyetmeler-de-peyvend-olunacaq\/"},"author":{"name":"user-manager","@id":"https:\/\/www.meydan.tv\/az\/#\/schema\/person\/10d11eccf6da3662cf5fdab9806ea91a"},"headline":"Yeniyetm\u0259l\u0259r d\u0259 peyv\u0259nd olunacaq","datePublished":"2021-09-07T12:29:47+00:00","mainEntityOfPage":{"@id":"https:\/\/www.meydan.tv\/az\/article\/yeniyetmeler-de-peyvend-olunacaq\/"},"wordCount":224,"publisher":{"@id":"https:\/\/www.meydan.tv\/az\/#organization"},"image":{"@id":"https:\/\/www.meydan.tv\/az\/article\/yeniyetmeler-de-peyvend-olunacaq\/#primaryimage"},"thumbnailUrl":"https:\/\/www.meydan.tv\/wp-content\/uploads\/covid1-scaled.jpg","articleSection":["Sa\u011fl\u0131q"],"inLanguage":"az"},{"@type":"WebPage","@id":"https:\/\/www.meydan.tv\/az\/article\/yeniyetmeler-de-peyvend-olunacaq\/","url":"https:\/\/www.meydan.tv\/az\/article\/yeniyetmeler-de-peyvend-olunacaq\/","name":"Yeniyetm\u0259l\u0259r d\u0259 peyv\u0259nd olunacaq - MEYDAN.TV","isPartOf":{"@id":"https:\/\/www.meydan.tv\/az\/#website"},"primaryImageOfPage":{"@id":"https:\/\/www.meydan.tv\/az\/article\/yeniyetmeler-de-peyvend-olunacaq\/#primaryimage"},"image":{"@id":"https:\/\/www.meydan.tv\/az\/article\/yeniyetmeler-de-peyvend-olunacaq\/#primaryimage"},"thumbnailUrl":"https:\/\/www.meydan.tv\/wp-content\/uploads\/covid1-scaled.jpg","datePublished":"2021-09-07T12:29:47+00:00","breadcrumb":{"@id":"https:\/\/www.meydan.tv\/az\/article\/yeniyetmeler-de-peyvend-olunacaq\/#breadcrumb"},"inLanguage":"az","potentialAction":[{"@type":"ReadAction","target":["https:\/\/www.meydan.tv\/az\/article\/yeniyetmeler-de-peyvend-olunacaq\/"]}]},{"@type":"ImageObject","inLanguage":"az","@id":"https:\/\/www.meydan.tv\/az\/article\/yeniyetmeler-de-peyvend-olunacaq\/#primaryimage","url":"https:\/\/www.meydan.tv\/wp-content\/uploads\/covid1-scaled.jpg","contentUrl":"https:\/\/www.meydan.tv\/wp-content\/uploads\/covid1-scaled.jpg","width":2560,"height":1440,"caption":"Source: Meydan TV"},{"@type":"BreadcrumbList","@id":"https:\/\/www.meydan.tv\/az\/article\/yeniyetmeler-de-peyvend-olunacaq\/#breadcrumb","itemListElement":[{"@type":"ListItem","position":1,"name":"Ana s\u0259hif\u0259","item":"https:\/\/www.meydan.tv\/az\/"},{"@type":"ListItem","position":2,"name":"Sa\u011fl\u0131q","item":"https:\/\/www.meydan.tv\/az\/section\/sagliq\/"},{"@type":"ListItem","position":3,"name":"Yeniyetm\u0259l\u0259r d\u0259 peyv\u0259nd olunacaq"}]},{"@type":"WebSite","@id":"https:\/\/www.meydan.tv\/az\/#website","url":"https:\/\/www.meydan.tv\/az\/","name":"MEYDAN.TV","description":"Meydan TV Az\u0259rbaycan\u0131n media m\u0259kan\u0131ndak\u0131 alternativ s\u0259sidir","publisher":{"@id":"https:\/\/www.meydan.tv\/az\/#organization"},"potentialAction":[{"@type":"SearchAction","target":{"@type":"EntryPoint","urlTemplate":"https:\/\/www.meydan.tv\/az\/?s={search_term_string}"},"query-input":{"@type":"PropertyValueSpecification","valueRequired":true,"valueName":"search_term_string"}}],"inLanguage":"az"},{"@type":"Organization","@id":"https:\/\/www.meydan.tv\/az\/#organization","name":"Meydan TV","url":"https:\/\/www.meydan.tv\/az\/","logo":{"@type":"ImageObject","inLanguage":"az","@id":"https:\/\/www.meydan.tv\/az\/#\/schema\/logo\/image\/","url":"https:\/\/www.meydan.tv\/wp-content\/uploads\/2021\/07\/meydan-logo.svg","contentUrl":"https:\/\/www.meydan.tv\/wp-content\/uploads\/2021\/07\/meydan-logo.svg","width":195,"height":46,"caption":"Meydan TV"},"image":{"@id":"https:\/\/www.meydan.tv\/az\/#\/schema\/logo\/image\/"}},{"@type":"Person","@id":"https:\/\/www.meydan.tv\/az\/#\/schema\/person\/10d11eccf6da3662cf5fdab9806ea91a","name":"user-manager"}]}},"_links":{"self":[{"href":"https:\/\/www.meydan.tv\/az\/wp-json\/wp\/v2\/posts\/212734","targetHints":{"allow":["GET"]}}],"collection":[{"href":"https:\/\/www.meydan.tv\/az\/wp-json\/wp\/v2\/posts"}],"about":[{"href":"https:\/\/www.meydan.tv\/az\/wp-json\/wp\/v2\/types\/post"}],"author":[{"embeddable":true,"href":"https:\/\/www.meydan.tv\/az\/wp-json\/wp\/v2\/users\/11"}],"replies":[{"embeddable":true,"href":"https:\/\/www.meydan.tv\/az\/wp-json\/wp\/v2\/comments?post=212734"}],"version-history":[{"count":0,"href":"https:\/\/www.meydan.tv\/az\/wp-json\/wp\/v2\/posts\/212734\/revisions"}],"wp:featuredmedia":[{"embeddable":true,"href":"https:\/\/www.meydan.tv\/az\/wp-json\/wp\/v2\/media\/161616"}],"wp:attachment":[{"href":"https:\/\/www.meydan.tv\/az\/wp-json\/wp\/v2\/media?parent=212734"}],"wp:term":[{"taxonomy":"category","embeddable":true,"href":"https:\/\/www.meydan.tv\/az\/wp-json\/wp\/v2\/categories?post=212734"},{"taxonomy":"post_tag","embeddable":true,"href":"https:\/\/www.meydan.tv\/az\/wp-json\/wp\/v2\/tags?post=212734"}],"curies":[{"name":"wp","href":"https:\/\/api.w.org\/{rel}","templated":true}]}}