{"id":212725,"date":"2021-09-07T11:42:17","date_gmt":"2021-09-07T11:42:17","guid":{"rendered":"https:\/\/www.meydan.tv\/article\/makron-jan-pol-belmondo-fransanin-milli-serveti-idi\/"},"modified":"2021-09-07T11:42:17","modified_gmt":"2021-09-07T11:42:17","slug":"makron-jan-pol-belmondo-fransanin-milli-serveti-idi","status":"publish","type":"post","link":"https:\/\/www.meydan.tv\/az\/article\/makron-jan-pol-belmondo-fransanin-milli-serveti-idi\/","title":{"rendered":"Makron: Jan-Pol Belmondo Fransan\u0131n milli s\u0259rv\u0259ti idi"},"content":{"rendered":"<p>\n  <i><br \/>\n    Aktyorla vida m\u0259rasimi t\u0259\u015fkil olunub<br \/>\n  <\/i>\n<\/p>\n<p>\n  Fransal\u0131 aktyor Jan-Pol Belmondo sentyabr\u0131n 9-da d\u0259fn olunacaq.\n<\/p>\n<p>\n  Yelisey Saray\u0131ndan veril\u0259n m\u0259lumata \u0259sas\u0259n, m\u0259rhumla vida m\u0259rasimi h\u0259min g\u00fcn Parisd\u0259 yerl\u0259\u015f\u0259n \u018flill\u0259r Evind\u0259<br \/>\n  <a href=\"https:\/\/lenta.ru\/news\/2021\/09\/07\/belmondorip\/\"><br \/>\n    ke\u00e7iril\u0259c\u0259k<br \/>\n  <\/a><br \/>\n  .\n<\/p>\n<p>\n  88 ya\u015fl\u0131 aktyorun \u00f6l\u00fcm s\u0259b\u0259bi m\u0259lum deyil. Sentyabr\u0131n 6-da aktyorun v\u0259kili onun v\u0259fat\u0131 il\u0259 ba\u011fl\u0131 m\u0259lumat yay\u0131b.\n<\/p>\n<p>\n  Fransa Prezidenti Emmanuel Makron aktyorun \u00f6l\u00fcm\u00fc il\u0259 \u0259laq\u0259dar ba\u015fsa\u011fl\u0131\u011f\u0131 verib. Siyas\u0259t\u00e7i m\u0259rhum aktyoru \u00f6lk\u0259nin milli s\u0259rv\u0259ti adland\u0131r\u0131b.\n<\/p>\n<p>\n  Jan-Pol Belmandonun kinoda deb\u00fct\u00fc 1957-ci ild\u0259 olub. O, frans\u0131z kinosunda \u201cyeni dal\u011fa\u201dn\u0131n manifesti hesab olunan \u201cSon n\u0259f\u0259sd\u0259\u201d (1957) filmind\u0259ki Mi\u015fel Puakkar rolu il\u0259 m\u0259\u015fhurla\u015f\u0131b. \u0130lk filml\u0259rind\u0259 \u00fcsyankar g\u0259nc obraz\u0131 yarad\u0131b. Sonrak\u0131 d\u00f6vrl\u0259rd\u0259 komediyalarda v\u0259 d\u00f6y\u00fc\u015f filml\u0259rind\u0259 k\u0259skin xarakterli rollar\u0131 canland\u0131r\u0131b. Aktyor y\u00fczd\u0259n \u00e7ox film\u0259 \u00e7\u0259kilib.\n<\/p>\n<p>\n  Belmando 2001-ci ild\u0259 insult ke\u00e7irib. Uzun fasil\u0259d\u0259n sonra 2008-ci ild\u0259n yenid\u0259n kinoya qay\u0131d\u0131b. 2015-ci ild\u0259 karyeras\u0131na son qoydu\u011funu dey\u0259n aktyor, sonradan yeni film t\u0259klifl\u0259rin\u0259 a\u00e7\u0131q oldu\u011funu bildirib.<\/p>\n","protected":false},"excerpt":{"rendered":"<p>Sonrak\u0131 d\u00f6vrl\u0259rd\u0259 komediyalarda v\u0259 d\u00f6y\u00fc\u015f filml\u0259rind\u0259 k\u0259skin xarakterli rollar\u0131 canland\u0131r\u0131b.<\/p>\n","protected":false},"author":11,"featured_media":209785,"comment_status":"closed","ping_status":"open","sticky":false,"template":"","format":"standard","meta":{"_acf_changed":false,"_sitemap_exclude":false,"_sitemap_priority":"","_sitemap_frequency":"","footnotes":""},"categories":[52],"tags":[],"class_list":["post-212725","post","type-post","status-publish","format-standard","has-post-thumbnail","hentry","category-medeniyyet","infinite-scroll-item","generate-columns","tablet-grid-50","mobile-grid-100","grid-parent","grid-33","no-featured-image-padding"],"acf":[],"yoast_head":"<!-- This site is optimized with the Yoast SEO plugin v27.4 - https:\/\/yoast.com\/product\/yoast-seo-wordpress\/ -->\n<title>Makron: Jan-Pol Belmondo Fransan\u0131n milli s\u0259rv\u0259ti idi - MEYDAN.TV<\/title>\n<meta name=\"robots\" content=\"index, follow, max-snippet:-1, max-image-preview:large, max-video-preview:-1\" \/>\n<link rel=\"canonical\" href=\"https:\/\/www.meydan.tv\/az\/article\/makron-jan-pol-belmondo-fransanin-milli-serveti-idi\/\" \/>\n<meta property=\"og:locale\" content=\"az_AZ\" \/>\n<meta property=\"og:type\" content=\"article\" \/>\n<meta property=\"og:title\" content=\"Makron: Jan-Pol Belmondo Fransan\u0131n milli s\u0259rv\u0259ti idi - MEYDAN.TV\" \/>\n<meta property=\"og:description\" content=\"Sonrak\u0131 d\u00f6vrl\u0259rd\u0259 komediyalarda v\u0259 d\u00f6y\u00fc\u015f filml\u0259rind\u0259 k\u0259skin xarakterli rollar\u0131 canland\u0131r\u0131b.\" \/>\n<meta property=\"og:url\" content=\"https:\/\/www.meydan.tv\/az\/article\/makron-jan-pol-belmondo-fransanin-milli-serveti-idi\/\" \/>\n<meta property=\"og:site_name\" content=\"MEYDAN.TV\" \/>\n<meta property=\"article:published_time\" content=\"2021-09-07T11:42:17+00:00\" \/>\n<meta property=\"og:image\" content=\"https:\/\/www.meydan.tv\/wp-content\/uploads\/kmo_120232_24284_1_t218_173215.jpg\" \/>\n\t<meta property=\"og:image:width\" content=\"968\" \/>\n\t<meta property=\"og:image:height\" content=\"544\" \/>\n\t<meta property=\"og:image:type\" content=\"image\/jpeg\" \/>\n<meta name=\"author\" content=\"user-manager\" \/>\n<meta name=\"twitter:card\" content=\"summary_large_image\" \/>\n<script type=\"application\/ld+json\" class=\"yoast-schema-graph\">{\"@context\":\"https:\\\/\\\/schema.org\",\"@graph\":[{\"@type\":\"Article\",\"@id\":\"https:\\\/\\\/www.meydan.tv\\\/az\\\/article\\\/makron-jan-pol-belmondo-fransanin-milli-serveti-idi\\\/#article\",\"isPartOf\":{\"@id\":\"https:\\\/\\\/www.meydan.tv\\\/az\\\/article\\\/makron-jan-pol-belmondo-fransanin-milli-serveti-idi\\\/\"},\"author\":{\"name\":\"user-manager\",\"@id\":\"https:\\\/\\\/www.meydan.tv\\\/az\\\/#\\\/schema\\\/person\\\/10d11eccf6da3662cf5fdab9806ea91a\"},\"headline\":\"Makron: Jan-Pol Belmondo Fransan\u0131n milli s\u0259rv\u0259ti idi\",\"datePublished\":\"2021-09-07T11:42:17+00:00\",\"mainEntityOfPage\":{\"@id\":\"https:\\\/\\\/www.meydan.tv\\\/az\\\/article\\\/makron-jan-pol-belmondo-fransanin-milli-serveti-idi\\\/\"},\"wordCount\":219,\"publisher\":{\"@id\":\"https:\\\/\\\/www.meydan.tv\\\/az\\\/#organization\"},\"image\":{\"@id\":\"https:\\\/\\\/www.meydan.tv\\\/az\\\/article\\\/makron-jan-pol-belmondo-fransanin-milli-serveti-idi\\\/#primaryimage\"},\"thumbnailUrl\":\"https:\\\/\\\/www.meydan.tv\\\/wp-content\\\/uploads\\\/kmo_120232_24284_1_t218_173215.jpg\",\"articleSection\":[\"M\u0259d\u0259niyy\u0259t\"],\"inLanguage\":\"az\"},{\"@type\":\"WebPage\",\"@id\":\"https:\\\/\\\/www.meydan.tv\\\/az\\\/article\\\/makron-jan-pol-belmondo-fransanin-milli-serveti-idi\\\/\",\"url\":\"https:\\\/\\\/www.meydan.tv\\\/az\\\/article\\\/makron-jan-pol-belmondo-fransanin-milli-serveti-idi\\\/\",\"name\":\"Makron: Jan-Pol Belmondo Fransan\u0131n milli s\u0259rv\u0259ti idi - MEYDAN.TV\",\"isPartOf\":{\"@id\":\"https:\\\/\\\/www.meydan.tv\\\/az\\\/#website\"},\"primaryImageOfPage\":{\"@id\":\"https:\\\/\\\/www.meydan.tv\\\/az\\\/article\\\/makron-jan-pol-belmondo-fransanin-milli-serveti-idi\\\/#primaryimage\"},\"image\":{\"@id\":\"https:\\\/\\\/www.meydan.tv\\\/az\\\/article\\\/makron-jan-pol-belmondo-fransanin-milli-serveti-idi\\\/#primaryimage\"},\"thumbnailUrl\":\"https:\\\/\\\/www.meydan.tv\\\/wp-content\\\/uploads\\\/kmo_120232_24284_1_t218_173215.jpg\",\"datePublished\":\"2021-09-07T11:42:17+00:00\",\"breadcrumb\":{\"@id\":\"https:\\\/\\\/www.meydan.tv\\\/az\\\/article\\\/makron-jan-pol-belmondo-fransanin-milli-serveti-idi\\\/#breadcrumb\"},\"inLanguage\":\"az\",\"potentialAction\":[{\"@type\":\"ReadAction\",\"target\":[\"https:\\\/\\\/www.meydan.tv\\\/az\\\/article\\\/makron-jan-pol-belmondo-fransanin-milli-serveti-idi\\\/\"]}]},{\"@type\":\"ImageObject\",\"inLanguage\":\"az\",\"@id\":\"https:\\\/\\\/www.meydan.tv\\\/az\\\/article\\\/makron-jan-pol-belmondo-fransanin-milli-serveti-idi\\\/#primaryimage\",\"url\":\"https:\\\/\\\/www.meydan.tv\\\/wp-content\\\/uploads\\\/kmo_120232_24284_1_t218_173215.jpg\",\"contentUrl\":\"https:\\\/\\\/www.meydan.tv\\\/wp-content\\\/uploads\\\/kmo_120232_24284_1_t218_173215.jpg\",\"width\":968,\"height\":544,\"caption\":\"Source: Specify Source\"},{\"@type\":\"BreadcrumbList\",\"@id\":\"https:\\\/\\\/www.meydan.tv\\\/az\\\/article\\\/makron-jan-pol-belmondo-fransanin-milli-serveti-idi\\\/#breadcrumb\",\"itemListElement\":[{\"@type\":\"ListItem\",\"position\":1,\"name\":\"Ana s\u0259hif\u0259\",\"item\":\"https:\\\/\\\/www.meydan.tv\\\/az\\\/\"},{\"@type\":\"ListItem\",\"position\":2,\"name\":\"M\u0259d\u0259niyy\u0259t\",\"item\":\"https:\\\/\\\/www.meydan.tv\\\/az\\\/section\\\/medeniyyet\\\/\"},{\"@type\":\"ListItem\",\"position\":3,\"name\":\"Makron: Jan-Pol Belmondo Fransan\u0131n milli s\u0259rv\u0259ti idi\"}]},{\"@type\":\"WebSite\",\"@id\":\"https:\\\/\\\/www.meydan.tv\\\/az\\\/#website\",\"url\":\"https:\\\/\\\/www.meydan.tv\\\/az\\\/\",\"name\":\"MEYDAN.TV\",\"description\":\"Meydan TV Az\u0259rbaycan\u0131n media m\u0259kan\u0131ndak\u0131 alternativ s\u0259sidir\",\"publisher\":{\"@id\":\"https:\\\/\\\/www.meydan.tv\\\/az\\\/#organization\"},\"potentialAction\":[{\"@type\":\"SearchAction\",\"target\":{\"@type\":\"EntryPoint\",\"urlTemplate\":\"https:\\\/\\\/www.meydan.tv\\\/az\\\/?s={search_term_string}\"},\"query-input\":{\"@type\":\"PropertyValueSpecification\",\"valueRequired\":true,\"valueName\":\"search_term_string\"}}],\"inLanguage\":\"az\"},{\"@type\":\"Organization\",\"@id\":\"https:\\\/\\\/www.meydan.tv\\\/az\\\/#organization\",\"name\":\"Meydan TV\",\"url\":\"https:\\\/\\\/www.meydan.tv\\\/az\\\/\",\"logo\":{\"@type\":\"ImageObject\",\"inLanguage\":\"az\",\"@id\":\"https:\\\/\\\/www.meydan.tv\\\/az\\\/#\\\/schema\\\/logo\\\/image\\\/\",\"url\":\"https:\\\/\\\/www.meydan.tv\\\/wp-content\\\/uploads\\\/2021\\\/07\\\/meydan-logo.svg\",\"contentUrl\":\"https:\\\/\\\/www.meydan.tv\\\/wp-content\\\/uploads\\\/2021\\\/07\\\/meydan-logo.svg\",\"width\":195,\"height\":46,\"caption\":\"Meydan TV\"},\"image\":{\"@id\":\"https:\\\/\\\/www.meydan.tv\\\/az\\\/#\\\/schema\\\/logo\\\/image\\\/\"}},{\"@type\":\"Person\",\"@id\":\"https:\\\/\\\/www.meydan.tv\\\/az\\\/#\\\/schema\\\/person\\\/10d11eccf6da3662cf5fdab9806ea91a\",\"name\":\"user-manager\"}]}<\/script>\n<!-- \/ Yoast SEO plugin. -->","yoast_head_json":{"title":"Makron: Jan-Pol Belmondo Fransan\u0131n milli s\u0259rv\u0259ti idi - MEYDAN.TV","robots":{"index":"index","follow":"follow","max-snippet":"max-snippet:-1","max-image-preview":"max-image-preview:large","max-video-preview":"max-video-preview:-1"},"canonical":"https:\/\/www.meydan.tv\/az\/article\/makron-jan-pol-belmondo-fransanin-milli-serveti-idi\/","og_locale":"az_AZ","og_type":"article","og_title":"Makron: Jan-Pol Belmondo Fransan\u0131n milli s\u0259rv\u0259ti idi - MEYDAN.TV","og_description":"Sonrak\u0131 d\u00f6vrl\u0259rd\u0259 komediyalarda v\u0259 d\u00f6y\u00fc\u015f filml\u0259rind\u0259 k\u0259skin xarakterli rollar\u0131 canland\u0131r\u0131b.","og_url":"https:\/\/www.meydan.tv\/az\/article\/makron-jan-pol-belmondo-fransanin-milli-serveti-idi\/","og_site_name":"MEYDAN.TV","article_published_time":"2021-09-07T11:42:17+00:00","og_image":[{"width":968,"height":544,"url":"https:\/\/www.meydan.tv\/wp-content\/uploads\/kmo_120232_24284_1_t218_173215.jpg","type":"image\/jpeg"}],"author":"user-manager","twitter_card":"summary_large_image","schema":{"@context":"https:\/\/schema.org","@graph":[{"@type":"Article","@id":"https:\/\/www.meydan.tv\/az\/article\/makron-jan-pol-belmondo-fransanin-milli-serveti-idi\/#article","isPartOf":{"@id":"https:\/\/www.meydan.tv\/az\/article\/makron-jan-pol-belmondo-fransanin-milli-serveti-idi\/"},"author":{"name":"user-manager","@id":"https:\/\/www.meydan.tv\/az\/#\/schema\/person\/10d11eccf6da3662cf5fdab9806ea91a"},"headline":"Makron: Jan-Pol Belmondo Fransan\u0131n milli s\u0259rv\u0259ti idi","datePublished":"2021-09-07T11:42:17+00:00","mainEntityOfPage":{"@id":"https:\/\/www.meydan.tv\/az\/article\/makron-jan-pol-belmondo-fransanin-milli-serveti-idi\/"},"wordCount":219,"publisher":{"@id":"https:\/\/www.meydan.tv\/az\/#organization"},"image":{"@id":"https:\/\/www.meydan.tv\/az\/article\/makron-jan-pol-belmondo-fransanin-milli-serveti-idi\/#primaryimage"},"thumbnailUrl":"https:\/\/www.meydan.tv\/wp-content\/uploads\/kmo_120232_24284_1_t218_173215.jpg","articleSection":["M\u0259d\u0259niyy\u0259t"],"inLanguage":"az"},{"@type":"WebPage","@id":"https:\/\/www.meydan.tv\/az\/article\/makron-jan-pol-belmondo-fransanin-milli-serveti-idi\/","url":"https:\/\/www.meydan.tv\/az\/article\/makron-jan-pol-belmondo-fransanin-milli-serveti-idi\/","name":"Makron: Jan-Pol Belmondo Fransan\u0131n milli s\u0259rv\u0259ti idi - MEYDAN.TV","isPartOf":{"@id":"https:\/\/www.meydan.tv\/az\/#website"},"primaryImageOfPage":{"@id":"https:\/\/www.meydan.tv\/az\/article\/makron-jan-pol-belmondo-fransanin-milli-serveti-idi\/#primaryimage"},"image":{"@id":"https:\/\/www.meydan.tv\/az\/article\/makron-jan-pol-belmondo-fransanin-milli-serveti-idi\/#primaryimage"},"thumbnailUrl":"https:\/\/www.meydan.tv\/wp-content\/uploads\/kmo_120232_24284_1_t218_173215.jpg","datePublished":"2021-09-07T11:42:17+00:00","breadcrumb":{"@id":"https:\/\/www.meydan.tv\/az\/article\/makron-jan-pol-belmondo-fransanin-milli-serveti-idi\/#breadcrumb"},"inLanguage":"az","potentialAction":[{"@type":"ReadAction","target":["https:\/\/www.meydan.tv\/az\/article\/makron-jan-pol-belmondo-fransanin-milli-serveti-idi\/"]}]},{"@type":"ImageObject","inLanguage":"az","@id":"https:\/\/www.meydan.tv\/az\/article\/makron-jan-pol-belmondo-fransanin-milli-serveti-idi\/#primaryimage","url":"https:\/\/www.meydan.tv\/wp-content\/uploads\/kmo_120232_24284_1_t218_173215.jpg","contentUrl":"https:\/\/www.meydan.tv\/wp-content\/uploads\/kmo_120232_24284_1_t218_173215.jpg","width":968,"height":544,"caption":"Source: Specify Source"},{"@type":"BreadcrumbList","@id":"https:\/\/www.meydan.tv\/az\/article\/makron-jan-pol-belmondo-fransanin-milli-serveti-idi\/#breadcrumb","itemListElement":[{"@type":"ListItem","position":1,"name":"Ana s\u0259hif\u0259","item":"https:\/\/www.meydan.tv\/az\/"},{"@type":"ListItem","position":2,"name":"M\u0259d\u0259niyy\u0259t","item":"https:\/\/www.meydan.tv\/az\/section\/medeniyyet\/"},{"@type":"ListItem","position":3,"name":"Makron: Jan-Pol Belmondo Fransan\u0131n milli s\u0259rv\u0259ti idi"}]},{"@type":"WebSite","@id":"https:\/\/www.meydan.tv\/az\/#website","url":"https:\/\/www.meydan.tv\/az\/","name":"MEYDAN.TV","description":"Meydan TV Az\u0259rbaycan\u0131n media m\u0259kan\u0131ndak\u0131 alternativ s\u0259sidir","publisher":{"@id":"https:\/\/www.meydan.tv\/az\/#organization"},"potentialAction":[{"@type":"SearchAction","target":{"@type":"EntryPoint","urlTemplate":"https:\/\/www.meydan.tv\/az\/?s={search_term_string}"},"query-input":{"@type":"PropertyValueSpecification","valueRequired":true,"valueName":"search_term_string"}}],"inLanguage":"az"},{"@type":"Organization","@id":"https:\/\/www.meydan.tv\/az\/#organization","name":"Meydan TV","url":"https:\/\/www.meydan.tv\/az\/","logo":{"@type":"ImageObject","inLanguage":"az","@id":"https:\/\/www.meydan.tv\/az\/#\/schema\/logo\/image\/","url":"https:\/\/www.meydan.tv\/wp-content\/uploads\/2021\/07\/meydan-logo.svg","contentUrl":"https:\/\/www.meydan.tv\/wp-content\/uploads\/2021\/07\/meydan-logo.svg","width":195,"height":46,"caption":"Meydan TV"},"image":{"@id":"https:\/\/www.meydan.tv\/az\/#\/schema\/logo\/image\/"}},{"@type":"Person","@id":"https:\/\/www.meydan.tv\/az\/#\/schema\/person\/10d11eccf6da3662cf5fdab9806ea91a","name":"user-manager"}]}},"_links":{"self":[{"href":"https:\/\/www.meydan.tv\/az\/wp-json\/wp\/v2\/posts\/212725","targetHints":{"allow":["GET"]}}],"collection":[{"href":"https:\/\/www.meydan.tv\/az\/wp-json\/wp\/v2\/posts"}],"about":[{"href":"https:\/\/www.meydan.tv\/az\/wp-json\/wp\/v2\/types\/post"}],"author":[{"embeddable":true,"href":"https:\/\/www.meydan.tv\/az\/wp-json\/wp\/v2\/users\/11"}],"replies":[{"embeddable":true,"href":"https:\/\/www.meydan.tv\/az\/wp-json\/wp\/v2\/comments?post=212725"}],"version-history":[{"count":0,"href":"https:\/\/www.meydan.tv\/az\/wp-json\/wp\/v2\/posts\/212725\/revisions"}],"wp:featuredmedia":[{"embeddable":true,"href":"https:\/\/www.meydan.tv\/az\/wp-json\/wp\/v2\/media\/209785"}],"wp:attachment":[{"href":"https:\/\/www.meydan.tv\/az\/wp-json\/wp\/v2\/media?parent=212725"}],"wp:term":[{"taxonomy":"category","embeddable":true,"href":"https:\/\/www.meydan.tv\/az\/wp-json\/wp\/v2\/categories?post=212725"},{"taxonomy":"post_tag","embeddable":true,"href":"https:\/\/www.meydan.tv\/az\/wp-json\/wp\/v2\/tags?post=212725"}],"curies":[{"name":"wp","href":"https:\/\/api.w.org\/{rel}","templated":true}]}}