{"id":212719,"date":"2021-09-06T15:06:13","date_gmt":"2021-09-06T15:06:13","guid":{"rendered":"https:\/\/www.meydan.tv\/article\/qarabag-qazisi-mesgulluq-merkezinden-sikayetcidir\/"},"modified":"2021-09-06T15:06:13","modified_gmt":"2021-09-06T15:06:13","slug":"qarabag-qazisi-mesgulluq-merkezinden-sikayetcidir","status":"publish","type":"post","link":"https:\/\/www.meydan.tv\/az\/article\/qarabag-qazisi-mesgulluq-merkezinden-sikayetcidir\/","title":{"rendered":"Qaraba\u011f qazisi M\u0259\u015f\u011fulluq M\u0259rk\u0259zind\u0259n \u015fikay\u0259t\u00e7idir"},"content":{"rendered":"<p>\n  <i><br \/>\n    Ail\u0259d\u0259 i\u015fl\u0259y\u0259nimiz, pensiya alan\u0131m\u0131z yoxdur<br \/>\n  <\/i>\n<\/p>\n<p>\n  \u0130kinci Qaraba\u011f m\u00fcharib\u0259sind\u0259 yaralanan ba\u015f gizir V\u00fcqar \u018fyyub o\u011flu V\u0259liyev \u015fikay\u0259t\u00e7idir.\n<\/p>\n<p>\n  O, Meydan TV-y\u0259 a\u00e7\u0131qlamas\u0131nda deyib ki, \u018fm\u0259k v\u0259 \u018fhalinin Sosial M\u00fcdafi\u0259si Nazirliyinin tabeliyind\u0259ki D\u00f6vl\u0259t M\u0259\u015f\u011fulluq Agentliyi t\u0259r\u0259find\u0259n m\u00fcharib\u0259d\u0259 yaralanan ke\u00e7mi\u015f d\u00f6y\u00fc\u015f\u00e7\u00fcl\u0259r \u00fc\u00e7\u00fcn n\u0259z\u0259rd\u0259 tutulmu\u015f \u00f6z\u00fcn\u00fcm\u0259\u015f\u011fulluq proqram\u0131ndan yararlanmaq ist\u0259yib. Lakin Z\u0259rdab Rayonu M\u0259\u015f\u011fulluq M\u0259rk\u0259zind\u0259 ona heyvandarl\u0131q t\u0259s\u0259rr\u00fcfat\u0131n\u0131 qurmaq \u00fc\u00e7\u00fcn mal-qara verilm\u0259yib:\n<\/p>\n<p>\n  \u201cD\u00f6y\u00fc\u015fl\u0259rd\u0259 i\u015ftirak ed\u0259r\u0259k yaralanan i\u015f yolda\u015flar\u0131ma ya\u015fad\u0131qlar\u0131 rayon \u00fczr\u0259 mal-heyvan verilib. \u00d6yr\u0259ndim ki, bunun \u00fc\u00e7\u00fcn ya\u015fad\u0131\u011f\u0131n rayon \u00fczr\u0259 m\u0259\u015f\u011fulluq m\u0259rk\u0259zin\u0259 s\u0259n\u0259dl\u0259rini t\u0259qdim edirs\u0259n. Ya iyirmi ba\u015f x\u0131rda, ya da \u00fc\u00e7 ba\u015f iribuynuzlu heyvan verirl\u0259r. Bizim d\u0259 mal-qaram\u0131z yoxdur. K\u0259nd yerind\u0259 d\u0259 mal-qara saxlay\u0131rlar, onun qat\u0131\u011f\u0131-s\u00fcd\u00fc il\u0259 dolan\u0131rlar. Ail\u0259d\u0259 i\u015fl\u0259y\u0259nimiz, pensiya alan\u0131m\u0131z yoxdur. M\u00fcharib\u0259d\u0259 yaralanandan sonra on bir ay yataq x\u0259st\u0259si oldum. \u0130ki ay \u00f6nc\u0259 rayonumuzun m\u0259\u015f\u011fulluq m\u0259rk\u0259zin\u0259 getdim. S\u0259n\u0259dl\u0259rimi d\u0259 apard\u0131m ki, h\u0259r hans\u0131 bir yard\u0131m etsinl\u0259r. D\u00fc\u015f\u00fcnd\u00fcm ki, k\u0259nd yeridir, mal-qara, qoyun, n\u0259s\u0259 ver\u0259rl\u0259r, dolan\u0131\u015f\u0131\u011f\u0131m\u0131z y\u00fcng\u00fcll\u0259\u015f\u0259r. M\u0259rk\u0259zd\u0259 bir n\u0259f\u0259r g\u0259nc o\u011flan vard\u0131. Ad-soyad\u0131n\u0131 soru\u015fdum, dem\u0259di. Bildirdi ki, m\u0259n bir g\u00fcn burada, sabah ba\u015fqa bir yerd\u0259y\u0259m. Bildirdi ki, s\u0259n\u0259 mal-qara d\u00fc\u015fm\u00fcr, \u00e7\u00fcnki i\u015fl\u0259yirs\u0259n. M\u0259n d\u0259 dedim ki, i\u015fl\u0259mir\u0259m. D\u00f6y\u00fc\u015fl\u0259rd\u0259 be\u015f g\u00fcll\u0259 yaras\u0131 alm\u0131\u015fam. Haz\u0131rda m\u00fcalic\u0259m davam edir. H\u0259min o\u011flan bir n\u00f6mr\u0259 verdi, ona da z\u0259ng etdim, operator dedi ki, n\u00f6mr\u0259 t\u0259yin olunmay\u0131b. Bir s\u00f6zl\u0259, m\u0259ni aldatd\u0131\u201d.\n<\/p>\n<p>\n  V\u00fcqar V\u0259liyev 2004-c\u00fc ild\u0259n Ming\u0259\u00e7evird\u0259 yerl\u0259\u015f\u0259n N sayl\u0131 h\u0259rbi hiss\u0259d\u0259 ba\u015f gizir v\u0259zif\u0259sind\u0259 i\u015fl\u0259yir. O, oktyabr\u0131n 5-d\u0259 Suqovu\u015fan istiqam\u0259tind\u0259 ged\u0259n d\u00f6y\u00fc\u015fl\u0259r zaman\u0131 yaralan\u0131b. Yeddi d\u0259f\u0259 \u0259m\u0259liyyat olundu\u011funu bildirir. On bir ayd\u0131r v\u0259ziyy\u0259ti a\u011f\u0131r orta olan h\u0259rb\u00e7i bir ne\u00e7\u0259 g\u00fcnd\u00fcr ki, i\u015f\u0259 \u00e7\u0131x\u0131r. V\u00fcqar V\u0259liyev haz\u0131rda Yevlax rayonu, Aran q\u0259s\u0259b\u0259sind\u0259 kiray\u0259d\u0259<br \/>\n  <a href=\"https:\/\/www.meydan.tv\/az\/article\/yarali-bas-gizir-agrikesici-iyne-vurmaq-ucun-tecili-tibbi-yardim-iscileri-menden-pul-istedi\/?ref=search\"><br \/>\n    ya\u015fay\u0131r<br \/>\n  <\/a><br \/>\n  .\n<\/p>\n<p>\n  19 Sayl\u0131 \u018frazi M\u0259\u015f\u011fulluq M\u0259rk\u0259zinin Z\u0259rdab rayon xidm\u0259t \u015f\u00f6b\u0259sind\u0259n Nurid\u0259 M\u0259mm\u0259dova Meydan TV-y\u0259 bildirib ki, V\u00fcqar V\u0259liyev 2021-ci il yanvar\u0131n 12-d\u0259 qeydiyyatdan ke\u00e7ib:\n<\/p>\n<p>\n  \u201cLakin v\u0259t\u0259nda\u015f\u0131n m\u00fcraci\u0259tind\u0259 qeyri-d\u0259qiqlik var. O, \u00f6z\u00fcn\u00fcm\u0259\u015f\u011fulluq, yaxud i\u015fl\u0259 ba\u011fl\u0131 m\u00fcraci\u0259t etm\u0259k ist\u0259yini qeyd etm\u0259yib. H\u0259r hans\u0131 bir \u015f\u0259xs biz\u0259 m\u00fcraci\u0259t ed\u0259rk\u0259n, m\u00fctl\u0259q \u0259riz\u0259-anket doldurmal\u0131d\u0131r v\u0259 ist\u0259yini qeyd etm\u0259lidir. \u018fg\u0259r h\u0259min v\u0259t\u0259nda\u015f iki ay \u00f6nc\u0259 do\u011frudan da, burada olubsa, dem\u0259li, qeydiyyatdan ke\u00e7m\u0259yib. \u00c7\u00fcnki \u00f6z\u00fcn\u00fcm\u0259\u015f\u011fulluq reyesterind\u0259 v\u0259t\u0259nda\u015fla ba\u011fl\u0131 h\u0259r hans\u0131 m\u0259lumat yoxdur. Onu da qeyd edim ki, proses n\u00f6vb\u0259lilik \u0259sas\u0131nda, v\u0259t\u0259nda\u015f\u0131n t\u0259qdim etdiyi s\u0259n\u0259dl\u0259r\u0259 \u0259sas\u0259n apar\u0131l\u0131r. 2021-ci ild\u0259 m\u00fcraci\u0259t ed\u0259nl\u0259r\u0259 h\u0259l\u0259 bax\u0131\u015f ke\u00e7irilm\u0259yib, n\u00f6vb\u0259si \u00e7atmay\u0131b. V\u00fcqar V\u0259liyev m\u0259rk\u0259z\u0259 yax\u0131nla\u015f\u0131b, \u0259riz\u0259-anketi doldurmal\u0131d\u0131r ki, m\u00fcraci\u0259tin\u0259 bax\u0131l\u0131b, cavab verilsin\u201d.\n<\/p>\n<p>\n  D\u00f6vl\u0259t M\u0259\u015f\u011fulluq M\u0259rk\u0259zinin son m\u0259lumat\u0131na \u0259sas\u0259n, \u015f\u0259hid ail\u0259si \u00fczvl\u0259ri v\u0259 qazil\u0259rin m\u0259\u015f\u011fulluq m\u0259s\u0259l\u0259l\u0259ri 23 mind\u0259n \u00e7ox \u015f\u0259xsi \u0259hat\u0259 edib. Son aylarda bu kateqoriyalardan olan 6400-d\u0259n \u00e7ox \u015f\u0259xs aktiv m\u0259\u015f\u011fulluq proqramlar\u0131na c\u0259lb olunub. Onlardan 5 min\u0259d\u0259k \u015f\u0259xsin \u00f6z\u00fcn\u00fcm\u0259\u015f\u011fulluq proqram\u0131 \u00e7\u0259r\u00e7iv\u0259sind\u0259 ki\u00e7ik biznes sah\u0259l\u0259ri<br \/>\n  <a href=\"https:\/\/www.sosial.gov.az\/post_462113\"><br \/>\n    yarad\u0131l\u0131b<br \/>\n  <\/a><br \/>\n  .<\/p>\n","protected":false},"excerpt":{"rendered":"<p>&#8220;M\u00fcharib\u0259d\u0259 yaralanandan sonra on bir ay yataq x\u0259st\u0259si oldum&#8221;<\/p>\n","protected":false},"author":11,"featured_media":209782,"comment_status":"closed","ping_status":"open","sticky":false,"template":"","format":"standard","meta":{"_acf_changed":false,"_sitemap_exclude":false,"_sitemap_priority":"","_sitemap_frequency":"","footnotes":""},"categories":[60],"tags":[],"class_list":["post-212719","post","type-post","status-publish","format-standard","has-post-thumbnail","hentry","category-bolge","infinite-scroll-item","generate-columns","tablet-grid-50","mobile-grid-100","grid-parent","grid-33","no-featured-image-padding"],"acf":[],"yoast_head":"<!-- This site is optimized with the Yoast SEO plugin v27.4 - https:\/\/yoast.com\/product\/yoast-seo-wordpress\/ -->\n<title>Qaraba\u011f qazisi M\u0259\u015f\u011fulluq M\u0259rk\u0259zind\u0259n \u015fikay\u0259t\u00e7idir - MEYDAN.TV<\/title>\n<meta name=\"robots\" content=\"index, follow, max-snippet:-1, max-image-preview:large, max-video-preview:-1\" \/>\n<link rel=\"canonical\" href=\"https:\/\/www.meydan.tv\/az\/article\/qarabag-qazisi-mesgulluq-merkezinden-sikayetcidir\/\" \/>\n<meta property=\"og:locale\" content=\"az_AZ\" \/>\n<meta property=\"og:type\" content=\"article\" \/>\n<meta property=\"og:title\" content=\"Qaraba\u011f qazisi M\u0259\u015f\u011fulluq M\u0259rk\u0259zind\u0259n \u015fikay\u0259t\u00e7idir - MEYDAN.TV\" \/>\n<meta property=\"og:description\" content=\"&quot;M\u00fcharib\u0259d\u0259 yaralanandan sonra on bir ay yataq x\u0259st\u0259si oldum&quot;\" \/>\n<meta property=\"og:url\" content=\"https:\/\/www.meydan.tv\/az\/article\/qarabag-qazisi-mesgulluq-merkezinden-sikayetcidir\/\" \/>\n<meta property=\"og:site_name\" content=\"MEYDAN.TV\" \/>\n<meta property=\"article:published_time\" content=\"2021-09-06T15:06:13+00:00\" \/>\n<meta property=\"og:image\" content=\"https:\/\/www.meydan.tv\/wp-content\/uploads\/original_size_facebook_app__untitled_design_3.png\" \/>\n\t<meta property=\"og:image:width\" content=\"864\" \/>\n\t<meta property=\"og:image:height\" content=\"480\" \/>\n\t<meta property=\"og:image:type\" content=\"image\/png\" \/>\n<meta name=\"author\" content=\"user-manager\" \/>\n<meta name=\"twitter:card\" content=\"summary_large_image\" \/>\n<script type=\"application\/ld+json\" class=\"yoast-schema-graph\">{\"@context\":\"https:\\\/\\\/schema.org\",\"@graph\":[{\"@type\":\"Article\",\"@id\":\"https:\\\/\\\/www.meydan.tv\\\/az\\\/article\\\/qarabag-qazisi-mesgulluq-merkezinden-sikayetcidir\\\/#article\",\"isPartOf\":{\"@id\":\"https:\\\/\\\/www.meydan.tv\\\/az\\\/article\\\/qarabag-qazisi-mesgulluq-merkezinden-sikayetcidir\\\/\"},\"author\":{\"name\":\"user-manager\",\"@id\":\"https:\\\/\\\/www.meydan.tv\\\/az\\\/#\\\/schema\\\/person\\\/10d11eccf6da3662cf5fdab9806ea91a\"},\"headline\":\"Qaraba\u011f qazisi M\u0259\u015f\u011fulluq M\u0259rk\u0259zind\u0259n \u015fikay\u0259t\u00e7idir\",\"datePublished\":\"2021-09-06T15:06:13+00:00\",\"mainEntityOfPage\":{\"@id\":\"https:\\\/\\\/www.meydan.tv\\\/az\\\/article\\\/qarabag-qazisi-mesgulluq-merkezinden-sikayetcidir\\\/\"},\"wordCount\":727,\"publisher\":{\"@id\":\"https:\\\/\\\/www.meydan.tv\\\/az\\\/#organization\"},\"image\":{\"@id\":\"https:\\\/\\\/www.meydan.tv\\\/az\\\/article\\\/qarabag-qazisi-mesgulluq-merkezinden-sikayetcidir\\\/#primaryimage\"},\"thumbnailUrl\":\"https:\\\/\\\/www.meydan.tv\\\/wp-content\\\/uploads\\\/original_size_facebook_app__untitled_design_3.png\",\"articleSection\":[\"B\u00f6lg\u0259\"],\"inLanguage\":\"az\"},{\"@type\":\"WebPage\",\"@id\":\"https:\\\/\\\/www.meydan.tv\\\/az\\\/article\\\/qarabag-qazisi-mesgulluq-merkezinden-sikayetcidir\\\/\",\"url\":\"https:\\\/\\\/www.meydan.tv\\\/az\\\/article\\\/qarabag-qazisi-mesgulluq-merkezinden-sikayetcidir\\\/\",\"name\":\"Qaraba\u011f qazisi M\u0259\u015f\u011fulluq M\u0259rk\u0259zind\u0259n \u015fikay\u0259t\u00e7idir - MEYDAN.TV\",\"isPartOf\":{\"@id\":\"https:\\\/\\\/www.meydan.tv\\\/az\\\/#website\"},\"primaryImageOfPage\":{\"@id\":\"https:\\\/\\\/www.meydan.tv\\\/az\\\/article\\\/qarabag-qazisi-mesgulluq-merkezinden-sikayetcidir\\\/#primaryimage\"},\"image\":{\"@id\":\"https:\\\/\\\/www.meydan.tv\\\/az\\\/article\\\/qarabag-qazisi-mesgulluq-merkezinden-sikayetcidir\\\/#primaryimage\"},\"thumbnailUrl\":\"https:\\\/\\\/www.meydan.tv\\\/wp-content\\\/uploads\\\/original_size_facebook_app__untitled_design_3.png\",\"datePublished\":\"2021-09-06T15:06:13+00:00\",\"breadcrumb\":{\"@id\":\"https:\\\/\\\/www.meydan.tv\\\/az\\\/article\\\/qarabag-qazisi-mesgulluq-merkezinden-sikayetcidir\\\/#breadcrumb\"},\"inLanguage\":\"az\",\"potentialAction\":[{\"@type\":\"ReadAction\",\"target\":[\"https:\\\/\\\/www.meydan.tv\\\/az\\\/article\\\/qarabag-qazisi-mesgulluq-merkezinden-sikayetcidir\\\/\"]}]},{\"@type\":\"ImageObject\",\"inLanguage\":\"az\",\"@id\":\"https:\\\/\\\/www.meydan.tv\\\/az\\\/article\\\/qarabag-qazisi-mesgulluq-merkezinden-sikayetcidir\\\/#primaryimage\",\"url\":\"https:\\\/\\\/www.meydan.tv\\\/wp-content\\\/uploads\\\/original_size_facebook_app__untitled_design_3.png\",\"contentUrl\":\"https:\\\/\\\/www.meydan.tv\\\/wp-content\\\/uploads\\\/original_size_facebook_app__untitled_design_3.png\",\"width\":864,\"height\":480,\"caption\":\"Source: Specify Source\"},{\"@type\":\"BreadcrumbList\",\"@id\":\"https:\\\/\\\/www.meydan.tv\\\/az\\\/article\\\/qarabag-qazisi-mesgulluq-merkezinden-sikayetcidir\\\/#breadcrumb\",\"itemListElement\":[{\"@type\":\"ListItem\",\"position\":1,\"name\":\"Ana s\u0259hif\u0259\",\"item\":\"https:\\\/\\\/www.meydan.tv\\\/az\\\/\"},{\"@type\":\"ListItem\",\"position\":2,\"name\":\"B\u00f6lg\u0259\",\"item\":\"https:\\\/\\\/www.meydan.tv\\\/az\\\/section\\\/bolge\\\/\"},{\"@type\":\"ListItem\",\"position\":3,\"name\":\"Qaraba\u011f qazisi M\u0259\u015f\u011fulluq M\u0259rk\u0259zind\u0259n \u015fikay\u0259t\u00e7idir\"}]},{\"@type\":\"WebSite\",\"@id\":\"https:\\\/\\\/www.meydan.tv\\\/az\\\/#website\",\"url\":\"https:\\\/\\\/www.meydan.tv\\\/az\\\/\",\"name\":\"MEYDAN.TV\",\"description\":\"Meydan TV Az\u0259rbaycan\u0131n media m\u0259kan\u0131ndak\u0131 alternativ s\u0259sidir\",\"publisher\":{\"@id\":\"https:\\\/\\\/www.meydan.tv\\\/az\\\/#organization\"},\"potentialAction\":[{\"@type\":\"SearchAction\",\"target\":{\"@type\":\"EntryPoint\",\"urlTemplate\":\"https:\\\/\\\/www.meydan.tv\\\/az\\\/?s={search_term_string}\"},\"query-input\":{\"@type\":\"PropertyValueSpecification\",\"valueRequired\":true,\"valueName\":\"search_term_string\"}}],\"inLanguage\":\"az\"},{\"@type\":\"Organization\",\"@id\":\"https:\\\/\\\/www.meydan.tv\\\/az\\\/#organization\",\"name\":\"Meydan TV\",\"url\":\"https:\\\/\\\/www.meydan.tv\\\/az\\\/\",\"logo\":{\"@type\":\"ImageObject\",\"inLanguage\":\"az\",\"@id\":\"https:\\\/\\\/www.meydan.tv\\\/az\\\/#\\\/schema\\\/logo\\\/image\\\/\",\"url\":\"https:\\\/\\\/www.meydan.tv\\\/wp-content\\\/uploads\\\/2021\\\/07\\\/meydan-logo.svg\",\"contentUrl\":\"https:\\\/\\\/www.meydan.tv\\\/wp-content\\\/uploads\\\/2021\\\/07\\\/meydan-logo.svg\",\"width\":195,\"height\":46,\"caption\":\"Meydan TV\"},\"image\":{\"@id\":\"https:\\\/\\\/www.meydan.tv\\\/az\\\/#\\\/schema\\\/logo\\\/image\\\/\"}},{\"@type\":\"Person\",\"@id\":\"https:\\\/\\\/www.meydan.tv\\\/az\\\/#\\\/schema\\\/person\\\/10d11eccf6da3662cf5fdab9806ea91a\",\"name\":\"user-manager\"}]}<\/script>\n<!-- \/ Yoast SEO plugin. -->","yoast_head_json":{"title":"Qaraba\u011f qazisi M\u0259\u015f\u011fulluq M\u0259rk\u0259zind\u0259n \u015fikay\u0259t\u00e7idir - MEYDAN.TV","robots":{"index":"index","follow":"follow","max-snippet":"max-snippet:-1","max-image-preview":"max-image-preview:large","max-video-preview":"max-video-preview:-1"},"canonical":"https:\/\/www.meydan.tv\/az\/article\/qarabag-qazisi-mesgulluq-merkezinden-sikayetcidir\/","og_locale":"az_AZ","og_type":"article","og_title":"Qaraba\u011f qazisi M\u0259\u015f\u011fulluq M\u0259rk\u0259zind\u0259n \u015fikay\u0259t\u00e7idir - MEYDAN.TV","og_description":"\"M\u00fcharib\u0259d\u0259 yaralanandan sonra on bir ay yataq x\u0259st\u0259si oldum\"","og_url":"https:\/\/www.meydan.tv\/az\/article\/qarabag-qazisi-mesgulluq-merkezinden-sikayetcidir\/","og_site_name":"MEYDAN.TV","article_published_time":"2021-09-06T15:06:13+00:00","og_image":[{"width":864,"height":480,"url":"https:\/\/www.meydan.tv\/wp-content\/uploads\/original_size_facebook_app__untitled_design_3.png","type":"image\/png"}],"author":"user-manager","twitter_card":"summary_large_image","schema":{"@context":"https:\/\/schema.org","@graph":[{"@type":"Article","@id":"https:\/\/www.meydan.tv\/az\/article\/qarabag-qazisi-mesgulluq-merkezinden-sikayetcidir\/#article","isPartOf":{"@id":"https:\/\/www.meydan.tv\/az\/article\/qarabag-qazisi-mesgulluq-merkezinden-sikayetcidir\/"},"author":{"name":"user-manager","@id":"https:\/\/www.meydan.tv\/az\/#\/schema\/person\/10d11eccf6da3662cf5fdab9806ea91a"},"headline":"Qaraba\u011f qazisi M\u0259\u015f\u011fulluq M\u0259rk\u0259zind\u0259n \u015fikay\u0259t\u00e7idir","datePublished":"2021-09-06T15:06:13+00:00","mainEntityOfPage":{"@id":"https:\/\/www.meydan.tv\/az\/article\/qarabag-qazisi-mesgulluq-merkezinden-sikayetcidir\/"},"wordCount":727,"publisher":{"@id":"https:\/\/www.meydan.tv\/az\/#organization"},"image":{"@id":"https:\/\/www.meydan.tv\/az\/article\/qarabag-qazisi-mesgulluq-merkezinden-sikayetcidir\/#primaryimage"},"thumbnailUrl":"https:\/\/www.meydan.tv\/wp-content\/uploads\/original_size_facebook_app__untitled_design_3.png","articleSection":["B\u00f6lg\u0259"],"inLanguage":"az"},{"@type":"WebPage","@id":"https:\/\/www.meydan.tv\/az\/article\/qarabag-qazisi-mesgulluq-merkezinden-sikayetcidir\/","url":"https:\/\/www.meydan.tv\/az\/article\/qarabag-qazisi-mesgulluq-merkezinden-sikayetcidir\/","name":"Qaraba\u011f qazisi M\u0259\u015f\u011fulluq M\u0259rk\u0259zind\u0259n \u015fikay\u0259t\u00e7idir - MEYDAN.TV","isPartOf":{"@id":"https:\/\/www.meydan.tv\/az\/#website"},"primaryImageOfPage":{"@id":"https:\/\/www.meydan.tv\/az\/article\/qarabag-qazisi-mesgulluq-merkezinden-sikayetcidir\/#primaryimage"},"image":{"@id":"https:\/\/www.meydan.tv\/az\/article\/qarabag-qazisi-mesgulluq-merkezinden-sikayetcidir\/#primaryimage"},"thumbnailUrl":"https:\/\/www.meydan.tv\/wp-content\/uploads\/original_size_facebook_app__untitled_design_3.png","datePublished":"2021-09-06T15:06:13+00:00","breadcrumb":{"@id":"https:\/\/www.meydan.tv\/az\/article\/qarabag-qazisi-mesgulluq-merkezinden-sikayetcidir\/#breadcrumb"},"inLanguage":"az","potentialAction":[{"@type":"ReadAction","target":["https:\/\/www.meydan.tv\/az\/article\/qarabag-qazisi-mesgulluq-merkezinden-sikayetcidir\/"]}]},{"@type":"ImageObject","inLanguage":"az","@id":"https:\/\/www.meydan.tv\/az\/article\/qarabag-qazisi-mesgulluq-merkezinden-sikayetcidir\/#primaryimage","url":"https:\/\/www.meydan.tv\/wp-content\/uploads\/original_size_facebook_app__untitled_design_3.png","contentUrl":"https:\/\/www.meydan.tv\/wp-content\/uploads\/original_size_facebook_app__untitled_design_3.png","width":864,"height":480,"caption":"Source: Specify Source"},{"@type":"BreadcrumbList","@id":"https:\/\/www.meydan.tv\/az\/article\/qarabag-qazisi-mesgulluq-merkezinden-sikayetcidir\/#breadcrumb","itemListElement":[{"@type":"ListItem","position":1,"name":"Ana s\u0259hif\u0259","item":"https:\/\/www.meydan.tv\/az\/"},{"@type":"ListItem","position":2,"name":"B\u00f6lg\u0259","item":"https:\/\/www.meydan.tv\/az\/section\/bolge\/"},{"@type":"ListItem","position":3,"name":"Qaraba\u011f qazisi M\u0259\u015f\u011fulluq M\u0259rk\u0259zind\u0259n \u015fikay\u0259t\u00e7idir"}]},{"@type":"WebSite","@id":"https:\/\/www.meydan.tv\/az\/#website","url":"https:\/\/www.meydan.tv\/az\/","name":"MEYDAN.TV","description":"Meydan TV Az\u0259rbaycan\u0131n media m\u0259kan\u0131ndak\u0131 alternativ s\u0259sidir","publisher":{"@id":"https:\/\/www.meydan.tv\/az\/#organization"},"potentialAction":[{"@type":"SearchAction","target":{"@type":"EntryPoint","urlTemplate":"https:\/\/www.meydan.tv\/az\/?s={search_term_string}"},"query-input":{"@type":"PropertyValueSpecification","valueRequired":true,"valueName":"search_term_string"}}],"inLanguage":"az"},{"@type":"Organization","@id":"https:\/\/www.meydan.tv\/az\/#organization","name":"Meydan TV","url":"https:\/\/www.meydan.tv\/az\/","logo":{"@type":"ImageObject","inLanguage":"az","@id":"https:\/\/www.meydan.tv\/az\/#\/schema\/logo\/image\/","url":"https:\/\/www.meydan.tv\/wp-content\/uploads\/2021\/07\/meydan-logo.svg","contentUrl":"https:\/\/www.meydan.tv\/wp-content\/uploads\/2021\/07\/meydan-logo.svg","width":195,"height":46,"caption":"Meydan TV"},"image":{"@id":"https:\/\/www.meydan.tv\/az\/#\/schema\/logo\/image\/"}},{"@type":"Person","@id":"https:\/\/www.meydan.tv\/az\/#\/schema\/person\/10d11eccf6da3662cf5fdab9806ea91a","name":"user-manager"}]}},"_links":{"self":[{"href":"https:\/\/www.meydan.tv\/az\/wp-json\/wp\/v2\/posts\/212719","targetHints":{"allow":["GET"]}}],"collection":[{"href":"https:\/\/www.meydan.tv\/az\/wp-json\/wp\/v2\/posts"}],"about":[{"href":"https:\/\/www.meydan.tv\/az\/wp-json\/wp\/v2\/types\/post"}],"author":[{"embeddable":true,"href":"https:\/\/www.meydan.tv\/az\/wp-json\/wp\/v2\/users\/11"}],"replies":[{"embeddable":true,"href":"https:\/\/www.meydan.tv\/az\/wp-json\/wp\/v2\/comments?post=212719"}],"version-history":[{"count":0,"href":"https:\/\/www.meydan.tv\/az\/wp-json\/wp\/v2\/posts\/212719\/revisions"}],"wp:featuredmedia":[{"embeddable":true,"href":"https:\/\/www.meydan.tv\/az\/wp-json\/wp\/v2\/media\/209782"}],"wp:attachment":[{"href":"https:\/\/www.meydan.tv\/az\/wp-json\/wp\/v2\/media?parent=212719"}],"wp:term":[{"taxonomy":"category","embeddable":true,"href":"https:\/\/www.meydan.tv\/az\/wp-json\/wp\/v2\/categories?post=212719"},{"taxonomy":"post_tag","embeddable":true,"href":"https:\/\/www.meydan.tv\/az\/wp-json\/wp\/v2\/tags?post=212719"}],"curies":[{"name":"wp","href":"https:\/\/api.w.org\/{rel}","templated":true}]}}