{"id":212688,"date":"2021-09-03T11:15:34","date_gmt":"2021-09-03T11:15:34","guid":{"rendered":"https:\/\/www.meydan.tv\/article\/87-yasli-qadini-tovlede-baglamaqda-ittiham-olunan-sexsin-mehkemesi-baslayacaq\/"},"modified":"2021-09-03T11:15:34","modified_gmt":"2021-09-03T11:15:34","slug":"87-yasli-qadini-tovlede-baglamaqda-ittiham-olunan-sexsin-mehkemesi-baslayacaq","status":"publish","type":"post","link":"https:\/\/www.meydan.tv\/az\/article\/87-yasli-qadini-tovlede-baglamaqda-ittiham-olunan-sexsin-mehkemesi-baslayacaq\/","title":{"rendered":"87 ya\u015fl\u0131 qad\u0131n\u0131 t\u00f6vl\u0259d\u0259 ba\u011flamaqda ittiham olunan \u015f\u0259xsin m\u0259hk\u0259m\u0259si ba\u015flayacaq"},"content":{"rendered":"<p>\n  <i><br \/>\n    74 ya\u015fl\u0131 Q\u0259z\u0259nf\u0259r Hac\u0131yev bibisi q\u0131z\u0131n\u0131n pensiyas\u0131n\u0131 da m\u0259nims\u0259m\u0259kd\u0259 ittiham olunur<br \/>\n  <\/i>\n<\/p>\n<p>\n  G\u0259d\u0259b\u0259yd\u0259 87 ya\u015fl\u0131 bibisi q\u0131z\u0131n\u0131 t\u00f6vl\u0259d\u0259 taxtaya ba\u011flay\u0131b saxlamaqda ittiham olunan Q\u0259z\u0259nf\u0259r Hac\u0131yev yax\u0131n g\u00fcnl\u0259rd\u0259 m\u0259hk\u0259m\u0259 qar\u015f\u0131s\u0131na \u00e7\u0131xar\u0131lacaq. Onun haqq\u0131nda cinay\u0259t i\u015finin istintaq\u0131 yekunla\u015f\u0131b, i\u015f materiallar\u0131 bax\u0131lmas\u0131 \u00fc\u00e7\u00fcn G\u0259d\u0259b\u0259y rayon M\u0259hk\u0259m\u0259sin\u0259 g\u00f6nd\u0259rilib. Bu bar\u0259d\u0259 Meydan TV-y\u0259 Ba\u015f Prokurorlu\u011fun m\u0259tbuat xidm\u0259tind\u0259n m\u0259lumat verilib.\n<\/p>\n<p>\n  74 ya\u015fl\u0131 Q\u0259z\u0259nf\u0259r Hac\u0131yev Cinay\u0259t M\u0259c\u0259ll\u0259sinin 133.2.4 (\u0259zab verm\u0259 &#8211; t\u0259qsirkar \u015f\u0259xs \u00fc\u00e7\u00fcn a\u015fkar sur\u0259td\u0259 yetkinlik ya\u015f\u0131na \u00e7atmayan, habel\u0259 k\u00f6m\u0259ksiz v\u0259ziyy\u0259td\u0259 olan \u015f\u0259xs\u0259 qar\u015f\u0131 t\u00f6r\u0259dildikd\u0259), 145.2.5 (qanunsuz azadl\u0131qdan m\u0259hrum etm\u0259 &#8211; z\u0259r\u0259r\u00e7\u0259kmi\u015f \u015f\u0259xsin h\u0259yat\u0131 v\u0259 ya sa\u011flaml\u0131\u011f\u0131 \u00fc\u00e7\u00fcn t\u0259hl\u00fck\u0259li olan zor t\u0259tbiq etm\u0259kl\u0259 t\u00f6r\u0259dildikd\u0259) v\u0259 179.2.4-c\u00fc (m\u0259nims\u0259m\u0259 v\u0259 ya israf etm\u0259 &#8211; xeyli miqdarda ziyan vurmaqla t\u00f6r\u0259dildikd\u0259) madd\u0259l\u0259ri il\u0259 ittiham olunur. Amma o, h\u0259bsd\u0259 deyil, istintaq d\u00f6vr\u00fc \u00fc\u00e7\u00fcn bar\u0259sind\u0259 polisin n\u0259zar\u0259ti alt\u0131na verm\u0259 q\u0259timkan t\u0259dbiri se\u00e7ilib.\n<\/p>\n<p>\n  Hadis\u0259 G\u0259d\u0259b\u0259y rayonunun Novoivanovka k\u0259ndind\u0259 ba\u015f verib. Cinay\u0259t i\u015finin materiallar\u0131nda iddia olunur ki, Q\u0259z\u0259nf\u0259r Hac\u0131yevin bibisi q\u0131z\u0131 S\u0259kin\u0259 H\u0259s\u0259nova 20 ildir ki, onun himay\u0259sind\u0259dir. S\u0259kin\u0259 H\u0259s\u0259novan\u0131n ruhi x\u0259st\u0259 oldu\u011fu bildirilir.\n<\/p>\n<p>\n  &quot;Q\u0259z\u0259nf\u0259r Hac\u0131yev bibisi q\u0131z\u0131 S\u0259kin\u0259 H\u0259s\u0259novan\u0131 evinin h\u0259y\u0259tind\u0259 yerl\u0259\u015f\u0259n t\u00f6vl\u0259d\u0259 m\u00fct\u0259madi olaraq d\u00f6y\u00fcb. Onu bo\u011faz\u0131ndan ipl\u0259 taxtaya ba\u011flamaqla, qanunsuz azadl\u0131qdan m\u0259hrum edib. Bundan ba\u015fqa o, S\u0259kin\u0259 H\u0259s\u0259novaya m\u0259xsus pensiya kart\u0131na 2018-ci ilin oktyabr\u0131ndan 2021-ci ilin may ay\u0131na q\u0259d\u0259r m\u0259daxil olunmu\u015f \u00fcmumilikd\u0259 7056 manat pulu m\u0259nims\u0259y\u0259r\u0259k, \u00f6z ehtiyaclar\u0131na x\u0259rcl\u0259yib&quot;, &#8211; Ba\u015f Prokurorlu\u011fun m\u0259lumat\u0131nda bildirilir.\n<\/p>\n<p>\n  Q\u0259z\u0259nf\u0259r Hac\u0131yevin ittihamlara m\u00fcnasib\u0259ti m\u0259lum deyil.\n<\/p>\n<p>\n  Ba\u015f ver\u0259nl\u0259rin \u00fcst\u00fc a\u00e7\u0131landan sonra S\u0259kin\u0259 H\u0259s\u0259nova Sosial Xidm\u0259tl\u0259r Agentliyinin m\u00fc\u0259ssis\u0259l\u0259rind\u0259n birin\u0259 yerl\u0259\u015fdirilib.<\/p>\n","protected":false},"excerpt":{"rendered":"<p>Cinay\u0259t i\u015finin materiallar\u0131nda iddia olunur ki, Q\u0259z\u0259nf\u0259r Hac\u0131yevin bibisi q\u0131z\u0131 S\u0259kin\u0259 H\u0259s\u0259nova 20 ildir ki, onun himay\u0259sind\u0259dir. S\u0259kin\u0259 H\u0259s\u0259novan\u0131n ruhi x\u0259st\u0259 oldu\u011fu bildirilir.<\/p>\n","protected":false},"author":11,"featured_media":155994,"comment_status":"closed","ping_status":"open","sticky":false,"template":"","format":"standard","meta":{"_acf_changed":false,"_sitemap_exclude":false,"_sitemap_priority":"","_sitemap_frequency":"","footnotes":""},"categories":[60],"tags":[],"class_list":["post-212688","post","type-post","status-publish","format-standard","has-post-thumbnail","hentry","category-bolge","infinite-scroll-item","generate-columns","tablet-grid-50","mobile-grid-100","grid-parent","grid-33","no-featured-image-padding"],"acf":[],"yoast_head":"<!-- This site is optimized with the Yoast SEO plugin v27.5 - https:\/\/yoast.com\/product\/yoast-seo-wordpress\/ -->\n<title>87 ya\u015fl\u0131 qad\u0131n\u0131 t\u00f6vl\u0259d\u0259 ba\u011flamaqda ittiham olunan \u015f\u0259xsin m\u0259hk\u0259m\u0259si ba\u015flayacaq - MEYDAN.TV<\/title>\n<meta name=\"robots\" content=\"index, follow, max-snippet:-1, max-image-preview:large, max-video-preview:-1\" \/>\n<link rel=\"canonical\" href=\"https:\/\/www.meydan.tv\/az\/article\/87-yasli-qadini-tovlede-baglamaqda-ittiham-olunan-sexsin-mehkemesi-baslayacaq\/\" \/>\n<meta property=\"og:locale\" content=\"az_AZ\" \/>\n<meta property=\"og:type\" content=\"article\" \/>\n<meta property=\"og:title\" content=\"87 ya\u015fl\u0131 qad\u0131n\u0131 t\u00f6vl\u0259d\u0259 ba\u011flamaqda ittiham olunan \u015f\u0259xsin m\u0259hk\u0259m\u0259si ba\u015flayacaq - MEYDAN.TV\" \/>\n<meta property=\"og:description\" content=\"Cinay\u0259t i\u015finin materiallar\u0131nda iddia olunur ki, Q\u0259z\u0259nf\u0259r Hac\u0131yevin bibisi q\u0131z\u0131 S\u0259kin\u0259 H\u0259s\u0259nova 20 ildir ki, onun himay\u0259sind\u0259dir. S\u0259kin\u0259 H\u0259s\u0259novan\u0131n ruhi x\u0259st\u0259 oldu\u011fu bildirilir.\" \/>\n<meta property=\"og:url\" content=\"https:\/\/www.meydan.tv\/az\/article\/87-yasli-qadini-tovlede-baglamaqda-ittiham-olunan-sexsin-mehkemesi-baslayacaq\/\" \/>\n<meta property=\"og:site_name\" content=\"MEYDAN.TV\" \/>\n<meta property=\"article:published_time\" content=\"2021-09-03T11:15:34+00:00\" \/>\n<meta property=\"og:image\" content=\"https:\/\/www.meydan.tv\/wp-content\/uploads\/1612772145436814513_1000x669.jpg\" \/>\n\t<meta property=\"og:image:width\" content=\"1000\" \/>\n\t<meta property=\"og:image:height\" content=\"656\" \/>\n\t<meta property=\"og:image:type\" content=\"image\/jpeg\" \/>\n<meta name=\"author\" content=\"user-manager\" \/>\n<meta name=\"twitter:card\" content=\"summary_large_image\" \/>\n<script type=\"application\/ld+json\" class=\"yoast-schema-graph\">{\"@context\":\"https:\\\/\\\/schema.org\",\"@graph\":[{\"@type\":\"Article\",\"@id\":\"https:\\\/\\\/www.meydan.tv\\\/az\\\/article\\\/87-yasli-qadini-tovlede-baglamaqda-ittiham-olunan-sexsin-mehkemesi-baslayacaq\\\/#article\",\"isPartOf\":{\"@id\":\"https:\\\/\\\/www.meydan.tv\\\/az\\\/article\\\/87-yasli-qadini-tovlede-baglamaqda-ittiham-olunan-sexsin-mehkemesi-baslayacaq\\\/\"},\"author\":{\"name\":\"user-manager\",\"@id\":\"https:\\\/\\\/www.meydan.tv\\\/az\\\/#\\\/schema\\\/person\\\/10d11eccf6da3662cf5fdab9806ea91a\"},\"headline\":\"87 ya\u015fl\u0131 qad\u0131n\u0131 t\u00f6vl\u0259d\u0259 ba\u011flamaqda ittiham olunan \u015f\u0259xsin m\u0259hk\u0259m\u0259si ba\u015flayacaq\",\"datePublished\":\"2021-09-03T11:15:34+00:00\",\"mainEntityOfPage\":{\"@id\":\"https:\\\/\\\/www.meydan.tv\\\/az\\\/article\\\/87-yasli-qadini-tovlede-baglamaqda-ittiham-olunan-sexsin-mehkemesi-baslayacaq\\\/\"},\"wordCount\":431,\"publisher\":{\"@id\":\"https:\\\/\\\/www.meydan.tv\\\/az\\\/#organization\"},\"image\":{\"@id\":\"https:\\\/\\\/www.meydan.tv\\\/az\\\/article\\\/87-yasli-qadini-tovlede-baglamaqda-ittiham-olunan-sexsin-mehkemesi-baslayacaq\\\/#primaryimage\"},\"thumbnailUrl\":\"https:\\\/\\\/www.meydan.tv\\\/wp-content\\\/uploads\\\/1612772145436814513_1000x669.jpg\",\"articleSection\":[\"B\u00f6lg\u0259\"],\"inLanguage\":\"az\"},{\"@type\":\"WebPage\",\"@id\":\"https:\\\/\\\/www.meydan.tv\\\/az\\\/article\\\/87-yasli-qadini-tovlede-baglamaqda-ittiham-olunan-sexsin-mehkemesi-baslayacaq\\\/\",\"url\":\"https:\\\/\\\/www.meydan.tv\\\/az\\\/article\\\/87-yasli-qadini-tovlede-baglamaqda-ittiham-olunan-sexsin-mehkemesi-baslayacaq\\\/\",\"name\":\"87 ya\u015fl\u0131 qad\u0131n\u0131 t\u00f6vl\u0259d\u0259 ba\u011flamaqda ittiham olunan \u015f\u0259xsin m\u0259hk\u0259m\u0259si ba\u015flayacaq - MEYDAN.TV\",\"isPartOf\":{\"@id\":\"https:\\\/\\\/www.meydan.tv\\\/az\\\/#website\"},\"primaryImageOfPage\":{\"@id\":\"https:\\\/\\\/www.meydan.tv\\\/az\\\/article\\\/87-yasli-qadini-tovlede-baglamaqda-ittiham-olunan-sexsin-mehkemesi-baslayacaq\\\/#primaryimage\"},\"image\":{\"@id\":\"https:\\\/\\\/www.meydan.tv\\\/az\\\/article\\\/87-yasli-qadini-tovlede-baglamaqda-ittiham-olunan-sexsin-mehkemesi-baslayacaq\\\/#primaryimage\"},\"thumbnailUrl\":\"https:\\\/\\\/www.meydan.tv\\\/wp-content\\\/uploads\\\/1612772145436814513_1000x669.jpg\",\"datePublished\":\"2021-09-03T11:15:34+00:00\",\"breadcrumb\":{\"@id\":\"https:\\\/\\\/www.meydan.tv\\\/az\\\/article\\\/87-yasli-qadini-tovlede-baglamaqda-ittiham-olunan-sexsin-mehkemesi-baslayacaq\\\/#breadcrumb\"},\"inLanguage\":\"az\",\"potentialAction\":[{\"@type\":\"ReadAction\",\"target\":[\"https:\\\/\\\/www.meydan.tv\\\/az\\\/article\\\/87-yasli-qadini-tovlede-baglamaqda-ittiham-olunan-sexsin-mehkemesi-baslayacaq\\\/\"]}]},{\"@type\":\"ImageObject\",\"inLanguage\":\"az\",\"@id\":\"https:\\\/\\\/www.meydan.tv\\\/az\\\/article\\\/87-yasli-qadini-tovlede-baglamaqda-ittiham-olunan-sexsin-mehkemesi-baslayacaq\\\/#primaryimage\",\"url\":\"https:\\\/\\\/www.meydan.tv\\\/wp-content\\\/uploads\\\/1612772145436814513_1000x669.jpg\",\"contentUrl\":\"https:\\\/\\\/www.meydan.tv\\\/wp-content\\\/uploads\\\/1612772145436814513_1000x669.jpg\",\"width\":1000,\"height\":656,\"caption\":\"Foto: Az\u0259rtac\"},{\"@type\":\"BreadcrumbList\",\"@id\":\"https:\\\/\\\/www.meydan.tv\\\/az\\\/article\\\/87-yasli-qadini-tovlede-baglamaqda-ittiham-olunan-sexsin-mehkemesi-baslayacaq\\\/#breadcrumb\",\"itemListElement\":[{\"@type\":\"ListItem\",\"position\":1,\"name\":\"Ana s\u0259hif\u0259\",\"item\":\"https:\\\/\\\/www.meydan.tv\\\/az\\\/\"},{\"@type\":\"ListItem\",\"position\":2,\"name\":\"B\u00f6lg\u0259\",\"item\":\"https:\\\/\\\/www.meydan.tv\\\/az\\\/section\\\/bolge\\\/\"},{\"@type\":\"ListItem\",\"position\":3,\"name\":\"87 ya\u015fl\u0131 qad\u0131n\u0131 t\u00f6vl\u0259d\u0259 ba\u011flamaqda ittiham olunan \u015f\u0259xsin m\u0259hk\u0259m\u0259si ba\u015flayacaq\"}]},{\"@type\":\"WebSite\",\"@id\":\"https:\\\/\\\/www.meydan.tv\\\/az\\\/#website\",\"url\":\"https:\\\/\\\/www.meydan.tv\\\/az\\\/\",\"name\":\"MEYDAN.TV\",\"description\":\"Meydan TV Az\u0259rbaycan\u0131n media m\u0259kan\u0131ndak\u0131 alternativ s\u0259sidir\",\"publisher\":{\"@id\":\"https:\\\/\\\/www.meydan.tv\\\/az\\\/#organization\"},\"potentialAction\":[{\"@type\":\"SearchAction\",\"target\":{\"@type\":\"EntryPoint\",\"urlTemplate\":\"https:\\\/\\\/www.meydan.tv\\\/az\\\/?s={search_term_string}\"},\"query-input\":{\"@type\":\"PropertyValueSpecification\",\"valueRequired\":true,\"valueName\":\"search_term_string\"}}],\"inLanguage\":\"az\"},{\"@type\":\"Organization\",\"@id\":\"https:\\\/\\\/www.meydan.tv\\\/az\\\/#organization\",\"name\":\"Meydan TV\",\"url\":\"https:\\\/\\\/www.meydan.tv\\\/az\\\/\",\"logo\":{\"@type\":\"ImageObject\",\"inLanguage\":\"az\",\"@id\":\"https:\\\/\\\/www.meydan.tv\\\/az\\\/#\\\/schema\\\/logo\\\/image\\\/\",\"url\":\"https:\\\/\\\/www.meydan.tv\\\/wp-content\\\/uploads\\\/2021\\\/07\\\/meydan-logo.svg\",\"contentUrl\":\"https:\\\/\\\/www.meydan.tv\\\/wp-content\\\/uploads\\\/2021\\\/07\\\/meydan-logo.svg\",\"width\":195,\"height\":46,\"caption\":\"Meydan TV\"},\"image\":{\"@id\":\"https:\\\/\\\/www.meydan.tv\\\/az\\\/#\\\/schema\\\/logo\\\/image\\\/\"}},{\"@type\":\"Person\",\"@id\":\"https:\\\/\\\/www.meydan.tv\\\/az\\\/#\\\/schema\\\/person\\\/10d11eccf6da3662cf5fdab9806ea91a\",\"name\":\"user-manager\"}]}<\/script>\n<!-- \/ Yoast SEO plugin. -->","yoast_head_json":{"title":"87 ya\u015fl\u0131 qad\u0131n\u0131 t\u00f6vl\u0259d\u0259 ba\u011flamaqda ittiham olunan \u015f\u0259xsin m\u0259hk\u0259m\u0259si ba\u015flayacaq - MEYDAN.TV","robots":{"index":"index","follow":"follow","max-snippet":"max-snippet:-1","max-image-preview":"max-image-preview:large","max-video-preview":"max-video-preview:-1"},"canonical":"https:\/\/www.meydan.tv\/az\/article\/87-yasli-qadini-tovlede-baglamaqda-ittiham-olunan-sexsin-mehkemesi-baslayacaq\/","og_locale":"az_AZ","og_type":"article","og_title":"87 ya\u015fl\u0131 qad\u0131n\u0131 t\u00f6vl\u0259d\u0259 ba\u011flamaqda ittiham olunan \u015f\u0259xsin m\u0259hk\u0259m\u0259si ba\u015flayacaq - MEYDAN.TV","og_description":"Cinay\u0259t i\u015finin materiallar\u0131nda iddia olunur ki, Q\u0259z\u0259nf\u0259r Hac\u0131yevin bibisi q\u0131z\u0131 S\u0259kin\u0259 H\u0259s\u0259nova 20 ildir ki, onun himay\u0259sind\u0259dir. S\u0259kin\u0259 H\u0259s\u0259novan\u0131n ruhi x\u0259st\u0259 oldu\u011fu bildirilir.","og_url":"https:\/\/www.meydan.tv\/az\/article\/87-yasli-qadini-tovlede-baglamaqda-ittiham-olunan-sexsin-mehkemesi-baslayacaq\/","og_site_name":"MEYDAN.TV","article_published_time":"2021-09-03T11:15:34+00:00","og_image":[{"width":1000,"height":656,"url":"https:\/\/www.meydan.tv\/wp-content\/uploads\/1612772145436814513_1000x669.jpg","type":"image\/jpeg"}],"author":"user-manager","twitter_card":"summary_large_image","schema":{"@context":"https:\/\/schema.org","@graph":[{"@type":"Article","@id":"https:\/\/www.meydan.tv\/az\/article\/87-yasli-qadini-tovlede-baglamaqda-ittiham-olunan-sexsin-mehkemesi-baslayacaq\/#article","isPartOf":{"@id":"https:\/\/www.meydan.tv\/az\/article\/87-yasli-qadini-tovlede-baglamaqda-ittiham-olunan-sexsin-mehkemesi-baslayacaq\/"},"author":{"name":"user-manager","@id":"https:\/\/www.meydan.tv\/az\/#\/schema\/person\/10d11eccf6da3662cf5fdab9806ea91a"},"headline":"87 ya\u015fl\u0131 qad\u0131n\u0131 t\u00f6vl\u0259d\u0259 ba\u011flamaqda ittiham olunan \u015f\u0259xsin m\u0259hk\u0259m\u0259si ba\u015flayacaq","datePublished":"2021-09-03T11:15:34+00:00","mainEntityOfPage":{"@id":"https:\/\/www.meydan.tv\/az\/article\/87-yasli-qadini-tovlede-baglamaqda-ittiham-olunan-sexsin-mehkemesi-baslayacaq\/"},"wordCount":431,"publisher":{"@id":"https:\/\/www.meydan.tv\/az\/#organization"},"image":{"@id":"https:\/\/www.meydan.tv\/az\/article\/87-yasli-qadini-tovlede-baglamaqda-ittiham-olunan-sexsin-mehkemesi-baslayacaq\/#primaryimage"},"thumbnailUrl":"https:\/\/www.meydan.tv\/wp-content\/uploads\/1612772145436814513_1000x669.jpg","articleSection":["B\u00f6lg\u0259"],"inLanguage":"az"},{"@type":"WebPage","@id":"https:\/\/www.meydan.tv\/az\/article\/87-yasli-qadini-tovlede-baglamaqda-ittiham-olunan-sexsin-mehkemesi-baslayacaq\/","url":"https:\/\/www.meydan.tv\/az\/article\/87-yasli-qadini-tovlede-baglamaqda-ittiham-olunan-sexsin-mehkemesi-baslayacaq\/","name":"87 ya\u015fl\u0131 qad\u0131n\u0131 t\u00f6vl\u0259d\u0259 ba\u011flamaqda ittiham olunan \u015f\u0259xsin m\u0259hk\u0259m\u0259si ba\u015flayacaq - MEYDAN.TV","isPartOf":{"@id":"https:\/\/www.meydan.tv\/az\/#website"},"primaryImageOfPage":{"@id":"https:\/\/www.meydan.tv\/az\/article\/87-yasli-qadini-tovlede-baglamaqda-ittiham-olunan-sexsin-mehkemesi-baslayacaq\/#primaryimage"},"image":{"@id":"https:\/\/www.meydan.tv\/az\/article\/87-yasli-qadini-tovlede-baglamaqda-ittiham-olunan-sexsin-mehkemesi-baslayacaq\/#primaryimage"},"thumbnailUrl":"https:\/\/www.meydan.tv\/wp-content\/uploads\/1612772145436814513_1000x669.jpg","datePublished":"2021-09-03T11:15:34+00:00","breadcrumb":{"@id":"https:\/\/www.meydan.tv\/az\/article\/87-yasli-qadini-tovlede-baglamaqda-ittiham-olunan-sexsin-mehkemesi-baslayacaq\/#breadcrumb"},"inLanguage":"az","potentialAction":[{"@type":"ReadAction","target":["https:\/\/www.meydan.tv\/az\/article\/87-yasli-qadini-tovlede-baglamaqda-ittiham-olunan-sexsin-mehkemesi-baslayacaq\/"]}]},{"@type":"ImageObject","inLanguage":"az","@id":"https:\/\/www.meydan.tv\/az\/article\/87-yasli-qadini-tovlede-baglamaqda-ittiham-olunan-sexsin-mehkemesi-baslayacaq\/#primaryimage","url":"https:\/\/www.meydan.tv\/wp-content\/uploads\/1612772145436814513_1000x669.jpg","contentUrl":"https:\/\/www.meydan.tv\/wp-content\/uploads\/1612772145436814513_1000x669.jpg","width":1000,"height":656,"caption":"Foto: Az\u0259rtac"},{"@type":"BreadcrumbList","@id":"https:\/\/www.meydan.tv\/az\/article\/87-yasli-qadini-tovlede-baglamaqda-ittiham-olunan-sexsin-mehkemesi-baslayacaq\/#breadcrumb","itemListElement":[{"@type":"ListItem","position":1,"name":"Ana s\u0259hif\u0259","item":"https:\/\/www.meydan.tv\/az\/"},{"@type":"ListItem","position":2,"name":"B\u00f6lg\u0259","item":"https:\/\/www.meydan.tv\/az\/section\/bolge\/"},{"@type":"ListItem","position":3,"name":"87 ya\u015fl\u0131 qad\u0131n\u0131 t\u00f6vl\u0259d\u0259 ba\u011flamaqda ittiham olunan \u015f\u0259xsin m\u0259hk\u0259m\u0259si ba\u015flayacaq"}]},{"@type":"WebSite","@id":"https:\/\/www.meydan.tv\/az\/#website","url":"https:\/\/www.meydan.tv\/az\/","name":"MEYDAN.TV","description":"Meydan TV Az\u0259rbaycan\u0131n media m\u0259kan\u0131ndak\u0131 alternativ s\u0259sidir","publisher":{"@id":"https:\/\/www.meydan.tv\/az\/#organization"},"potentialAction":[{"@type":"SearchAction","target":{"@type":"EntryPoint","urlTemplate":"https:\/\/www.meydan.tv\/az\/?s={search_term_string}"},"query-input":{"@type":"PropertyValueSpecification","valueRequired":true,"valueName":"search_term_string"}}],"inLanguage":"az"},{"@type":"Organization","@id":"https:\/\/www.meydan.tv\/az\/#organization","name":"Meydan TV","url":"https:\/\/www.meydan.tv\/az\/","logo":{"@type":"ImageObject","inLanguage":"az","@id":"https:\/\/www.meydan.tv\/az\/#\/schema\/logo\/image\/","url":"https:\/\/www.meydan.tv\/wp-content\/uploads\/2021\/07\/meydan-logo.svg","contentUrl":"https:\/\/www.meydan.tv\/wp-content\/uploads\/2021\/07\/meydan-logo.svg","width":195,"height":46,"caption":"Meydan TV"},"image":{"@id":"https:\/\/www.meydan.tv\/az\/#\/schema\/logo\/image\/"}},{"@type":"Person","@id":"https:\/\/www.meydan.tv\/az\/#\/schema\/person\/10d11eccf6da3662cf5fdab9806ea91a","name":"user-manager"}]}},"_links":{"self":[{"href":"https:\/\/www.meydan.tv\/az\/wp-json\/wp\/v2\/posts\/212688","targetHints":{"allow":["GET"]}}],"collection":[{"href":"https:\/\/www.meydan.tv\/az\/wp-json\/wp\/v2\/posts"}],"about":[{"href":"https:\/\/www.meydan.tv\/az\/wp-json\/wp\/v2\/types\/post"}],"author":[{"embeddable":true,"href":"https:\/\/www.meydan.tv\/az\/wp-json\/wp\/v2\/users\/11"}],"replies":[{"embeddable":true,"href":"https:\/\/www.meydan.tv\/az\/wp-json\/wp\/v2\/comments?post=212688"}],"version-history":[{"count":0,"href":"https:\/\/www.meydan.tv\/az\/wp-json\/wp\/v2\/posts\/212688\/revisions"}],"wp:featuredmedia":[{"embeddable":true,"href":"https:\/\/www.meydan.tv\/az\/wp-json\/wp\/v2\/media\/155994"}],"wp:attachment":[{"href":"https:\/\/www.meydan.tv\/az\/wp-json\/wp\/v2\/media?parent=212688"}],"wp:term":[{"taxonomy":"category","embeddable":true,"href":"https:\/\/www.meydan.tv\/az\/wp-json\/wp\/v2\/categories?post=212688"},{"taxonomy":"post_tag","embeddable":true,"href":"https:\/\/www.meydan.tv\/az\/wp-json\/wp\/v2\/tags?post=212688"}],"curies":[{"name":"wp","href":"https:\/\/api.w.org\/{rel}","templated":true}]}}