{"id":212686,"date":"2021-09-03T10:59:21","date_gmt":"2021-09-03T10:59:21","guid":{"rendered":"https:\/\/www.meydan.tv\/article\/azerbaycanli-aktrisa-moskvada-defn-olunacaq\/"},"modified":"2021-09-03T10:59:21","modified_gmt":"2021-09-03T10:59:21","slug":"azerbaycanli-aktrisa-moskvada-defn-olunacaq","status":"publish","type":"post","link":"https:\/\/www.meydan.tv\/az\/article\/azerbaycanli-aktrisa-moskvada-defn-olunacaq\/","title":{"rendered":"Az\u0259rbaycanl\u0131 aktrisa Moskvada d\u0259fn olunacaq"},"content":{"rendered":"<p>\n  <i><br \/>\n    \u201cOnun b\u00f6y\u00fck \u00fcr\u0259yi\u201d filminin S\u0259may\u0259si v\u0259fat etdi<br \/>\n  <\/i>\n<\/p>\n<p>\n  Az\u0259rbaycan SSR-n\u0131n \u018fm\u0259kdar artisti Tamilla A\u011famirova bu g\u00fcn Moskvada Troyekurov q\u0259biristanl\u0131\u011f\u0131nda d\u0259fn olunacaq.\n<\/p>\n<p>\n  TASS agentliyin<br \/>\n  <a href=\"https:\/\/tass.ru\/obschestvo\/12275133\"><br \/>\n    m\u0259lumat<br \/>\n  <\/a><br \/>\n  \u0131na g\u00f6r\u0259, aktrisa il\u0259 vida m\u0259rasimi 1952-ci ild\u0259n \u00e7al\u0131\u015fd\u0131\u011f\u0131 \u201cRomen\u201d Moskva Musiqili Dram Teatr\u0131ndad\u0131r.\n<\/p>\n<p>\n  Tamilla A\u011famirova 1928-ci ild\u0259 Bak\u0131da do\u011fulub. 1952-ci ild\u0259n f\u0259aliyy\u0259tini \u201cRomen\u201d Moskva Musiqili Dram Teatr\u0131nda davam etdirib. 93 ya\u015fl\u0131 s\u0259n\u0259t\u00e7i aktiv ictimai f\u0259aliyy\u0259tl\u0259 m\u0259\u015f\u011ful olub. O, T\u0259hl\u00fck\u0259sizlik, M\u00fcdafi\u0259 v\u0259 H\u00fcquq Qaydas\u0131 Akademiyas\u0131n\u0131n professoru, \u201cMaski\u201d Fondunun vitse-prezidenti, Beyn\u0259lxalq Akademiya Teatr\u0131n\u0131n f\u0259xri magistri idi.\n<\/p>\n<p>\n  Tamilla A\u011famirova 1960-c\u0131 ild\u0259 Az\u0259rbaycan Sovet Sosialist Respublikas\u0131n\u0131n \u018fm\u0259kdar, 1982-ci ild\u0259 Rusiya Sovet Federativ Sosialist Respublikas\u0131n\u0131n Xalq artisti ad\u0131na layiq g\u00f6r\u00fcl\u00fcb.\n<\/p>\n<p>\n  Tamilla A\u011famirova 1957-ci ild\u0259 Qriqor Kozintsovun \u201cDon Kixot\u201d filmind\u0259ki qrafinya Altisidora rolundan sonra m\u0259\u015fhurla\u015f\u0131b. Daha sonra \u201cOnun b\u00f6y\u00fck \u00fcr\u0259yi\u201d filmind\u0259 S\u0259may\u0259, \u201c\u018fsl dost\u201dda Bilqeyis, \u201cKoro\u011flu\u201dda Alag\u00f6z, \u201cMatteo Falkone\u201d filmind\u0259 C\u00fczeppa, \u201cZ\u0259ncirl\u0259nmi\u015f adam\u201d Fatma, \u201cYenilm\u0259z batalyon\u201dda musiqi m\u00fc\u0259llimi obrazlar\u0131n\u0131 canland\u0131r\u0131b.<\/p>\n","protected":false},"excerpt":{"rendered":"<p>Tamilla A\u011famirova 1960-c\u0131 ild\u0259 Az\u0259rbaycan Sovet Sosialist Respublikas\u0131n\u0131n \u018fm\u0259kdar, 1982-ci ild\u0259 Rusiya Sovet Federativ Sosialist Respublikas\u0131n\u0131n Xalq artisti ad\u0131na layiq g\u00f6r\u00fcl\u00fcb<\/p>\n","protected":false},"author":11,"featured_media":209718,"comment_status":"closed","ping_status":"open","sticky":false,"template":"","format":"standard","meta":{"_acf_changed":false,"_sitemap_exclude":false,"_sitemap_priority":"","_sitemap_frequency":"","footnotes":""},"categories":[52],"tags":[],"class_list":["post-212686","post","type-post","status-publish","format-standard","has-post-thumbnail","hentry","category-medeniyyet","infinite-scroll-item","generate-columns","tablet-grid-50","mobile-grid-100","grid-parent","grid-33","no-featured-image-padding"],"acf":[],"yoast_head":"<!-- This site is optimized with the Yoast SEO plugin v27.4 - https:\/\/yoast.com\/product\/yoast-seo-wordpress\/ -->\n<title>Az\u0259rbaycanl\u0131 aktrisa Moskvada d\u0259fn olunacaq - MEYDAN.TV<\/title>\n<meta name=\"robots\" content=\"index, follow, max-snippet:-1, max-image-preview:large, max-video-preview:-1\" \/>\n<link rel=\"canonical\" href=\"https:\/\/www.meydan.tv\/az\/article\/azerbaycanli-aktrisa-moskvada-defn-olunacaq\/\" \/>\n<meta property=\"og:locale\" content=\"az_AZ\" \/>\n<meta property=\"og:type\" content=\"article\" \/>\n<meta property=\"og:title\" content=\"Az\u0259rbaycanl\u0131 aktrisa Moskvada d\u0259fn olunacaq - MEYDAN.TV\" \/>\n<meta property=\"og:description\" content=\"Tamilla A\u011famirova 1960-c\u0131 ild\u0259 Az\u0259rbaycan Sovet Sosialist Respublikas\u0131n\u0131n \u018fm\u0259kdar, 1982-ci ild\u0259 Rusiya Sovet Federativ Sosialist Respublikas\u0131n\u0131n Xalq artisti ad\u0131na layiq g\u00f6r\u00fcl\u00fcb\" \/>\n<meta property=\"og:url\" content=\"https:\/\/www.meydan.tv\/az\/article\/azerbaycanli-aktrisa-moskvada-defn-olunacaq\/\" \/>\n<meta property=\"og:site_name\" content=\"MEYDAN.TV\" \/>\n<meta property=\"article:published_time\" content=\"2021-09-03T10:59:21+00:00\" \/>\n<meta property=\"og:image\" content=\"https:\/\/www.meydan.tv\/wp-content\/uploads\/tamilla.jpg\" \/>\n\t<meta property=\"og:image:width\" content=\"1020\" \/>\n\t<meta property=\"og:image:height\" content=\"650\" \/>\n\t<meta property=\"og:image:type\" content=\"image\/jpeg\" \/>\n<meta name=\"author\" content=\"user-manager\" \/>\n<meta name=\"twitter:card\" content=\"summary_large_image\" \/>\n<script type=\"application\/ld+json\" class=\"yoast-schema-graph\">{\"@context\":\"https:\\\/\\\/schema.org\",\"@graph\":[{\"@type\":\"Article\",\"@id\":\"https:\\\/\\\/www.meydan.tv\\\/az\\\/article\\\/azerbaycanli-aktrisa-moskvada-defn-olunacaq\\\/#article\",\"isPartOf\":{\"@id\":\"https:\\\/\\\/www.meydan.tv\\\/az\\\/article\\\/azerbaycanli-aktrisa-moskvada-defn-olunacaq\\\/\"},\"author\":{\"name\":\"user-manager\",\"@id\":\"https:\\\/\\\/www.meydan.tv\\\/az\\\/#\\\/schema\\\/person\\\/10d11eccf6da3662cf5fdab9806ea91a\"},\"headline\":\"Az\u0259rbaycanl\u0131 aktrisa Moskvada d\u0259fn olunacaq\",\"datePublished\":\"2021-09-03T10:59:21+00:00\",\"mainEntityOfPage\":{\"@id\":\"https:\\\/\\\/www.meydan.tv\\\/az\\\/article\\\/azerbaycanli-aktrisa-moskvada-defn-olunacaq\\\/\"},\"wordCount\":222,\"publisher\":{\"@id\":\"https:\\\/\\\/www.meydan.tv\\\/az\\\/#organization\"},\"image\":{\"@id\":\"https:\\\/\\\/www.meydan.tv\\\/az\\\/article\\\/azerbaycanli-aktrisa-moskvada-defn-olunacaq\\\/#primaryimage\"},\"thumbnailUrl\":\"https:\\\/\\\/www.meydan.tv\\\/wp-content\\\/uploads\\\/tamilla.jpg\",\"articleSection\":[\"M\u0259d\u0259niyy\u0259t\"],\"inLanguage\":\"az\"},{\"@type\":\"WebPage\",\"@id\":\"https:\\\/\\\/www.meydan.tv\\\/az\\\/article\\\/azerbaycanli-aktrisa-moskvada-defn-olunacaq\\\/\",\"url\":\"https:\\\/\\\/www.meydan.tv\\\/az\\\/article\\\/azerbaycanli-aktrisa-moskvada-defn-olunacaq\\\/\",\"name\":\"Az\u0259rbaycanl\u0131 aktrisa Moskvada d\u0259fn olunacaq - MEYDAN.TV\",\"isPartOf\":{\"@id\":\"https:\\\/\\\/www.meydan.tv\\\/az\\\/#website\"},\"primaryImageOfPage\":{\"@id\":\"https:\\\/\\\/www.meydan.tv\\\/az\\\/article\\\/azerbaycanli-aktrisa-moskvada-defn-olunacaq\\\/#primaryimage\"},\"image\":{\"@id\":\"https:\\\/\\\/www.meydan.tv\\\/az\\\/article\\\/azerbaycanli-aktrisa-moskvada-defn-olunacaq\\\/#primaryimage\"},\"thumbnailUrl\":\"https:\\\/\\\/www.meydan.tv\\\/wp-content\\\/uploads\\\/tamilla.jpg\",\"datePublished\":\"2021-09-03T10:59:21+00:00\",\"breadcrumb\":{\"@id\":\"https:\\\/\\\/www.meydan.tv\\\/az\\\/article\\\/azerbaycanli-aktrisa-moskvada-defn-olunacaq\\\/#breadcrumb\"},\"inLanguage\":\"az\",\"potentialAction\":[{\"@type\":\"ReadAction\",\"target\":[\"https:\\\/\\\/www.meydan.tv\\\/az\\\/article\\\/azerbaycanli-aktrisa-moskvada-defn-olunacaq\\\/\"]}]},{\"@type\":\"ImageObject\",\"inLanguage\":\"az\",\"@id\":\"https:\\\/\\\/www.meydan.tv\\\/az\\\/article\\\/azerbaycanli-aktrisa-moskvada-defn-olunacaq\\\/#primaryimage\",\"url\":\"https:\\\/\\\/www.meydan.tv\\\/wp-content\\\/uploads\\\/tamilla.jpg\",\"contentUrl\":\"https:\\\/\\\/www.meydan.tv\\\/wp-content\\\/uploads\\\/tamilla.jpg\",\"width\":1020,\"height\":650,\"caption\":\"Source: Specify Source\"},{\"@type\":\"BreadcrumbList\",\"@id\":\"https:\\\/\\\/www.meydan.tv\\\/az\\\/article\\\/azerbaycanli-aktrisa-moskvada-defn-olunacaq\\\/#breadcrumb\",\"itemListElement\":[{\"@type\":\"ListItem\",\"position\":1,\"name\":\"Ana s\u0259hif\u0259\",\"item\":\"https:\\\/\\\/www.meydan.tv\\\/az\\\/\"},{\"@type\":\"ListItem\",\"position\":2,\"name\":\"M\u0259d\u0259niyy\u0259t\",\"item\":\"https:\\\/\\\/www.meydan.tv\\\/az\\\/section\\\/medeniyyet\\\/\"},{\"@type\":\"ListItem\",\"position\":3,\"name\":\"Az\u0259rbaycanl\u0131 aktrisa Moskvada d\u0259fn olunacaq\"}]},{\"@type\":\"WebSite\",\"@id\":\"https:\\\/\\\/www.meydan.tv\\\/az\\\/#website\",\"url\":\"https:\\\/\\\/www.meydan.tv\\\/az\\\/\",\"name\":\"MEYDAN.TV\",\"description\":\"Meydan TV Az\u0259rbaycan\u0131n media m\u0259kan\u0131ndak\u0131 alternativ s\u0259sidir\",\"publisher\":{\"@id\":\"https:\\\/\\\/www.meydan.tv\\\/az\\\/#organization\"},\"potentialAction\":[{\"@type\":\"SearchAction\",\"target\":{\"@type\":\"EntryPoint\",\"urlTemplate\":\"https:\\\/\\\/www.meydan.tv\\\/az\\\/?s={search_term_string}\"},\"query-input\":{\"@type\":\"PropertyValueSpecification\",\"valueRequired\":true,\"valueName\":\"search_term_string\"}}],\"inLanguage\":\"az\"},{\"@type\":\"Organization\",\"@id\":\"https:\\\/\\\/www.meydan.tv\\\/az\\\/#organization\",\"name\":\"Meydan TV\",\"url\":\"https:\\\/\\\/www.meydan.tv\\\/az\\\/\",\"logo\":{\"@type\":\"ImageObject\",\"inLanguage\":\"az\",\"@id\":\"https:\\\/\\\/www.meydan.tv\\\/az\\\/#\\\/schema\\\/logo\\\/image\\\/\",\"url\":\"https:\\\/\\\/www.meydan.tv\\\/wp-content\\\/uploads\\\/2021\\\/07\\\/meydan-logo.svg\",\"contentUrl\":\"https:\\\/\\\/www.meydan.tv\\\/wp-content\\\/uploads\\\/2021\\\/07\\\/meydan-logo.svg\",\"width\":195,\"height\":46,\"caption\":\"Meydan TV\"},\"image\":{\"@id\":\"https:\\\/\\\/www.meydan.tv\\\/az\\\/#\\\/schema\\\/logo\\\/image\\\/\"}},{\"@type\":\"Person\",\"@id\":\"https:\\\/\\\/www.meydan.tv\\\/az\\\/#\\\/schema\\\/person\\\/10d11eccf6da3662cf5fdab9806ea91a\",\"name\":\"user-manager\"}]}<\/script>\n<!-- \/ Yoast SEO plugin. -->","yoast_head_json":{"title":"Az\u0259rbaycanl\u0131 aktrisa Moskvada d\u0259fn olunacaq - MEYDAN.TV","robots":{"index":"index","follow":"follow","max-snippet":"max-snippet:-1","max-image-preview":"max-image-preview:large","max-video-preview":"max-video-preview:-1"},"canonical":"https:\/\/www.meydan.tv\/az\/article\/azerbaycanli-aktrisa-moskvada-defn-olunacaq\/","og_locale":"az_AZ","og_type":"article","og_title":"Az\u0259rbaycanl\u0131 aktrisa Moskvada d\u0259fn olunacaq - MEYDAN.TV","og_description":"Tamilla A\u011famirova 1960-c\u0131 ild\u0259 Az\u0259rbaycan Sovet Sosialist Respublikas\u0131n\u0131n \u018fm\u0259kdar, 1982-ci ild\u0259 Rusiya Sovet Federativ Sosialist Respublikas\u0131n\u0131n Xalq artisti ad\u0131na layiq g\u00f6r\u00fcl\u00fcb","og_url":"https:\/\/www.meydan.tv\/az\/article\/azerbaycanli-aktrisa-moskvada-defn-olunacaq\/","og_site_name":"MEYDAN.TV","article_published_time":"2021-09-03T10:59:21+00:00","og_image":[{"width":1020,"height":650,"url":"https:\/\/www.meydan.tv\/wp-content\/uploads\/tamilla.jpg","type":"image\/jpeg"}],"author":"user-manager","twitter_card":"summary_large_image","schema":{"@context":"https:\/\/schema.org","@graph":[{"@type":"Article","@id":"https:\/\/www.meydan.tv\/az\/article\/azerbaycanli-aktrisa-moskvada-defn-olunacaq\/#article","isPartOf":{"@id":"https:\/\/www.meydan.tv\/az\/article\/azerbaycanli-aktrisa-moskvada-defn-olunacaq\/"},"author":{"name":"user-manager","@id":"https:\/\/www.meydan.tv\/az\/#\/schema\/person\/10d11eccf6da3662cf5fdab9806ea91a"},"headline":"Az\u0259rbaycanl\u0131 aktrisa Moskvada d\u0259fn olunacaq","datePublished":"2021-09-03T10:59:21+00:00","mainEntityOfPage":{"@id":"https:\/\/www.meydan.tv\/az\/article\/azerbaycanli-aktrisa-moskvada-defn-olunacaq\/"},"wordCount":222,"publisher":{"@id":"https:\/\/www.meydan.tv\/az\/#organization"},"image":{"@id":"https:\/\/www.meydan.tv\/az\/article\/azerbaycanli-aktrisa-moskvada-defn-olunacaq\/#primaryimage"},"thumbnailUrl":"https:\/\/www.meydan.tv\/wp-content\/uploads\/tamilla.jpg","articleSection":["M\u0259d\u0259niyy\u0259t"],"inLanguage":"az"},{"@type":"WebPage","@id":"https:\/\/www.meydan.tv\/az\/article\/azerbaycanli-aktrisa-moskvada-defn-olunacaq\/","url":"https:\/\/www.meydan.tv\/az\/article\/azerbaycanli-aktrisa-moskvada-defn-olunacaq\/","name":"Az\u0259rbaycanl\u0131 aktrisa Moskvada d\u0259fn olunacaq - MEYDAN.TV","isPartOf":{"@id":"https:\/\/www.meydan.tv\/az\/#website"},"primaryImageOfPage":{"@id":"https:\/\/www.meydan.tv\/az\/article\/azerbaycanli-aktrisa-moskvada-defn-olunacaq\/#primaryimage"},"image":{"@id":"https:\/\/www.meydan.tv\/az\/article\/azerbaycanli-aktrisa-moskvada-defn-olunacaq\/#primaryimage"},"thumbnailUrl":"https:\/\/www.meydan.tv\/wp-content\/uploads\/tamilla.jpg","datePublished":"2021-09-03T10:59:21+00:00","breadcrumb":{"@id":"https:\/\/www.meydan.tv\/az\/article\/azerbaycanli-aktrisa-moskvada-defn-olunacaq\/#breadcrumb"},"inLanguage":"az","potentialAction":[{"@type":"ReadAction","target":["https:\/\/www.meydan.tv\/az\/article\/azerbaycanli-aktrisa-moskvada-defn-olunacaq\/"]}]},{"@type":"ImageObject","inLanguage":"az","@id":"https:\/\/www.meydan.tv\/az\/article\/azerbaycanli-aktrisa-moskvada-defn-olunacaq\/#primaryimage","url":"https:\/\/www.meydan.tv\/wp-content\/uploads\/tamilla.jpg","contentUrl":"https:\/\/www.meydan.tv\/wp-content\/uploads\/tamilla.jpg","width":1020,"height":650,"caption":"Source: Specify Source"},{"@type":"BreadcrumbList","@id":"https:\/\/www.meydan.tv\/az\/article\/azerbaycanli-aktrisa-moskvada-defn-olunacaq\/#breadcrumb","itemListElement":[{"@type":"ListItem","position":1,"name":"Ana s\u0259hif\u0259","item":"https:\/\/www.meydan.tv\/az\/"},{"@type":"ListItem","position":2,"name":"M\u0259d\u0259niyy\u0259t","item":"https:\/\/www.meydan.tv\/az\/section\/medeniyyet\/"},{"@type":"ListItem","position":3,"name":"Az\u0259rbaycanl\u0131 aktrisa Moskvada d\u0259fn olunacaq"}]},{"@type":"WebSite","@id":"https:\/\/www.meydan.tv\/az\/#website","url":"https:\/\/www.meydan.tv\/az\/","name":"MEYDAN.TV","description":"Meydan TV Az\u0259rbaycan\u0131n media m\u0259kan\u0131ndak\u0131 alternativ s\u0259sidir","publisher":{"@id":"https:\/\/www.meydan.tv\/az\/#organization"},"potentialAction":[{"@type":"SearchAction","target":{"@type":"EntryPoint","urlTemplate":"https:\/\/www.meydan.tv\/az\/?s={search_term_string}"},"query-input":{"@type":"PropertyValueSpecification","valueRequired":true,"valueName":"search_term_string"}}],"inLanguage":"az"},{"@type":"Organization","@id":"https:\/\/www.meydan.tv\/az\/#organization","name":"Meydan TV","url":"https:\/\/www.meydan.tv\/az\/","logo":{"@type":"ImageObject","inLanguage":"az","@id":"https:\/\/www.meydan.tv\/az\/#\/schema\/logo\/image\/","url":"https:\/\/www.meydan.tv\/wp-content\/uploads\/2021\/07\/meydan-logo.svg","contentUrl":"https:\/\/www.meydan.tv\/wp-content\/uploads\/2021\/07\/meydan-logo.svg","width":195,"height":46,"caption":"Meydan TV"},"image":{"@id":"https:\/\/www.meydan.tv\/az\/#\/schema\/logo\/image\/"}},{"@type":"Person","@id":"https:\/\/www.meydan.tv\/az\/#\/schema\/person\/10d11eccf6da3662cf5fdab9806ea91a","name":"user-manager"}]}},"_links":{"self":[{"href":"https:\/\/www.meydan.tv\/az\/wp-json\/wp\/v2\/posts\/212686","targetHints":{"allow":["GET"]}}],"collection":[{"href":"https:\/\/www.meydan.tv\/az\/wp-json\/wp\/v2\/posts"}],"about":[{"href":"https:\/\/www.meydan.tv\/az\/wp-json\/wp\/v2\/types\/post"}],"author":[{"embeddable":true,"href":"https:\/\/www.meydan.tv\/az\/wp-json\/wp\/v2\/users\/11"}],"replies":[{"embeddable":true,"href":"https:\/\/www.meydan.tv\/az\/wp-json\/wp\/v2\/comments?post=212686"}],"version-history":[{"count":0,"href":"https:\/\/www.meydan.tv\/az\/wp-json\/wp\/v2\/posts\/212686\/revisions"}],"wp:featuredmedia":[{"embeddable":true,"href":"https:\/\/www.meydan.tv\/az\/wp-json\/wp\/v2\/media\/209718"}],"wp:attachment":[{"href":"https:\/\/www.meydan.tv\/az\/wp-json\/wp\/v2\/media?parent=212686"}],"wp:term":[{"taxonomy":"category","embeddable":true,"href":"https:\/\/www.meydan.tv\/az\/wp-json\/wp\/v2\/categories?post=212686"},{"taxonomy":"post_tag","embeddable":true,"href":"https:\/\/www.meydan.tv\/az\/wp-json\/wp\/v2\/tags?post=212686"}],"curies":[{"name":"wp","href":"https:\/\/api.w.org\/{rel}","templated":true}]}}