{"id":212679,"date":"2021-09-02T14:58:26","date_gmt":"2021-09-02T14:58:26","guid":{"rendered":"https:\/\/www.meydan.tv\/article\/azerbaycanli-rejissor-beynelxalq-festivalda-munsif-olub\/"},"modified":"2021-09-02T14:58:26","modified_gmt":"2021-09-02T14:58:26","slug":"azerbaycanli-rejissor-beynelxalq-festivalda-munsif-olub","status":"publish","type":"post","link":"https:\/\/www.meydan.tv\/az\/article\/azerbaycanli-rejissor-beynelxalq-festivalda-munsif-olub\/","title":{"rendered":"Az\u0259rbaycanl\u0131 rejissor beyn\u0259lxalq festivalda m\u00fcnsif olub"},"content":{"rendered":"<p>\n  <i><br \/>\n    \u201cBu o dem\u0259kdir ki art\u0131q bizim kinematoqraf\u00e7\u0131lar\u0131 \u00f6lk\u0259d\u0259n k\u0259narda bir m\u00fct\u0259x\u0259ssis kimi layih\u0259l\u0259r\u0259 c\u0259lb edirl\u0259r\u201d<br \/>\n  <\/i>\n<\/p>\n<p>\n  Prod\u00fcser, rejissor Fehruz \u015eam\u0131yev T\u00fcrkiy\u0259d\u0259 ke\u00e7iril\u0259n Diaspora Beyn\u0259lxalq Q\u0131sa Filml\u0259r Festival\u0131nda m\u00fcnsif \u00fczv\u00fc olub.\n<\/p>\n<p>\n  Rejissor Meydan TV-y\u0259 a\u00e7\u0131qlamas\u0131nda bildirib ki, festival T\u00fcrkiy\u0259 M\u0259d\u0259niyy\u0259t v\u0259 Turizm Nazirliyinin tabeliyind\u0259 olan Yurdd\u0131\u015f\u0131 T\u00fcrkl\u0259r idar\u0259sinin t\u0259\u015fkilat\u00e7\u0131l\u0131\u011f\u0131 il\u0259 ilk d\u0259f\u0259dir ke\u00e7irilir.\n<\/p>\n<p>\n  \u018flav\u0259 edib ki, festivalda d\u00fcnyan\u0131n m\u00fcxt\u0259lif \u00f6lk\u0259l\u0259rind\u0259n \u00fc\u00e7 mind\u0259n \u00e7ox film g\u00f6nd\u0259rilib:\n<\/p>\n<p>\n  \u201cFestival\u0131n \u0259sas proqram\u0131nda 24 film yar\u0131\u015f\u0131rd\u0131. M\u00fcnsifl\u0259r hey\u0259tind\u0259 m\u0259nd\u0259n ba\u015fqa Amerika, Bel\u00e7ika, Sloveniya, Ukraynadan olan rejissor v\u0259 prod\u00fcserl\u0259r d\u0259 vard\u0131. D\u00fcnyan\u0131n m\u00fcxt\u0259lif \u00f6lk\u0259l\u0259rind\u0259 diaspora fiml\u0259ri var v\u0259 bildirim ki, bu maraql\u0131 bir layih\u0259dir. Burada n\u00fcmayi\u015f olunan filml\u0259rin \u0259sas \u00f6z\u0259lliyi odur ki, filmin q\u0259hr\u0259manlar\u0131 \u00f6z v\u0259t\u0259nind\u0259n uzaqda ya\u015fayan insanlard\u0131r. Festivalda t\u00fcrk dilind\u0259 \u00e7\u0259kilmi\u015f filml\u0259r proqram\u0131 vard\u0131 ki, burada xaricd\u0259 ya\u015fayan t\u00fcrk v\u0259t\u0259nda\u015flar\u0131n\u0131n h\u0259yat\u0131 \u00f6z \u0259ksini tap\u0131rd\u0131. Dig\u0259r proqramda is\u0259 \u0130ngilt\u0259r\u0259, Fransa, Amerika, Misird\u0259 v\u0259 ba\u015fqa \u00f6lk\u0259l\u0259rd\u0259 ya\u015fayan \u0259cn\u0259bi v\u0259t\u0259nda\u015flar\u0131n h\u0259yatlar\u0131n\u0131 \u0259ks etdir\u0259n b\u0259dii v\u0259 s\u0259n\u0259dli filml\u0259r yar\u0131\u015f\u0131rd\u0131\u201d.\n<\/p>\n<p>\n  Fehruz \u015eam\u0131yev bundan \u00f6nc\u0259 d\u0259 beyn\u0259lxalq festivalda m\u00fcnsifl\u0259r hey\u0259tinin s\u0259dri olub. Deyir ki, Diaspora Beyn\u0259lxalq Q\u0131sa Filml\u0259r Festival\u0131 dig\u0259rl\u0259rind\u0259n pe\u015f\u0259karl\u0131\u011f\u0131 il\u0259 se\u00e7ilib:\n<\/p>\n<p>\n  \u201cBu festivalda n\u00fcmayi\u015f olunan filml\u0259r festival\u0131n haz\u0131rl\u0131\u011f\u0131 daha pe\u015f\u0259kar s\u0259viyy\u0259d\u0259 idi. D\u00fc\u015f\u00fcn\u00fcr\u0259m ki az\u0259rbaycanl\u0131 kinematoqraf\u00e7\u0131lar\u0131n \u00f6lk\u0259d\u0259n k\u0259narda ke\u00e7iril\u0259n beyn\u0259lxalq festivallarda m\u00fcnsif kimi i\u015ftirak\u0131 ciddi hadis\u0259dir. Bu tendensiya son 3-4 ild\u0259 daha intensiv hal al\u0131b. Bu o dem\u0259kdir ki art\u0131q bizim kinematoqraf\u00e7\u0131lar\u0131 \u00f6lk\u0259d\u0259n k\u0259narda bir m\u00fct\u0259x\u0259ssis kimi layih\u0259l\u0259r\u0259 c\u0259lb edirl\u0259r. Biz daha \u00e7ox Az\u0259rbaycan kinematoqraf\u00e7\u0131lar\u0131n\u0131n beyn\u0259lxalq festivallarda i\u015ftirak\u0131 il\u0259 ba\u011fl\u0131 informasiyalar\u0131 mediadan izl\u0259yirik, amma film istehsal\u00e7\u0131lar\u0131m\u0131z\u0131n festivallarda m\u00fcnsif qismind\u0259 i\u015ftirak\u0131 da vacib amildir. Bu, h\u0259m d\u0259 Az\u0259rbaycan kinosunun xaricd\u0259 m\u00fcsb\u0259t imicin formala\u015fmas\u0131na da k\u00f6m\u0259k edir. Dig\u0259r t\u0259r\u0259fd\u0259n, m\u0259nim Diaspora Beyn\u0259lxalq Q\u0131sa Filml\u0259r Festival\u0131nda m\u00fcnsif kimi i\u015ftirak\u0131m h\u0259m d\u0259 Bak\u0131 Beyn\u0259lxalq Q\u0131sa Filml\u0259r Festival\u0131n\u0131n \u0259hat\u0259 dair\u0259sinin geni\u015fl\u0259nm\u0259si, b\u00f6y\u00fcm\u0259si il\u0259 d\u0259 \u0259laq\u0259dard\u0131r. Bizim festival\u0131n xarici \u0259laq\u0259l\u0259ri geni\u015fl\u0259ndikc\u0259 h\u0259m bizd\u0259n xaric\u0259, el\u0259c\u0259 d\u0259, xarici festivallardan bizim festivala qonaq g\u0259l\u0259nl\u0259rin say\u0131 atacaq. B\u00fct\u00fcn bunlar bug\u00fcnk\u00fc v\u0259 g\u0259l\u0259c\u0259k Az\u0259rbaycan kinosunun inki\u015faf\u0131na t\u0259sir g\u00f6st\u0259r\u0259n \u0259n vacib amill\u0259rd\u0259ndir. Bu \u0259m\u0259kda\u015fl\u0131qlar m\u00fc\u015ft\u0259r\u0259k film istehsallar\u0131n\u0131n \u0259rs\u0259y\u0259 g\u0259lm\u0259si \u00fc\u00e7\u00fcn d\u0259 vacib say\u0131lmal\u0131d\u0131r. Haz\u0131rda d\u00fcnyada ged\u0259n kinoprosesl\u0259r onu g\u00f6st\u0259rir ki m\u00fc\u015ft\u0259r\u0259k layih\u0259l\u0259r daha geni\u015f tama\u015fa\u00e7\u0131 k\u00fctl\u0259sin\u0259 \u0259l\u00e7atan olur, daha az risk t\u0259l\u0259b edir\u201d.\n<\/p>\n<figure class=\"wp-block-image size-large\">\n  <img decoding=\"async\" src=\"https:\/\/www.meydan.tv\/az\/02d8ed67-7c31-43ba-9594-a5c893cc537a-jpeg\/\" alt=\"02D8ED67-7C31-43BA-9594-A5C893CC537A.jpeg\" class=\"wp-image-209706\"\/><figcaption>\n    Rejissor<br \/>\n  <\/figcaption><\/figure>\n<figure class=\"wp-block-image size-large\">\n  <img decoding=\"async\" src=\"https:\/\/www.meydan.tv\/az\/33e1b070-7924-428e-9a71-e93bd9c45d44-jpeg\/\" alt=\"33E1B070-7924-428E-9A71-E93BD9C45D44.jpeg\" class=\"wp-image-209703\"\/><figcaption>\n    Screenshot<br \/>\n  <\/figcaption><\/figure>\n","protected":false},"excerpt":{"rendered":"<p>\u201cBu o dem\u0259kdir ki art\u0131q bizim kinematoqraf\u00e7\u0131lar\u0131 \u00f6lk\u0259d\u0259n k\u0259narda bir m\u00fct\u0259x\u0259ssis kimi layih\u0259l\u0259r\u0259 c\u0259lb edirl\u0259r\u201d<\/p>\n","protected":false},"author":11,"featured_media":209700,"comment_status":"closed","ping_status":"open","sticky":false,"template":"","format":"standard","meta":{"_acf_changed":false,"_sitemap_exclude":false,"_sitemap_priority":"","_sitemap_frequency":"","footnotes":""},"categories":[52],"tags":[],"class_list":["post-212679","post","type-post","status-publish","format-standard","has-post-thumbnail","hentry","category-medeniyyet","infinite-scroll-item","generate-columns","tablet-grid-50","mobile-grid-100","grid-parent","grid-33","no-featured-image-padding"],"acf":[],"yoast_head":"<!-- This site is optimized with the Yoast SEO plugin v27.4 - https:\/\/yoast.com\/product\/yoast-seo-wordpress\/ -->\n<title>Az\u0259rbaycanl\u0131 rejissor beyn\u0259lxalq festivalda m\u00fcnsif olub - MEYDAN.TV<\/title>\n<meta name=\"robots\" content=\"index, follow, max-snippet:-1, max-image-preview:large, max-video-preview:-1\" \/>\n<link rel=\"canonical\" href=\"https:\/\/www.meydan.tv\/az\/article\/azerbaycanli-rejissor-beynelxalq-festivalda-munsif-olub\/\" \/>\n<meta property=\"og:locale\" content=\"az_AZ\" \/>\n<meta property=\"og:type\" content=\"article\" \/>\n<meta property=\"og:title\" content=\"Az\u0259rbaycanl\u0131 rejissor beyn\u0259lxalq festivalda m\u00fcnsif olub - MEYDAN.TV\" \/>\n<meta property=\"og:description\" content=\"\u201cBu o dem\u0259kdir ki art\u0131q bizim kinematoqraf\u00e7\u0131lar\u0131 \u00f6lk\u0259d\u0259n k\u0259narda bir m\u00fct\u0259x\u0259ssis kimi layih\u0259l\u0259r\u0259 c\u0259lb edirl\u0259r\u201d\" \/>\n<meta property=\"og:url\" content=\"https:\/\/www.meydan.tv\/az\/article\/azerbaycanli-rejissor-beynelxalq-festivalda-munsif-olub\/\" \/>\n<meta property=\"og:site_name\" content=\"MEYDAN.TV\" \/>\n<meta property=\"article:published_time\" content=\"2021-09-02T14:58:26+00:00\" \/>\n<meta property=\"og:image\" content=\"https:\/\/www.meydan.tv\/wp-content\/uploads\/d8f500c0-a306-46e1-9b9b-d1107f1c1691.jpeg\" \/>\n\t<meta property=\"og:image:width\" content=\"2048\" \/>\n\t<meta property=\"og:image:height\" content=\"1365\" \/>\n\t<meta property=\"og:image:type\" content=\"image\/jpeg\" \/>\n<meta name=\"author\" content=\"user-manager\" \/>\n<meta name=\"twitter:card\" content=\"summary_large_image\" \/>\n<script type=\"application\/ld+json\" class=\"yoast-schema-graph\">{\"@context\":\"https:\\\/\\\/schema.org\",\"@graph\":[{\"@type\":\"Article\",\"@id\":\"https:\\\/\\\/www.meydan.tv\\\/az\\\/article\\\/azerbaycanli-rejissor-beynelxalq-festivalda-munsif-olub\\\/#article\",\"isPartOf\":{\"@id\":\"https:\\\/\\\/www.meydan.tv\\\/az\\\/article\\\/azerbaycanli-rejissor-beynelxalq-festivalda-munsif-olub\\\/\"},\"author\":{\"name\":\"user-manager\",\"@id\":\"https:\\\/\\\/www.meydan.tv\\\/az\\\/#\\\/schema\\\/person\\\/10d11eccf6da3662cf5fdab9806ea91a\"},\"headline\":\"Az\u0259rbaycanl\u0131 rejissor beyn\u0259lxalq festivalda m\u00fcnsif olub\",\"datePublished\":\"2021-09-02T14:58:26+00:00\",\"mainEntityOfPage\":{\"@id\":\"https:\\\/\\\/www.meydan.tv\\\/az\\\/article\\\/azerbaycanli-rejissor-beynelxalq-festivalda-munsif-olub\\\/\"},\"wordCount\":615,\"publisher\":{\"@id\":\"https:\\\/\\\/www.meydan.tv\\\/az\\\/#organization\"},\"image\":{\"@id\":\"https:\\\/\\\/www.meydan.tv\\\/az\\\/article\\\/azerbaycanli-rejissor-beynelxalq-festivalda-munsif-olub\\\/#primaryimage\"},\"thumbnailUrl\":\"https:\\\/\\\/www.meydan.tv\\\/wp-content\\\/uploads\\\/d8f500c0-a306-46e1-9b9b-d1107f1c1691.jpeg\",\"articleSection\":[\"M\u0259d\u0259niyy\u0259t\"],\"inLanguage\":\"az\"},{\"@type\":\"WebPage\",\"@id\":\"https:\\\/\\\/www.meydan.tv\\\/az\\\/article\\\/azerbaycanli-rejissor-beynelxalq-festivalda-munsif-olub\\\/\",\"url\":\"https:\\\/\\\/www.meydan.tv\\\/az\\\/article\\\/azerbaycanli-rejissor-beynelxalq-festivalda-munsif-olub\\\/\",\"name\":\"Az\u0259rbaycanl\u0131 rejissor beyn\u0259lxalq festivalda m\u00fcnsif olub - MEYDAN.TV\",\"isPartOf\":{\"@id\":\"https:\\\/\\\/www.meydan.tv\\\/az\\\/#website\"},\"primaryImageOfPage\":{\"@id\":\"https:\\\/\\\/www.meydan.tv\\\/az\\\/article\\\/azerbaycanli-rejissor-beynelxalq-festivalda-munsif-olub\\\/#primaryimage\"},\"image\":{\"@id\":\"https:\\\/\\\/www.meydan.tv\\\/az\\\/article\\\/azerbaycanli-rejissor-beynelxalq-festivalda-munsif-olub\\\/#primaryimage\"},\"thumbnailUrl\":\"https:\\\/\\\/www.meydan.tv\\\/wp-content\\\/uploads\\\/d8f500c0-a306-46e1-9b9b-d1107f1c1691.jpeg\",\"datePublished\":\"2021-09-02T14:58:26+00:00\",\"breadcrumb\":{\"@id\":\"https:\\\/\\\/www.meydan.tv\\\/az\\\/article\\\/azerbaycanli-rejissor-beynelxalq-festivalda-munsif-olub\\\/#breadcrumb\"},\"inLanguage\":\"az\",\"potentialAction\":[{\"@type\":\"ReadAction\",\"target\":[\"https:\\\/\\\/www.meydan.tv\\\/az\\\/article\\\/azerbaycanli-rejissor-beynelxalq-festivalda-munsif-olub\\\/\"]}]},{\"@type\":\"ImageObject\",\"inLanguage\":\"az\",\"@id\":\"https:\\\/\\\/www.meydan.tv\\\/az\\\/article\\\/azerbaycanli-rejissor-beynelxalq-festivalda-munsif-olub\\\/#primaryimage\",\"url\":\"https:\\\/\\\/www.meydan.tv\\\/wp-content\\\/uploads\\\/d8f500c0-a306-46e1-9b9b-d1107f1c1691.jpeg\",\"contentUrl\":\"https:\\\/\\\/www.meydan.tv\\\/wp-content\\\/uploads\\\/d8f500c0-a306-46e1-9b9b-d1107f1c1691.jpeg\",\"width\":2048,\"height\":1365,\"caption\":\"Source: A\"},{\"@type\":\"BreadcrumbList\",\"@id\":\"https:\\\/\\\/www.meydan.tv\\\/az\\\/article\\\/azerbaycanli-rejissor-beynelxalq-festivalda-munsif-olub\\\/#breadcrumb\",\"itemListElement\":[{\"@type\":\"ListItem\",\"position\":1,\"name\":\"Ana s\u0259hif\u0259\",\"item\":\"https:\\\/\\\/www.meydan.tv\\\/az\\\/\"},{\"@type\":\"ListItem\",\"position\":2,\"name\":\"M\u0259d\u0259niyy\u0259t\",\"item\":\"https:\\\/\\\/www.meydan.tv\\\/az\\\/section\\\/medeniyyet\\\/\"},{\"@type\":\"ListItem\",\"position\":3,\"name\":\"Az\u0259rbaycanl\u0131 rejissor beyn\u0259lxalq festivalda m\u00fcnsif olub\"}]},{\"@type\":\"WebSite\",\"@id\":\"https:\\\/\\\/www.meydan.tv\\\/az\\\/#website\",\"url\":\"https:\\\/\\\/www.meydan.tv\\\/az\\\/\",\"name\":\"MEYDAN.TV\",\"description\":\"Meydan TV Az\u0259rbaycan\u0131n media m\u0259kan\u0131ndak\u0131 alternativ s\u0259sidir\",\"publisher\":{\"@id\":\"https:\\\/\\\/www.meydan.tv\\\/az\\\/#organization\"},\"potentialAction\":[{\"@type\":\"SearchAction\",\"target\":{\"@type\":\"EntryPoint\",\"urlTemplate\":\"https:\\\/\\\/www.meydan.tv\\\/az\\\/?s={search_term_string}\"},\"query-input\":{\"@type\":\"PropertyValueSpecification\",\"valueRequired\":true,\"valueName\":\"search_term_string\"}}],\"inLanguage\":\"az\"},{\"@type\":\"Organization\",\"@id\":\"https:\\\/\\\/www.meydan.tv\\\/az\\\/#organization\",\"name\":\"Meydan TV\",\"url\":\"https:\\\/\\\/www.meydan.tv\\\/az\\\/\",\"logo\":{\"@type\":\"ImageObject\",\"inLanguage\":\"az\",\"@id\":\"https:\\\/\\\/www.meydan.tv\\\/az\\\/#\\\/schema\\\/logo\\\/image\\\/\",\"url\":\"https:\\\/\\\/www.meydan.tv\\\/wp-content\\\/uploads\\\/2021\\\/07\\\/meydan-logo.svg\",\"contentUrl\":\"https:\\\/\\\/www.meydan.tv\\\/wp-content\\\/uploads\\\/2021\\\/07\\\/meydan-logo.svg\",\"width\":195,\"height\":46,\"caption\":\"Meydan TV\"},\"image\":{\"@id\":\"https:\\\/\\\/www.meydan.tv\\\/az\\\/#\\\/schema\\\/logo\\\/image\\\/\"}},{\"@type\":\"Person\",\"@id\":\"https:\\\/\\\/www.meydan.tv\\\/az\\\/#\\\/schema\\\/person\\\/10d11eccf6da3662cf5fdab9806ea91a\",\"name\":\"user-manager\"}]}<\/script>\n<!-- \/ Yoast SEO plugin. -->","yoast_head_json":{"title":"Az\u0259rbaycanl\u0131 rejissor beyn\u0259lxalq festivalda m\u00fcnsif olub - MEYDAN.TV","robots":{"index":"index","follow":"follow","max-snippet":"max-snippet:-1","max-image-preview":"max-image-preview:large","max-video-preview":"max-video-preview:-1"},"canonical":"https:\/\/www.meydan.tv\/az\/article\/azerbaycanli-rejissor-beynelxalq-festivalda-munsif-olub\/","og_locale":"az_AZ","og_type":"article","og_title":"Az\u0259rbaycanl\u0131 rejissor beyn\u0259lxalq festivalda m\u00fcnsif olub - MEYDAN.TV","og_description":"\u201cBu o dem\u0259kdir ki art\u0131q bizim kinematoqraf\u00e7\u0131lar\u0131 \u00f6lk\u0259d\u0259n k\u0259narda bir m\u00fct\u0259x\u0259ssis kimi layih\u0259l\u0259r\u0259 c\u0259lb edirl\u0259r\u201d","og_url":"https:\/\/www.meydan.tv\/az\/article\/azerbaycanli-rejissor-beynelxalq-festivalda-munsif-olub\/","og_site_name":"MEYDAN.TV","article_published_time":"2021-09-02T14:58:26+00:00","og_image":[{"width":2048,"height":1365,"url":"https:\/\/www.meydan.tv\/wp-content\/uploads\/d8f500c0-a306-46e1-9b9b-d1107f1c1691.jpeg","type":"image\/jpeg"}],"author":"user-manager","twitter_card":"summary_large_image","schema":{"@context":"https:\/\/schema.org","@graph":[{"@type":"Article","@id":"https:\/\/www.meydan.tv\/az\/article\/azerbaycanli-rejissor-beynelxalq-festivalda-munsif-olub\/#article","isPartOf":{"@id":"https:\/\/www.meydan.tv\/az\/article\/azerbaycanli-rejissor-beynelxalq-festivalda-munsif-olub\/"},"author":{"name":"user-manager","@id":"https:\/\/www.meydan.tv\/az\/#\/schema\/person\/10d11eccf6da3662cf5fdab9806ea91a"},"headline":"Az\u0259rbaycanl\u0131 rejissor beyn\u0259lxalq festivalda m\u00fcnsif olub","datePublished":"2021-09-02T14:58:26+00:00","mainEntityOfPage":{"@id":"https:\/\/www.meydan.tv\/az\/article\/azerbaycanli-rejissor-beynelxalq-festivalda-munsif-olub\/"},"wordCount":615,"publisher":{"@id":"https:\/\/www.meydan.tv\/az\/#organization"},"image":{"@id":"https:\/\/www.meydan.tv\/az\/article\/azerbaycanli-rejissor-beynelxalq-festivalda-munsif-olub\/#primaryimage"},"thumbnailUrl":"https:\/\/www.meydan.tv\/wp-content\/uploads\/d8f500c0-a306-46e1-9b9b-d1107f1c1691.jpeg","articleSection":["M\u0259d\u0259niyy\u0259t"],"inLanguage":"az"},{"@type":"WebPage","@id":"https:\/\/www.meydan.tv\/az\/article\/azerbaycanli-rejissor-beynelxalq-festivalda-munsif-olub\/","url":"https:\/\/www.meydan.tv\/az\/article\/azerbaycanli-rejissor-beynelxalq-festivalda-munsif-olub\/","name":"Az\u0259rbaycanl\u0131 rejissor beyn\u0259lxalq festivalda m\u00fcnsif olub - MEYDAN.TV","isPartOf":{"@id":"https:\/\/www.meydan.tv\/az\/#website"},"primaryImageOfPage":{"@id":"https:\/\/www.meydan.tv\/az\/article\/azerbaycanli-rejissor-beynelxalq-festivalda-munsif-olub\/#primaryimage"},"image":{"@id":"https:\/\/www.meydan.tv\/az\/article\/azerbaycanli-rejissor-beynelxalq-festivalda-munsif-olub\/#primaryimage"},"thumbnailUrl":"https:\/\/www.meydan.tv\/wp-content\/uploads\/d8f500c0-a306-46e1-9b9b-d1107f1c1691.jpeg","datePublished":"2021-09-02T14:58:26+00:00","breadcrumb":{"@id":"https:\/\/www.meydan.tv\/az\/article\/azerbaycanli-rejissor-beynelxalq-festivalda-munsif-olub\/#breadcrumb"},"inLanguage":"az","potentialAction":[{"@type":"ReadAction","target":["https:\/\/www.meydan.tv\/az\/article\/azerbaycanli-rejissor-beynelxalq-festivalda-munsif-olub\/"]}]},{"@type":"ImageObject","inLanguage":"az","@id":"https:\/\/www.meydan.tv\/az\/article\/azerbaycanli-rejissor-beynelxalq-festivalda-munsif-olub\/#primaryimage","url":"https:\/\/www.meydan.tv\/wp-content\/uploads\/d8f500c0-a306-46e1-9b9b-d1107f1c1691.jpeg","contentUrl":"https:\/\/www.meydan.tv\/wp-content\/uploads\/d8f500c0-a306-46e1-9b9b-d1107f1c1691.jpeg","width":2048,"height":1365,"caption":"Source: A"},{"@type":"BreadcrumbList","@id":"https:\/\/www.meydan.tv\/az\/article\/azerbaycanli-rejissor-beynelxalq-festivalda-munsif-olub\/#breadcrumb","itemListElement":[{"@type":"ListItem","position":1,"name":"Ana s\u0259hif\u0259","item":"https:\/\/www.meydan.tv\/az\/"},{"@type":"ListItem","position":2,"name":"M\u0259d\u0259niyy\u0259t","item":"https:\/\/www.meydan.tv\/az\/section\/medeniyyet\/"},{"@type":"ListItem","position":3,"name":"Az\u0259rbaycanl\u0131 rejissor beyn\u0259lxalq festivalda m\u00fcnsif olub"}]},{"@type":"WebSite","@id":"https:\/\/www.meydan.tv\/az\/#website","url":"https:\/\/www.meydan.tv\/az\/","name":"MEYDAN.TV","description":"Meydan TV Az\u0259rbaycan\u0131n media m\u0259kan\u0131ndak\u0131 alternativ s\u0259sidir","publisher":{"@id":"https:\/\/www.meydan.tv\/az\/#organization"},"potentialAction":[{"@type":"SearchAction","target":{"@type":"EntryPoint","urlTemplate":"https:\/\/www.meydan.tv\/az\/?s={search_term_string}"},"query-input":{"@type":"PropertyValueSpecification","valueRequired":true,"valueName":"search_term_string"}}],"inLanguage":"az"},{"@type":"Organization","@id":"https:\/\/www.meydan.tv\/az\/#organization","name":"Meydan TV","url":"https:\/\/www.meydan.tv\/az\/","logo":{"@type":"ImageObject","inLanguage":"az","@id":"https:\/\/www.meydan.tv\/az\/#\/schema\/logo\/image\/","url":"https:\/\/www.meydan.tv\/wp-content\/uploads\/2021\/07\/meydan-logo.svg","contentUrl":"https:\/\/www.meydan.tv\/wp-content\/uploads\/2021\/07\/meydan-logo.svg","width":195,"height":46,"caption":"Meydan TV"},"image":{"@id":"https:\/\/www.meydan.tv\/az\/#\/schema\/logo\/image\/"}},{"@type":"Person","@id":"https:\/\/www.meydan.tv\/az\/#\/schema\/person\/10d11eccf6da3662cf5fdab9806ea91a","name":"user-manager"}]}},"_links":{"self":[{"href":"https:\/\/www.meydan.tv\/az\/wp-json\/wp\/v2\/posts\/212679","targetHints":{"allow":["GET"]}}],"collection":[{"href":"https:\/\/www.meydan.tv\/az\/wp-json\/wp\/v2\/posts"}],"about":[{"href":"https:\/\/www.meydan.tv\/az\/wp-json\/wp\/v2\/types\/post"}],"author":[{"embeddable":true,"href":"https:\/\/www.meydan.tv\/az\/wp-json\/wp\/v2\/users\/11"}],"replies":[{"embeddable":true,"href":"https:\/\/www.meydan.tv\/az\/wp-json\/wp\/v2\/comments?post=212679"}],"version-history":[{"count":0,"href":"https:\/\/www.meydan.tv\/az\/wp-json\/wp\/v2\/posts\/212679\/revisions"}],"wp:featuredmedia":[{"embeddable":true,"href":"https:\/\/www.meydan.tv\/az\/wp-json\/wp\/v2\/media\/209700"}],"wp:attachment":[{"href":"https:\/\/www.meydan.tv\/az\/wp-json\/wp\/v2\/media?parent=212679"}],"wp:term":[{"taxonomy":"category","embeddable":true,"href":"https:\/\/www.meydan.tv\/az\/wp-json\/wp\/v2\/categories?post=212679"},{"taxonomy":"post_tag","embeddable":true,"href":"https:\/\/www.meydan.tv\/az\/wp-json\/wp\/v2\/tags?post=212679"}],"curies":[{"name":"wp","href":"https:\/\/api.w.org\/{rel}","templated":true}]}}