{"id":212661,"date":"2021-09-01T14:26:46","date_gmt":"2021-09-01T14:26:46","guid":{"rendered":"https:\/\/www.meydan.tv\/article\/inanmayacaqsiniz-bu-gun-con-travoltanin-ozu-bizi-alqisladi\/"},"modified":"2021-09-01T14:26:46","modified_gmt":"2021-09-01T14:26:46","slug":"inanmayacaqsiniz-bu-gun-con-travoltanin-ozu-bizi-alqisladi","status":"publish","type":"post","link":"https:\/\/www.meydan.tv\/az\/article\/inanmayacaqsiniz-bu-gun-con-travoltanin-ozu-bizi-alqisladi\/","title":{"rendered":"\u201c\u0130nanmayacaqs\u0131n\u0131z, bu g\u00fcn Con Travoltan\u0131n \u00f6z\u00fc bizi alq\u0131\u015flad\u0131\u201d"},"content":{"rendered":"<p>\n  <i><br \/>\n    Az\u0259rbaycan\u0131n xalq artistl\u0259rinin i\u015ftirak\u0131 il\u0259 \u201cToska\u201d operas\u0131 n\u00fcmayi\u015f etdirilib<br \/>\n  <\/i>\n<\/p>\n<p>\n  Budape\u015ft \u0130nc\u0259s\u0259n\u0259t Saray\u0131n\u0131n s\u0259hn\u0259sind\u0259 opera s\u0259n\u0259t\u00e7il\u0259ri &#8211; Rusiyan\u0131n xalq artisti Anna Netrebko, Az\u0259rbaycan\u0131n xalq artistl\u0259ri Yusif Eyvazov v\u0259 El\u00e7in \u018fzizovun i\u015ftirak\u0131 il\u0259 Cakomo Pu\u00e7\u00e7ininin \u201cToska\u201d operas\u0131 n\u00fcmayi\u015f edilib.\n<\/p>\n<p>\n  Operan\u0131 izl\u0259m\u0259y\u0259 g\u0259l\u0259nl\u0259r aras\u0131nda amerikal\u0131 aktyor Con Travolta da olub.\n<\/p>\n<p>\n  Bu haqda m\u0259lumat\u0131 Yusif Eyvazov \u201c\u0130nstagram\u201d s\u0259hif\u0259sind\u0259 payla\u015faraq, \u201c\u0130nanmayacaqs\u0131n\u0131z, bu g\u00fcn Con Travoltan\u0131n \u00f6z\u00fc bizi alq\u0131\u015flad\u0131\u201c, &#8211; qeydini<br \/>\n  <a href=\"https:\/\/www.instagram.com\/p\/CTLCBmCsBgy\/\"><br \/>\n    yaz\u0131b.<br \/>\n  <\/a>\n<\/p>\n<p>\n  Kadrlarda Con Travolta ifa\u00e7\u0131lar\u0131n \u00e7\u0131x\u0131\u015f\u0131n\u0131 b\u0259y\u0259ndiyini deyib.<\/p>\n","protected":false},"excerpt":{"rendered":"<p>Az\u0259rbaycan\u0131n xalq artistl\u0259rinin i\u015ftirak\u0131 il\u0259 \u201cToska\u201d operas\u0131 n\u00fcmayi\u015f etdirilib<\/p>\n","protected":false},"author":11,"featured_media":209676,"comment_status":"closed","ping_status":"open","sticky":false,"template":"","format":"standard","meta":{"_acf_changed":false,"_sitemap_exclude":false,"_sitemap_priority":"","_sitemap_frequency":"","footnotes":""},"categories":[52],"tags":[],"class_list":["post-212661","post","type-post","status-publish","format-standard","has-post-thumbnail","hentry","category-medeniyyet","infinite-scroll-item","generate-columns","tablet-grid-50","mobile-grid-100","grid-parent","grid-33","no-featured-image-padding"],"acf":[],"yoast_head":"<!-- This site is optimized with the Yoast SEO plugin v27.4 - https:\/\/yoast.com\/product\/yoast-seo-wordpress\/ -->\n<title>\u201c\u0130nanmayacaqs\u0131n\u0131z, bu g\u00fcn Con Travoltan\u0131n \u00f6z\u00fc bizi alq\u0131\u015flad\u0131\u201d - MEYDAN.TV<\/title>\n<meta name=\"robots\" content=\"index, follow, max-snippet:-1, max-image-preview:large, max-video-preview:-1\" \/>\n<link rel=\"canonical\" href=\"https:\/\/www.meydan.tv\/az\/article\/inanmayacaqsiniz-bu-gun-con-travoltanin-ozu-bizi-alqisladi\/\" \/>\n<meta property=\"og:locale\" content=\"az_AZ\" \/>\n<meta property=\"og:type\" content=\"article\" \/>\n<meta property=\"og:title\" content=\"\u201c\u0130nanmayacaqs\u0131n\u0131z, bu g\u00fcn Con Travoltan\u0131n \u00f6z\u00fc bizi alq\u0131\u015flad\u0131\u201d - MEYDAN.TV\" \/>\n<meta property=\"og:description\" content=\"Az\u0259rbaycan\u0131n xalq artistl\u0259rinin i\u015ftirak\u0131 il\u0259 \u201cToska\u201d operas\u0131 n\u00fcmayi\u015f etdirilib\" \/>\n<meta property=\"og:url\" content=\"https:\/\/www.meydan.tv\/az\/article\/inanmayacaqsiniz-bu-gun-con-travoltanin-ozu-bizi-alqisladi\/\" \/>\n<meta property=\"og:site_name\" content=\"MEYDAN.TV\" \/>\n<meta property=\"article:published_time\" content=\"2021-09-01T14:26:46+00:00\" \/>\n<meta property=\"og:image\" content=\"https:\/\/www.meydan.tv\/wp-content\/uploads\/screenshot_2021-09-01_at_14.26.15-1200x465.png\" \/>\n\t<meta property=\"og:image:width\" content=\"1200\" \/>\n\t<meta property=\"og:image:height\" content=\"465\" \/>\n\t<meta property=\"og:image:type\" content=\"image\/png\" \/>\n<meta name=\"author\" content=\"user-manager\" \/>\n<meta name=\"twitter:card\" content=\"summary_large_image\" \/>\n<script type=\"application\/ld+json\" class=\"yoast-schema-graph\">{\"@context\":\"https:\\\/\\\/schema.org\",\"@graph\":[{\"@type\":\"Article\",\"@id\":\"https:\\\/\\\/www.meydan.tv\\\/az\\\/article\\\/inanmayacaqsiniz-bu-gun-con-travoltanin-ozu-bizi-alqisladi\\\/#article\",\"isPartOf\":{\"@id\":\"https:\\\/\\\/www.meydan.tv\\\/az\\\/article\\\/inanmayacaqsiniz-bu-gun-con-travoltanin-ozu-bizi-alqisladi\\\/\"},\"author\":{\"name\":\"user-manager\",\"@id\":\"https:\\\/\\\/www.meydan.tv\\\/az\\\/#\\\/schema\\\/person\\\/10d11eccf6da3662cf5fdab9806ea91a\"},\"headline\":\"\u201c\u0130nanmayacaqs\u0131n\u0131z, bu g\u00fcn Con Travoltan\u0131n \u00f6z\u00fc bizi alq\u0131\u015flad\u0131\u201d\",\"datePublished\":\"2021-09-01T14:26:46+00:00\",\"mainEntityOfPage\":{\"@id\":\"https:\\\/\\\/www.meydan.tv\\\/az\\\/article\\\/inanmayacaqsiniz-bu-gun-con-travoltanin-ozu-bizi-alqisladi\\\/\"},\"wordCount\":132,\"publisher\":{\"@id\":\"https:\\\/\\\/www.meydan.tv\\\/az\\\/#organization\"},\"image\":{\"@id\":\"https:\\\/\\\/www.meydan.tv\\\/az\\\/article\\\/inanmayacaqsiniz-bu-gun-con-travoltanin-ozu-bizi-alqisladi\\\/#primaryimage\"},\"thumbnailUrl\":\"https:\\\/\\\/www.meydan.tv\\\/wp-content\\\/uploads\\\/screenshot_2021-09-01_at_14.26.15.png\",\"articleSection\":[\"M\u0259d\u0259niyy\u0259t\"],\"inLanguage\":\"az\"},{\"@type\":\"WebPage\",\"@id\":\"https:\\\/\\\/www.meydan.tv\\\/az\\\/article\\\/inanmayacaqsiniz-bu-gun-con-travoltanin-ozu-bizi-alqisladi\\\/\",\"url\":\"https:\\\/\\\/www.meydan.tv\\\/az\\\/article\\\/inanmayacaqsiniz-bu-gun-con-travoltanin-ozu-bizi-alqisladi\\\/\",\"name\":\"\u201c\u0130nanmayacaqs\u0131n\u0131z, bu g\u00fcn Con Travoltan\u0131n \u00f6z\u00fc bizi alq\u0131\u015flad\u0131\u201d - MEYDAN.TV\",\"isPartOf\":{\"@id\":\"https:\\\/\\\/www.meydan.tv\\\/az\\\/#website\"},\"primaryImageOfPage\":{\"@id\":\"https:\\\/\\\/www.meydan.tv\\\/az\\\/article\\\/inanmayacaqsiniz-bu-gun-con-travoltanin-ozu-bizi-alqisladi\\\/#primaryimage\"},\"image\":{\"@id\":\"https:\\\/\\\/www.meydan.tv\\\/az\\\/article\\\/inanmayacaqsiniz-bu-gun-con-travoltanin-ozu-bizi-alqisladi\\\/#primaryimage\"},\"thumbnailUrl\":\"https:\\\/\\\/www.meydan.tv\\\/wp-content\\\/uploads\\\/screenshot_2021-09-01_at_14.26.15.png\",\"datePublished\":\"2021-09-01T14:26:46+00:00\",\"breadcrumb\":{\"@id\":\"https:\\\/\\\/www.meydan.tv\\\/az\\\/article\\\/inanmayacaqsiniz-bu-gun-con-travoltanin-ozu-bizi-alqisladi\\\/#breadcrumb\"},\"inLanguage\":\"az\",\"potentialAction\":[{\"@type\":\"ReadAction\",\"target\":[\"https:\\\/\\\/www.meydan.tv\\\/az\\\/article\\\/inanmayacaqsiniz-bu-gun-con-travoltanin-ozu-bizi-alqisladi\\\/\"]}]},{\"@type\":\"ImageObject\",\"inLanguage\":\"az\",\"@id\":\"https:\\\/\\\/www.meydan.tv\\\/az\\\/article\\\/inanmayacaqsiniz-bu-gun-con-travoltanin-ozu-bizi-alqisladi\\\/#primaryimage\",\"url\":\"https:\\\/\\\/www.meydan.tv\\\/wp-content\\\/uploads\\\/screenshot_2021-09-01_at_14.26.15.png\",\"contentUrl\":\"https:\\\/\\\/www.meydan.tv\\\/wp-content\\\/uploads\\\/screenshot_2021-09-01_at_14.26.15.png\",\"width\":2076,\"height\":804,\"caption\":\"Source: a\"},{\"@type\":\"BreadcrumbList\",\"@id\":\"https:\\\/\\\/www.meydan.tv\\\/az\\\/article\\\/inanmayacaqsiniz-bu-gun-con-travoltanin-ozu-bizi-alqisladi\\\/#breadcrumb\",\"itemListElement\":[{\"@type\":\"ListItem\",\"position\":1,\"name\":\"Ana s\u0259hif\u0259\",\"item\":\"https:\\\/\\\/www.meydan.tv\\\/az\\\/\"},{\"@type\":\"ListItem\",\"position\":2,\"name\":\"M\u0259d\u0259niyy\u0259t\",\"item\":\"https:\\\/\\\/www.meydan.tv\\\/az\\\/section\\\/medeniyyet\\\/\"},{\"@type\":\"ListItem\",\"position\":3,\"name\":\"\u201c\u0130nanmayacaqs\u0131n\u0131z, bu g\u00fcn Con Travoltan\u0131n \u00f6z\u00fc bizi alq\u0131\u015flad\u0131\u201d\"}]},{\"@type\":\"WebSite\",\"@id\":\"https:\\\/\\\/www.meydan.tv\\\/az\\\/#website\",\"url\":\"https:\\\/\\\/www.meydan.tv\\\/az\\\/\",\"name\":\"MEYDAN.TV\",\"description\":\"Meydan TV Az\u0259rbaycan\u0131n media m\u0259kan\u0131ndak\u0131 alternativ s\u0259sidir\",\"publisher\":{\"@id\":\"https:\\\/\\\/www.meydan.tv\\\/az\\\/#organization\"},\"potentialAction\":[{\"@type\":\"SearchAction\",\"target\":{\"@type\":\"EntryPoint\",\"urlTemplate\":\"https:\\\/\\\/www.meydan.tv\\\/az\\\/?s={search_term_string}\"},\"query-input\":{\"@type\":\"PropertyValueSpecification\",\"valueRequired\":true,\"valueName\":\"search_term_string\"}}],\"inLanguage\":\"az\"},{\"@type\":\"Organization\",\"@id\":\"https:\\\/\\\/www.meydan.tv\\\/az\\\/#organization\",\"name\":\"Meydan TV\",\"url\":\"https:\\\/\\\/www.meydan.tv\\\/az\\\/\",\"logo\":{\"@type\":\"ImageObject\",\"inLanguage\":\"az\",\"@id\":\"https:\\\/\\\/www.meydan.tv\\\/az\\\/#\\\/schema\\\/logo\\\/image\\\/\",\"url\":\"https:\\\/\\\/www.meydan.tv\\\/wp-content\\\/uploads\\\/2021\\\/07\\\/meydan-logo.svg\",\"contentUrl\":\"https:\\\/\\\/www.meydan.tv\\\/wp-content\\\/uploads\\\/2021\\\/07\\\/meydan-logo.svg\",\"width\":195,\"height\":46,\"caption\":\"Meydan TV\"},\"image\":{\"@id\":\"https:\\\/\\\/www.meydan.tv\\\/az\\\/#\\\/schema\\\/logo\\\/image\\\/\"}},{\"@type\":\"Person\",\"@id\":\"https:\\\/\\\/www.meydan.tv\\\/az\\\/#\\\/schema\\\/person\\\/10d11eccf6da3662cf5fdab9806ea91a\",\"name\":\"user-manager\"}]}<\/script>\n<!-- \/ Yoast SEO plugin. -->","yoast_head_json":{"title":"\u201c\u0130nanmayacaqs\u0131n\u0131z, bu g\u00fcn Con Travoltan\u0131n \u00f6z\u00fc bizi alq\u0131\u015flad\u0131\u201d - MEYDAN.TV","robots":{"index":"index","follow":"follow","max-snippet":"max-snippet:-1","max-image-preview":"max-image-preview:large","max-video-preview":"max-video-preview:-1"},"canonical":"https:\/\/www.meydan.tv\/az\/article\/inanmayacaqsiniz-bu-gun-con-travoltanin-ozu-bizi-alqisladi\/","og_locale":"az_AZ","og_type":"article","og_title":"\u201c\u0130nanmayacaqs\u0131n\u0131z, bu g\u00fcn Con Travoltan\u0131n \u00f6z\u00fc bizi alq\u0131\u015flad\u0131\u201d - MEYDAN.TV","og_description":"Az\u0259rbaycan\u0131n xalq artistl\u0259rinin i\u015ftirak\u0131 il\u0259 \u201cToska\u201d operas\u0131 n\u00fcmayi\u015f etdirilib","og_url":"https:\/\/www.meydan.tv\/az\/article\/inanmayacaqsiniz-bu-gun-con-travoltanin-ozu-bizi-alqisladi\/","og_site_name":"MEYDAN.TV","article_published_time":"2021-09-01T14:26:46+00:00","og_image":[{"width":1200,"height":465,"url":"https:\/\/www.meydan.tv\/wp-content\/uploads\/screenshot_2021-09-01_at_14.26.15-1200x465.png","type":"image\/png"}],"author":"user-manager","twitter_card":"summary_large_image","schema":{"@context":"https:\/\/schema.org","@graph":[{"@type":"Article","@id":"https:\/\/www.meydan.tv\/az\/article\/inanmayacaqsiniz-bu-gun-con-travoltanin-ozu-bizi-alqisladi\/#article","isPartOf":{"@id":"https:\/\/www.meydan.tv\/az\/article\/inanmayacaqsiniz-bu-gun-con-travoltanin-ozu-bizi-alqisladi\/"},"author":{"name":"user-manager","@id":"https:\/\/www.meydan.tv\/az\/#\/schema\/person\/10d11eccf6da3662cf5fdab9806ea91a"},"headline":"\u201c\u0130nanmayacaqs\u0131n\u0131z, bu g\u00fcn Con Travoltan\u0131n \u00f6z\u00fc bizi alq\u0131\u015flad\u0131\u201d","datePublished":"2021-09-01T14:26:46+00:00","mainEntityOfPage":{"@id":"https:\/\/www.meydan.tv\/az\/article\/inanmayacaqsiniz-bu-gun-con-travoltanin-ozu-bizi-alqisladi\/"},"wordCount":132,"publisher":{"@id":"https:\/\/www.meydan.tv\/az\/#organization"},"image":{"@id":"https:\/\/www.meydan.tv\/az\/article\/inanmayacaqsiniz-bu-gun-con-travoltanin-ozu-bizi-alqisladi\/#primaryimage"},"thumbnailUrl":"https:\/\/www.meydan.tv\/wp-content\/uploads\/screenshot_2021-09-01_at_14.26.15.png","articleSection":["M\u0259d\u0259niyy\u0259t"],"inLanguage":"az"},{"@type":"WebPage","@id":"https:\/\/www.meydan.tv\/az\/article\/inanmayacaqsiniz-bu-gun-con-travoltanin-ozu-bizi-alqisladi\/","url":"https:\/\/www.meydan.tv\/az\/article\/inanmayacaqsiniz-bu-gun-con-travoltanin-ozu-bizi-alqisladi\/","name":"\u201c\u0130nanmayacaqs\u0131n\u0131z, bu g\u00fcn Con Travoltan\u0131n \u00f6z\u00fc bizi alq\u0131\u015flad\u0131\u201d - MEYDAN.TV","isPartOf":{"@id":"https:\/\/www.meydan.tv\/az\/#website"},"primaryImageOfPage":{"@id":"https:\/\/www.meydan.tv\/az\/article\/inanmayacaqsiniz-bu-gun-con-travoltanin-ozu-bizi-alqisladi\/#primaryimage"},"image":{"@id":"https:\/\/www.meydan.tv\/az\/article\/inanmayacaqsiniz-bu-gun-con-travoltanin-ozu-bizi-alqisladi\/#primaryimage"},"thumbnailUrl":"https:\/\/www.meydan.tv\/wp-content\/uploads\/screenshot_2021-09-01_at_14.26.15.png","datePublished":"2021-09-01T14:26:46+00:00","breadcrumb":{"@id":"https:\/\/www.meydan.tv\/az\/article\/inanmayacaqsiniz-bu-gun-con-travoltanin-ozu-bizi-alqisladi\/#breadcrumb"},"inLanguage":"az","potentialAction":[{"@type":"ReadAction","target":["https:\/\/www.meydan.tv\/az\/article\/inanmayacaqsiniz-bu-gun-con-travoltanin-ozu-bizi-alqisladi\/"]}]},{"@type":"ImageObject","inLanguage":"az","@id":"https:\/\/www.meydan.tv\/az\/article\/inanmayacaqsiniz-bu-gun-con-travoltanin-ozu-bizi-alqisladi\/#primaryimage","url":"https:\/\/www.meydan.tv\/wp-content\/uploads\/screenshot_2021-09-01_at_14.26.15.png","contentUrl":"https:\/\/www.meydan.tv\/wp-content\/uploads\/screenshot_2021-09-01_at_14.26.15.png","width":2076,"height":804,"caption":"Source: a"},{"@type":"BreadcrumbList","@id":"https:\/\/www.meydan.tv\/az\/article\/inanmayacaqsiniz-bu-gun-con-travoltanin-ozu-bizi-alqisladi\/#breadcrumb","itemListElement":[{"@type":"ListItem","position":1,"name":"Ana s\u0259hif\u0259","item":"https:\/\/www.meydan.tv\/az\/"},{"@type":"ListItem","position":2,"name":"M\u0259d\u0259niyy\u0259t","item":"https:\/\/www.meydan.tv\/az\/section\/medeniyyet\/"},{"@type":"ListItem","position":3,"name":"\u201c\u0130nanmayacaqs\u0131n\u0131z, bu g\u00fcn Con Travoltan\u0131n \u00f6z\u00fc bizi alq\u0131\u015flad\u0131\u201d"}]},{"@type":"WebSite","@id":"https:\/\/www.meydan.tv\/az\/#website","url":"https:\/\/www.meydan.tv\/az\/","name":"MEYDAN.TV","description":"Meydan TV Az\u0259rbaycan\u0131n media m\u0259kan\u0131ndak\u0131 alternativ s\u0259sidir","publisher":{"@id":"https:\/\/www.meydan.tv\/az\/#organization"},"potentialAction":[{"@type":"SearchAction","target":{"@type":"EntryPoint","urlTemplate":"https:\/\/www.meydan.tv\/az\/?s={search_term_string}"},"query-input":{"@type":"PropertyValueSpecification","valueRequired":true,"valueName":"search_term_string"}}],"inLanguage":"az"},{"@type":"Organization","@id":"https:\/\/www.meydan.tv\/az\/#organization","name":"Meydan TV","url":"https:\/\/www.meydan.tv\/az\/","logo":{"@type":"ImageObject","inLanguage":"az","@id":"https:\/\/www.meydan.tv\/az\/#\/schema\/logo\/image\/","url":"https:\/\/www.meydan.tv\/wp-content\/uploads\/2021\/07\/meydan-logo.svg","contentUrl":"https:\/\/www.meydan.tv\/wp-content\/uploads\/2021\/07\/meydan-logo.svg","width":195,"height":46,"caption":"Meydan TV"},"image":{"@id":"https:\/\/www.meydan.tv\/az\/#\/schema\/logo\/image\/"}},{"@type":"Person","@id":"https:\/\/www.meydan.tv\/az\/#\/schema\/person\/10d11eccf6da3662cf5fdab9806ea91a","name":"user-manager"}]}},"_links":{"self":[{"href":"https:\/\/www.meydan.tv\/az\/wp-json\/wp\/v2\/posts\/212661","targetHints":{"allow":["GET"]}}],"collection":[{"href":"https:\/\/www.meydan.tv\/az\/wp-json\/wp\/v2\/posts"}],"about":[{"href":"https:\/\/www.meydan.tv\/az\/wp-json\/wp\/v2\/types\/post"}],"author":[{"embeddable":true,"href":"https:\/\/www.meydan.tv\/az\/wp-json\/wp\/v2\/users\/11"}],"replies":[{"embeddable":true,"href":"https:\/\/www.meydan.tv\/az\/wp-json\/wp\/v2\/comments?post=212661"}],"version-history":[{"count":0,"href":"https:\/\/www.meydan.tv\/az\/wp-json\/wp\/v2\/posts\/212661\/revisions"}],"wp:featuredmedia":[{"embeddable":true,"href":"https:\/\/www.meydan.tv\/az\/wp-json\/wp\/v2\/media\/209676"}],"wp:attachment":[{"href":"https:\/\/www.meydan.tv\/az\/wp-json\/wp\/v2\/media?parent=212661"}],"wp:term":[{"taxonomy":"category","embeddable":true,"href":"https:\/\/www.meydan.tv\/az\/wp-json\/wp\/v2\/categories?post=212661"},{"taxonomy":"post_tag","embeddable":true,"href":"https:\/\/www.meydan.tv\/az\/wp-json\/wp\/v2\/tags?post=212661"}],"curies":[{"name":"wp","href":"https:\/\/api.w.org\/{rel}","templated":true}]}}