{"id":212653,"date":"2021-08-31T15:23:07","date_gmt":"2021-08-31T15:23:07","guid":{"rendered":"https:\/\/www.meydan.tv\/article\/82-yasli-balaken-sakini-prokurorluq-memurlara-vekillik-elemesin-vetendaslari-da-nezere-alsin\/"},"modified":"2021-08-31T15:23:07","modified_gmt":"2021-08-31T15:23:07","slug":"82-yasli-balaken-sakini-prokurorluq-memurlara-vekillik-elemesin-vetendaslari-da-nezere-alsin","status":"publish","type":"post","link":"https:\/\/www.meydan.tv\/az\/article\/82-yasli-balaken-sakini-prokurorluq-memurlara-vekillik-elemesin-vetendaslari-da-nezere-alsin\/","title":{"rendered":"82 ya\u015fl\u0131 Balak\u0259n sakini: Prokurorluq m\u0259murlara v\u0259killik el\u0259m\u0259sin, v\u0259t\u0259nda\u015flar\u0131 da n\u0259z\u0259r\u0259 als\u0131n&#8230;"},"content":{"rendered":"<p>\n  <i><br \/>\n    \u201cProkurorluq n\u0259yin nec\u0259 oldu\u011funu bilir, sad\u0259c\u0259, \u201cAz\u0259ri\u015f\u0131q\u201d\u0131n h\u0259r\u0259k\u0259tl\u0259rin\u0259 g\u00f6z yumur\u201d<br \/>\n  <\/i>\n<\/p>\n<p>\n  Balak\u0259n sakini \u018fli Dibirov deyir ki, ail\u0259sin\u0259 d\u0259ymi\u015f 400 min manatdan art\u0131q ziyan\u0131 \u00f6d\u0259m\u0259m\u0259k \u00fc\u00e7\u00fcn saxta s\u0259n\u0259d ortaya at\u0131l\u0131b. S\u00f6hb\u0259t \u018fli Dibirovla \u201cAz\u0259ri\u015f\u0131q\u201d ASC-nin Balak\u0259n Rayon Elektrik \u0130dar\u0259si aras\u0131nda imzaland\u0131\u011f\u0131 iddia olunan m\u00fcqavil\u0259d\u0259n gedir.\n<\/p>\n<p>\n  <b><br \/>\n    \u201cO s\u0259n\u0259di m\u0259n imzalam\u0131\u015famsa, niy\u0259 m\u0259n\u0259 vermirl\u0259r?\u201d<br \/>\n  <\/b>\n<\/p>\n<p>\n  \u018fli Dibirovun 82 ya\u015f\u0131 var. O, Meydan TV-y\u0259 dan\u0131\u015f\u0131r ki, ya\u015f\u0131na baxmayaraq, yadda\u015f\u0131 korlanmay\u0131b. Bir \u00e7ox hadis\u0259 var ki, uzun ill\u0259r \u00f6nc\u0259 ba\u015f vers\u0259 d\u0259, onlar\u0131 d\u0259qiqliyil\u0259 xat\u0131rlay\u0131r. Onun s\u00f6zl\u0259rin\u0259 g\u00f6r\u0259, Balak\u0259n rayon Elektrik \u0130dar\u0259sil\u0259 bel\u0259 bir m\u00fcqavil\u0259 imzalasayd\u0131, yad\u0131nda qalard\u0131: \u201cAd\u0259t\u0259n m\u00fcqavil\u0259 bir n\u00fcsx\u0259 imzalanm\u0131r. T\u0259r\u0259fl\u0259rin ham\u0131s\u0131nda olmal\u0131d\u0131r. \u018fg\u0259r bel\u0259 bir s\u0259n\u0259d do\u011frudan da m\u00f6vcud olsayd\u0131, m\u0259nd\u0259 d\u0259 bir n\u00fcsx\u0259si olard\u0131. T\u0259xmin\u0259n 15 g\u00fcn \u0259vv\u0259l m\u00fcst\u0259ntiql\u0259r g\u0259lib bizi, qon\u015fular\u0131 sor\u011fu-sual ed\u0259nd\u0259 o s\u0259n\u0259di g\u00f6st\u0259rdil\u0259r. Dedim ki, imza m\u0259nim imzama b\u0259nz\u0259yir, amma m\u0259n bel\u0259 m\u00fcqavil\u0259 imzalamam\u0131\u015fam. Biz o s\u0259n\u0259din \u015f\u0259klini \u00e7\u0259km\u0259k ist\u0259dik, icaz\u0259 verm\u0259dil\u0259r. \u018fg\u0259r m\u0259nim imzalad\u0131\u011f\u0131m s\u0259n\u0259ddirs\u0259, niy\u0259 icaz\u0259 vermirl\u0259r?\u201d\n<\/p>\n<p>\n  <b><br \/>\n    FHN hesab edib ki, yan\u011f\u0131n\u0131n s\u0259b\u0259bkar\u0131 Elektrik \u0130dar\u0259sinin s\u0259hl\u0259nkarl\u0131\u011f\u0131d\u0131r<br \/>\n  <\/b>\n<\/p>\n<p>\n  \u018fli Dibirovun q\u0131z\u0131na m\u0259xsus 14 hiss\u0259d\u0259n ibar\u0259t b\u00f6y\u00fck bir obyektd\u0259 2017-ci ilin iyulunda yan\u011f\u0131n ba\u015f verib. O obyektin b\u00fct\u00fcn hiss\u0259l\u0259ri, o c\u00fcml\u0259d\u0259n \u00e7\u00f6r\u0259kbi\u015firm\u0259 sexi, ma\u011faza v\u0259 s. tamamil\u0259 k\u00fcl olub. H\u0259min vaxt qon\u015fuluqdak\u0131 evl\u0259rd\u0259 d\u0259 elektrik avadanl\u0131qlar\u0131 s\u0131radan \u00e7\u0131x\u0131b. Ba\u015f ver\u0259nl\u0259rl\u0259 \u0259laq\u0259dar ara\u015fd\u0131rma aparan F\u00f6vq\u0259lad\u0259 Hallar Nazirliyinin \u0259m\u0259kda\u015flar\u0131 bel\u0259 n\u0259tic\u0259y\u0259 g\u0259lib ki, ist\u0259r yan\u011f\u0131na, ist\u0259rs\u0259 d\u0259 evl\u0259rd\u0259 avadanl\u0131qlar\u0131n s\u0131radan \u00e7\u0131xmas\u0131na s\u0259b\u0259b elektrik x\u0259tl\u0259rind\u0259ki q\u0131saqapanma olub. \u0130stintaq\u0131 aparanlar Balak\u0259n Rayon Elektrik \u0130dar\u0259si \u0259m\u0259kda\u015flar\u0131n\u0131n \u0259m\u0259lind\u0259 Cinay\u0259t M\u0259c\u0259ll\u0259sinin 314-c\u00fc (s\u0259hl\u0259nkarl\u0131q) madd\u0259sinin t\u0259rkibinin oldu\u011funu m\u00fc\u0259yy\u0259nl\u0259\u015fdirib. Lakin bu madd\u0259 il\u0259 cinay\u0259t i\u015finin istintaq\u0131n\u0131 aparmaq prokurorlu\u011fun s\u0259lahiyy\u0259tind\u0259 oldu\u011fundan i\u015f materiallar\u0131 da Balak\u0259n Rayon Prokurorlu\u011funa g\u00f6nd\u0259rilib.\n<\/p>\n<p>\n  \u201cProkurorluq uzun m\u00fcdd\u0259t materiallar\u0131 saxlad\u0131, yoxlaman\u0131 yekunla\u015fd\u0131rmad\u0131. Bir il\u0259 yax\u0131n ke\u00e7\u0259nd\u0259n sonra biz prokurorlu\u011fun h\u0259r\u0259k\u0259tsizliyind\u0259n \u015fikay\u0259tl\u0259r verdik, m\u0259s\u0259l\u0259ni ictimail\u0259\u015fdirdik. Bundan sonra h\u0259r\u0259k\u0259t\u0259 ke\u00e7dil\u0259r. Hadis\u0259nin \u00fcst\u00fcnd\u0259n xeyli vaxt ke\u00e7\u0259nd\u0259 guya \u201cAz\u0259ri\u015f\u0131q\u201d prokurorlu\u011fa bir m\u00fcqavil\u0259 g\u00f6nd\u0259rdi. Guya m\u0259n bir ne\u00e7\u0259 il \u0259vv\u0259l m\u00fcqavil\u0259 imzalam\u0131\u015fam ki, transformatordan sonrak\u0131 hiss\u0259d\u0259 elektrik x\u0259tl\u0259rind\u0259 ba\u015f ver\u0259 bil\u0259c\u0259k h\u0259r hans\u0131 hadis\u0259y\u0259 cavabdeh\u0259m. \u018fg\u0259r do\u011frudan da bel\u0259 s\u0259n\u0259d vard\u0131sa, niy\u0259 d\u0259rhal t\u0259qdim el\u0259mirdil\u0259r, ne\u00e7\u0259 il g\u00f6zl\u0259yirdil\u0259r?\u201c, &#8211; \u018fli Dibirov bel\u0259 deyir.\n<\/p>\n<p>\n  <b><br \/>\n    \u201cBu ya\u015f\u0131mda m\u0259n\u0259 \u0259ziyy\u0259t verirl\u0259r\u201d<br \/>\n  <\/b>\n<\/p>\n<p>\n  Prokurorluq s\u00f6z\u00fcged\u0259n m\u00fcqavil\u0259 \u0259sas\u0131nda cinay\u0259t i\u015fi ba\u015flanmas\u0131n\u0131 r\u0259dd edib. Lakin yan\u011f\u0131n n\u0259tic\u0259sind\u0259 Dibirovlar ail\u0259sin\u0259 v\u0259 dig\u0259r \u015f\u0259xsl\u0259r\u0259 ziyan d\u0259ydiyin\u0259 g\u00f6r\u0259 Ba\u015f Prokurorluqda 5 iyul 2021-ci il tarixli q\u0259rarla Cinay\u0259t M\u0259c\u0259ll\u0259sinin 225-ci (yan\u011f\u0131n t\u0259hl\u00fck\u0259sizliyi qaydalar\u0131n\u0131 pozma) madd\u0259sil\u0259 cinay\u0259t i\u015fi ba\u015flan\u0131b. Bu madd\u0259 il\u0259 istintaq\u0131n apar\u0131lmas\u0131 \u00fc\u00e7\u00fcn i\u015f materiallar\u0131 F\u00f6vq\u0259lad\u0259 Hallar Nazirliyinin \u0130stintaq \u0130dar\u0259sin\u0259 g\u00f6nd\u0259rilib.\n<\/p>\n<p>\n  \u201cF\u00f6vq\u0259lad\u0259 Hallar Nazirliyinin m\u00fcst\u0259ntiql\u0259ri g\u0259lib yen\u0259 bizi sor\u011fu-sual el\u0259dil\u0259r. \u00dc\u00e7\u00fcnc\u00fc d\u0259f\u0259dir ki, eyni prosesi ke\u00e7irirl\u0259r. \u201cAz\u0259ri\u015f\u0131q\u201d\u0131n s\u0259hl\u0259nkarl\u0131\u011f\u0131 var, amma onlar boyunlar\u0131na almaq ist\u0259mirl\u0259r. Bu da ba\u015fad\u00fc\u015f\u00fcl\u0259ndir. \u00c7\u00fcnki bizim ail\u0259y\u0259 d\u0259y\u0259n 400 min manatdan art\u0131q ziyan\u0131, qon\u015fular\u0131n s\u0131radan \u00e7\u0131xan avadanl\u0131qlar\u0131na g\u00f6r\u0259 ziyan\u0131 bu halda, onlar \u00f6d\u0259m\u0259lidir. Prokurorluq da n\u0259yin nec\u0259 oldu\u011funu yax\u015f\u0131 bilir. Sad\u0259c\u0259, hans\u0131sa s\u0259b\u0259bl\u0259rd\u0259n, b\u0259lk\u0259 d\u0259 n\u0259yins\u0259 m\u00fcqabilind\u0259 onlar\u0131n h\u0259r\u0259k\u0259tl\u0259rin\u0259 g\u00f6z yumur\u201d, &#8211; 82 ya\u015fl\u0131 Balak\u0259n sakini \u0259lav\u0259 edib.\n<\/p>\n<p>\n  \u018fli Dibirov prokurorlu\u011fun h\u0259r\u0259k\u0259tl\u0259rind\u0259n m\u0259hk\u0259m\u0259y\u0259 \u015fikay\u0259t etm\u0259k niyy\u0259tind\u0259dir: \u201cBu ya\u015f\u0131mda m\u0259n\u0259 \u0259ziyy\u0259t verirl\u0259r. Bir m\u00fcdd\u0259t \u0259vv\u0259l Ba\u015f Prokurorlu\u011fa \u015fikay\u0259timiz\u0259 cavab g\u0259lib ki, \u201cnaraz\u0131s\u0131n\u0131zsa, m\u0259hk\u0259m\u0259y\u0259 \u015fikay\u0259t edin\u201d. Olmaz ki, siz \u00f6z\u00fcn\u00fcz \u0259m\u0259kda\u015flar\u0131n\u0131z\u0131n h\u0259r\u0259k\u0259tl\u0259rin\u0259, verdikl\u0259ri q\u0259rarlara n\u0259zar\u0259t ed\u0259siz?! Q\u0259rar ver\u0259nd\u0259 m\u0259murlara v\u0259killik el\u0259m\u0259sinl\u0259r, v\u0259t\u0259nda\u015flar\u0131 da n\u0259z\u0259r\u0259 als\u0131nlar\u201d.\n<\/p>\n<p>\n  <b><br \/>\n    Prokurorluq: \u201cYan\u011f\u0131n t\u0259hl\u00fck\u0259sizliyi qaydalar\u0131na riay\u0259t olunmay\u0131b\u201d<br \/>\n  <\/b>\n<\/p>\n<p>\n  Ba\u015f Prokurorlu\u011fun \u0130stintaqa N\u0259zar\u0259t \u0130dar\u0259sinin r\u0259is m\u00fcavini F\u0259qan Mahmudov Dibirovlar ail\u0259sinin \u015fikay\u0259tin\u0259 cavab olaraq bildirib ki, Balak\u0259n Rayon Prokurorlu\u011funda \u0259trafl\u0131 ara\u015fd\u0131rma apar\u0131l\u0131b. Ba\u015f vermi\u015f yan\u011f\u0131nla \u0259laq\u0259dar \u201cAz\u0259ri\u015f\u0131q\u201d ASC-nin Balak\u0259n Rayon Elektrik \u0130dar\u0259sinin v\u0259zif\u0259li \u015f\u0259xsl\u0259rinin \u0259m\u0259ll\u0259rind\u0259 cinay\u0259t t\u0259rkibi a\u015fkarlanmay\u0131b. Ona g\u00f6r\u0259 d\u0259 onlar haqq\u0131nda cinay\u0259t i\u015fi ba\u015flanmas\u0131 r\u0259dd edilib.\n<\/p>\n<p>\n  Prokurorlu\u011fun cinay\u0259t i\u015fi ba\u015flanmas\u0131n\u0131n r\u0259dd olunmas\u0131 haqda q\u0259rar\u0131nda iddia olunur ki, Dibirovlara m\u0259xsus, yan\u011f\u0131n ba\u015f ver\u0259n ticar\u0259t obyektind\u0259 daxili elektrik x\u0259tl\u0259ri normativl\u0259r\u0259 uy\u011fun \u00e7\u0259kilm\u0259yib: \u201cDaxili elektrik x\u0259tl\u0259rinin \u00e7\u0259kilm\u0259si layih\u0259l\u0259ndirilm\u0259yib, ixtisasl\u0131 m\u00fch\u0259ndis v\u0259 ya usta t\u0259r\u0259find\u0259n h\u0259yata ke\u00e7irilm\u0259yib, yan\u011f\u0131n t\u0259hl\u00fck\u0259sizliyi qaydalar\u0131na riay\u0259t olunmay\u0131b\u201d.\n<\/p>\n<figure class=\"wp-block-image size-large\">\n  <img decoding=\"async\" src=\"https:\/\/www.meydan.tv\/az\/photo-2021-08-31-15-27-11-jpg\/\" alt=\"PHOTO-2021-08-31-15-27-11.jpg\" class=\"wp-image-209625\"\/><figcaption>\n    S\u0259n\u0259d<br \/>\n  <\/figcaption><\/figure>\n<figure class=\"wp-block-image size-large\">\n  <img decoding=\"async\" src=\"https:\/\/www.meydan.tv\/az\/photo-2021-08-31-15-27-17-jpg\/\" alt=\"PHOTO-2021-08-31-15-27-17.jpg\" class=\"wp-image-209628\"\/><figcaption>\n    S\u0259n\u0259d<br \/>\n  <\/figcaption><\/figure>\n","protected":false},"excerpt":{"rendered":"<p>\u201cProkurorluq n\u0259yin nec\u0259 oldu\u011funu bilir, sad\u0259c\u0259, \u201cAz\u0259ri\u015f\u0131q\u201d\u0131n h\u0259r\u0259k\u0259tl\u0259rin\u0259 g\u00f6z yumur\u201d<\/p>\n","protected":false},"author":11,"featured_media":209631,"comment_status":"closed","ping_status":"open","sticky":false,"template":"","format":"standard","meta":{"_acf_changed":false,"_sitemap_exclude":false,"_sitemap_priority":"","_sitemap_frequency":"","footnotes":""},"categories":[60],"tags":[],"class_list":["post-212653","post","type-post","status-publish","format-standard","has-post-thumbnail","hentry","category-bolge","infinite-scroll-item","generate-columns","tablet-grid-50","mobile-grid-100","grid-parent","grid-33","no-featured-image-padding"],"acf":[],"yoast_head":"<!-- This site is optimized with the Yoast SEO plugin v27.5 - https:\/\/yoast.com\/product\/yoast-seo-wordpress\/ -->\n<title>82 ya\u015fl\u0131 Balak\u0259n sakini: Prokurorluq m\u0259murlara v\u0259killik el\u0259m\u0259sin, v\u0259t\u0259nda\u015flar\u0131 da n\u0259z\u0259r\u0259 als\u0131n... - MEYDAN.TV<\/title>\n<meta name=\"robots\" content=\"index, follow, max-snippet:-1, max-image-preview:large, max-video-preview:-1\" \/>\n<link rel=\"canonical\" href=\"https:\/\/www.meydan.tv\/az\/article\/82-yasli-balaken-sakini-prokurorluq-memurlara-vekillik-elemesin-vetendaslari-da-nezere-alsin\/\" \/>\n<meta property=\"og:locale\" content=\"az_AZ\" \/>\n<meta property=\"og:type\" content=\"article\" \/>\n<meta property=\"og:title\" content=\"82 ya\u015fl\u0131 Balak\u0259n sakini: Prokurorluq m\u0259murlara v\u0259killik el\u0259m\u0259sin, v\u0259t\u0259nda\u015flar\u0131 da n\u0259z\u0259r\u0259 als\u0131n... - MEYDAN.TV\" \/>\n<meta property=\"og:description\" content=\"\u201cProkurorluq n\u0259yin nec\u0259 oldu\u011funu bilir, sad\u0259c\u0259, \u201cAz\u0259ri\u015f\u0131q\u201d\u0131n h\u0259r\u0259k\u0259tl\u0259rin\u0259 g\u00f6z yumur\u201d\" \/>\n<meta property=\"og:url\" content=\"https:\/\/www.meydan.tv\/az\/article\/82-yasli-balaken-sakini-prokurorluq-memurlara-vekillik-elemesin-vetendaslari-da-nezere-alsin\/\" \/>\n<meta property=\"og:site_name\" content=\"MEYDAN.TV\" \/>\n<meta property=\"article:published_time\" content=\"2021-08-31T15:23:07+00:00\" \/>\n<meta property=\"og:image\" content=\"https:\/\/www.meydan.tv\/wp-content\/uploads\/screenshot_2021-08-31_at_15.21.53-1114x821.png\" \/>\n\t<meta property=\"og:image:width\" content=\"1114\" \/>\n\t<meta property=\"og:image:height\" content=\"821\" \/>\n\t<meta property=\"og:image:type\" content=\"image\/png\" \/>\n<meta name=\"author\" content=\"user-manager\" \/>\n<meta name=\"twitter:card\" content=\"summary_large_image\" \/>\n<script type=\"application\/ld+json\" class=\"yoast-schema-graph\">{\"@context\":\"https:\\\/\\\/schema.org\",\"@graph\":[{\"@type\":\"Article\",\"@id\":\"https:\\\/\\\/www.meydan.tv\\\/az\\\/article\\\/82-yasli-balaken-sakini-prokurorluq-memurlara-vekillik-elemesin-vetendaslari-da-nezere-alsin\\\/#article\",\"isPartOf\":{\"@id\":\"https:\\\/\\\/www.meydan.tv\\\/az\\\/article\\\/82-yasli-balaken-sakini-prokurorluq-memurlara-vekillik-elemesin-vetendaslari-da-nezere-alsin\\\/\"},\"author\":{\"name\":\"user-manager\",\"@id\":\"https:\\\/\\\/www.meydan.tv\\\/az\\\/#\\\/schema\\\/person\\\/10d11eccf6da3662cf5fdab9806ea91a\"},\"headline\":\"82 ya\u015fl\u0131 Balak\u0259n sakini: Prokurorluq m\u0259murlara v\u0259killik el\u0259m\u0259sin, v\u0259t\u0259nda\u015flar\u0131 da n\u0259z\u0259r\u0259 als\u0131n&#8230;\",\"datePublished\":\"2021-08-31T15:23:07+00:00\",\"mainEntityOfPage\":{\"@id\":\"https:\\\/\\\/www.meydan.tv\\\/az\\\/article\\\/82-yasli-balaken-sakini-prokurorluq-memurlara-vekillik-elemesin-vetendaslari-da-nezere-alsin\\\/\"},\"wordCount\":1119,\"publisher\":{\"@id\":\"https:\\\/\\\/www.meydan.tv\\\/az\\\/#organization\"},\"image\":{\"@id\":\"https:\\\/\\\/www.meydan.tv\\\/az\\\/article\\\/82-yasli-balaken-sakini-prokurorluq-memurlara-vekillik-elemesin-vetendaslari-da-nezere-alsin\\\/#primaryimage\"},\"thumbnailUrl\":\"https:\\\/\\\/www.meydan.tv\\\/wp-content\\\/uploads\\\/screenshot_2021-08-31_at_15.21.53.png\",\"articleSection\":[\"B\u00f6lg\u0259\"],\"inLanguage\":\"az\"},{\"@type\":\"WebPage\",\"@id\":\"https:\\\/\\\/www.meydan.tv\\\/az\\\/article\\\/82-yasli-balaken-sakini-prokurorluq-memurlara-vekillik-elemesin-vetendaslari-da-nezere-alsin\\\/\",\"url\":\"https:\\\/\\\/www.meydan.tv\\\/az\\\/article\\\/82-yasli-balaken-sakini-prokurorluq-memurlara-vekillik-elemesin-vetendaslari-da-nezere-alsin\\\/\",\"name\":\"82 ya\u015fl\u0131 Balak\u0259n sakini: Prokurorluq m\u0259murlara v\u0259killik el\u0259m\u0259sin, v\u0259t\u0259nda\u015flar\u0131 da n\u0259z\u0259r\u0259 als\u0131n... - MEYDAN.TV\",\"isPartOf\":{\"@id\":\"https:\\\/\\\/www.meydan.tv\\\/az\\\/#website\"},\"primaryImageOfPage\":{\"@id\":\"https:\\\/\\\/www.meydan.tv\\\/az\\\/article\\\/82-yasli-balaken-sakini-prokurorluq-memurlara-vekillik-elemesin-vetendaslari-da-nezere-alsin\\\/#primaryimage\"},\"image\":{\"@id\":\"https:\\\/\\\/www.meydan.tv\\\/az\\\/article\\\/82-yasli-balaken-sakini-prokurorluq-memurlara-vekillik-elemesin-vetendaslari-da-nezere-alsin\\\/#primaryimage\"},\"thumbnailUrl\":\"https:\\\/\\\/www.meydan.tv\\\/wp-content\\\/uploads\\\/screenshot_2021-08-31_at_15.21.53.png\",\"datePublished\":\"2021-08-31T15:23:07+00:00\",\"breadcrumb\":{\"@id\":\"https:\\\/\\\/www.meydan.tv\\\/az\\\/article\\\/82-yasli-balaken-sakini-prokurorluq-memurlara-vekillik-elemesin-vetendaslari-da-nezere-alsin\\\/#breadcrumb\"},\"inLanguage\":\"az\",\"potentialAction\":[{\"@type\":\"ReadAction\",\"target\":[\"https:\\\/\\\/www.meydan.tv\\\/az\\\/article\\\/82-yasli-balaken-sakini-prokurorluq-memurlara-vekillik-elemesin-vetendaslari-da-nezere-alsin\\\/\"]}]},{\"@type\":\"ImageObject\",\"inLanguage\":\"az\",\"@id\":\"https:\\\/\\\/www.meydan.tv\\\/az\\\/article\\\/82-yasli-balaken-sakini-prokurorluq-memurlara-vekillik-elemesin-vetendaslari-da-nezere-alsin\\\/#primaryimage\",\"url\":\"https:\\\/\\\/www.meydan.tv\\\/wp-content\\\/uploads\\\/screenshot_2021-08-31_at_15.21.53.png\",\"contentUrl\":\"https:\\\/\\\/www.meydan.tv\\\/wp-content\\\/uploads\\\/screenshot_2021-08-31_at_15.21.53.png\",\"width\":1430,\"height\":1054,\"caption\":\"Source: Meydan.tv\"},{\"@type\":\"BreadcrumbList\",\"@id\":\"https:\\\/\\\/www.meydan.tv\\\/az\\\/article\\\/82-yasli-balaken-sakini-prokurorluq-memurlara-vekillik-elemesin-vetendaslari-da-nezere-alsin\\\/#breadcrumb\",\"itemListElement\":[{\"@type\":\"ListItem\",\"position\":1,\"name\":\"Ana s\u0259hif\u0259\",\"item\":\"https:\\\/\\\/www.meydan.tv\\\/az\\\/\"},{\"@type\":\"ListItem\",\"position\":2,\"name\":\"B\u00f6lg\u0259\",\"item\":\"https:\\\/\\\/www.meydan.tv\\\/az\\\/section\\\/bolge\\\/\"},{\"@type\":\"ListItem\",\"position\":3,\"name\":\"82 ya\u015fl\u0131 Balak\u0259n sakini: Prokurorluq m\u0259murlara v\u0259killik el\u0259m\u0259sin, v\u0259t\u0259nda\u015flar\u0131 da n\u0259z\u0259r\u0259 als\u0131n&#8230;\"}]},{\"@type\":\"WebSite\",\"@id\":\"https:\\\/\\\/www.meydan.tv\\\/az\\\/#website\",\"url\":\"https:\\\/\\\/www.meydan.tv\\\/az\\\/\",\"name\":\"MEYDAN.TV\",\"description\":\"Meydan TV Az\u0259rbaycan\u0131n media m\u0259kan\u0131ndak\u0131 alternativ s\u0259sidir\",\"publisher\":{\"@id\":\"https:\\\/\\\/www.meydan.tv\\\/az\\\/#organization\"},\"potentialAction\":[{\"@type\":\"SearchAction\",\"target\":{\"@type\":\"EntryPoint\",\"urlTemplate\":\"https:\\\/\\\/www.meydan.tv\\\/az\\\/?s={search_term_string}\"},\"query-input\":{\"@type\":\"PropertyValueSpecification\",\"valueRequired\":true,\"valueName\":\"search_term_string\"}}],\"inLanguage\":\"az\"},{\"@type\":\"Organization\",\"@id\":\"https:\\\/\\\/www.meydan.tv\\\/az\\\/#organization\",\"name\":\"Meydan TV\",\"url\":\"https:\\\/\\\/www.meydan.tv\\\/az\\\/\",\"logo\":{\"@type\":\"ImageObject\",\"inLanguage\":\"az\",\"@id\":\"https:\\\/\\\/www.meydan.tv\\\/az\\\/#\\\/schema\\\/logo\\\/image\\\/\",\"url\":\"https:\\\/\\\/www.meydan.tv\\\/wp-content\\\/uploads\\\/2021\\\/07\\\/meydan-logo.svg\",\"contentUrl\":\"https:\\\/\\\/www.meydan.tv\\\/wp-content\\\/uploads\\\/2021\\\/07\\\/meydan-logo.svg\",\"width\":195,\"height\":46,\"caption\":\"Meydan TV\"},\"image\":{\"@id\":\"https:\\\/\\\/www.meydan.tv\\\/az\\\/#\\\/schema\\\/logo\\\/image\\\/\"}},{\"@type\":\"Person\",\"@id\":\"https:\\\/\\\/www.meydan.tv\\\/az\\\/#\\\/schema\\\/person\\\/10d11eccf6da3662cf5fdab9806ea91a\",\"name\":\"user-manager\"}]}<\/script>\n<!-- \/ Yoast SEO plugin. -->","yoast_head_json":{"title":"82 ya\u015fl\u0131 Balak\u0259n sakini: Prokurorluq m\u0259murlara v\u0259killik el\u0259m\u0259sin, v\u0259t\u0259nda\u015flar\u0131 da n\u0259z\u0259r\u0259 als\u0131n... - MEYDAN.TV","robots":{"index":"index","follow":"follow","max-snippet":"max-snippet:-1","max-image-preview":"max-image-preview:large","max-video-preview":"max-video-preview:-1"},"canonical":"https:\/\/www.meydan.tv\/az\/article\/82-yasli-balaken-sakini-prokurorluq-memurlara-vekillik-elemesin-vetendaslari-da-nezere-alsin\/","og_locale":"az_AZ","og_type":"article","og_title":"82 ya\u015fl\u0131 Balak\u0259n sakini: Prokurorluq m\u0259murlara v\u0259killik el\u0259m\u0259sin, v\u0259t\u0259nda\u015flar\u0131 da n\u0259z\u0259r\u0259 als\u0131n... - MEYDAN.TV","og_description":"\u201cProkurorluq n\u0259yin nec\u0259 oldu\u011funu bilir, sad\u0259c\u0259, \u201cAz\u0259ri\u015f\u0131q\u201d\u0131n h\u0259r\u0259k\u0259tl\u0259rin\u0259 g\u00f6z yumur\u201d","og_url":"https:\/\/www.meydan.tv\/az\/article\/82-yasli-balaken-sakini-prokurorluq-memurlara-vekillik-elemesin-vetendaslari-da-nezere-alsin\/","og_site_name":"MEYDAN.TV","article_published_time":"2021-08-31T15:23:07+00:00","og_image":[{"width":1114,"height":821,"url":"https:\/\/www.meydan.tv\/wp-content\/uploads\/screenshot_2021-08-31_at_15.21.53-1114x821.png","type":"image\/png"}],"author":"user-manager","twitter_card":"summary_large_image","schema":{"@context":"https:\/\/schema.org","@graph":[{"@type":"Article","@id":"https:\/\/www.meydan.tv\/az\/article\/82-yasli-balaken-sakini-prokurorluq-memurlara-vekillik-elemesin-vetendaslari-da-nezere-alsin\/#article","isPartOf":{"@id":"https:\/\/www.meydan.tv\/az\/article\/82-yasli-balaken-sakini-prokurorluq-memurlara-vekillik-elemesin-vetendaslari-da-nezere-alsin\/"},"author":{"name":"user-manager","@id":"https:\/\/www.meydan.tv\/az\/#\/schema\/person\/10d11eccf6da3662cf5fdab9806ea91a"},"headline":"82 ya\u015fl\u0131 Balak\u0259n sakini: Prokurorluq m\u0259murlara v\u0259killik el\u0259m\u0259sin, v\u0259t\u0259nda\u015flar\u0131 da n\u0259z\u0259r\u0259 als\u0131n&#8230;","datePublished":"2021-08-31T15:23:07+00:00","mainEntityOfPage":{"@id":"https:\/\/www.meydan.tv\/az\/article\/82-yasli-balaken-sakini-prokurorluq-memurlara-vekillik-elemesin-vetendaslari-da-nezere-alsin\/"},"wordCount":1119,"publisher":{"@id":"https:\/\/www.meydan.tv\/az\/#organization"},"image":{"@id":"https:\/\/www.meydan.tv\/az\/article\/82-yasli-balaken-sakini-prokurorluq-memurlara-vekillik-elemesin-vetendaslari-da-nezere-alsin\/#primaryimage"},"thumbnailUrl":"https:\/\/www.meydan.tv\/wp-content\/uploads\/screenshot_2021-08-31_at_15.21.53.png","articleSection":["B\u00f6lg\u0259"],"inLanguage":"az"},{"@type":"WebPage","@id":"https:\/\/www.meydan.tv\/az\/article\/82-yasli-balaken-sakini-prokurorluq-memurlara-vekillik-elemesin-vetendaslari-da-nezere-alsin\/","url":"https:\/\/www.meydan.tv\/az\/article\/82-yasli-balaken-sakini-prokurorluq-memurlara-vekillik-elemesin-vetendaslari-da-nezere-alsin\/","name":"82 ya\u015fl\u0131 Balak\u0259n sakini: Prokurorluq m\u0259murlara v\u0259killik el\u0259m\u0259sin, v\u0259t\u0259nda\u015flar\u0131 da n\u0259z\u0259r\u0259 als\u0131n... - MEYDAN.TV","isPartOf":{"@id":"https:\/\/www.meydan.tv\/az\/#website"},"primaryImageOfPage":{"@id":"https:\/\/www.meydan.tv\/az\/article\/82-yasli-balaken-sakini-prokurorluq-memurlara-vekillik-elemesin-vetendaslari-da-nezere-alsin\/#primaryimage"},"image":{"@id":"https:\/\/www.meydan.tv\/az\/article\/82-yasli-balaken-sakini-prokurorluq-memurlara-vekillik-elemesin-vetendaslari-da-nezere-alsin\/#primaryimage"},"thumbnailUrl":"https:\/\/www.meydan.tv\/wp-content\/uploads\/screenshot_2021-08-31_at_15.21.53.png","datePublished":"2021-08-31T15:23:07+00:00","breadcrumb":{"@id":"https:\/\/www.meydan.tv\/az\/article\/82-yasli-balaken-sakini-prokurorluq-memurlara-vekillik-elemesin-vetendaslari-da-nezere-alsin\/#breadcrumb"},"inLanguage":"az","potentialAction":[{"@type":"ReadAction","target":["https:\/\/www.meydan.tv\/az\/article\/82-yasli-balaken-sakini-prokurorluq-memurlara-vekillik-elemesin-vetendaslari-da-nezere-alsin\/"]}]},{"@type":"ImageObject","inLanguage":"az","@id":"https:\/\/www.meydan.tv\/az\/article\/82-yasli-balaken-sakini-prokurorluq-memurlara-vekillik-elemesin-vetendaslari-da-nezere-alsin\/#primaryimage","url":"https:\/\/www.meydan.tv\/wp-content\/uploads\/screenshot_2021-08-31_at_15.21.53.png","contentUrl":"https:\/\/www.meydan.tv\/wp-content\/uploads\/screenshot_2021-08-31_at_15.21.53.png","width":1430,"height":1054,"caption":"Source: Meydan.tv"},{"@type":"BreadcrumbList","@id":"https:\/\/www.meydan.tv\/az\/article\/82-yasli-balaken-sakini-prokurorluq-memurlara-vekillik-elemesin-vetendaslari-da-nezere-alsin\/#breadcrumb","itemListElement":[{"@type":"ListItem","position":1,"name":"Ana s\u0259hif\u0259","item":"https:\/\/www.meydan.tv\/az\/"},{"@type":"ListItem","position":2,"name":"B\u00f6lg\u0259","item":"https:\/\/www.meydan.tv\/az\/section\/bolge\/"},{"@type":"ListItem","position":3,"name":"82 ya\u015fl\u0131 Balak\u0259n sakini: Prokurorluq m\u0259murlara v\u0259killik el\u0259m\u0259sin, v\u0259t\u0259nda\u015flar\u0131 da n\u0259z\u0259r\u0259 als\u0131n&#8230;"}]},{"@type":"WebSite","@id":"https:\/\/www.meydan.tv\/az\/#website","url":"https:\/\/www.meydan.tv\/az\/","name":"MEYDAN.TV","description":"Meydan TV Az\u0259rbaycan\u0131n media m\u0259kan\u0131ndak\u0131 alternativ s\u0259sidir","publisher":{"@id":"https:\/\/www.meydan.tv\/az\/#organization"},"potentialAction":[{"@type":"SearchAction","target":{"@type":"EntryPoint","urlTemplate":"https:\/\/www.meydan.tv\/az\/?s={search_term_string}"},"query-input":{"@type":"PropertyValueSpecification","valueRequired":true,"valueName":"search_term_string"}}],"inLanguage":"az"},{"@type":"Organization","@id":"https:\/\/www.meydan.tv\/az\/#organization","name":"Meydan TV","url":"https:\/\/www.meydan.tv\/az\/","logo":{"@type":"ImageObject","inLanguage":"az","@id":"https:\/\/www.meydan.tv\/az\/#\/schema\/logo\/image\/","url":"https:\/\/www.meydan.tv\/wp-content\/uploads\/2021\/07\/meydan-logo.svg","contentUrl":"https:\/\/www.meydan.tv\/wp-content\/uploads\/2021\/07\/meydan-logo.svg","width":195,"height":46,"caption":"Meydan TV"},"image":{"@id":"https:\/\/www.meydan.tv\/az\/#\/schema\/logo\/image\/"}},{"@type":"Person","@id":"https:\/\/www.meydan.tv\/az\/#\/schema\/person\/10d11eccf6da3662cf5fdab9806ea91a","name":"user-manager"}]}},"_links":{"self":[{"href":"https:\/\/www.meydan.tv\/az\/wp-json\/wp\/v2\/posts\/212653","targetHints":{"allow":["GET"]}}],"collection":[{"href":"https:\/\/www.meydan.tv\/az\/wp-json\/wp\/v2\/posts"}],"about":[{"href":"https:\/\/www.meydan.tv\/az\/wp-json\/wp\/v2\/types\/post"}],"author":[{"embeddable":true,"href":"https:\/\/www.meydan.tv\/az\/wp-json\/wp\/v2\/users\/11"}],"replies":[{"embeddable":true,"href":"https:\/\/www.meydan.tv\/az\/wp-json\/wp\/v2\/comments?post=212653"}],"version-history":[{"count":0,"href":"https:\/\/www.meydan.tv\/az\/wp-json\/wp\/v2\/posts\/212653\/revisions"}],"wp:featuredmedia":[{"embeddable":true,"href":"https:\/\/www.meydan.tv\/az\/wp-json\/wp\/v2\/media\/209631"}],"wp:attachment":[{"href":"https:\/\/www.meydan.tv\/az\/wp-json\/wp\/v2\/media?parent=212653"}],"wp:term":[{"taxonomy":"category","embeddable":true,"href":"https:\/\/www.meydan.tv\/az\/wp-json\/wp\/v2\/categories?post=212653"},{"taxonomy":"post_tag","embeddable":true,"href":"https:\/\/www.meydan.tv\/az\/wp-json\/wp\/v2\/tags?post=212653"}],"curies":[{"name":"wp","href":"https:\/\/api.w.org\/{rel}","templated":true}]}}