{"id":212605,"date":"2021-08-27T18:34:16","date_gmt":"2021-08-27T18:34:16","guid":{"rendered":"https:\/\/www.meydan.tv\/article\/6-milyonluq-yeyintide-ittiham-olunan-sabiq-xidmet-reisi-serik-isleyirdik\/"},"modified":"2021-08-27T18:34:16","modified_gmt":"2021-08-27T18:34:16","slug":"6-milyonluq-yeyintide-ittiham-olunan-sabiq-xidmet-reisi-serik-isleyirdik","status":"publish","type":"post","link":"https:\/\/www.meydan.tv\/az\/article\/6-milyonluq-yeyintide-ittiham-olunan-sabiq-xidmet-reisi-serik-isleyirdik\/","title":{"rendered":"6 milyonluq yeyintid\u0259 ittiham olunan sabiq Xidm\u0259t r\u0259isi: &#8220;\u015e\u0259rik i\u015fl\u0259yirdik&#8230;&#8221;"},"content":{"rendered":"<p>\n  M\u0259d\u0259niyy\u0259t Nazirliyinin tabeliyind\u0259 olan M\u0259d\u0259ni \u0130rsin Qorunmas\u0131, \u0130nki\u015faf\u0131 v\u0259 B\u0259rpas\u0131 \u00fczr\u0259 D\u00f6vl\u0259t Xidm\u0259tinin ke\u00e7mi\u015f r\u0259isi Zakir Sultanovun m\u00fchakim\u0259si davam edir. Onun haqq\u0131nda cinay\u0259t i\u015fin\u0259 Bak\u0131 A\u011f\u0131r Cinay\u0259tl\u0259r M\u0259hk\u0259m\u0259sind\u0259 Zeynal A\u011fayevin s\u0259drlik etdiyi hakiml\u0259r kollegiyas\u0131 bax\u0131r.<br \/>\n  <br \/>\n  Avqustun 27-d\u0259 m\u0259hk\u0259m\u0259d\u0259 Zakir Sultanovun r\u0259hb\u0259rliyi d\u00f6vr\u00fcnd\u0259 bu qurumun tenderinin qalibi olmu\u015f \u015firk\u0259t r\u0259hb\u0259ri \u015eamxal A\u011fa\u015firinov \u015fahid qismnd\u0259 dindirilib.<br \/>\n  <br \/>\n  &quot;Zakir Sultanovla birlilkd\u0259 i\u015fl\u0259r g\u00f6rm\u00fc\u015f\u00fck. Tenderl\u0259rd\u0259 qalib olurduq. Avadanl\u0131qlar alm\u0131\u015f\u0131q. \u00c7ox \u015feyi xat\u0131rlam\u0131ram\u201d, &#8211; \u015fahid bildirib.<br \/>\n  <br \/>\n  Onun istintaqa ifad\u0259sind\u0259 g\u00f6st\u0259rilib ki, r\u0259hb\u0259rlik etdiyi \u015firk\u0259tin hesab\u0131na 6 milyon pul k\u00f6\u00e7\u00fcr\u00fcl\u00fcb. Bunun t\u0259xmin\u0259n 900 min manat\u0131na avadanl\u0131qlar al\u0131n\u0131b.<br \/>\n  <br \/>\n  \u015eamxal A\u011fa\u015firinov D\u00f6vl\u0259t T\u0259hl\u00fck\u0259sizliyi Xidm\u0259tinin (DTX) \u0130stintaq Ba\u015f \u0130dar\u0259sind\u0259 apar\u0131lan ara\u015fd\u0131rmalar zaman\u0131 bir ne\u00e7\u0259 d\u0259f\u0259 dindirilib. O, istintaqdak\u0131 ifad\u0259l\u0259rini t\u0259sdiql\u0259yib.<br \/>\n  <br \/>\n  T\u0259qsirl\u0259ndiril\u0259n Zakir Sultanov bildirib ki, \u015eamxal A\u011fa\u015firinovla faktiki \u015f\u0259rik i\u015fl\u0259yibl\u0259r.<br \/>\n  <br \/>\n  \u015eahid bunu inkar etm\u0259k ist\u0259s\u0259 d\u0259, sabiq Xidm\u0259t r\u0259isi \u015f\u0259rik olduqlar\u0131n\u0131 bir daha vur\u011fulay\u0131b.<br \/>\n  <br \/>\n  Dig\u0259r \u015fahidl\u0259r g\u0259lm\u0259diyin\u0259 g\u00f6r\u0259 m\u0259hk\u0259m\u0259 sentyabr\u0131n 3-n\u0259 q\u0259d\u0259r t\u0259xir\u0259 sal\u0131n\u0131b.<br \/>\n  <br \/>\n  Zakir Sultanov DTX \u0259m\u0259kda\u015flar\u0131n\u0131n 2020-ci ilin may\u0131nda M\u0259d\u0259niyy\u0259t Nazirliyind\u0259 ke\u00e7irdiyi \u0259m\u0259liyyat zaman\u0131 nazir m\u00fcavini Rafiq Bayramovla birlikd\u0259 saxlan\u0131l\u0131b. Rafiq Bayramovun i\u015fi \u00fczr\u0259 istintaq yekunla\u015fd\u0131r\u0131l\u0131b i\u015f m\u0259hk\u0259m\u0259y\u0259 g\u00f6nd\u0259ril\u0259nd\u0259 Zakir Sultanovun i\u015fi ayr\u0131ld\u0131. Rafiq Bayramovun m\u0259hk\u0259m\u0259si iki h\u0259ft\u0259 \u0259vv\u0259l yekunla\u015f\u0131b. O, 8 il azadl\u0131qdan m\u0259hrum edilib.<br \/>\n  <br \/>\n  Zakir Sultanov Cinay\u0259t M\u0259c\u0259ll\u0259sinin 179.4 (x\u00fcsusil\u0259 k\u00fclli miqdarda m\u0259nims\u0259m\u0259) madd\u0259sil\u0259 ittiham olunur. Bu madd\u0259d\u0259 10 ild\u0259n 14 il\u0259 q\u0259d\u0259r azadl\u0131qdan m\u0259hrumetm\u0259 c\u0259zas\u0131 n\u0259z\u0259rd\u0259 tutulub.<br \/>\n  <br \/>\n  Sabiq xidm\u0259t r\u0259isinin yax\u0131nlar\u0131 istintaq d\u00f6vr\u00fcnd\u0259 z\u0259r\u0259rin 4 milyon manat\u0131n\u0131 nag\u0306d s\u0327\u0259kild\u0259 o\u0308d\u0259yib. Onun 600 min dollarl\u0131q, 130 min, 10 min v\u0259 20 min manatl\u0131q \u0259mlaklar\u0131n\u0131n \u00fcz\u0259rin\u0259 m\u0259hk\u0259m\u0259 q\u0259rar\u0131 il\u0259 h\u0259bs qoyulub.<br \/>\n  <br \/>\n  Zakir Sultanov m\u0259hk\u0259m\u0259nin haz\u0131rl\u0131q iclas\u0131nda bu \u0259mlaklar\u0131n qalan z\u0259r\u0259rin \u0259v\u0259zi kimi hesablanmas\u0131na raz\u0131l\u0131q verib.<\/p>\n","protected":false},"excerpt":{"rendered":"<p>M\u0259hk\u0259m\u0259 \u015fahid ifad\u0259l\u0259ri il\u0259 davam etdirilir<\/p>\n","protected":false},"author":11,"featured_media":58625,"comment_status":"closed","ping_status":"open","sticky":false,"template":"","format":"standard","meta":{"_acf_changed":false,"_sitemap_exclude":false,"_sitemap_priority":"","_sitemap_frequency":"","footnotes":""},"categories":[56],"tags":[],"class_list":["post-212605","post","type-post","status-publish","format-standard","has-post-thumbnail","hentry","category-xeberler","infinite-scroll-item","generate-columns","tablet-grid-50","mobile-grid-100","grid-parent","grid-33","no-featured-image-padding"],"acf":[],"yoast_head":"<!-- This site is optimized with the Yoast SEO plugin v27.4 - https:\/\/yoast.com\/product\/yoast-seo-wordpress\/ -->\n<title>6 milyonluq yeyintid\u0259 ittiham olunan sabiq Xidm\u0259t r\u0259isi: &quot;\u015e\u0259rik i\u015fl\u0259yirdik...&quot; - MEYDAN.TV<\/title>\n<meta name=\"robots\" content=\"index, follow, max-snippet:-1, max-image-preview:large, max-video-preview:-1\" \/>\n<link rel=\"canonical\" href=\"https:\/\/www.meydan.tv\/az\/article\/6-milyonluq-yeyintide-ittiham-olunan-sabiq-xidmet-reisi-serik-isleyirdik\/\" \/>\n<meta property=\"og:locale\" content=\"az_AZ\" \/>\n<meta property=\"og:type\" content=\"article\" \/>\n<meta property=\"og:title\" content=\"6 milyonluq yeyintid\u0259 ittiham olunan sabiq Xidm\u0259t r\u0259isi: &quot;\u015e\u0259rik i\u015fl\u0259yirdik...&quot; - MEYDAN.TV\" \/>\n<meta property=\"og:description\" content=\"M\u0259hk\u0259m\u0259 \u015fahid ifad\u0259l\u0259ri il\u0259 davam etdirilir\" \/>\n<meta property=\"og:url\" content=\"https:\/\/www.meydan.tv\/az\/article\/6-milyonluq-yeyintide-ittiham-olunan-sabiq-xidmet-reisi-serik-isleyirdik\/\" \/>\n<meta property=\"og:site_name\" content=\"MEYDAN.TV\" \/>\n<meta property=\"article:published_time\" content=\"2021-08-27T18:34:16+00:00\" \/>\n<meta property=\"og:image\" content=\"https:\/\/www.meydan.tv\/wp-content\/uploads\/22241.jpg\" \/>\n\t<meta property=\"og:image:width\" content=\"768\" \/>\n\t<meta property=\"og:image:height\" content=\"511\" \/>\n\t<meta property=\"og:image:type\" content=\"image\/jpeg\" \/>\n<meta name=\"author\" content=\"user-manager\" \/>\n<meta name=\"twitter:card\" content=\"summary_large_image\" \/>\n<script type=\"application\/ld+json\" class=\"yoast-schema-graph\">{\"@context\":\"https:\\\/\\\/schema.org\",\"@graph\":[{\"@type\":\"Article\",\"@id\":\"https:\\\/\\\/www.meydan.tv\\\/az\\\/article\\\/6-milyonluq-yeyintide-ittiham-olunan-sabiq-xidmet-reisi-serik-isleyirdik\\\/#article\",\"isPartOf\":{\"@id\":\"https:\\\/\\\/www.meydan.tv\\\/az\\\/article\\\/6-milyonluq-yeyintide-ittiham-olunan-sabiq-xidmet-reisi-serik-isleyirdik\\\/\"},\"author\":{\"name\":\"user-manager\",\"@id\":\"https:\\\/\\\/www.meydan.tv\\\/az\\\/#\\\/schema\\\/person\\\/10d11eccf6da3662cf5fdab9806ea91a\"},\"headline\":\"6 milyonluq yeyintid\u0259 ittiham olunan sabiq Xidm\u0259t r\u0259isi: &#8220;\u015e\u0259rik i\u015fl\u0259yirdik&#8230;&#8221;\",\"datePublished\":\"2021-08-27T18:34:16+00:00\",\"mainEntityOfPage\":{\"@id\":\"https:\\\/\\\/www.meydan.tv\\\/az\\\/article\\\/6-milyonluq-yeyintide-ittiham-olunan-sabiq-xidmet-reisi-serik-isleyirdik\\\/\"},\"wordCount\":456,\"publisher\":{\"@id\":\"https:\\\/\\\/www.meydan.tv\\\/az\\\/#organization\"},\"image\":{\"@id\":\"https:\\\/\\\/www.meydan.tv\\\/az\\\/article\\\/6-milyonluq-yeyintide-ittiham-olunan-sabiq-xidmet-reisi-serik-isleyirdik\\\/#primaryimage\"},\"thumbnailUrl\":\"https:\\\/\\\/www.meydan.tv\\\/wp-content\\\/uploads\\\/22241.jpg\",\"articleSection\":[\"X\u0259b\u0259rl\u0259r\"],\"inLanguage\":\"az\"},{\"@type\":\"WebPage\",\"@id\":\"https:\\\/\\\/www.meydan.tv\\\/az\\\/article\\\/6-milyonluq-yeyintide-ittiham-olunan-sabiq-xidmet-reisi-serik-isleyirdik\\\/\",\"url\":\"https:\\\/\\\/www.meydan.tv\\\/az\\\/article\\\/6-milyonluq-yeyintide-ittiham-olunan-sabiq-xidmet-reisi-serik-isleyirdik\\\/\",\"name\":\"6 milyonluq yeyintid\u0259 ittiham olunan sabiq Xidm\u0259t r\u0259isi: \\\"\u015e\u0259rik i\u015fl\u0259yirdik...\\\" - MEYDAN.TV\",\"isPartOf\":{\"@id\":\"https:\\\/\\\/www.meydan.tv\\\/az\\\/#website\"},\"primaryImageOfPage\":{\"@id\":\"https:\\\/\\\/www.meydan.tv\\\/az\\\/article\\\/6-milyonluq-yeyintide-ittiham-olunan-sabiq-xidmet-reisi-serik-isleyirdik\\\/#primaryimage\"},\"image\":{\"@id\":\"https:\\\/\\\/www.meydan.tv\\\/az\\\/article\\\/6-milyonluq-yeyintide-ittiham-olunan-sabiq-xidmet-reisi-serik-isleyirdik\\\/#primaryimage\"},\"thumbnailUrl\":\"https:\\\/\\\/www.meydan.tv\\\/wp-content\\\/uploads\\\/22241.jpg\",\"datePublished\":\"2021-08-27T18:34:16+00:00\",\"breadcrumb\":{\"@id\":\"https:\\\/\\\/www.meydan.tv\\\/az\\\/article\\\/6-milyonluq-yeyintide-ittiham-olunan-sabiq-xidmet-reisi-serik-isleyirdik\\\/#breadcrumb\"},\"inLanguage\":\"az\",\"potentialAction\":[{\"@type\":\"ReadAction\",\"target\":[\"https:\\\/\\\/www.meydan.tv\\\/az\\\/article\\\/6-milyonluq-yeyintide-ittiham-olunan-sabiq-xidmet-reisi-serik-isleyirdik\\\/\"]}]},{\"@type\":\"ImageObject\",\"inLanguage\":\"az\",\"@id\":\"https:\\\/\\\/www.meydan.tv\\\/az\\\/article\\\/6-milyonluq-yeyintide-ittiham-olunan-sabiq-xidmet-reisi-serik-isleyirdik\\\/#primaryimage\",\"url\":\"https:\\\/\\\/www.meydan.tv\\\/wp-content\\\/uploads\\\/22241.jpg\",\"contentUrl\":\"https:\\\/\\\/www.meydan.tv\\\/wp-content\\\/uploads\\\/22241.jpg\",\"width\":768,\"height\":511,\"caption\":\"Source:\"},{\"@type\":\"BreadcrumbList\",\"@id\":\"https:\\\/\\\/www.meydan.tv\\\/az\\\/article\\\/6-milyonluq-yeyintide-ittiham-olunan-sabiq-xidmet-reisi-serik-isleyirdik\\\/#breadcrumb\",\"itemListElement\":[{\"@type\":\"ListItem\",\"position\":1,\"name\":\"Ana s\u0259hif\u0259\",\"item\":\"https:\\\/\\\/www.meydan.tv\\\/az\\\/\"},{\"@type\":\"ListItem\",\"position\":2,\"name\":\"X\u0259b\u0259rl\u0259r\",\"item\":\"https:\\\/\\\/www.meydan.tv\\\/az\\\/section\\\/xeberler\\\/\"},{\"@type\":\"ListItem\",\"position\":3,\"name\":\"6 milyonluq yeyintid\u0259 ittiham olunan sabiq Xidm\u0259t r\u0259isi: &#8220;\u015e\u0259rik i\u015fl\u0259yirdik&#8230;&#8221;\"}]},{\"@type\":\"WebSite\",\"@id\":\"https:\\\/\\\/www.meydan.tv\\\/az\\\/#website\",\"url\":\"https:\\\/\\\/www.meydan.tv\\\/az\\\/\",\"name\":\"MEYDAN.TV\",\"description\":\"Meydan TV Az\u0259rbaycan\u0131n media m\u0259kan\u0131ndak\u0131 alternativ s\u0259sidir\",\"publisher\":{\"@id\":\"https:\\\/\\\/www.meydan.tv\\\/az\\\/#organization\"},\"potentialAction\":[{\"@type\":\"SearchAction\",\"target\":{\"@type\":\"EntryPoint\",\"urlTemplate\":\"https:\\\/\\\/www.meydan.tv\\\/az\\\/?s={search_term_string}\"},\"query-input\":{\"@type\":\"PropertyValueSpecification\",\"valueRequired\":true,\"valueName\":\"search_term_string\"}}],\"inLanguage\":\"az\"},{\"@type\":\"Organization\",\"@id\":\"https:\\\/\\\/www.meydan.tv\\\/az\\\/#organization\",\"name\":\"Meydan TV\",\"url\":\"https:\\\/\\\/www.meydan.tv\\\/az\\\/\",\"logo\":{\"@type\":\"ImageObject\",\"inLanguage\":\"az\",\"@id\":\"https:\\\/\\\/www.meydan.tv\\\/az\\\/#\\\/schema\\\/logo\\\/image\\\/\",\"url\":\"https:\\\/\\\/www.meydan.tv\\\/wp-content\\\/uploads\\\/2021\\\/07\\\/meydan-logo.svg\",\"contentUrl\":\"https:\\\/\\\/www.meydan.tv\\\/wp-content\\\/uploads\\\/2021\\\/07\\\/meydan-logo.svg\",\"width\":195,\"height\":46,\"caption\":\"Meydan TV\"},\"image\":{\"@id\":\"https:\\\/\\\/www.meydan.tv\\\/az\\\/#\\\/schema\\\/logo\\\/image\\\/\"}},{\"@type\":\"Person\",\"@id\":\"https:\\\/\\\/www.meydan.tv\\\/az\\\/#\\\/schema\\\/person\\\/10d11eccf6da3662cf5fdab9806ea91a\",\"name\":\"user-manager\"}]}<\/script>\n<!-- \/ Yoast SEO plugin. -->","yoast_head_json":{"title":"6 milyonluq yeyintid\u0259 ittiham olunan sabiq Xidm\u0259t r\u0259isi: \"\u015e\u0259rik i\u015fl\u0259yirdik...\" - MEYDAN.TV","robots":{"index":"index","follow":"follow","max-snippet":"max-snippet:-1","max-image-preview":"max-image-preview:large","max-video-preview":"max-video-preview:-1"},"canonical":"https:\/\/www.meydan.tv\/az\/article\/6-milyonluq-yeyintide-ittiham-olunan-sabiq-xidmet-reisi-serik-isleyirdik\/","og_locale":"az_AZ","og_type":"article","og_title":"6 milyonluq yeyintid\u0259 ittiham olunan sabiq Xidm\u0259t r\u0259isi: \"\u015e\u0259rik i\u015fl\u0259yirdik...\" - MEYDAN.TV","og_description":"M\u0259hk\u0259m\u0259 \u015fahid ifad\u0259l\u0259ri il\u0259 davam etdirilir","og_url":"https:\/\/www.meydan.tv\/az\/article\/6-milyonluq-yeyintide-ittiham-olunan-sabiq-xidmet-reisi-serik-isleyirdik\/","og_site_name":"MEYDAN.TV","article_published_time":"2021-08-27T18:34:16+00:00","og_image":[{"width":768,"height":511,"url":"https:\/\/www.meydan.tv\/wp-content\/uploads\/22241.jpg","type":"image\/jpeg"}],"author":"user-manager","twitter_card":"summary_large_image","schema":{"@context":"https:\/\/schema.org","@graph":[{"@type":"Article","@id":"https:\/\/www.meydan.tv\/az\/article\/6-milyonluq-yeyintide-ittiham-olunan-sabiq-xidmet-reisi-serik-isleyirdik\/#article","isPartOf":{"@id":"https:\/\/www.meydan.tv\/az\/article\/6-milyonluq-yeyintide-ittiham-olunan-sabiq-xidmet-reisi-serik-isleyirdik\/"},"author":{"name":"user-manager","@id":"https:\/\/www.meydan.tv\/az\/#\/schema\/person\/10d11eccf6da3662cf5fdab9806ea91a"},"headline":"6 milyonluq yeyintid\u0259 ittiham olunan sabiq Xidm\u0259t r\u0259isi: &#8220;\u015e\u0259rik i\u015fl\u0259yirdik&#8230;&#8221;","datePublished":"2021-08-27T18:34:16+00:00","mainEntityOfPage":{"@id":"https:\/\/www.meydan.tv\/az\/article\/6-milyonluq-yeyintide-ittiham-olunan-sabiq-xidmet-reisi-serik-isleyirdik\/"},"wordCount":456,"publisher":{"@id":"https:\/\/www.meydan.tv\/az\/#organization"},"image":{"@id":"https:\/\/www.meydan.tv\/az\/article\/6-milyonluq-yeyintide-ittiham-olunan-sabiq-xidmet-reisi-serik-isleyirdik\/#primaryimage"},"thumbnailUrl":"https:\/\/www.meydan.tv\/wp-content\/uploads\/22241.jpg","articleSection":["X\u0259b\u0259rl\u0259r"],"inLanguage":"az"},{"@type":"WebPage","@id":"https:\/\/www.meydan.tv\/az\/article\/6-milyonluq-yeyintide-ittiham-olunan-sabiq-xidmet-reisi-serik-isleyirdik\/","url":"https:\/\/www.meydan.tv\/az\/article\/6-milyonluq-yeyintide-ittiham-olunan-sabiq-xidmet-reisi-serik-isleyirdik\/","name":"6 milyonluq yeyintid\u0259 ittiham olunan sabiq Xidm\u0259t r\u0259isi: \"\u015e\u0259rik i\u015fl\u0259yirdik...\" - MEYDAN.TV","isPartOf":{"@id":"https:\/\/www.meydan.tv\/az\/#website"},"primaryImageOfPage":{"@id":"https:\/\/www.meydan.tv\/az\/article\/6-milyonluq-yeyintide-ittiham-olunan-sabiq-xidmet-reisi-serik-isleyirdik\/#primaryimage"},"image":{"@id":"https:\/\/www.meydan.tv\/az\/article\/6-milyonluq-yeyintide-ittiham-olunan-sabiq-xidmet-reisi-serik-isleyirdik\/#primaryimage"},"thumbnailUrl":"https:\/\/www.meydan.tv\/wp-content\/uploads\/22241.jpg","datePublished":"2021-08-27T18:34:16+00:00","breadcrumb":{"@id":"https:\/\/www.meydan.tv\/az\/article\/6-milyonluq-yeyintide-ittiham-olunan-sabiq-xidmet-reisi-serik-isleyirdik\/#breadcrumb"},"inLanguage":"az","potentialAction":[{"@type":"ReadAction","target":["https:\/\/www.meydan.tv\/az\/article\/6-milyonluq-yeyintide-ittiham-olunan-sabiq-xidmet-reisi-serik-isleyirdik\/"]}]},{"@type":"ImageObject","inLanguage":"az","@id":"https:\/\/www.meydan.tv\/az\/article\/6-milyonluq-yeyintide-ittiham-olunan-sabiq-xidmet-reisi-serik-isleyirdik\/#primaryimage","url":"https:\/\/www.meydan.tv\/wp-content\/uploads\/22241.jpg","contentUrl":"https:\/\/www.meydan.tv\/wp-content\/uploads\/22241.jpg","width":768,"height":511,"caption":"Source:"},{"@type":"BreadcrumbList","@id":"https:\/\/www.meydan.tv\/az\/article\/6-milyonluq-yeyintide-ittiham-olunan-sabiq-xidmet-reisi-serik-isleyirdik\/#breadcrumb","itemListElement":[{"@type":"ListItem","position":1,"name":"Ana s\u0259hif\u0259","item":"https:\/\/www.meydan.tv\/az\/"},{"@type":"ListItem","position":2,"name":"X\u0259b\u0259rl\u0259r","item":"https:\/\/www.meydan.tv\/az\/section\/xeberler\/"},{"@type":"ListItem","position":3,"name":"6 milyonluq yeyintid\u0259 ittiham olunan sabiq Xidm\u0259t r\u0259isi: &#8220;\u015e\u0259rik i\u015fl\u0259yirdik&#8230;&#8221;"}]},{"@type":"WebSite","@id":"https:\/\/www.meydan.tv\/az\/#website","url":"https:\/\/www.meydan.tv\/az\/","name":"MEYDAN.TV","description":"Meydan TV Az\u0259rbaycan\u0131n media m\u0259kan\u0131ndak\u0131 alternativ s\u0259sidir","publisher":{"@id":"https:\/\/www.meydan.tv\/az\/#organization"},"potentialAction":[{"@type":"SearchAction","target":{"@type":"EntryPoint","urlTemplate":"https:\/\/www.meydan.tv\/az\/?s={search_term_string}"},"query-input":{"@type":"PropertyValueSpecification","valueRequired":true,"valueName":"search_term_string"}}],"inLanguage":"az"},{"@type":"Organization","@id":"https:\/\/www.meydan.tv\/az\/#organization","name":"Meydan TV","url":"https:\/\/www.meydan.tv\/az\/","logo":{"@type":"ImageObject","inLanguage":"az","@id":"https:\/\/www.meydan.tv\/az\/#\/schema\/logo\/image\/","url":"https:\/\/www.meydan.tv\/wp-content\/uploads\/2021\/07\/meydan-logo.svg","contentUrl":"https:\/\/www.meydan.tv\/wp-content\/uploads\/2021\/07\/meydan-logo.svg","width":195,"height":46,"caption":"Meydan TV"},"image":{"@id":"https:\/\/www.meydan.tv\/az\/#\/schema\/logo\/image\/"}},{"@type":"Person","@id":"https:\/\/www.meydan.tv\/az\/#\/schema\/person\/10d11eccf6da3662cf5fdab9806ea91a","name":"user-manager"}]}},"_links":{"self":[{"href":"https:\/\/www.meydan.tv\/az\/wp-json\/wp\/v2\/posts\/212605","targetHints":{"allow":["GET"]}}],"collection":[{"href":"https:\/\/www.meydan.tv\/az\/wp-json\/wp\/v2\/posts"}],"about":[{"href":"https:\/\/www.meydan.tv\/az\/wp-json\/wp\/v2\/types\/post"}],"author":[{"embeddable":true,"href":"https:\/\/www.meydan.tv\/az\/wp-json\/wp\/v2\/users\/11"}],"replies":[{"embeddable":true,"href":"https:\/\/www.meydan.tv\/az\/wp-json\/wp\/v2\/comments?post=212605"}],"version-history":[{"count":0,"href":"https:\/\/www.meydan.tv\/az\/wp-json\/wp\/v2\/posts\/212605\/revisions"}],"wp:featuredmedia":[{"embeddable":true,"href":"https:\/\/www.meydan.tv\/az\/wp-json\/wp\/v2\/media\/58625"}],"wp:attachment":[{"href":"https:\/\/www.meydan.tv\/az\/wp-json\/wp\/v2\/media?parent=212605"}],"wp:term":[{"taxonomy":"category","embeddable":true,"href":"https:\/\/www.meydan.tv\/az\/wp-json\/wp\/v2\/categories?post=212605"},{"taxonomy":"post_tag","embeddable":true,"href":"https:\/\/www.meydan.tv\/az\/wp-json\/wp\/v2\/tags?post=212605"}],"curies":[{"name":"wp","href":"https:\/\/api.w.org\/{rel}","templated":true}]}}