{"id":212530,"date":"2021-08-23T14:06:48","date_gmt":"2021-08-23T14:06:48","guid":{"rendered":"https:\/\/www.meydan.tv\/article\/gencede-beynelxalq-film-festivali-kecirilecek\/"},"modified":"2021-08-23T14:06:48","modified_gmt":"2021-08-23T14:06:48","slug":"gencede-beynelxalq-film-festivali-kecirilecek","status":"publish","type":"post","link":"https:\/\/www.meydan.tv\/az\/article\/gencede-beynelxalq-film-festivali-kecirilecek\/","title":{"rendered":"G\u0259nc\u0259d\u0259 beyn\u0259lxalq film festival\u0131 ke\u00e7iril\u0259c\u0259k"},"content":{"rendered":"<p>\n  <i><br \/>\n    Festival\u0131n builki burax\u0131l\u0131\u015f\u0131 qad\u0131n q\u0259tll\u0259rin\u0259 h\u0259sr edilib<br \/>\n  <\/i>\n<\/p>\n<p>\n  Avqustun 25-d\u0259n 29-d\u0259k G\u0259nc\u0259d\u0259 Sevil Beyn\u0259lxalq Qad\u0131n S\u0259n\u0259dli Film Festival\u0131 ke\u00e7iril\u0259c\u0259k.\n<\/p>\n<p>\n  SEV\u0130L Beyn\u0259lxalq Qad\u0131n S\u0259n\u0259dli Film Festival\u0131 &#8211; m\u00fcst\u0259qil, regional s\u0259n\u0259dli film festival\u0131d\u0131r.\n<\/p>\n<p>\n  Festival proqram\u0131 \u00e7\u0259r\u00e7iv\u0259sind\u0259 n\u00fcmayi\u015f olunan filml\u0259rd\u0259 gender m\u0259s\u0259l\u0259l\u0259rin\u0259 toxunulur.\n<\/p>\n<p>\n  T\u0259\u015fkilat\u00e7\u0131lar Meydan TV-y\u0259 deyibl\u0259r ki, festival\u0131n builki burax\u0131l\u0131\u015f\u0131 qad\u0131n q\u0259tll\u0259rin\u0259 h\u0259sr edilib: \u201cM\u0259qs\u0259d h\u0259r zaman aktual problem olan v\u0259 t\u0259\u0259ss\u00fcf ki, son ill\u0259rd\u0259 daha da artan qad\u0131n \u00f6l\u00fcml\u0259rin\u0259 diqq\u0259t \u00e7\u0259km\u0259kdir. Builki sloqan \u201cM\u0259n bahara layiq\u0259m\u201d \u015fidd\u0259t\u0259 qar\u015f\u0131 qad\u0131n birliyi v\u0259 yax\u015f\u0131 ya\u015fam \u015f\u0259rtl\u0259rin\u0259 \u00e7a\u011f\u0131r\u0131\u015fd\u0131r\u201d.\n<\/p>\n<p>\n  74 \u00f6lk\u0259d\u0259n 416 filmin daxil oldu\u011fu m\u00fcsabiq\u0259d\u0259 i\u015ftirak\u00e7\u0131lar 3 yerli v\u0259 xarici m\u00fcsabiq\u0259 kateqoriyas\u0131 \u00fczr\u0259 m\u00fckafatlar u\u011frunda yar\u0131\u015facaqlar: \u201cSe\u00e7im komit\u0259si t\u0259r\u0259find\u0259n se\u00e7il\u0259n 21 film, \u0259n yax\u015f\u0131 uzun metrajl\u0131 film, \u0259n yax\u015f\u0131 q\u0131sametral\u0131 s\u0259n\u0259dli film v\u0259 yerli s\u0259n\u0259dli film kateqoriyas\u0131 \u00fczr\u0259 yar\u0131\u015facaqlar. H\u0259m\u00e7inin festival\u0131n proqram\u0131 masterklas, m\u00fczakir\u0259l\u0259r, rejissorlarla sual-cavab sessiyas\u0131, performativ teatr v\u0259 interaktiv inc\u0259s\u0259n\u0259t v\u0259 inkluziv t\u0259dbirl\u0259r il\u0259 z\u0259ngindir\u201d.\n<\/p>\n<p>\n  Bildirilir ki, festival\u0131n t\u0259dbirl\u0259rin\u0259 giri\u015f \u00f6d\u0259ni\u015fsizdir.\n<\/p>\n<p>\n  T\u0259dbird\u0259 i\u015ftirak Nazirl\u0259r Kabineti yan\u0131nda Operativ Q\u0259rargah\u0131n q\u0259rarlar\u0131 \u0259sas\u0131nda t\u0259nziml\u0259n\u0259c\u0259k.\n<\/p>\n<p>\n  M\u00fcsabiq\u0259 proqram\u0131n\u0131n b\u00fct\u00fcn filml\u0259ri orijinal dilind\u0259 az\u0259rbaycanca alt yaz\u0131 il\u0259 n\u00fcmayi\u015f etdiril\u0259c\u0259k: \u201cFestival\u0131n t\u0259\u015fkilat\u00e7\u0131l\u0131q i\u015fl\u0259rind\u0259 x\u00fcsus\u0259n G\u0259nc\u0259 v\u0259 G\u0259nc\u0259 \u0259traf\u0131ndan olan aktiv g\u0259ncl\u0259r \u0259m\u0259kda\u015fl\u0131\u011fa c\u0259lb olunub\u201d.\n<\/p>\n<p>\n  Sevil Film Festival\u0131 2020-ci ilin sentyabr\u0131nda f\u0259aliyy\u0259t\u0259 ba\u015flay\u0131b.\n<\/p>\n<p>\n  Festival m\u00fcst\u0259qil Sevil-BQSFF yerli s\u0259n\u0259dli film sah\u0259sinin inki\u015faf\u0131na t\u0259\u015fviq etm\u0259k, s\u0259n\u0259dli film \u00fczr\u0259 yerli v\u0259 xarici pe\u015f\u0259karlar aras\u0131nda t\u0259cr\u00fcb\u0259 m\u00fcbadil\u0259si \u00fc\u00e7\u00fcn platforma yaratmaq, yeni yerli s\u0259n\u0259dli filml\u0259rinin, el\u0259c\u0259 d\u0259 beyn\u0259lxalq m\u00fc\u015ft\u0259r\u0259k m\u0259hsullar\u0131n yarad\u0131lmas\u0131n\u0131 t\u0259\u015fviq etm\u0259k, eyni zamanda, s\u0259n\u0259dli filml\u0259r vasit\u0259si il\u0259 gender m\u0259s\u0259l\u0259l\u0259rin\u0259 diqq\u0259t \u00e7\u0259km\u0259k m\u0259qs\u0259di il\u0259 yarad\u0131l\u0131b.\n<\/p>\n<p>\n  \u201cSevil\u201d ad\u0131 Az\u0259rbaycanda qad\u0131n azadl\u0131\u011f\u0131n\u0131 t\u0259msil ed\u0259n C\u0259f\u0259r Cabbarl\u0131n\u0131n \u201cSevil\u201d pyesind\u0259n g\u00f6t\u00fcr\u00fcl\u00fcb.<\/p>\n","protected":false},"excerpt":{"rendered":"<p>Festival\u0131n builki burax\u0131l\u0131\u015f\u0131 qad\u0131n q\u0259tll\u0259rin\u0259 h\u0259sr edilib<\/p>\n","protected":false},"author":11,"featured_media":209445,"comment_status":"closed","ping_status":"open","sticky":false,"template":"","format":"standard","meta":{"_acf_changed":false,"_sitemap_exclude":false,"_sitemap_priority":"","_sitemap_frequency":"","footnotes":""},"categories":[52],"tags":[],"class_list":["post-212530","post","type-post","status-publish","format-standard","has-post-thumbnail","hentry","category-medeniyyet","infinite-scroll-item","generate-columns","tablet-grid-50","mobile-grid-100","grid-parent","grid-33","no-featured-image-padding"],"acf":[],"yoast_head":"<!-- This site is optimized with the Yoast SEO plugin v27.4 - https:\/\/yoast.com\/product\/yoast-seo-wordpress\/ -->\n<title>G\u0259nc\u0259d\u0259 beyn\u0259lxalq film festival\u0131 ke\u00e7iril\u0259c\u0259k - MEYDAN.TV<\/title>\n<meta name=\"robots\" content=\"index, follow, max-snippet:-1, max-image-preview:large, max-video-preview:-1\" \/>\n<link rel=\"canonical\" href=\"https:\/\/www.meydan.tv\/az\/article\/gencede-beynelxalq-film-festivali-kecirilecek\/\" \/>\n<meta property=\"og:locale\" content=\"az_AZ\" \/>\n<meta property=\"og:type\" content=\"article\" \/>\n<meta property=\"og:title\" content=\"G\u0259nc\u0259d\u0259 beyn\u0259lxalq film festival\u0131 ke\u00e7iril\u0259c\u0259k - MEYDAN.TV\" \/>\n<meta property=\"og:description\" content=\"Festival\u0131n builki burax\u0131l\u0131\u015f\u0131 qad\u0131n q\u0259tll\u0259rin\u0259 h\u0259sr edilib\" \/>\n<meta property=\"og:url\" content=\"https:\/\/www.meydan.tv\/az\/article\/gencede-beynelxalq-film-festivali-kecirilecek\/\" \/>\n<meta property=\"og:site_name\" content=\"MEYDAN.TV\" \/>\n<meta property=\"article:published_time\" content=\"2021-08-23T14:06:48+00:00\" \/>\n<meta property=\"og:image\" content=\"https:\/\/www.meydan.tv\/wp-content\/uploads\/201795602_321456819663307_4493677773336072788_n.png\" \/>\n\t<meta property=\"og:image:width\" content=\"3546\" \/>\n\t<meta property=\"og:image:height\" content=\"1182\" \/>\n\t<meta property=\"og:image:type\" content=\"image\/png\" \/>\n<meta name=\"author\" content=\"user-manager\" \/>\n<meta name=\"twitter:card\" content=\"summary_large_image\" \/>\n<script type=\"application\/ld+json\" class=\"yoast-schema-graph\">{\"@context\":\"https:\\\/\\\/schema.org\",\"@graph\":[{\"@type\":\"Article\",\"@id\":\"https:\\\/\\\/www.meydan.tv\\\/az\\\/article\\\/gencede-beynelxalq-film-festivali-kecirilecek\\\/#article\",\"isPartOf\":{\"@id\":\"https:\\\/\\\/www.meydan.tv\\\/az\\\/article\\\/gencede-beynelxalq-film-festivali-kecirilecek\\\/\"},\"author\":{\"name\":\"user-manager\",\"@id\":\"https:\\\/\\\/www.meydan.tv\\\/az\\\/#\\\/schema\\\/person\\\/10d11eccf6da3662cf5fdab9806ea91a\"},\"headline\":\"G\u0259nc\u0259d\u0259 beyn\u0259lxalq film festival\u0131 ke\u00e7iril\u0259c\u0259k\",\"datePublished\":\"2021-08-23T14:06:48+00:00\",\"mainEntityOfPage\":{\"@id\":\"https:\\\/\\\/www.meydan.tv\\\/az\\\/article\\\/gencede-beynelxalq-film-festivali-kecirilecek\\\/\"},\"wordCount\":468,\"publisher\":{\"@id\":\"https:\\\/\\\/www.meydan.tv\\\/az\\\/#organization\"},\"image\":{\"@id\":\"https:\\\/\\\/www.meydan.tv\\\/az\\\/article\\\/gencede-beynelxalq-film-festivali-kecirilecek\\\/#primaryimage\"},\"thumbnailUrl\":\"https:\\\/\\\/www.meydan.tv\\\/wp-content\\\/uploads\\\/201795602_321456819663307_4493677773336072788_n.png\",\"articleSection\":[\"M\u0259d\u0259niyy\u0259t\"],\"inLanguage\":\"az\"},{\"@type\":\"WebPage\",\"@id\":\"https:\\\/\\\/www.meydan.tv\\\/az\\\/article\\\/gencede-beynelxalq-film-festivali-kecirilecek\\\/\",\"url\":\"https:\\\/\\\/www.meydan.tv\\\/az\\\/article\\\/gencede-beynelxalq-film-festivali-kecirilecek\\\/\",\"name\":\"G\u0259nc\u0259d\u0259 beyn\u0259lxalq film festival\u0131 ke\u00e7iril\u0259c\u0259k - MEYDAN.TV\",\"isPartOf\":{\"@id\":\"https:\\\/\\\/www.meydan.tv\\\/az\\\/#website\"},\"primaryImageOfPage\":{\"@id\":\"https:\\\/\\\/www.meydan.tv\\\/az\\\/article\\\/gencede-beynelxalq-film-festivali-kecirilecek\\\/#primaryimage\"},\"image\":{\"@id\":\"https:\\\/\\\/www.meydan.tv\\\/az\\\/article\\\/gencede-beynelxalq-film-festivali-kecirilecek\\\/#primaryimage\"},\"thumbnailUrl\":\"https:\\\/\\\/www.meydan.tv\\\/wp-content\\\/uploads\\\/201795602_321456819663307_4493677773336072788_n.png\",\"datePublished\":\"2021-08-23T14:06:48+00:00\",\"breadcrumb\":{\"@id\":\"https:\\\/\\\/www.meydan.tv\\\/az\\\/article\\\/gencede-beynelxalq-film-festivali-kecirilecek\\\/#breadcrumb\"},\"inLanguage\":\"az\",\"potentialAction\":[{\"@type\":\"ReadAction\",\"target\":[\"https:\\\/\\\/www.meydan.tv\\\/az\\\/article\\\/gencede-beynelxalq-film-festivali-kecirilecek\\\/\"]}]},{\"@type\":\"ImageObject\",\"inLanguage\":\"az\",\"@id\":\"https:\\\/\\\/www.meydan.tv\\\/az\\\/article\\\/gencede-beynelxalq-film-festivali-kecirilecek\\\/#primaryimage\",\"url\":\"https:\\\/\\\/www.meydan.tv\\\/wp-content\\\/uploads\\\/201795602_321456819663307_4493677773336072788_n.png\",\"contentUrl\":\"https:\\\/\\\/www.meydan.tv\\\/wp-content\\\/uploads\\\/201795602_321456819663307_4493677773336072788_n.png\",\"width\":3546,\"height\":1182,\"caption\":\"Source: a\"},{\"@type\":\"BreadcrumbList\",\"@id\":\"https:\\\/\\\/www.meydan.tv\\\/az\\\/article\\\/gencede-beynelxalq-film-festivali-kecirilecek\\\/#breadcrumb\",\"itemListElement\":[{\"@type\":\"ListItem\",\"position\":1,\"name\":\"Ana s\u0259hif\u0259\",\"item\":\"https:\\\/\\\/www.meydan.tv\\\/az\\\/\"},{\"@type\":\"ListItem\",\"position\":2,\"name\":\"M\u0259d\u0259niyy\u0259t\",\"item\":\"https:\\\/\\\/www.meydan.tv\\\/az\\\/section\\\/medeniyyet\\\/\"},{\"@type\":\"ListItem\",\"position\":3,\"name\":\"G\u0259nc\u0259d\u0259 beyn\u0259lxalq film festival\u0131 ke\u00e7iril\u0259c\u0259k\"}]},{\"@type\":\"WebSite\",\"@id\":\"https:\\\/\\\/www.meydan.tv\\\/az\\\/#website\",\"url\":\"https:\\\/\\\/www.meydan.tv\\\/az\\\/\",\"name\":\"MEYDAN.TV\",\"description\":\"Meydan TV Az\u0259rbaycan\u0131n media m\u0259kan\u0131ndak\u0131 alternativ s\u0259sidir\",\"publisher\":{\"@id\":\"https:\\\/\\\/www.meydan.tv\\\/az\\\/#organization\"},\"potentialAction\":[{\"@type\":\"SearchAction\",\"target\":{\"@type\":\"EntryPoint\",\"urlTemplate\":\"https:\\\/\\\/www.meydan.tv\\\/az\\\/?s={search_term_string}\"},\"query-input\":{\"@type\":\"PropertyValueSpecification\",\"valueRequired\":true,\"valueName\":\"search_term_string\"}}],\"inLanguage\":\"az\"},{\"@type\":\"Organization\",\"@id\":\"https:\\\/\\\/www.meydan.tv\\\/az\\\/#organization\",\"name\":\"Meydan TV\",\"url\":\"https:\\\/\\\/www.meydan.tv\\\/az\\\/\",\"logo\":{\"@type\":\"ImageObject\",\"inLanguage\":\"az\",\"@id\":\"https:\\\/\\\/www.meydan.tv\\\/az\\\/#\\\/schema\\\/logo\\\/image\\\/\",\"url\":\"https:\\\/\\\/www.meydan.tv\\\/wp-content\\\/uploads\\\/2021\\\/07\\\/meydan-logo.svg\",\"contentUrl\":\"https:\\\/\\\/www.meydan.tv\\\/wp-content\\\/uploads\\\/2021\\\/07\\\/meydan-logo.svg\",\"width\":195,\"height\":46,\"caption\":\"Meydan TV\"},\"image\":{\"@id\":\"https:\\\/\\\/www.meydan.tv\\\/az\\\/#\\\/schema\\\/logo\\\/image\\\/\"}},{\"@type\":\"Person\",\"@id\":\"https:\\\/\\\/www.meydan.tv\\\/az\\\/#\\\/schema\\\/person\\\/10d11eccf6da3662cf5fdab9806ea91a\",\"name\":\"user-manager\"}]}<\/script>\n<!-- \/ Yoast SEO plugin. -->","yoast_head_json":{"title":"G\u0259nc\u0259d\u0259 beyn\u0259lxalq film festival\u0131 ke\u00e7iril\u0259c\u0259k - MEYDAN.TV","robots":{"index":"index","follow":"follow","max-snippet":"max-snippet:-1","max-image-preview":"max-image-preview:large","max-video-preview":"max-video-preview:-1"},"canonical":"https:\/\/www.meydan.tv\/az\/article\/gencede-beynelxalq-film-festivali-kecirilecek\/","og_locale":"az_AZ","og_type":"article","og_title":"G\u0259nc\u0259d\u0259 beyn\u0259lxalq film festival\u0131 ke\u00e7iril\u0259c\u0259k - MEYDAN.TV","og_description":"Festival\u0131n builki burax\u0131l\u0131\u015f\u0131 qad\u0131n q\u0259tll\u0259rin\u0259 h\u0259sr edilib","og_url":"https:\/\/www.meydan.tv\/az\/article\/gencede-beynelxalq-film-festivali-kecirilecek\/","og_site_name":"MEYDAN.TV","article_published_time":"2021-08-23T14:06:48+00:00","og_image":[{"width":3546,"height":1182,"url":"https:\/\/www.meydan.tv\/wp-content\/uploads\/201795602_321456819663307_4493677773336072788_n.png","type":"image\/png"}],"author":"user-manager","twitter_card":"summary_large_image","schema":{"@context":"https:\/\/schema.org","@graph":[{"@type":"Article","@id":"https:\/\/www.meydan.tv\/az\/article\/gencede-beynelxalq-film-festivali-kecirilecek\/#article","isPartOf":{"@id":"https:\/\/www.meydan.tv\/az\/article\/gencede-beynelxalq-film-festivali-kecirilecek\/"},"author":{"name":"user-manager","@id":"https:\/\/www.meydan.tv\/az\/#\/schema\/person\/10d11eccf6da3662cf5fdab9806ea91a"},"headline":"G\u0259nc\u0259d\u0259 beyn\u0259lxalq film festival\u0131 ke\u00e7iril\u0259c\u0259k","datePublished":"2021-08-23T14:06:48+00:00","mainEntityOfPage":{"@id":"https:\/\/www.meydan.tv\/az\/article\/gencede-beynelxalq-film-festivali-kecirilecek\/"},"wordCount":468,"publisher":{"@id":"https:\/\/www.meydan.tv\/az\/#organization"},"image":{"@id":"https:\/\/www.meydan.tv\/az\/article\/gencede-beynelxalq-film-festivali-kecirilecek\/#primaryimage"},"thumbnailUrl":"https:\/\/www.meydan.tv\/wp-content\/uploads\/201795602_321456819663307_4493677773336072788_n.png","articleSection":["M\u0259d\u0259niyy\u0259t"],"inLanguage":"az"},{"@type":"WebPage","@id":"https:\/\/www.meydan.tv\/az\/article\/gencede-beynelxalq-film-festivali-kecirilecek\/","url":"https:\/\/www.meydan.tv\/az\/article\/gencede-beynelxalq-film-festivali-kecirilecek\/","name":"G\u0259nc\u0259d\u0259 beyn\u0259lxalq film festival\u0131 ke\u00e7iril\u0259c\u0259k - MEYDAN.TV","isPartOf":{"@id":"https:\/\/www.meydan.tv\/az\/#website"},"primaryImageOfPage":{"@id":"https:\/\/www.meydan.tv\/az\/article\/gencede-beynelxalq-film-festivali-kecirilecek\/#primaryimage"},"image":{"@id":"https:\/\/www.meydan.tv\/az\/article\/gencede-beynelxalq-film-festivali-kecirilecek\/#primaryimage"},"thumbnailUrl":"https:\/\/www.meydan.tv\/wp-content\/uploads\/201795602_321456819663307_4493677773336072788_n.png","datePublished":"2021-08-23T14:06:48+00:00","breadcrumb":{"@id":"https:\/\/www.meydan.tv\/az\/article\/gencede-beynelxalq-film-festivali-kecirilecek\/#breadcrumb"},"inLanguage":"az","potentialAction":[{"@type":"ReadAction","target":["https:\/\/www.meydan.tv\/az\/article\/gencede-beynelxalq-film-festivali-kecirilecek\/"]}]},{"@type":"ImageObject","inLanguage":"az","@id":"https:\/\/www.meydan.tv\/az\/article\/gencede-beynelxalq-film-festivali-kecirilecek\/#primaryimage","url":"https:\/\/www.meydan.tv\/wp-content\/uploads\/201795602_321456819663307_4493677773336072788_n.png","contentUrl":"https:\/\/www.meydan.tv\/wp-content\/uploads\/201795602_321456819663307_4493677773336072788_n.png","width":3546,"height":1182,"caption":"Source: a"},{"@type":"BreadcrumbList","@id":"https:\/\/www.meydan.tv\/az\/article\/gencede-beynelxalq-film-festivali-kecirilecek\/#breadcrumb","itemListElement":[{"@type":"ListItem","position":1,"name":"Ana s\u0259hif\u0259","item":"https:\/\/www.meydan.tv\/az\/"},{"@type":"ListItem","position":2,"name":"M\u0259d\u0259niyy\u0259t","item":"https:\/\/www.meydan.tv\/az\/section\/medeniyyet\/"},{"@type":"ListItem","position":3,"name":"G\u0259nc\u0259d\u0259 beyn\u0259lxalq film festival\u0131 ke\u00e7iril\u0259c\u0259k"}]},{"@type":"WebSite","@id":"https:\/\/www.meydan.tv\/az\/#website","url":"https:\/\/www.meydan.tv\/az\/","name":"MEYDAN.TV","description":"Meydan TV Az\u0259rbaycan\u0131n media m\u0259kan\u0131ndak\u0131 alternativ s\u0259sidir","publisher":{"@id":"https:\/\/www.meydan.tv\/az\/#organization"},"potentialAction":[{"@type":"SearchAction","target":{"@type":"EntryPoint","urlTemplate":"https:\/\/www.meydan.tv\/az\/?s={search_term_string}"},"query-input":{"@type":"PropertyValueSpecification","valueRequired":true,"valueName":"search_term_string"}}],"inLanguage":"az"},{"@type":"Organization","@id":"https:\/\/www.meydan.tv\/az\/#organization","name":"Meydan TV","url":"https:\/\/www.meydan.tv\/az\/","logo":{"@type":"ImageObject","inLanguage":"az","@id":"https:\/\/www.meydan.tv\/az\/#\/schema\/logo\/image\/","url":"https:\/\/www.meydan.tv\/wp-content\/uploads\/2021\/07\/meydan-logo.svg","contentUrl":"https:\/\/www.meydan.tv\/wp-content\/uploads\/2021\/07\/meydan-logo.svg","width":195,"height":46,"caption":"Meydan TV"},"image":{"@id":"https:\/\/www.meydan.tv\/az\/#\/schema\/logo\/image\/"}},{"@type":"Person","@id":"https:\/\/www.meydan.tv\/az\/#\/schema\/person\/10d11eccf6da3662cf5fdab9806ea91a","name":"user-manager"}]}},"_links":{"self":[{"href":"https:\/\/www.meydan.tv\/az\/wp-json\/wp\/v2\/posts\/212530","targetHints":{"allow":["GET"]}}],"collection":[{"href":"https:\/\/www.meydan.tv\/az\/wp-json\/wp\/v2\/posts"}],"about":[{"href":"https:\/\/www.meydan.tv\/az\/wp-json\/wp\/v2\/types\/post"}],"author":[{"embeddable":true,"href":"https:\/\/www.meydan.tv\/az\/wp-json\/wp\/v2\/users\/11"}],"replies":[{"embeddable":true,"href":"https:\/\/www.meydan.tv\/az\/wp-json\/wp\/v2\/comments?post=212530"}],"version-history":[{"count":0,"href":"https:\/\/www.meydan.tv\/az\/wp-json\/wp\/v2\/posts\/212530\/revisions"}],"wp:featuredmedia":[{"embeddable":true,"href":"https:\/\/www.meydan.tv\/az\/wp-json\/wp\/v2\/media\/209445"}],"wp:attachment":[{"href":"https:\/\/www.meydan.tv\/az\/wp-json\/wp\/v2\/media?parent=212530"}],"wp:term":[{"taxonomy":"category","embeddable":true,"href":"https:\/\/www.meydan.tv\/az\/wp-json\/wp\/v2\/categories?post=212530"},{"taxonomy":"post_tag","embeddable":true,"href":"https:\/\/www.meydan.tv\/az\/wp-json\/wp\/v2\/tags?post=212530"}],"curies":[{"name":"wp","href":"https:\/\/api.w.org\/{rel}","templated":true}]}}