{"id":212526,"date":"2021-08-23T11:46:20","date_gmt":"2021-08-23T11:46:20","guid":{"rendered":"https:\/\/www.meydan.tv\/article\/telebelerden-covid-19-pasportu-telebi\/"},"modified":"2021-08-23T11:46:20","modified_gmt":"2021-08-23T11:46:20","slug":"telebelerden-covid-19-pasportu-telebi","status":"publish","type":"post","link":"https:\/\/www.meydan.tv\/az\/article\/telebelerden-covid-19-pasportu-telebi\/","title":{"rendered":"T\u0259l\u0259b\u0259l\u0259rd\u0259n COV\u0130D-19 pasportu t\u0259l\u0259bi"},"content":{"rendered":"<p>\n  <i><br \/>\n    Universitetl\u0259r Nazirl\u0259r Kabineti t\u0259r\u0259find\u0259n g\u00f6st\u0259ri\u015f ald\u0131qlar\u0131n\u0131 deyirl\u0259r<br \/>\n  <\/i>\n<\/p>\n<p>\n  Az\u0259rbaycanda b\u00fct\u00fcn d\u00f6vl\u0259t v\u0259 \u00f6z\u0259l t\u0259hsil m\u00fc\u0259ssis\u0259l\u0259rind\u0259 t\u0259l\u0259b\u0259l\u0259rin koronavirusa qar\u015f\u0131 vaksinasiyadan ke\u00e7m\u0259si praktiki olaraq m\u0259cburi olub. Sentyabr\u0131n 15-d\u0259n t\u0259dris prosesinin ba\u015flan\u0131laca\u011f\u0131 g\u00f6zl\u0259nilir. Nazirl\u0259r Kabineti yan\u0131nda Operativ Q\u0259rargah\u0131n \u00f6t\u0259n h\u0259ft\u0259nin be\u015finci g\u00fcn\u00fc ke\u00e7iril\u0259n brifinqind\u0259 Prezidentin k\u00f6m\u0259k\u00e7isi \u015eahmar M\u00f6vsumov bildirib ki, m\u0259kt\u0259bl\u0259rd\u0259 sentyabr\u0131n 15-d\u0259n \u0259n\u0259n\u0259vi t\u0259hsil\u0259 ba\u015flan\u0131lmas\u0131 n\u0259z\u0259rd\u0259 tutulub. Ali t\u0259hsil m\u00fc\u0259ssis\u0259l\u0259ri t\u0259l\u0259b\u0259l\u0259rin\u0259 bildirib ki, 18 ya\u015fdan yuxar\u0131 \u015f\u0259xsl\u0259r peyv\u0259nd pasportu t\u0259qdim etm\u0259d\u0259n d\u0259rsl\u0259r\u0259 burax\u0131lmayacaqlar. B\u0259zi universitetl\u0259r r\u0259smi saytlar\u0131nda, b\u0259zil\u0259ri is\u0259 sosial \u015f\u0259b\u0259k\u0259l\u0259rd\u0259 bununla ba\u011fl\u0131 elanlar yerl\u0259\u015fdiribl\u0259r. M\u0259s\u0259l\u0259n, Odlar Yurdu Universiteti sosial \u015f\u0259b\u0259k\u0259l\u0259rd\u0259ki s\u0259hif\u0259sind\u0259 bildirib ki, universitetin bakalavriat pill\u0259sind\u0259 v\u0259 magistratura s\u0259viyy\u0259sind\u0259 t\u0259hsil alan t\u0259l\u0259b\u0259l\u0259r sentyabr\u0131n 1-d\u0259k COVID-19-a qar\u015f\u0131 birinci doza, oktyabr\u0131n 1-d\u0259k is\u0259 ikinci doza peyv\u0259nd olunmas\u0131 v\u0259 ya COVID-19-a qar\u015f\u0131 immunitet sertifikat\u0131 t\u0259qdim etm\u0259lidirl\u0259r. \u018fks halda universitet\u0259 burax\u0131lmayacaqlar. Q\u0259rar\u0131n t\u0259l\u0259bl\u0259rinin pozulmas\u0131na g\u00f6r\u0259 m\u00fcvafiq \u015f\u0259xsl\u0259r \u0130nzibati X\u0259talar M\u0259c\u0259ll\u0259sind\u0259 v\u0259 Cinay\u0259t M\u0259c\u0259ll\u0259sind\u0259 n\u0259z\u0259rd\u0259 tutulmu\u015f qaydada m\u0259suliyy\u0259t da\u015f\u0131yacaqlar.\n<\/p>\n<p>\n  Nazirl\u0259r Kabinetinin yeni q\u0259rar\u0131na \u0259sas\u0259n ali v\u0259 orta ixtisas t\u0259hsil m\u00fc\u0259ssis\u0259l\u0259rind\u0259 t\u0259hsil alan 18 ya\u015fdan yuxar\u0131 h\u0259r k\u0259sin COVID-19 sertifikat\u0131 t\u0259qdim etm\u0259lidirl\u0259r. Vaksin\u0259 \u0259ks g\u00f6st\u0259ri\u015fi olanlara \u0259ks-g\u00f6st\u0259ri\u015f sertifikat\u0131 verilir v\u0259 h\u0259min sertifikat universitetl\u0259r\u0259 t\u0259qdim olunmal\u0131d\u0131r.\n<\/p>\n<p>\n  Operativ Q\u0259rargah\u0131n t\u0259dbirind\u0259 is\u0259 \u015eahmar M\u00f6vsumov a\u00e7\u0131qlay\u0131b ki, Az\u0259rbaycanda koronavirusdan v\u0259fat ed\u0259nl\u0259rin 99 faizi peyv\u0259nd olunmayan \u015f\u0259xsl\u0259rin pay\u0131na d\u00fc\u015f\u00fcr. Bununla bel\u0259, vaksinasiya k\u00f6n\u00fcll\u00fc xarakteri da\u015f\u0131y\u0131r, m\u0259cburi deyil.\n<\/p>\n<p>\n  Odlar Yurdu Universitetind\u0259n Meydan TV-\u0259 bildiribl\u0259r ki, bildiri\u015fl\u0259r b\u00fct\u00fcn universitetl\u0259r\u0259, o c\u00fcml\u0259d\u0259n onlara Nazirl\u0259r Kabineti t\u0259r\u0259find\u0259n g\u00f6nd\u0259rilib. COVID-19 pasportu olmayan t\u0259l\u0259b\u0259l\u0259rin d\u0259rsl\u0259r\u0259 burax\u0131lmas\u0131 m\u00fcmk\u00fcn deyil.\n<\/p>\n<p>\n  \u201cB\u00fct\u00fcn t\u0259l\u0259b\u0259l\u0259r COVID-19 pasportuna bax\u0131landan sonra d\u0259rs\u0259 buraxacaqlar. \u00c7\u00fcnki COVID-19 pasportu olmayan t\u0259l\u0259b\u0259nin d\u0259rs\u0259 burax\u0131lmas\u0131na g\u00f6r\u0259 universitet d\u0259 m\u0259suliyy\u0259t da\u015f\u0131y\u0131r\u201d, &#8211; universitetd\u0259n bildirilib.\n<\/p>\n<p>\n  Bak\u0131 D\u00f6vl\u0259t Universitetind\u0259n is\u0259 Meydan TV-\u0259 bildirilib ki, r\u0259smi g\u00f6st\u0259ri\u015f\u0259 \u0259sas\u0259n sentyabr\u0131n 1-d\u0259n b\u00fct\u00fcn t\u0259l\u0259b\u0259l\u0259rd\u0259n peyv\u0259nd sertifikat\u0131 t\u0259l\u0259b olunmal\u0131d\u0131r: \u201cT\u0259l\u0259b\u0259l\u0259r \u00fc\u00e7\u00fcn peyv\u0259nd k\u00f6n\u00fcll\u00fc deyil. Kim imtina edirs\u0259, d\u0259rs\u0259 g\u0259lm\u0259y\u0259 bil\u0259r\u201d.\n<\/p>\n<p>\n  T\u0259hsil Nazirliyi d\u0259 t\u0259l\u0259b\u0259l\u0259rin peyv\u0259nd olunmaz\u0131n\u0131n Nazirl\u0259r Kabinetinin q\u0259rar\u0131 il\u0259 t\u0259nziml\u0259ndiyini a\u00e7\u0131qlam\u0131\u015fd\u0131. Nazirliyin dig\u0259r a\u00e7\u0131qlamas\u0131nda is\u0259 orta m\u0259kt\u0259bl\u0259rd\u0259 valideynl\u0259ri peyv\u0259nd olunmayan u\u015faqlar\u0131n d\u0259rs\u0259 burax\u0131lmayaca\u011f\u0131 il\u0259 ba\u011fl\u0131 r\u0259smi g\u00f6st\u0259ri\u015fin olmad\u0131\u011f\u0131 bildirilib. Bununla bel\u0259, b\u00fct\u00fcn m\u00fc\u0259lliml\u0259rin vaksin olunmas\u0131 t\u0259l\u0259b olunur. Valideynl\u0259rin d\u0259, vaksin edilm\u0259si arzuolunand\u0131r.\n<\/p>\n<p>\n  1-ci kurs t\u0259l\u0259b\u0259l\u0259rinin \u0259ks\u0259riyy\u0259tinin 18 ya\u015f\u0131 tamam olmad\u0131\u011f\u0131ndan peyv\u0259nd edil\u0259 bilmirl\u0259r. Onlar d\u0259rs\u0259 getm\u0259d\u0259n \u0259vv\u0259l koronavirus testi verm\u0259li v\u0259 cavablar\u0131 universitet r\u0259hb\u0259rliyin\u0259 t\u0259qdim etm\u0259lidirl\u0259r. Az\u0259rbaycanda b\u00fct\u00fcn \u00f6z\u0259l tibb m\u00fc\u0259ssis\u0259l\u0259rind\u0259 test etdirm\u0259k m\u00fcmk\u00fcnd\u00fcr v\u0259 bu, orta hesabla 70-80 manata ba\u015fa g\u0259lir.\n<\/p>\n<p>\n  Sosial \u015f\u0259b\u0259k\u0259l\u0259rd\u0259 yay\u0131lan m\u0259lumatlara g\u00f6r\u0259, son 1 h\u0259ft\u0259d\u0259 3 m\u00fc\u0259llim koronavirusdan h\u0259yat\u0131n\u0131 itirib, onlardan ikisi g\u0259ncdir.\n<\/p>\n<p>\n  T\u0259hsil Nazirliyinin \u0130ctimaiyy\u0259tl\u0259 \u0259laq\u0259l\u0259r sektorunun m\u00fcdiri C\u0259sar\u0259t Valehovun yayd\u0131\u011f\u0131 m\u0259lumata g\u00f6r\u0259, indiy\u0259d\u0259k \u00fcmumi t\u0259hsil m\u00fc\u0259ssis\u0259l\u0259rind\u0259 \u00e7al\u0131\u015fan 220 mind\u0259n \u00e7ox t\u0259hsil i\u015f\u00e7isind\u0259n 138 min n\u0259f\u0259r\u0259 yax\u0131n\u0131 h\u0259r iki dozada vaksin olunub.\n<\/p>\n<p>\n  Onun s\u00f6zl\u0259rin\u0259 g\u00f6r\u0259, bu g\u00fcn\u0259d\u0259k bel\u0259 m\u00fc\u0259ssis\u0259l\u0259rin i\u015f\u00e7il\u0259rind\u0259n t\u0259xmin\u0259n 60 min n\u0259f\u0259rd\u0259n \u00e7oxu vaksin olunmay\u0131b: \u201cOnlardan immuniteti olanlar 16 min 500, bu v\u0259 ya dig\u0259r s\u0259b\u0259bd\u0259n vaksin olunmayanlar is\u0259 42 min n\u0259f\u0259rd\u0259n \u00e7oxdur. Vaksin olunmaq h\u0259m d\u0259 \u0259n\u0259n\u0259vi qaydada daha \u00e7ox saatda d\u0259rs dem\u0259k imkan\u0131d\u0131r. \u0130nan\u0131r\u0131q ki, n\u00f6vb\u0259ti 20-25 g\u00fcnd\u0259 t\u0259hsil i\u015f\u00e7il\u0259ri aras\u0131nda vaksinl\u0259\u015fm\u0259 faizi daha da y\u00fcks\u0259l\u0259c\u0259k\u201d.\n<\/p>\n<figure class=\"wp-block-image size-large\">\n  <img decoding=\"async\" src=\"https:\/\/www.meydan.tv\/az\/de20751d-bb68-41a7-b6c5-fb3afd664973-jpeg\/\" alt=\"DE20751D-BB68-41A7-B6C5-FB3AFD664973.jpeg\" class=\"wp-image-209430\"\/><figcaption>\n    Screenshot<br \/>\n  <\/figcaption><\/figure>\n","protected":false},"excerpt":{"rendered":"<p>Universitetl\u0259r Nazirl\u0259r Kabineti t\u0259r\u0259find\u0259n g\u00f6st\u0259ri\u015f ald\u0131qlar\u0131n\u0131 deyirl\u0259r<\/p>\n","protected":false},"author":11,"featured_media":161616,"comment_status":"closed","ping_status":"open","sticky":false,"template":"","format":"standard","meta":{"_acf_changed":false,"_sitemap_exclude":false,"_sitemap_priority":"","_sitemap_frequency":"","footnotes":""},"categories":[56],"tags":[],"class_list":["post-212526","post","type-post","status-publish","format-standard","has-post-thumbnail","hentry","category-xeberler","infinite-scroll-item","generate-columns","tablet-grid-50","mobile-grid-100","grid-parent","grid-33","no-featured-image-padding"],"acf":[],"yoast_head":"<!-- This site is optimized with the Yoast SEO plugin v27.4 - https:\/\/yoast.com\/product\/yoast-seo-wordpress\/ -->\n<title>T\u0259l\u0259b\u0259l\u0259rd\u0259n COV\u0130D-19 pasportu t\u0259l\u0259bi - MEYDAN.TV<\/title>\n<meta name=\"robots\" content=\"index, follow, max-snippet:-1, max-image-preview:large, max-video-preview:-1\" \/>\n<link rel=\"canonical\" href=\"https:\/\/www.meydan.tv\/az\/article\/telebelerden-covid-19-pasportu-telebi\/\" \/>\n<meta property=\"og:locale\" content=\"az_AZ\" \/>\n<meta property=\"og:type\" content=\"article\" \/>\n<meta property=\"og:title\" content=\"T\u0259l\u0259b\u0259l\u0259rd\u0259n COV\u0130D-19 pasportu t\u0259l\u0259bi - MEYDAN.TV\" \/>\n<meta property=\"og:description\" content=\"Universitetl\u0259r Nazirl\u0259r Kabineti t\u0259r\u0259find\u0259n g\u00f6st\u0259ri\u015f ald\u0131qlar\u0131n\u0131 deyirl\u0259r\" \/>\n<meta property=\"og:url\" content=\"https:\/\/www.meydan.tv\/az\/article\/telebelerden-covid-19-pasportu-telebi\/\" \/>\n<meta property=\"og:site_name\" content=\"MEYDAN.TV\" \/>\n<meta property=\"article:published_time\" content=\"2021-08-23T11:46:20+00:00\" \/>\n<meta property=\"og:image\" content=\"https:\/\/www.meydan.tv\/wp-content\/uploads\/covid1-scaled.jpg\" \/>\n\t<meta property=\"og:image:width\" content=\"2560\" \/>\n\t<meta property=\"og:image:height\" content=\"1440\" \/>\n\t<meta property=\"og:image:type\" content=\"image\/jpeg\" \/>\n<meta name=\"author\" content=\"user-manager\" \/>\n<meta name=\"twitter:card\" content=\"summary_large_image\" \/>\n<script type=\"application\/ld+json\" class=\"yoast-schema-graph\">{\"@context\":\"https:\\\/\\\/schema.org\",\"@graph\":[{\"@type\":\"Article\",\"@id\":\"https:\\\/\\\/www.meydan.tv\\\/az\\\/article\\\/telebelerden-covid-19-pasportu-telebi\\\/#article\",\"isPartOf\":{\"@id\":\"https:\\\/\\\/www.meydan.tv\\\/az\\\/article\\\/telebelerden-covid-19-pasportu-telebi\\\/\"},\"author\":{\"name\":\"user-manager\",\"@id\":\"https:\\\/\\\/www.meydan.tv\\\/az\\\/#\\\/schema\\\/person\\\/10d11eccf6da3662cf5fdab9806ea91a\"},\"headline\":\"T\u0259l\u0259b\u0259l\u0259rd\u0259n COV\u0130D-19 pasportu t\u0259l\u0259bi\",\"datePublished\":\"2021-08-23T11:46:20+00:00\",\"mainEntityOfPage\":{\"@id\":\"https:\\\/\\\/www.meydan.tv\\\/az\\\/article\\\/telebelerden-covid-19-pasportu-telebi\\\/\"},\"wordCount\":885,\"publisher\":{\"@id\":\"https:\\\/\\\/www.meydan.tv\\\/az\\\/#organization\"},\"image\":{\"@id\":\"https:\\\/\\\/www.meydan.tv\\\/az\\\/article\\\/telebelerden-covid-19-pasportu-telebi\\\/#primaryimage\"},\"thumbnailUrl\":\"https:\\\/\\\/www.meydan.tv\\\/wp-content\\\/uploads\\\/covid1-scaled.jpg\",\"articleSection\":[\"X\u0259b\u0259rl\u0259r\"],\"inLanguage\":\"az\"},{\"@type\":\"WebPage\",\"@id\":\"https:\\\/\\\/www.meydan.tv\\\/az\\\/article\\\/telebelerden-covid-19-pasportu-telebi\\\/\",\"url\":\"https:\\\/\\\/www.meydan.tv\\\/az\\\/article\\\/telebelerden-covid-19-pasportu-telebi\\\/\",\"name\":\"T\u0259l\u0259b\u0259l\u0259rd\u0259n COV\u0130D-19 pasportu t\u0259l\u0259bi - MEYDAN.TV\",\"isPartOf\":{\"@id\":\"https:\\\/\\\/www.meydan.tv\\\/az\\\/#website\"},\"primaryImageOfPage\":{\"@id\":\"https:\\\/\\\/www.meydan.tv\\\/az\\\/article\\\/telebelerden-covid-19-pasportu-telebi\\\/#primaryimage\"},\"image\":{\"@id\":\"https:\\\/\\\/www.meydan.tv\\\/az\\\/article\\\/telebelerden-covid-19-pasportu-telebi\\\/#primaryimage\"},\"thumbnailUrl\":\"https:\\\/\\\/www.meydan.tv\\\/wp-content\\\/uploads\\\/covid1-scaled.jpg\",\"datePublished\":\"2021-08-23T11:46:20+00:00\",\"breadcrumb\":{\"@id\":\"https:\\\/\\\/www.meydan.tv\\\/az\\\/article\\\/telebelerden-covid-19-pasportu-telebi\\\/#breadcrumb\"},\"inLanguage\":\"az\",\"potentialAction\":[{\"@type\":\"ReadAction\",\"target\":[\"https:\\\/\\\/www.meydan.tv\\\/az\\\/article\\\/telebelerden-covid-19-pasportu-telebi\\\/\"]}]},{\"@type\":\"ImageObject\",\"inLanguage\":\"az\",\"@id\":\"https:\\\/\\\/www.meydan.tv\\\/az\\\/article\\\/telebelerden-covid-19-pasportu-telebi\\\/#primaryimage\",\"url\":\"https:\\\/\\\/www.meydan.tv\\\/wp-content\\\/uploads\\\/covid1-scaled.jpg\",\"contentUrl\":\"https:\\\/\\\/www.meydan.tv\\\/wp-content\\\/uploads\\\/covid1-scaled.jpg\",\"width\":2560,\"height\":1440,\"caption\":\"Source: Meydan TV\"},{\"@type\":\"BreadcrumbList\",\"@id\":\"https:\\\/\\\/www.meydan.tv\\\/az\\\/article\\\/telebelerden-covid-19-pasportu-telebi\\\/#breadcrumb\",\"itemListElement\":[{\"@type\":\"ListItem\",\"position\":1,\"name\":\"Ana s\u0259hif\u0259\",\"item\":\"https:\\\/\\\/www.meydan.tv\\\/az\\\/\"},{\"@type\":\"ListItem\",\"position\":2,\"name\":\"X\u0259b\u0259rl\u0259r\",\"item\":\"https:\\\/\\\/www.meydan.tv\\\/az\\\/section\\\/xeberler\\\/\"},{\"@type\":\"ListItem\",\"position\":3,\"name\":\"T\u0259l\u0259b\u0259l\u0259rd\u0259n COV\u0130D-19 pasportu t\u0259l\u0259bi\"}]},{\"@type\":\"WebSite\",\"@id\":\"https:\\\/\\\/www.meydan.tv\\\/az\\\/#website\",\"url\":\"https:\\\/\\\/www.meydan.tv\\\/az\\\/\",\"name\":\"MEYDAN.TV\",\"description\":\"Meydan TV Az\u0259rbaycan\u0131n media m\u0259kan\u0131ndak\u0131 alternativ s\u0259sidir\",\"publisher\":{\"@id\":\"https:\\\/\\\/www.meydan.tv\\\/az\\\/#organization\"},\"potentialAction\":[{\"@type\":\"SearchAction\",\"target\":{\"@type\":\"EntryPoint\",\"urlTemplate\":\"https:\\\/\\\/www.meydan.tv\\\/az\\\/?s={search_term_string}\"},\"query-input\":{\"@type\":\"PropertyValueSpecification\",\"valueRequired\":true,\"valueName\":\"search_term_string\"}}],\"inLanguage\":\"az\"},{\"@type\":\"Organization\",\"@id\":\"https:\\\/\\\/www.meydan.tv\\\/az\\\/#organization\",\"name\":\"Meydan TV\",\"url\":\"https:\\\/\\\/www.meydan.tv\\\/az\\\/\",\"logo\":{\"@type\":\"ImageObject\",\"inLanguage\":\"az\",\"@id\":\"https:\\\/\\\/www.meydan.tv\\\/az\\\/#\\\/schema\\\/logo\\\/image\\\/\",\"url\":\"https:\\\/\\\/www.meydan.tv\\\/wp-content\\\/uploads\\\/2021\\\/07\\\/meydan-logo.svg\",\"contentUrl\":\"https:\\\/\\\/www.meydan.tv\\\/wp-content\\\/uploads\\\/2021\\\/07\\\/meydan-logo.svg\",\"width\":195,\"height\":46,\"caption\":\"Meydan TV\"},\"image\":{\"@id\":\"https:\\\/\\\/www.meydan.tv\\\/az\\\/#\\\/schema\\\/logo\\\/image\\\/\"}},{\"@type\":\"Person\",\"@id\":\"https:\\\/\\\/www.meydan.tv\\\/az\\\/#\\\/schema\\\/person\\\/10d11eccf6da3662cf5fdab9806ea91a\",\"name\":\"user-manager\"}]}<\/script>\n<!-- \/ Yoast SEO plugin. -->","yoast_head_json":{"title":"T\u0259l\u0259b\u0259l\u0259rd\u0259n COV\u0130D-19 pasportu t\u0259l\u0259bi - MEYDAN.TV","robots":{"index":"index","follow":"follow","max-snippet":"max-snippet:-1","max-image-preview":"max-image-preview:large","max-video-preview":"max-video-preview:-1"},"canonical":"https:\/\/www.meydan.tv\/az\/article\/telebelerden-covid-19-pasportu-telebi\/","og_locale":"az_AZ","og_type":"article","og_title":"T\u0259l\u0259b\u0259l\u0259rd\u0259n COV\u0130D-19 pasportu t\u0259l\u0259bi - MEYDAN.TV","og_description":"Universitetl\u0259r Nazirl\u0259r Kabineti t\u0259r\u0259find\u0259n g\u00f6st\u0259ri\u015f ald\u0131qlar\u0131n\u0131 deyirl\u0259r","og_url":"https:\/\/www.meydan.tv\/az\/article\/telebelerden-covid-19-pasportu-telebi\/","og_site_name":"MEYDAN.TV","article_published_time":"2021-08-23T11:46:20+00:00","og_image":[{"width":2560,"height":1440,"url":"https:\/\/www.meydan.tv\/wp-content\/uploads\/covid1-scaled.jpg","type":"image\/jpeg"}],"author":"user-manager","twitter_card":"summary_large_image","schema":{"@context":"https:\/\/schema.org","@graph":[{"@type":"Article","@id":"https:\/\/www.meydan.tv\/az\/article\/telebelerden-covid-19-pasportu-telebi\/#article","isPartOf":{"@id":"https:\/\/www.meydan.tv\/az\/article\/telebelerden-covid-19-pasportu-telebi\/"},"author":{"name":"user-manager","@id":"https:\/\/www.meydan.tv\/az\/#\/schema\/person\/10d11eccf6da3662cf5fdab9806ea91a"},"headline":"T\u0259l\u0259b\u0259l\u0259rd\u0259n COV\u0130D-19 pasportu t\u0259l\u0259bi","datePublished":"2021-08-23T11:46:20+00:00","mainEntityOfPage":{"@id":"https:\/\/www.meydan.tv\/az\/article\/telebelerden-covid-19-pasportu-telebi\/"},"wordCount":885,"publisher":{"@id":"https:\/\/www.meydan.tv\/az\/#organization"},"image":{"@id":"https:\/\/www.meydan.tv\/az\/article\/telebelerden-covid-19-pasportu-telebi\/#primaryimage"},"thumbnailUrl":"https:\/\/www.meydan.tv\/wp-content\/uploads\/covid1-scaled.jpg","articleSection":["X\u0259b\u0259rl\u0259r"],"inLanguage":"az"},{"@type":"WebPage","@id":"https:\/\/www.meydan.tv\/az\/article\/telebelerden-covid-19-pasportu-telebi\/","url":"https:\/\/www.meydan.tv\/az\/article\/telebelerden-covid-19-pasportu-telebi\/","name":"T\u0259l\u0259b\u0259l\u0259rd\u0259n COV\u0130D-19 pasportu t\u0259l\u0259bi - MEYDAN.TV","isPartOf":{"@id":"https:\/\/www.meydan.tv\/az\/#website"},"primaryImageOfPage":{"@id":"https:\/\/www.meydan.tv\/az\/article\/telebelerden-covid-19-pasportu-telebi\/#primaryimage"},"image":{"@id":"https:\/\/www.meydan.tv\/az\/article\/telebelerden-covid-19-pasportu-telebi\/#primaryimage"},"thumbnailUrl":"https:\/\/www.meydan.tv\/wp-content\/uploads\/covid1-scaled.jpg","datePublished":"2021-08-23T11:46:20+00:00","breadcrumb":{"@id":"https:\/\/www.meydan.tv\/az\/article\/telebelerden-covid-19-pasportu-telebi\/#breadcrumb"},"inLanguage":"az","potentialAction":[{"@type":"ReadAction","target":["https:\/\/www.meydan.tv\/az\/article\/telebelerden-covid-19-pasportu-telebi\/"]}]},{"@type":"ImageObject","inLanguage":"az","@id":"https:\/\/www.meydan.tv\/az\/article\/telebelerden-covid-19-pasportu-telebi\/#primaryimage","url":"https:\/\/www.meydan.tv\/wp-content\/uploads\/covid1-scaled.jpg","contentUrl":"https:\/\/www.meydan.tv\/wp-content\/uploads\/covid1-scaled.jpg","width":2560,"height":1440,"caption":"Source: Meydan TV"},{"@type":"BreadcrumbList","@id":"https:\/\/www.meydan.tv\/az\/article\/telebelerden-covid-19-pasportu-telebi\/#breadcrumb","itemListElement":[{"@type":"ListItem","position":1,"name":"Ana s\u0259hif\u0259","item":"https:\/\/www.meydan.tv\/az\/"},{"@type":"ListItem","position":2,"name":"X\u0259b\u0259rl\u0259r","item":"https:\/\/www.meydan.tv\/az\/section\/xeberler\/"},{"@type":"ListItem","position":3,"name":"T\u0259l\u0259b\u0259l\u0259rd\u0259n COV\u0130D-19 pasportu t\u0259l\u0259bi"}]},{"@type":"WebSite","@id":"https:\/\/www.meydan.tv\/az\/#website","url":"https:\/\/www.meydan.tv\/az\/","name":"MEYDAN.TV","description":"Meydan TV Az\u0259rbaycan\u0131n media m\u0259kan\u0131ndak\u0131 alternativ s\u0259sidir","publisher":{"@id":"https:\/\/www.meydan.tv\/az\/#organization"},"potentialAction":[{"@type":"SearchAction","target":{"@type":"EntryPoint","urlTemplate":"https:\/\/www.meydan.tv\/az\/?s={search_term_string}"},"query-input":{"@type":"PropertyValueSpecification","valueRequired":true,"valueName":"search_term_string"}}],"inLanguage":"az"},{"@type":"Organization","@id":"https:\/\/www.meydan.tv\/az\/#organization","name":"Meydan TV","url":"https:\/\/www.meydan.tv\/az\/","logo":{"@type":"ImageObject","inLanguage":"az","@id":"https:\/\/www.meydan.tv\/az\/#\/schema\/logo\/image\/","url":"https:\/\/www.meydan.tv\/wp-content\/uploads\/2021\/07\/meydan-logo.svg","contentUrl":"https:\/\/www.meydan.tv\/wp-content\/uploads\/2021\/07\/meydan-logo.svg","width":195,"height":46,"caption":"Meydan TV"},"image":{"@id":"https:\/\/www.meydan.tv\/az\/#\/schema\/logo\/image\/"}},{"@type":"Person","@id":"https:\/\/www.meydan.tv\/az\/#\/schema\/person\/10d11eccf6da3662cf5fdab9806ea91a","name":"user-manager"}]}},"_links":{"self":[{"href":"https:\/\/www.meydan.tv\/az\/wp-json\/wp\/v2\/posts\/212526","targetHints":{"allow":["GET"]}}],"collection":[{"href":"https:\/\/www.meydan.tv\/az\/wp-json\/wp\/v2\/posts"}],"about":[{"href":"https:\/\/www.meydan.tv\/az\/wp-json\/wp\/v2\/types\/post"}],"author":[{"embeddable":true,"href":"https:\/\/www.meydan.tv\/az\/wp-json\/wp\/v2\/users\/11"}],"replies":[{"embeddable":true,"href":"https:\/\/www.meydan.tv\/az\/wp-json\/wp\/v2\/comments?post=212526"}],"version-history":[{"count":0,"href":"https:\/\/www.meydan.tv\/az\/wp-json\/wp\/v2\/posts\/212526\/revisions"}],"wp:featuredmedia":[{"embeddable":true,"href":"https:\/\/www.meydan.tv\/az\/wp-json\/wp\/v2\/media\/161616"}],"wp:attachment":[{"href":"https:\/\/www.meydan.tv\/az\/wp-json\/wp\/v2\/media?parent=212526"}],"wp:term":[{"taxonomy":"category","embeddable":true,"href":"https:\/\/www.meydan.tv\/az\/wp-json\/wp\/v2\/categories?post=212526"},{"taxonomy":"post_tag","embeddable":true,"href":"https:\/\/www.meydan.tv\/az\/wp-json\/wp\/v2\/tags?post=212526"}],"curies":[{"name":"wp","href":"https:\/\/api.w.org\/{rel}","templated":true}]}}