{"id":212478,"date":"2021-08-18T10:08:04","date_gmt":"2021-08-18T10:08:04","guid":{"rendered":"https:\/\/www.meydan.tv\/article\/ucar-sakini-butun-kendde-qaz-var-birce-menim-evimden-basqa\/"},"modified":"2021-08-18T10:08:04","modified_gmt":"2021-08-18T10:08:04","slug":"ucar-sakini-butun-kendde-qaz-var-birce-menim-evimden-basqa","status":"publish","type":"post","link":"https:\/\/www.meydan.tv\/az\/article\/ucar-sakini-butun-kendde-qaz-var-birce-menim-evimden-basqa\/","title":{"rendered":"Ucar sakini: B\u00fct\u00fcn k\u0259ndd\u0259 qaz var, birc\u0259 m\u0259nim evimd\u0259n ba\u015fqa"},"content":{"rendered":"<p>\n  <i><br \/>\n    \u201cEvim\u0259 qaz x\u0259tti \u00e7\u0259kdirm\u0259k \u00fc\u00e7\u00fcn 2 min manat \u00f6d\u0259m\u0259liy\u0259m\u201d<br \/>\n  <\/i>\n<\/p>\n<p>\n  Ucar rayonunun Alp\u0131 k\u0259ndinin sakini Cavid \u018fliyevin \u015fikay\u0259ti var. Deyir, evini 2013-c\u00fc ild\u0259 tikib bitirib. El\u0259 o vaxtdan v\u0259d veribl\u0259r ki, tezlikl\u0259 ya\u015fad\u0131\u011f\u0131 \u0259raziy\u0259 qaz \u00e7\u0259kil\u0259c\u0259k. \u0130l olub 2021, h\u0259l\u0259 d\u0259 deyil\u0259n v\u0259dl\u0259r\u0259 \u0259m\u0259l edilmir:\n<\/p>\n<p>\n  \u201cK\u0259ndd\u0259 m\u0259nim evim tikil\u0259nd\u0259n 1 il sonra qazla\u015fd\u0131ma apar\u0131ld\u0131. Ancaq evim\u0259 qaz x\u0259tti \u00e7\u0259kilm\u0259di. Buna g\u00f6r\u0259 aidiyyat\u0131 qurumlara d\u0259f\u0259l\u0259rl\u0259 getmi\u015f\u0259m, \u015fikay\u0259t d\u0259 etmi\u015f\u0259m, yen\u0259 d\u0259 problem h\u0259ll edilm\u0259yib\u201d.\n<\/p>\n<p>\n  Cavid \u018fliyev deyir ki, h\u0259tta k\u0259ndd\u0259 qaz\u0131n a\u00e7\u0131l\u0131\u015f\u0131n\u0131 etdikl\u0259ri g\u00fcn d\u0259 gedib, deyib, \u201cb\u0259s bizim ev\u0259 qaz \u00e7\u0259kilm\u0259yib ax\u0131\u201d. Bu zaman onu sakitl\u0259\u015fdirib ev\u0259 g\u00f6d\u0259ribl\u0259r, s\u00f6z veribl\u0259r ki, problem tezlikl\u0259 h\u0259ll olunacaq:\n<\/p>\n<p>\n  \u201cProblemi d\u0259 bel\u0259 h\u0259ll etdil\u0259r ki, g\u0259lib hesablad\u0131lar. M\u0259nim evim\u0259 \u0259n yax\u0131n qazla\u015fd\u0131r\u0131lm\u0131\u015f evd\u0259n 350 metr m\u0259saf\u0259 var. Dedil\u0259r ki, material\u0131n\u0131 al, ustan\u0131n da pulunu ver, g\u0259l\u0259k \u00e7\u0259k\u0259k. Material da h\u0259r metrin\u0259 minimum 4 manatd\u0131r, ustaya da h\u0259r metrin\u0259 g\u00f6r\u0259 2 manat. \u0130ki min manatdan \u00e7ox edir. M\u0259n he\u00e7 yerd\u0259 i\u015fl\u0259mir\u0259m, o q\u0259d\u0259r pulu haradan al\u0131m?\u201d\n<\/p>\n<p>\n  Cavid \u018fliyevin iki q\u0131z\u0131 var. H\u0259r ikisi k\u00f6rp\u0259dir. Deyir, q\u0131\u015fda bu \u0259razil\u0259rd\u0259 odun da tap\u0131lm\u0131r ki, he\u00e7 olmasa soba il\u0259 evi q\u0131zd\u0131rs\u0131nlar. M\u0259cbur qal\u0131b atas\u0131gil\u0259 k\u00f6\u00e7\u00fcrl\u0259r:\n<\/p>\n<p>\n  \u201cDig\u0259r qarda\u015f\u0131mgil d\u0259 orada ya\u015fay\u0131r. Ya\u015fl\u0131 adamd\u0131lar, u\u015faqlar\u0131n s\u0259si-k\u00fcy\u00fc narahat edir. Biz d\u0259 narahat oluruq, bel\u0259 olsun ist\u0259mir\u0259m. Ka\u015f el\u0259 bizim qaz problemimiz h\u0259ll olsun v\u0259 q\u0131\u015f\u0131 \u00f6z evimizd\u0259, rahat ke\u00e7ir\u0259k. B\u00fct\u00fcn k\u0259ndd\u0259 qaz var, birc\u0259 m\u0259nim evimd\u0259n ba\u015fqa\u201d.\n<\/p>\n<p>\n  \u015eikay\u0259t\u00e7i deyir ki, ona yax\u0131n 10-dan art\u0131q ev var v\u0259 ham\u0131s\u0131na qaz \u00e7\u0259kilib. H\u0259tta qon\u015fuluqda ya\u015fay\u0131\u015f olmayan bir ev var ki, o da qazla\u015fd\u0131r\u0131l\u0131b, ancaq onlar\u0131n evin\u0259 qaz verilmir. Verilirs\u0259 d\u0259, \u00e7\u0259kilm\u0259si \u00fc\u00e7\u00fcn ondan pul t\u0259l\u0259b edilir. Onun is\u0259 imkan\u0131 yoxdur o q\u0259d\u0259r v\u0259saiti verm\u0259y\u0259:\n<\/p>\n<p>\n  \u201c\u0130\u015fsiz\u0259m, \u00e7\u0259tindir, m\u0259nim o q\u0259d\u0259r imkan\u0131m yoxdur.\n<\/p>\n<p>\n  Olanda f\u0259hl\u0259lik edir\u0259m, b\u0259z\u0259n h\u0259ft\u0259l\u0259rl\u0259 i\u015fsiz qal\u0131ram. Daimi bir i\u015fim, g\u0259lirim yoxdur. Hardan al\u0131m o q\u0259d\u0259r pulu? He\u00e7 b\u0259z\u0259n bir il \u0259rzind\u0259 m\u0259nim 2 min manatl\u0131q qazanc\u0131m olmur. N\u0259 edim? Pulu olmayan \u00f6lm\u0259lidir? Pulum yoxdur dey\u0259 d\u00f6vl\u0259tin xidm\u0259tind\u0259n d\u0259 m\u0259hrumam\u201d.\n<\/p>\n<p>\n  Ucar Rayon \u0130cra Hakimiyy\u0259tind\u0259n qaz x\u0259tti \u00e7\u0259kili\u015finin onlar\u0131n i\u015fi olmad\u0131\u011f\u0131n\u0131 s\u00f6yl\u0259yibl\u0259r. Bildiribl\u0259r ki, bu i\u015fd\u0259 ad\u0259t\u0259n ayr\u0131-se\u00e7kilik olmur. Bir k\u0259nd\u0259 qaz \u00e7\u0259kilirs\u0259, b\u00fct\u00fcn evl\u0259r qazla\u015fd\u0131r\u0131l\u0131r. G\u00f6r\u00fcn\u00fcr, n\u0259s\u0259 problem olub:\n<\/p>\n<p>\n  \u201cB\u0259lk\u0259 d\u0259 ev qaz \u00e7\u0259kilm\u0259si \u00fc\u00e7\u00fcn uy\u011fun olmay\u0131b, t\u0259hl\u00fck\u0259 oldu\u011fu \u00fc\u00e7\u00fcn saxlan\u0131l\u0131b\u201d.\n<\/p>\n<p>\n  Ucar Rayon Qaz \u0130stismar \u0130dar\u0259sind\u0259n is\u0259 bildirilib ki, qaz \u00e7\u0259kili\u015fi zaman\u0131 tam haz\u0131r olmayan, tikinti i\u015fi tamamlanmam\u0131\u015f evl\u0259r\u0259 qaz verilmir:\n<\/p>\n<p>\n  \u201cT\u0259hl\u00fck\u0259sizlik bax\u0131m\u0131ndan tikintisi tamamlanmam\u0131\u015f evl\u0259r\u0259 qaz verilmir. G\u00f6r\u00fcn\u00fcr h\u0259min ev tam tikili olmay\u0131b, ona g\u00f6r\u0259 ora qaz \u00e7\u0259kilm\u0259yib. Tikintisi tamamland\u0131qdan sonra v\u0259t\u0259nda\u015f \u0259riz\u0259 il\u0259 m\u00fcraci\u0259t etsin, h\u0259r hans\u0131 problem olmaz\u201d.\n<\/p>\n<p>\n  Cavid \u018fliyev is\u0259 deyir ki, qaz \u00e7\u0259kili\u015fi zaman\u0131 evi haz\u0131r olub, dam\u0131 vurulub, p\u0259nc\u0259r\u0259si, qap\u0131s\u0131 olub:\n<\/p>\n<p>\n  \u201cBiz evd\u0259 ya\u015fay\u0131rd\u0131q da. D\u00fczd\u00fcr, b\u0259zi otaqlar t\u0259mirsiz idi, amma t\u0259mir etdikl\u0259rimiz d\u0259 var idi. Bunlar b\u0259han\u0259dir. B\u0259lk\u0259 m\u0259n \u00fcmumiyy\u0259tl\u0259 t\u0259mirsiz evd\u0259 ya\u015famaq ist\u0259yir\u0259m? T\u0259mirin n\u0259 d\u0259xli var? \u018fsas laz\u0131ml\u0131 i\u015fl\u0259rin ham\u0131s\u0131 g\u00f6r\u00fclm\u00fc\u015fd\u00fc. \u00dcst\u0259lik, h\u0259min vaxt 1 ild\u0259n art\u0131q idi o evd\u0259 ya\u015fay\u0131rd\u0131q. \u0130ndi ev tamamil\u0259 bitib, haz\u0131rd\u0131r. B\u0259s indi b\u0259han\u0259l\u0259ri n\u0259dir?\u201d<\/p>\n","protected":false},"excerpt":{"rendered":"<p>\u201cEvim\u0259 qaz x\u0259tti \u00e7\u0259kdirm\u0259k \u00fc\u00e7\u00fcn 2 min manat \u00f6d\u0259m\u0259liy\u0259m\u201d<\/p>\n","protected":false},"author":11,"featured_media":209339,"comment_status":"closed","ping_status":"open","sticky":false,"template":"","format":"standard","meta":{"_acf_changed":false,"_sitemap_exclude":false,"_sitemap_priority":"","_sitemap_frequency":"","footnotes":""},"categories":[60],"tags":[],"class_list":["post-212478","post","type-post","status-publish","format-standard","has-post-thumbnail","hentry","category-bolge","infinite-scroll-item","generate-columns","tablet-grid-50","mobile-grid-100","grid-parent","grid-33","no-featured-image-padding"],"acf":[],"yoast_head":"<!-- This site is optimized with the Yoast SEO plugin v27.4 - https:\/\/yoast.com\/product\/yoast-seo-wordpress\/ -->\n<title>Ucar sakini: B\u00fct\u00fcn k\u0259ndd\u0259 qaz var, birc\u0259 m\u0259nim evimd\u0259n ba\u015fqa - MEYDAN.TV<\/title>\n<meta name=\"robots\" content=\"index, follow, max-snippet:-1, max-image-preview:large, max-video-preview:-1\" \/>\n<link rel=\"canonical\" href=\"https:\/\/www.meydan.tv\/az\/article\/ucar-sakini-butun-kendde-qaz-var-birce-menim-evimden-basqa\/\" \/>\n<meta property=\"og:locale\" content=\"az_AZ\" \/>\n<meta property=\"og:type\" content=\"article\" \/>\n<meta property=\"og:title\" content=\"Ucar sakini: B\u00fct\u00fcn k\u0259ndd\u0259 qaz var, birc\u0259 m\u0259nim evimd\u0259n ba\u015fqa - MEYDAN.TV\" \/>\n<meta property=\"og:description\" content=\"\u201cEvim\u0259 qaz x\u0259tti \u00e7\u0259kdirm\u0259k \u00fc\u00e7\u00fcn 2 min manat \u00f6d\u0259m\u0259liy\u0259m\u201d\" \/>\n<meta property=\"og:url\" content=\"https:\/\/www.meydan.tv\/az\/article\/ucar-sakini-butun-kendde-qaz-var-birce-menim-evimden-basqa\/\" \/>\n<meta property=\"og:site_name\" content=\"MEYDAN.TV\" \/>\n<meta property=\"article:published_time\" content=\"2021-08-18T10:08:04+00:00\" \/>\n<meta property=\"og:image\" content=\"https:\/\/www.meydan.tv\/wp-content\/uploads\/722888dd-4315-4324-9503-145e8ce1fffa-scaled.jpeg\" \/>\n\t<meta property=\"og:image:width\" content=\"2560\" \/>\n\t<meta property=\"og:image:height\" content=\"1920\" \/>\n\t<meta property=\"og:image:type\" content=\"image\/jpeg\" \/>\n<meta name=\"author\" content=\"user-manager\" \/>\n<meta name=\"twitter:card\" content=\"summary_large_image\" \/>\n<script type=\"application\/ld+json\" class=\"yoast-schema-graph\">{\"@context\":\"https:\\\/\\\/schema.org\",\"@graph\":[{\"@type\":\"Article\",\"@id\":\"https:\\\/\\\/www.meydan.tv\\\/az\\\/article\\\/ucar-sakini-butun-kendde-qaz-var-birce-menim-evimden-basqa\\\/#article\",\"isPartOf\":{\"@id\":\"https:\\\/\\\/www.meydan.tv\\\/az\\\/article\\\/ucar-sakini-butun-kendde-qaz-var-birce-menim-evimden-basqa\\\/\"},\"author\":{\"name\":\"user-manager\",\"@id\":\"https:\\\/\\\/www.meydan.tv\\\/az\\\/#\\\/schema\\\/person\\\/10d11eccf6da3662cf5fdab9806ea91a\"},\"headline\":\"Ucar sakini: B\u00fct\u00fcn k\u0259ndd\u0259 qaz var, birc\u0259 m\u0259nim evimd\u0259n ba\u015fqa\",\"datePublished\":\"2021-08-18T10:08:04+00:00\",\"mainEntityOfPage\":{\"@id\":\"https:\\\/\\\/www.meydan.tv\\\/az\\\/article\\\/ucar-sakini-butun-kendde-qaz-var-birce-menim-evimden-basqa\\\/\"},\"wordCount\":761,\"publisher\":{\"@id\":\"https:\\\/\\\/www.meydan.tv\\\/az\\\/#organization\"},\"image\":{\"@id\":\"https:\\\/\\\/www.meydan.tv\\\/az\\\/article\\\/ucar-sakini-butun-kendde-qaz-var-birce-menim-evimden-basqa\\\/#primaryimage\"},\"thumbnailUrl\":\"https:\\\/\\\/www.meydan.tv\\\/wp-content\\\/uploads\\\/722888dd-4315-4324-9503-145e8ce1fffa-scaled.jpeg\",\"articleSection\":[\"B\u00f6lg\u0259\"],\"inLanguage\":\"az\"},{\"@type\":\"WebPage\",\"@id\":\"https:\\\/\\\/www.meydan.tv\\\/az\\\/article\\\/ucar-sakini-butun-kendde-qaz-var-birce-menim-evimden-basqa\\\/\",\"url\":\"https:\\\/\\\/www.meydan.tv\\\/az\\\/article\\\/ucar-sakini-butun-kendde-qaz-var-birce-menim-evimden-basqa\\\/\",\"name\":\"Ucar sakini: B\u00fct\u00fcn k\u0259ndd\u0259 qaz var, birc\u0259 m\u0259nim evimd\u0259n ba\u015fqa - MEYDAN.TV\",\"isPartOf\":{\"@id\":\"https:\\\/\\\/www.meydan.tv\\\/az\\\/#website\"},\"primaryImageOfPage\":{\"@id\":\"https:\\\/\\\/www.meydan.tv\\\/az\\\/article\\\/ucar-sakini-butun-kendde-qaz-var-birce-menim-evimden-basqa\\\/#primaryimage\"},\"image\":{\"@id\":\"https:\\\/\\\/www.meydan.tv\\\/az\\\/article\\\/ucar-sakini-butun-kendde-qaz-var-birce-menim-evimden-basqa\\\/#primaryimage\"},\"thumbnailUrl\":\"https:\\\/\\\/www.meydan.tv\\\/wp-content\\\/uploads\\\/722888dd-4315-4324-9503-145e8ce1fffa-scaled.jpeg\",\"datePublished\":\"2021-08-18T10:08:04+00:00\",\"breadcrumb\":{\"@id\":\"https:\\\/\\\/www.meydan.tv\\\/az\\\/article\\\/ucar-sakini-butun-kendde-qaz-var-birce-menim-evimden-basqa\\\/#breadcrumb\"},\"inLanguage\":\"az\",\"potentialAction\":[{\"@type\":\"ReadAction\",\"target\":[\"https:\\\/\\\/www.meydan.tv\\\/az\\\/article\\\/ucar-sakini-butun-kendde-qaz-var-birce-menim-evimden-basqa\\\/\"]}]},{\"@type\":\"ImageObject\",\"inLanguage\":\"az\",\"@id\":\"https:\\\/\\\/www.meydan.tv\\\/az\\\/article\\\/ucar-sakini-butun-kendde-qaz-var-birce-menim-evimden-basqa\\\/#primaryimage\",\"url\":\"https:\\\/\\\/www.meydan.tv\\\/wp-content\\\/uploads\\\/722888dd-4315-4324-9503-145e8ce1fffa-scaled.jpeg\",\"contentUrl\":\"https:\\\/\\\/www.meydan.tv\\\/wp-content\\\/uploads\\\/722888dd-4315-4324-9503-145e8ce1fffa-scaled.jpeg\",\"width\":2560,\"height\":1920,\"caption\":\"Source: A\"},{\"@type\":\"BreadcrumbList\",\"@id\":\"https:\\\/\\\/www.meydan.tv\\\/az\\\/article\\\/ucar-sakini-butun-kendde-qaz-var-birce-menim-evimden-basqa\\\/#breadcrumb\",\"itemListElement\":[{\"@type\":\"ListItem\",\"position\":1,\"name\":\"Ana s\u0259hif\u0259\",\"item\":\"https:\\\/\\\/www.meydan.tv\\\/az\\\/\"},{\"@type\":\"ListItem\",\"position\":2,\"name\":\"B\u00f6lg\u0259\",\"item\":\"https:\\\/\\\/www.meydan.tv\\\/az\\\/section\\\/bolge\\\/\"},{\"@type\":\"ListItem\",\"position\":3,\"name\":\"Ucar sakini: B\u00fct\u00fcn k\u0259ndd\u0259 qaz var, birc\u0259 m\u0259nim evimd\u0259n ba\u015fqa\"}]},{\"@type\":\"WebSite\",\"@id\":\"https:\\\/\\\/www.meydan.tv\\\/az\\\/#website\",\"url\":\"https:\\\/\\\/www.meydan.tv\\\/az\\\/\",\"name\":\"MEYDAN.TV\",\"description\":\"Meydan TV Az\u0259rbaycan\u0131n media m\u0259kan\u0131ndak\u0131 alternativ s\u0259sidir\",\"publisher\":{\"@id\":\"https:\\\/\\\/www.meydan.tv\\\/az\\\/#organization\"},\"potentialAction\":[{\"@type\":\"SearchAction\",\"target\":{\"@type\":\"EntryPoint\",\"urlTemplate\":\"https:\\\/\\\/www.meydan.tv\\\/az\\\/?s={search_term_string}\"},\"query-input\":{\"@type\":\"PropertyValueSpecification\",\"valueRequired\":true,\"valueName\":\"search_term_string\"}}],\"inLanguage\":\"az\"},{\"@type\":\"Organization\",\"@id\":\"https:\\\/\\\/www.meydan.tv\\\/az\\\/#organization\",\"name\":\"Meydan TV\",\"url\":\"https:\\\/\\\/www.meydan.tv\\\/az\\\/\",\"logo\":{\"@type\":\"ImageObject\",\"inLanguage\":\"az\",\"@id\":\"https:\\\/\\\/www.meydan.tv\\\/az\\\/#\\\/schema\\\/logo\\\/image\\\/\",\"url\":\"https:\\\/\\\/www.meydan.tv\\\/wp-content\\\/uploads\\\/2021\\\/07\\\/meydan-logo.svg\",\"contentUrl\":\"https:\\\/\\\/www.meydan.tv\\\/wp-content\\\/uploads\\\/2021\\\/07\\\/meydan-logo.svg\",\"width\":195,\"height\":46,\"caption\":\"Meydan TV\"},\"image\":{\"@id\":\"https:\\\/\\\/www.meydan.tv\\\/az\\\/#\\\/schema\\\/logo\\\/image\\\/\"}},{\"@type\":\"Person\",\"@id\":\"https:\\\/\\\/www.meydan.tv\\\/az\\\/#\\\/schema\\\/person\\\/10d11eccf6da3662cf5fdab9806ea91a\",\"name\":\"user-manager\"}]}<\/script>\n<!-- \/ Yoast SEO plugin. -->","yoast_head_json":{"title":"Ucar sakini: B\u00fct\u00fcn k\u0259ndd\u0259 qaz var, birc\u0259 m\u0259nim evimd\u0259n ba\u015fqa - MEYDAN.TV","robots":{"index":"index","follow":"follow","max-snippet":"max-snippet:-1","max-image-preview":"max-image-preview:large","max-video-preview":"max-video-preview:-1"},"canonical":"https:\/\/www.meydan.tv\/az\/article\/ucar-sakini-butun-kendde-qaz-var-birce-menim-evimden-basqa\/","og_locale":"az_AZ","og_type":"article","og_title":"Ucar sakini: B\u00fct\u00fcn k\u0259ndd\u0259 qaz var, birc\u0259 m\u0259nim evimd\u0259n ba\u015fqa - MEYDAN.TV","og_description":"\u201cEvim\u0259 qaz x\u0259tti \u00e7\u0259kdirm\u0259k \u00fc\u00e7\u00fcn 2 min manat \u00f6d\u0259m\u0259liy\u0259m\u201d","og_url":"https:\/\/www.meydan.tv\/az\/article\/ucar-sakini-butun-kendde-qaz-var-birce-menim-evimden-basqa\/","og_site_name":"MEYDAN.TV","article_published_time":"2021-08-18T10:08:04+00:00","og_image":[{"width":2560,"height":1920,"url":"https:\/\/www.meydan.tv\/wp-content\/uploads\/722888dd-4315-4324-9503-145e8ce1fffa-scaled.jpeg","type":"image\/jpeg"}],"author":"user-manager","twitter_card":"summary_large_image","schema":{"@context":"https:\/\/schema.org","@graph":[{"@type":"Article","@id":"https:\/\/www.meydan.tv\/az\/article\/ucar-sakini-butun-kendde-qaz-var-birce-menim-evimden-basqa\/#article","isPartOf":{"@id":"https:\/\/www.meydan.tv\/az\/article\/ucar-sakini-butun-kendde-qaz-var-birce-menim-evimden-basqa\/"},"author":{"name":"user-manager","@id":"https:\/\/www.meydan.tv\/az\/#\/schema\/person\/10d11eccf6da3662cf5fdab9806ea91a"},"headline":"Ucar sakini: B\u00fct\u00fcn k\u0259ndd\u0259 qaz var, birc\u0259 m\u0259nim evimd\u0259n ba\u015fqa","datePublished":"2021-08-18T10:08:04+00:00","mainEntityOfPage":{"@id":"https:\/\/www.meydan.tv\/az\/article\/ucar-sakini-butun-kendde-qaz-var-birce-menim-evimden-basqa\/"},"wordCount":761,"publisher":{"@id":"https:\/\/www.meydan.tv\/az\/#organization"},"image":{"@id":"https:\/\/www.meydan.tv\/az\/article\/ucar-sakini-butun-kendde-qaz-var-birce-menim-evimden-basqa\/#primaryimage"},"thumbnailUrl":"https:\/\/www.meydan.tv\/wp-content\/uploads\/722888dd-4315-4324-9503-145e8ce1fffa-scaled.jpeg","articleSection":["B\u00f6lg\u0259"],"inLanguage":"az"},{"@type":"WebPage","@id":"https:\/\/www.meydan.tv\/az\/article\/ucar-sakini-butun-kendde-qaz-var-birce-menim-evimden-basqa\/","url":"https:\/\/www.meydan.tv\/az\/article\/ucar-sakini-butun-kendde-qaz-var-birce-menim-evimden-basqa\/","name":"Ucar sakini: B\u00fct\u00fcn k\u0259ndd\u0259 qaz var, birc\u0259 m\u0259nim evimd\u0259n ba\u015fqa - MEYDAN.TV","isPartOf":{"@id":"https:\/\/www.meydan.tv\/az\/#website"},"primaryImageOfPage":{"@id":"https:\/\/www.meydan.tv\/az\/article\/ucar-sakini-butun-kendde-qaz-var-birce-menim-evimden-basqa\/#primaryimage"},"image":{"@id":"https:\/\/www.meydan.tv\/az\/article\/ucar-sakini-butun-kendde-qaz-var-birce-menim-evimden-basqa\/#primaryimage"},"thumbnailUrl":"https:\/\/www.meydan.tv\/wp-content\/uploads\/722888dd-4315-4324-9503-145e8ce1fffa-scaled.jpeg","datePublished":"2021-08-18T10:08:04+00:00","breadcrumb":{"@id":"https:\/\/www.meydan.tv\/az\/article\/ucar-sakini-butun-kendde-qaz-var-birce-menim-evimden-basqa\/#breadcrumb"},"inLanguage":"az","potentialAction":[{"@type":"ReadAction","target":["https:\/\/www.meydan.tv\/az\/article\/ucar-sakini-butun-kendde-qaz-var-birce-menim-evimden-basqa\/"]}]},{"@type":"ImageObject","inLanguage":"az","@id":"https:\/\/www.meydan.tv\/az\/article\/ucar-sakini-butun-kendde-qaz-var-birce-menim-evimden-basqa\/#primaryimage","url":"https:\/\/www.meydan.tv\/wp-content\/uploads\/722888dd-4315-4324-9503-145e8ce1fffa-scaled.jpeg","contentUrl":"https:\/\/www.meydan.tv\/wp-content\/uploads\/722888dd-4315-4324-9503-145e8ce1fffa-scaled.jpeg","width":2560,"height":1920,"caption":"Source: A"},{"@type":"BreadcrumbList","@id":"https:\/\/www.meydan.tv\/az\/article\/ucar-sakini-butun-kendde-qaz-var-birce-menim-evimden-basqa\/#breadcrumb","itemListElement":[{"@type":"ListItem","position":1,"name":"Ana s\u0259hif\u0259","item":"https:\/\/www.meydan.tv\/az\/"},{"@type":"ListItem","position":2,"name":"B\u00f6lg\u0259","item":"https:\/\/www.meydan.tv\/az\/section\/bolge\/"},{"@type":"ListItem","position":3,"name":"Ucar sakini: B\u00fct\u00fcn k\u0259ndd\u0259 qaz var, birc\u0259 m\u0259nim evimd\u0259n ba\u015fqa"}]},{"@type":"WebSite","@id":"https:\/\/www.meydan.tv\/az\/#website","url":"https:\/\/www.meydan.tv\/az\/","name":"MEYDAN.TV","description":"Meydan TV Az\u0259rbaycan\u0131n media m\u0259kan\u0131ndak\u0131 alternativ s\u0259sidir","publisher":{"@id":"https:\/\/www.meydan.tv\/az\/#organization"},"potentialAction":[{"@type":"SearchAction","target":{"@type":"EntryPoint","urlTemplate":"https:\/\/www.meydan.tv\/az\/?s={search_term_string}"},"query-input":{"@type":"PropertyValueSpecification","valueRequired":true,"valueName":"search_term_string"}}],"inLanguage":"az"},{"@type":"Organization","@id":"https:\/\/www.meydan.tv\/az\/#organization","name":"Meydan TV","url":"https:\/\/www.meydan.tv\/az\/","logo":{"@type":"ImageObject","inLanguage":"az","@id":"https:\/\/www.meydan.tv\/az\/#\/schema\/logo\/image\/","url":"https:\/\/www.meydan.tv\/wp-content\/uploads\/2021\/07\/meydan-logo.svg","contentUrl":"https:\/\/www.meydan.tv\/wp-content\/uploads\/2021\/07\/meydan-logo.svg","width":195,"height":46,"caption":"Meydan TV"},"image":{"@id":"https:\/\/www.meydan.tv\/az\/#\/schema\/logo\/image\/"}},{"@type":"Person","@id":"https:\/\/www.meydan.tv\/az\/#\/schema\/person\/10d11eccf6da3662cf5fdab9806ea91a","name":"user-manager"}]}},"_links":{"self":[{"href":"https:\/\/www.meydan.tv\/az\/wp-json\/wp\/v2\/posts\/212478","targetHints":{"allow":["GET"]}}],"collection":[{"href":"https:\/\/www.meydan.tv\/az\/wp-json\/wp\/v2\/posts"}],"about":[{"href":"https:\/\/www.meydan.tv\/az\/wp-json\/wp\/v2\/types\/post"}],"author":[{"embeddable":true,"href":"https:\/\/www.meydan.tv\/az\/wp-json\/wp\/v2\/users\/11"}],"replies":[{"embeddable":true,"href":"https:\/\/www.meydan.tv\/az\/wp-json\/wp\/v2\/comments?post=212478"}],"version-history":[{"count":0,"href":"https:\/\/www.meydan.tv\/az\/wp-json\/wp\/v2\/posts\/212478\/revisions"}],"wp:featuredmedia":[{"embeddable":true,"href":"https:\/\/www.meydan.tv\/az\/wp-json\/wp\/v2\/media\/209339"}],"wp:attachment":[{"href":"https:\/\/www.meydan.tv\/az\/wp-json\/wp\/v2\/media?parent=212478"}],"wp:term":[{"taxonomy":"category","embeddable":true,"href":"https:\/\/www.meydan.tv\/az\/wp-json\/wp\/v2\/categories?post=212478"},{"taxonomy":"post_tag","embeddable":true,"href":"https:\/\/www.meydan.tv\/az\/wp-json\/wp\/v2\/tags?post=212478"}],"curies":[{"name":"wp","href":"https:\/\/api.w.org\/{rel}","templated":true}]}}