{"id":212473,"date":"2021-08-17T14:52:57","date_gmt":"2021-08-17T14:52:57","guid":{"rendered":"https:\/\/www.meydan.tv\/article\/istintaq-sobesinin-reisi-meni-doyerek-torpaqlari-kecmis-serikime-vermeyimi-teleb-etdi\/"},"modified":"2021-08-17T14:52:57","modified_gmt":"2021-08-17T14:52:57","slug":"istintaq-sobesinin-reisi-meni-doyerek-torpaqlari-kecmis-serikime-vermeyimi-teleb-etdi","status":"publish","type":"post","link":"https:\/\/www.meydan.tv\/az\/article\/istintaq-sobesinin-reisi-meni-doyerek-torpaqlari-kecmis-serikime-vermeyimi-teleb-etdi\/","title":{"rendered":"\u201c\u0130stintaq \u015f\u00f6b\u0259sinin r\u0259isi m\u0259ni d\u00f6y\u0259r\u0259k, torpaqlar\u0131 ke\u00e7mi\u015f \u015f\u0259rikim\u0259 verm\u0259yimi t\u0259l\u0259b etdi\u201d"},"content":{"rendered":"<p>\n  <i><br \/>\n    Qusarl\u0131 fermer: \u201cH\u0259mdulla \u00f6z h\u0259yat yolda\u015f\u0131n\u0131n qohumlar\u0131na pul ver\u0259r\u0259k istintaqda \u00fcz\u00fcm\u0259 durmalar\u0131na nail oldu\u201d<br \/>\n  <\/i>\n<\/p>\n<p>\n  Qusar rayonundan olan fermer, Quxuroba k\u0259nd sakini, Ayven \u015eamuradovun \u015fikay\u0259ti Qusar Rayon Prokurorlu\u011fundan v\u0259 Qusar Rayon Polis \u015e\u00f6b\u0259sind\u0259ndir. Ayven \u015eamuradov h\u0259r iki qurumda ona qar\u015f\u0131 ba\u015flan\u0131lm\u0131\u015f cinay\u0259t i\u015finin q\u0259r\u0259zli oldu\u011funu iddia edir.\n<\/p>\n<p>\n  Ayven \u015eamuradovun s\u00f6zl\u0259rin\u0259 g\u00f6r\u0259, 4 il \u0259vv\u0259l Rusiya Federasiyas\u0131n\u0131n v\u0259t\u0259nda\u015f\u0131 olan yax\u0131n qohumu H\u0259mdulla Kad\u0131rov Qusarda olark\u0259n, ona \u015f\u0259rikli biznes qurma\u011f\u0131 t\u0259klif edib. O, Ayven \u015eamuradova t\u0259klif edib ki, ikinciy\u0259 m\u0259xsus olan torpaqdan 400 \u0259d\u0259d f\u0131nd\u0131q, 200 \u0259d\u0259d gilas a\u011faclar\u0131n\u0131 \u00e7\u0131xararaq yerind\u0259 \u015f\u0259rikli alma ba\u011flar\u0131 yarats\u0131nlar. Ayven \u015eamutarov t\u0259klifi q\u0259bul edib, \u00f6z\u00fcn\u0259 m\u0259xsus f\u0131nd\u0131q v\u0259 gilas ba\u011flar\u0131n\u0131 l\u0259\u011fv ed\u0259r\u0259k yerind\u0259 alma ba\u011f\u0131 yarad\u0131b. Alma ba\u011flar\u0131 il\u0259 yana\u015f\u0131 yax\u0131n qohumu Ayven \u015eamuradova m\u0259xsus olan dig\u0259r torpaq sah\u0259sind\u0259 ferma yaratmaq fikrind\u0259 oldu\u011funu bildirib. \u015e\u0259rikli \u015f\u0259kild\u0259 v\u0259sait x\u0259rcl\u0259y\u0259r\u0259k bu ferman\u0131 da yarad\u0131blar. Ayven \u015eamuradov heyvanlara bax\u0131m \u00fc\u00e7\u00fcn m\u00fcxt\u0259lif tikilil\u0259r, yem bazas\u0131, heyvanlara baxan i\u015f\u00e7il\u0259rin qalmas\u0131 \u00fc\u00e7\u00fcn f\u0259rdi ya\u015fay\u0131\u015f evi d\u0259 tikib. Meyv\u0259 ba\u011f\u0131ndan v\u0259 fermadan g\u0259l\u0259n g\u0259lirl\u0259r t\u0259s\u0259rr\u00fcfatlar\u0131n inki\u015faf\u0131na x\u0259rcl\u0259nib.\n<\/p>\n<p>\n  <b><br \/>\n    \u201cM\u0259ni \u015f\u0259rl\u0259yir, torpaqlar\u0131m\u0131 ona verm\u0259yimi t\u0259l\u0259b edir\u201d<br \/>\n  <\/b>\n<\/p>\n<p>\n  \u201cBu ilin fevral-mart aylar\u0131nda H\u0259mdulla Rusiyadan g\u0259l\u0259r\u0259k orada ciddi probleml\u0259rinin yarand\u0131\u011f\u0131n\u0131, t\u0259cili pula ehtiyac\u0131 oldu\u011funu dedi. M\u0259nd\u0259n fermadak\u0131 heyvanlar\u0131n sat\u0131lmas\u0131n\u0131 xahi\u015f etdi. M\u0259n b\u00fct\u00fcn cins heyvanlar\u0131 (in\u0259k) satd\u0131m, meyv\u0259 ba\u011f\u0131ndan g\u0259l\u0259n g\u0259lirl\u0259ri, \u00fcst\u0259lik, banklardan g\u00f6t\u00fcrd\u00fcy\u00fcm kreditl\u0259ri toplay\u0131b ail\u0259 \u00fczvl\u0259rimin i\u015ftirak\u0131yla ona 287 min manat verdim. O, pulu g\u00f6t\u00fcr\u00fcb Rusiyaya qay\u0131td\u0131. 1 h\u0259ft\u0259d\u0259n sonra yen\u0259 g\u0259ldi, bildirdi ki, guya o, m\u0259n\u0259 bu biznesl\u0259 ba\u011fl\u0131 780 min manat verib. M\u0259n\u0259 m\u0259xsus olan ba\u011f\u0131n v\u0259 ferman\u0131n yerl\u0259\u015fdiyi torpaq sah\u0259l\u0259rini ona verm\u0259yimi t\u0259l\u0259b etdi. Halbuki, o, \u015f\u0259rikli biznes qurdu\u011fumuz m\u00fcdd\u0259t \u0259rzind\u0259 bu biznesin inki\u015faf etdirilm\u0259sin\u0259 780 min manat yox, \u00fcmumilikd\u0259 220 min manat x\u0259rcl\u0259mi\u015fdi. Bundan sonra aram\u0131zda naraz\u0131l\u0131qlar ba\u015fland\u0131, H\u0259mdulla d\u0259f\u0259l\u0259rl\u0259 evim\u0259 \u00f6zl\u0259rini Rusiyadak\u0131 kriminal \u00e7evr\u0259l\u0259rin \u00fczvl\u0259ri kimi t\u0259qdim ed\u0259n Rza v\u0259 Zabir adl\u0131 adamlar\u0131 g\u00f6nd\u0259rdi, onlar m\u0259ni b\u0131\u00e7aqla h\u0259d\u0259l\u0259dil\u0259r v\u0259 H\u0259mdullan\u0131n t\u0259l\u0259bl\u0259rini yerin\u0259 yetirm\u0259yimi t\u0259l\u0259b etdil\u0259r. Bu h\u0259d\u0259-qorxular da n\u0259tic\u0259 verm\u0259dikd\u0259, H\u0259mdulla v\u0259 onun Rza adl\u0131 dostu m\u0259n\u0259 g\u00f6r\u0259 D\u00f6vl\u0259t T\u0259hl\u00fck\u0259sizlik Xidm\u0259tinin (DTX) Qusar rayon \u015f\u00f6b\u0259sin\u0259 m\u00fcraci\u0259t etdi\u201d.\n<\/p>\n<p>\n  <b><br \/>\n    \u201c\u0130stintaq \u015f\u00f6b\u0259sinin r\u0259isi m\u0259ni saatlarla \u015f\u00f6b\u0259d\u0259 saxlayaraq d\u00f6y\u00fcb\u201d<br \/>\n  <\/b>\n<\/p>\n<p>\n  Ayven \u015eamuradov deyir, DTX bu i\u015f\u0259 baxmaqdan imtina ed\u0259nd\u0259n sonra yax\u0131n qohumu v\u0259 Rza adl\u0131 \u015f\u0259xs ondan Qusar Rayon Prokurorlu\u011funa \u015fikay\u0259t edib. Prokurorluq da materiallar\u0131 ara\u015fd\u0131r\u0131lmas\u0131 \u00fc\u00e7\u00fcn Qusar Rayon Polis \u015e\u00f6b\u0259sin\u0259 g\u00f6nd\u0259rib:\n<\/p>\n<p>\n  \u201c\u018fsl h\u0259ngam\u0259 d\u0259 bundan sonra ba\u015flad\u0131. H\u0259mdulla v\u0259 Rza Qusar rayonunda ham\u0131ya, \u201cbiz Ayvend\u0259n alaca\u011f\u0131m\u0131z torpaqlar\u0131n sat\u0131\u015f\u0131ndan \u0259ld\u0259 ed\u0259c\u0259yimiz g\u0259lirin 30 faizini polis\u0259, prokurorlu\u011fa verib onu h\u0259bs etdir\u0259c\u0259yik\u201d kimi s\u00f6hb\u0259tl\u0259r yayma\u011fa ba\u015flad\u0131lar. Polis \u015f\u00f6b\u0259sinin istintaq b\u00f6lm\u0259sinin r\u0259isi m\u0259ni d\u0259f\u0259l\u0259rl\u0259 d\u00f6y\u0259r\u0259k, bir d\u0259f\u0259 9, bir d\u0259f\u0259 is\u0259 8 saat m\u00fcv\u0259qq\u0259ti t\u0259cridxanada (\u0130VS) saxlad\u0131. O, m\u0259nd\u0259n torpaqlar\u0131m\u0131 H\u0259mdullaya verm\u0259yi t\u0259l\u0259b edirdi. H\u0259mdulla \u00f6z h\u0259yat yolda\u015f\u0131n\u0131n qohumlar\u0131na pul ver\u0259r\u0259k istintaqda \u00fcz\u00fcm\u0259 durmalar\u0131na nail oldu. Ancaq sonradan h\u0259min adamlar\u0131n d\u00f6rd\u00fc polis \u015f\u00f6b\u0259sin\u0259 \u0259riz\u0259yl\u0259 m\u00fcraci\u0259t ed\u0259r\u0259k, onlara pul verildiyini, \u0259slind\u0259 m\u0259ni tan\u0131mad\u0131qlar\u0131n\u0131 bildirdil\u0259r. \u015e\u00f6b\u0259nin \u00dcmid adl\u0131 m\u00fcst\u0259ntiqi bunu ara\u015fd\u0131rmaqdansa, Hamdullaya d\u0259st\u0259k m\u0259qs\u0259dil\u0259 h\u0259min adamlar\u0131n ifad\u0259l\u0259rini i\u015f materiallar\u0131n\u0131n aras\u0131ndan l\u0259\u011fv etm\u0259kl\u0259 kifay\u0259tl\u0259ndi\u201d.\n<\/p>\n<p>\n  <b><br \/>\n    \u201c\u00d6lk\u0259y\u0259 saxta s\u0259n\u0259dl\u0259 g\u0259lib-gedirmi\u015f\u201d<br \/>\n  <\/b>\n<\/p>\n<p>\n  Ayven \u015eamuradov iddia edir ki, H\u0259mdulla Kad\u0131rov Rusiyadan Az\u0259rbaycana saxta s\u0259n\u0259dl\u0259 g\u0259l-get edib:\n<\/p>\n<p>\n  \u201cH\u0259mdulla ferman\u0131n \u0259razisind\u0259 yerl\u0259\u015f\u0259n evd\u0259 qalark\u0259n gizl\u0259tdiyi s\u0259n\u0259dl\u0259r t\u0259sad\u00fcf\u0259n \u0259lim\u0259 ke\u00e7di. S\u0259n\u0259dl\u0259ri ara\u015fd\u0131rark\u0259n onun Az\u0259rbaycana qanunsuz yolla g\u0259ldiyini \u00f6yr\u0259ndim. Bel\u0259 ki, o, Rusiya Federasiyas\u0131n\u0131n v\u0259t\u0259nda\u015f\u0131 oldu\u011fundan, s\u0259rh\u0259dl\u0259rin ba\u011fl\u0131 oldu\u011fu fevral-mart aylar\u0131nda karantin qaydalar\u0131na g\u00f6r\u0259 Az\u0259rbaycana g\u0259l\u0259 bilm\u0259zdi. Buna g\u00f6r\u0259 d\u0259 ya\u015fad\u0131\u011f\u0131 Moskva \u015f\u0259h\u0259rind\u0259 Az\u0259rbaycan v\u0259t\u0259nda\u015f\u0131 olan bir xan\u0131m\u0131n \u015f\u0259xsiyy\u0259t v\u0259siq\u0259sini hans\u0131sa yolla \u0259ld\u0259 ed\u0259r\u0259k, komputer proqramlar\u0131 vasit\u0259sil\u0259 \u00f6z\u00fcn\u0259 2009-cu il\u0259 aid saxta nikah \u015f\u0259had\u0259tnam\u0259si d\u00fcz\u0259ldib. Onu hans\u0131sa yolla Moskva \u015f\u0259h\u0259rind\u0259ki notariuslardan birind\u0259 t\u0259sdiql\u0259dib. V\u0259kilim h\u0259min s\u0259n\u0259di ara\u015fd\u0131r\u0131b, h\u0259min xan\u0131m\u0131 taparaq \u0259laq\u0259 saxlad\u0131qdan sonra m\u0259lum olub ki, h\u0259min xan\u0131m 2009-cu ild\u0259 atas\u0131n\u0131n soyad\u0131nda olub, 2013-c\u00fc ild\u0259 ail\u0259 h\u0259yat\u0131 qurark\u0259n h\u0259yat yolda\u015f\u0131n\u0131n soyad\u0131n\u0131 q\u0259bul edib. Ancaq H\u0259mdullan\u0131n d\u00fcz\u0259ltdiyi 2009-cu il tarixli saxta nikah s\u0259n\u0259dind\u0259 xan\u0131m\u0131n soyad\u0131 haz\u0131rk\u0131 soyad\u0131na \u2013 y\u0259ni \u0259rlik soyad\u0131na uy\u011fundur. \u0130\u015f oras\u0131ndad\u0131r ki, m\u00fcst\u0259ntiq bu boyda saxtakarl\u0131\u011f\u0131 i\u015f\u0259 \u0259lav\u0259 etmir. T\u00f6r\u0259tdiyi cinay\u0259tl\u0259r\u0259 g\u00f6r\u0259 haz\u0131rda Rusiyada axtar\u0131\u015fda olan H\u0259mdullan\u0131n az qala v\u0259kili kimi apar\u0131r \u00f6z\u00fcn\u00fc&#8230;\u201d\n<\/p>\n<p>\n  <b><br \/>\n    \u201c\u0130stintaq davam edir\u201d<br \/>\n  <\/b>\n<\/p>\n<p>\n  Qusar Rayon Polis \u015e\u00f6b\u0259sind\u0259n bildirilib ki, Cinay\u0259t M\u0259c\u0259ll\u0259sinin 178.4 (Xeyli miqdarda ziyan vurmaqla d\u0259l\u0259duzluq) madd\u0259si il\u0259 cinay\u0259t i\u015fi ba\u015flan\u0131b, istintaq\u0131 \u015f\u00f6b\u0259nin m\u00fcst\u0259ntiqi \u00dcm\u00fcd Xanki\u015fiyev apar\u0131r. Ayven \u015eamuradovun ifad\u0259si al\u0131n\u0131b, \u015fahidl\u0259r dindirilib, t\u0259r\u0259fl\u0259rin \u00fczl\u0259\u015fdirilm\u0259si ke\u00e7irilib. \u0130stintaq h\u0259r\u0259k\u0259tl\u0259ri davam etdirilir v\u0259 h\u00fcquqi qiym\u0259t istintaq\u0131n sonunda veril\u0259c\u0259k. \u015e\u00f6b\u0259d\u0259n bildirilib ki, Ayven \u015eamuradovun burada d\u00f6y\u00fclm\u0259si v\u0259 qanunsuz saxlanmas\u0131 il\u0259 ba\u011fl\u0131 dedikl\u0259ri h\u0259qiq\u0259ti \u0259ks etdirmir v\u0259 c\u0259f\u0259ngiyyatd\u0131r. H\u0259mdulla Kad\u0131rovun Rusiyada cinay\u0259t t\u00f6r\u0259tm\u0259si v\u0259 axtar\u0131\u015fda olmas\u0131 bar\u0259d\u0259 h\u0259r hans\u0131 m\u0259lumat yoxdur.\n<\/p>\n<p>\n  Ayven \u015eamuradov deyir, o, Qusar rayonundak\u0131 h\u00fcquq-m\u00fchafiz\u0259 orqanlar\u0131na inanm\u0131r. Ona g\u00f6r\u0259 d\u0259 h\u0259m Ba\u015f prokurordan, h\u0259m d\u0259 daxili i\u015fl\u0259r nazirind\u0259n m\u0259s\u0259l\u0259ni n\u0259zar\u0259t\u0259 g\u00f6t\u00fcrm\u0259l\u0259rini ist\u0259yir.<\/p>\n","protected":false},"excerpt":{"rendered":"<p>Qusarl\u0131 fermer: \u201cH\u0259mdulla \u00f6z h\u0259yat yolda\u015f\u0131n\u0131n qohumlar\u0131na pul ver\u0259r\u0259k istintaqda \u00fcz\u00fcm\u0259 durmalar\u0131na nail oldu\u201d<\/p>\n","protected":false},"author":11,"featured_media":209333,"comment_status":"closed","ping_status":"open","sticky":false,"template":"","format":"standard","meta":{"_acf_changed":false,"_sitemap_exclude":false,"_sitemap_priority":"","_sitemap_frequency":"","footnotes":""},"categories":[60],"tags":[],"class_list":["post-212473","post","type-post","status-publish","format-standard","has-post-thumbnail","hentry","category-bolge","infinite-scroll-item","generate-columns","tablet-grid-50","mobile-grid-100","grid-parent","grid-33","no-featured-image-padding"],"acf":[],"yoast_head":"<!-- This site is optimized with the Yoast SEO plugin v27.5 - https:\/\/yoast.com\/product\/yoast-seo-wordpress\/ -->\n<title>\u201c\u0130stintaq \u015f\u00f6b\u0259sinin r\u0259isi m\u0259ni d\u00f6y\u0259r\u0259k, torpaqlar\u0131 ke\u00e7mi\u015f \u015f\u0259rikim\u0259 verm\u0259yimi t\u0259l\u0259b etdi\u201d - MEYDAN.TV<\/title>\n<meta name=\"robots\" content=\"index, follow, max-snippet:-1, max-image-preview:large, max-video-preview:-1\" \/>\n<link rel=\"canonical\" href=\"https:\/\/www.meydan.tv\/az\/article\/istintaq-sobesinin-reisi-meni-doyerek-torpaqlari-kecmis-serikime-vermeyimi-teleb-etdi\/\" \/>\n<meta property=\"og:locale\" content=\"az_AZ\" \/>\n<meta property=\"og:type\" content=\"article\" \/>\n<meta property=\"og:title\" content=\"\u201c\u0130stintaq \u015f\u00f6b\u0259sinin r\u0259isi m\u0259ni d\u00f6y\u0259r\u0259k, torpaqlar\u0131 ke\u00e7mi\u015f \u015f\u0259rikim\u0259 verm\u0259yimi t\u0259l\u0259b etdi\u201d - MEYDAN.TV\" \/>\n<meta property=\"og:description\" content=\"Qusarl\u0131 fermer: \u201cH\u0259mdulla \u00f6z h\u0259yat yolda\u015f\u0131n\u0131n qohumlar\u0131na pul ver\u0259r\u0259k istintaqda \u00fcz\u00fcm\u0259 durmalar\u0131na nail oldu\u201d\" \/>\n<meta property=\"og:url\" content=\"https:\/\/www.meydan.tv\/az\/article\/istintaq-sobesinin-reisi-meni-doyerek-torpaqlari-kecmis-serikime-vermeyimi-teleb-etdi\/\" \/>\n<meta property=\"og:site_name\" content=\"MEYDAN.TV\" \/>\n<meta property=\"article:published_time\" content=\"2021-08-17T14:52:57+00:00\" \/>\n<meta property=\"og:image\" content=\"https:\/\/www.meydan.tv\/wp-content\/uploads\/screenshot_2021-08-17_at_14.50.53-1189x821.png\" \/>\n\t<meta property=\"og:image:width\" content=\"1189\" \/>\n\t<meta property=\"og:image:height\" content=\"821\" \/>\n\t<meta property=\"og:image:type\" content=\"image\/png\" \/>\n<meta name=\"author\" content=\"user-manager\" \/>\n<meta name=\"twitter:card\" content=\"summary_large_image\" \/>\n<script type=\"application\/ld+json\" class=\"yoast-schema-graph\">{\"@context\":\"https:\\\/\\\/schema.org\",\"@graph\":[{\"@type\":\"Article\",\"@id\":\"https:\\\/\\\/www.meydan.tv\\\/az\\\/article\\\/istintaq-sobesinin-reisi-meni-doyerek-torpaqlari-kecmis-serikime-vermeyimi-teleb-etdi\\\/#article\",\"isPartOf\":{\"@id\":\"https:\\\/\\\/www.meydan.tv\\\/az\\\/article\\\/istintaq-sobesinin-reisi-meni-doyerek-torpaqlari-kecmis-serikime-vermeyimi-teleb-etdi\\\/\"},\"author\":{\"name\":\"user-manager\",\"@id\":\"https:\\\/\\\/www.meydan.tv\\\/az\\\/#\\\/schema\\\/person\\\/10d11eccf6da3662cf5fdab9806ea91a\"},\"headline\":\"\u201c\u0130stintaq \u015f\u00f6b\u0259sinin r\u0259isi m\u0259ni d\u00f6y\u0259r\u0259k, torpaqlar\u0131 ke\u00e7mi\u015f \u015f\u0259rikim\u0259 verm\u0259yimi t\u0259l\u0259b etdi\u201d\",\"datePublished\":\"2021-08-17T14:52:57+00:00\",\"mainEntityOfPage\":{\"@id\":\"https:\\\/\\\/www.meydan.tv\\\/az\\\/article\\\/istintaq-sobesinin-reisi-meni-doyerek-torpaqlari-kecmis-serikime-vermeyimi-teleb-etdi\\\/\"},\"wordCount\":1257,\"publisher\":{\"@id\":\"https:\\\/\\\/www.meydan.tv\\\/az\\\/#organization\"},\"image\":{\"@id\":\"https:\\\/\\\/www.meydan.tv\\\/az\\\/article\\\/istintaq-sobesinin-reisi-meni-doyerek-torpaqlari-kecmis-serikime-vermeyimi-teleb-etdi\\\/#primaryimage\"},\"thumbnailUrl\":\"https:\\\/\\\/www.meydan.tv\\\/wp-content\\\/uploads\\\/screenshot_2021-08-17_at_14.50.53.png\",\"articleSection\":[\"B\u00f6lg\u0259\"],\"inLanguage\":\"az\"},{\"@type\":\"WebPage\",\"@id\":\"https:\\\/\\\/www.meydan.tv\\\/az\\\/article\\\/istintaq-sobesinin-reisi-meni-doyerek-torpaqlari-kecmis-serikime-vermeyimi-teleb-etdi\\\/\",\"url\":\"https:\\\/\\\/www.meydan.tv\\\/az\\\/article\\\/istintaq-sobesinin-reisi-meni-doyerek-torpaqlari-kecmis-serikime-vermeyimi-teleb-etdi\\\/\",\"name\":\"\u201c\u0130stintaq \u015f\u00f6b\u0259sinin r\u0259isi m\u0259ni d\u00f6y\u0259r\u0259k, torpaqlar\u0131 ke\u00e7mi\u015f \u015f\u0259rikim\u0259 verm\u0259yimi t\u0259l\u0259b etdi\u201d - MEYDAN.TV\",\"isPartOf\":{\"@id\":\"https:\\\/\\\/www.meydan.tv\\\/az\\\/#website\"},\"primaryImageOfPage\":{\"@id\":\"https:\\\/\\\/www.meydan.tv\\\/az\\\/article\\\/istintaq-sobesinin-reisi-meni-doyerek-torpaqlari-kecmis-serikime-vermeyimi-teleb-etdi\\\/#primaryimage\"},\"image\":{\"@id\":\"https:\\\/\\\/www.meydan.tv\\\/az\\\/article\\\/istintaq-sobesinin-reisi-meni-doyerek-torpaqlari-kecmis-serikime-vermeyimi-teleb-etdi\\\/#primaryimage\"},\"thumbnailUrl\":\"https:\\\/\\\/www.meydan.tv\\\/wp-content\\\/uploads\\\/screenshot_2021-08-17_at_14.50.53.png\",\"datePublished\":\"2021-08-17T14:52:57+00:00\",\"breadcrumb\":{\"@id\":\"https:\\\/\\\/www.meydan.tv\\\/az\\\/article\\\/istintaq-sobesinin-reisi-meni-doyerek-torpaqlari-kecmis-serikime-vermeyimi-teleb-etdi\\\/#breadcrumb\"},\"inLanguage\":\"az\",\"potentialAction\":[{\"@type\":\"ReadAction\",\"target\":[\"https:\\\/\\\/www.meydan.tv\\\/az\\\/article\\\/istintaq-sobesinin-reisi-meni-doyerek-torpaqlari-kecmis-serikime-vermeyimi-teleb-etdi\\\/\"]}]},{\"@type\":\"ImageObject\",\"inLanguage\":\"az\",\"@id\":\"https:\\\/\\\/www.meydan.tv\\\/az\\\/article\\\/istintaq-sobesinin-reisi-meni-doyerek-torpaqlari-kecmis-serikime-vermeyimi-teleb-etdi\\\/#primaryimage\",\"url\":\"https:\\\/\\\/www.meydan.tv\\\/wp-content\\\/uploads\\\/screenshot_2021-08-17_at_14.50.53.png\",\"contentUrl\":\"https:\\\/\\\/www.meydan.tv\\\/wp-content\\\/uploads\\\/screenshot_2021-08-17_at_14.50.53.png\",\"width\":1726,\"height\":1192,\"caption\":\"Source: Meydan Tv\"},{\"@type\":\"BreadcrumbList\",\"@id\":\"https:\\\/\\\/www.meydan.tv\\\/az\\\/article\\\/istintaq-sobesinin-reisi-meni-doyerek-torpaqlari-kecmis-serikime-vermeyimi-teleb-etdi\\\/#breadcrumb\",\"itemListElement\":[{\"@type\":\"ListItem\",\"position\":1,\"name\":\"Ana s\u0259hif\u0259\",\"item\":\"https:\\\/\\\/www.meydan.tv\\\/az\\\/\"},{\"@type\":\"ListItem\",\"position\":2,\"name\":\"B\u00f6lg\u0259\",\"item\":\"https:\\\/\\\/www.meydan.tv\\\/az\\\/section\\\/bolge\\\/\"},{\"@type\":\"ListItem\",\"position\":3,\"name\":\"\u201c\u0130stintaq \u015f\u00f6b\u0259sinin r\u0259isi m\u0259ni d\u00f6y\u0259r\u0259k, torpaqlar\u0131 ke\u00e7mi\u015f \u015f\u0259rikim\u0259 verm\u0259yimi t\u0259l\u0259b etdi\u201d\"}]},{\"@type\":\"WebSite\",\"@id\":\"https:\\\/\\\/www.meydan.tv\\\/az\\\/#website\",\"url\":\"https:\\\/\\\/www.meydan.tv\\\/az\\\/\",\"name\":\"MEYDAN.TV\",\"description\":\"Meydan TV Az\u0259rbaycan\u0131n media m\u0259kan\u0131ndak\u0131 alternativ s\u0259sidir\",\"publisher\":{\"@id\":\"https:\\\/\\\/www.meydan.tv\\\/az\\\/#organization\"},\"potentialAction\":[{\"@type\":\"SearchAction\",\"target\":{\"@type\":\"EntryPoint\",\"urlTemplate\":\"https:\\\/\\\/www.meydan.tv\\\/az\\\/?s={search_term_string}\"},\"query-input\":{\"@type\":\"PropertyValueSpecification\",\"valueRequired\":true,\"valueName\":\"search_term_string\"}}],\"inLanguage\":\"az\"},{\"@type\":\"Organization\",\"@id\":\"https:\\\/\\\/www.meydan.tv\\\/az\\\/#organization\",\"name\":\"Meydan TV\",\"url\":\"https:\\\/\\\/www.meydan.tv\\\/az\\\/\",\"logo\":{\"@type\":\"ImageObject\",\"inLanguage\":\"az\",\"@id\":\"https:\\\/\\\/www.meydan.tv\\\/az\\\/#\\\/schema\\\/logo\\\/image\\\/\",\"url\":\"https:\\\/\\\/www.meydan.tv\\\/wp-content\\\/uploads\\\/2021\\\/07\\\/meydan-logo.svg\",\"contentUrl\":\"https:\\\/\\\/www.meydan.tv\\\/wp-content\\\/uploads\\\/2021\\\/07\\\/meydan-logo.svg\",\"width\":195,\"height\":46,\"caption\":\"Meydan TV\"},\"image\":{\"@id\":\"https:\\\/\\\/www.meydan.tv\\\/az\\\/#\\\/schema\\\/logo\\\/image\\\/\"}},{\"@type\":\"Person\",\"@id\":\"https:\\\/\\\/www.meydan.tv\\\/az\\\/#\\\/schema\\\/person\\\/10d11eccf6da3662cf5fdab9806ea91a\",\"name\":\"user-manager\"}]}<\/script>\n<!-- \/ Yoast SEO plugin. -->","yoast_head_json":{"title":"\u201c\u0130stintaq \u015f\u00f6b\u0259sinin r\u0259isi m\u0259ni d\u00f6y\u0259r\u0259k, torpaqlar\u0131 ke\u00e7mi\u015f \u015f\u0259rikim\u0259 verm\u0259yimi t\u0259l\u0259b etdi\u201d - MEYDAN.TV","robots":{"index":"index","follow":"follow","max-snippet":"max-snippet:-1","max-image-preview":"max-image-preview:large","max-video-preview":"max-video-preview:-1"},"canonical":"https:\/\/www.meydan.tv\/az\/article\/istintaq-sobesinin-reisi-meni-doyerek-torpaqlari-kecmis-serikime-vermeyimi-teleb-etdi\/","og_locale":"az_AZ","og_type":"article","og_title":"\u201c\u0130stintaq \u015f\u00f6b\u0259sinin r\u0259isi m\u0259ni d\u00f6y\u0259r\u0259k, torpaqlar\u0131 ke\u00e7mi\u015f \u015f\u0259rikim\u0259 verm\u0259yimi t\u0259l\u0259b etdi\u201d - MEYDAN.TV","og_description":"Qusarl\u0131 fermer: \u201cH\u0259mdulla \u00f6z h\u0259yat yolda\u015f\u0131n\u0131n qohumlar\u0131na pul ver\u0259r\u0259k istintaqda \u00fcz\u00fcm\u0259 durmalar\u0131na nail oldu\u201d","og_url":"https:\/\/www.meydan.tv\/az\/article\/istintaq-sobesinin-reisi-meni-doyerek-torpaqlari-kecmis-serikime-vermeyimi-teleb-etdi\/","og_site_name":"MEYDAN.TV","article_published_time":"2021-08-17T14:52:57+00:00","og_image":[{"width":1189,"height":821,"url":"https:\/\/www.meydan.tv\/wp-content\/uploads\/screenshot_2021-08-17_at_14.50.53-1189x821.png","type":"image\/png"}],"author":"user-manager","twitter_card":"summary_large_image","schema":{"@context":"https:\/\/schema.org","@graph":[{"@type":"Article","@id":"https:\/\/www.meydan.tv\/az\/article\/istintaq-sobesinin-reisi-meni-doyerek-torpaqlari-kecmis-serikime-vermeyimi-teleb-etdi\/#article","isPartOf":{"@id":"https:\/\/www.meydan.tv\/az\/article\/istintaq-sobesinin-reisi-meni-doyerek-torpaqlari-kecmis-serikime-vermeyimi-teleb-etdi\/"},"author":{"name":"user-manager","@id":"https:\/\/www.meydan.tv\/az\/#\/schema\/person\/10d11eccf6da3662cf5fdab9806ea91a"},"headline":"\u201c\u0130stintaq \u015f\u00f6b\u0259sinin r\u0259isi m\u0259ni d\u00f6y\u0259r\u0259k, torpaqlar\u0131 ke\u00e7mi\u015f \u015f\u0259rikim\u0259 verm\u0259yimi t\u0259l\u0259b etdi\u201d","datePublished":"2021-08-17T14:52:57+00:00","mainEntityOfPage":{"@id":"https:\/\/www.meydan.tv\/az\/article\/istintaq-sobesinin-reisi-meni-doyerek-torpaqlari-kecmis-serikime-vermeyimi-teleb-etdi\/"},"wordCount":1257,"publisher":{"@id":"https:\/\/www.meydan.tv\/az\/#organization"},"image":{"@id":"https:\/\/www.meydan.tv\/az\/article\/istintaq-sobesinin-reisi-meni-doyerek-torpaqlari-kecmis-serikime-vermeyimi-teleb-etdi\/#primaryimage"},"thumbnailUrl":"https:\/\/www.meydan.tv\/wp-content\/uploads\/screenshot_2021-08-17_at_14.50.53.png","articleSection":["B\u00f6lg\u0259"],"inLanguage":"az"},{"@type":"WebPage","@id":"https:\/\/www.meydan.tv\/az\/article\/istintaq-sobesinin-reisi-meni-doyerek-torpaqlari-kecmis-serikime-vermeyimi-teleb-etdi\/","url":"https:\/\/www.meydan.tv\/az\/article\/istintaq-sobesinin-reisi-meni-doyerek-torpaqlari-kecmis-serikime-vermeyimi-teleb-etdi\/","name":"\u201c\u0130stintaq \u015f\u00f6b\u0259sinin r\u0259isi m\u0259ni d\u00f6y\u0259r\u0259k, torpaqlar\u0131 ke\u00e7mi\u015f \u015f\u0259rikim\u0259 verm\u0259yimi t\u0259l\u0259b etdi\u201d - MEYDAN.TV","isPartOf":{"@id":"https:\/\/www.meydan.tv\/az\/#website"},"primaryImageOfPage":{"@id":"https:\/\/www.meydan.tv\/az\/article\/istintaq-sobesinin-reisi-meni-doyerek-torpaqlari-kecmis-serikime-vermeyimi-teleb-etdi\/#primaryimage"},"image":{"@id":"https:\/\/www.meydan.tv\/az\/article\/istintaq-sobesinin-reisi-meni-doyerek-torpaqlari-kecmis-serikime-vermeyimi-teleb-etdi\/#primaryimage"},"thumbnailUrl":"https:\/\/www.meydan.tv\/wp-content\/uploads\/screenshot_2021-08-17_at_14.50.53.png","datePublished":"2021-08-17T14:52:57+00:00","breadcrumb":{"@id":"https:\/\/www.meydan.tv\/az\/article\/istintaq-sobesinin-reisi-meni-doyerek-torpaqlari-kecmis-serikime-vermeyimi-teleb-etdi\/#breadcrumb"},"inLanguage":"az","potentialAction":[{"@type":"ReadAction","target":["https:\/\/www.meydan.tv\/az\/article\/istintaq-sobesinin-reisi-meni-doyerek-torpaqlari-kecmis-serikime-vermeyimi-teleb-etdi\/"]}]},{"@type":"ImageObject","inLanguage":"az","@id":"https:\/\/www.meydan.tv\/az\/article\/istintaq-sobesinin-reisi-meni-doyerek-torpaqlari-kecmis-serikime-vermeyimi-teleb-etdi\/#primaryimage","url":"https:\/\/www.meydan.tv\/wp-content\/uploads\/screenshot_2021-08-17_at_14.50.53.png","contentUrl":"https:\/\/www.meydan.tv\/wp-content\/uploads\/screenshot_2021-08-17_at_14.50.53.png","width":1726,"height":1192,"caption":"Source: Meydan Tv"},{"@type":"BreadcrumbList","@id":"https:\/\/www.meydan.tv\/az\/article\/istintaq-sobesinin-reisi-meni-doyerek-torpaqlari-kecmis-serikime-vermeyimi-teleb-etdi\/#breadcrumb","itemListElement":[{"@type":"ListItem","position":1,"name":"Ana s\u0259hif\u0259","item":"https:\/\/www.meydan.tv\/az\/"},{"@type":"ListItem","position":2,"name":"B\u00f6lg\u0259","item":"https:\/\/www.meydan.tv\/az\/section\/bolge\/"},{"@type":"ListItem","position":3,"name":"\u201c\u0130stintaq \u015f\u00f6b\u0259sinin r\u0259isi m\u0259ni d\u00f6y\u0259r\u0259k, torpaqlar\u0131 ke\u00e7mi\u015f \u015f\u0259rikim\u0259 verm\u0259yimi t\u0259l\u0259b etdi\u201d"}]},{"@type":"WebSite","@id":"https:\/\/www.meydan.tv\/az\/#website","url":"https:\/\/www.meydan.tv\/az\/","name":"MEYDAN.TV","description":"Meydan TV Az\u0259rbaycan\u0131n media m\u0259kan\u0131ndak\u0131 alternativ s\u0259sidir","publisher":{"@id":"https:\/\/www.meydan.tv\/az\/#organization"},"potentialAction":[{"@type":"SearchAction","target":{"@type":"EntryPoint","urlTemplate":"https:\/\/www.meydan.tv\/az\/?s={search_term_string}"},"query-input":{"@type":"PropertyValueSpecification","valueRequired":true,"valueName":"search_term_string"}}],"inLanguage":"az"},{"@type":"Organization","@id":"https:\/\/www.meydan.tv\/az\/#organization","name":"Meydan TV","url":"https:\/\/www.meydan.tv\/az\/","logo":{"@type":"ImageObject","inLanguage":"az","@id":"https:\/\/www.meydan.tv\/az\/#\/schema\/logo\/image\/","url":"https:\/\/www.meydan.tv\/wp-content\/uploads\/2021\/07\/meydan-logo.svg","contentUrl":"https:\/\/www.meydan.tv\/wp-content\/uploads\/2021\/07\/meydan-logo.svg","width":195,"height":46,"caption":"Meydan TV"},"image":{"@id":"https:\/\/www.meydan.tv\/az\/#\/schema\/logo\/image\/"}},{"@type":"Person","@id":"https:\/\/www.meydan.tv\/az\/#\/schema\/person\/10d11eccf6da3662cf5fdab9806ea91a","name":"user-manager"}]}},"_links":{"self":[{"href":"https:\/\/www.meydan.tv\/az\/wp-json\/wp\/v2\/posts\/212473","targetHints":{"allow":["GET"]}}],"collection":[{"href":"https:\/\/www.meydan.tv\/az\/wp-json\/wp\/v2\/posts"}],"about":[{"href":"https:\/\/www.meydan.tv\/az\/wp-json\/wp\/v2\/types\/post"}],"author":[{"embeddable":true,"href":"https:\/\/www.meydan.tv\/az\/wp-json\/wp\/v2\/users\/11"}],"replies":[{"embeddable":true,"href":"https:\/\/www.meydan.tv\/az\/wp-json\/wp\/v2\/comments?post=212473"}],"version-history":[{"count":0,"href":"https:\/\/www.meydan.tv\/az\/wp-json\/wp\/v2\/posts\/212473\/revisions"}],"wp:featuredmedia":[{"embeddable":true,"href":"https:\/\/www.meydan.tv\/az\/wp-json\/wp\/v2\/media\/209333"}],"wp:attachment":[{"href":"https:\/\/www.meydan.tv\/az\/wp-json\/wp\/v2\/media?parent=212473"}],"wp:term":[{"taxonomy":"category","embeddable":true,"href":"https:\/\/www.meydan.tv\/az\/wp-json\/wp\/v2\/categories?post=212473"},{"taxonomy":"post_tag","embeddable":true,"href":"https:\/\/www.meydan.tv\/az\/wp-json\/wp\/v2\/tags?post=212473"}],"curies":[{"name":"wp","href":"https:\/\/api.w.org\/{rel}","templated":true}]}}