{"id":212470,"date":"2021-08-17T14:21:51","date_gmt":"2021-08-17T14:21:51","guid":{"rendered":"https:\/\/www.meydan.tv\/article\/nazir-muavini-olsam-da-hemin-islerin-menim-raziligimla-gorulmesi-mumkun-deyildi\/"},"modified":"2021-08-17T14:21:51","modified_gmt":"2021-08-17T14:21:51","slug":"nazir-muavini-olsam-da-hemin-islerin-menim-raziligimla-gorulmesi-mumkun-deyildi","status":"publish","type":"post","link":"https:\/\/www.meydan.tv\/az\/article\/nazir-muavini-olsam-da-hemin-islerin-menim-raziligimla-gorulmesi-mumkun-deyildi\/","title":{"rendered":"&#8220;Nazir m\u00fcavini olsam da, h\u0259min i\u015fl\u0259rin m\u0259nim raz\u0131l\u0131\u011f\u0131mla g\u00f6r\u00fclm\u0259si m\u00fcmk\u00fcn deyildi&#8221;"},"content":{"rendered":"<p>\n  <i><br \/>\n    H\u0259bsd\u0259ki sabiq nazir m\u00fcavinin\u0259 8 il h\u0259bs c\u0259zas\u0131 verildi<br \/>\n  <\/i>\n<\/p>\n<p>\n  M\u0259d\u0259niyy\u0259t nazirinin ke\u00e7mi\u015f m\u00fcavini, 2020-ci ilin may\u0131nda DTX \u0259m\u0259kda\u015flar\u0131n\u0131n ke\u00e7irdiyi \u0259m\u0259liyyat n\u0259tic\u0259sind\u0259 h\u0259bs olunan Rafiq Bayramovun m\u0259hk\u0259m\u0259si yekunla\u015f\u0131b. Avqustun 17-d\u0259 Bak\u0131 A\u011f\u0131r Cinay\u0259tl\u0259r M\u0259hk\u0259m\u0259sind\u0259 \u00e7\u0131xar\u0131lan h\u00f6kml\u0259 Rafiq Bayramov 8 il azadl\u0131qdan m\u0259hrum edilib.\n<\/p>\n<p>\n  H\u00f6kmd\u0259n \u0259vv\u0259l m\u0259hk\u0259m\u0259d\u0259 son s\u00f6z\u00fcn\u00fc dey\u0259n sabiq nazir m\u00fcavini bildirib ki, \u00f6z\u00fcn\u00fc t\u0259qsirli bilmir: \u201c\u0130stintaq zaman\u0131 m\u00fcst\u0259ntiql\u0259r\u0259 d\u0259 s\u0259mimi etiraflar\u0131m olub. M\u0259nims\u0259m\u0259 ittiham\u0131 il\u0259 \u00f6z\u00fcm\u00fc he\u00e7 vaxt t\u0259qsirli bilm\u0259mi\u015f\u0259m. Nazir m\u00fcavini olsam da, h\u0259min i\u015fl\u0259rin m\u0259nim raz\u0131l\u0131\u011f\u0131mla g\u00f6r\u00fclm\u0259si m\u00fcmk\u00fcn deyildi. 12 ay istintaq bu ittihamla getdi, amma s\u00fcbuta yetirilm\u0259di. Sonra r\u00fc\u015fv\u0259t madd\u0259si il\u0259 ittiham verildi. M\u0259n \u00f6m\u00fcr boyu r\u00fc\u015fv\u0259t almam\u0131\u015fam. Bu, he\u00e7 c\u00fcr m\u00fcmk\u00fcn deyil. Bir n\u0259f\u0259r d\u0259 burada dem\u0259di ki, m\u0259n onlardan v\u0259 ya ba\u015fqas\u0131ndan r\u00fc\u015fv\u0259t alm\u0131\u015fam\u201d.\n<\/p>\n<p>\n  Rafiq Bayramovun s\u00f6zl\u0259rin\u0259 g\u00f6r\u0259, dindiril\u0259n idar\u0259 r\u0259isl\u0259ri r\u0259hb\u0259rlik t\u0259r\u0259find\u0259n t\u0259yin edilibl\u0259r. Onun h\u0259min \u015f\u0259xsl\u0259rd\u0259n r\u00fc\u015fv\u0259t almas\u0131 m\u00fcmk\u00fcn deyildi.\n<\/p>\n<p>\n  \u201c\u018fg\u0259r onlardan r\u00fc\u015fv\u0259t t\u0259l\u0259b etmi\u015f\u0259ms\u0259 v\u0259 ittihamda yaz\u0131ld\u0131\u011f\u0131 kimi, bu h\u0259r\u0259k\u0259t m\u00fct\u0259madi ba\u015f veribs\u0259, niy\u0259 m\u0259nd\u0259n \u015fikay\u0259t\u00e7i olmay\u0131blar? D\u00fc\u015f\u00fcn\u0259 bil\u0259rsiniz ki, m\u0259n onlara t\u0259zyiq etmi\u015f\u0259m. Amma bu da m\u00fcmk\u00fcn deyil. M\u0259nim 4 idar\u0259 r\u0259isind\u0259n r\u00fc\u015fv\u0259t ald\u0131\u011f\u0131m iddia olunur. Halbuki, h\u0259min \u015f\u0259xsl\u0259rin i\u015fd\u0259n \u00e7\u0131xar\u0131lmas\u0131 il\u0259 ba\u011fl\u0131 r\u0259hb\u0259rliy\u0259 t\u0259qdimat yazm\u0131\u015fam. M\u0259n bunlardan r\u00fc\u015fv\u0259t al\u0131rd\u0131msa, onlardan niy\u0259 t\u0259qdimat yazm\u0131\u015fd\u0131m?\u201c, &#8211; sabiq nazir m\u00fcavini bildirib.\n<\/p>\n<p>\n  Rafiq Bayramovun s\u00f6zl\u0259rin\u0259 g\u00f6r\u0259, o, f\u0259aliyy\u0259ti d\u00f6vr\u00fcnd\u0259 450 m\u00fc\u0259ssis\u0259nin ba\u011flanmas\u0131na nail olub: \u201cBu, 1600 \u00f6l\u00fc \u015ftat dem\u0259kdir. H\u0259min \u015ftatlar \u00fczr\u0259 pullar x\u0259rcl\u0259nirdi. M\u0259n r\u00fc\u015fv\u0259t alan idims\u0259, niy\u0259 bu m\u00fc\u0259ssis\u0259l\u0259ri ba\u011flay\u0131rd\u0131m? M\u0259n\u0259 musiqi m\u0259kt\u0259bl\u0259rinin direktorlar\u0131ndan r\u00fc\u015fv\u0259t almaq ittiham\u0131 ir\u0259li s\u00fcr\u00fcl\u00fcb. Bu g\u00fcn\u0259 q\u0259d\u0259r qanunsuz h\u0259r\u0259k\u0259tl\u0259r\u0259 yol ver\u0259n ona yax\u0131n m\u0259kt\u0259b direktorunun i\u015fd\u0259n \u00e7\u0131xar\u0131lmas\u0131na, b\u0259zil\u0259rin\u0259 \u015fidd\u0259tli t\u00f6hm\u0259t verilm\u0259sin\u0259 nail olmu\u015fam\u201d.\n<\/p>\n<p>\n  Rafiq Bayramov son s\u00f6z\u00fcnd\u0259 etiraf edib ki, m\u00fc\u0259yy\u0259n s\u0259hvl\u0259r\u0259 yol verib, m\u0259suliyy\u0259tsizlik edib: \u201cBunlara g\u00f6r\u0259 d\u0259 c\u0259nab prezidentd\u0259n, sizd\u0259n \u00fczr ist\u0259yir\u0259m. M\u0259n \u00f6mr\u00fcm boyu \u018fliyev\u00e7i olmu\u015fam, d\u00f6vl\u0259tim\u0259 xidm\u0259t etmi\u015f\u0259m. S\u0259hvl\u0259rim olub v\u0259 bu da m\u0259nim t\u0259cr\u00fcb\u0259sizliyimd\u0259n, g\u0259ncliyimd\u0259n olub. Amma he\u00e7 bir zaman korrupsiyaya bula\u015fmam\u0131\u015fam. O insana c\u0259za verilir ki, \u0259m\u0259lind\u0259n islah olunsun. M\u0259n r\u00fc\u015fv\u0259t almam\u0131\u015fam, n\u0259d\u0259n islah olunacam? M\u0259n uzun ill\u0259r d\u00f6vl\u0259t\u0259, d\u00f6vl\u0259t\u00e7iliy\u0259 xidm\u0259t etmi\u015f\u0259m. Bundanm\u0131 islah olunacam?\u201d\n<\/p>\n<p>\n  Rafiq Bayramov deyir ki, h\u0259bs olunmas\u0131n\u0131n s\u0259b\u0259bini h\u0259l\u0259 d\u0259 bilmir: \u201cM\u0259n niy\u0259 burada oldu\u011fumu bilmir\u0259m. Aylard\u0131r bu suala cavab tapa bilmir\u0259m. D\u00fc\u015f\u00fcn\u00fcr\u0259m ki, kiml\u0259rs\u0259 m\u0259nim \u015f\u0259xsiml\u0259 ba\u011fl\u0131 m\u0259nfi r\u0259y formala\u015fd\u0131r\u0131b. Bunu da d\u0259qiq bilmir\u0259m. Hans\u0131 s\u0259b\u0259bd\u0259n burda oldu\u011fumu bilmir\u0259m. Nazirlikd\u0259 \u00e7al\u0131\u015fd\u0131\u011f\u0131m m\u00fcdd\u0259td\u0259 minl\u0259rl\u0259 insan m\u0259ni tan\u0131y\u0131b. Bu g\u00fcn\u0259 q\u0259d\u0259r bir n\u0259f\u0259r d\u0259 m\u0259nim r\u00fc\u015fv\u0259t ald\u0131\u011f\u0131m\u0131 dey\u0259 bilm\u0259z\u201d.\n<\/p>\n<p>\n  Rafiq Bayramov ail\u0259 v\u0259ziyy\u0259tinin n\u0259z\u0259r\u0259 al\u0131nmas\u0131n\u0131 xahi\u015f edib: \u201cAnam 5 il \u0259vv\u0259l h\u0259kim s\u0259hvi ucbat\u0131ndan q\u0131z\u0131n\u0131 itirib, indi is\u0259 o\u011flunu itirm\u0259sin. \u00dc\u00e7 azya\u015fl\u0131 \u00f6vlad\u0131m var, yolda\u015f\u0131m a\u011f\u0131r x\u0259st\u0259dir. Prokuror \u00e7\u0131x\u0131\u015f\u0131nda dedi ki, z\u0259r\u0259r \u00f6d\u0259nilib. S\u0259n\u0259dl\u0259r\u0259 fikir verils\u0259, z\u0259r\u0259rin nec\u0259 \u00f6d\u0259nildiyi m\u0259lum olar. Bu da onu g\u00f6st\u0259rir ki, m\u0259n r\u00fc\u015fv\u0259t almam\u0131\u015fam. Amma yen\u0259 d\u0259 V\u0259t\u0259n sa\u011f olsun&#8230;\u201d\n<\/p>\n<p>\n  \u018ffqan Hac\u0131yev, Telman H\u00fcseynov v\u0259 \u018fli M\u0259mm\u0259dovdan ibar\u0259t hakiml\u0259r kollegiyas\u0131 q\u0131sa m\u00fc\u015favir\u0259d\u0259n sonra h\u00f6km\u00fc elan edib.\n<\/p>\n<p>\n  H\u00f6km\u0259 \u0259sas\u0259n, Rafiq Bayramova 8 il h\u0259bs c\u0259zas\u0131 k\u0259silm\u0259kd\u0259n \u0259lav\u0259, onun \u00fcz\u0259rin\u0259 h\u0259bs qoyulan \u0259mlaklar\u0131 da m\u00fcsadir\u0259 olunub. H\u0259yat yolda\u015f\u0131 v\u0259 \u00f6z\u00fcn\u00fcn ad\u0131na bankda olan hesab\u0131n \u00fcz\u0259rind\u0259n is\u0259 h\u0259bsin g\u00f6t\u00fcr\u00fclm\u0259sin\u0259 q\u0259rar verilib.<\/p>\n","protected":false},"excerpt":{"rendered":"<p>H\u0259bsd\u0259ki sabiq nazir m\u00fcavinin\u0259 8 il h\u0259bs c\u0259zas\u0131 verildi<\/p>\n","protected":false},"author":11,"featured_media":209324,"comment_status":"closed","ping_status":"open","sticky":false,"template":"","format":"standard","meta":{"_acf_changed":false,"_sitemap_exclude":false,"_sitemap_priority":"","_sitemap_frequency":"","footnotes":""},"categories":[56],"tags":[],"class_list":["post-212470","post","type-post","status-publish","format-standard","has-post-thumbnail","hentry","category-xeberler","infinite-scroll-item","generate-columns","tablet-grid-50","mobile-grid-100","grid-parent","grid-33","no-featured-image-padding"],"acf":[],"yoast_head":"<!-- This site is optimized with the Yoast SEO plugin v27.4 - https:\/\/yoast.com\/product\/yoast-seo-wordpress\/ -->\n<title>&quot;Nazir m\u00fcavini olsam da, h\u0259min i\u015fl\u0259rin m\u0259nim raz\u0131l\u0131\u011f\u0131mla g\u00f6r\u00fclm\u0259si m\u00fcmk\u00fcn deyildi&quot; - MEYDAN.TV<\/title>\n<meta name=\"robots\" content=\"index, follow, max-snippet:-1, max-image-preview:large, max-video-preview:-1\" \/>\n<link rel=\"canonical\" href=\"https:\/\/www.meydan.tv\/az\/article\/nazir-muavini-olsam-da-hemin-islerin-menim-raziligimla-gorulmesi-mumkun-deyildi\/\" \/>\n<meta property=\"og:locale\" content=\"az_AZ\" \/>\n<meta property=\"og:type\" content=\"article\" \/>\n<meta property=\"og:title\" content=\"&quot;Nazir m\u00fcavini olsam da, h\u0259min i\u015fl\u0259rin m\u0259nim raz\u0131l\u0131\u011f\u0131mla g\u00f6r\u00fclm\u0259si m\u00fcmk\u00fcn deyildi&quot; - MEYDAN.TV\" \/>\n<meta property=\"og:description\" content=\"H\u0259bsd\u0259ki sabiq nazir m\u00fcavinin\u0259 8 il h\u0259bs c\u0259zas\u0131 verildi\" \/>\n<meta property=\"og:url\" content=\"https:\/\/www.meydan.tv\/az\/article\/nazir-muavini-olsam-da-hemin-islerin-menim-raziligimla-gorulmesi-mumkun-deyildi\/\" \/>\n<meta property=\"og:site_name\" content=\"MEYDAN.TV\" \/>\n<meta property=\"article:published_time\" content=\"2021-08-17T14:21:51+00:00\" \/>\n<meta property=\"og:image\" content=\"https:\/\/www.meydan.tv\/wp-content\/uploads\/rafik.png\" \/>\n\t<meta property=\"og:image:width\" content=\"867\" \/>\n\t<meta property=\"og:image:height\" content=\"541\" \/>\n\t<meta property=\"og:image:type\" content=\"image\/png\" \/>\n<meta name=\"author\" content=\"user-manager\" \/>\n<meta name=\"twitter:card\" content=\"summary_large_image\" \/>\n<script type=\"application\/ld+json\" class=\"yoast-schema-graph\">{\"@context\":\"https:\\\/\\\/schema.org\",\"@graph\":[{\"@type\":\"Article\",\"@id\":\"https:\\\/\\\/www.meydan.tv\\\/az\\\/article\\\/nazir-muavini-olsam-da-hemin-islerin-menim-raziligimla-gorulmesi-mumkun-deyildi\\\/#article\",\"isPartOf\":{\"@id\":\"https:\\\/\\\/www.meydan.tv\\\/az\\\/article\\\/nazir-muavini-olsam-da-hemin-islerin-menim-raziligimla-gorulmesi-mumkun-deyildi\\\/\"},\"author\":{\"name\":\"user-manager\",\"@id\":\"https:\\\/\\\/www.meydan.tv\\\/az\\\/#\\\/schema\\\/person\\\/10d11eccf6da3662cf5fdab9806ea91a\"},\"headline\":\"&#8220;Nazir m\u00fcavini olsam da, h\u0259min i\u015fl\u0259rin m\u0259nim raz\u0131l\u0131\u011f\u0131mla g\u00f6r\u00fclm\u0259si m\u00fcmk\u00fcn deyildi&#8221;\",\"datePublished\":\"2021-08-17T14:21:51+00:00\",\"mainEntityOfPage\":{\"@id\":\"https:\\\/\\\/www.meydan.tv\\\/az\\\/article\\\/nazir-muavini-olsam-da-hemin-islerin-menim-raziligimla-gorulmesi-mumkun-deyildi\\\/\"},\"wordCount\":888,\"publisher\":{\"@id\":\"https:\\\/\\\/www.meydan.tv\\\/az\\\/#organization\"},\"image\":{\"@id\":\"https:\\\/\\\/www.meydan.tv\\\/az\\\/article\\\/nazir-muavini-olsam-da-hemin-islerin-menim-raziligimla-gorulmesi-mumkun-deyildi\\\/#primaryimage\"},\"thumbnailUrl\":\"https:\\\/\\\/www.meydan.tv\\\/wp-content\\\/uploads\\\/rafik.png\",\"articleSection\":[\"X\u0259b\u0259rl\u0259r\"],\"inLanguage\":\"az\"},{\"@type\":\"WebPage\",\"@id\":\"https:\\\/\\\/www.meydan.tv\\\/az\\\/article\\\/nazir-muavini-olsam-da-hemin-islerin-menim-raziligimla-gorulmesi-mumkun-deyildi\\\/\",\"url\":\"https:\\\/\\\/www.meydan.tv\\\/az\\\/article\\\/nazir-muavini-olsam-da-hemin-islerin-menim-raziligimla-gorulmesi-mumkun-deyildi\\\/\",\"name\":\"\\\"Nazir m\u00fcavini olsam da, h\u0259min i\u015fl\u0259rin m\u0259nim raz\u0131l\u0131\u011f\u0131mla g\u00f6r\u00fclm\u0259si m\u00fcmk\u00fcn deyildi\\\" - MEYDAN.TV\",\"isPartOf\":{\"@id\":\"https:\\\/\\\/www.meydan.tv\\\/az\\\/#website\"},\"primaryImageOfPage\":{\"@id\":\"https:\\\/\\\/www.meydan.tv\\\/az\\\/article\\\/nazir-muavini-olsam-da-hemin-islerin-menim-raziligimla-gorulmesi-mumkun-deyildi\\\/#primaryimage\"},\"image\":{\"@id\":\"https:\\\/\\\/www.meydan.tv\\\/az\\\/article\\\/nazir-muavini-olsam-da-hemin-islerin-menim-raziligimla-gorulmesi-mumkun-deyildi\\\/#primaryimage\"},\"thumbnailUrl\":\"https:\\\/\\\/www.meydan.tv\\\/wp-content\\\/uploads\\\/rafik.png\",\"datePublished\":\"2021-08-17T14:21:51+00:00\",\"breadcrumb\":{\"@id\":\"https:\\\/\\\/www.meydan.tv\\\/az\\\/article\\\/nazir-muavini-olsam-da-hemin-islerin-menim-raziligimla-gorulmesi-mumkun-deyildi\\\/#breadcrumb\"},\"inLanguage\":\"az\",\"potentialAction\":[{\"@type\":\"ReadAction\",\"target\":[\"https:\\\/\\\/www.meydan.tv\\\/az\\\/article\\\/nazir-muavini-olsam-da-hemin-islerin-menim-raziligimla-gorulmesi-mumkun-deyildi\\\/\"]}]},{\"@type\":\"ImageObject\",\"inLanguage\":\"az\",\"@id\":\"https:\\\/\\\/www.meydan.tv\\\/az\\\/article\\\/nazir-muavini-olsam-da-hemin-islerin-menim-raziligimla-gorulmesi-mumkun-deyildi\\\/#primaryimage\",\"url\":\"https:\\\/\\\/www.meydan.tv\\\/wp-content\\\/uploads\\\/rafik.png\",\"contentUrl\":\"https:\\\/\\\/www.meydan.tv\\\/wp-content\\\/uploads\\\/rafik.png\",\"width\":867,\"height\":541,\"caption\":\"Source: \u0421\u0430\u0439\u0442 \u0421\u0413\u0411 \u0410\u0437\u0435\u0440\u0431\u0430\u0439\u0434\u0436\u0430\u043d\u0430\"},{\"@type\":\"BreadcrumbList\",\"@id\":\"https:\\\/\\\/www.meydan.tv\\\/az\\\/article\\\/nazir-muavini-olsam-da-hemin-islerin-menim-raziligimla-gorulmesi-mumkun-deyildi\\\/#breadcrumb\",\"itemListElement\":[{\"@type\":\"ListItem\",\"position\":1,\"name\":\"Ana s\u0259hif\u0259\",\"item\":\"https:\\\/\\\/www.meydan.tv\\\/az\\\/\"},{\"@type\":\"ListItem\",\"position\":2,\"name\":\"X\u0259b\u0259rl\u0259r\",\"item\":\"https:\\\/\\\/www.meydan.tv\\\/az\\\/section\\\/xeberler\\\/\"},{\"@type\":\"ListItem\",\"position\":3,\"name\":\"&#8220;Nazir m\u00fcavini olsam da, h\u0259min i\u015fl\u0259rin m\u0259nim raz\u0131l\u0131\u011f\u0131mla g\u00f6r\u00fclm\u0259si m\u00fcmk\u00fcn deyildi&#8221;\"}]},{\"@type\":\"WebSite\",\"@id\":\"https:\\\/\\\/www.meydan.tv\\\/az\\\/#website\",\"url\":\"https:\\\/\\\/www.meydan.tv\\\/az\\\/\",\"name\":\"MEYDAN.TV\",\"description\":\"Meydan TV Az\u0259rbaycan\u0131n media m\u0259kan\u0131ndak\u0131 alternativ s\u0259sidir\",\"publisher\":{\"@id\":\"https:\\\/\\\/www.meydan.tv\\\/az\\\/#organization\"},\"potentialAction\":[{\"@type\":\"SearchAction\",\"target\":{\"@type\":\"EntryPoint\",\"urlTemplate\":\"https:\\\/\\\/www.meydan.tv\\\/az\\\/?s={search_term_string}\"},\"query-input\":{\"@type\":\"PropertyValueSpecification\",\"valueRequired\":true,\"valueName\":\"search_term_string\"}}],\"inLanguage\":\"az\"},{\"@type\":\"Organization\",\"@id\":\"https:\\\/\\\/www.meydan.tv\\\/az\\\/#organization\",\"name\":\"Meydan TV\",\"url\":\"https:\\\/\\\/www.meydan.tv\\\/az\\\/\",\"logo\":{\"@type\":\"ImageObject\",\"inLanguage\":\"az\",\"@id\":\"https:\\\/\\\/www.meydan.tv\\\/az\\\/#\\\/schema\\\/logo\\\/image\\\/\",\"url\":\"https:\\\/\\\/www.meydan.tv\\\/wp-content\\\/uploads\\\/2021\\\/07\\\/meydan-logo.svg\",\"contentUrl\":\"https:\\\/\\\/www.meydan.tv\\\/wp-content\\\/uploads\\\/2021\\\/07\\\/meydan-logo.svg\",\"width\":195,\"height\":46,\"caption\":\"Meydan TV\"},\"image\":{\"@id\":\"https:\\\/\\\/www.meydan.tv\\\/az\\\/#\\\/schema\\\/logo\\\/image\\\/\"}},{\"@type\":\"Person\",\"@id\":\"https:\\\/\\\/www.meydan.tv\\\/az\\\/#\\\/schema\\\/person\\\/10d11eccf6da3662cf5fdab9806ea91a\",\"name\":\"user-manager\"}]}<\/script>\n<!-- \/ Yoast SEO plugin. -->","yoast_head_json":{"title":"\"Nazir m\u00fcavini olsam da, h\u0259min i\u015fl\u0259rin m\u0259nim raz\u0131l\u0131\u011f\u0131mla g\u00f6r\u00fclm\u0259si m\u00fcmk\u00fcn deyildi\" - MEYDAN.TV","robots":{"index":"index","follow":"follow","max-snippet":"max-snippet:-1","max-image-preview":"max-image-preview:large","max-video-preview":"max-video-preview:-1"},"canonical":"https:\/\/www.meydan.tv\/az\/article\/nazir-muavini-olsam-da-hemin-islerin-menim-raziligimla-gorulmesi-mumkun-deyildi\/","og_locale":"az_AZ","og_type":"article","og_title":"\"Nazir m\u00fcavini olsam da, h\u0259min i\u015fl\u0259rin m\u0259nim raz\u0131l\u0131\u011f\u0131mla g\u00f6r\u00fclm\u0259si m\u00fcmk\u00fcn deyildi\" - MEYDAN.TV","og_description":"H\u0259bsd\u0259ki sabiq nazir m\u00fcavinin\u0259 8 il h\u0259bs c\u0259zas\u0131 verildi","og_url":"https:\/\/www.meydan.tv\/az\/article\/nazir-muavini-olsam-da-hemin-islerin-menim-raziligimla-gorulmesi-mumkun-deyildi\/","og_site_name":"MEYDAN.TV","article_published_time":"2021-08-17T14:21:51+00:00","og_image":[{"width":867,"height":541,"url":"https:\/\/www.meydan.tv\/wp-content\/uploads\/rafik.png","type":"image\/png"}],"author":"user-manager","twitter_card":"summary_large_image","schema":{"@context":"https:\/\/schema.org","@graph":[{"@type":"Article","@id":"https:\/\/www.meydan.tv\/az\/article\/nazir-muavini-olsam-da-hemin-islerin-menim-raziligimla-gorulmesi-mumkun-deyildi\/#article","isPartOf":{"@id":"https:\/\/www.meydan.tv\/az\/article\/nazir-muavini-olsam-da-hemin-islerin-menim-raziligimla-gorulmesi-mumkun-deyildi\/"},"author":{"name":"user-manager","@id":"https:\/\/www.meydan.tv\/az\/#\/schema\/person\/10d11eccf6da3662cf5fdab9806ea91a"},"headline":"&#8220;Nazir m\u00fcavini olsam da, h\u0259min i\u015fl\u0259rin m\u0259nim raz\u0131l\u0131\u011f\u0131mla g\u00f6r\u00fclm\u0259si m\u00fcmk\u00fcn deyildi&#8221;","datePublished":"2021-08-17T14:21:51+00:00","mainEntityOfPage":{"@id":"https:\/\/www.meydan.tv\/az\/article\/nazir-muavini-olsam-da-hemin-islerin-menim-raziligimla-gorulmesi-mumkun-deyildi\/"},"wordCount":888,"publisher":{"@id":"https:\/\/www.meydan.tv\/az\/#organization"},"image":{"@id":"https:\/\/www.meydan.tv\/az\/article\/nazir-muavini-olsam-da-hemin-islerin-menim-raziligimla-gorulmesi-mumkun-deyildi\/#primaryimage"},"thumbnailUrl":"https:\/\/www.meydan.tv\/wp-content\/uploads\/rafik.png","articleSection":["X\u0259b\u0259rl\u0259r"],"inLanguage":"az"},{"@type":"WebPage","@id":"https:\/\/www.meydan.tv\/az\/article\/nazir-muavini-olsam-da-hemin-islerin-menim-raziligimla-gorulmesi-mumkun-deyildi\/","url":"https:\/\/www.meydan.tv\/az\/article\/nazir-muavini-olsam-da-hemin-islerin-menim-raziligimla-gorulmesi-mumkun-deyildi\/","name":"\"Nazir m\u00fcavini olsam da, h\u0259min i\u015fl\u0259rin m\u0259nim raz\u0131l\u0131\u011f\u0131mla g\u00f6r\u00fclm\u0259si m\u00fcmk\u00fcn deyildi\" - MEYDAN.TV","isPartOf":{"@id":"https:\/\/www.meydan.tv\/az\/#website"},"primaryImageOfPage":{"@id":"https:\/\/www.meydan.tv\/az\/article\/nazir-muavini-olsam-da-hemin-islerin-menim-raziligimla-gorulmesi-mumkun-deyildi\/#primaryimage"},"image":{"@id":"https:\/\/www.meydan.tv\/az\/article\/nazir-muavini-olsam-da-hemin-islerin-menim-raziligimla-gorulmesi-mumkun-deyildi\/#primaryimage"},"thumbnailUrl":"https:\/\/www.meydan.tv\/wp-content\/uploads\/rafik.png","datePublished":"2021-08-17T14:21:51+00:00","breadcrumb":{"@id":"https:\/\/www.meydan.tv\/az\/article\/nazir-muavini-olsam-da-hemin-islerin-menim-raziligimla-gorulmesi-mumkun-deyildi\/#breadcrumb"},"inLanguage":"az","potentialAction":[{"@type":"ReadAction","target":["https:\/\/www.meydan.tv\/az\/article\/nazir-muavini-olsam-da-hemin-islerin-menim-raziligimla-gorulmesi-mumkun-deyildi\/"]}]},{"@type":"ImageObject","inLanguage":"az","@id":"https:\/\/www.meydan.tv\/az\/article\/nazir-muavini-olsam-da-hemin-islerin-menim-raziligimla-gorulmesi-mumkun-deyildi\/#primaryimage","url":"https:\/\/www.meydan.tv\/wp-content\/uploads\/rafik.png","contentUrl":"https:\/\/www.meydan.tv\/wp-content\/uploads\/rafik.png","width":867,"height":541,"caption":"Source: \u0421\u0430\u0439\u0442 \u0421\u0413\u0411 \u0410\u0437\u0435\u0440\u0431\u0430\u0439\u0434\u0436\u0430\u043d\u0430"},{"@type":"BreadcrumbList","@id":"https:\/\/www.meydan.tv\/az\/article\/nazir-muavini-olsam-da-hemin-islerin-menim-raziligimla-gorulmesi-mumkun-deyildi\/#breadcrumb","itemListElement":[{"@type":"ListItem","position":1,"name":"Ana s\u0259hif\u0259","item":"https:\/\/www.meydan.tv\/az\/"},{"@type":"ListItem","position":2,"name":"X\u0259b\u0259rl\u0259r","item":"https:\/\/www.meydan.tv\/az\/section\/xeberler\/"},{"@type":"ListItem","position":3,"name":"&#8220;Nazir m\u00fcavini olsam da, h\u0259min i\u015fl\u0259rin m\u0259nim raz\u0131l\u0131\u011f\u0131mla g\u00f6r\u00fclm\u0259si m\u00fcmk\u00fcn deyildi&#8221;"}]},{"@type":"WebSite","@id":"https:\/\/www.meydan.tv\/az\/#website","url":"https:\/\/www.meydan.tv\/az\/","name":"MEYDAN.TV","description":"Meydan TV Az\u0259rbaycan\u0131n media m\u0259kan\u0131ndak\u0131 alternativ s\u0259sidir","publisher":{"@id":"https:\/\/www.meydan.tv\/az\/#organization"},"potentialAction":[{"@type":"SearchAction","target":{"@type":"EntryPoint","urlTemplate":"https:\/\/www.meydan.tv\/az\/?s={search_term_string}"},"query-input":{"@type":"PropertyValueSpecification","valueRequired":true,"valueName":"search_term_string"}}],"inLanguage":"az"},{"@type":"Organization","@id":"https:\/\/www.meydan.tv\/az\/#organization","name":"Meydan TV","url":"https:\/\/www.meydan.tv\/az\/","logo":{"@type":"ImageObject","inLanguage":"az","@id":"https:\/\/www.meydan.tv\/az\/#\/schema\/logo\/image\/","url":"https:\/\/www.meydan.tv\/wp-content\/uploads\/2021\/07\/meydan-logo.svg","contentUrl":"https:\/\/www.meydan.tv\/wp-content\/uploads\/2021\/07\/meydan-logo.svg","width":195,"height":46,"caption":"Meydan TV"},"image":{"@id":"https:\/\/www.meydan.tv\/az\/#\/schema\/logo\/image\/"}},{"@type":"Person","@id":"https:\/\/www.meydan.tv\/az\/#\/schema\/person\/10d11eccf6da3662cf5fdab9806ea91a","name":"user-manager"}]}},"_links":{"self":[{"href":"https:\/\/www.meydan.tv\/az\/wp-json\/wp\/v2\/posts\/212470","targetHints":{"allow":["GET"]}}],"collection":[{"href":"https:\/\/www.meydan.tv\/az\/wp-json\/wp\/v2\/posts"}],"about":[{"href":"https:\/\/www.meydan.tv\/az\/wp-json\/wp\/v2\/types\/post"}],"author":[{"embeddable":true,"href":"https:\/\/www.meydan.tv\/az\/wp-json\/wp\/v2\/users\/11"}],"replies":[{"embeddable":true,"href":"https:\/\/www.meydan.tv\/az\/wp-json\/wp\/v2\/comments?post=212470"}],"version-history":[{"count":0,"href":"https:\/\/www.meydan.tv\/az\/wp-json\/wp\/v2\/posts\/212470\/revisions"}],"wp:featuredmedia":[{"embeddable":true,"href":"https:\/\/www.meydan.tv\/az\/wp-json\/wp\/v2\/media\/209324"}],"wp:attachment":[{"href":"https:\/\/www.meydan.tv\/az\/wp-json\/wp\/v2\/media?parent=212470"}],"wp:term":[{"taxonomy":"category","embeddable":true,"href":"https:\/\/www.meydan.tv\/az\/wp-json\/wp\/v2\/categories?post=212470"},{"taxonomy":"post_tag","embeddable":true,"href":"https:\/\/www.meydan.tv\/az\/wp-json\/wp\/v2\/tags?post=212470"}],"curies":[{"name":"wp","href":"https:\/\/api.w.org\/{rel}","templated":true}]}}