{"id":212422,"date":"2021-08-14T12:49:38","date_gmt":"2021-08-14T12:49:38","guid":{"rendered":"https:\/\/www.meydan.tv\/article\/deputatlar-ona-nece-ve-niye-meydan-oxuyurlar\/"},"modified":"2021-08-14T12:49:38","modified_gmt":"2021-08-14T12:49:38","slug":"deputatlar-ona-nece-ve-niye-meydan-oxuyurlar","status":"publish","type":"post","link":"https:\/\/www.meydan.tv\/az\/article\/deputatlar-ona-nece-ve-niye-meydan-oxuyurlar\/","title":{"rendered":"\u018fliyevin parlament dalan\u0131"},"content":{"rendered":"<p>\n  <i><br \/>\n    Deputatlar ona nec\u0259 v\u0259 niy\u0259 meydan oxuyurlar?<br \/>\n  <\/i>\n<\/p>\n<p>\n  Oxucuya \u201cParlament n\u0259dir?\u201d d\u0259rsi ke\u00e7m\u0259yin he\u00e7 yeri yoxdur, \u00e7\u00fcnki s\u00f6hb\u0259tin n\u0259d\u0259n getdiyini bilirl\u0259r. Kims\u0259 &quot;bilm\u0259y\u0259nl\u0259r d\u0259 var&quot; dey\u0259 bil\u0259r. Varsa, dem\u0259k onlar he\u00e7 vaxt bilm\u0259k ist\u0259m\u0259yibl\u0259r.\n<\/p>\n<p>\n  \u00d6yr\u0259nm\u0259k vaxt\u0131 indiy\u0259 d\u00fc\u015f\u0259nl\u0259r is\u0259 a\u00e7\u0131q anlamal\u0131d\u0131rlar ki, bura akademiya filan deyil, kitab oxumaq laz\u0131md\u0131r. S\u00f6z\u00fcm\u00fcn can\u0131 budur ki, indi kim\u0259s\u0259 n\u0259yis\u0259 izah edib anlatma\u011fa \u00e7al\u0131\u015fmaq \u00e7\u0259tindir. H\u0259tta Parlamentd\u0259 olan adam da \u00f6z\u00fcn\u00fcn h\u00fcquq v\u0259 v\u0259zif\u0259l\u0259rin\u0259 dair polemikada el\u0259 i\u015ftirak el\u0259di ki, onu qoyub dig\u0259rl\u0259rini ba\u015fa salmaq d\u00fcz \u00e7\u0131xmaz. Amma t\u0259\u0259ss\u00fcf ki, onu da ba\u015fa salmaq m\u00fcmk\u00fcn deyil. Bel\u0259 halda, el\u0259 birba\u015fa ke\u00e7\u0259k m\u0259tl\u0259b\u0259&#8230;\n<\/p>\n<p>\n  <b><br \/>\n    Referendum olsun, olmas\u0131n?<br \/>\n  <\/b>\n<\/p>\n<p>\n  Az\u0259rbaycanda son bir ne\u00e7\u0259 ayda tez-tez bel\u0259 bir fikir t\u0259krarlan\u0131r ki, \u00f6lk\u0259d\u0259 referendum olacaq, proporsional se\u00e7ki sistemi yenid\u0259n b\u0259rpa olunacaq v\u0259 s. Onu deyim ki, bu ideya ilk d\u0259f\u0259 \u00f6t\u0259n n\u00f6vb\u0259d\u0259nk\u0259nar parlament se\u00e7kil\u0259rind\u0259n sonra \u00f6z\u00fcn\u00fc m\u00fcxalif\u0259t elan ed\u0259n bir namiz\u0259din dilind\u0259n s\u0259sl\u0259nmi\u015fdi. Sonradan \u00f6lk\u0259d\u0259 yeni siyasi konfiqurasiya s\u00f6hb\u0259tl\u0259ri v\u0259 siyasi dialoq m\u00fczakir\u0259l\u0259ri ba\u015flad\u0131. Bir s\u00f6zl\u0259, m\u00fcharib\u0259 d\u0259 \u00f6z g\u0259li\u015fi il\u0259 m\u0259s\u0259l\u0259ni g\u00fcnd\u0259md\u0259n \u00e7\u0131xartd\u0131. Diqq\u0259ti \u00e7\u0259k\u0259n is\u0259 ba\u015fqa \u015fey oldu. Parlamentin 10-a yax\u0131n deputat\u0131 g\u00f6z\u00fcn\u00fc yumub a\u011fz\u0131n\u0131 a\u00e7d\u0131 ki, b\u0259s bu ideya xarici d\u00fc\u015fm\u0259nl\u0259rin d\u0259yirman\u0131na su t\u00f6k\u00fcr, parlament \u00f6z i\u015fini layiqinc\u0259 g\u00f6r\u00fcr, indiki parlament v\u0259t\u0259nin ke\u015fiyind\u0259dir v\u0259.s.\n<\/p>\n<p>\n  M\u0259s\u0259l\u0259 buras\u0131ndad\u0131r ki, haz\u0131rda yeni qanunvericilik t\u0259\u015f\u0259bb\u00fcs\u00fcn\u00fcn faktiki imkanlar\u0131 dem\u0259k olar ki, ancaq d\u00f6vl\u0259t ba\u015f\u00e7\u0131s\u0131 \u0130lham \u018fliyev\u0259 m\u0259xsusdur. Onun irad\u0259si olmadan kims\u0259nin bel\u0259 bir referendum ke\u00e7irilm\u0259si, orada da qanunvericiliy\u0259 d\u0259yi\u015fiklik edilm\u0259si \u00fc\u00e7\u00fcn siyasi t\u0259\u015f\u0259bb\u00fcs g\u00f6st\u0259r\u0259c\u0259yi h\u0259l\u0259 ki t\u0259s\u0259vv\u00fcrolunan deyil. Bunu bir a\u011f\u0131zdan indiki parlamenti g\u00f6y\u0259 qald\u0131r\u0131b, yeni t\u0259\u015f\u0259bb\u00fcs\u00fc \u201cd\u00fc\u015fm\u0259n hiyl\u0259si\u201d adland\u0131ran deputatlar da yax\u015f\u0131 bilirl\u0259r. Dem\u0259li, s\u00f6hb\u0259t ba\u015fqad\u0131r. \u00c7\u00fcnki \u0130lham \u018fliyev v\u0259 onun islahat\u00e7\u0131 komandas\u0131n\u0131n \u00f6t\u0259n se\u00e7kil\u0259rd\u0259 guya islahat edib qaba\u011fa d\u00fc\u015fm\u0259k c\u0259hdl\u0259ri \u0259ks effekt verdi.\n<\/p>\n<p>\n  M\u0259n bu v\u0259ziyy\u0259ti bel\u0259 \u015f\u0259rh etmi\u015fdim: &quot;Revan\u015f el\u0259 g\u00fccl\u00fc oldu ki, \u201cislahat\u00e7\u0131lar\u201d h\u0259tta \u00f6z spikerl\u0259rini yenid\u0259n se\u00e7dir\u0259 bilm\u0259dil\u0259r. Primakov irsinin vur\u011funu parlament\u0259 s\u0259dr oldu&quot;.\n<\/p>\n<p>\n  Bel\u0259 \u015f\u0259raitd\u0259 bir d\u0259st\u0259 deputat\u0131n \u00e7\u0131x\u0131b a\u00e7\u0131q \u015f\u0259kild\u0259 yeni referendum v\u0259 se\u00e7ki sistemi ideyas\u0131na qar\u015f\u0131 \u00e7\u0131xmas\u0131 ciddi m\u0259s\u0259l\u0259dir. G\u00f6r\u00fcn\u00fcr ki, onlar t\u0259kc\u0259 10 n\u0259f\u0259r deyill\u0259r. Ona g\u00f6r\u0259 d\u0259 bel\u0259c\u0259, rahat meydan oxuya bilirl\u0259r. \u0130ndi \u201cyeni se\u00e7ki v\u0259 ya se\u00e7ki sistemi olsun, olmas\u0131n?\u201d m\u0259s\u0259l\u0259sind\u0259 hakimiyy\u0259tdaxili bir m\u00fcbariz\u0259 var. Dem\u0259k, Kreml\u0259 birba\u015fa ba\u011fl\u0131 olanlar deyirl\u0259r ki, sizi \u00e7\u0259tin\u0259 sala bil\u0259rik, bel\u0259 anla\u015faq, y\u0259ni status-kvonu qoruyaq.\n<\/p>\n<p>\n  <b><br \/>\n    \u201cRadikal\u201d m\u00fcxalif\u0259t n\u0259 deyir?<br \/>\n  <\/b>\n<\/p>\n<p>\n  \u00d6t\u0259n g\u00fcnl\u0259rd\u0259 bu m\u0259s\u0259l\u0259nin m\u00fczakir\u0259sin\u0259 h\u0259sr edilmi\u015f bir internet platformas\u0131nda sabiq ba\u015f nazir P\u0259nah H\u00fcseyin \u201cmaraql\u0131\u201d bir c\u00fcml\u0259 i\u015fl\u0259tdi. O, a\u00e7\u0131q \u015f\u0259kild\u0259 m\u00fcxalif\u0259ti, radikal m\u00fcxalif\u0259t adland\u0131rmaqla \u00e7\u0259r\u00e7iv\u0259ni m\u00fc\u0259yy\u0259n etdi, proporsional se\u00e7ki sistemin \u0259leyhin\u0259 olmaqda ittiham etdi. Bu fikirl\u0259rini n\u0259y\u0259 istinad\u0259n dediyini bilmir\u0259m, h\u0259r halda burada bir \u015f\u0259rl\u0259m\u0259 oldu\u011fu da ortadad\u0131r. \u00c7\u00fcnki onun n\u0259z\u0259rd\u0259 tutdu\u011fu v\u0259 bir zamanlar da t\u0259msil olundu\u011fu q\u00fcvv\u0259l\u0259r h\u0259l\u0259 proporsional sistem l\u0259\u011fv edil\u0259nd\u0259 buna qar\u015f\u0131 idi. \u0130ndi is\u0259, \u0259lb\u0259tt\u0259, proporsional sistemin b\u0259rpas\u0131ndan yanad\u0131r. Bu nec\u0259 ola bil\u0259r ki, iki n\u0259f\u0259r\u0259 bir qovluqdan ibar\u0259t olan partiyalar proporsional sistemi ist\u0259sinl\u0259r, amma g\u00fccl\u00fc partiyalar ist\u0259m\u0259sin?! Y\u0259qin, P\u0259nah b\u0259yin burada hans\u0131sa \u00f6z\u0259l m\u0259ntiqi izah\u0131 var. T\u0259bii ki, \u00f6lk\u0259ni xarici siyasi v\u0259 h\u0259rbi t\u0259sirl\u0259rd\u0259n qorumaq \u00fc\u00e7\u00fcn h\u0259qiqi demokratik se\u00e7kil\u0259rl\u0259 se\u00e7ilmi\u015f parlament\u0259 ehtiyac var. Bunun ba\u015fqa yolu da yoxdur. \u0130lham \u018fliyev h\u0259l\u0259 a\u011fz\u0131n\u0131 a\u00e7mam\u0131\u015f parlamentd\u0259ki YAP-\u00e7\u0131 m\u00fcxalif\u0259t deyir ki, dan\u0131\u015fma s\u00f6z\u00fcn yer\u0259 d\u00fc\u015f\u0259c\u0259k. Bu parlamentl\u0259 o, n\u0259 \u0130rana n\u0259s\u0259 dey\u0259 bil\u0259r, n\u0259 d\u0259 Rusiyaya!<\/p>\n","protected":false},"excerpt":{"rendered":"<p>Referendum olsun, olmas\u0131n?<\/p>\n","protected":false},"author":11,"featured_media":129937,"comment_status":"closed","ping_status":"open","sticky":false,"template":"","format":"standard","meta":{"_acf_changed":false,"_sitemap_exclude":false,"_sitemap_priority":"","_sitemap_frequency":"","footnotes":""},"categories":[57],"tags":[],"class_list":["post-212422","post","type-post","status-publish","format-standard","has-post-thumbnail","hentry","category-menim-fikrimce","infinite-scroll-item","generate-columns","tablet-grid-50","mobile-grid-100","grid-parent","grid-33","no-featured-image-padding"],"acf":[],"yoast_head":"<!-- This site is optimized with the Yoast SEO plugin v27.4 - https:\/\/yoast.com\/product\/yoast-seo-wordpress\/ -->\n<title>\u018fliyevin parlament dalan\u0131 - MEYDAN.TV<\/title>\n<meta name=\"robots\" content=\"index, follow, max-snippet:-1, max-image-preview:large, max-video-preview:-1\" \/>\n<link rel=\"canonical\" href=\"https:\/\/www.meydan.tv\/az\/article\/deputatlar-ona-nece-ve-niye-meydan-oxuyurlar\/\" \/>\n<meta property=\"og:locale\" content=\"az_AZ\" \/>\n<meta property=\"og:type\" content=\"article\" \/>\n<meta property=\"og:title\" content=\"\u018fliyevin parlament dalan\u0131 - MEYDAN.TV\" \/>\n<meta property=\"og:description\" content=\"Referendum olsun, olmas\u0131n?\" \/>\n<meta property=\"og:url\" content=\"https:\/\/www.meydan.tv\/az\/article\/deputatlar-ona-nece-ve-niye-meydan-oxuyurlar\/\" \/>\n<meta property=\"og:site_name\" content=\"MEYDAN.TV\" \/>\n<meta property=\"article:published_time\" content=\"2021-08-14T12:49:38+00:00\" \/>\n<meta property=\"og:image\" content=\"https:\/\/www.meydan.tv\/wp-content\/uploads\/untitled_artwork_5iccn6j-scaled.jpg\" \/>\n\t<meta property=\"og:image:width\" content=\"2560\" \/>\n\t<meta property=\"og:image:height\" content=\"1440\" \/>\n\t<meta property=\"og:image:type\" content=\"image\/jpeg\" \/>\n<meta name=\"author\" content=\"user-manager\" \/>\n<meta name=\"twitter:card\" content=\"summary_large_image\" \/>\n<script type=\"application\/ld+json\" class=\"yoast-schema-graph\">{\"@context\":\"https:\\\/\\\/schema.org\",\"@graph\":[{\"@type\":\"Article\",\"@id\":\"https:\\\/\\\/www.meydan.tv\\\/az\\\/article\\\/deputatlar-ona-nece-ve-niye-meydan-oxuyurlar\\\/#article\",\"isPartOf\":{\"@id\":\"https:\\\/\\\/www.meydan.tv\\\/az\\\/article\\\/deputatlar-ona-nece-ve-niye-meydan-oxuyurlar\\\/\"},\"author\":{\"name\":\"user-manager\",\"@id\":\"https:\\\/\\\/www.meydan.tv\\\/az\\\/#\\\/schema\\\/person\\\/10d11eccf6da3662cf5fdab9806ea91a\"},\"headline\":\"\u018fliyevin parlament dalan\u0131\",\"datePublished\":\"2021-08-14T12:49:38+00:00\",\"mainEntityOfPage\":{\"@id\":\"https:\\\/\\\/www.meydan.tv\\\/az\\\/article\\\/deputatlar-ona-nece-ve-niye-meydan-oxuyurlar\\\/\"},\"wordCount\":841,\"publisher\":{\"@id\":\"https:\\\/\\\/www.meydan.tv\\\/az\\\/#organization\"},\"image\":{\"@id\":\"https:\\\/\\\/www.meydan.tv\\\/az\\\/article\\\/deputatlar-ona-nece-ve-niye-meydan-oxuyurlar\\\/#primaryimage\"},\"thumbnailUrl\":\"https:\\\/\\\/www.meydan.tv\\\/wp-content\\\/uploads\\\/untitled_artwork_5iccn6j-scaled.jpg\",\"articleSection\":[\"M\u0259nim Fikrimc\u0259\"],\"inLanguage\":\"az\"},{\"@type\":\"WebPage\",\"@id\":\"https:\\\/\\\/www.meydan.tv\\\/az\\\/article\\\/deputatlar-ona-nece-ve-niye-meydan-oxuyurlar\\\/\",\"url\":\"https:\\\/\\\/www.meydan.tv\\\/az\\\/article\\\/deputatlar-ona-nece-ve-niye-meydan-oxuyurlar\\\/\",\"name\":\"\u018fliyevin parlament dalan\u0131 - MEYDAN.TV\",\"isPartOf\":{\"@id\":\"https:\\\/\\\/www.meydan.tv\\\/az\\\/#website\"},\"primaryImageOfPage\":{\"@id\":\"https:\\\/\\\/www.meydan.tv\\\/az\\\/article\\\/deputatlar-ona-nece-ve-niye-meydan-oxuyurlar\\\/#primaryimage\"},\"image\":{\"@id\":\"https:\\\/\\\/www.meydan.tv\\\/az\\\/article\\\/deputatlar-ona-nece-ve-niye-meydan-oxuyurlar\\\/#primaryimage\"},\"thumbnailUrl\":\"https:\\\/\\\/www.meydan.tv\\\/wp-content\\\/uploads\\\/untitled_artwork_5iccn6j-scaled.jpg\",\"datePublished\":\"2021-08-14T12:49:38+00:00\",\"breadcrumb\":{\"@id\":\"https:\\\/\\\/www.meydan.tv\\\/az\\\/article\\\/deputatlar-ona-nece-ve-niye-meydan-oxuyurlar\\\/#breadcrumb\"},\"inLanguage\":\"az\",\"potentialAction\":[{\"@type\":\"ReadAction\",\"target\":[\"https:\\\/\\\/www.meydan.tv\\\/az\\\/article\\\/deputatlar-ona-nece-ve-niye-meydan-oxuyurlar\\\/\"]}]},{\"@type\":\"ImageObject\",\"inLanguage\":\"az\",\"@id\":\"https:\\\/\\\/www.meydan.tv\\\/az\\\/article\\\/deputatlar-ona-nece-ve-niye-meydan-oxuyurlar\\\/#primaryimage\",\"url\":\"https:\\\/\\\/www.meydan.tv\\\/wp-content\\\/uploads\\\/untitled_artwork_5iccn6j-scaled.jpg\",\"contentUrl\":\"https:\\\/\\\/www.meydan.tv\\\/wp-content\\\/uploads\\\/untitled_artwork_5iccn6j-scaled.jpg\",\"width\":2560,\"height\":1440,\"caption\":\"Seymur H\u0259zi, Foto:: Meydan TV\"},{\"@type\":\"BreadcrumbList\",\"@id\":\"https:\\\/\\\/www.meydan.tv\\\/az\\\/article\\\/deputatlar-ona-nece-ve-niye-meydan-oxuyurlar\\\/#breadcrumb\",\"itemListElement\":[{\"@type\":\"ListItem\",\"position\":1,\"name\":\"Ana s\u0259hif\u0259\",\"item\":\"https:\\\/\\\/www.meydan.tv\\\/az\\\/\"},{\"@type\":\"ListItem\",\"position\":2,\"name\":\"M\u0259nim Fikrimc\u0259\",\"item\":\"https:\\\/\\\/www.meydan.tv\\\/az\\\/section\\\/menim-fikrimce\\\/\"},{\"@type\":\"ListItem\",\"position\":3,\"name\":\"\u018fliyevin parlament dalan\u0131\"}]},{\"@type\":\"WebSite\",\"@id\":\"https:\\\/\\\/www.meydan.tv\\\/az\\\/#website\",\"url\":\"https:\\\/\\\/www.meydan.tv\\\/az\\\/\",\"name\":\"MEYDAN.TV\",\"description\":\"Meydan TV Az\u0259rbaycan\u0131n media m\u0259kan\u0131ndak\u0131 alternativ s\u0259sidir\",\"publisher\":{\"@id\":\"https:\\\/\\\/www.meydan.tv\\\/az\\\/#organization\"},\"potentialAction\":[{\"@type\":\"SearchAction\",\"target\":{\"@type\":\"EntryPoint\",\"urlTemplate\":\"https:\\\/\\\/www.meydan.tv\\\/az\\\/?s={search_term_string}\"},\"query-input\":{\"@type\":\"PropertyValueSpecification\",\"valueRequired\":true,\"valueName\":\"search_term_string\"}}],\"inLanguage\":\"az\"},{\"@type\":\"Organization\",\"@id\":\"https:\\\/\\\/www.meydan.tv\\\/az\\\/#organization\",\"name\":\"Meydan TV\",\"url\":\"https:\\\/\\\/www.meydan.tv\\\/az\\\/\",\"logo\":{\"@type\":\"ImageObject\",\"inLanguage\":\"az\",\"@id\":\"https:\\\/\\\/www.meydan.tv\\\/az\\\/#\\\/schema\\\/logo\\\/image\\\/\",\"url\":\"https:\\\/\\\/www.meydan.tv\\\/wp-content\\\/uploads\\\/2021\\\/07\\\/meydan-logo.svg\",\"contentUrl\":\"https:\\\/\\\/www.meydan.tv\\\/wp-content\\\/uploads\\\/2021\\\/07\\\/meydan-logo.svg\",\"width\":195,\"height\":46,\"caption\":\"Meydan TV\"},\"image\":{\"@id\":\"https:\\\/\\\/www.meydan.tv\\\/az\\\/#\\\/schema\\\/logo\\\/image\\\/\"}},{\"@type\":\"Person\",\"@id\":\"https:\\\/\\\/www.meydan.tv\\\/az\\\/#\\\/schema\\\/person\\\/10d11eccf6da3662cf5fdab9806ea91a\",\"name\":\"user-manager\"}]}<\/script>\n<!-- \/ Yoast SEO plugin. -->","yoast_head_json":{"title":"\u018fliyevin parlament dalan\u0131 - MEYDAN.TV","robots":{"index":"index","follow":"follow","max-snippet":"max-snippet:-1","max-image-preview":"max-image-preview:large","max-video-preview":"max-video-preview:-1"},"canonical":"https:\/\/www.meydan.tv\/az\/article\/deputatlar-ona-nece-ve-niye-meydan-oxuyurlar\/","og_locale":"az_AZ","og_type":"article","og_title":"\u018fliyevin parlament dalan\u0131 - MEYDAN.TV","og_description":"Referendum olsun, olmas\u0131n?","og_url":"https:\/\/www.meydan.tv\/az\/article\/deputatlar-ona-nece-ve-niye-meydan-oxuyurlar\/","og_site_name":"MEYDAN.TV","article_published_time":"2021-08-14T12:49:38+00:00","og_image":[{"width":2560,"height":1440,"url":"https:\/\/www.meydan.tv\/wp-content\/uploads\/untitled_artwork_5iccn6j-scaled.jpg","type":"image\/jpeg"}],"author":"user-manager","twitter_card":"summary_large_image","schema":{"@context":"https:\/\/schema.org","@graph":[{"@type":"Article","@id":"https:\/\/www.meydan.tv\/az\/article\/deputatlar-ona-nece-ve-niye-meydan-oxuyurlar\/#article","isPartOf":{"@id":"https:\/\/www.meydan.tv\/az\/article\/deputatlar-ona-nece-ve-niye-meydan-oxuyurlar\/"},"author":{"name":"user-manager","@id":"https:\/\/www.meydan.tv\/az\/#\/schema\/person\/10d11eccf6da3662cf5fdab9806ea91a"},"headline":"\u018fliyevin parlament dalan\u0131","datePublished":"2021-08-14T12:49:38+00:00","mainEntityOfPage":{"@id":"https:\/\/www.meydan.tv\/az\/article\/deputatlar-ona-nece-ve-niye-meydan-oxuyurlar\/"},"wordCount":841,"publisher":{"@id":"https:\/\/www.meydan.tv\/az\/#organization"},"image":{"@id":"https:\/\/www.meydan.tv\/az\/article\/deputatlar-ona-nece-ve-niye-meydan-oxuyurlar\/#primaryimage"},"thumbnailUrl":"https:\/\/www.meydan.tv\/wp-content\/uploads\/untitled_artwork_5iccn6j-scaled.jpg","articleSection":["M\u0259nim Fikrimc\u0259"],"inLanguage":"az"},{"@type":"WebPage","@id":"https:\/\/www.meydan.tv\/az\/article\/deputatlar-ona-nece-ve-niye-meydan-oxuyurlar\/","url":"https:\/\/www.meydan.tv\/az\/article\/deputatlar-ona-nece-ve-niye-meydan-oxuyurlar\/","name":"\u018fliyevin parlament dalan\u0131 - MEYDAN.TV","isPartOf":{"@id":"https:\/\/www.meydan.tv\/az\/#website"},"primaryImageOfPage":{"@id":"https:\/\/www.meydan.tv\/az\/article\/deputatlar-ona-nece-ve-niye-meydan-oxuyurlar\/#primaryimage"},"image":{"@id":"https:\/\/www.meydan.tv\/az\/article\/deputatlar-ona-nece-ve-niye-meydan-oxuyurlar\/#primaryimage"},"thumbnailUrl":"https:\/\/www.meydan.tv\/wp-content\/uploads\/untitled_artwork_5iccn6j-scaled.jpg","datePublished":"2021-08-14T12:49:38+00:00","breadcrumb":{"@id":"https:\/\/www.meydan.tv\/az\/article\/deputatlar-ona-nece-ve-niye-meydan-oxuyurlar\/#breadcrumb"},"inLanguage":"az","potentialAction":[{"@type":"ReadAction","target":["https:\/\/www.meydan.tv\/az\/article\/deputatlar-ona-nece-ve-niye-meydan-oxuyurlar\/"]}]},{"@type":"ImageObject","inLanguage":"az","@id":"https:\/\/www.meydan.tv\/az\/article\/deputatlar-ona-nece-ve-niye-meydan-oxuyurlar\/#primaryimage","url":"https:\/\/www.meydan.tv\/wp-content\/uploads\/untitled_artwork_5iccn6j-scaled.jpg","contentUrl":"https:\/\/www.meydan.tv\/wp-content\/uploads\/untitled_artwork_5iccn6j-scaled.jpg","width":2560,"height":1440,"caption":"Seymur H\u0259zi, Foto:: Meydan TV"},{"@type":"BreadcrumbList","@id":"https:\/\/www.meydan.tv\/az\/article\/deputatlar-ona-nece-ve-niye-meydan-oxuyurlar\/#breadcrumb","itemListElement":[{"@type":"ListItem","position":1,"name":"Ana s\u0259hif\u0259","item":"https:\/\/www.meydan.tv\/az\/"},{"@type":"ListItem","position":2,"name":"M\u0259nim Fikrimc\u0259","item":"https:\/\/www.meydan.tv\/az\/section\/menim-fikrimce\/"},{"@type":"ListItem","position":3,"name":"\u018fliyevin parlament dalan\u0131"}]},{"@type":"WebSite","@id":"https:\/\/www.meydan.tv\/az\/#website","url":"https:\/\/www.meydan.tv\/az\/","name":"MEYDAN.TV","description":"Meydan TV Az\u0259rbaycan\u0131n media m\u0259kan\u0131ndak\u0131 alternativ s\u0259sidir","publisher":{"@id":"https:\/\/www.meydan.tv\/az\/#organization"},"potentialAction":[{"@type":"SearchAction","target":{"@type":"EntryPoint","urlTemplate":"https:\/\/www.meydan.tv\/az\/?s={search_term_string}"},"query-input":{"@type":"PropertyValueSpecification","valueRequired":true,"valueName":"search_term_string"}}],"inLanguage":"az"},{"@type":"Organization","@id":"https:\/\/www.meydan.tv\/az\/#organization","name":"Meydan TV","url":"https:\/\/www.meydan.tv\/az\/","logo":{"@type":"ImageObject","inLanguage":"az","@id":"https:\/\/www.meydan.tv\/az\/#\/schema\/logo\/image\/","url":"https:\/\/www.meydan.tv\/wp-content\/uploads\/2021\/07\/meydan-logo.svg","contentUrl":"https:\/\/www.meydan.tv\/wp-content\/uploads\/2021\/07\/meydan-logo.svg","width":195,"height":46,"caption":"Meydan TV"},"image":{"@id":"https:\/\/www.meydan.tv\/az\/#\/schema\/logo\/image\/"}},{"@type":"Person","@id":"https:\/\/www.meydan.tv\/az\/#\/schema\/person\/10d11eccf6da3662cf5fdab9806ea91a","name":"user-manager"}]}},"_links":{"self":[{"href":"https:\/\/www.meydan.tv\/az\/wp-json\/wp\/v2\/posts\/212422","targetHints":{"allow":["GET"]}}],"collection":[{"href":"https:\/\/www.meydan.tv\/az\/wp-json\/wp\/v2\/posts"}],"about":[{"href":"https:\/\/www.meydan.tv\/az\/wp-json\/wp\/v2\/types\/post"}],"author":[{"embeddable":true,"href":"https:\/\/www.meydan.tv\/az\/wp-json\/wp\/v2\/users\/11"}],"replies":[{"embeddable":true,"href":"https:\/\/www.meydan.tv\/az\/wp-json\/wp\/v2\/comments?post=212422"}],"version-history":[{"count":0,"href":"https:\/\/www.meydan.tv\/az\/wp-json\/wp\/v2\/posts\/212422\/revisions"}],"wp:featuredmedia":[{"embeddable":true,"href":"https:\/\/www.meydan.tv\/az\/wp-json\/wp\/v2\/media\/129937"}],"wp:attachment":[{"href":"https:\/\/www.meydan.tv\/az\/wp-json\/wp\/v2\/media?parent=212422"}],"wp:term":[{"taxonomy":"category","embeddable":true,"href":"https:\/\/www.meydan.tv\/az\/wp-json\/wp\/v2\/categories?post=212422"},{"taxonomy":"post_tag","embeddable":true,"href":"https:\/\/www.meydan.tv\/az\/wp-json\/wp\/v2\/tags?post=212422"}],"curies":[{"name":"wp","href":"https:\/\/api.w.org\/{rel}","templated":true}]}}