{"id":212405,"date":"2021-08-12T19:00:08","date_gmt":"2021-08-12T19:00:08","guid":{"rendered":"https:\/\/www.meydan.tv\/article\/2013-cu-ilde-halal-pulumla-aldigim-emlaki-hakimler-elimden-aldi\/"},"modified":"2021-08-12T19:00:08","modified_gmt":"2021-08-12T19:00:08","slug":"2013-cu-ilde-halal-pulumla-aldigim-emlaki-hakimler-elimden-aldi","status":"publish","type":"post","link":"https:\/\/www.meydan.tv\/az\/article\/2013-cu-ilde-halal-pulumla-aldigim-emlaki-hakimler-elimden-aldi\/","title":{"rendered":"\u201c2013-c\u00fc ild\u0259 halal pulumla ald\u0131\u011f\u0131m \u0259mlak\u0131 hakiml\u0259r \u0259limd\u0259n ald\u0131\u201d"},"content":{"rendered":"<p>\n  <i><br \/>\n    M\u00fcbahis\u0259y\u0259 Ali M\u0259hk\u0259m\u0259d\u0259 bax\u0131lacaq<br \/>\n  <\/i>\n<\/p>\n<p>\n  Bak\u0131 sakini R\u0259him Axundovun h\u0259l\u0259 2013-c\u00fc ild\u0259 notarial qaydada, alq\u0131-satq\u0131-yoluyla pulunu verib ald\u0131\u011f\u0131 da\u015f\u0131nmaz \u0259mlak\u0131 yerli m\u0259hk\u0259m\u0259l\u0259r 7 il sonra \u2013 2020-ci ild\u0259 onun \u00f6z\u00fcn\u00fcn \u0259lind\u0259n al\u0131blar. S\u0259b\u0259b kimi is\u0259 g\u00f6st\u0259rilib ki, \u0259mlak\u0131n \u0259vv\u0259lki sahibi onu cinay\u0259t yoluyla \u0259ld\u0259 edibmi\u015f&#8230;\n<\/p>\n<p>\n  R\u0259him Axundov deyir ki, h\u0259tta \u0259mlak\u0131n \u0259vv\u0259lki sahibi onu cinay\u0259t yoluyla \u0259ld\u0259 edibs\u0259 bel\u0259, bu m\u0259s\u0259l\u0259nin ona he\u00e7 bir aidiyy\u0259ti yoxdur, o, vicdanl\u0131 al\u0131c\u0131d\u0131r.\n<\/p>\n<p>\n  Bu m\u00fcbahis\u0259y\u0259 avqustun 13-d\u0259 Ali M\u0259hk\u0259m\u0259d\u0259 bax\u0131lacaq. R\u0259him Axundov eyni zamanda, d\u00f6vl\u0259t ba\u015f\u00e7\u0131s\u0131na v\u0259 Ali M\u0259hk\u0259m\u0259nin s\u0259drin\u0259 d\u0259 m\u00fcraci\u0259t edib. A\u015fa\u011f\u0131 instansiya m\u0259hk\u0259m\u0259l\u0259rind\u0259 hakiml\u0259rin a\u011flas\u0131\u011fmaz q\u0259rarlar verdiyini vur\u011fulayan R\u0259him Axundov bildirir ki, s\u00f6z\u00fcged\u0259n \u0259mlak Buzovna q\u0259s\u0259b\u0259sind\u0259, Usta Baba Pirm\u0259mm\u0259d k\u00fc\u00e7\u0259si 14 \u00fcnvan\u0131nda yerl\u0259\u015f\u0259n qeyri-ya\u015fay\u0131\u015f sah\u0259si olub. Hamlet H\u00fcseynov 22 yanvar 2013-c\u00fc ild\u0259 obyekti ona sat\u0131b. Alq\u0131-satq\u0131 m\u00fcqavil\u0259sin\u0259 Hamlet H\u00fcseynovun \u0259v\u0259zin\u0259 Elmira \u015eirinova imza at\u0131b:\n<\/p>\n<p>\n  \u201c\u018flimd\u0259 alq\u0131-satq\u0131 m\u00fcqavil\u0259si vard\u0131 dey\u0259, 2013-c\u00fc ild\u0259n s\u0259hl\u0259nkarl\u0131q el\u0259yib, gedib \u00e7\u0131xar\u0131\u015f alm\u0131rd\u0131m. 2019-cu ild\u0259 \u00e7\u0131xar\u0131\u015f alma\u011fa getdim. M\u0259n\u0259 dedil\u0259r ki, Korrupsiyaya Qar\u015f\u0131 M\u00fcbariz\u0259 \u0130dar\u0259sinin m\u00fcst\u0259ntiqinin v\u0259sat\u0259ti \u0259sas\u0131nda Bin\u0259q\u0259di Rayon M\u0259hk\u0259m\u0259sinin q\u0259rar\u0131yla \u0259mlak\u0131m\u0131n \u00fcz\u0259rin\u0259 h\u0259bs qoyulub. M\u0259lum oldu ki, o idar\u0259d\u0259 Elmira \u015eirinova v\u0259 Samir Quliyevin t\u0259qsirl\u0259ndirilm\u0259sil\u0259 ba\u011fl\u0131 cinay\u0259t i\u015finin istintaq\u0131 gedir. Hamlet H\u00fcseynova is\u0259 he\u00e7 bir ittiham verilm\u0259mi\u015fdi. Sonra o i\u015f Bak\u0131 A\u011f\u0131r Cinay\u0259tl\u0259r M\u0259hk\u0259m\u0259sin\u0259 g\u00f6nd\u0259rildi\u201d.\n<\/p>\n<p>\n  R\u0259him Axundovun s\u00f6zl\u0259rin\u0259 g\u00f6r\u0259, Bak\u0131 A\u011f\u0131r Cinay\u0259tl\u0259r M\u0259hk\u0259m\u0259si 16 mart 2020-ci il tarixli h\u00f6km\u00fcyl\u0259 Elmira \u015eirinovan\u0131 t\u0259qsirli hesab edib. \u00dcz\u0259rin\u0259 h\u0259bs qoyulmu\u015f \u0259mlaklar\u0131n, o c\u00fcml\u0259d\u0259n Buzovnadak\u0131 obyektin d\u0259 m\u00fcsadir\u0259sin\u0259 q\u0259rar verilib: \u201cFaktiki m\u0259n\u0259 m\u0259xsus olan qeyri-ya\u015fay\u0131\u015f sah\u0259si \u00fcz\u0259rin\u0259 qoyulmu\u015f h\u0259bs q\u00fcvv\u0259d\u0259 saxland\u0131. 2013-c\u00fc ild\u0259 halal pulumla ald\u0131\u011f\u0131m \u0259mlak\u0131 hakiml\u0259r \u0259limd\u0259n ald\u0131 v\u0259 Elmira \u015eirinovan\u0131n \u0259mlak\u0131 kimi m\u00fcsadir\u0259 edildi\u201d.\n<\/p>\n<p>\n  V\u0259t\u0259nda\u015f M\u00fclki M\u0259c\u0259ll\u0259sinin 146.1 madd\u0259sini yada sal\u0131r. Orada yaz\u0131l\u0131b ki, da\u015f\u0131nmaz \u0259mlaka sahiblik v\u0259 istifad\u0259 h\u00fcququ onunla ba\u011fl\u0131 \u0259qd notarial qaydada t\u0259sdiq edildiyi andan \u0259m\u0259l\u0259 g\u0259lir.\n<\/p>\n<p>\n  \u201c\u018fmlak\u0131ma h\u0259bs qoyuldu\u011fundan haz\u0131rda s\u0259r\u0259ncam verilm\u0259 h\u00fcququmu r\u0259smil\u0259\u015fdir\u0259 bilmir\u0259m. H\u0259tta \u0259mlak\u0131 m\u0259nd\u0259n \u0259vv\u0259lki sahibi cinay\u0259t yoluyla \u0259ld\u0259 edibs\u0259 bel\u0259, bunu m\u0259n alq\u0131-satq\u0131 vaxt\u0131 hardan bil\u0259 bil\u0259rdim? N\u0259 o zaman, n\u0259 d\u0259 ondan sonra bilm\u0259mi\u015f\u0259m\u201d, &#8211; R\u0259him Axundov bel\u0259 deyir.\n<\/p>\n<p>\n  O, t\u0259\u0259ss\u00fcf edir ki, Bak\u0131 Apelyasiya M\u0259hk\u0259m\u0259si d\u0259 m\u00fclkiyy\u0259t h\u00fcququyla ba\u011fl\u0131 m\u0259s\u0259l\u0259y\u0259 h\u0259ssas yana\u015fmad\u0131. Amma \u00fcmidini itirmir: \u201cG\u00fcman edir\u0259m ki, Ali M\u0259hk\u0259m\u0259 f\u0259rqli davranar, bu i\u015fi \u00f6lk\u0259 daxilind\u0259 m\u00fcsb\u0259t h\u0259ll ed\u0259r\u201d.\n<\/p>\n<p>\n  Elmira \u015eirinova \u201c\u2019Bulaq-2\u201d M\u0259nzil-Tikinti Kooperativinin r\u0259hb\u0259ri olub. \u015eirk\u0259t Bin\u0259q\u0259di rayonu, C\u0259f\u0259r X\u0259ndan k\u00fc\u00e7\u0259sind\u0259 \u00e7oxm\u0259rt\u0259b\u0259li bina in\u015fa etdirib. O, 2015-ci ild\u0259 t\u0259hvil verilm\u0259li binan\u0131 vaxt\u0131nda in\u015fa etm\u0259m\u0259kd\u0259, eyni m\u0259nzili bir ne\u00e7\u0259 n\u0259f\u0259r\u0259 satmaqda ittiham olunub. Onunla birlikd\u0259 ittiham edil\u0259n Samir Quliyev is\u0259 n\u0259v\u0259sinin ke\u00e7mi\u015f h\u0259yat yolda\u015f\u0131 olub. Bir ne\u00e7\u0259 ay \u015firk\u0259td\u0259 Elmira Quliyeva il\u0259 birlikd\u0259 \u00e7al\u0131\u015fm\u0131\u015f Samir Quliyev h\u0259m d\u0259 2009-2014-c\u00fc ill\u0259rd\u0259 Bin\u0259q\u0259di b\u0259l\u0259diyy\u0259sinin s\u0259dr m\u00fcavini olub.\n<\/p>\n<p>\n  M\u0259hk\u0259m\u0259d\u0259 bildirib ki, m\u0259nzil sat\u0131\u015f\u0131yla ba\u011fl\u0131 probleml\u0259r ortaya \u00e7\u0131xandan az sonra o, \u015firk\u0259td\u0259 i\u015fd\u0259n gedib. 2014-c\u00fc ild\u0259 h\u0259yat yolda\u015f\u0131 il\u0259 d\u0259 bo\u015fan\u0131b.\n<\/p>\n<p>\n  M\u0259hk\u0259m\u0259 prosesi ba\u015fa \u00e7atmam\u0131\u015f Elmira \u015eirinova v\u0259fat edib. Lakin m\u0259hk\u0259m\u0259 onun t\u0259qsirli olmas\u0131 q\u0259na\u0259tin\u0259 g\u0259lib.\n<\/p>\n<p>\n  Samir Quliyev\u0259 is\u0259 bir ne\u00e7\u0259 madd\u0259 il\u0259 b\u0259ra\u0259t verilib v\u0259 o, m\u0259hk\u0259m\u0259 zal\u0131ndan azadl\u0131\u011fa burax\u0131l\u0131b.<\/p>\n","protected":false},"excerpt":{"rendered":"<p>M\u00fcbahis\u0259y\u0259 Ali M\u0259hk\u0259m\u0259d\u0259 bax\u0131lacaq<\/p>\n","protected":false},"author":11,"featured_media":121364,"comment_status":"closed","ping_status":"open","sticky":false,"template":"","format":"standard","meta":{"_acf_changed":false,"_sitemap_exclude":false,"_sitemap_priority":"","_sitemap_frequency":"","footnotes":""},"categories":[56],"tags":[],"class_list":["post-212405","post","type-post","status-publish","format-standard","has-post-thumbnail","hentry","category-xeberler","infinite-scroll-item","generate-columns","tablet-grid-50","mobile-grid-100","grid-parent","grid-33","no-featured-image-padding"],"acf":[],"yoast_head":"<!-- This site is optimized with the Yoast SEO plugin v27.4 - https:\/\/yoast.com\/product\/yoast-seo-wordpress\/ -->\n<title>\u201c2013-c\u00fc ild\u0259 halal pulumla ald\u0131\u011f\u0131m \u0259mlak\u0131 hakiml\u0259r \u0259limd\u0259n ald\u0131\u201d - MEYDAN.TV<\/title>\n<meta name=\"robots\" content=\"index, follow, max-snippet:-1, max-image-preview:large, max-video-preview:-1\" \/>\n<link rel=\"canonical\" href=\"https:\/\/www.meydan.tv\/az\/article\/2013-cu-ilde-halal-pulumla-aldigim-emlaki-hakimler-elimden-aldi\/\" \/>\n<meta property=\"og:locale\" content=\"az_AZ\" \/>\n<meta property=\"og:type\" content=\"article\" \/>\n<meta property=\"og:title\" content=\"\u201c2013-c\u00fc ild\u0259 halal pulumla ald\u0131\u011f\u0131m \u0259mlak\u0131 hakiml\u0259r \u0259limd\u0259n ald\u0131\u201d - MEYDAN.TV\" \/>\n<meta property=\"og:description\" content=\"M\u00fcbahis\u0259y\u0259 Ali M\u0259hk\u0259m\u0259d\u0259 bax\u0131lacaq\" \/>\n<meta property=\"og:url\" content=\"https:\/\/www.meydan.tv\/az\/article\/2013-cu-ilde-halal-pulumla-aldigim-emlaki-hakimler-elimden-aldi\/\" \/>\n<meta property=\"og:site_name\" content=\"MEYDAN.TV\" \/>\n<meta property=\"article:published_time\" content=\"2021-08-12T19:00:08+00:00\" \/>\n<meta property=\"og:image\" content=\"https:\/\/www.meydan.tv\/wp-content\/uploads\/trend_ali_mehkeme_main.jpg\" \/>\n\t<meta property=\"og:image:width\" content=\"1200\" \/>\n\t<meta property=\"og:image:height\" content=\"900\" \/>\n\t<meta property=\"og:image:type\" content=\"image\/jpeg\" \/>\n<meta name=\"author\" content=\"user-manager\" \/>\n<meta name=\"twitter:card\" content=\"summary_large_image\" \/>\n<script type=\"application\/ld+json\" class=\"yoast-schema-graph\">{\"@context\":\"https:\\\/\\\/schema.org\",\"@graph\":[{\"@type\":\"Article\",\"@id\":\"https:\\\/\\\/www.meydan.tv\\\/az\\\/article\\\/2013-cu-ilde-halal-pulumla-aldigim-emlaki-hakimler-elimden-aldi\\\/#article\",\"isPartOf\":{\"@id\":\"https:\\\/\\\/www.meydan.tv\\\/az\\\/article\\\/2013-cu-ilde-halal-pulumla-aldigim-emlaki-hakimler-elimden-aldi\\\/\"},\"author\":{\"name\":\"user-manager\",\"@id\":\"https:\\\/\\\/www.meydan.tv\\\/az\\\/#\\\/schema\\\/person\\\/10d11eccf6da3662cf5fdab9806ea91a\"},\"headline\":\"\u201c2013-c\u00fc ild\u0259 halal pulumla ald\u0131\u011f\u0131m \u0259mlak\u0131 hakiml\u0259r \u0259limd\u0259n ald\u0131\u201d\",\"datePublished\":\"2021-08-12T19:00:08+00:00\",\"mainEntityOfPage\":{\"@id\":\"https:\\\/\\\/www.meydan.tv\\\/az\\\/article\\\/2013-cu-ilde-halal-pulumla-aldigim-emlaki-hakimler-elimden-aldi\\\/\"},\"wordCount\":780,\"publisher\":{\"@id\":\"https:\\\/\\\/www.meydan.tv\\\/az\\\/#organization\"},\"image\":{\"@id\":\"https:\\\/\\\/www.meydan.tv\\\/az\\\/article\\\/2013-cu-ilde-halal-pulumla-aldigim-emlaki-hakimler-elimden-aldi\\\/#primaryimage\"},\"thumbnailUrl\":\"https:\\\/\\\/www.meydan.tv\\\/wp-content\\\/uploads\\\/trend_ali_mehkeme_main.jpg\",\"articleSection\":[\"X\u0259b\u0259rl\u0259r\"],\"inLanguage\":\"az\"},{\"@type\":\"WebPage\",\"@id\":\"https:\\\/\\\/www.meydan.tv\\\/az\\\/article\\\/2013-cu-ilde-halal-pulumla-aldigim-emlaki-hakimler-elimden-aldi\\\/\",\"url\":\"https:\\\/\\\/www.meydan.tv\\\/az\\\/article\\\/2013-cu-ilde-halal-pulumla-aldigim-emlaki-hakimler-elimden-aldi\\\/\",\"name\":\"\u201c2013-c\u00fc ild\u0259 halal pulumla ald\u0131\u011f\u0131m \u0259mlak\u0131 hakiml\u0259r \u0259limd\u0259n ald\u0131\u201d - MEYDAN.TV\",\"isPartOf\":{\"@id\":\"https:\\\/\\\/www.meydan.tv\\\/az\\\/#website\"},\"primaryImageOfPage\":{\"@id\":\"https:\\\/\\\/www.meydan.tv\\\/az\\\/article\\\/2013-cu-ilde-halal-pulumla-aldigim-emlaki-hakimler-elimden-aldi\\\/#primaryimage\"},\"image\":{\"@id\":\"https:\\\/\\\/www.meydan.tv\\\/az\\\/article\\\/2013-cu-ilde-halal-pulumla-aldigim-emlaki-hakimler-elimden-aldi\\\/#primaryimage\"},\"thumbnailUrl\":\"https:\\\/\\\/www.meydan.tv\\\/wp-content\\\/uploads\\\/trend_ali_mehkeme_main.jpg\",\"datePublished\":\"2021-08-12T19:00:08+00:00\",\"breadcrumb\":{\"@id\":\"https:\\\/\\\/www.meydan.tv\\\/az\\\/article\\\/2013-cu-ilde-halal-pulumla-aldigim-emlaki-hakimler-elimden-aldi\\\/#breadcrumb\"},\"inLanguage\":\"az\",\"potentialAction\":[{\"@type\":\"ReadAction\",\"target\":[\"https:\\\/\\\/www.meydan.tv\\\/az\\\/article\\\/2013-cu-ilde-halal-pulumla-aldigim-emlaki-hakimler-elimden-aldi\\\/\"]}]},{\"@type\":\"ImageObject\",\"inLanguage\":\"az\",\"@id\":\"https:\\\/\\\/www.meydan.tv\\\/az\\\/article\\\/2013-cu-ilde-halal-pulumla-aldigim-emlaki-hakimler-elimden-aldi\\\/#primaryimage\",\"url\":\"https:\\\/\\\/www.meydan.tv\\\/wp-content\\\/uploads\\\/trend_ali_mehkeme_main.jpg\",\"contentUrl\":\"https:\\\/\\\/www.meydan.tv\\\/wp-content\\\/uploads\\\/trend_ali_mehkeme_main.jpg\",\"width\":1200,\"height\":900,\"caption\":\"Foto: Meydan TV\"},{\"@type\":\"BreadcrumbList\",\"@id\":\"https:\\\/\\\/www.meydan.tv\\\/az\\\/article\\\/2013-cu-ilde-halal-pulumla-aldigim-emlaki-hakimler-elimden-aldi\\\/#breadcrumb\",\"itemListElement\":[{\"@type\":\"ListItem\",\"position\":1,\"name\":\"Ana s\u0259hif\u0259\",\"item\":\"https:\\\/\\\/www.meydan.tv\\\/az\\\/\"},{\"@type\":\"ListItem\",\"position\":2,\"name\":\"X\u0259b\u0259rl\u0259r\",\"item\":\"https:\\\/\\\/www.meydan.tv\\\/az\\\/section\\\/xeberler\\\/\"},{\"@type\":\"ListItem\",\"position\":3,\"name\":\"\u201c2013-c\u00fc ild\u0259 halal pulumla ald\u0131\u011f\u0131m \u0259mlak\u0131 hakiml\u0259r \u0259limd\u0259n ald\u0131\u201d\"}]},{\"@type\":\"WebSite\",\"@id\":\"https:\\\/\\\/www.meydan.tv\\\/az\\\/#website\",\"url\":\"https:\\\/\\\/www.meydan.tv\\\/az\\\/\",\"name\":\"MEYDAN.TV\",\"description\":\"Meydan TV Az\u0259rbaycan\u0131n media m\u0259kan\u0131ndak\u0131 alternativ s\u0259sidir\",\"publisher\":{\"@id\":\"https:\\\/\\\/www.meydan.tv\\\/az\\\/#organization\"},\"potentialAction\":[{\"@type\":\"SearchAction\",\"target\":{\"@type\":\"EntryPoint\",\"urlTemplate\":\"https:\\\/\\\/www.meydan.tv\\\/az\\\/?s={search_term_string}\"},\"query-input\":{\"@type\":\"PropertyValueSpecification\",\"valueRequired\":true,\"valueName\":\"search_term_string\"}}],\"inLanguage\":\"az\"},{\"@type\":\"Organization\",\"@id\":\"https:\\\/\\\/www.meydan.tv\\\/az\\\/#organization\",\"name\":\"Meydan TV\",\"url\":\"https:\\\/\\\/www.meydan.tv\\\/az\\\/\",\"logo\":{\"@type\":\"ImageObject\",\"inLanguage\":\"az\",\"@id\":\"https:\\\/\\\/www.meydan.tv\\\/az\\\/#\\\/schema\\\/logo\\\/image\\\/\",\"url\":\"https:\\\/\\\/www.meydan.tv\\\/wp-content\\\/uploads\\\/2021\\\/07\\\/meydan-logo.svg\",\"contentUrl\":\"https:\\\/\\\/www.meydan.tv\\\/wp-content\\\/uploads\\\/2021\\\/07\\\/meydan-logo.svg\",\"width\":195,\"height\":46,\"caption\":\"Meydan TV\"},\"image\":{\"@id\":\"https:\\\/\\\/www.meydan.tv\\\/az\\\/#\\\/schema\\\/logo\\\/image\\\/\"}},{\"@type\":\"Person\",\"@id\":\"https:\\\/\\\/www.meydan.tv\\\/az\\\/#\\\/schema\\\/person\\\/10d11eccf6da3662cf5fdab9806ea91a\",\"name\":\"user-manager\"}]}<\/script>\n<!-- \/ Yoast SEO plugin. -->","yoast_head_json":{"title":"\u201c2013-c\u00fc ild\u0259 halal pulumla ald\u0131\u011f\u0131m \u0259mlak\u0131 hakiml\u0259r \u0259limd\u0259n ald\u0131\u201d - MEYDAN.TV","robots":{"index":"index","follow":"follow","max-snippet":"max-snippet:-1","max-image-preview":"max-image-preview:large","max-video-preview":"max-video-preview:-1"},"canonical":"https:\/\/www.meydan.tv\/az\/article\/2013-cu-ilde-halal-pulumla-aldigim-emlaki-hakimler-elimden-aldi\/","og_locale":"az_AZ","og_type":"article","og_title":"\u201c2013-c\u00fc ild\u0259 halal pulumla ald\u0131\u011f\u0131m \u0259mlak\u0131 hakiml\u0259r \u0259limd\u0259n ald\u0131\u201d - MEYDAN.TV","og_description":"M\u00fcbahis\u0259y\u0259 Ali M\u0259hk\u0259m\u0259d\u0259 bax\u0131lacaq","og_url":"https:\/\/www.meydan.tv\/az\/article\/2013-cu-ilde-halal-pulumla-aldigim-emlaki-hakimler-elimden-aldi\/","og_site_name":"MEYDAN.TV","article_published_time":"2021-08-12T19:00:08+00:00","og_image":[{"width":1200,"height":900,"url":"https:\/\/www.meydan.tv\/wp-content\/uploads\/trend_ali_mehkeme_main.jpg","type":"image\/jpeg"}],"author":"user-manager","twitter_card":"summary_large_image","schema":{"@context":"https:\/\/schema.org","@graph":[{"@type":"Article","@id":"https:\/\/www.meydan.tv\/az\/article\/2013-cu-ilde-halal-pulumla-aldigim-emlaki-hakimler-elimden-aldi\/#article","isPartOf":{"@id":"https:\/\/www.meydan.tv\/az\/article\/2013-cu-ilde-halal-pulumla-aldigim-emlaki-hakimler-elimden-aldi\/"},"author":{"name":"user-manager","@id":"https:\/\/www.meydan.tv\/az\/#\/schema\/person\/10d11eccf6da3662cf5fdab9806ea91a"},"headline":"\u201c2013-c\u00fc ild\u0259 halal pulumla ald\u0131\u011f\u0131m \u0259mlak\u0131 hakiml\u0259r \u0259limd\u0259n ald\u0131\u201d","datePublished":"2021-08-12T19:00:08+00:00","mainEntityOfPage":{"@id":"https:\/\/www.meydan.tv\/az\/article\/2013-cu-ilde-halal-pulumla-aldigim-emlaki-hakimler-elimden-aldi\/"},"wordCount":780,"publisher":{"@id":"https:\/\/www.meydan.tv\/az\/#organization"},"image":{"@id":"https:\/\/www.meydan.tv\/az\/article\/2013-cu-ilde-halal-pulumla-aldigim-emlaki-hakimler-elimden-aldi\/#primaryimage"},"thumbnailUrl":"https:\/\/www.meydan.tv\/wp-content\/uploads\/trend_ali_mehkeme_main.jpg","articleSection":["X\u0259b\u0259rl\u0259r"],"inLanguage":"az"},{"@type":"WebPage","@id":"https:\/\/www.meydan.tv\/az\/article\/2013-cu-ilde-halal-pulumla-aldigim-emlaki-hakimler-elimden-aldi\/","url":"https:\/\/www.meydan.tv\/az\/article\/2013-cu-ilde-halal-pulumla-aldigim-emlaki-hakimler-elimden-aldi\/","name":"\u201c2013-c\u00fc ild\u0259 halal pulumla ald\u0131\u011f\u0131m \u0259mlak\u0131 hakiml\u0259r \u0259limd\u0259n ald\u0131\u201d - MEYDAN.TV","isPartOf":{"@id":"https:\/\/www.meydan.tv\/az\/#website"},"primaryImageOfPage":{"@id":"https:\/\/www.meydan.tv\/az\/article\/2013-cu-ilde-halal-pulumla-aldigim-emlaki-hakimler-elimden-aldi\/#primaryimage"},"image":{"@id":"https:\/\/www.meydan.tv\/az\/article\/2013-cu-ilde-halal-pulumla-aldigim-emlaki-hakimler-elimden-aldi\/#primaryimage"},"thumbnailUrl":"https:\/\/www.meydan.tv\/wp-content\/uploads\/trend_ali_mehkeme_main.jpg","datePublished":"2021-08-12T19:00:08+00:00","breadcrumb":{"@id":"https:\/\/www.meydan.tv\/az\/article\/2013-cu-ilde-halal-pulumla-aldigim-emlaki-hakimler-elimden-aldi\/#breadcrumb"},"inLanguage":"az","potentialAction":[{"@type":"ReadAction","target":["https:\/\/www.meydan.tv\/az\/article\/2013-cu-ilde-halal-pulumla-aldigim-emlaki-hakimler-elimden-aldi\/"]}]},{"@type":"ImageObject","inLanguage":"az","@id":"https:\/\/www.meydan.tv\/az\/article\/2013-cu-ilde-halal-pulumla-aldigim-emlaki-hakimler-elimden-aldi\/#primaryimage","url":"https:\/\/www.meydan.tv\/wp-content\/uploads\/trend_ali_mehkeme_main.jpg","contentUrl":"https:\/\/www.meydan.tv\/wp-content\/uploads\/trend_ali_mehkeme_main.jpg","width":1200,"height":900,"caption":"Foto: Meydan TV"},{"@type":"BreadcrumbList","@id":"https:\/\/www.meydan.tv\/az\/article\/2013-cu-ilde-halal-pulumla-aldigim-emlaki-hakimler-elimden-aldi\/#breadcrumb","itemListElement":[{"@type":"ListItem","position":1,"name":"Ana s\u0259hif\u0259","item":"https:\/\/www.meydan.tv\/az\/"},{"@type":"ListItem","position":2,"name":"X\u0259b\u0259rl\u0259r","item":"https:\/\/www.meydan.tv\/az\/section\/xeberler\/"},{"@type":"ListItem","position":3,"name":"\u201c2013-c\u00fc ild\u0259 halal pulumla ald\u0131\u011f\u0131m \u0259mlak\u0131 hakiml\u0259r \u0259limd\u0259n ald\u0131\u201d"}]},{"@type":"WebSite","@id":"https:\/\/www.meydan.tv\/az\/#website","url":"https:\/\/www.meydan.tv\/az\/","name":"MEYDAN.TV","description":"Meydan TV Az\u0259rbaycan\u0131n media m\u0259kan\u0131ndak\u0131 alternativ s\u0259sidir","publisher":{"@id":"https:\/\/www.meydan.tv\/az\/#organization"},"potentialAction":[{"@type":"SearchAction","target":{"@type":"EntryPoint","urlTemplate":"https:\/\/www.meydan.tv\/az\/?s={search_term_string}"},"query-input":{"@type":"PropertyValueSpecification","valueRequired":true,"valueName":"search_term_string"}}],"inLanguage":"az"},{"@type":"Organization","@id":"https:\/\/www.meydan.tv\/az\/#organization","name":"Meydan TV","url":"https:\/\/www.meydan.tv\/az\/","logo":{"@type":"ImageObject","inLanguage":"az","@id":"https:\/\/www.meydan.tv\/az\/#\/schema\/logo\/image\/","url":"https:\/\/www.meydan.tv\/wp-content\/uploads\/2021\/07\/meydan-logo.svg","contentUrl":"https:\/\/www.meydan.tv\/wp-content\/uploads\/2021\/07\/meydan-logo.svg","width":195,"height":46,"caption":"Meydan TV"},"image":{"@id":"https:\/\/www.meydan.tv\/az\/#\/schema\/logo\/image\/"}},{"@type":"Person","@id":"https:\/\/www.meydan.tv\/az\/#\/schema\/person\/10d11eccf6da3662cf5fdab9806ea91a","name":"user-manager"}]}},"_links":{"self":[{"href":"https:\/\/www.meydan.tv\/az\/wp-json\/wp\/v2\/posts\/212405","targetHints":{"allow":["GET"]}}],"collection":[{"href":"https:\/\/www.meydan.tv\/az\/wp-json\/wp\/v2\/posts"}],"about":[{"href":"https:\/\/www.meydan.tv\/az\/wp-json\/wp\/v2\/types\/post"}],"author":[{"embeddable":true,"href":"https:\/\/www.meydan.tv\/az\/wp-json\/wp\/v2\/users\/11"}],"replies":[{"embeddable":true,"href":"https:\/\/www.meydan.tv\/az\/wp-json\/wp\/v2\/comments?post=212405"}],"version-history":[{"count":0,"href":"https:\/\/www.meydan.tv\/az\/wp-json\/wp\/v2\/posts\/212405\/revisions"}],"wp:featuredmedia":[{"embeddable":true,"href":"https:\/\/www.meydan.tv\/az\/wp-json\/wp\/v2\/media\/121364"}],"wp:attachment":[{"href":"https:\/\/www.meydan.tv\/az\/wp-json\/wp\/v2\/media?parent=212405"}],"wp:term":[{"taxonomy":"category","embeddable":true,"href":"https:\/\/www.meydan.tv\/az\/wp-json\/wp\/v2\/categories?post=212405"},{"taxonomy":"post_tag","embeddable":true,"href":"https:\/\/www.meydan.tv\/az\/wp-json\/wp\/v2\/tags?post=212405"}],"curies":[{"name":"wp","href":"https:\/\/api.w.org\/{rel}","templated":true}]}}