{"id":212402,"date":"2021-08-12T15:39:30","date_gmt":"2021-08-12T15:39:30","guid":{"rendered":"https:\/\/www.meydan.tv\/article\/ayri-seckiliye-haqsizliga-dozmeyen-hekim-intihar-heddine-catib\/"},"modified":"2021-08-12T15:39:30","modified_gmt":"2021-08-12T15:39:30","slug":"ayri-seckiliye-haqsizliga-dozmeyen-hekim-intihar-heddine-catib","status":"publish","type":"post","link":"https:\/\/www.meydan.tv\/az\/article\/ayri-seckiliye-haqsizliga-dozmeyen-hekim-intihar-heddine-catib\/","title":{"rendered":"\u201cAyr\u0131-se\u00e7kiliy\u0259, haqs\u0131zl\u0131\u011fa d\u00f6zm\u0259y\u0259n h\u0259kim intihar h\u0259ddin\u0259 \u00e7at\u0131b\u201d"},"content":{"rendered":"<p>\n  <i><br \/>\n    Elmi-T\u0259dqiqat A\u011fciy\u0259r X\u0259st\u0259likl\u0259ri \u0130nstitutundan \u015fikay\u0259t var<br \/>\n  <\/i>\n<\/p>\n<p>\n  \u0130ctimai v\u0259kil Samir Zeynalov Elmi-T\u0259dqiqat A\u011fciy\u0259r X\u0259st\u0259likl\u0259ri \u0130nstitutunda qanunsuzluqlar\u0131n ba\u015f verdiyini deyir. O, haz\u0131rda institutda probleml\u0259 \u00fczl\u0259\u015fmi\u015f Aynur \u018fs\u0259dlinin h\u00fcquqlar\u0131n\u0131 m\u00fcdafi\u0259<br \/>\n  <a href=\"https:\/\/www.youtube.com\/watch?v=X_FMnSRu3kQ\"><br \/>\n    edir.<br \/>\n  <\/a>\n<\/p>\n<p>\n  Meydan TV-y\u0259 m\u00fcraci\u0259t ed\u0259n Zeynalov bildirib ki, 22 ildir s\u00f6z\u00fcged\u0259n tibb m\u00fc\u0259ssis\u0259sind\u0259 \u00e7al\u0131\u015fan h\u0259kim-laborant Aynur \u018fs\u0259dli institut r\u0259hb\u0259rliyi t\u0259r\u0259find\u0259n \u00fczl\u0259\u015fdiyi v\u0259 h\u0259llini tapmayan probleml\u0259rl\u0259 ba\u011fl\u0131 Prezident \u0130lham \u018fliyev\u0259 m\u00fcraci\u0259t edib, n\u0259tic\u0259d\u0259 H\u0259qiq\u0259t Q\u0259dirovan\u0131n t\u0259zyiq v\u0259 t\u0259hdidl\u0259rin\u0259 m\u0259ruz qal\u0131b.\n<\/p>\n<p>\n  \u201cT\u018fB\u0130B r\u0259hb\u0259rliyi is\u0259 yaz\u0131lan m\u00fcraci\u0259tl\u0259r\u0259 cavab vermir, ara\u015fd\u0131rma aparm\u0131r. Qeyd edim ki, bir ne\u00e7\u0259 m\u00fcdd\u0259t \u0259vv\u0259l direktorun t\u0259zyiqi il\u0259 i\u015fd\u0259n \u00e7\u0131xar\u0131lm\u0131\u015f institutun h\u0259kimi, tibb elml\u0259ri namiz\u0259di S\u0259bin\u0259 M\u0259mm\u0259dova 2 illik m\u00fcbariz\u0259d\u0259n sonra m\u0259hk\u0259m\u0259nin yekun q\u0259rar\u0131na \u0259sas\u0259n i\u015fin\u0259 b\u0259rpa edildi. Lakin H\u0259qiq\u0259t Q\u0259dirovan\u0131n qisas siyas\u0259ti \u0259vv\u0259lc\u0259 onu intihar h\u0259ddin\u0259 \u00e7atd\u0131rd\u0131, daha sonra is\u0259 i\u015fd\u0259n k\u00f6n\u00fcll\u00fc \u015f\u0259kild\u0259 uzaqla\u015fmaq m\u0259cburiyy\u0259ti qar\u015f\u0131s\u0131nda qoydu. Eyni v\u0259ziyy\u0259tl\u0259 Aynur \u018fs\u0259dli \u00fczl\u0259\u015fib. H\u0259qiq\u0259t Q\u0259dirovan\u0131n t\u0259\u015f\u0259bb\u00fcs\u00fc il\u0259 3 il \u0259vv\u0259l institutun Kliniki-diaqnostika laboratoriyas\u0131na \u015f\u00f6b\u0259 m\u00fcdiri t\u0259yin edilmi\u015f Nuriyy\u0259 S\u0259limova v\u0259zif\u0259 s\u0259lahiyy\u0259tl\u0259rind\u0259n sui-istifad\u0259 ed\u0259r\u0259k, Aynur \u018fs\u0259dli d\u0259 daxil olmaqla \u015f\u00f6b\u0259nin bir s\u0131ra i\u015f\u00e7il\u0259rin\u0259 qar\u015f\u0131 qeyri-adekvat m\u00fcnasib\u0259t s\u0259rgil\u0259yir\u201d, -ictimai v\u0259kil deyib.\n<\/p>\n<p>\n  Onun s\u00f6zl\u0259rin\u0259 g\u00f6r\u0259, i\u015f\u00e7il\u0259r aras\u0131nda inciklik sal\u0131n\u0131r, bir-birinin \u00fcz\u00fcn\u0259 durma\u011fa m\u0259cbur edilirl\u0259r:\n<\/p>\n<p>\n  \u201cH\u0259kim Aynur \u018fs\u0259dli m\u0259hz uzun m\u00fcdd\u0259tdir davam ed\u0259n ayr\u0131-se\u00e7kiliy\u0259, haqs\u0131zl\u0131\u011fa d\u00f6zm\u0259y\u0259r\u0259k intihar h\u0259ddin\u0259 \u00e7at\u0131b. Ancaq bu g\u00fcn\u0259 q\u0259d\u0259r s\u0259sini e\u015fid\u0259n yoxdur. Yaz\u0131lan \u015fikay\u0259tl\u0259r ara\u015fd\u0131r\u0131lmas\u0131 \u00fc\u00e7\u00fcn direktor H\u0259qiq\u0259t Q\u0259dirovaya y\u00f6nl\u0259ndirilir. Guya Aynur \u018fs\u0259dliy\u0259 reaktivl\u0259r saxlan\u0131lan soyuducuya d\u0259f\u0259l\u0259rl\u0259 m\u00fcr\u0259bb\u0259 qoydu\u011funa g\u00f6r\u0259 x\u0259b\u0259rdarl\u0131q olunub v\u0259 b\u00fct\u00fcn problem d\u0259 burdan qaynaqlan\u0131r. Nec\u0259 ola bil\u0259r ki, h\u0259kim x\u0259b\u0259rdarl\u0131qlara m\u0259h\u0259l qoymas\u0131n, \u0259v\u0259zind\u0259 intihar h\u0259ddin\u0259 \u00e7ats\u0131n? Laboratoriya i\u015f\u00e7il\u0259rinin izahatlar\u0131 var. Yaz\u0131l\u0131b ki, Aynur \u018fs\u0259dlinin qeyd olunan halla ba\u011fl\u0131 he\u00e7 bir \u0259laq\u0259si olmay\u0131b v\u0259 o, uzun m\u00fcdd\u0259tdir, bu kimi b\u00f6htanlar\u0131n h\u0259d\u0259fin\u0259 \u00e7evrilib\u201d.\n<\/p>\n<p>\n  Aynur \u018fs\u0259dli m\u0259hk\u0259m\u0259y\u0259 m\u00fcraci\u0259t edib. Nizami Rayon M\u0259hk\u0259m\u0259sind\u0259 iddia t\u0259l\u0259binin t\u0259min edilm\u0259m\u0259si haqq\u0131nda q\u0259rar q\u0259bul edilib.\n<\/p>\n<p>\n  \u201c\u0130\u015f\u0259 s\u00f6z\u00fcged\u0259n m\u0259hk\u0259m\u0259d\u0259 bax\u0131lmamas\u0131 q\u0259rara al\u0131n\u0131b ki, bu da m\u0259hk\u0259m\u0259 aidiyyat\u0131n\u0131n m\u00fc\u0259yy\u0259nl\u0259\u015fdirilm\u0259si bax\u0131m\u0131ndan qanunsuzdur. Hakim Qumru \u018fliyeva A\u011fciy\u0259r X\u0259st\u0259likl\u0259ri \u0130nstitutuna qar\u015f\u0131 m\u00f6vcud iddia t\u0259l\u0259binin inzibati m\u0259hk\u0259m\u0259d\u0259 bax\u0131la bil\u0259c\u0259yin\u0259 dair q\u0259rardad q\u0259bul edib. A\u011fciy\u0259r X\u0259st\u0259likl\u0259ri Institutu is\u0259 inzibati orqan say\u0131lm\u0131r. Buna g\u00f6r\u0259 d\u0259 iddia\u00e7\u0131 t\u0259r\u0259find\u0259n \u015fikay\u0259t olunub\u201d, &#8211; h\u00fcquq m\u00fcdafi\u0259\u00e7isi deyir.\n<\/p>\n<p>\n  Aynur \u018fs\u0259dli haz\u0131rda h\u0259kim n\u0259zar\u0259ti alt\u0131nda m\u00fcalic\u0259 al\u0131r. Onun psixoloji v\u0259ziyy\u0259ti qeyri-q\u0259na\u0259tb\u0259x\u015f say\u0131ld\u0131\u011f\u0131ndan \u00f6z\u00fc Meydan TV-y\u0259 dan\u0131\u015fmaq ist\u0259m\u0259yib, h\u00fcquq m\u00fcdafi\u0259\u00e7isinin d\u0259st\u0259yind\u0259n istifad\u0259 edib.\n<\/p>\n<p>\n  Elmi-T\u0259dqiqat A\u011fciy\u0259r X\u0259st\u0259likl\u0259ri \u0130nstitutundan is\u0259 deyibl\u0259r ki, m\u00fcbahis\u0259y\u0259 kifay\u0259t q\u0259d\u0259r m\u00fcnasib\u0259t bildirilib v\u0259 H.Q\u0259dirova bel\u0259 m\u0259s\u0259l\u0259l\u0259r\u0259 ay\u0131rma\u011fa vaxt\u0131 yoxdur.\n<\/p>\n<p>\n  T\u018fB\u0130B-d\u0259n d\u0259 suallara cavab verm\u0259yibl\u0259r.\n<\/p>\n<p>\n  \u0130nstututda bir ne\u00e7\u0259 h\u0259kiml\u0259 direktor aras\u0131nda m\u00fcbahis\u0259 ill\u0259rdir davam edir. H\u0259kiml\u0259rl\u0259 direktor aras\u0131nda qalmaqal iclasda da davam edib v\u0259 g\u00f6r\u00fcnt\u00fcl\u0259r h\u0259kiml\u0259r t\u0259r\u0259find\u0259n sosial \u015f\u0259b\u0259k\u0259l\u0259rd\u0259 yay\u0131l\u0131b. \u00d6t\u0259n ilin \u0259vv\u0259lind\u0259 T\u018fB\u0130B institutda yoxlama apar\u0131laca\u011f\u0131n\u0131 a\u00e7\u0131qlam\u0131\u015fd\u0131, lakin n\u0259tic\u0259l\u0259rl\u0259 ba\u011fl\u0131 m\u0259lumat verilm\u0259di.<\/p>\n","protected":false},"excerpt":{"rendered":"<p>Elmi-T\u0259dqiqat A\u011fciy\u0259r X\u0259st\u0259likl\u0259ri \u0130nstitutundan \u015fikay\u0259t var<\/p>\n","protected":false},"author":11,"featured_media":209174,"comment_status":"closed","ping_status":"open","sticky":false,"template":"","format":"standard","meta":{"_acf_changed":false,"_sitemap_exclude":false,"_sitemap_priority":"","_sitemap_frequency":"","footnotes":""},"categories":[56],"tags":[],"class_list":["post-212402","post","type-post","status-publish","format-standard","has-post-thumbnail","hentry","category-xeberler","infinite-scroll-item","generate-columns","tablet-grid-50","mobile-grid-100","grid-parent","grid-33","no-featured-image-padding"],"acf":[],"yoast_head":"<!-- This site is optimized with the Yoast SEO plugin v27.4 - https:\/\/yoast.com\/product\/yoast-seo-wordpress\/ -->\n<title>\u201cAyr\u0131-se\u00e7kiliy\u0259, haqs\u0131zl\u0131\u011fa d\u00f6zm\u0259y\u0259n h\u0259kim intihar h\u0259ddin\u0259 \u00e7at\u0131b\u201d - MEYDAN.TV<\/title>\n<meta name=\"robots\" content=\"index, follow, max-snippet:-1, max-image-preview:large, max-video-preview:-1\" \/>\n<link rel=\"canonical\" href=\"https:\/\/www.meydan.tv\/az\/article\/ayri-seckiliye-haqsizliga-dozmeyen-hekim-intihar-heddine-catib\/\" \/>\n<meta property=\"og:locale\" content=\"az_AZ\" \/>\n<meta property=\"og:type\" content=\"article\" \/>\n<meta property=\"og:title\" content=\"\u201cAyr\u0131-se\u00e7kiliy\u0259, haqs\u0131zl\u0131\u011fa d\u00f6zm\u0259y\u0259n h\u0259kim intihar h\u0259ddin\u0259 \u00e7at\u0131b\u201d - MEYDAN.TV\" \/>\n<meta property=\"og:description\" content=\"Elmi-T\u0259dqiqat A\u011fciy\u0259r X\u0259st\u0259likl\u0259ri \u0130nstitutundan \u015fikay\u0259t var\" \/>\n<meta property=\"og:url\" content=\"https:\/\/www.meydan.tv\/az\/article\/ayri-seckiliye-haqsizliga-dozmeyen-hekim-intihar-heddine-catib\/\" \/>\n<meta property=\"og:site_name\" content=\"MEYDAN.TV\" \/>\n<meta property=\"article:published_time\" content=\"2021-08-12T15:39:30+00:00\" \/>\n<meta property=\"og:image\" content=\"https:\/\/www.meydan.tv\/wp-content\/uploads\/screenshot_2021-08-12_at_15.38.25.png\" \/>\n\t<meta property=\"og:image:width\" content=\"1450\" \/>\n\t<meta property=\"og:image:height\" content=\"1028\" \/>\n\t<meta property=\"og:image:type\" content=\"image\/png\" \/>\n<meta name=\"author\" content=\"user-manager\" \/>\n<meta name=\"twitter:card\" content=\"summary_large_image\" \/>\n<script type=\"application\/ld+json\" class=\"yoast-schema-graph\">{\"@context\":\"https:\\\/\\\/schema.org\",\"@graph\":[{\"@type\":\"Article\",\"@id\":\"https:\\\/\\\/www.meydan.tv\\\/az\\\/article\\\/ayri-seckiliye-haqsizliga-dozmeyen-hekim-intihar-heddine-catib\\\/#article\",\"isPartOf\":{\"@id\":\"https:\\\/\\\/www.meydan.tv\\\/az\\\/article\\\/ayri-seckiliye-haqsizliga-dozmeyen-hekim-intihar-heddine-catib\\\/\"},\"author\":{\"name\":\"user-manager\",\"@id\":\"https:\\\/\\\/www.meydan.tv\\\/az\\\/#\\\/schema\\\/person\\\/10d11eccf6da3662cf5fdab9806ea91a\"},\"headline\":\"\u201cAyr\u0131-se\u00e7kiliy\u0259, haqs\u0131zl\u0131\u011fa d\u00f6zm\u0259y\u0259n h\u0259kim intihar h\u0259ddin\u0259 \u00e7at\u0131b\u201d\",\"datePublished\":\"2021-08-12T15:39:30+00:00\",\"mainEntityOfPage\":{\"@id\":\"https:\\\/\\\/www.meydan.tv\\\/az\\\/article\\\/ayri-seckiliye-haqsizliga-dozmeyen-hekim-intihar-heddine-catib\\\/\"},\"wordCount\":804,\"publisher\":{\"@id\":\"https:\\\/\\\/www.meydan.tv\\\/az\\\/#organization\"},\"image\":{\"@id\":\"https:\\\/\\\/www.meydan.tv\\\/az\\\/article\\\/ayri-seckiliye-haqsizliga-dozmeyen-hekim-intihar-heddine-catib\\\/#primaryimage\"},\"thumbnailUrl\":\"https:\\\/\\\/www.meydan.tv\\\/wp-content\\\/uploads\\\/screenshot_2021-08-12_at_15.38.25.png\",\"articleSection\":[\"X\u0259b\u0259rl\u0259r\"],\"inLanguage\":\"az\"},{\"@type\":\"WebPage\",\"@id\":\"https:\\\/\\\/www.meydan.tv\\\/az\\\/article\\\/ayri-seckiliye-haqsizliga-dozmeyen-hekim-intihar-heddine-catib\\\/\",\"url\":\"https:\\\/\\\/www.meydan.tv\\\/az\\\/article\\\/ayri-seckiliye-haqsizliga-dozmeyen-hekim-intihar-heddine-catib\\\/\",\"name\":\"\u201cAyr\u0131-se\u00e7kiliy\u0259, haqs\u0131zl\u0131\u011fa d\u00f6zm\u0259y\u0259n h\u0259kim intihar h\u0259ddin\u0259 \u00e7at\u0131b\u201d - MEYDAN.TV\",\"isPartOf\":{\"@id\":\"https:\\\/\\\/www.meydan.tv\\\/az\\\/#website\"},\"primaryImageOfPage\":{\"@id\":\"https:\\\/\\\/www.meydan.tv\\\/az\\\/article\\\/ayri-seckiliye-haqsizliga-dozmeyen-hekim-intihar-heddine-catib\\\/#primaryimage\"},\"image\":{\"@id\":\"https:\\\/\\\/www.meydan.tv\\\/az\\\/article\\\/ayri-seckiliye-haqsizliga-dozmeyen-hekim-intihar-heddine-catib\\\/#primaryimage\"},\"thumbnailUrl\":\"https:\\\/\\\/www.meydan.tv\\\/wp-content\\\/uploads\\\/screenshot_2021-08-12_at_15.38.25.png\",\"datePublished\":\"2021-08-12T15:39:30+00:00\",\"breadcrumb\":{\"@id\":\"https:\\\/\\\/www.meydan.tv\\\/az\\\/article\\\/ayri-seckiliye-haqsizliga-dozmeyen-hekim-intihar-heddine-catib\\\/#breadcrumb\"},\"inLanguage\":\"az\",\"potentialAction\":[{\"@type\":\"ReadAction\",\"target\":[\"https:\\\/\\\/www.meydan.tv\\\/az\\\/article\\\/ayri-seckiliye-haqsizliga-dozmeyen-hekim-intihar-heddine-catib\\\/\"]}]},{\"@type\":\"ImageObject\",\"inLanguage\":\"az\",\"@id\":\"https:\\\/\\\/www.meydan.tv\\\/az\\\/article\\\/ayri-seckiliye-haqsizliga-dozmeyen-hekim-intihar-heddine-catib\\\/#primaryimage\",\"url\":\"https:\\\/\\\/www.meydan.tv\\\/wp-content\\\/uploads\\\/screenshot_2021-08-12_at_15.38.25.png\",\"contentUrl\":\"https:\\\/\\\/www.meydan.tv\\\/wp-content\\\/uploads\\\/screenshot_2021-08-12_at_15.38.25.png\",\"width\":1450,\"height\":1028,\"caption\":\"Source: Meydan Tv\"},{\"@type\":\"BreadcrumbList\",\"@id\":\"https:\\\/\\\/www.meydan.tv\\\/az\\\/article\\\/ayri-seckiliye-haqsizliga-dozmeyen-hekim-intihar-heddine-catib\\\/#breadcrumb\",\"itemListElement\":[{\"@type\":\"ListItem\",\"position\":1,\"name\":\"Ana s\u0259hif\u0259\",\"item\":\"https:\\\/\\\/www.meydan.tv\\\/az\\\/\"},{\"@type\":\"ListItem\",\"position\":2,\"name\":\"X\u0259b\u0259rl\u0259r\",\"item\":\"https:\\\/\\\/www.meydan.tv\\\/az\\\/section\\\/xeberler\\\/\"},{\"@type\":\"ListItem\",\"position\":3,\"name\":\"\u201cAyr\u0131-se\u00e7kiliy\u0259, haqs\u0131zl\u0131\u011fa d\u00f6zm\u0259y\u0259n h\u0259kim intihar h\u0259ddin\u0259 \u00e7at\u0131b\u201d\"}]},{\"@type\":\"WebSite\",\"@id\":\"https:\\\/\\\/www.meydan.tv\\\/az\\\/#website\",\"url\":\"https:\\\/\\\/www.meydan.tv\\\/az\\\/\",\"name\":\"MEYDAN.TV\",\"description\":\"Meydan TV Az\u0259rbaycan\u0131n media m\u0259kan\u0131ndak\u0131 alternativ s\u0259sidir\",\"publisher\":{\"@id\":\"https:\\\/\\\/www.meydan.tv\\\/az\\\/#organization\"},\"potentialAction\":[{\"@type\":\"SearchAction\",\"target\":{\"@type\":\"EntryPoint\",\"urlTemplate\":\"https:\\\/\\\/www.meydan.tv\\\/az\\\/?s={search_term_string}\"},\"query-input\":{\"@type\":\"PropertyValueSpecification\",\"valueRequired\":true,\"valueName\":\"search_term_string\"}}],\"inLanguage\":\"az\"},{\"@type\":\"Organization\",\"@id\":\"https:\\\/\\\/www.meydan.tv\\\/az\\\/#organization\",\"name\":\"Meydan TV\",\"url\":\"https:\\\/\\\/www.meydan.tv\\\/az\\\/\",\"logo\":{\"@type\":\"ImageObject\",\"inLanguage\":\"az\",\"@id\":\"https:\\\/\\\/www.meydan.tv\\\/az\\\/#\\\/schema\\\/logo\\\/image\\\/\",\"url\":\"https:\\\/\\\/www.meydan.tv\\\/wp-content\\\/uploads\\\/2021\\\/07\\\/meydan-logo.svg\",\"contentUrl\":\"https:\\\/\\\/www.meydan.tv\\\/wp-content\\\/uploads\\\/2021\\\/07\\\/meydan-logo.svg\",\"width\":195,\"height\":46,\"caption\":\"Meydan TV\"},\"image\":{\"@id\":\"https:\\\/\\\/www.meydan.tv\\\/az\\\/#\\\/schema\\\/logo\\\/image\\\/\"}},{\"@type\":\"Person\",\"@id\":\"https:\\\/\\\/www.meydan.tv\\\/az\\\/#\\\/schema\\\/person\\\/10d11eccf6da3662cf5fdab9806ea91a\",\"name\":\"user-manager\"}]}<\/script>\n<!-- \/ Yoast SEO plugin. -->","yoast_head_json":{"title":"\u201cAyr\u0131-se\u00e7kiliy\u0259, haqs\u0131zl\u0131\u011fa d\u00f6zm\u0259y\u0259n h\u0259kim intihar h\u0259ddin\u0259 \u00e7at\u0131b\u201d - MEYDAN.TV","robots":{"index":"index","follow":"follow","max-snippet":"max-snippet:-1","max-image-preview":"max-image-preview:large","max-video-preview":"max-video-preview:-1"},"canonical":"https:\/\/www.meydan.tv\/az\/article\/ayri-seckiliye-haqsizliga-dozmeyen-hekim-intihar-heddine-catib\/","og_locale":"az_AZ","og_type":"article","og_title":"\u201cAyr\u0131-se\u00e7kiliy\u0259, haqs\u0131zl\u0131\u011fa d\u00f6zm\u0259y\u0259n h\u0259kim intihar h\u0259ddin\u0259 \u00e7at\u0131b\u201d - MEYDAN.TV","og_description":"Elmi-T\u0259dqiqat A\u011fciy\u0259r X\u0259st\u0259likl\u0259ri \u0130nstitutundan \u015fikay\u0259t var","og_url":"https:\/\/www.meydan.tv\/az\/article\/ayri-seckiliye-haqsizliga-dozmeyen-hekim-intihar-heddine-catib\/","og_site_name":"MEYDAN.TV","article_published_time":"2021-08-12T15:39:30+00:00","og_image":[{"width":1450,"height":1028,"url":"https:\/\/www.meydan.tv\/wp-content\/uploads\/screenshot_2021-08-12_at_15.38.25.png","type":"image\/png"}],"author":"user-manager","twitter_card":"summary_large_image","schema":{"@context":"https:\/\/schema.org","@graph":[{"@type":"Article","@id":"https:\/\/www.meydan.tv\/az\/article\/ayri-seckiliye-haqsizliga-dozmeyen-hekim-intihar-heddine-catib\/#article","isPartOf":{"@id":"https:\/\/www.meydan.tv\/az\/article\/ayri-seckiliye-haqsizliga-dozmeyen-hekim-intihar-heddine-catib\/"},"author":{"name":"user-manager","@id":"https:\/\/www.meydan.tv\/az\/#\/schema\/person\/10d11eccf6da3662cf5fdab9806ea91a"},"headline":"\u201cAyr\u0131-se\u00e7kiliy\u0259, haqs\u0131zl\u0131\u011fa d\u00f6zm\u0259y\u0259n h\u0259kim intihar h\u0259ddin\u0259 \u00e7at\u0131b\u201d","datePublished":"2021-08-12T15:39:30+00:00","mainEntityOfPage":{"@id":"https:\/\/www.meydan.tv\/az\/article\/ayri-seckiliye-haqsizliga-dozmeyen-hekim-intihar-heddine-catib\/"},"wordCount":804,"publisher":{"@id":"https:\/\/www.meydan.tv\/az\/#organization"},"image":{"@id":"https:\/\/www.meydan.tv\/az\/article\/ayri-seckiliye-haqsizliga-dozmeyen-hekim-intihar-heddine-catib\/#primaryimage"},"thumbnailUrl":"https:\/\/www.meydan.tv\/wp-content\/uploads\/screenshot_2021-08-12_at_15.38.25.png","articleSection":["X\u0259b\u0259rl\u0259r"],"inLanguage":"az"},{"@type":"WebPage","@id":"https:\/\/www.meydan.tv\/az\/article\/ayri-seckiliye-haqsizliga-dozmeyen-hekim-intihar-heddine-catib\/","url":"https:\/\/www.meydan.tv\/az\/article\/ayri-seckiliye-haqsizliga-dozmeyen-hekim-intihar-heddine-catib\/","name":"\u201cAyr\u0131-se\u00e7kiliy\u0259, haqs\u0131zl\u0131\u011fa d\u00f6zm\u0259y\u0259n h\u0259kim intihar h\u0259ddin\u0259 \u00e7at\u0131b\u201d - MEYDAN.TV","isPartOf":{"@id":"https:\/\/www.meydan.tv\/az\/#website"},"primaryImageOfPage":{"@id":"https:\/\/www.meydan.tv\/az\/article\/ayri-seckiliye-haqsizliga-dozmeyen-hekim-intihar-heddine-catib\/#primaryimage"},"image":{"@id":"https:\/\/www.meydan.tv\/az\/article\/ayri-seckiliye-haqsizliga-dozmeyen-hekim-intihar-heddine-catib\/#primaryimage"},"thumbnailUrl":"https:\/\/www.meydan.tv\/wp-content\/uploads\/screenshot_2021-08-12_at_15.38.25.png","datePublished":"2021-08-12T15:39:30+00:00","breadcrumb":{"@id":"https:\/\/www.meydan.tv\/az\/article\/ayri-seckiliye-haqsizliga-dozmeyen-hekim-intihar-heddine-catib\/#breadcrumb"},"inLanguage":"az","potentialAction":[{"@type":"ReadAction","target":["https:\/\/www.meydan.tv\/az\/article\/ayri-seckiliye-haqsizliga-dozmeyen-hekim-intihar-heddine-catib\/"]}]},{"@type":"ImageObject","inLanguage":"az","@id":"https:\/\/www.meydan.tv\/az\/article\/ayri-seckiliye-haqsizliga-dozmeyen-hekim-intihar-heddine-catib\/#primaryimage","url":"https:\/\/www.meydan.tv\/wp-content\/uploads\/screenshot_2021-08-12_at_15.38.25.png","contentUrl":"https:\/\/www.meydan.tv\/wp-content\/uploads\/screenshot_2021-08-12_at_15.38.25.png","width":1450,"height":1028,"caption":"Source: Meydan Tv"},{"@type":"BreadcrumbList","@id":"https:\/\/www.meydan.tv\/az\/article\/ayri-seckiliye-haqsizliga-dozmeyen-hekim-intihar-heddine-catib\/#breadcrumb","itemListElement":[{"@type":"ListItem","position":1,"name":"Ana s\u0259hif\u0259","item":"https:\/\/www.meydan.tv\/az\/"},{"@type":"ListItem","position":2,"name":"X\u0259b\u0259rl\u0259r","item":"https:\/\/www.meydan.tv\/az\/section\/xeberler\/"},{"@type":"ListItem","position":3,"name":"\u201cAyr\u0131-se\u00e7kiliy\u0259, haqs\u0131zl\u0131\u011fa d\u00f6zm\u0259y\u0259n h\u0259kim intihar h\u0259ddin\u0259 \u00e7at\u0131b\u201d"}]},{"@type":"WebSite","@id":"https:\/\/www.meydan.tv\/az\/#website","url":"https:\/\/www.meydan.tv\/az\/","name":"MEYDAN.TV","description":"Meydan TV Az\u0259rbaycan\u0131n media m\u0259kan\u0131ndak\u0131 alternativ s\u0259sidir","publisher":{"@id":"https:\/\/www.meydan.tv\/az\/#organization"},"potentialAction":[{"@type":"SearchAction","target":{"@type":"EntryPoint","urlTemplate":"https:\/\/www.meydan.tv\/az\/?s={search_term_string}"},"query-input":{"@type":"PropertyValueSpecification","valueRequired":true,"valueName":"search_term_string"}}],"inLanguage":"az"},{"@type":"Organization","@id":"https:\/\/www.meydan.tv\/az\/#organization","name":"Meydan TV","url":"https:\/\/www.meydan.tv\/az\/","logo":{"@type":"ImageObject","inLanguage":"az","@id":"https:\/\/www.meydan.tv\/az\/#\/schema\/logo\/image\/","url":"https:\/\/www.meydan.tv\/wp-content\/uploads\/2021\/07\/meydan-logo.svg","contentUrl":"https:\/\/www.meydan.tv\/wp-content\/uploads\/2021\/07\/meydan-logo.svg","width":195,"height":46,"caption":"Meydan TV"},"image":{"@id":"https:\/\/www.meydan.tv\/az\/#\/schema\/logo\/image\/"}},{"@type":"Person","@id":"https:\/\/www.meydan.tv\/az\/#\/schema\/person\/10d11eccf6da3662cf5fdab9806ea91a","name":"user-manager"}]}},"_links":{"self":[{"href":"https:\/\/www.meydan.tv\/az\/wp-json\/wp\/v2\/posts\/212402","targetHints":{"allow":["GET"]}}],"collection":[{"href":"https:\/\/www.meydan.tv\/az\/wp-json\/wp\/v2\/posts"}],"about":[{"href":"https:\/\/www.meydan.tv\/az\/wp-json\/wp\/v2\/types\/post"}],"author":[{"embeddable":true,"href":"https:\/\/www.meydan.tv\/az\/wp-json\/wp\/v2\/users\/11"}],"replies":[{"embeddable":true,"href":"https:\/\/www.meydan.tv\/az\/wp-json\/wp\/v2\/comments?post=212402"}],"version-history":[{"count":0,"href":"https:\/\/www.meydan.tv\/az\/wp-json\/wp\/v2\/posts\/212402\/revisions"}],"wp:featuredmedia":[{"embeddable":true,"href":"https:\/\/www.meydan.tv\/az\/wp-json\/wp\/v2\/media\/209174"}],"wp:attachment":[{"href":"https:\/\/www.meydan.tv\/az\/wp-json\/wp\/v2\/media?parent=212402"}],"wp:term":[{"taxonomy":"category","embeddable":true,"href":"https:\/\/www.meydan.tv\/az\/wp-json\/wp\/v2\/categories?post=212402"},{"taxonomy":"post_tag","embeddable":true,"href":"https:\/\/www.meydan.tv\/az\/wp-json\/wp\/v2\/tags?post=212402"}],"curies":[{"name":"wp","href":"https:\/\/api.w.org\/{rel}","templated":true}]}}