{"id":212387,"date":"2021-08-12T11:48:45","date_gmt":"2021-08-12T11:48:45","guid":{"rendered":"https:\/\/www.meydan.tv\/article\/bas-prokurorluq-6-ayda-33-qadin-qesden-oldurulub\/"},"modified":"2021-08-12T11:48:45","modified_gmt":"2021-08-12T11:48:45","slug":"bas-prokurorluq-6-ayda-33-qadin-qesden-oldurulub","status":"publish","type":"post","link":"https:\/\/www.meydan.tv\/az\/article\/bas-prokurorluq-6-ayda-33-qadin-qesden-oldurulub\/","title":{"rendered":"Ba\u015f Prokurorluq: 6 ayda 33 qad\u0131n q\u0259sd\u0259n \u00f6ld\u00fcr\u00fcl\u00fcb"},"content":{"rendered":"<p>\n  <i><br \/>\n    Gender aktivisti: \u201cT\u0259kc\u0259 iyul ay\u0131nda 9 qad\u0131n q\u0259tl\u0259 yetirilib\u201d<br \/>\n  <\/i>\n<\/p>\n<p>\n  T\u0259kc\u0259 bu ilin 6 ay\u0131 \u0259rzind\u0259 33 qad\u0131n q\u0259sd\u0259n \u00f6ld\u00fcr\u00fcl\u00fcb.\n<\/p>\n<p>\n  M\u0259lumat\u0131 Az\u0259rbaycan\u0131n Ba\u015f Prokurorlu\u011fu yay\u0131b.\n<\/p>\n<p>\n  Prokurorlu\u011fun yayd\u0131\u011f\u0131 m\u00fcraci\u0259td\u0259 bildirilir ki, qad\u0131nlara qar\u015f\u0131 psixi v\u0259 fiziki zorak\u0131l\u0131q sa\u011flam c\u0259miyy\u0259t \u00fc\u00e7\u00fcn ciddi t\u0259hdiddir: \u201cT\u0259\u0259ss\u00fcfl\u0259r olsun ki, t\u0259kc\u0259 bu ilin I yar\u0131mili \u0259rzind\u0259 ba\u015f ver\u0259n q\u0259sd\u0259n adam \u00f6ld\u00fcrm\u0259 cinay\u0259tl\u0259ri n\u0259tic\u0259sind\u0259 33 qad\u0131n z\u0259r\u0259r \u00e7\u0259kib. Qad\u0131nlara qar\u015f\u0131 zorak\u0131l\u0131qla m\u00fcbariz\u0259d\u0259 \u0259n b\u00f6y\u00fck mane\u0259 susmaqd\u0131r\u201d.\n<\/p>\n<p>\n  M\u00fcraci\u0259tind\u0259 qeyd olunur ki, insanlar bu bax\u0131mdan susaraq cinay\u0259t\u0259 ortaq olmamal\u0131d\u0131r:\n<\/p>\n<p>\n  \u201cQad\u0131na qar\u015f\u0131 zorak\u0131l\u0131q hallar\u0131 il\u0259 \u00fczl\u0259\u015fdikd\u0259 d\u0259rhal Ba\u015f Prokurorlu\u011fun \u201c961&quot; \u00c7a\u011fr\u0131 M\u0259rk\u0259zin\u0259 m\u00fcraci\u0259t edin\u201d, \u2013 dey\u0259 Ba\u015f Prokurorluq bildirib.\n<\/p>\n<p>\n  Gender aktivisti G\u00fclnar\u0259 Mehdiyevan\u0131n s\u00f6zl\u0259rin\u0259 g\u00f6r\u0259, t\u0259kc\u0259 iyulda Az\u0259rbaycanda 9 qad\u0131n ya \u0259ri, ya da sevgilisi t\u0259r\u0259find\u0259n q\u0259tl\u0259 yetirilib.\n<\/p>\n<p>\n  Qad\u0131n h\u00fcquqlar\u0131 m\u00fcdafi\u0259\u00e7il\u0259ri, gender aktivistl\u0259ri daim a\u00e7\u0131qlamalar\u0131nda m\u0259i\u015f\u0259t zorak\u0131l\u0131\u011f\u0131 sah\u0259sind\u0259 \u0259sas problemin aidiyyat\u0131 qurumlar\u0131n \u015fikay\u0259ti normal ara\u015fd\u0131rmamas\u0131nda g\u00f6r\u00fcrl\u0259r.\n<\/p>\n<p>\n  Onlar bildirirl\u0259r ki, \u0259g\u0259r polis orqanlar\u0131 qad\u0131nlar\u0131n \u015fikay\u0259tini aidiyyat\u0131 \u00fczr\u0259 ara\u015fd\u0131rsa, zorak\u0131l\u0131q t\u00f6r\u0259d\u0259n \u015f\u0259xs\u0259 qar\u015f\u0131 t\u0259dbir g\u00f6rs\u0259l\u0259r, ail\u0259ni bar\u0131\u015fd\u0131rma\u011fa meyilli olmasalar qad\u0131n cinay\u0259tl\u0259rinin say\u0131 da xeyli azalar.<\/p>\n","protected":false},"excerpt":{"rendered":"<p>Gender aktivisti: \u201cT\u0259kc\u0259 iyul ay\u0131nda 9 qad\u0131n q\u0259tl\u0259 yetirilib\u201d<\/p>\n","protected":false},"author":11,"featured_media":209153,"comment_status":"closed","ping_status":"open","sticky":false,"template":"","format":"standard","meta":{"_acf_changed":false,"_sitemap_exclude":false,"_sitemap_priority":"","_sitemap_frequency":"","footnotes":""},"categories":[56],"tags":[],"class_list":["post-212387","post","type-post","status-publish","format-standard","has-post-thumbnail","hentry","category-xeberler","infinite-scroll-item","generate-columns","tablet-grid-50","mobile-grid-100","grid-parent","grid-33","no-featured-image-padding"],"acf":[],"yoast_head":"<!-- This site is optimized with the Yoast SEO plugin v27.5 - https:\/\/yoast.com\/product\/yoast-seo-wordpress\/ -->\n<title>Ba\u015f Prokurorluq: 6 ayda 33 qad\u0131n q\u0259sd\u0259n \u00f6ld\u00fcr\u00fcl\u00fcb - MEYDAN.TV<\/title>\n<meta name=\"robots\" content=\"index, follow, max-snippet:-1, max-image-preview:large, max-video-preview:-1\" \/>\n<link rel=\"canonical\" href=\"https:\/\/www.meydan.tv\/az\/article\/bas-prokurorluq-6-ayda-33-qadin-qesden-oldurulub\/\" \/>\n<meta property=\"og:locale\" content=\"az_AZ\" \/>\n<meta property=\"og:type\" content=\"article\" \/>\n<meta property=\"og:title\" content=\"Ba\u015f Prokurorluq: 6 ayda 33 qad\u0131n q\u0259sd\u0259n \u00f6ld\u00fcr\u00fcl\u00fcb - MEYDAN.TV\" \/>\n<meta property=\"og:description\" content=\"Gender aktivisti: \u201cT\u0259kc\u0259 iyul ay\u0131nda 9 qad\u0131n q\u0259tl\u0259 yetirilib\u201d\" \/>\n<meta property=\"og:url\" content=\"https:\/\/www.meydan.tv\/az\/article\/bas-prokurorluq-6-ayda-33-qadin-qesden-oldurulub\/\" \/>\n<meta property=\"og:site_name\" content=\"MEYDAN.TV\" \/>\n<meta property=\"article:published_time\" content=\"2021-08-12T11:48:45+00:00\" \/>\n<meta property=\"og:image\" content=\"https:\/\/www.meydan.tv\/wp-content\/uploads\/untitled_artwork_3_ukogln4-scaled.jpg\" \/>\n\t<meta property=\"og:image:width\" content=\"2560\" \/>\n\t<meta property=\"og:image:height\" content=\"1707\" \/>\n\t<meta property=\"og:image:type\" content=\"image\/jpeg\" \/>\n<meta name=\"author\" content=\"user-manager\" \/>\n<meta name=\"twitter:card\" content=\"summary_large_image\" \/>\n<script type=\"application\/ld+json\" class=\"yoast-schema-graph\">{\"@context\":\"https:\\\/\\\/schema.org\",\"@graph\":[{\"@type\":\"Article\",\"@id\":\"https:\\\/\\\/www.meydan.tv\\\/az\\\/article\\\/bas-prokurorluq-6-ayda-33-qadin-qesden-oldurulub\\\/#article\",\"isPartOf\":{\"@id\":\"https:\\\/\\\/www.meydan.tv\\\/az\\\/article\\\/bas-prokurorluq-6-ayda-33-qadin-qesden-oldurulub\\\/\"},\"author\":{\"name\":\"user-manager\",\"@id\":\"https:\\\/\\\/www.meydan.tv\\\/az\\\/#\\\/schema\\\/person\\\/10d11eccf6da3662cf5fdab9806ea91a\"},\"headline\":\"Ba\u015f Prokurorluq: 6 ayda 33 qad\u0131n q\u0259sd\u0259n \u00f6ld\u00fcr\u00fcl\u00fcb\",\"datePublished\":\"2021-08-12T11:48:45+00:00\",\"mainEntityOfPage\":{\"@id\":\"https:\\\/\\\/www.meydan.tv\\\/az\\\/article\\\/bas-prokurorluq-6-ayda-33-qadin-qesden-oldurulub\\\/\"},\"wordCount\":290,\"publisher\":{\"@id\":\"https:\\\/\\\/www.meydan.tv\\\/az\\\/#organization\"},\"image\":{\"@id\":\"https:\\\/\\\/www.meydan.tv\\\/az\\\/article\\\/bas-prokurorluq-6-ayda-33-qadin-qesden-oldurulub\\\/#primaryimage\"},\"thumbnailUrl\":\"https:\\\/\\\/www.meydan.tv\\\/wp-content\\\/uploads\\\/untitled_artwork_3_ukogln4-scaled.jpg\",\"articleSection\":[\"X\u0259b\u0259rl\u0259r\"],\"inLanguage\":\"az\"},{\"@type\":\"WebPage\",\"@id\":\"https:\\\/\\\/www.meydan.tv\\\/az\\\/article\\\/bas-prokurorluq-6-ayda-33-qadin-qesden-oldurulub\\\/\",\"url\":\"https:\\\/\\\/www.meydan.tv\\\/az\\\/article\\\/bas-prokurorluq-6-ayda-33-qadin-qesden-oldurulub\\\/\",\"name\":\"Ba\u015f Prokurorluq: 6 ayda 33 qad\u0131n q\u0259sd\u0259n \u00f6ld\u00fcr\u00fcl\u00fcb - MEYDAN.TV\",\"isPartOf\":{\"@id\":\"https:\\\/\\\/www.meydan.tv\\\/az\\\/#website\"},\"primaryImageOfPage\":{\"@id\":\"https:\\\/\\\/www.meydan.tv\\\/az\\\/article\\\/bas-prokurorluq-6-ayda-33-qadin-qesden-oldurulub\\\/#primaryimage\"},\"image\":{\"@id\":\"https:\\\/\\\/www.meydan.tv\\\/az\\\/article\\\/bas-prokurorluq-6-ayda-33-qadin-qesden-oldurulub\\\/#primaryimage\"},\"thumbnailUrl\":\"https:\\\/\\\/www.meydan.tv\\\/wp-content\\\/uploads\\\/untitled_artwork_3_ukogln4-scaled.jpg\",\"datePublished\":\"2021-08-12T11:48:45+00:00\",\"breadcrumb\":{\"@id\":\"https:\\\/\\\/www.meydan.tv\\\/az\\\/article\\\/bas-prokurorluq-6-ayda-33-qadin-qesden-oldurulub\\\/#breadcrumb\"},\"inLanguage\":\"az\",\"potentialAction\":[{\"@type\":\"ReadAction\",\"target\":[\"https:\\\/\\\/www.meydan.tv\\\/az\\\/article\\\/bas-prokurorluq-6-ayda-33-qadin-qesden-oldurulub\\\/\"]}]},{\"@type\":\"ImageObject\",\"inLanguage\":\"az\",\"@id\":\"https:\\\/\\\/www.meydan.tv\\\/az\\\/article\\\/bas-prokurorluq-6-ayda-33-qadin-qesden-oldurulub\\\/#primaryimage\",\"url\":\"https:\\\/\\\/www.meydan.tv\\\/wp-content\\\/uploads\\\/untitled_artwork_3_ukogln4-scaled.jpg\",\"contentUrl\":\"https:\\\/\\\/www.meydan.tv\\\/wp-content\\\/uploads\\\/untitled_artwork_3_ukogln4-scaled.jpg\",\"width\":2560,\"height\":1707,\"caption\":\"Source: Meydan Tv\"},{\"@type\":\"BreadcrumbList\",\"@id\":\"https:\\\/\\\/www.meydan.tv\\\/az\\\/article\\\/bas-prokurorluq-6-ayda-33-qadin-qesden-oldurulub\\\/#breadcrumb\",\"itemListElement\":[{\"@type\":\"ListItem\",\"position\":1,\"name\":\"Ana s\u0259hif\u0259\",\"item\":\"https:\\\/\\\/www.meydan.tv\\\/az\\\/\"},{\"@type\":\"ListItem\",\"position\":2,\"name\":\"X\u0259b\u0259rl\u0259r\",\"item\":\"https:\\\/\\\/www.meydan.tv\\\/az\\\/section\\\/xeberler\\\/\"},{\"@type\":\"ListItem\",\"position\":3,\"name\":\"Ba\u015f Prokurorluq: 6 ayda 33 qad\u0131n q\u0259sd\u0259n \u00f6ld\u00fcr\u00fcl\u00fcb\"}]},{\"@type\":\"WebSite\",\"@id\":\"https:\\\/\\\/www.meydan.tv\\\/az\\\/#website\",\"url\":\"https:\\\/\\\/www.meydan.tv\\\/az\\\/\",\"name\":\"MEYDAN.TV\",\"description\":\"Meydan TV Az\u0259rbaycan\u0131n media m\u0259kan\u0131ndak\u0131 alternativ s\u0259sidir\",\"publisher\":{\"@id\":\"https:\\\/\\\/www.meydan.tv\\\/az\\\/#organization\"},\"potentialAction\":[{\"@type\":\"SearchAction\",\"target\":{\"@type\":\"EntryPoint\",\"urlTemplate\":\"https:\\\/\\\/www.meydan.tv\\\/az\\\/?s={search_term_string}\"},\"query-input\":{\"@type\":\"PropertyValueSpecification\",\"valueRequired\":true,\"valueName\":\"search_term_string\"}}],\"inLanguage\":\"az\"},{\"@type\":\"Organization\",\"@id\":\"https:\\\/\\\/www.meydan.tv\\\/az\\\/#organization\",\"name\":\"Meydan TV\",\"url\":\"https:\\\/\\\/www.meydan.tv\\\/az\\\/\",\"logo\":{\"@type\":\"ImageObject\",\"inLanguage\":\"az\",\"@id\":\"https:\\\/\\\/www.meydan.tv\\\/az\\\/#\\\/schema\\\/logo\\\/image\\\/\",\"url\":\"https:\\\/\\\/www.meydan.tv\\\/wp-content\\\/uploads\\\/2021\\\/07\\\/meydan-logo.svg\",\"contentUrl\":\"https:\\\/\\\/www.meydan.tv\\\/wp-content\\\/uploads\\\/2021\\\/07\\\/meydan-logo.svg\",\"width\":195,\"height\":46,\"caption\":\"Meydan TV\"},\"image\":{\"@id\":\"https:\\\/\\\/www.meydan.tv\\\/az\\\/#\\\/schema\\\/logo\\\/image\\\/\"}},{\"@type\":\"Person\",\"@id\":\"https:\\\/\\\/www.meydan.tv\\\/az\\\/#\\\/schema\\\/person\\\/10d11eccf6da3662cf5fdab9806ea91a\",\"name\":\"user-manager\"}]}<\/script>\n<!-- \/ Yoast SEO plugin. -->","yoast_head_json":{"title":"Ba\u015f Prokurorluq: 6 ayda 33 qad\u0131n q\u0259sd\u0259n \u00f6ld\u00fcr\u00fcl\u00fcb - MEYDAN.TV","robots":{"index":"index","follow":"follow","max-snippet":"max-snippet:-1","max-image-preview":"max-image-preview:large","max-video-preview":"max-video-preview:-1"},"canonical":"https:\/\/www.meydan.tv\/az\/article\/bas-prokurorluq-6-ayda-33-qadin-qesden-oldurulub\/","og_locale":"az_AZ","og_type":"article","og_title":"Ba\u015f Prokurorluq: 6 ayda 33 qad\u0131n q\u0259sd\u0259n \u00f6ld\u00fcr\u00fcl\u00fcb - MEYDAN.TV","og_description":"Gender aktivisti: \u201cT\u0259kc\u0259 iyul ay\u0131nda 9 qad\u0131n q\u0259tl\u0259 yetirilib\u201d","og_url":"https:\/\/www.meydan.tv\/az\/article\/bas-prokurorluq-6-ayda-33-qadin-qesden-oldurulub\/","og_site_name":"MEYDAN.TV","article_published_time":"2021-08-12T11:48:45+00:00","og_image":[{"width":2560,"height":1707,"url":"https:\/\/www.meydan.tv\/wp-content\/uploads\/untitled_artwork_3_ukogln4-scaled.jpg","type":"image\/jpeg"}],"author":"user-manager","twitter_card":"summary_large_image","schema":{"@context":"https:\/\/schema.org","@graph":[{"@type":"Article","@id":"https:\/\/www.meydan.tv\/az\/article\/bas-prokurorluq-6-ayda-33-qadin-qesden-oldurulub\/#article","isPartOf":{"@id":"https:\/\/www.meydan.tv\/az\/article\/bas-prokurorluq-6-ayda-33-qadin-qesden-oldurulub\/"},"author":{"name":"user-manager","@id":"https:\/\/www.meydan.tv\/az\/#\/schema\/person\/10d11eccf6da3662cf5fdab9806ea91a"},"headline":"Ba\u015f Prokurorluq: 6 ayda 33 qad\u0131n q\u0259sd\u0259n \u00f6ld\u00fcr\u00fcl\u00fcb","datePublished":"2021-08-12T11:48:45+00:00","mainEntityOfPage":{"@id":"https:\/\/www.meydan.tv\/az\/article\/bas-prokurorluq-6-ayda-33-qadin-qesden-oldurulub\/"},"wordCount":290,"publisher":{"@id":"https:\/\/www.meydan.tv\/az\/#organization"},"image":{"@id":"https:\/\/www.meydan.tv\/az\/article\/bas-prokurorluq-6-ayda-33-qadin-qesden-oldurulub\/#primaryimage"},"thumbnailUrl":"https:\/\/www.meydan.tv\/wp-content\/uploads\/untitled_artwork_3_ukogln4-scaled.jpg","articleSection":["X\u0259b\u0259rl\u0259r"],"inLanguage":"az"},{"@type":"WebPage","@id":"https:\/\/www.meydan.tv\/az\/article\/bas-prokurorluq-6-ayda-33-qadin-qesden-oldurulub\/","url":"https:\/\/www.meydan.tv\/az\/article\/bas-prokurorluq-6-ayda-33-qadin-qesden-oldurulub\/","name":"Ba\u015f Prokurorluq: 6 ayda 33 qad\u0131n q\u0259sd\u0259n \u00f6ld\u00fcr\u00fcl\u00fcb - MEYDAN.TV","isPartOf":{"@id":"https:\/\/www.meydan.tv\/az\/#website"},"primaryImageOfPage":{"@id":"https:\/\/www.meydan.tv\/az\/article\/bas-prokurorluq-6-ayda-33-qadin-qesden-oldurulub\/#primaryimage"},"image":{"@id":"https:\/\/www.meydan.tv\/az\/article\/bas-prokurorluq-6-ayda-33-qadin-qesden-oldurulub\/#primaryimage"},"thumbnailUrl":"https:\/\/www.meydan.tv\/wp-content\/uploads\/untitled_artwork_3_ukogln4-scaled.jpg","datePublished":"2021-08-12T11:48:45+00:00","breadcrumb":{"@id":"https:\/\/www.meydan.tv\/az\/article\/bas-prokurorluq-6-ayda-33-qadin-qesden-oldurulub\/#breadcrumb"},"inLanguage":"az","potentialAction":[{"@type":"ReadAction","target":["https:\/\/www.meydan.tv\/az\/article\/bas-prokurorluq-6-ayda-33-qadin-qesden-oldurulub\/"]}]},{"@type":"ImageObject","inLanguage":"az","@id":"https:\/\/www.meydan.tv\/az\/article\/bas-prokurorluq-6-ayda-33-qadin-qesden-oldurulub\/#primaryimage","url":"https:\/\/www.meydan.tv\/wp-content\/uploads\/untitled_artwork_3_ukogln4-scaled.jpg","contentUrl":"https:\/\/www.meydan.tv\/wp-content\/uploads\/untitled_artwork_3_ukogln4-scaled.jpg","width":2560,"height":1707,"caption":"Source: Meydan Tv"},{"@type":"BreadcrumbList","@id":"https:\/\/www.meydan.tv\/az\/article\/bas-prokurorluq-6-ayda-33-qadin-qesden-oldurulub\/#breadcrumb","itemListElement":[{"@type":"ListItem","position":1,"name":"Ana s\u0259hif\u0259","item":"https:\/\/www.meydan.tv\/az\/"},{"@type":"ListItem","position":2,"name":"X\u0259b\u0259rl\u0259r","item":"https:\/\/www.meydan.tv\/az\/section\/xeberler\/"},{"@type":"ListItem","position":3,"name":"Ba\u015f Prokurorluq: 6 ayda 33 qad\u0131n q\u0259sd\u0259n \u00f6ld\u00fcr\u00fcl\u00fcb"}]},{"@type":"WebSite","@id":"https:\/\/www.meydan.tv\/az\/#website","url":"https:\/\/www.meydan.tv\/az\/","name":"MEYDAN.TV","description":"Meydan TV Az\u0259rbaycan\u0131n media m\u0259kan\u0131ndak\u0131 alternativ s\u0259sidir","publisher":{"@id":"https:\/\/www.meydan.tv\/az\/#organization"},"potentialAction":[{"@type":"SearchAction","target":{"@type":"EntryPoint","urlTemplate":"https:\/\/www.meydan.tv\/az\/?s={search_term_string}"},"query-input":{"@type":"PropertyValueSpecification","valueRequired":true,"valueName":"search_term_string"}}],"inLanguage":"az"},{"@type":"Organization","@id":"https:\/\/www.meydan.tv\/az\/#organization","name":"Meydan TV","url":"https:\/\/www.meydan.tv\/az\/","logo":{"@type":"ImageObject","inLanguage":"az","@id":"https:\/\/www.meydan.tv\/az\/#\/schema\/logo\/image\/","url":"https:\/\/www.meydan.tv\/wp-content\/uploads\/2021\/07\/meydan-logo.svg","contentUrl":"https:\/\/www.meydan.tv\/wp-content\/uploads\/2021\/07\/meydan-logo.svg","width":195,"height":46,"caption":"Meydan TV"},"image":{"@id":"https:\/\/www.meydan.tv\/az\/#\/schema\/logo\/image\/"}},{"@type":"Person","@id":"https:\/\/www.meydan.tv\/az\/#\/schema\/person\/10d11eccf6da3662cf5fdab9806ea91a","name":"user-manager"}]}},"_links":{"self":[{"href":"https:\/\/www.meydan.tv\/az\/wp-json\/wp\/v2\/posts\/212387","targetHints":{"allow":["GET"]}}],"collection":[{"href":"https:\/\/www.meydan.tv\/az\/wp-json\/wp\/v2\/posts"}],"about":[{"href":"https:\/\/www.meydan.tv\/az\/wp-json\/wp\/v2\/types\/post"}],"author":[{"embeddable":true,"href":"https:\/\/www.meydan.tv\/az\/wp-json\/wp\/v2\/users\/11"}],"replies":[{"embeddable":true,"href":"https:\/\/www.meydan.tv\/az\/wp-json\/wp\/v2\/comments?post=212387"}],"version-history":[{"count":0,"href":"https:\/\/www.meydan.tv\/az\/wp-json\/wp\/v2\/posts\/212387\/revisions"}],"wp:featuredmedia":[{"embeddable":true,"href":"https:\/\/www.meydan.tv\/az\/wp-json\/wp\/v2\/media\/209153"}],"wp:attachment":[{"href":"https:\/\/www.meydan.tv\/az\/wp-json\/wp\/v2\/media?parent=212387"}],"wp:term":[{"taxonomy":"category","embeddable":true,"href":"https:\/\/www.meydan.tv\/az\/wp-json\/wp\/v2\/categories?post=212387"},{"taxonomy":"post_tag","embeddable":true,"href":"https:\/\/www.meydan.tv\/az\/wp-json\/wp\/v2\/tags?post=212387"}],"curies":[{"name":"wp","href":"https:\/\/api.w.org\/{rel}","templated":true}]}}