{"id":212347,"date":"2021-08-09T14:52:38","date_gmt":"2021-08-09T14:52:38","guid":{"rendered":"https:\/\/www.meydan.tv\/article\/vaksinasiyadan-kecmeyenlerin-fealiyyetine-icaze-verilmemelidir\/"},"modified":"2021-08-09T14:52:38","modified_gmt":"2021-08-09T14:52:38","slug":"vaksinasiyadan-kecmeyenlerin-fealiyyetine-icaze-verilmemelidir","status":"publish","type":"post","link":"https:\/\/www.meydan.tv\/az\/article\/vaksinasiyadan-kecmeyenlerin-fealiyyetine-icaze-verilmemelidir\/","title":{"rendered":"\u201cVaksinasiyadan ke\u00e7m\u0259y\u0259nl\u0259rin f\u0259aliyy\u0259tin\u0259 icaz\u0259 verilm\u0259m\u0259lidir\u201d"},"content":{"rendered":"<p>\n  <i><br \/>\n    Son sutkada 9 n\u0259f\u0259r koronavirusdan \u00f6l\u00fcb<br \/>\n  <\/i>\n<\/p>\n<p>\n  Avqust 9-da Az\u0259rbaycanda 1101 adam COVID-19 infeksiyas\u0131na yoluxub, 311 n\u0259f\u0259r m\u00fcalic\u0259 olunaraq sa\u011fal\u0131b.\n<\/p>\n<p>\n  Bu bar\u0259d\u0259 Nazirl\u0259r Kabineti yan\u0131nda Operativ Q\u0259rargah m\u0259lumat yay\u0131b. Bu g\u00fcn analiz n\u00fcmun\u0259l\u0259ri m\u00fcsb\u0259t \u00e7\u0131xan 9 x\u0259st\u0259nin v\u0259fat etdiyi g\u00f6st\u0259rilib.\n<\/p>\n<p>\n  Operativ Q\u0259rargah Az\u0259rbaycanda indiy\u0259 q\u0259d\u0259r 352 926 n\u0259f\u0259rin yeni koronavirus infeksiyas\u0131na yoluxdu\u011funu bildirib:\n<\/p>\n<p>\n  &quot;Onlardan 335 336 n\u0259f\u0259r m\u00fcalic\u0259 olunaraq sa\u011fal\u0131b, 5 072 pasiyent \u00f6l\u00fcb. Haz\u0131rda aktiv x\u0259st\u0259 say\u0131 12 518 n\u0259f\u0259rdir&quot;.\n<\/p>\n<p>\n  O c\u00fcml\u0259d\u0259n, son sutkada yeni yoluxma hallar\u0131n\u0131n m\u00fc\u0259yy\u0259nl\u0259\u015fdirilm\u0259si il\u0259 \u0259laq\u0259dar 6 947, bu g\u00fcn\u0259 q\u0259d\u0259r is\u0259 4 123 715 testin icra olundu\u011fu qeyd edilib.\n<\/p>\n<p>\n  Milli M\u0259clisin \u018fm\u0259k v\u0259 sosial siyas\u0259t komit\u0259sinin s\u0259dri Musa Quliyev \u201cReport\u201da deyib ki, son h\u0259ft\u0259l\u0259rin statistikas\u0131 g\u00f6st\u0259rir ki, Az\u0259rbaycanda COVID-19-a yoluxmada yenid\u0259n art\u0131m var. Art\u0131q reanimasiyadak\u0131 a\u011f\u0131r x\u0259st\u0259l\u0259rin v\u0259 x\u0259st\u0259likd\u0259n \u00f6l\u0259nl\u0259rin say\u0131 art\u0131b.\n<\/p>\n<p>\n  Onun s\u00f6zl\u0259rin\u0259 g\u00f6r\u0259, COVID-19-a yoluxmalar\u0131n say\u0131n\u0131n qar\u015f\u0131s\u0131n\u0131n al\u0131nmas\u0131 \u00fc\u00e7\u00fcn t\u0259dbirl\u0259r g\u00f6r\u00fclm\u0259lidir: \u201cH\u0259min t\u0259dbirl\u0259r bunlardan ibar\u0259t ola bil\u0259r: yenid\u0259n s\u0259rtl\u0259\u015fdirilmi\u015f karantin rejimin\u0259 ke\u00e7m\u0259k, m\u0259hdudiyy\u0259tl\u0259ri art\u0131rmaq v\u0259 ya vaksinasiyan\u0131 s\u00fcr\u0259tl\u0259ndirm\u0259k. Bunlar\u0131n h\u0259r \u00fc\u00e7\u00fc eyni zamanda da ola bil\u0259r. Hesab edir\u0259m ki, daha \u00e7ox \u00fcst\u00fcnl\u00fcy\u00fc vaksinasiyaya verm\u0259liyik. N\u0259z\u0259r\u0259 almaq laz\u0131md\u0131r ki, pay\u0131zda hava-damc\u0131 yolu il\u0259 yay\u0131lan infeksiyalar\u0131n da say\u0131 art\u0131r. Bu bax\u0131mdan olduqca s\u00fcr\u0259tli bir \u015f\u0259kild\u0259 vaksinasiya prosesi apar\u0131lmal\u0131d\u0131r\u201d.\n<\/p>\n<figure class=\"wp-block-image size-large\">\n  <img decoding=\"async\" src=\"https:\/\/www.meydan.tv\/az\/2c49a0d0-9e4f-3c65-ae97-e8050719beaa-jpg\/\" alt=\"2c49a0d0-9e4f-3c65-ae97-e8050719beaa.jpg\" class=\"wp-image-209060\"\/><figcaption>\n    Musa Quliyev<br \/>\n  <\/figcaption><\/figure>\n<p>\n  Komit\u0259 s\u0259dri COVID-19-la m\u00fcbariz\u0259d\u0259 maarifl\u0259ndirm\u0259 i\u015finin kifay\u0259t etm\u0259diyini vur\u011fulay\u0131b: \u201cV\u0259t\u0259nda\u015flar\u0131m\u0131z\u0131n \u00e7oxu m\u0259suliyy\u0259tsizlik, bigan\u0259lik g\u00f6st\u0259rirl\u0259r. Ona g\u00f6r\u0259 d\u0259 vaksinasiya prosesinin art\u0131r\u0131lmas\u0131 \u00fc\u00e7\u00fcn b\u0259zi stimulla\u015fd\u0131r\u0131c\u0131 v\u0259 m\u0259hdudla\u015fd\u0131r\u0131c\u0131 t\u0259dbirl\u0259rin h\u0259yata ke\u00e7irilm\u0259sin\u0259 ehtiyac var. T\u0259klif ed\u0259rdim ki, \u015f\u0259nb\u0259-bazar g\u00fcnl\u0259ri ictimai n\u0259qliyyat\u0131n h\u0259r\u0259k\u0259ti b\u0259rpa olunsun v\u0259 ondan istifad\u0259 ed\u0259nl\u0259r yaln\u0131z vaksinasiya olunmu\u015f \u015f\u0259xsl\u0259r olsun. Eyni zamanda, taksi f\u0259aliyy\u0259ti il\u0259 m\u0259\u015f\u011ful olanlar peyv\u0259nd olunsunlar. Vaksinasiyadan ke\u00e7m\u0259y\u0259nl\u0259rin f\u0259aliyy\u0259tin\u0259 icaz\u0259 verilm\u0259m\u0259lidir. Qar\u015f\u0131dan t\u0259dris d\u00f6vr\u00fc yax\u0131nla\u015f\u0131r. Hesab edir\u0259m ki, b\u00fct\u00fcn t\u0259hsilver\u0259nl\u0259r, t\u0259hsil i\u015f\u00e7il\u0259ri, t\u0259l\u0259b\u0259l\u0259r d\u0259 bu proses\u0259 c\u0259lb olunmal\u0131d\u0131rlar\u201d.\n<\/p>\n<p>\n  M.Quliyev bildirib ki, Az\u0259rbaycanda kifay\u0259t q\u0259d\u0259r vaksin ehtiyat\u0131 var: \u201cBu i\u015f\u0259 kifay\u0259t q\u0259d\u0259r klinika da c\u0259lb olunub. Ona g\u00f6r\u0259 d\u0259 \u0259n \u00e7ox \u00fcst\u00fcnl\u00fcy\u00fc vaksinasiyaya verm\u0259liyik. \u00c7\u00fcnki t\u0259cr\u00fcb\u0259 g\u00f6st\u0259rir ki, qapanmalar da m\u00fc\u0259yy\u0259n d\u00f6vr \u0259rzind\u0259 effekt verir. S\u0259rt karantin rejimi yum\u015falan kimi yenid\u0259n yoluxmada art\u0131m ba\u015f verir. Qapanmalara getm\u0259k m\u0259cburiyy\u0259td\u0259n do\u011fan bir add\u0131md\u0131r. Bunun da iqtisadi, sosial v\u0259 psixoloji g\u0259rginlikl\u0259ri olur. Bel\u0259 hallarla qar\u015f\u0131la\u015fmamaq v\u0259 sa\u011flaml\u0131\u011f\u0131m\u0131z\u0131 qorumaq \u00fc\u00e7\u00fcn m\u00fctl\u0259q qaydalara riay\u0259t etm\u0259liyik v\u0259 vaksinasiya prosesin\u0259 qo\u015fulmal\u0131y\u0131q\u201d.<\/p>\n","protected":false},"excerpt":{"rendered":"<p>\u201cV\u0259t\u0259nda\u015flar\u0131m\u0131z\u0131n \u00e7oxu m\u0259suliyy\u0259tsizlik, bigan\u0259lik g\u00f6st\u0259rirl\u0259r\u201d.<\/p>\n","protected":false},"author":11,"featured_media":161766,"comment_status":"closed","ping_status":"open","sticky":false,"template":"","format":"standard","meta":{"_acf_changed":false,"_sitemap_exclude":false,"_sitemap_priority":"","_sitemap_frequency":"","footnotes":""},"categories":[54],"tags":[],"class_list":["post-212347","post","type-post","status-publish","format-standard","has-post-thumbnail","hentry","category-sagliq","infinite-scroll-item","generate-columns","tablet-grid-50","mobile-grid-100","grid-parent","grid-33","no-featured-image-padding"],"acf":[],"yoast_head":"<!-- This site is optimized with the Yoast SEO plugin v27.4 - https:\/\/yoast.com\/product\/yoast-seo-wordpress\/ -->\n<title>\u201cVaksinasiyadan ke\u00e7m\u0259y\u0259nl\u0259rin f\u0259aliyy\u0259tin\u0259 icaz\u0259 verilm\u0259m\u0259lidir\u201d - MEYDAN.TV<\/title>\n<meta name=\"robots\" content=\"index, follow, max-snippet:-1, max-image-preview:large, max-video-preview:-1\" \/>\n<link rel=\"canonical\" href=\"https:\/\/www.meydan.tv\/az\/article\/vaksinasiyadan-kecmeyenlerin-fealiyyetine-icaze-verilmemelidir\/\" \/>\n<meta property=\"og:locale\" content=\"az_AZ\" \/>\n<meta property=\"og:type\" content=\"article\" \/>\n<meta property=\"og:title\" content=\"\u201cVaksinasiyadan ke\u00e7m\u0259y\u0259nl\u0259rin f\u0259aliyy\u0259tin\u0259 icaz\u0259 verilm\u0259m\u0259lidir\u201d - MEYDAN.TV\" \/>\n<meta property=\"og:description\" content=\"\u201cV\u0259t\u0259nda\u015flar\u0131m\u0131z\u0131n \u00e7oxu m\u0259suliyy\u0259tsizlik, bigan\u0259lik g\u00f6st\u0259rirl\u0259r\u201d.\" \/>\n<meta property=\"og:url\" content=\"https:\/\/www.meydan.tv\/az\/article\/vaksinasiyadan-kecmeyenlerin-fealiyyetine-icaze-verilmemelidir\/\" \/>\n<meta property=\"og:site_name\" content=\"MEYDAN.TV\" \/>\n<meta property=\"article:published_time\" content=\"2021-08-09T14:52:38+00:00\" \/>\n<meta property=\"og:image\" content=\"https:\/\/www.meydan.tv\/wp-content\/uploads\/covid3-scaled.jpg\" \/>\n\t<meta property=\"og:image:width\" content=\"2560\" \/>\n\t<meta property=\"og:image:height\" content=\"1440\" \/>\n\t<meta property=\"og:image:type\" content=\"image\/jpeg\" \/>\n<meta name=\"author\" content=\"user-manager\" \/>\n<meta name=\"twitter:card\" content=\"summary_large_image\" \/>\n<script type=\"application\/ld+json\" class=\"yoast-schema-graph\">{\"@context\":\"https:\\\/\\\/schema.org\",\"@graph\":[{\"@type\":\"Article\",\"@id\":\"https:\\\/\\\/www.meydan.tv\\\/az\\\/article\\\/vaksinasiyadan-kecmeyenlerin-fealiyyetine-icaze-verilmemelidir\\\/#article\",\"isPartOf\":{\"@id\":\"https:\\\/\\\/www.meydan.tv\\\/az\\\/article\\\/vaksinasiyadan-kecmeyenlerin-fealiyyetine-icaze-verilmemelidir\\\/\"},\"author\":{\"name\":\"user-manager\",\"@id\":\"https:\\\/\\\/www.meydan.tv\\\/az\\\/#\\\/schema\\\/person\\\/10d11eccf6da3662cf5fdab9806ea91a\"},\"headline\":\"\u201cVaksinasiyadan ke\u00e7m\u0259y\u0259nl\u0259rin f\u0259aliyy\u0259tin\u0259 icaz\u0259 verilm\u0259m\u0259lidir\u201d\",\"datePublished\":\"2021-08-09T14:52:38+00:00\",\"mainEntityOfPage\":{\"@id\":\"https:\\\/\\\/www.meydan.tv\\\/az\\\/article\\\/vaksinasiyadan-kecmeyenlerin-fealiyyetine-icaze-verilmemelidir\\\/\"},\"wordCount\":618,\"publisher\":{\"@id\":\"https:\\\/\\\/www.meydan.tv\\\/az\\\/#organization\"},\"image\":{\"@id\":\"https:\\\/\\\/www.meydan.tv\\\/az\\\/article\\\/vaksinasiyadan-kecmeyenlerin-fealiyyetine-icaze-verilmemelidir\\\/#primaryimage\"},\"thumbnailUrl\":\"https:\\\/\\\/www.meydan.tv\\\/wp-content\\\/uploads\\\/covid3-scaled.jpg\",\"articleSection\":[\"Sa\u011fl\u0131q\"],\"inLanguage\":\"az\"},{\"@type\":\"WebPage\",\"@id\":\"https:\\\/\\\/www.meydan.tv\\\/az\\\/article\\\/vaksinasiyadan-kecmeyenlerin-fealiyyetine-icaze-verilmemelidir\\\/\",\"url\":\"https:\\\/\\\/www.meydan.tv\\\/az\\\/article\\\/vaksinasiyadan-kecmeyenlerin-fealiyyetine-icaze-verilmemelidir\\\/\",\"name\":\"\u201cVaksinasiyadan ke\u00e7m\u0259y\u0259nl\u0259rin f\u0259aliyy\u0259tin\u0259 icaz\u0259 verilm\u0259m\u0259lidir\u201d - MEYDAN.TV\",\"isPartOf\":{\"@id\":\"https:\\\/\\\/www.meydan.tv\\\/az\\\/#website\"},\"primaryImageOfPage\":{\"@id\":\"https:\\\/\\\/www.meydan.tv\\\/az\\\/article\\\/vaksinasiyadan-kecmeyenlerin-fealiyyetine-icaze-verilmemelidir\\\/#primaryimage\"},\"image\":{\"@id\":\"https:\\\/\\\/www.meydan.tv\\\/az\\\/article\\\/vaksinasiyadan-kecmeyenlerin-fealiyyetine-icaze-verilmemelidir\\\/#primaryimage\"},\"thumbnailUrl\":\"https:\\\/\\\/www.meydan.tv\\\/wp-content\\\/uploads\\\/covid3-scaled.jpg\",\"datePublished\":\"2021-08-09T14:52:38+00:00\",\"breadcrumb\":{\"@id\":\"https:\\\/\\\/www.meydan.tv\\\/az\\\/article\\\/vaksinasiyadan-kecmeyenlerin-fealiyyetine-icaze-verilmemelidir\\\/#breadcrumb\"},\"inLanguage\":\"az\",\"potentialAction\":[{\"@type\":\"ReadAction\",\"target\":[\"https:\\\/\\\/www.meydan.tv\\\/az\\\/article\\\/vaksinasiyadan-kecmeyenlerin-fealiyyetine-icaze-verilmemelidir\\\/\"]}]},{\"@type\":\"ImageObject\",\"inLanguage\":\"az\",\"@id\":\"https:\\\/\\\/www.meydan.tv\\\/az\\\/article\\\/vaksinasiyadan-kecmeyenlerin-fealiyyetine-icaze-verilmemelidir\\\/#primaryimage\",\"url\":\"https:\\\/\\\/www.meydan.tv\\\/wp-content\\\/uploads\\\/covid3-scaled.jpg\",\"contentUrl\":\"https:\\\/\\\/www.meydan.tv\\\/wp-content\\\/uploads\\\/covid3-scaled.jpg\",\"width\":2560,\"height\":1440,\"caption\":\"Source: Meydan TV\"},{\"@type\":\"BreadcrumbList\",\"@id\":\"https:\\\/\\\/www.meydan.tv\\\/az\\\/article\\\/vaksinasiyadan-kecmeyenlerin-fealiyyetine-icaze-verilmemelidir\\\/#breadcrumb\",\"itemListElement\":[{\"@type\":\"ListItem\",\"position\":1,\"name\":\"Ana s\u0259hif\u0259\",\"item\":\"https:\\\/\\\/www.meydan.tv\\\/az\\\/\"},{\"@type\":\"ListItem\",\"position\":2,\"name\":\"Sa\u011fl\u0131q\",\"item\":\"https:\\\/\\\/www.meydan.tv\\\/az\\\/section\\\/sagliq\\\/\"},{\"@type\":\"ListItem\",\"position\":3,\"name\":\"\u201cVaksinasiyadan ke\u00e7m\u0259y\u0259nl\u0259rin f\u0259aliyy\u0259tin\u0259 icaz\u0259 verilm\u0259m\u0259lidir\u201d\"}]},{\"@type\":\"WebSite\",\"@id\":\"https:\\\/\\\/www.meydan.tv\\\/az\\\/#website\",\"url\":\"https:\\\/\\\/www.meydan.tv\\\/az\\\/\",\"name\":\"MEYDAN.TV\",\"description\":\"Meydan TV Az\u0259rbaycan\u0131n media m\u0259kan\u0131ndak\u0131 alternativ s\u0259sidir\",\"publisher\":{\"@id\":\"https:\\\/\\\/www.meydan.tv\\\/az\\\/#organization\"},\"potentialAction\":[{\"@type\":\"SearchAction\",\"target\":{\"@type\":\"EntryPoint\",\"urlTemplate\":\"https:\\\/\\\/www.meydan.tv\\\/az\\\/?s={search_term_string}\"},\"query-input\":{\"@type\":\"PropertyValueSpecification\",\"valueRequired\":true,\"valueName\":\"search_term_string\"}}],\"inLanguage\":\"az\"},{\"@type\":\"Organization\",\"@id\":\"https:\\\/\\\/www.meydan.tv\\\/az\\\/#organization\",\"name\":\"Meydan TV\",\"url\":\"https:\\\/\\\/www.meydan.tv\\\/az\\\/\",\"logo\":{\"@type\":\"ImageObject\",\"inLanguage\":\"az\",\"@id\":\"https:\\\/\\\/www.meydan.tv\\\/az\\\/#\\\/schema\\\/logo\\\/image\\\/\",\"url\":\"https:\\\/\\\/www.meydan.tv\\\/wp-content\\\/uploads\\\/2021\\\/07\\\/meydan-logo.svg\",\"contentUrl\":\"https:\\\/\\\/www.meydan.tv\\\/wp-content\\\/uploads\\\/2021\\\/07\\\/meydan-logo.svg\",\"width\":195,\"height\":46,\"caption\":\"Meydan TV\"},\"image\":{\"@id\":\"https:\\\/\\\/www.meydan.tv\\\/az\\\/#\\\/schema\\\/logo\\\/image\\\/\"}},{\"@type\":\"Person\",\"@id\":\"https:\\\/\\\/www.meydan.tv\\\/az\\\/#\\\/schema\\\/person\\\/10d11eccf6da3662cf5fdab9806ea91a\",\"name\":\"user-manager\"}]}<\/script>\n<!-- \/ Yoast SEO plugin. -->","yoast_head_json":{"title":"\u201cVaksinasiyadan ke\u00e7m\u0259y\u0259nl\u0259rin f\u0259aliyy\u0259tin\u0259 icaz\u0259 verilm\u0259m\u0259lidir\u201d - MEYDAN.TV","robots":{"index":"index","follow":"follow","max-snippet":"max-snippet:-1","max-image-preview":"max-image-preview:large","max-video-preview":"max-video-preview:-1"},"canonical":"https:\/\/www.meydan.tv\/az\/article\/vaksinasiyadan-kecmeyenlerin-fealiyyetine-icaze-verilmemelidir\/","og_locale":"az_AZ","og_type":"article","og_title":"\u201cVaksinasiyadan ke\u00e7m\u0259y\u0259nl\u0259rin f\u0259aliyy\u0259tin\u0259 icaz\u0259 verilm\u0259m\u0259lidir\u201d - MEYDAN.TV","og_description":"\u201cV\u0259t\u0259nda\u015flar\u0131m\u0131z\u0131n \u00e7oxu m\u0259suliyy\u0259tsizlik, bigan\u0259lik g\u00f6st\u0259rirl\u0259r\u201d.","og_url":"https:\/\/www.meydan.tv\/az\/article\/vaksinasiyadan-kecmeyenlerin-fealiyyetine-icaze-verilmemelidir\/","og_site_name":"MEYDAN.TV","article_published_time":"2021-08-09T14:52:38+00:00","og_image":[{"width":2560,"height":1440,"url":"https:\/\/www.meydan.tv\/wp-content\/uploads\/covid3-scaled.jpg","type":"image\/jpeg"}],"author":"user-manager","twitter_card":"summary_large_image","schema":{"@context":"https:\/\/schema.org","@graph":[{"@type":"Article","@id":"https:\/\/www.meydan.tv\/az\/article\/vaksinasiyadan-kecmeyenlerin-fealiyyetine-icaze-verilmemelidir\/#article","isPartOf":{"@id":"https:\/\/www.meydan.tv\/az\/article\/vaksinasiyadan-kecmeyenlerin-fealiyyetine-icaze-verilmemelidir\/"},"author":{"name":"user-manager","@id":"https:\/\/www.meydan.tv\/az\/#\/schema\/person\/10d11eccf6da3662cf5fdab9806ea91a"},"headline":"\u201cVaksinasiyadan ke\u00e7m\u0259y\u0259nl\u0259rin f\u0259aliyy\u0259tin\u0259 icaz\u0259 verilm\u0259m\u0259lidir\u201d","datePublished":"2021-08-09T14:52:38+00:00","mainEntityOfPage":{"@id":"https:\/\/www.meydan.tv\/az\/article\/vaksinasiyadan-kecmeyenlerin-fealiyyetine-icaze-verilmemelidir\/"},"wordCount":618,"publisher":{"@id":"https:\/\/www.meydan.tv\/az\/#organization"},"image":{"@id":"https:\/\/www.meydan.tv\/az\/article\/vaksinasiyadan-kecmeyenlerin-fealiyyetine-icaze-verilmemelidir\/#primaryimage"},"thumbnailUrl":"https:\/\/www.meydan.tv\/wp-content\/uploads\/covid3-scaled.jpg","articleSection":["Sa\u011fl\u0131q"],"inLanguage":"az"},{"@type":"WebPage","@id":"https:\/\/www.meydan.tv\/az\/article\/vaksinasiyadan-kecmeyenlerin-fealiyyetine-icaze-verilmemelidir\/","url":"https:\/\/www.meydan.tv\/az\/article\/vaksinasiyadan-kecmeyenlerin-fealiyyetine-icaze-verilmemelidir\/","name":"\u201cVaksinasiyadan ke\u00e7m\u0259y\u0259nl\u0259rin f\u0259aliyy\u0259tin\u0259 icaz\u0259 verilm\u0259m\u0259lidir\u201d - MEYDAN.TV","isPartOf":{"@id":"https:\/\/www.meydan.tv\/az\/#website"},"primaryImageOfPage":{"@id":"https:\/\/www.meydan.tv\/az\/article\/vaksinasiyadan-kecmeyenlerin-fealiyyetine-icaze-verilmemelidir\/#primaryimage"},"image":{"@id":"https:\/\/www.meydan.tv\/az\/article\/vaksinasiyadan-kecmeyenlerin-fealiyyetine-icaze-verilmemelidir\/#primaryimage"},"thumbnailUrl":"https:\/\/www.meydan.tv\/wp-content\/uploads\/covid3-scaled.jpg","datePublished":"2021-08-09T14:52:38+00:00","breadcrumb":{"@id":"https:\/\/www.meydan.tv\/az\/article\/vaksinasiyadan-kecmeyenlerin-fealiyyetine-icaze-verilmemelidir\/#breadcrumb"},"inLanguage":"az","potentialAction":[{"@type":"ReadAction","target":["https:\/\/www.meydan.tv\/az\/article\/vaksinasiyadan-kecmeyenlerin-fealiyyetine-icaze-verilmemelidir\/"]}]},{"@type":"ImageObject","inLanguage":"az","@id":"https:\/\/www.meydan.tv\/az\/article\/vaksinasiyadan-kecmeyenlerin-fealiyyetine-icaze-verilmemelidir\/#primaryimage","url":"https:\/\/www.meydan.tv\/wp-content\/uploads\/covid3-scaled.jpg","contentUrl":"https:\/\/www.meydan.tv\/wp-content\/uploads\/covid3-scaled.jpg","width":2560,"height":1440,"caption":"Source: Meydan TV"},{"@type":"BreadcrumbList","@id":"https:\/\/www.meydan.tv\/az\/article\/vaksinasiyadan-kecmeyenlerin-fealiyyetine-icaze-verilmemelidir\/#breadcrumb","itemListElement":[{"@type":"ListItem","position":1,"name":"Ana s\u0259hif\u0259","item":"https:\/\/www.meydan.tv\/az\/"},{"@type":"ListItem","position":2,"name":"Sa\u011fl\u0131q","item":"https:\/\/www.meydan.tv\/az\/section\/sagliq\/"},{"@type":"ListItem","position":3,"name":"\u201cVaksinasiyadan ke\u00e7m\u0259y\u0259nl\u0259rin f\u0259aliyy\u0259tin\u0259 icaz\u0259 verilm\u0259m\u0259lidir\u201d"}]},{"@type":"WebSite","@id":"https:\/\/www.meydan.tv\/az\/#website","url":"https:\/\/www.meydan.tv\/az\/","name":"MEYDAN.TV","description":"Meydan TV Az\u0259rbaycan\u0131n media m\u0259kan\u0131ndak\u0131 alternativ s\u0259sidir","publisher":{"@id":"https:\/\/www.meydan.tv\/az\/#organization"},"potentialAction":[{"@type":"SearchAction","target":{"@type":"EntryPoint","urlTemplate":"https:\/\/www.meydan.tv\/az\/?s={search_term_string}"},"query-input":{"@type":"PropertyValueSpecification","valueRequired":true,"valueName":"search_term_string"}}],"inLanguage":"az"},{"@type":"Organization","@id":"https:\/\/www.meydan.tv\/az\/#organization","name":"Meydan TV","url":"https:\/\/www.meydan.tv\/az\/","logo":{"@type":"ImageObject","inLanguage":"az","@id":"https:\/\/www.meydan.tv\/az\/#\/schema\/logo\/image\/","url":"https:\/\/www.meydan.tv\/wp-content\/uploads\/2021\/07\/meydan-logo.svg","contentUrl":"https:\/\/www.meydan.tv\/wp-content\/uploads\/2021\/07\/meydan-logo.svg","width":195,"height":46,"caption":"Meydan TV"},"image":{"@id":"https:\/\/www.meydan.tv\/az\/#\/schema\/logo\/image\/"}},{"@type":"Person","@id":"https:\/\/www.meydan.tv\/az\/#\/schema\/person\/10d11eccf6da3662cf5fdab9806ea91a","name":"user-manager"}]}},"_links":{"self":[{"href":"https:\/\/www.meydan.tv\/az\/wp-json\/wp\/v2\/posts\/212347","targetHints":{"allow":["GET"]}}],"collection":[{"href":"https:\/\/www.meydan.tv\/az\/wp-json\/wp\/v2\/posts"}],"about":[{"href":"https:\/\/www.meydan.tv\/az\/wp-json\/wp\/v2\/types\/post"}],"author":[{"embeddable":true,"href":"https:\/\/www.meydan.tv\/az\/wp-json\/wp\/v2\/users\/11"}],"replies":[{"embeddable":true,"href":"https:\/\/www.meydan.tv\/az\/wp-json\/wp\/v2\/comments?post=212347"}],"version-history":[{"count":0,"href":"https:\/\/www.meydan.tv\/az\/wp-json\/wp\/v2\/posts\/212347\/revisions"}],"wp:featuredmedia":[{"embeddable":true,"href":"https:\/\/www.meydan.tv\/az\/wp-json\/wp\/v2\/media\/161766"}],"wp:attachment":[{"href":"https:\/\/www.meydan.tv\/az\/wp-json\/wp\/v2\/media?parent=212347"}],"wp:term":[{"taxonomy":"category","embeddable":true,"href":"https:\/\/www.meydan.tv\/az\/wp-json\/wp\/v2\/categories?post=212347"},{"taxonomy":"post_tag","embeddable":true,"href":"https:\/\/www.meydan.tv\/az\/wp-json\/wp\/v2\/tags?post=212347"}],"curies":[{"name":"wp","href":"https:\/\/api.w.org\/{rel}","templated":true}]}}