{"id":212290,"date":"2021-08-05T09:18:12","date_gmt":"2021-08-05T09:18:12","guid":{"rendered":"https:\/\/www.meydan.tv\/article\/bakida-beynelxalq-qisa-filmler-festivali-kecirilecek\/"},"modified":"2021-08-05T09:18:12","modified_gmt":"2021-08-05T09:18:12","slug":"bakida-beynelxalq-qisa-filmler-festivali-kecirilecek","status":"publish","type":"post","link":"https:\/\/www.meydan.tv\/az\/article\/bakida-beynelxalq-qisa-filmler-festivali-kecirilecek\/","title":{"rendered":"Bak\u0131da Beyn\u0259lxalq Q\u0131sa Filml\u0259r Festival\u0131 ke\u00e7iril\u0259c\u0259k"},"content":{"rendered":"<p>\n  <i><br \/>\n    35 ya\u015f\u0131nad\u0259k rejissorlar filml\u0259rini m\u00fcsabiq\u0259y\u0259 t\u0259qdim ed\u0259 bil\u0259rl\u0259r<br \/>\n  <\/i>\n<\/p>\n<p>\n  Noyabr\u0131n 12-d\u0259n 16-d\u0259k Bak\u0131da \u0259n\u0259n\u0259vi Bak\u0131 Beyn\u0259lxalq Q\u0131sa Filml\u0259r Festival\u0131 ke\u00e7iril\u0259c\u0259k.\n<\/p>\n<p>\n  On ikinci d\u0259f\u0259dir realla\u015fan kinoforuma filml\u0259rin q\u0259bulu avqustun 25-d\u0259k davam ed\u0259c\u0259k.\n<\/p>\n<p>\n  Ya\u015f\u0131 35-\u0259 q\u0259d\u0259r olan rejissorlar 35 d\u0259qiq\u0259d\u0259n \u00e7ox olmayan q\u0131sa filml\u0259rini festival\u0131n beyn\u0259lxalq, yerli v\u0259 \u201cCinemobil\u201d b\u00f6lm\u0259l\u0259rin\u0259 t\u0259qdim ed\u0259 bil\u0259rl\u0259r.\n<\/p>\n<p>\n  Yerli m\u00fcsabiq\u0259d\u0259 \u201c\u018fn yax\u015f\u0131 b\u0259dii film\u201d, \u201c\u018fn yax\u015f\u0131 s\u0259n\u0259dli film\u201d, \u201c\u018fn yax\u015f\u0131 animasiya filmi\u201d, \u201c\u018fn yax\u015f\u0131 sosial \u00e7arx\u201d nominasiyalar\u0131 \u00fczr\u0259 qalibl\u0259r\u0259 festival\u0131n \u0259sas m\u00fckafat\u0131 \u201cQ\u0131z\u0131l Nar\u201d v\u0259 pul m\u00fckafat\u0131 t\u0259qdim edil\u0259c\u0259k.\n<\/p>\n<p>\n  Festival\u0131n yerli m\u00fcsabiq\u0259sinin \u00fcmumi m\u00fckafat fondu 5 000 manatd\u0131r. N\u00fcmayi\u015f\u0259 g\u00f6nd\u0259ril\u0259n filml\u0259r Se\u00e7im Komissiyas\u0131 t\u0259r\u0259find\u0259n se\u00e7il\u0259r\u0259k m\u00fcsabiq\u0259y\u0259 daxil edil\u0259c\u0259k.\n<\/p>\n<p>\n  Kinoforumun r\u0259smi proqram\u0131 1 noyabrda a\u00e7\u0131qlanacaq.\n<\/p>\n<p>\n  Bak\u0131 Beyn\u0259lxalq Q\u0131sa Filml\u0259r Festival\u0131na h\u0259r il d\u00fcnyan\u0131n m\u00fcxt\u0259lif \u00f6lk\u0259l\u0259rind\u0259n 2000-d\u0259n \u00e7ox film g\u00f6nd\u0259rilir. Onlar\u0131n aras\u0131nda Kann, Venesiya, Berlin Film Festivallar\u0131nda, \u201cOSKAR\u201dda m\u00fckafat v\u0259 u\u011fur qazanm\u0131\u015f filml\u0259r d\u0259 yer al\u0131r. Festival\u0131n m\u00fcsabiq\u0259 b\u00f6l\u00fcm\u00fcnd\u0259 is\u0259 f\u0259rqli yana\u015fma t\u0259rzi il\u0259 se\u00e7il\u0259n filml\u0259r yar\u0131\u015f\u0131r.\n<\/p>\n<p>\n  Bak\u0131 BQFF Az\u0259rbaycanda kinematoqraf\u0131n t\u0259m\u0259ll\u0259rind\u0259n hesab olunan q\u0131sa filml\u0259r\u0259 mara\u011f\u0131n art\u0131r\u0131lmas\u0131n\u0131, g\u0259nc kinematoqraf\u00e7\u0131lar\u0131n h\u0259v\u0259sl\u0259ndirilm\u0259si v\u0259 onlara d\u0259st\u0259yi \u00f6z\u00fcnd\u0259 \u0259ks etdirir.\n<\/p>\n<p>\n  H\u0259r il auditoriyas\u0131n\u0131 geni\u015fl\u0259ndirm\u0259yi h\u0259d\u0259fl\u0259y\u0259n festival g\u0259nc kinematoqraf\u00e7\u0131lar\u0131 bir araya g\u0259tir\u0259n \u0259n b\u00f6y\u00fck yerli kino hadis\u0259sidir.\n<\/p>\n<p>\n  2004-c\u00fc ild\u0259 t\u0259sis edil\u0259n \u201cCINEMA\u201d G\u0259nc Kinematoqraf\u00e7\u0131lar M\u0259rk\u0259zinin t\u0259sis etdiyi festival Az\u0259rbaycan M\u0259d\u0259niyy\u0259t Nazirliyinin d\u0259st\u0259yi il\u0259 ke\u00e7irilir.<\/p>\n","protected":false},"excerpt":{"rendered":"<p>Kinoforumun r\u0259smi proqram\u0131 1 noyabrda a\u00e7\u0131qlanacaq.<\/p>\n","protected":false},"author":11,"featured_media":208937,"comment_status":"closed","ping_status":"open","sticky":false,"template":"","format":"standard","meta":{"_acf_changed":false,"_sitemap_exclude":false,"_sitemap_priority":"","_sitemap_frequency":"","footnotes":""},"categories":[52],"tags":[],"class_list":["post-212290","post","type-post","status-publish","format-standard","has-post-thumbnail","hentry","category-medeniyyet","infinite-scroll-item","generate-columns","tablet-grid-50","mobile-grid-100","grid-parent","grid-33","no-featured-image-padding"],"acf":[],"yoast_head":"<!-- This site is optimized with the Yoast SEO plugin v27.4 - https:\/\/yoast.com\/product\/yoast-seo-wordpress\/ -->\n<title>Bak\u0131da Beyn\u0259lxalq Q\u0131sa Filml\u0259r Festival\u0131 ke\u00e7iril\u0259c\u0259k - MEYDAN.TV<\/title>\n<meta name=\"robots\" content=\"index, follow, max-snippet:-1, max-image-preview:large, max-video-preview:-1\" \/>\n<link rel=\"canonical\" href=\"https:\/\/www.meydan.tv\/az\/article\/bakida-beynelxalq-qisa-filmler-festivali-kecirilecek\/\" \/>\n<meta property=\"og:locale\" content=\"az_AZ\" \/>\n<meta property=\"og:type\" content=\"article\" \/>\n<meta property=\"og:title\" content=\"Bak\u0131da Beyn\u0259lxalq Q\u0131sa Filml\u0259r Festival\u0131 ke\u00e7iril\u0259c\u0259k - MEYDAN.TV\" \/>\n<meta property=\"og:description\" content=\"Kinoforumun r\u0259smi proqram\u0131 1 noyabrda a\u00e7\u0131qlanacaq.\" \/>\n<meta property=\"og:url\" content=\"https:\/\/www.meydan.tv\/az\/article\/bakida-beynelxalq-qisa-filmler-festivali-kecirilecek\/\" \/>\n<meta property=\"og:site_name\" content=\"MEYDAN.TV\" \/>\n<meta property=\"article:published_time\" content=\"2021-08-05T09:18:12+00:00\" \/>\n<meta property=\"og:image\" content=\"https:\/\/www.meydan.tv\/wp-content\/uploads\/bakuisff2021__2__720.jpg\" \/>\n\t<meta property=\"og:image:width\" content=\"720\" \/>\n\t<meta property=\"og:image:height\" content=\"480\" \/>\n\t<meta property=\"og:image:type\" content=\"image\/jpeg\" \/>\n<meta name=\"author\" content=\"user-manager\" \/>\n<meta name=\"twitter:card\" content=\"summary_large_image\" \/>\n<script type=\"application\/ld+json\" class=\"yoast-schema-graph\">{\"@context\":\"https:\\\/\\\/schema.org\",\"@graph\":[{\"@type\":\"Article\",\"@id\":\"https:\\\/\\\/www.meydan.tv\\\/az\\\/article\\\/bakida-beynelxalq-qisa-filmler-festivali-kecirilecek\\\/#article\",\"isPartOf\":{\"@id\":\"https:\\\/\\\/www.meydan.tv\\\/az\\\/article\\\/bakida-beynelxalq-qisa-filmler-festivali-kecirilecek\\\/\"},\"author\":{\"name\":\"user-manager\",\"@id\":\"https:\\\/\\\/www.meydan.tv\\\/az\\\/#\\\/schema\\\/person\\\/10d11eccf6da3662cf5fdab9806ea91a\"},\"headline\":\"Bak\u0131da Beyn\u0259lxalq Q\u0131sa Filml\u0259r Festival\u0131 ke\u00e7iril\u0259c\u0259k\",\"datePublished\":\"2021-08-05T09:18:12+00:00\",\"mainEntityOfPage\":{\"@id\":\"https:\\\/\\\/www.meydan.tv\\\/az\\\/article\\\/bakida-beynelxalq-qisa-filmler-festivali-kecirilecek\\\/\"},\"wordCount\":375,\"publisher\":{\"@id\":\"https:\\\/\\\/www.meydan.tv\\\/az\\\/#organization\"},\"image\":{\"@id\":\"https:\\\/\\\/www.meydan.tv\\\/az\\\/article\\\/bakida-beynelxalq-qisa-filmler-festivali-kecirilecek\\\/#primaryimage\"},\"thumbnailUrl\":\"https:\\\/\\\/www.meydan.tv\\\/wp-content\\\/uploads\\\/bakuisff2021__2__720.jpg\",\"articleSection\":[\"M\u0259d\u0259niyy\u0259t\"],\"inLanguage\":\"az\"},{\"@type\":\"WebPage\",\"@id\":\"https:\\\/\\\/www.meydan.tv\\\/az\\\/article\\\/bakida-beynelxalq-qisa-filmler-festivali-kecirilecek\\\/\",\"url\":\"https:\\\/\\\/www.meydan.tv\\\/az\\\/article\\\/bakida-beynelxalq-qisa-filmler-festivali-kecirilecek\\\/\",\"name\":\"Bak\u0131da Beyn\u0259lxalq Q\u0131sa Filml\u0259r Festival\u0131 ke\u00e7iril\u0259c\u0259k - MEYDAN.TV\",\"isPartOf\":{\"@id\":\"https:\\\/\\\/www.meydan.tv\\\/az\\\/#website\"},\"primaryImageOfPage\":{\"@id\":\"https:\\\/\\\/www.meydan.tv\\\/az\\\/article\\\/bakida-beynelxalq-qisa-filmler-festivali-kecirilecek\\\/#primaryimage\"},\"image\":{\"@id\":\"https:\\\/\\\/www.meydan.tv\\\/az\\\/article\\\/bakida-beynelxalq-qisa-filmler-festivali-kecirilecek\\\/#primaryimage\"},\"thumbnailUrl\":\"https:\\\/\\\/www.meydan.tv\\\/wp-content\\\/uploads\\\/bakuisff2021__2__720.jpg\",\"datePublished\":\"2021-08-05T09:18:12+00:00\",\"breadcrumb\":{\"@id\":\"https:\\\/\\\/www.meydan.tv\\\/az\\\/article\\\/bakida-beynelxalq-qisa-filmler-festivali-kecirilecek\\\/#breadcrumb\"},\"inLanguage\":\"az\",\"potentialAction\":[{\"@type\":\"ReadAction\",\"target\":[\"https:\\\/\\\/www.meydan.tv\\\/az\\\/article\\\/bakida-beynelxalq-qisa-filmler-festivali-kecirilecek\\\/\"]}]},{\"@type\":\"ImageObject\",\"inLanguage\":\"az\",\"@id\":\"https:\\\/\\\/www.meydan.tv\\\/az\\\/article\\\/bakida-beynelxalq-qisa-filmler-festivali-kecirilecek\\\/#primaryimage\",\"url\":\"https:\\\/\\\/www.meydan.tv\\\/wp-content\\\/uploads\\\/bakuisff2021__2__720.jpg\",\"contentUrl\":\"https:\\\/\\\/www.meydan.tv\\\/wp-content\\\/uploads\\\/bakuisff2021__2__720.jpg\",\"width\":720,\"height\":480,\"caption\":\"Source: Specify Source\"},{\"@type\":\"BreadcrumbList\",\"@id\":\"https:\\\/\\\/www.meydan.tv\\\/az\\\/article\\\/bakida-beynelxalq-qisa-filmler-festivali-kecirilecek\\\/#breadcrumb\",\"itemListElement\":[{\"@type\":\"ListItem\",\"position\":1,\"name\":\"Ana s\u0259hif\u0259\",\"item\":\"https:\\\/\\\/www.meydan.tv\\\/az\\\/\"},{\"@type\":\"ListItem\",\"position\":2,\"name\":\"M\u0259d\u0259niyy\u0259t\",\"item\":\"https:\\\/\\\/www.meydan.tv\\\/az\\\/section\\\/medeniyyet\\\/\"},{\"@type\":\"ListItem\",\"position\":3,\"name\":\"Bak\u0131da Beyn\u0259lxalq Q\u0131sa Filml\u0259r Festival\u0131 ke\u00e7iril\u0259c\u0259k\"}]},{\"@type\":\"WebSite\",\"@id\":\"https:\\\/\\\/www.meydan.tv\\\/az\\\/#website\",\"url\":\"https:\\\/\\\/www.meydan.tv\\\/az\\\/\",\"name\":\"MEYDAN.TV\",\"description\":\"Meydan TV Az\u0259rbaycan\u0131n media m\u0259kan\u0131ndak\u0131 alternativ s\u0259sidir\",\"publisher\":{\"@id\":\"https:\\\/\\\/www.meydan.tv\\\/az\\\/#organization\"},\"potentialAction\":[{\"@type\":\"SearchAction\",\"target\":{\"@type\":\"EntryPoint\",\"urlTemplate\":\"https:\\\/\\\/www.meydan.tv\\\/az\\\/?s={search_term_string}\"},\"query-input\":{\"@type\":\"PropertyValueSpecification\",\"valueRequired\":true,\"valueName\":\"search_term_string\"}}],\"inLanguage\":\"az\"},{\"@type\":\"Organization\",\"@id\":\"https:\\\/\\\/www.meydan.tv\\\/az\\\/#organization\",\"name\":\"Meydan TV\",\"url\":\"https:\\\/\\\/www.meydan.tv\\\/az\\\/\",\"logo\":{\"@type\":\"ImageObject\",\"inLanguage\":\"az\",\"@id\":\"https:\\\/\\\/www.meydan.tv\\\/az\\\/#\\\/schema\\\/logo\\\/image\\\/\",\"url\":\"https:\\\/\\\/www.meydan.tv\\\/wp-content\\\/uploads\\\/2021\\\/07\\\/meydan-logo.svg\",\"contentUrl\":\"https:\\\/\\\/www.meydan.tv\\\/wp-content\\\/uploads\\\/2021\\\/07\\\/meydan-logo.svg\",\"width\":195,\"height\":46,\"caption\":\"Meydan TV\"},\"image\":{\"@id\":\"https:\\\/\\\/www.meydan.tv\\\/az\\\/#\\\/schema\\\/logo\\\/image\\\/\"}},{\"@type\":\"Person\",\"@id\":\"https:\\\/\\\/www.meydan.tv\\\/az\\\/#\\\/schema\\\/person\\\/10d11eccf6da3662cf5fdab9806ea91a\",\"name\":\"user-manager\"}]}<\/script>\n<!-- \/ Yoast SEO plugin. -->","yoast_head_json":{"title":"Bak\u0131da Beyn\u0259lxalq Q\u0131sa Filml\u0259r Festival\u0131 ke\u00e7iril\u0259c\u0259k - MEYDAN.TV","robots":{"index":"index","follow":"follow","max-snippet":"max-snippet:-1","max-image-preview":"max-image-preview:large","max-video-preview":"max-video-preview:-1"},"canonical":"https:\/\/www.meydan.tv\/az\/article\/bakida-beynelxalq-qisa-filmler-festivali-kecirilecek\/","og_locale":"az_AZ","og_type":"article","og_title":"Bak\u0131da Beyn\u0259lxalq Q\u0131sa Filml\u0259r Festival\u0131 ke\u00e7iril\u0259c\u0259k - MEYDAN.TV","og_description":"Kinoforumun r\u0259smi proqram\u0131 1 noyabrda a\u00e7\u0131qlanacaq.","og_url":"https:\/\/www.meydan.tv\/az\/article\/bakida-beynelxalq-qisa-filmler-festivali-kecirilecek\/","og_site_name":"MEYDAN.TV","article_published_time":"2021-08-05T09:18:12+00:00","og_image":[{"width":720,"height":480,"url":"https:\/\/www.meydan.tv\/wp-content\/uploads\/bakuisff2021__2__720.jpg","type":"image\/jpeg"}],"author":"user-manager","twitter_card":"summary_large_image","schema":{"@context":"https:\/\/schema.org","@graph":[{"@type":"Article","@id":"https:\/\/www.meydan.tv\/az\/article\/bakida-beynelxalq-qisa-filmler-festivali-kecirilecek\/#article","isPartOf":{"@id":"https:\/\/www.meydan.tv\/az\/article\/bakida-beynelxalq-qisa-filmler-festivali-kecirilecek\/"},"author":{"name":"user-manager","@id":"https:\/\/www.meydan.tv\/az\/#\/schema\/person\/10d11eccf6da3662cf5fdab9806ea91a"},"headline":"Bak\u0131da Beyn\u0259lxalq Q\u0131sa Filml\u0259r Festival\u0131 ke\u00e7iril\u0259c\u0259k","datePublished":"2021-08-05T09:18:12+00:00","mainEntityOfPage":{"@id":"https:\/\/www.meydan.tv\/az\/article\/bakida-beynelxalq-qisa-filmler-festivali-kecirilecek\/"},"wordCount":375,"publisher":{"@id":"https:\/\/www.meydan.tv\/az\/#organization"},"image":{"@id":"https:\/\/www.meydan.tv\/az\/article\/bakida-beynelxalq-qisa-filmler-festivali-kecirilecek\/#primaryimage"},"thumbnailUrl":"https:\/\/www.meydan.tv\/wp-content\/uploads\/bakuisff2021__2__720.jpg","articleSection":["M\u0259d\u0259niyy\u0259t"],"inLanguage":"az"},{"@type":"WebPage","@id":"https:\/\/www.meydan.tv\/az\/article\/bakida-beynelxalq-qisa-filmler-festivali-kecirilecek\/","url":"https:\/\/www.meydan.tv\/az\/article\/bakida-beynelxalq-qisa-filmler-festivali-kecirilecek\/","name":"Bak\u0131da Beyn\u0259lxalq Q\u0131sa Filml\u0259r Festival\u0131 ke\u00e7iril\u0259c\u0259k - MEYDAN.TV","isPartOf":{"@id":"https:\/\/www.meydan.tv\/az\/#website"},"primaryImageOfPage":{"@id":"https:\/\/www.meydan.tv\/az\/article\/bakida-beynelxalq-qisa-filmler-festivali-kecirilecek\/#primaryimage"},"image":{"@id":"https:\/\/www.meydan.tv\/az\/article\/bakida-beynelxalq-qisa-filmler-festivali-kecirilecek\/#primaryimage"},"thumbnailUrl":"https:\/\/www.meydan.tv\/wp-content\/uploads\/bakuisff2021__2__720.jpg","datePublished":"2021-08-05T09:18:12+00:00","breadcrumb":{"@id":"https:\/\/www.meydan.tv\/az\/article\/bakida-beynelxalq-qisa-filmler-festivali-kecirilecek\/#breadcrumb"},"inLanguage":"az","potentialAction":[{"@type":"ReadAction","target":["https:\/\/www.meydan.tv\/az\/article\/bakida-beynelxalq-qisa-filmler-festivali-kecirilecek\/"]}]},{"@type":"ImageObject","inLanguage":"az","@id":"https:\/\/www.meydan.tv\/az\/article\/bakida-beynelxalq-qisa-filmler-festivali-kecirilecek\/#primaryimage","url":"https:\/\/www.meydan.tv\/wp-content\/uploads\/bakuisff2021__2__720.jpg","contentUrl":"https:\/\/www.meydan.tv\/wp-content\/uploads\/bakuisff2021__2__720.jpg","width":720,"height":480,"caption":"Source: Specify Source"},{"@type":"BreadcrumbList","@id":"https:\/\/www.meydan.tv\/az\/article\/bakida-beynelxalq-qisa-filmler-festivali-kecirilecek\/#breadcrumb","itemListElement":[{"@type":"ListItem","position":1,"name":"Ana s\u0259hif\u0259","item":"https:\/\/www.meydan.tv\/az\/"},{"@type":"ListItem","position":2,"name":"M\u0259d\u0259niyy\u0259t","item":"https:\/\/www.meydan.tv\/az\/section\/medeniyyet\/"},{"@type":"ListItem","position":3,"name":"Bak\u0131da Beyn\u0259lxalq Q\u0131sa Filml\u0259r Festival\u0131 ke\u00e7iril\u0259c\u0259k"}]},{"@type":"WebSite","@id":"https:\/\/www.meydan.tv\/az\/#website","url":"https:\/\/www.meydan.tv\/az\/","name":"MEYDAN.TV","description":"Meydan TV Az\u0259rbaycan\u0131n media m\u0259kan\u0131ndak\u0131 alternativ s\u0259sidir","publisher":{"@id":"https:\/\/www.meydan.tv\/az\/#organization"},"potentialAction":[{"@type":"SearchAction","target":{"@type":"EntryPoint","urlTemplate":"https:\/\/www.meydan.tv\/az\/?s={search_term_string}"},"query-input":{"@type":"PropertyValueSpecification","valueRequired":true,"valueName":"search_term_string"}}],"inLanguage":"az"},{"@type":"Organization","@id":"https:\/\/www.meydan.tv\/az\/#organization","name":"Meydan TV","url":"https:\/\/www.meydan.tv\/az\/","logo":{"@type":"ImageObject","inLanguage":"az","@id":"https:\/\/www.meydan.tv\/az\/#\/schema\/logo\/image\/","url":"https:\/\/www.meydan.tv\/wp-content\/uploads\/2021\/07\/meydan-logo.svg","contentUrl":"https:\/\/www.meydan.tv\/wp-content\/uploads\/2021\/07\/meydan-logo.svg","width":195,"height":46,"caption":"Meydan TV"},"image":{"@id":"https:\/\/www.meydan.tv\/az\/#\/schema\/logo\/image\/"}},{"@type":"Person","@id":"https:\/\/www.meydan.tv\/az\/#\/schema\/person\/10d11eccf6da3662cf5fdab9806ea91a","name":"user-manager"}]}},"_links":{"self":[{"href":"https:\/\/www.meydan.tv\/az\/wp-json\/wp\/v2\/posts\/212290","targetHints":{"allow":["GET"]}}],"collection":[{"href":"https:\/\/www.meydan.tv\/az\/wp-json\/wp\/v2\/posts"}],"about":[{"href":"https:\/\/www.meydan.tv\/az\/wp-json\/wp\/v2\/types\/post"}],"author":[{"embeddable":true,"href":"https:\/\/www.meydan.tv\/az\/wp-json\/wp\/v2\/users\/11"}],"replies":[{"embeddable":true,"href":"https:\/\/www.meydan.tv\/az\/wp-json\/wp\/v2\/comments?post=212290"}],"version-history":[{"count":0,"href":"https:\/\/www.meydan.tv\/az\/wp-json\/wp\/v2\/posts\/212290\/revisions"}],"wp:featuredmedia":[{"embeddable":true,"href":"https:\/\/www.meydan.tv\/az\/wp-json\/wp\/v2\/media\/208937"}],"wp:attachment":[{"href":"https:\/\/www.meydan.tv\/az\/wp-json\/wp\/v2\/media?parent=212290"}],"wp:term":[{"taxonomy":"category","embeddable":true,"href":"https:\/\/www.meydan.tv\/az\/wp-json\/wp\/v2\/categories?post=212290"},{"taxonomy":"post_tag","embeddable":true,"href":"https:\/\/www.meydan.tv\/az\/wp-json\/wp\/v2\/tags?post=212290"}],"curies":[{"name":"wp","href":"https:\/\/api.w.org\/{rel}","templated":true}]}}