{"id":212243,"date":"2021-08-02T11:51:03","date_gmt":"2021-08-02T11:51:03","guid":{"rendered":"https:\/\/www.meydan.tv\/article\/vaksinlere-qarsi-eks-gosteris-sertifikati-verilecek\/"},"modified":"2021-08-02T11:51:03","modified_gmt":"2021-08-02T11:51:03","slug":"vaksinlere-qarsi-eks-gosteris-sertifikati-verilecek","status":"publish","type":"post","link":"https:\/\/www.meydan.tv\/az\/article\/vaksinlere-qarsi-eks-gosteris-sertifikati-verilecek\/","title":{"rendered":"Vaksinl\u0259r\u0259 qar\u015f\u0131 \u201c\u018fks g\u00f6st\u0259ri\u015f sertifikat\u0131\u201d veril\u0259c\u0259k"},"content":{"rendered":"<p>\n  <i><br \/>\n    Avqustun 9-dan etibar\u0259n v\u0259t\u0259nda\u015flar poliklinikalara m\u00fcraci\u0259t ed\u0259 bil\u0259rl\u0259r<br \/>\n  <\/i>\n<\/p>\n<p>\n  Avqustun 9-dan vaksinl\u0259r\u0259 qar\u015f\u0131 \u0259ks g\u00f6st\u0259ri\u015fl\u0259ri olan insanlara \u201c\u018fks g\u00f6st\u0259ri\u015f sertifikat\u0131\u201dn\u0131n verilm\u0259sin\u0259 ba\u015flan\u0131lacaq.\n<\/p>\n<p>\n  S\u0259hiyy\u0259 Nazirliyi, \u0130cbari Tibbi S\u0131\u011forta \u00fczr\u0259 D\u00f6vl\u0259t Agentliyi v\u0259 Tibbi \u018frazi B\u00f6lm\u0259l\u0259rini \u0130dar\u0259etm\u0259 Birliyinin (T\u018fB\u0130B) birg\u0259 m\u0259lumat\u0131nda bel\u0259<br \/>\n  <a href=\"http:\/\/sehiyye.gov.az\/xeberler\/3450-azrbaycan-respublikasnn-shiyy-nazirliyi-cbari-tibbi-sorta-zr-dvlt-agentliyi-v-tibbi-razi-blmlrini-daretm-birliyinin-mlumati.html\"><br \/>\n    deyilir<br \/>\n  <\/a><br \/>\n  .\n<\/p>\n<p>\n  Bildirilir ki, \u201cAz\u0259rbaycan Respublikas\u0131nda COVID-19 x\u0259st\u0259liyi \u0259leyhin\u0259 2021-2022-ci ill\u0259r \u00fc\u00e7\u00fcn Vaksinasiya Strategiyas\u0131\u201dna uy\u011fun olaraq \u00f6lk\u0259 \u00fczr\u0259 peyv\u0259ndl\u0259nm\u0259 prosesi davam edir:\n<\/p>\n<p>\n  \u201cAvqustun 9-dan etibar\u0259n \u00f6lk\u0259d\u0259 istifad\u0259sin\u0259 icaz\u0259 veril\u0259n vaksinl\u0259r\u0259 qar\u015f\u0131 \u0259ks g\u00f6st\u0259ri\u015fl\u0259ri olan \u015f\u0259xsl\u0259r\u0259 &quot;\u018fks g\u00f6st\u0259ri\u015f sertifikat\u0131&quot;n\u0131n verilm\u0259sin\u0259 ba\u015flan\u0131l\u0131r. Bunu almaq \u00fc\u00e7\u00fcn \u0259razi \u00fczr\u0259 poliklinikalara m\u00fcraci\u0259t edilm\u0259lidir\u201d.\n<\/p>\n<p>\n  M\u0259lumatda vur\u011fulan\u0131r ki, m\u00fcraci\u0259td\u0259n sonra poliklinika h\u0259min \u015f\u0259xsl\u0259rin m\u0259lumatlar\u0131n\u0131 S\u0259hiyy\u0259 Nazirliyi t\u0259r\u0259find\u0259n yarad\u0131lm\u0131\u015f x\u00fcsusi komissiyaya t\u0259qdim ed\u0259c\u0259k. Komissiyan\u0131n r\u0259yi \u0259sas\u0131nda is\u0259 v\u0259t\u0259nda\u015fa &quot;\u018fks g\u00f6st\u0259ri\u015f sertifikat\u0131&quot; veril\u0259c\u0259k.\n<\/p>\n<p>\n  Birg\u0259 a\u00e7\u0131qlamada \u0259ks g\u00f6st\u0259ri\u015fl\u0259ri olmayan v\u0259t\u0259nda\u015flara m\u00fcraci\u0259tl\u0259 vaksin olunmalar\u0131 g\u0259r\u0259kdiyi bildirilir:\n<\/p>\n<figure class=\"wp-block-image size-large\">\n  <img decoding=\"async\" src=\"https:\/\/www.meydan.tv\/az\/16190877023212418276_1200x630-jpg\/\" alt=\"16190877023212418276_1200x630.jpg\" class=\"wp-image-208784\"\/><figcaption>\n    S\u0259hiyy\u0259 Nazirliyi, \u0130cbari Tibbi S\u0131\u011forta \u00fczr\u0259 D\u00f6vl\u0259t Agentliyi v\u0259 Tibbi \u018frazi B\u00f6lm\u0259l\u0259rini \u0130dar\u0259etm\u0259 Birliyi<br \/>\n  <\/figcaption><\/figure>\n<p>\n  \u201cD\u00fcnyada v\u0259 \u00f6lk\u0259d\u0259 apar\u0131lan t\u0259dqiqatlardan \u0259ld\u0259 olunmu\u015f n\u0259tic\u0259l\u0259rin t\u0259hlili bir daha g\u00f6st\u0259rir ki, virusun yeni v\u0259 s\u00fcr\u0259tl\u0259 yay\u0131lan t\u0259hl\u00fck\u0259li n\u00f6vl\u0259rind\u0259n qorunma\u011f\u0131n \u0259n effektiv yolu vaksinasiyad\u0131r. Vaksinasiya il\u0259 yana\u015f\u0131, fiziki m\u0259saf\u0259nin saxlan\u0131lmas\u0131, maskalardan istifad\u0259 v\u0259 \u0259l t\u0259mizliyi kimi qaydalara riay\u0259t olunmal\u0131d\u0131r\u201d.\n<\/p>\n<p>\n  Az\u0259rbaycanda sentyabr\u0131n 1-d\u0259n koronavirusa qar\u015f\u0131 peyv\u0259nd olunmayan \u015f\u0259xsl\u0259rin kafe v\u0259 restoranlara, iri ticar\u0259t m\u0259rk\u0259zl\u0259rin\u0259, mehmanxanalara giri\u015fi m\u0259hdudla\u015fd\u0131r\u0131lacaq. Bu, Nazirl\u0259r Kabinetinin &quot;X\u00fcsusi karantin rejiminin m\u00fcdd\u0259tinin uzad\u0131lmas\u0131 v\u0259 b\u0259zi m\u0259hdudiyy\u0259tl\u0259rin aradan qald\u0131r\u0131lmas\u0131 il\u0259 ba\u011fl\u0131 t\u0259dbirl\u0259r bar\u0259d\u0259&quot; q\u0259rarda etdiyi d\u0259yi\u015fiklikd\u0259 \u0259ksini tap\u0131b.\n<\/p>\n<p>\n  Obyektl\u0259rin giri\u015find\u0259 COVID-19 pasportu v\u0259 ya \u0130mmunitet sertifikat\u0131 t\u0259qdim etm\u0259y\u0259nl\u0259r i\u00e7\u0259ri burax\u0131lmayacaqlar. Sentyabr\u0131n 1-d\u0259n 18 ya\u015f\u0131ndan yuxar\u0131 t\u0259l\u0259b\u0259l\u0259rd\u0259n d\u0259 COVID-19 pasportu ist\u0259nil\u0259c\u0259k.\n<\/p>\n<p>\n  Haz\u0131rda is\u0259 yaln\u0131z idman zallar\u0131na, \u015fadl\u0131q saraylar\u0131na v\u0259 dini ibad\u0259t yerl\u0259rin\u0259 ged\u0259rk\u0259n COV\u0130D pasportu v\u0259 ya immunitet sertifikat\u0131 t\u0259l\u0259b edilir.\n<\/p>\n<p>\n  2019-cu ilin sonlar\u0131nda \u00c7ind\u0259 yaran\u0131b d\u00fcnyaya yay\u0131lan koronavirus 2020-ci il mart\u0131n 11-d\u0259 D\u00fcnya S\u0259hiyy\u0259 T\u0259\u015fkilat\u0131 t\u0259r\u0259find\u0259n pandemiya elan edilib. D\u00fcnyada s\u00fcr\u0259tl\u0259 yay\u0131lan bu virusdan indiy\u0259 q\u0259d\u0259r 4.2 milyondan \u00e7ox \u015f\u0259xsin v\u0259fat etdiyi a\u00e7\u0131qlan\u0131b. Az\u0259rbaycanda is\u0259 bu vaxta q\u0259d\u0259r \u00fcmumilikd\u0259 344 min 520 n\u0259f\u0259rin koronavirus infeksiyas\u0131na yoluxdu\u011fu m\u00fc\u0259yy\u0259n edilib, onlardan 5 min 27-nin v\u0259fat etdiyi bildirilib.<\/p>\n","protected":false},"excerpt":{"rendered":"<p>&#8220;Obyektl\u0259rin giri\u015find\u0259 COVID-19 pasportu v\u0259 ya \u0130mmunitet sertifikat\u0131 t\u0259qdim etm\u0259y\u0259nl\u0259r i\u00e7\u0259ri burax\u0131lmayacaqlar&#8221;<\/p>\n","protected":false},"author":11,"featured_media":161616,"comment_status":"closed","ping_status":"open","sticky":false,"template":"","format":"standard","meta":{"_acf_changed":false,"_sitemap_exclude":false,"_sitemap_priority":"","_sitemap_frequency":"","footnotes":""},"categories":[54],"tags":[],"class_list":["post-212243","post","type-post","status-publish","format-standard","has-post-thumbnail","hentry","category-sagliq","infinite-scroll-item","generate-columns","tablet-grid-50","mobile-grid-100","grid-parent","grid-33","no-featured-image-padding"],"acf":[],"yoast_head":"<!-- This site is optimized with the Yoast SEO plugin v27.4 - https:\/\/yoast.com\/product\/yoast-seo-wordpress\/ -->\n<title>Vaksinl\u0259r\u0259 qar\u015f\u0131 \u201c\u018fks g\u00f6st\u0259ri\u015f sertifikat\u0131\u201d veril\u0259c\u0259k - MEYDAN.TV<\/title>\n<meta name=\"robots\" content=\"index, follow, max-snippet:-1, max-image-preview:large, max-video-preview:-1\" \/>\n<link rel=\"canonical\" href=\"https:\/\/www.meydan.tv\/az\/article\/vaksinlere-qarsi-eks-gosteris-sertifikati-verilecek\/\" \/>\n<meta property=\"og:locale\" content=\"az_AZ\" \/>\n<meta property=\"og:type\" content=\"article\" \/>\n<meta property=\"og:title\" content=\"Vaksinl\u0259r\u0259 qar\u015f\u0131 \u201c\u018fks g\u00f6st\u0259ri\u015f sertifikat\u0131\u201d veril\u0259c\u0259k - MEYDAN.TV\" \/>\n<meta property=\"og:description\" content=\"&quot;Obyektl\u0259rin giri\u015find\u0259 COVID-19 pasportu v\u0259 ya \u0130mmunitet sertifikat\u0131 t\u0259qdim etm\u0259y\u0259nl\u0259r i\u00e7\u0259ri burax\u0131lmayacaqlar&quot;\" \/>\n<meta property=\"og:url\" content=\"https:\/\/www.meydan.tv\/az\/article\/vaksinlere-qarsi-eks-gosteris-sertifikati-verilecek\/\" \/>\n<meta property=\"og:site_name\" content=\"MEYDAN.TV\" \/>\n<meta property=\"article:published_time\" content=\"2021-08-02T11:51:03+00:00\" \/>\n<meta property=\"og:image\" content=\"https:\/\/www.meydan.tv\/wp-content\/uploads\/covid1-scaled.jpg\" \/>\n\t<meta property=\"og:image:width\" content=\"2560\" \/>\n\t<meta property=\"og:image:height\" content=\"1440\" \/>\n\t<meta property=\"og:image:type\" content=\"image\/jpeg\" \/>\n<meta name=\"author\" content=\"user-manager\" \/>\n<meta name=\"twitter:card\" content=\"summary_large_image\" \/>\n<script type=\"application\/ld+json\" class=\"yoast-schema-graph\">{\"@context\":\"https:\\\/\\\/schema.org\",\"@graph\":[{\"@type\":\"Article\",\"@id\":\"https:\\\/\\\/www.meydan.tv\\\/az\\\/article\\\/vaksinlere-qarsi-eks-gosteris-sertifikati-verilecek\\\/#article\",\"isPartOf\":{\"@id\":\"https:\\\/\\\/www.meydan.tv\\\/az\\\/article\\\/vaksinlere-qarsi-eks-gosteris-sertifikati-verilecek\\\/\"},\"author\":{\"name\":\"user-manager\",\"@id\":\"https:\\\/\\\/www.meydan.tv\\\/az\\\/#\\\/schema\\\/person\\\/10d11eccf6da3662cf5fdab9806ea91a\"},\"headline\":\"Vaksinl\u0259r\u0259 qar\u015f\u0131 \u201c\u018fks g\u00f6st\u0259ri\u015f sertifikat\u0131\u201d veril\u0259c\u0259k\",\"datePublished\":\"2021-08-02T11:51:03+00:00\",\"mainEntityOfPage\":{\"@id\":\"https:\\\/\\\/www.meydan.tv\\\/az\\\/article\\\/vaksinlere-qarsi-eks-gosteris-sertifikati-verilecek\\\/\"},\"wordCount\":559,\"publisher\":{\"@id\":\"https:\\\/\\\/www.meydan.tv\\\/az\\\/#organization\"},\"image\":{\"@id\":\"https:\\\/\\\/www.meydan.tv\\\/az\\\/article\\\/vaksinlere-qarsi-eks-gosteris-sertifikati-verilecek\\\/#primaryimage\"},\"thumbnailUrl\":\"https:\\\/\\\/www.meydan.tv\\\/wp-content\\\/uploads\\\/covid1-scaled.jpg\",\"articleSection\":[\"Sa\u011fl\u0131q\"],\"inLanguage\":\"az\"},{\"@type\":\"WebPage\",\"@id\":\"https:\\\/\\\/www.meydan.tv\\\/az\\\/article\\\/vaksinlere-qarsi-eks-gosteris-sertifikati-verilecek\\\/\",\"url\":\"https:\\\/\\\/www.meydan.tv\\\/az\\\/article\\\/vaksinlere-qarsi-eks-gosteris-sertifikati-verilecek\\\/\",\"name\":\"Vaksinl\u0259r\u0259 qar\u015f\u0131 \u201c\u018fks g\u00f6st\u0259ri\u015f sertifikat\u0131\u201d veril\u0259c\u0259k - MEYDAN.TV\",\"isPartOf\":{\"@id\":\"https:\\\/\\\/www.meydan.tv\\\/az\\\/#website\"},\"primaryImageOfPage\":{\"@id\":\"https:\\\/\\\/www.meydan.tv\\\/az\\\/article\\\/vaksinlere-qarsi-eks-gosteris-sertifikati-verilecek\\\/#primaryimage\"},\"image\":{\"@id\":\"https:\\\/\\\/www.meydan.tv\\\/az\\\/article\\\/vaksinlere-qarsi-eks-gosteris-sertifikati-verilecek\\\/#primaryimage\"},\"thumbnailUrl\":\"https:\\\/\\\/www.meydan.tv\\\/wp-content\\\/uploads\\\/covid1-scaled.jpg\",\"datePublished\":\"2021-08-02T11:51:03+00:00\",\"breadcrumb\":{\"@id\":\"https:\\\/\\\/www.meydan.tv\\\/az\\\/article\\\/vaksinlere-qarsi-eks-gosteris-sertifikati-verilecek\\\/#breadcrumb\"},\"inLanguage\":\"az\",\"potentialAction\":[{\"@type\":\"ReadAction\",\"target\":[\"https:\\\/\\\/www.meydan.tv\\\/az\\\/article\\\/vaksinlere-qarsi-eks-gosteris-sertifikati-verilecek\\\/\"]}]},{\"@type\":\"ImageObject\",\"inLanguage\":\"az\",\"@id\":\"https:\\\/\\\/www.meydan.tv\\\/az\\\/article\\\/vaksinlere-qarsi-eks-gosteris-sertifikati-verilecek\\\/#primaryimage\",\"url\":\"https:\\\/\\\/www.meydan.tv\\\/wp-content\\\/uploads\\\/covid1-scaled.jpg\",\"contentUrl\":\"https:\\\/\\\/www.meydan.tv\\\/wp-content\\\/uploads\\\/covid1-scaled.jpg\",\"width\":2560,\"height\":1440,\"caption\":\"Source: Meydan TV\"},{\"@type\":\"BreadcrumbList\",\"@id\":\"https:\\\/\\\/www.meydan.tv\\\/az\\\/article\\\/vaksinlere-qarsi-eks-gosteris-sertifikati-verilecek\\\/#breadcrumb\",\"itemListElement\":[{\"@type\":\"ListItem\",\"position\":1,\"name\":\"Ana s\u0259hif\u0259\",\"item\":\"https:\\\/\\\/www.meydan.tv\\\/az\\\/\"},{\"@type\":\"ListItem\",\"position\":2,\"name\":\"Sa\u011fl\u0131q\",\"item\":\"https:\\\/\\\/www.meydan.tv\\\/az\\\/section\\\/sagliq\\\/\"},{\"@type\":\"ListItem\",\"position\":3,\"name\":\"Vaksinl\u0259r\u0259 qar\u015f\u0131 \u201c\u018fks g\u00f6st\u0259ri\u015f sertifikat\u0131\u201d veril\u0259c\u0259k\"}]},{\"@type\":\"WebSite\",\"@id\":\"https:\\\/\\\/www.meydan.tv\\\/az\\\/#website\",\"url\":\"https:\\\/\\\/www.meydan.tv\\\/az\\\/\",\"name\":\"MEYDAN.TV\",\"description\":\"Meydan TV Az\u0259rbaycan\u0131n media m\u0259kan\u0131ndak\u0131 alternativ s\u0259sidir\",\"publisher\":{\"@id\":\"https:\\\/\\\/www.meydan.tv\\\/az\\\/#organization\"},\"potentialAction\":[{\"@type\":\"SearchAction\",\"target\":{\"@type\":\"EntryPoint\",\"urlTemplate\":\"https:\\\/\\\/www.meydan.tv\\\/az\\\/?s={search_term_string}\"},\"query-input\":{\"@type\":\"PropertyValueSpecification\",\"valueRequired\":true,\"valueName\":\"search_term_string\"}}],\"inLanguage\":\"az\"},{\"@type\":\"Organization\",\"@id\":\"https:\\\/\\\/www.meydan.tv\\\/az\\\/#organization\",\"name\":\"Meydan TV\",\"url\":\"https:\\\/\\\/www.meydan.tv\\\/az\\\/\",\"logo\":{\"@type\":\"ImageObject\",\"inLanguage\":\"az\",\"@id\":\"https:\\\/\\\/www.meydan.tv\\\/az\\\/#\\\/schema\\\/logo\\\/image\\\/\",\"url\":\"https:\\\/\\\/www.meydan.tv\\\/wp-content\\\/uploads\\\/2021\\\/07\\\/meydan-logo.svg\",\"contentUrl\":\"https:\\\/\\\/www.meydan.tv\\\/wp-content\\\/uploads\\\/2021\\\/07\\\/meydan-logo.svg\",\"width\":195,\"height\":46,\"caption\":\"Meydan TV\"},\"image\":{\"@id\":\"https:\\\/\\\/www.meydan.tv\\\/az\\\/#\\\/schema\\\/logo\\\/image\\\/\"}},{\"@type\":\"Person\",\"@id\":\"https:\\\/\\\/www.meydan.tv\\\/az\\\/#\\\/schema\\\/person\\\/10d11eccf6da3662cf5fdab9806ea91a\",\"name\":\"user-manager\"}]}<\/script>\n<!-- \/ Yoast SEO plugin. -->","yoast_head_json":{"title":"Vaksinl\u0259r\u0259 qar\u015f\u0131 \u201c\u018fks g\u00f6st\u0259ri\u015f sertifikat\u0131\u201d veril\u0259c\u0259k - MEYDAN.TV","robots":{"index":"index","follow":"follow","max-snippet":"max-snippet:-1","max-image-preview":"max-image-preview:large","max-video-preview":"max-video-preview:-1"},"canonical":"https:\/\/www.meydan.tv\/az\/article\/vaksinlere-qarsi-eks-gosteris-sertifikati-verilecek\/","og_locale":"az_AZ","og_type":"article","og_title":"Vaksinl\u0259r\u0259 qar\u015f\u0131 \u201c\u018fks g\u00f6st\u0259ri\u015f sertifikat\u0131\u201d veril\u0259c\u0259k - MEYDAN.TV","og_description":"\"Obyektl\u0259rin giri\u015find\u0259 COVID-19 pasportu v\u0259 ya \u0130mmunitet sertifikat\u0131 t\u0259qdim etm\u0259y\u0259nl\u0259r i\u00e7\u0259ri burax\u0131lmayacaqlar\"","og_url":"https:\/\/www.meydan.tv\/az\/article\/vaksinlere-qarsi-eks-gosteris-sertifikati-verilecek\/","og_site_name":"MEYDAN.TV","article_published_time":"2021-08-02T11:51:03+00:00","og_image":[{"width":2560,"height":1440,"url":"https:\/\/www.meydan.tv\/wp-content\/uploads\/covid1-scaled.jpg","type":"image\/jpeg"}],"author":"user-manager","twitter_card":"summary_large_image","schema":{"@context":"https:\/\/schema.org","@graph":[{"@type":"Article","@id":"https:\/\/www.meydan.tv\/az\/article\/vaksinlere-qarsi-eks-gosteris-sertifikati-verilecek\/#article","isPartOf":{"@id":"https:\/\/www.meydan.tv\/az\/article\/vaksinlere-qarsi-eks-gosteris-sertifikati-verilecek\/"},"author":{"name":"user-manager","@id":"https:\/\/www.meydan.tv\/az\/#\/schema\/person\/10d11eccf6da3662cf5fdab9806ea91a"},"headline":"Vaksinl\u0259r\u0259 qar\u015f\u0131 \u201c\u018fks g\u00f6st\u0259ri\u015f sertifikat\u0131\u201d veril\u0259c\u0259k","datePublished":"2021-08-02T11:51:03+00:00","mainEntityOfPage":{"@id":"https:\/\/www.meydan.tv\/az\/article\/vaksinlere-qarsi-eks-gosteris-sertifikati-verilecek\/"},"wordCount":559,"publisher":{"@id":"https:\/\/www.meydan.tv\/az\/#organization"},"image":{"@id":"https:\/\/www.meydan.tv\/az\/article\/vaksinlere-qarsi-eks-gosteris-sertifikati-verilecek\/#primaryimage"},"thumbnailUrl":"https:\/\/www.meydan.tv\/wp-content\/uploads\/covid1-scaled.jpg","articleSection":["Sa\u011fl\u0131q"],"inLanguage":"az"},{"@type":"WebPage","@id":"https:\/\/www.meydan.tv\/az\/article\/vaksinlere-qarsi-eks-gosteris-sertifikati-verilecek\/","url":"https:\/\/www.meydan.tv\/az\/article\/vaksinlere-qarsi-eks-gosteris-sertifikati-verilecek\/","name":"Vaksinl\u0259r\u0259 qar\u015f\u0131 \u201c\u018fks g\u00f6st\u0259ri\u015f sertifikat\u0131\u201d veril\u0259c\u0259k - MEYDAN.TV","isPartOf":{"@id":"https:\/\/www.meydan.tv\/az\/#website"},"primaryImageOfPage":{"@id":"https:\/\/www.meydan.tv\/az\/article\/vaksinlere-qarsi-eks-gosteris-sertifikati-verilecek\/#primaryimage"},"image":{"@id":"https:\/\/www.meydan.tv\/az\/article\/vaksinlere-qarsi-eks-gosteris-sertifikati-verilecek\/#primaryimage"},"thumbnailUrl":"https:\/\/www.meydan.tv\/wp-content\/uploads\/covid1-scaled.jpg","datePublished":"2021-08-02T11:51:03+00:00","breadcrumb":{"@id":"https:\/\/www.meydan.tv\/az\/article\/vaksinlere-qarsi-eks-gosteris-sertifikati-verilecek\/#breadcrumb"},"inLanguage":"az","potentialAction":[{"@type":"ReadAction","target":["https:\/\/www.meydan.tv\/az\/article\/vaksinlere-qarsi-eks-gosteris-sertifikati-verilecek\/"]}]},{"@type":"ImageObject","inLanguage":"az","@id":"https:\/\/www.meydan.tv\/az\/article\/vaksinlere-qarsi-eks-gosteris-sertifikati-verilecek\/#primaryimage","url":"https:\/\/www.meydan.tv\/wp-content\/uploads\/covid1-scaled.jpg","contentUrl":"https:\/\/www.meydan.tv\/wp-content\/uploads\/covid1-scaled.jpg","width":2560,"height":1440,"caption":"Source: Meydan TV"},{"@type":"BreadcrumbList","@id":"https:\/\/www.meydan.tv\/az\/article\/vaksinlere-qarsi-eks-gosteris-sertifikati-verilecek\/#breadcrumb","itemListElement":[{"@type":"ListItem","position":1,"name":"Ana s\u0259hif\u0259","item":"https:\/\/www.meydan.tv\/az\/"},{"@type":"ListItem","position":2,"name":"Sa\u011fl\u0131q","item":"https:\/\/www.meydan.tv\/az\/section\/sagliq\/"},{"@type":"ListItem","position":3,"name":"Vaksinl\u0259r\u0259 qar\u015f\u0131 \u201c\u018fks g\u00f6st\u0259ri\u015f sertifikat\u0131\u201d veril\u0259c\u0259k"}]},{"@type":"WebSite","@id":"https:\/\/www.meydan.tv\/az\/#website","url":"https:\/\/www.meydan.tv\/az\/","name":"MEYDAN.TV","description":"Meydan TV Az\u0259rbaycan\u0131n media m\u0259kan\u0131ndak\u0131 alternativ s\u0259sidir","publisher":{"@id":"https:\/\/www.meydan.tv\/az\/#organization"},"potentialAction":[{"@type":"SearchAction","target":{"@type":"EntryPoint","urlTemplate":"https:\/\/www.meydan.tv\/az\/?s={search_term_string}"},"query-input":{"@type":"PropertyValueSpecification","valueRequired":true,"valueName":"search_term_string"}}],"inLanguage":"az"},{"@type":"Organization","@id":"https:\/\/www.meydan.tv\/az\/#organization","name":"Meydan TV","url":"https:\/\/www.meydan.tv\/az\/","logo":{"@type":"ImageObject","inLanguage":"az","@id":"https:\/\/www.meydan.tv\/az\/#\/schema\/logo\/image\/","url":"https:\/\/www.meydan.tv\/wp-content\/uploads\/2021\/07\/meydan-logo.svg","contentUrl":"https:\/\/www.meydan.tv\/wp-content\/uploads\/2021\/07\/meydan-logo.svg","width":195,"height":46,"caption":"Meydan TV"},"image":{"@id":"https:\/\/www.meydan.tv\/az\/#\/schema\/logo\/image\/"}},{"@type":"Person","@id":"https:\/\/www.meydan.tv\/az\/#\/schema\/person\/10d11eccf6da3662cf5fdab9806ea91a","name":"user-manager"}]}},"_links":{"self":[{"href":"https:\/\/www.meydan.tv\/az\/wp-json\/wp\/v2\/posts\/212243","targetHints":{"allow":["GET"]}}],"collection":[{"href":"https:\/\/www.meydan.tv\/az\/wp-json\/wp\/v2\/posts"}],"about":[{"href":"https:\/\/www.meydan.tv\/az\/wp-json\/wp\/v2\/types\/post"}],"author":[{"embeddable":true,"href":"https:\/\/www.meydan.tv\/az\/wp-json\/wp\/v2\/users\/11"}],"replies":[{"embeddable":true,"href":"https:\/\/www.meydan.tv\/az\/wp-json\/wp\/v2\/comments?post=212243"}],"version-history":[{"count":0,"href":"https:\/\/www.meydan.tv\/az\/wp-json\/wp\/v2\/posts\/212243\/revisions"}],"wp:featuredmedia":[{"embeddable":true,"href":"https:\/\/www.meydan.tv\/az\/wp-json\/wp\/v2\/media\/161616"}],"wp:attachment":[{"href":"https:\/\/www.meydan.tv\/az\/wp-json\/wp\/v2\/media?parent=212243"}],"wp:term":[{"taxonomy":"category","embeddable":true,"href":"https:\/\/www.meydan.tv\/az\/wp-json\/wp\/v2\/categories?post=212243"},{"taxonomy":"post_tag","embeddable":true,"href":"https:\/\/www.meydan.tv\/az\/wp-json\/wp\/v2\/tags?post=212243"}],"curies":[{"name":"wp","href":"https:\/\/api.w.org\/{rel}","templated":true}]}}