{"id":212188,"date":"2021-07-29T14:55:54","date_gmt":"2021-07-29T14:55:54","guid":{"rendered":"https:\/\/www.meydan.tv\/article\/flora-kerimova-tenqidcilerine-cavab-verdi-sizden-boyuk-muellimizin-silahdasi-olmusam\/"},"modified":"2021-07-29T14:55:54","modified_gmt":"2021-07-29T14:55:54","slug":"flora-kerimova-tenqidcilerine-cavab-verdi-sizden-boyuk-muellimizin-silahdasi-olmusam","status":"publish","type":"post","link":"https:\/\/www.meydan.tv\/az\/article\/flora-kerimova-tenqidcilerine-cavab-verdi-sizden-boyuk-muellimizin-silahdasi-olmusam\/","title":{"rendered":"Flora K\u0259rimova t\u0259nqid\u00e7il\u0259rin\u0259 cavab verdi: Sizd\u0259n b\u00f6y\u00fck m\u00fc\u0259lliminizin silahda\u015f\u0131 olmu\u015fam"},"content":{"rendered":"<p>\n  <i><br \/>\n    \u201cK\u0259ram\u0259t, \u00e7ox t\u0259\u0259ss\u00fcf edir\u0259m ki, Allah\u0131ndan b\u0259x\u015fi\u015f veril\u0259n f\u0259rqli d\u00fc\u015f\u00fcnc\u0259n la\u011f-la\u011fa v\u0259 m\u0259sx\u0259r\u0259l\u0259rd\u0259 x\u0259rcl\u0259nir\u201d<br \/>\n  <\/i>\n<\/p>\n<p>\n  \u201cBu s\u00f6zl\u0259ri m\u0259n demi\u015f\u0259m v\u0259 dediyim h\u0259r k\u0259lm\u0259min arxas\u0131nda irad\u0259ml\u0259 dururam\u201d.\n<\/p>\n<p>\n  Bu s\u00f6zl\u0259ri Xalq artisti Flora K\u0259rimova Meydan TV-d\u0259 yay\u0131mlanan m\u00fcsahib\u0259si il\u0259 ba\u011fl\u0131 deyib. O, \u201cm\u00fcxalif\u0259t olsayd\u0131m, g\u0259r\u0259k m\u0259ni \u00e7ox a\u011f\u0131ll\u0131 insanlar\u0131n siyah\u0131s\u0131na yazayd\u0131lar. M\u00fcxalif\u0259t &#8211; \u0259sl, \u0259ld\u0259qay\u0131rma yox &#8211; \u00e7ox a\u011f\u0131ll\u0131 olmal\u0131d\u0131r. \u0130qtidar\u0131 haqs\u0131z \u00e7\u0131xarma\u011fa faktlar\u0131, m\u0259ntiqi v\u0259 c\u0259sar\u0259ti olmal\u0131d\u0131r\u201d fikrin\u0259 irad bildir\u0259nl\u0259r\u0259 cavab verib.\n<\/p>\n<p>\n  Flora K\u0259rimova cavab m\u0259ktubunda yaz\u0131b:\n<\/p>\n<p>\n  \u201c30 illik h\u0259sr\u0259tim\u0259 son qoyulan qalib \u00f6lk\u0259nin v\u0259t\u0259nda\u015f\u0131yam! Aln\u0131a\u00e7\u0131q, g\u00f6z\u00fcya\u015fl\u0131, anas\u0131n\u0131n \u015f\u0259hid o\u011flu \u00fc\u00e7\u00fcn \u201cV\u0259t\u0259n sa\u011f olsun!\u201d s\u00f6z\u00fcn\u00fc dey\u0259 bil\u0259c\u0259yi q\u0259d\u0259r q\u00fcrurluyam! K\u00fctl\u0259nin q\u0131na\u011f\u0131ndan qorxub h\u0259qiq\u0259tl\u0259ri dilin\u0259 g\u0259tir\u0259 bilm\u0259y\u0259nin v\u0259t\u0259n sevisin\u0259, c\u0259sar\u0259tin\u0259 \u015f\u00fcbh\u0259m var. Sizd\u0259n f\u0259rqli olaraq &quot;\u00e7ox sa\u011f ol&quot; dem\u0259y\u0259 s\u0259mimiyy\u0259tim \u00e7at\u0131r. \u0130ndi n\u0259 var &quot;m\u00fcxalif\u0259t\u00e7ilik&quot; etm\u0259y\u0259! Bu gun siz g\u00fccl\u00fc ordusu olan d\u00f6vl\u0259td\u0259 ya\u015fay\u0131b, tox qarn\u0131n\u0131zla, s\u0259sinizi d\u00fcnyaya duyura bil\u0259c\u0259k imkanlar\u0131n\u0131zla m\u00fcxalif\u0259t\u00e7isizs\u0259, m\u0259n sovetl\u0259rd\u0259n qan\u0131 bahas\u0131na can\u0131n\u0131 qurtaran, bir \u00e7or\u0259k \u00fc\u00e7\u00fcn saatlarla n\u00f6vb\u0259 g\u00f6zl\u0259y\u0259n, ordusu \u0259li silah g\u00f6rm\u0259y\u0259n o\u011fullardan qurulan, 11.000 \u015f\u0259hidi, 50.000 qazisi, indiki \u015f\u0259hidl\u0259rd\u0259n \u00e7ox itkini olan hakimiyy\u0259tin h\u0259m iqtidar\u0131, h\u0259m m\u00fcxalif\u0259ti olmu\u015fam. S\u00f6z\u00fcn\u00fc dem\u0259y\u0259 n\u0259 meydan var idi, n\u0259 Meydan TV. \u00dcmidi h\u0259ft\u0259d\u0259 bir d\u0259f\u0259 5000 tirajla \u00e7\u0131xan 2 q\u0259zet\u0259 qalan, 25 il qada\u011fada olan, s\u0259si b\u00fct\u00fcn efirl\u0259rd\u0259n k\u0259sil\u0259n t\u0259k qad\u0131n s\u0259n\u0259tkaram! Pay\u0131n\u0131z\u0131 g\u00f6t\u00fcr\u00fcn\u201d.\n<\/p>\n<p>\n  Xalq artisti onun fikirl\u0259rin\u0259<br \/>\n  <a href=\"https:\/\/www.meydan.tv\/az\/article\/eli-kerimli-muxalifet-olmasin-demek-aile-hakimiyyeti-ebedi-olsun-demekdir\/?ref=homepage-news\"><br \/>\n    m\u00fcnasib\u0259t<br \/>\n  <\/a><br \/>\n  bildir\u0259n M\u00fcsavat Partiyas\u0131n\u0131n ba\u015fqan\u0131 Arif Hac\u0131l\u0131ya v\u0259 AXCP s\u0259dri \u018fli K\u0259rimliy\u0259 d\u0259 m\u00fcraci\u0259t edib:\n<\/p>\n<p>\n  \u201cArif b\u0259y, siz\u0259 h\u00f6rm\u0259tim b\u00f6y\u00fckd\u00fcr! Ehtimal\u0131n\u0131z do\u011frudur. 27 ild\u0259 deyil, y\u00fczl\u0259rl\u0259 d\u00fcy\u00fcnl\u0259n\u0259n \u00f6l\u00fcm-dirim sava\u015f\u0131n\u0131n 44 g\u00fcn\u0259 h\u0259ll olunmas\u0131n\u0131 g\u00f6zl\u0259m\u0259k, olunanlar xaric olunmayan v\u0259 olunmal\u0131lar\u0131 sadalamaq indiki halda n\u0259 d\u0259r\u0259c\u0259d\u0259 \u0259dal\u0259tlidir?! Demir\u0259m, siz d\u0259 kiml\u0259r\u0259s\u0259 minn\u0259tdar olun, edil\u0259nl\u0259r ed\u0259nl\u0259rin boynunun borcudur v\u0259 edir!\n<\/p>\n<p>\n  \u018fli b\u0259y, m\u00fcxalif\u0259tin, m\u00fcxalifliyin g\u00fcv\u0259nil\u0259c\u0259k simalar\u0131n\u0131 yazm\u0131\u015fam. Bu q\u0259d\u0259r say\u011f\u0131 v\u0259 t\u0259zimin i\u00e7\u0259risind\u0259 siz\u0259 xo\u015f g\u0259lm\u0259y\u0259n n\u0259 oldu? T\u0259z\u0259 a\u011fz\u0131 s\u00fcd qoxuyan, n\u0259 bahas\u0131na \u201cm\u00fcst\u0259qil\u0259m\u201d s\u00f6z\u00fcn\u00fc dil\u0259 g\u0259tirm\u0259yin \u00e7\u0259tinliyini bilm\u0259y\u0259n k\u00fctl\u0259y\u0259 deyil\u0259c\u0259k s\u00f6z\u00fcm yoxdur. Siz ki m\u0259ni 1 h\u0259ft\u0259 yox, 1 il yox, \u0130ll\u0259rdir tan\u0131d\u0131\u011f\u0131n\u0131z halda, n\u0259d\u0259 su\u00e7lay\u0131rs\u0131n\u0131z? \u00c7\u0259tinlikl\u0259ri, acl\u0131qlar\u0131, t\u0259pkil\u0259ri, \u0259ziyy\u0259tl\u0259ri, qada\u011falar\u0131, s\u00fcrg\u00fcnl\u0259ri, se\u00e7ki h\u00fcquqlar\u0131n\u0131 kim\u0259 sadalay\u0131rs\u0131n\u0131z? Kim\u0259 tarix s\u0259hif\u0259l\u0259rini v\u0259 statistikalar\u0131 g\u00f6st\u0259rirsiniz? B\u0259lk\u0259 n\u0259l\u0259rs\u0259 yad\u0131n\u0131zdan c\u0131x\u0131b?! Harda v\u0259 hans\u0131 \u015f\u0259raitd\u0259 kiml\u0259rin \u00fcz\u00fcn\u0259 n\u0259 dedikl\u0259rimi m\u0259nd\u0259n yax\u015f\u0131 bilirsiniz! Kimi des\u0259ydil\u0259r, d\u00fc\u015f\u00fcn\u0259rdim, amma sizin m\u0259ni h\u0259d\u0259f alaca\u011f\u0131n\u0131z a\u011fl\u0131ma g\u0259lm\u0259zdi. Dem\u0259diyim s\u00f6z\u00fc (M\u00fcxalif\u0259t olmas\u0131n dem\u0259k, &quot;ail\u0259 hakimiyy\u0259ti \u0259b\u0259di olsun&quot; dem\u0259kdir) yozumunuz arzunuzdur, yoxsa b\u00f6htan\u0131n\u0131z? \u0130qtidara yar\u0131nmaqdan, b\u0259hr\u0259sini g\u00f6rm\u0259kd\u0259n \u00f6tr\u00fc 25 il g\u00f6zl\u0259y\u0259c\u0259k q\u0259d\u0259r a\u011f\u0131ls\u0131zm\u0131 oldum?! M\u0259n bu mill\u0259t \u00fcc\u00fcn s\u0259simd\u0259n, s\u0259n\u0259timd\u0259n ke\u00e7ib can qoyanda indiki \u015f\u0259pik cavanlar\u0131n valideynl\u0259ri sin\u0259l\u0259rind\u0259 Leninin ni\u015fan\u0131 il\u0259 pamb\u0131q y\u0131\u011fma\u011fa gedirdi. Sizd\u0259n b\u00f6y\u00fck m\u00fc\u0259lliminizin silahda\u015f\u0131 olmu\u015fam v\u0259 varam! El\u0259diyim d\u0259 kimins\u0259 \u201cSa\u011f ol\u201c-u \u00fc\u00e7\u00fcn deyil, vicdan\u0131m, mill\u0259tim \u00fc\u00e7\u00fcn idi. Say\u011f\u0131lar\u0131mla\u201d.\n<\/p>\n<p>\n  Xalq artisti daha sonra yaz\u0131r:\n<\/p>\n<p>\n  \u201cDemi\u015f\u0259m, yen\u0259 t\u0259krar edir\u0259m, m\u0259nim davam torpaq, q\u00fcrur davas\u0131 olub, qar\u0131n yox! M\u0259nim indiki hakimiyy\u0259td\u0259n n\u0259 \u00e7\u00f6r\u0259yim g\u0259lir, n\u0259 suyum. M\u00fcst\u0259qillik d\u00f6n\u0259mind\u0259 yaln\u0131z bir f\u0259xri ad\u0131m olub, onu da 1992-ci ild\u0259 m\u0259rhum \u018fb\u00fclf\u0259z El\u00e7ib\u0259y verib! Bu ad\u0131ma g\u00f6r\u0259 d\u0259 d\u00f6vl\u0259tin 170 manat pensiyas\u0131n\u0131 al\u0131ram. He\u00e7 kim g\u00f6z\u00fcm\u0259 bax\u0131b dey\u0259 bilm\u0259z ki, Flora x\u0131rdaland\u0131. Hec kimin m\u0259ni d\u00fc\u015f\u00fcnd\u00fcy\u00fcm v\u0259 real h\u0259qiq\u0259t bildikl\u0259rimd\u0259n da\u015f\u0131nd\u0131rma\u011fa n\u0259 g\u00fcc\u00fc \u00e7atar, n\u0259 d\u0259 q\u00fcdr\u0259ti! He\u00e7 kim m\u0259n\u0259 a\u011fa deyil v\u0259 he\u00e7 kim m\u0259n\u0259 ba\u015fbil\u0259nlik ed\u0259c\u0259k ba\u015f deyil!\u201d\n<\/p>\n<p>\n  Flora K\u0259rimova publisist K\u0259ram\u0259t B\u00f6y\u00fck\u00e7\u00f6l\u00fcn d\u0259 fikirl\u0259rin\u0259 m\u00fcnasib\u0259t bildirib:\n<\/p>\n<p>\n  \u201cK\u0259ram\u0259t, \u00e7ox t\u0259\u0259ss\u00fcf edir\u0259m ki, Allah\u0131ndan b\u0259x\u015fi\u015f veril\u0259n f\u0259rqli d\u00fc\u015f\u00fcnc\u0259n la\u011f-la\u011fa v\u0259 m\u0259sx\u0259r\u0259l\u0259rd\u0259 x\u0259rcl\u0259nir.\n<\/p>\n<p>\n  Dediyim fikri s\u0259rs\u0259m qavrad\u0131nsa, b\u0259lk\u0259 yazd\u0131\u011f\u0131m\u0131 ba\u015fdan t\u0259krar bir d\u0259 oxuyasan? S\u0259nin s\u00f6z\u00fcnl\u0259 des\u0259k, m\u0259n bu ya\u015f\u0131ma kimi d\u00f6zd\u00fcm. S\u0259n ay\u0131q ba\u015f\u0131nla ne\u00e7\u0259 ya\u015f\u0131na kimi d\u00f6z\u0259 bildin?! Balas\u0131n\u0131 itirm\u0259kd\u0259n qorxan ana, balas\u0131 \u00fcc\u00fcn h\u0259r \u00e7\u00fcr yola ged\u0259r (vicdan\u0131 \u00e7\u0259r\u00e7iv\u0259sind\u0259). Balalar\u0131n\u0131 d\u00fc\u015f\u00fcnm\u0259y\u0259n, ail\u0259sini qorumayan \u201cki\u015fi\u201c v\u0259t\u0259ni \u00fc\u00e7\u00fcn kimdir?!\n<\/p>\n<p>\n  Yetim balamdan ke\u00e7ib bu mill\u0259t \u00fcc\u00fcn varl\u0131\u011f\u0131m\u0131 \u00fcy\u00fctm\u0259dim ki, kims\u0259 g\u00f6rd\u00fcy\u00fc yuxusunu ba\u015f\u0131n\u0131n b\u00f6y\u00fckl\u00fcy\u00fcn\u0259 g\u00f6r\u0259 yozsun. M\u0259n 1992-ci ild\u0259 h\u0259rbi hospitalda komadak\u0131 yaral\u0131n\u0131n alt\u0131n\u0131 yuyub t\u0259mizl\u0259y\u0259nd\u0259 s\u0259n m\u0259ni ac\u0131lad\u0131\u011f\u0131n dilimiz\u0259 v\u0259 bug\u00fcnk\u00fc kimliyin\u0259 yiy\u0259l\u0259nirdin. H\u0259l\u0259 n\u0259 a\u011fl\u0131m, n\u0259 yadda\u015f\u0131m, n\u0259 d\u0259 t\u0259xminl\u0259rim m\u0259ni yan\u0131ld\u0131b. S\u0259n\u0259 \u015f\u0259rh yazanlar y\u00fcz yox, y\u00fcz min olsa, milyonunuzun iqtidar\u0131 m\u0259nim m\u00fcxalif d\u00fc\u015f\u00fcnc\u0259mi \u0259ksin\u0259 \u00e7evir\u0259 bilm\u0259z!\u201d<\/p>\n","protected":false},"excerpt":{"rendered":"<p>&#8220;\u00c7\u0259tinlikl\u0259ri, acl\u0131qlar\u0131, t\u0259pkil\u0259ri, \u0259ziyy\u0259tl\u0259ri, qada\u011falar\u0131, s\u00fcrg\u00fcnl\u0259ri, se\u00e7ki h\u00fcquqlar\u0131n\u0131 kim\u0259 sadalay\u0131rs\u0131n\u0131z?&#8221;<\/p>\n","protected":false},"author":11,"featured_media":208483,"comment_status":"closed","ping_status":"open","sticky":false,"template":"","format":"standard","meta":{"_acf_changed":false,"_sitemap_exclude":false,"_sitemap_priority":"","_sitemap_frequency":"","footnotes":""},"categories":[52],"tags":[],"class_list":["post-212188","post","type-post","status-publish","format-standard","has-post-thumbnail","hentry","category-medeniyyet","infinite-scroll-item","generate-columns","tablet-grid-50","mobile-grid-100","grid-parent","grid-33","no-featured-image-padding"],"acf":[],"yoast_head":"<!-- This site is optimized with the Yoast SEO plugin v27.4 - https:\/\/yoast.com\/product\/yoast-seo-wordpress\/ -->\n<title>Flora K\u0259rimova t\u0259nqid\u00e7il\u0259rin\u0259 cavab verdi: Sizd\u0259n b\u00f6y\u00fck m\u00fc\u0259lliminizin silahda\u015f\u0131 olmu\u015fam - MEYDAN.TV<\/title>\n<meta name=\"robots\" content=\"index, follow, max-snippet:-1, max-image-preview:large, max-video-preview:-1\" \/>\n<link rel=\"canonical\" href=\"https:\/\/www.meydan.tv\/az\/article\/flora-kerimova-tenqidcilerine-cavab-verdi-sizden-boyuk-muellimizin-silahdasi-olmusam\/\" \/>\n<meta property=\"og:locale\" content=\"az_AZ\" \/>\n<meta property=\"og:type\" content=\"article\" \/>\n<meta property=\"og:title\" content=\"Flora K\u0259rimova t\u0259nqid\u00e7il\u0259rin\u0259 cavab verdi: Sizd\u0259n b\u00f6y\u00fck m\u00fc\u0259lliminizin silahda\u015f\u0131 olmu\u015fam - MEYDAN.TV\" \/>\n<meta property=\"og:description\" content=\"&quot;\u00c7\u0259tinlikl\u0259ri, acl\u0131qlar\u0131, t\u0259pkil\u0259ri, \u0259ziyy\u0259tl\u0259ri, qada\u011falar\u0131, s\u00fcrg\u00fcnl\u0259ri, se\u00e7ki h\u00fcquqlar\u0131n\u0131 kim\u0259 sadalay\u0131rs\u0131n\u0131z?&quot;\" \/>\n<meta property=\"og:url\" content=\"https:\/\/www.meydan.tv\/az\/article\/flora-kerimova-tenqidcilerine-cavab-verdi-sizden-boyuk-muellimizin-silahdasi-olmusam\/\" \/>\n<meta property=\"og:site_name\" content=\"MEYDAN.TV\" \/>\n<meta property=\"article:published_time\" content=\"2021-07-29T14:55:54+00:00\" \/>\n<meta property=\"og:image\" content=\"https:\/\/www.meydan.tv\/wp-content\/uploads\/flora-scaled.jpg\" \/>\n\t<meta property=\"og:image:width\" content=\"2560\" \/>\n\t<meta property=\"og:image:height\" content=\"1075\" \/>\n\t<meta property=\"og:image:type\" content=\"image\/jpeg\" \/>\n<meta name=\"author\" content=\"user-manager\" \/>\n<meta name=\"twitter:card\" content=\"summary_large_image\" \/>\n<script type=\"application\/ld+json\" class=\"yoast-schema-graph\">{\"@context\":\"https:\\\/\\\/schema.org\",\"@graph\":[{\"@type\":\"Article\",\"@id\":\"https:\\\/\\\/www.meydan.tv\\\/az\\\/article\\\/flora-kerimova-tenqidcilerine-cavab-verdi-sizden-boyuk-muellimizin-silahdasi-olmusam\\\/#article\",\"isPartOf\":{\"@id\":\"https:\\\/\\\/www.meydan.tv\\\/az\\\/article\\\/flora-kerimova-tenqidcilerine-cavab-verdi-sizden-boyuk-muellimizin-silahdasi-olmusam\\\/\"},\"author\":{\"name\":\"user-manager\",\"@id\":\"https:\\\/\\\/www.meydan.tv\\\/az\\\/#\\\/schema\\\/person\\\/10d11eccf6da3662cf5fdab9806ea91a\"},\"headline\":\"Flora K\u0259rimova t\u0259nqid\u00e7il\u0259rin\u0259 cavab verdi: Sizd\u0259n b\u00f6y\u00fck m\u00fc\u0259lliminizin silahda\u015f\u0131 olmu\u015fam\",\"datePublished\":\"2021-07-29T14:55:54+00:00\",\"mainEntityOfPage\":{\"@id\":\"https:\\\/\\\/www.meydan.tv\\\/az\\\/article\\\/flora-kerimova-tenqidcilerine-cavab-verdi-sizden-boyuk-muellimizin-silahdasi-olmusam\\\/\"},\"wordCount\":1190,\"publisher\":{\"@id\":\"https:\\\/\\\/www.meydan.tv\\\/az\\\/#organization\"},\"image\":{\"@id\":\"https:\\\/\\\/www.meydan.tv\\\/az\\\/article\\\/flora-kerimova-tenqidcilerine-cavab-verdi-sizden-boyuk-muellimizin-silahdasi-olmusam\\\/#primaryimage\"},\"thumbnailUrl\":\"https:\\\/\\\/www.meydan.tv\\\/wp-content\\\/uploads\\\/flora-scaled.jpg\",\"articleSection\":[\"M\u0259d\u0259niyy\u0259t\"],\"inLanguage\":\"az\"},{\"@type\":\"WebPage\",\"@id\":\"https:\\\/\\\/www.meydan.tv\\\/az\\\/article\\\/flora-kerimova-tenqidcilerine-cavab-verdi-sizden-boyuk-muellimizin-silahdasi-olmusam\\\/\",\"url\":\"https:\\\/\\\/www.meydan.tv\\\/az\\\/article\\\/flora-kerimova-tenqidcilerine-cavab-verdi-sizden-boyuk-muellimizin-silahdasi-olmusam\\\/\",\"name\":\"Flora K\u0259rimova t\u0259nqid\u00e7il\u0259rin\u0259 cavab verdi: Sizd\u0259n b\u00f6y\u00fck m\u00fc\u0259lliminizin silahda\u015f\u0131 olmu\u015fam - MEYDAN.TV\",\"isPartOf\":{\"@id\":\"https:\\\/\\\/www.meydan.tv\\\/az\\\/#website\"},\"primaryImageOfPage\":{\"@id\":\"https:\\\/\\\/www.meydan.tv\\\/az\\\/article\\\/flora-kerimova-tenqidcilerine-cavab-verdi-sizden-boyuk-muellimizin-silahdasi-olmusam\\\/#primaryimage\"},\"image\":{\"@id\":\"https:\\\/\\\/www.meydan.tv\\\/az\\\/article\\\/flora-kerimova-tenqidcilerine-cavab-verdi-sizden-boyuk-muellimizin-silahdasi-olmusam\\\/#primaryimage\"},\"thumbnailUrl\":\"https:\\\/\\\/www.meydan.tv\\\/wp-content\\\/uploads\\\/flora-scaled.jpg\",\"datePublished\":\"2021-07-29T14:55:54+00:00\",\"breadcrumb\":{\"@id\":\"https:\\\/\\\/www.meydan.tv\\\/az\\\/article\\\/flora-kerimova-tenqidcilerine-cavab-verdi-sizden-boyuk-muellimizin-silahdasi-olmusam\\\/#breadcrumb\"},\"inLanguage\":\"az\",\"potentialAction\":[{\"@type\":\"ReadAction\",\"target\":[\"https:\\\/\\\/www.meydan.tv\\\/az\\\/article\\\/flora-kerimova-tenqidcilerine-cavab-verdi-sizden-boyuk-muellimizin-silahdasi-olmusam\\\/\"]}]},{\"@type\":\"ImageObject\",\"inLanguage\":\"az\",\"@id\":\"https:\\\/\\\/www.meydan.tv\\\/az\\\/article\\\/flora-kerimova-tenqidcilerine-cavab-verdi-sizden-boyuk-muellimizin-silahdasi-olmusam\\\/#primaryimage\",\"url\":\"https:\\\/\\\/www.meydan.tv\\\/wp-content\\\/uploads\\\/flora-scaled.jpg\",\"contentUrl\":\"https:\\\/\\\/www.meydan.tv\\\/wp-content\\\/uploads\\\/flora-scaled.jpg\",\"width\":2560,\"height\":1075,\"caption\":\"Source: Specify Source\"},{\"@type\":\"BreadcrumbList\",\"@id\":\"https:\\\/\\\/www.meydan.tv\\\/az\\\/article\\\/flora-kerimova-tenqidcilerine-cavab-verdi-sizden-boyuk-muellimizin-silahdasi-olmusam\\\/#breadcrumb\",\"itemListElement\":[{\"@type\":\"ListItem\",\"position\":1,\"name\":\"Ana s\u0259hif\u0259\",\"item\":\"https:\\\/\\\/www.meydan.tv\\\/az\\\/\"},{\"@type\":\"ListItem\",\"position\":2,\"name\":\"M\u0259d\u0259niyy\u0259t\",\"item\":\"https:\\\/\\\/www.meydan.tv\\\/az\\\/section\\\/medeniyyet\\\/\"},{\"@type\":\"ListItem\",\"position\":3,\"name\":\"Flora K\u0259rimova t\u0259nqid\u00e7il\u0259rin\u0259 cavab verdi: Sizd\u0259n b\u00f6y\u00fck m\u00fc\u0259lliminizin silahda\u015f\u0131 olmu\u015fam\"}]},{\"@type\":\"WebSite\",\"@id\":\"https:\\\/\\\/www.meydan.tv\\\/az\\\/#website\",\"url\":\"https:\\\/\\\/www.meydan.tv\\\/az\\\/\",\"name\":\"MEYDAN.TV\",\"description\":\"Meydan TV Az\u0259rbaycan\u0131n media m\u0259kan\u0131ndak\u0131 alternativ s\u0259sidir\",\"publisher\":{\"@id\":\"https:\\\/\\\/www.meydan.tv\\\/az\\\/#organization\"},\"potentialAction\":[{\"@type\":\"SearchAction\",\"target\":{\"@type\":\"EntryPoint\",\"urlTemplate\":\"https:\\\/\\\/www.meydan.tv\\\/az\\\/?s={search_term_string}\"},\"query-input\":{\"@type\":\"PropertyValueSpecification\",\"valueRequired\":true,\"valueName\":\"search_term_string\"}}],\"inLanguage\":\"az\"},{\"@type\":\"Organization\",\"@id\":\"https:\\\/\\\/www.meydan.tv\\\/az\\\/#organization\",\"name\":\"Meydan TV\",\"url\":\"https:\\\/\\\/www.meydan.tv\\\/az\\\/\",\"logo\":{\"@type\":\"ImageObject\",\"inLanguage\":\"az\",\"@id\":\"https:\\\/\\\/www.meydan.tv\\\/az\\\/#\\\/schema\\\/logo\\\/image\\\/\",\"url\":\"https:\\\/\\\/www.meydan.tv\\\/wp-content\\\/uploads\\\/2021\\\/07\\\/meydan-logo.svg\",\"contentUrl\":\"https:\\\/\\\/www.meydan.tv\\\/wp-content\\\/uploads\\\/2021\\\/07\\\/meydan-logo.svg\",\"width\":195,\"height\":46,\"caption\":\"Meydan TV\"},\"image\":{\"@id\":\"https:\\\/\\\/www.meydan.tv\\\/az\\\/#\\\/schema\\\/logo\\\/image\\\/\"}},{\"@type\":\"Person\",\"@id\":\"https:\\\/\\\/www.meydan.tv\\\/az\\\/#\\\/schema\\\/person\\\/10d11eccf6da3662cf5fdab9806ea91a\",\"name\":\"user-manager\"}]}<\/script>\n<!-- \/ Yoast SEO plugin. -->","yoast_head_json":{"title":"Flora K\u0259rimova t\u0259nqid\u00e7il\u0259rin\u0259 cavab verdi: Sizd\u0259n b\u00f6y\u00fck m\u00fc\u0259lliminizin silahda\u015f\u0131 olmu\u015fam - MEYDAN.TV","robots":{"index":"index","follow":"follow","max-snippet":"max-snippet:-1","max-image-preview":"max-image-preview:large","max-video-preview":"max-video-preview:-1"},"canonical":"https:\/\/www.meydan.tv\/az\/article\/flora-kerimova-tenqidcilerine-cavab-verdi-sizden-boyuk-muellimizin-silahdasi-olmusam\/","og_locale":"az_AZ","og_type":"article","og_title":"Flora K\u0259rimova t\u0259nqid\u00e7il\u0259rin\u0259 cavab verdi: Sizd\u0259n b\u00f6y\u00fck m\u00fc\u0259lliminizin silahda\u015f\u0131 olmu\u015fam - MEYDAN.TV","og_description":"\"\u00c7\u0259tinlikl\u0259ri, acl\u0131qlar\u0131, t\u0259pkil\u0259ri, \u0259ziyy\u0259tl\u0259ri, qada\u011falar\u0131, s\u00fcrg\u00fcnl\u0259ri, se\u00e7ki h\u00fcquqlar\u0131n\u0131 kim\u0259 sadalay\u0131rs\u0131n\u0131z?\"","og_url":"https:\/\/www.meydan.tv\/az\/article\/flora-kerimova-tenqidcilerine-cavab-verdi-sizden-boyuk-muellimizin-silahdasi-olmusam\/","og_site_name":"MEYDAN.TV","article_published_time":"2021-07-29T14:55:54+00:00","og_image":[{"width":2560,"height":1075,"url":"https:\/\/www.meydan.tv\/wp-content\/uploads\/flora-scaled.jpg","type":"image\/jpeg"}],"author":"user-manager","twitter_card":"summary_large_image","schema":{"@context":"https:\/\/schema.org","@graph":[{"@type":"Article","@id":"https:\/\/www.meydan.tv\/az\/article\/flora-kerimova-tenqidcilerine-cavab-verdi-sizden-boyuk-muellimizin-silahdasi-olmusam\/#article","isPartOf":{"@id":"https:\/\/www.meydan.tv\/az\/article\/flora-kerimova-tenqidcilerine-cavab-verdi-sizden-boyuk-muellimizin-silahdasi-olmusam\/"},"author":{"name":"user-manager","@id":"https:\/\/www.meydan.tv\/az\/#\/schema\/person\/10d11eccf6da3662cf5fdab9806ea91a"},"headline":"Flora K\u0259rimova t\u0259nqid\u00e7il\u0259rin\u0259 cavab verdi: Sizd\u0259n b\u00f6y\u00fck m\u00fc\u0259lliminizin silahda\u015f\u0131 olmu\u015fam","datePublished":"2021-07-29T14:55:54+00:00","mainEntityOfPage":{"@id":"https:\/\/www.meydan.tv\/az\/article\/flora-kerimova-tenqidcilerine-cavab-verdi-sizden-boyuk-muellimizin-silahdasi-olmusam\/"},"wordCount":1190,"publisher":{"@id":"https:\/\/www.meydan.tv\/az\/#organization"},"image":{"@id":"https:\/\/www.meydan.tv\/az\/article\/flora-kerimova-tenqidcilerine-cavab-verdi-sizden-boyuk-muellimizin-silahdasi-olmusam\/#primaryimage"},"thumbnailUrl":"https:\/\/www.meydan.tv\/wp-content\/uploads\/flora-scaled.jpg","articleSection":["M\u0259d\u0259niyy\u0259t"],"inLanguage":"az"},{"@type":"WebPage","@id":"https:\/\/www.meydan.tv\/az\/article\/flora-kerimova-tenqidcilerine-cavab-verdi-sizden-boyuk-muellimizin-silahdasi-olmusam\/","url":"https:\/\/www.meydan.tv\/az\/article\/flora-kerimova-tenqidcilerine-cavab-verdi-sizden-boyuk-muellimizin-silahdasi-olmusam\/","name":"Flora K\u0259rimova t\u0259nqid\u00e7il\u0259rin\u0259 cavab verdi: Sizd\u0259n b\u00f6y\u00fck m\u00fc\u0259lliminizin silahda\u015f\u0131 olmu\u015fam - MEYDAN.TV","isPartOf":{"@id":"https:\/\/www.meydan.tv\/az\/#website"},"primaryImageOfPage":{"@id":"https:\/\/www.meydan.tv\/az\/article\/flora-kerimova-tenqidcilerine-cavab-verdi-sizden-boyuk-muellimizin-silahdasi-olmusam\/#primaryimage"},"image":{"@id":"https:\/\/www.meydan.tv\/az\/article\/flora-kerimova-tenqidcilerine-cavab-verdi-sizden-boyuk-muellimizin-silahdasi-olmusam\/#primaryimage"},"thumbnailUrl":"https:\/\/www.meydan.tv\/wp-content\/uploads\/flora-scaled.jpg","datePublished":"2021-07-29T14:55:54+00:00","breadcrumb":{"@id":"https:\/\/www.meydan.tv\/az\/article\/flora-kerimova-tenqidcilerine-cavab-verdi-sizden-boyuk-muellimizin-silahdasi-olmusam\/#breadcrumb"},"inLanguage":"az","potentialAction":[{"@type":"ReadAction","target":["https:\/\/www.meydan.tv\/az\/article\/flora-kerimova-tenqidcilerine-cavab-verdi-sizden-boyuk-muellimizin-silahdasi-olmusam\/"]}]},{"@type":"ImageObject","inLanguage":"az","@id":"https:\/\/www.meydan.tv\/az\/article\/flora-kerimova-tenqidcilerine-cavab-verdi-sizden-boyuk-muellimizin-silahdasi-olmusam\/#primaryimage","url":"https:\/\/www.meydan.tv\/wp-content\/uploads\/flora-scaled.jpg","contentUrl":"https:\/\/www.meydan.tv\/wp-content\/uploads\/flora-scaled.jpg","width":2560,"height":1075,"caption":"Source: Specify Source"},{"@type":"BreadcrumbList","@id":"https:\/\/www.meydan.tv\/az\/article\/flora-kerimova-tenqidcilerine-cavab-verdi-sizden-boyuk-muellimizin-silahdasi-olmusam\/#breadcrumb","itemListElement":[{"@type":"ListItem","position":1,"name":"Ana s\u0259hif\u0259","item":"https:\/\/www.meydan.tv\/az\/"},{"@type":"ListItem","position":2,"name":"M\u0259d\u0259niyy\u0259t","item":"https:\/\/www.meydan.tv\/az\/section\/medeniyyet\/"},{"@type":"ListItem","position":3,"name":"Flora K\u0259rimova t\u0259nqid\u00e7il\u0259rin\u0259 cavab verdi: Sizd\u0259n b\u00f6y\u00fck m\u00fc\u0259lliminizin silahda\u015f\u0131 olmu\u015fam"}]},{"@type":"WebSite","@id":"https:\/\/www.meydan.tv\/az\/#website","url":"https:\/\/www.meydan.tv\/az\/","name":"MEYDAN.TV","description":"Meydan TV Az\u0259rbaycan\u0131n media m\u0259kan\u0131ndak\u0131 alternativ s\u0259sidir","publisher":{"@id":"https:\/\/www.meydan.tv\/az\/#organization"},"potentialAction":[{"@type":"SearchAction","target":{"@type":"EntryPoint","urlTemplate":"https:\/\/www.meydan.tv\/az\/?s={search_term_string}"},"query-input":{"@type":"PropertyValueSpecification","valueRequired":true,"valueName":"search_term_string"}}],"inLanguage":"az"},{"@type":"Organization","@id":"https:\/\/www.meydan.tv\/az\/#organization","name":"Meydan TV","url":"https:\/\/www.meydan.tv\/az\/","logo":{"@type":"ImageObject","inLanguage":"az","@id":"https:\/\/www.meydan.tv\/az\/#\/schema\/logo\/image\/","url":"https:\/\/www.meydan.tv\/wp-content\/uploads\/2021\/07\/meydan-logo.svg","contentUrl":"https:\/\/www.meydan.tv\/wp-content\/uploads\/2021\/07\/meydan-logo.svg","width":195,"height":46,"caption":"Meydan TV"},"image":{"@id":"https:\/\/www.meydan.tv\/az\/#\/schema\/logo\/image\/"}},{"@type":"Person","@id":"https:\/\/www.meydan.tv\/az\/#\/schema\/person\/10d11eccf6da3662cf5fdab9806ea91a","name":"user-manager"}]}},"_links":{"self":[{"href":"https:\/\/www.meydan.tv\/az\/wp-json\/wp\/v2\/posts\/212188","targetHints":{"allow":["GET"]}}],"collection":[{"href":"https:\/\/www.meydan.tv\/az\/wp-json\/wp\/v2\/posts"}],"about":[{"href":"https:\/\/www.meydan.tv\/az\/wp-json\/wp\/v2\/types\/post"}],"author":[{"embeddable":true,"href":"https:\/\/www.meydan.tv\/az\/wp-json\/wp\/v2\/users\/11"}],"replies":[{"embeddable":true,"href":"https:\/\/www.meydan.tv\/az\/wp-json\/wp\/v2\/comments?post=212188"}],"version-history":[{"count":0,"href":"https:\/\/www.meydan.tv\/az\/wp-json\/wp\/v2\/posts\/212188\/revisions"}],"wp:featuredmedia":[{"embeddable":true,"href":"https:\/\/www.meydan.tv\/az\/wp-json\/wp\/v2\/media\/208483"}],"wp:attachment":[{"href":"https:\/\/www.meydan.tv\/az\/wp-json\/wp\/v2\/media?parent=212188"}],"wp:term":[{"taxonomy":"category","embeddable":true,"href":"https:\/\/www.meydan.tv\/az\/wp-json\/wp\/v2\/categories?post=212188"},{"taxonomy":"post_tag","embeddable":true,"href":"https:\/\/www.meydan.tv\/az\/wp-json\/wp\/v2\/tags?post=212188"}],"curies":[{"name":"wp","href":"https:\/\/api.w.org\/{rel}","templated":true}]}}