{"id":212186,"date":"2021-07-29T14:22:47","date_gmt":"2021-07-29T14:22:47","guid":{"rendered":"https:\/\/www.meydan.tv\/article\/pedro-almodovarin-yeni-filmi-paralel-analar\/"},"modified":"2021-07-29T14:22:47","modified_gmt":"2021-07-29T14:22:47","slug":"pedro-almodovarin-yeni-filmi-paralel-analar","status":"publish","type":"post","link":"https:\/\/www.meydan.tv\/az\/article\/pedro-almodovarin-yeni-filmi-paralel-analar\/","title":{"rendered":"Pedro Almodovar\u0131n yeni filmi: \u201cParalel analar\u201d"},"content":{"rendered":"<p>\n  <i><br \/>\n    Rejissor: &quot;Bu analar dig\u0259rl\u0259rind\u0259n f\u0259rqlidir&quot;<br \/>\n  <\/i>\n<\/p>\n<p>\n  \u0130spaniyal\u0131 rejissor Pedro Almodovar\u0131n yeni filminin tizeri yay\u0131mlan\u0131b.\n<\/p>\n<p>\n  S\u00f6hb\u0259t ba\u015f rolda Penelopa Kruzun \u00e7\u0259kildiyi \u201cMadres paralelas\u201d \u2013 \u201cParalel analar\u201d dram\u0131ndan<br \/>\n  <a href=\"https:\/\/ria.ru\/20210728\/almodovar-1743091728.html\"><br \/>\n    gedir<br \/>\n  <\/a><br \/>\n  .\n<\/p>\n<p>\n  Filmd\u0259 do\u011fum evind\u0259 tan\u0131\u015f olan iki qad\u0131ndan b\u0259hs olunur. Onlar\u0131n h\u0259r ikisi d\u0259 hamil\u0259liyi planla\u015fd\u0131rmay\u0131b.\n<\/p>\n<p>\n  Penelopan\u0131n q\u0259hr\u0259man\u0131 ana olma\u011f\u0131n sevincini ya\u015fasa da, yeni tan\u0131\u015f\u0131, yeniyetm\u0259 ana is\u0259 ya\u015fad\u0131qlar\u0131ndan qorxuya d\u00fc\u015f\u00fcb.\n<\/p>\n<p>\n  X\u0259st\u0259xanada onlar\u0131n aras\u0131nda \u0259laq\u0259 qurulur v\u0259 t\u0259sad\u00fcfi g\u00f6r\u00fc\u015f qad\u0131nlar\u0131n h\u0259yat\u0131n\u0131 d\u0259yi\u015fir.\n<\/p>\n<p>\n  \u201cBu filmimd\u0259 m\u0259n \u0259cdadlar\u0131n, n\u0259sill\u0259rin \u0259h\u0259miyy\u0259tind\u0259n dan\u0131\u015f\u0131ram. Filmoqrafiyamda \u00e7oxlu sayda ana obrazlar\u0131 olub. Amma bu analar dig\u0259rl\u0259rind\u0259n f\u0259rqlidir\u201d, &#8211; Almodovar deyib.\n<\/p>\n<p>\n  Yeri g\u0259lmi\u015fk\u0259n, Penelopa Kruz 2006-c\u0131 ild\u0259 Pedro Almodovar\u0131n \u00e7\u0259kdiyi \u201cQay\u0131d\u0131\u015f\u201d filmind\u0259 d\u0259 ana obraz\u0131n\u0131 canland\u0131r\u0131b.\n<\/p>\n<p>\n  \u00dcmumiyy\u0259tl\u0259, Almodovar yarad\u0131c\u0131l\u0131\u011f\u0131nda qad\u0131na x\u00fcsusi yer verilir.\n<\/p>\n<p>\n  Rejissor filml\u0259rind\u0259 \u0130spaniyan\u0131n patriarxal, m\u00fchafiz\u0259kar, b\u00fcrokratik, burjua, sosial, siyasi probleml\u0259rini g\u00f6st\u0259rir.\n<\/p>\n<p>\n  O, filml\u0259rind\u0259 m\u00fcbariz\u0259ni qad\u0131nlar vasit\u0259sil\u0259 g\u00f6st\u0259rir v\u0259 apar\u0131r.\n<\/p>\n<p>\n  \u201cParalel analar\u201d dram filminin premyeras\u0131 78-ci Venesiya Film Festival\u0131nda olacaq.\n<\/p>\n<p>\n  Festival sentyabr\u0131n 1-d\u0259n 11-d\u0259k davam ed\u0259c\u0259k.<\/p>\n","protected":false},"excerpt":{"rendered":"<p>&#8220;Filmoqrafiyamda \u00e7oxlu sayda ana obrazlar\u0131 olub&#8221;<\/p>\n","protected":false},"author":11,"featured_media":208531,"comment_status":"closed","ping_status":"open","sticky":false,"template":"","format":"standard","meta":{"_acf_changed":false,"_sitemap_exclude":false,"_sitemap_priority":"","_sitemap_frequency":"","footnotes":""},"categories":[52],"tags":[],"class_list":["post-212186","post","type-post","status-publish","format-standard","has-post-thumbnail","hentry","category-medeniyyet","infinite-scroll-item","generate-columns","tablet-grid-50","mobile-grid-100","grid-parent","grid-33","no-featured-image-padding"],"acf":[],"yoast_head":"<!-- This site is optimized with the Yoast SEO plugin v27.4 - https:\/\/yoast.com\/product\/yoast-seo-wordpress\/ -->\n<title>Pedro Almodovar\u0131n yeni filmi: \u201cParalel analar\u201d - MEYDAN.TV<\/title>\n<meta name=\"robots\" content=\"index, follow, max-snippet:-1, max-image-preview:large, max-video-preview:-1\" \/>\n<link rel=\"canonical\" href=\"https:\/\/www.meydan.tv\/az\/article\/pedro-almodovarin-yeni-filmi-paralel-analar\/\" \/>\n<meta property=\"og:locale\" content=\"az_AZ\" \/>\n<meta property=\"og:type\" content=\"article\" \/>\n<meta property=\"og:title\" content=\"Pedro Almodovar\u0131n yeni filmi: \u201cParalel analar\u201d - MEYDAN.TV\" \/>\n<meta property=\"og:description\" content=\"&quot;Filmoqrafiyamda \u00e7oxlu sayda ana obrazlar\u0131 olub&quot;\" \/>\n<meta property=\"og:url\" content=\"https:\/\/www.meydan.tv\/az\/article\/pedro-almodovarin-yeni-filmi-paralel-analar\/\" \/>\n<meta property=\"og:site_name\" content=\"MEYDAN.TV\" \/>\n<meta property=\"article:published_time\" content=\"2021-07-29T14:22:47+00:00\" \/>\n<meta property=\"og:image\" content=\"https:\/\/www.meydan.tv\/wp-content\/uploads\/2019-05-18t123538z_1998324145_rc1e9f9a3430_rtrmadp_3_filmfestival-cannes-p.jpg\" \/>\n\t<meta property=\"og:image:width\" content=\"1920\" \/>\n\t<meta property=\"og:image:height\" content=\"1080\" \/>\n\t<meta property=\"og:image:type\" content=\"image\/jpeg\" \/>\n<meta name=\"author\" content=\"user-manager\" \/>\n<meta name=\"twitter:card\" content=\"summary_large_image\" \/>\n<script type=\"application\/ld+json\" class=\"yoast-schema-graph\">{\"@context\":\"https:\\\/\\\/schema.org\",\"@graph\":[{\"@type\":\"Article\",\"@id\":\"https:\\\/\\\/www.meydan.tv\\\/az\\\/article\\\/pedro-almodovarin-yeni-filmi-paralel-analar\\\/#article\",\"isPartOf\":{\"@id\":\"https:\\\/\\\/www.meydan.tv\\\/az\\\/article\\\/pedro-almodovarin-yeni-filmi-paralel-analar\\\/\"},\"author\":{\"name\":\"user-manager\",\"@id\":\"https:\\\/\\\/www.meydan.tv\\\/az\\\/#\\\/schema\\\/person\\\/10d11eccf6da3662cf5fdab9806ea91a\"},\"headline\":\"Pedro Almodovar\u0131n yeni filmi: \u201cParalel analar\u201d\",\"datePublished\":\"2021-07-29T14:22:47+00:00\",\"mainEntityOfPage\":{\"@id\":\"https:\\\/\\\/www.meydan.tv\\\/az\\\/article\\\/pedro-almodovarin-yeni-filmi-paralel-analar\\\/\"},\"wordCount\":242,\"publisher\":{\"@id\":\"https:\\\/\\\/www.meydan.tv\\\/az\\\/#organization\"},\"image\":{\"@id\":\"https:\\\/\\\/www.meydan.tv\\\/az\\\/article\\\/pedro-almodovarin-yeni-filmi-paralel-analar\\\/#primaryimage\"},\"thumbnailUrl\":\"https:\\\/\\\/www.meydan.tv\\\/wp-content\\\/uploads\\\/2019-05-18t123538z_1998324145_rc1e9f9a3430_rtrmadp_3_filmfestival-cannes-p.jpg\",\"articleSection\":[\"M\u0259d\u0259niyy\u0259t\"],\"inLanguage\":\"az\"},{\"@type\":\"WebPage\",\"@id\":\"https:\\\/\\\/www.meydan.tv\\\/az\\\/article\\\/pedro-almodovarin-yeni-filmi-paralel-analar\\\/\",\"url\":\"https:\\\/\\\/www.meydan.tv\\\/az\\\/article\\\/pedro-almodovarin-yeni-filmi-paralel-analar\\\/\",\"name\":\"Pedro Almodovar\u0131n yeni filmi: \u201cParalel analar\u201d - MEYDAN.TV\",\"isPartOf\":{\"@id\":\"https:\\\/\\\/www.meydan.tv\\\/az\\\/#website\"},\"primaryImageOfPage\":{\"@id\":\"https:\\\/\\\/www.meydan.tv\\\/az\\\/article\\\/pedro-almodovarin-yeni-filmi-paralel-analar\\\/#primaryimage\"},\"image\":{\"@id\":\"https:\\\/\\\/www.meydan.tv\\\/az\\\/article\\\/pedro-almodovarin-yeni-filmi-paralel-analar\\\/#primaryimage\"},\"thumbnailUrl\":\"https:\\\/\\\/www.meydan.tv\\\/wp-content\\\/uploads\\\/2019-05-18t123538z_1998324145_rc1e9f9a3430_rtrmadp_3_filmfestival-cannes-p.jpg\",\"datePublished\":\"2021-07-29T14:22:47+00:00\",\"breadcrumb\":{\"@id\":\"https:\\\/\\\/www.meydan.tv\\\/az\\\/article\\\/pedro-almodovarin-yeni-filmi-paralel-analar\\\/#breadcrumb\"},\"inLanguage\":\"az\",\"potentialAction\":[{\"@type\":\"ReadAction\",\"target\":[\"https:\\\/\\\/www.meydan.tv\\\/az\\\/article\\\/pedro-almodovarin-yeni-filmi-paralel-analar\\\/\"]}]},{\"@type\":\"ImageObject\",\"inLanguage\":\"az\",\"@id\":\"https:\\\/\\\/www.meydan.tv\\\/az\\\/article\\\/pedro-almodovarin-yeni-filmi-paralel-analar\\\/#primaryimage\",\"url\":\"https:\\\/\\\/www.meydan.tv\\\/wp-content\\\/uploads\\\/2019-05-18t123538z_1998324145_rc1e9f9a3430_rtrmadp_3_filmfestival-cannes-p.jpg\",\"contentUrl\":\"https:\\\/\\\/www.meydan.tv\\\/wp-content\\\/uploads\\\/2019-05-18t123538z_1998324145_rc1e9f9a3430_rtrmadp_3_filmfestival-cannes-p.jpg\",\"width\":1920,\"height\":1080,\"caption\":\"Source: Specify Source\"},{\"@type\":\"BreadcrumbList\",\"@id\":\"https:\\\/\\\/www.meydan.tv\\\/az\\\/article\\\/pedro-almodovarin-yeni-filmi-paralel-analar\\\/#breadcrumb\",\"itemListElement\":[{\"@type\":\"ListItem\",\"position\":1,\"name\":\"Ana s\u0259hif\u0259\",\"item\":\"https:\\\/\\\/www.meydan.tv\\\/az\\\/\"},{\"@type\":\"ListItem\",\"position\":2,\"name\":\"M\u0259d\u0259niyy\u0259t\",\"item\":\"https:\\\/\\\/www.meydan.tv\\\/az\\\/section\\\/medeniyyet\\\/\"},{\"@type\":\"ListItem\",\"position\":3,\"name\":\"Pedro Almodovar\u0131n yeni filmi: \u201cParalel analar\u201d\"}]},{\"@type\":\"WebSite\",\"@id\":\"https:\\\/\\\/www.meydan.tv\\\/az\\\/#website\",\"url\":\"https:\\\/\\\/www.meydan.tv\\\/az\\\/\",\"name\":\"MEYDAN.TV\",\"description\":\"Meydan TV Az\u0259rbaycan\u0131n media m\u0259kan\u0131ndak\u0131 alternativ s\u0259sidir\",\"publisher\":{\"@id\":\"https:\\\/\\\/www.meydan.tv\\\/az\\\/#organization\"},\"potentialAction\":[{\"@type\":\"SearchAction\",\"target\":{\"@type\":\"EntryPoint\",\"urlTemplate\":\"https:\\\/\\\/www.meydan.tv\\\/az\\\/?s={search_term_string}\"},\"query-input\":{\"@type\":\"PropertyValueSpecification\",\"valueRequired\":true,\"valueName\":\"search_term_string\"}}],\"inLanguage\":\"az\"},{\"@type\":\"Organization\",\"@id\":\"https:\\\/\\\/www.meydan.tv\\\/az\\\/#organization\",\"name\":\"Meydan TV\",\"url\":\"https:\\\/\\\/www.meydan.tv\\\/az\\\/\",\"logo\":{\"@type\":\"ImageObject\",\"inLanguage\":\"az\",\"@id\":\"https:\\\/\\\/www.meydan.tv\\\/az\\\/#\\\/schema\\\/logo\\\/image\\\/\",\"url\":\"https:\\\/\\\/www.meydan.tv\\\/wp-content\\\/uploads\\\/2021\\\/07\\\/meydan-logo.svg\",\"contentUrl\":\"https:\\\/\\\/www.meydan.tv\\\/wp-content\\\/uploads\\\/2021\\\/07\\\/meydan-logo.svg\",\"width\":195,\"height\":46,\"caption\":\"Meydan TV\"},\"image\":{\"@id\":\"https:\\\/\\\/www.meydan.tv\\\/az\\\/#\\\/schema\\\/logo\\\/image\\\/\"}},{\"@type\":\"Person\",\"@id\":\"https:\\\/\\\/www.meydan.tv\\\/az\\\/#\\\/schema\\\/person\\\/10d11eccf6da3662cf5fdab9806ea91a\",\"name\":\"user-manager\"}]}<\/script>\n<!-- \/ Yoast SEO plugin. -->","yoast_head_json":{"title":"Pedro Almodovar\u0131n yeni filmi: \u201cParalel analar\u201d - MEYDAN.TV","robots":{"index":"index","follow":"follow","max-snippet":"max-snippet:-1","max-image-preview":"max-image-preview:large","max-video-preview":"max-video-preview:-1"},"canonical":"https:\/\/www.meydan.tv\/az\/article\/pedro-almodovarin-yeni-filmi-paralel-analar\/","og_locale":"az_AZ","og_type":"article","og_title":"Pedro Almodovar\u0131n yeni filmi: \u201cParalel analar\u201d - MEYDAN.TV","og_description":"\"Filmoqrafiyamda \u00e7oxlu sayda ana obrazlar\u0131 olub\"","og_url":"https:\/\/www.meydan.tv\/az\/article\/pedro-almodovarin-yeni-filmi-paralel-analar\/","og_site_name":"MEYDAN.TV","article_published_time":"2021-07-29T14:22:47+00:00","og_image":[{"width":1920,"height":1080,"url":"https:\/\/www.meydan.tv\/wp-content\/uploads\/2019-05-18t123538z_1998324145_rc1e9f9a3430_rtrmadp_3_filmfestival-cannes-p.jpg","type":"image\/jpeg"}],"author":"user-manager","twitter_card":"summary_large_image","schema":{"@context":"https:\/\/schema.org","@graph":[{"@type":"Article","@id":"https:\/\/www.meydan.tv\/az\/article\/pedro-almodovarin-yeni-filmi-paralel-analar\/#article","isPartOf":{"@id":"https:\/\/www.meydan.tv\/az\/article\/pedro-almodovarin-yeni-filmi-paralel-analar\/"},"author":{"name":"user-manager","@id":"https:\/\/www.meydan.tv\/az\/#\/schema\/person\/10d11eccf6da3662cf5fdab9806ea91a"},"headline":"Pedro Almodovar\u0131n yeni filmi: \u201cParalel analar\u201d","datePublished":"2021-07-29T14:22:47+00:00","mainEntityOfPage":{"@id":"https:\/\/www.meydan.tv\/az\/article\/pedro-almodovarin-yeni-filmi-paralel-analar\/"},"wordCount":242,"publisher":{"@id":"https:\/\/www.meydan.tv\/az\/#organization"},"image":{"@id":"https:\/\/www.meydan.tv\/az\/article\/pedro-almodovarin-yeni-filmi-paralel-analar\/#primaryimage"},"thumbnailUrl":"https:\/\/www.meydan.tv\/wp-content\/uploads\/2019-05-18t123538z_1998324145_rc1e9f9a3430_rtrmadp_3_filmfestival-cannes-p.jpg","articleSection":["M\u0259d\u0259niyy\u0259t"],"inLanguage":"az"},{"@type":"WebPage","@id":"https:\/\/www.meydan.tv\/az\/article\/pedro-almodovarin-yeni-filmi-paralel-analar\/","url":"https:\/\/www.meydan.tv\/az\/article\/pedro-almodovarin-yeni-filmi-paralel-analar\/","name":"Pedro Almodovar\u0131n yeni filmi: \u201cParalel analar\u201d - MEYDAN.TV","isPartOf":{"@id":"https:\/\/www.meydan.tv\/az\/#website"},"primaryImageOfPage":{"@id":"https:\/\/www.meydan.tv\/az\/article\/pedro-almodovarin-yeni-filmi-paralel-analar\/#primaryimage"},"image":{"@id":"https:\/\/www.meydan.tv\/az\/article\/pedro-almodovarin-yeni-filmi-paralel-analar\/#primaryimage"},"thumbnailUrl":"https:\/\/www.meydan.tv\/wp-content\/uploads\/2019-05-18t123538z_1998324145_rc1e9f9a3430_rtrmadp_3_filmfestival-cannes-p.jpg","datePublished":"2021-07-29T14:22:47+00:00","breadcrumb":{"@id":"https:\/\/www.meydan.tv\/az\/article\/pedro-almodovarin-yeni-filmi-paralel-analar\/#breadcrumb"},"inLanguage":"az","potentialAction":[{"@type":"ReadAction","target":["https:\/\/www.meydan.tv\/az\/article\/pedro-almodovarin-yeni-filmi-paralel-analar\/"]}]},{"@type":"ImageObject","inLanguage":"az","@id":"https:\/\/www.meydan.tv\/az\/article\/pedro-almodovarin-yeni-filmi-paralel-analar\/#primaryimage","url":"https:\/\/www.meydan.tv\/wp-content\/uploads\/2019-05-18t123538z_1998324145_rc1e9f9a3430_rtrmadp_3_filmfestival-cannes-p.jpg","contentUrl":"https:\/\/www.meydan.tv\/wp-content\/uploads\/2019-05-18t123538z_1998324145_rc1e9f9a3430_rtrmadp_3_filmfestival-cannes-p.jpg","width":1920,"height":1080,"caption":"Source: Specify Source"},{"@type":"BreadcrumbList","@id":"https:\/\/www.meydan.tv\/az\/article\/pedro-almodovarin-yeni-filmi-paralel-analar\/#breadcrumb","itemListElement":[{"@type":"ListItem","position":1,"name":"Ana s\u0259hif\u0259","item":"https:\/\/www.meydan.tv\/az\/"},{"@type":"ListItem","position":2,"name":"M\u0259d\u0259niyy\u0259t","item":"https:\/\/www.meydan.tv\/az\/section\/medeniyyet\/"},{"@type":"ListItem","position":3,"name":"Pedro Almodovar\u0131n yeni filmi: \u201cParalel analar\u201d"}]},{"@type":"WebSite","@id":"https:\/\/www.meydan.tv\/az\/#website","url":"https:\/\/www.meydan.tv\/az\/","name":"MEYDAN.TV","description":"Meydan TV Az\u0259rbaycan\u0131n media m\u0259kan\u0131ndak\u0131 alternativ s\u0259sidir","publisher":{"@id":"https:\/\/www.meydan.tv\/az\/#organization"},"potentialAction":[{"@type":"SearchAction","target":{"@type":"EntryPoint","urlTemplate":"https:\/\/www.meydan.tv\/az\/?s={search_term_string}"},"query-input":{"@type":"PropertyValueSpecification","valueRequired":true,"valueName":"search_term_string"}}],"inLanguage":"az"},{"@type":"Organization","@id":"https:\/\/www.meydan.tv\/az\/#organization","name":"Meydan TV","url":"https:\/\/www.meydan.tv\/az\/","logo":{"@type":"ImageObject","inLanguage":"az","@id":"https:\/\/www.meydan.tv\/az\/#\/schema\/logo\/image\/","url":"https:\/\/www.meydan.tv\/wp-content\/uploads\/2021\/07\/meydan-logo.svg","contentUrl":"https:\/\/www.meydan.tv\/wp-content\/uploads\/2021\/07\/meydan-logo.svg","width":195,"height":46,"caption":"Meydan TV"},"image":{"@id":"https:\/\/www.meydan.tv\/az\/#\/schema\/logo\/image\/"}},{"@type":"Person","@id":"https:\/\/www.meydan.tv\/az\/#\/schema\/person\/10d11eccf6da3662cf5fdab9806ea91a","name":"user-manager"}]}},"_links":{"self":[{"href":"https:\/\/www.meydan.tv\/az\/wp-json\/wp\/v2\/posts\/212186","targetHints":{"allow":["GET"]}}],"collection":[{"href":"https:\/\/www.meydan.tv\/az\/wp-json\/wp\/v2\/posts"}],"about":[{"href":"https:\/\/www.meydan.tv\/az\/wp-json\/wp\/v2\/types\/post"}],"author":[{"embeddable":true,"href":"https:\/\/www.meydan.tv\/az\/wp-json\/wp\/v2\/users\/11"}],"replies":[{"embeddable":true,"href":"https:\/\/www.meydan.tv\/az\/wp-json\/wp\/v2\/comments?post=212186"}],"version-history":[{"count":0,"href":"https:\/\/www.meydan.tv\/az\/wp-json\/wp\/v2\/posts\/212186\/revisions"}],"wp:featuredmedia":[{"embeddable":true,"href":"https:\/\/www.meydan.tv\/az\/wp-json\/wp\/v2\/media\/208531"}],"wp:attachment":[{"href":"https:\/\/www.meydan.tv\/az\/wp-json\/wp\/v2\/media?parent=212186"}],"wp:term":[{"taxonomy":"category","embeddable":true,"href":"https:\/\/www.meydan.tv\/az\/wp-json\/wp\/v2\/categories?post=212186"},{"taxonomy":"post_tag","embeddable":true,"href":"https:\/\/www.meydan.tv\/az\/wp-json\/wp\/v2\/tags?post=212186"}],"curies":[{"name":"wp","href":"https:\/\/api.w.org\/{rel}","templated":true}]}}