{"id":212163,"date":"2021-07-28T14:56:16","date_gmt":"2021-07-28T14:56:16","guid":{"rendered":"https:\/\/www.meydan.tv\/article\/eli-kerimli-muxalifet-olmasin-demek-aile-hakimiyyeti-ebedi-olsun-demekdir\/"},"modified":"2021-07-28T14:56:16","modified_gmt":"2021-07-28T14:56:16","slug":"eli-kerimli-muxalifet-olmasin-demek-aile-hakimiyyeti-ebedi-olsun-demekdir","status":"publish","type":"post","link":"https:\/\/www.meydan.tv\/az\/article\/eli-kerimli-muxalifet-olmasin-demek-aile-hakimiyyeti-ebedi-olsun-demekdir\/","title":{"rendered":"\u018fli K\u0259rimli: M\u00fcxalif\u0259t olmas\u0131n dem\u0259k, &#8220;ail\u0259 hakimiyy\u0259ti \u0259b\u0259di olsun&#8221; dem\u0259kdir"},"content":{"rendered":"<p>\n  <i><br \/>\n    Arif Hac\u0131l\u0131: &quot;Xalq artisti bu fikirl\u0259ri Qaraba\u011f m\u00fcnaqi\u015f\u0259si kontekstind\u0259 dey\u0259 bil\u0259r&quot;<br \/>\n  <\/i>\n<\/p>\n<p>\n  &quot;D\u00fcnyada el\u0259 bir demokratik, azad \u00f6lk\u0259 yoxdur ki, orada m\u00fcxalif\u0259t olmas\u0131n. T\u00fcrkiy\u0259d\u0259, \u00fcmumiyy\u0259tl\u0259, Qaraba\u011f problemi kimi problem yoxdur, orada m\u00fcxalif\u0259t yoxdurmu? Yaxud Q\u0259rb \u00f6lk\u0259l\u0259rind\u0259 \u0259razi b\u00fct\u00f6vl\u00fcy\u00fc il\u0259 ba\u011fl\u0131 h\u0259r hans\u0131 poblem yoxdur, orada m\u00fcxalif\u0259t f\u0259aliyy\u0259t g\u00f6st\u0259rmirmi?&quot;\n<\/p>\n<p>\n  Bunu M\u00fcsavat Partiyas\u0131n\u0131n ba\u015fqan\u0131 Arif Hac\u0131l\u0131 Xalq artisti<br \/>\n  <a href=\"https:\/\/www.meydan.tv\/az\/article\/flora-kerimova-coxu-sponsor-gucune-muxalifetdir-meni-onlarin-arasina-yazmayin\/?ref=list-news\"><br \/>\n    Flora K\u0259rimova<br \/>\n  <\/a><br \/>\n  n\u0131n &quot;Daha m\u00fcxalif\u0259t\u00e7iliy\u0259 yer qalmay\u0131b, \u00e7\u00fcnki iqtidar mill\u0259timl\u0259, \u015f\u0259hidl\u0259rin qan\u0131 il\u0259 ham\u0131m\u0131z\u0131 xalq, mill\u0259t kimi ucaltd\u0131&quot; fikirl\u0259rini Meydan TV-y\u0259 \u015f\u0259rh ed\u0259rk\u0259n deyib.\n<\/p>\n<p>\n  Arif Hac\u0131l\u0131 ehtimal edir ki, Xalq artisti bu fikirl\u0259ri Qaraba\u011f m\u00fcnaqi\u015f\u0259si kontekstind\u0259 dey\u0259 bil\u0259r: &quot;Ola bilsin ki, g\u00f6rk\u0259mli m\u00fc\u011f\u0259nni Flora K\u0259rimova bu s\u00f6zl\u0259ri Qaraba\u011f m\u0259s\u0259l\u0259si il\u0259 \u0259laq\u0259dar deyib. \u018fg\u0259r onun dedikl\u0259ri h\u0259tta bu m\u0259s\u0259l\u0259yl\u0259 ba\u011fl\u0131d\u0131rsa, m\u00fcnaqi\u015f\u0259 h\u0259ll olunmay\u0131b, davam edir. Az\u0259rbaycan\u0131n t\u0259xmin\u0259n 3 min kvadrat metr \u0259razisi bu g\u00fcn d\u0259 i\u015f\u011fal alt\u0131ndad\u0131r. \u0130yulun 28-d\u0259 K\u0259lb\u0259c\u0259rd\u0259 at\u0259\u015fk\u0259s pozulub v\u0259 Az\u0259rbaycan \u0259sg\u0259rl\u0259ri yaralan\u0131b. Bel\u0259 \u015f\u0259raitd\u0259 Qaraba\u011f probleminin h\u0259ll olundu\u011funu iddia etm\u0259k d\u00fczg\u00fcn deyil&quot;.\n<\/p>\n<p>\n  Arif Hac\u0131l\u0131 deyir ki, Az\u0259rbaycan m\u00fcxalif\u0259ti \u0259razi b\u00fct\u00f6vl\u00fcy\u00fc v\u0259 dig\u0259r \u00fcmummilli m\u0259s\u0259l\u0259l\u0259rd\u0259, h\u0259tta torpaqlar\u0131n 20 faizi i\u015f\u011fal alt\u0131nda oldu\u011fu d\u00f6vrd\u0259 d\u0259 m\u00fcxalif m\u00f6vqeyind\u0259n \u00e7\u0131x\u0131\u015f etm\u0259yib: &quot;Bu bax\u0131mdan indi h\u0259r hans\u0131 siyasi d\u0259yi\u015fi\u015fikliyin oldu\u011funu iddia etm\u0259k do\u011fru deyil&quot;.\n<\/p>\n<p>\n  AXCP s\u0259dri \u018fli K\u0259rimli d\u0259 Qaraba\u011f\u0131n i\u015f\u011faldan tam azad olunmad\u0131\u011f\u0131 q\u0259na\u0259tind\u0259dir:\n<\/p>\n<p>\n  &quot;Ke\u00e7mi\u015f Qaraba\u011f \u0259razisinin 70 faizd\u0259n \u00e7oxu h\u0259l\u0259 d\u0259 d\u00fc\u015fm\u0259n tapda\u011f\u0131 alt\u0131ndad\u0131r. Biz La\u00e7\u0131n \u00fcz\u0259rind\u0259 d\u0259 suverenliyimizi itirmi\u015fik. 1988-ci ild\u0259 m\u00fcnaqi\u015f\u0259 ba\u015flayanda erm\u0259nil\u0259r bizd\u0259n n\u0259 q\u0259d\u0259r torpaq iddia edirdil\u0259rs\u0259, t\u0259xmin\u0259n ona yax\u0131n \u0259razi faktiki Erm\u0259nistan\u0131n n\u0259zar\u0259tind\u0259dir. O c\u00fcml\u0259d\u0259n, Az\u0259rbaycan \u00fc\u00e7\u00fcn \u00f6n\u0259m da\u015f\u0131yan Xocal\u0131, \u015eu\u015fan\u0131n b\u00fct\u00fcn k\u0259ndl\u0259ri, b\u00fct\u00f6vl\u00fckd\u0259, A\u011fd\u0259r\u0259, \u018fsg\u0259ran, Xank\u0259ndi i\u015f\u011fal alt\u0131ndad\u0131r. Ona g\u00f6r\u0259 d\u0259 m\u00fcnaqi\u015f\u0259nin bitdiyini dem\u0259k tarixin saxtala\u015fd\u0131r\u0131lmas\u0131d\u0131r. Bu g\u00fcnl\u0259rd\u0259 sanki Az\u0259rbaycan yenid\u0259n 44 g\u00fcnl\u00fck sava\u015fdan \u0259vv\u0259lki v\u0259ziyy\u0259t\u0259 qay\u0131d\u0131r. Yen\u0259 at\u0259\u015fk\u0259s pozulur, yaral\u0131lar\u0131m\u0131z, \u015f\u0259hidl\u0259rimiz var, h\u0259l\u0259 d\u0259 Xank\u0259ndind\u0259 Bak\u0131ya tabe olmayan qondarma adland\u0131rd\u0131\u011f\u0131m\u0131z qurum v\u0259ziyy\u0259t\u0259 n\u0259zar\u0259t edir, h\u0259tta vaxta\u015f\u0131r\u0131 h\u0259rbi y\u00fcr\u00fc\u015f ke\u00e7irirl\u0259r, pe\u015f\u0259kar ordu yaratma\u011fa \u00e7al\u0131\u015f\u0131rlar. Bu bax\u0131mdan m\u00fcnaqi\u015f\u0259nin bitdiyini s\u00f6yl\u0259m\u0259k \u00f6z\u00fcn\u00fc aldatmaq c\u0259hdind\u0259n ba\u015fqa bir \u015fey deyil&quot;.\n<\/p>\n<p>\n  &quot;Qaraba\u011f kimi m\u00fcnaqi\u015f\u0259si olmayan \u00f6lk\u0259l\u0259rd\u0259 m\u00fcxalif\u0259t olmur? Bir \u00f6lk\u0259d\u0259 ki se\u00e7ki institutu tamamil\u0259 s\u0131radan \u00e7\u0131xar\u0131l\u0131b, parlament d\u0259, prezident hakimiyy\u0259ti d\u0259 se\u00e7ki adl\u0131 &quot;tama\u015fa&quot;larla z\u0259bt edilibs\u0259, m\u00fcxalif\u0259t olmamal\u0131d\u0131r? Az\u0259rbaycan xalq\u0131n\u0131n \u00f6z\u00fcn\u0259 h\u00f6kum\u0259t, parlament se\u00e7m\u0259k h\u00fcququ yoxdursa, m\u00fcxalif\u0259t olmamal\u0131d\u0131r? Bir \u00f6lk\u0259d\u0259 ki xalq\u0131n 100 milyard dollara yax\u0131n s\u0259rv\u0259ti o\u011furlan\u0131b, xaricd\u0259ki of\u015for hesablara da\u015f\u0131n\u0131rsa, insanlara siyasi m\u00f6vqel\u0259rin\u0259 g\u00f6r\u0259 h\u0259bs, i\u015fg\u0259nc\u0259 verilirs\u0259, sosial \u0259dal\u0259tsizlik t\u00fc\u011fyan edirs\u0259, pe\u015f\u0259kar v\u0259 m\u00fcst\u0259qil m\u0259hk\u0259m\u0259 yoxdursa, t\u0259hsil, s\u0259hiyy\u0259 da\u011f\u0131d\u0131l\u0131bsa, iqtisadiyyat\u0131 yaln\u0131z neft-qaz satmaqdan ibar\u0259tdirs\u0259, azadl\u0131qlar, iqtisadi r\u0259qab\u0259t yoxdursa, bel\u0259 \u00f6lk\u0259d\u0259 nec\u0259 m\u00fcxalif\u0259t olmaya bil\u0259r? Bel\u0259 \u00f6lk\u0259d\u0259 m\u00fcxalif\u0259tin olmamas\u0131n\u0131 t\u0259bli\u011f etm\u0259k, m\u00f6vcud ke\u00e7ilm\u0259mi\u015f uzurpat ail\u0259 hakimiyy\u0259ti \u0259b\u0259di olsun dem\u0259y\u0259 b\u0259rab\u0259rdir!&quot;- \u018fli K\u0259rimli bel\u0259 deyib.<\/p>\n","protected":false},"excerpt":{"rendered":"<p>&#8220;&#8221;Bu bax\u0131mdan indi h\u0259r hans\u0131 siyasi d\u0259yi\u015fi\u015fikliyin oldu\u011funu iddia etm\u0259k do\u011fru deyil&#8221;.<\/p>\n","protected":false},"author":11,"featured_media":208525,"comment_status":"closed","ping_status":"open","sticky":false,"template":"","format":"standard","meta":{"_acf_changed":false,"_sitemap_exclude":false,"_sitemap_priority":"","_sitemap_frequency":"","footnotes":""},"categories":[59],"tags":[],"class_list":["post-212163","post","type-post","status-publish","format-standard","has-post-thumbnail","hentry","category-siyaset","infinite-scroll-item","generate-columns","tablet-grid-50","mobile-grid-100","grid-parent","grid-33","no-featured-image-padding"],"acf":[],"yoast_head":"<!-- This site is optimized with the Yoast SEO plugin v27.4 - https:\/\/yoast.com\/product\/yoast-seo-wordpress\/ -->\n<title>\u018fli K\u0259rimli: M\u00fcxalif\u0259t olmas\u0131n dem\u0259k, &quot;ail\u0259 hakimiyy\u0259ti \u0259b\u0259di olsun&quot; dem\u0259kdir - MEYDAN.TV<\/title>\n<meta name=\"robots\" content=\"index, follow, max-snippet:-1, max-image-preview:large, max-video-preview:-1\" \/>\n<link rel=\"canonical\" href=\"https:\/\/www.meydan.tv\/az\/article\/eli-kerimli-muxalifet-olmasin-demek-aile-hakimiyyeti-ebedi-olsun-demekdir\/\" \/>\n<meta property=\"og:locale\" content=\"az_AZ\" \/>\n<meta property=\"og:type\" content=\"article\" \/>\n<meta property=\"og:title\" content=\"\u018fli K\u0259rimli: M\u00fcxalif\u0259t olmas\u0131n dem\u0259k, &quot;ail\u0259 hakimiyy\u0259ti \u0259b\u0259di olsun&quot; dem\u0259kdir - MEYDAN.TV\" \/>\n<meta property=\"og:description\" content=\"&quot;&quot;Bu bax\u0131mdan indi h\u0259r hans\u0131 siyasi d\u0259yi\u015fi\u015fikliyin oldu\u011funu iddia etm\u0259k do\u011fru deyil&quot;.\" \/>\n<meta property=\"og:url\" content=\"https:\/\/www.meydan.tv\/az\/article\/eli-kerimli-muxalifet-olmasin-demek-aile-hakimiyyeti-ebedi-olsun-demekdir\/\" \/>\n<meta property=\"og:site_name\" content=\"MEYDAN.TV\" \/>\n<meta property=\"article:published_time\" content=\"2021-07-28T14:56:16+00:00\" \/>\n<meta property=\"og:image\" content=\"https:\/\/www.meydan.tv\/wp-content\/uploads\/untitled_design_6_4lkqsvw.png\" \/>\n\t<meta property=\"og:image:width\" content=\"1280\" \/>\n\t<meta property=\"og:image:height\" content=\"720\" \/>\n\t<meta property=\"og:image:type\" content=\"image\/png\" \/>\n<meta name=\"author\" content=\"user-manager\" \/>\n<meta name=\"twitter:card\" content=\"summary_large_image\" \/>\n<script type=\"application\/ld+json\" class=\"yoast-schema-graph\">{\"@context\":\"https:\\\/\\\/schema.org\",\"@graph\":[{\"@type\":\"Article\",\"@id\":\"https:\\\/\\\/www.meydan.tv\\\/az\\\/article\\\/eli-kerimli-muxalifet-olmasin-demek-aile-hakimiyyeti-ebedi-olsun-demekdir\\\/#article\",\"isPartOf\":{\"@id\":\"https:\\\/\\\/www.meydan.tv\\\/az\\\/article\\\/eli-kerimli-muxalifet-olmasin-demek-aile-hakimiyyeti-ebedi-olsun-demekdir\\\/\"},\"author\":{\"name\":\"user-manager\",\"@id\":\"https:\\\/\\\/www.meydan.tv\\\/az\\\/#\\\/schema\\\/person\\\/10d11eccf6da3662cf5fdab9806ea91a\"},\"headline\":\"\u018fli K\u0259rimli: M\u00fcxalif\u0259t olmas\u0131n dem\u0259k, &#8220;ail\u0259 hakimiyy\u0259ti \u0259b\u0259di olsun&#8221; dem\u0259kdir\",\"datePublished\":\"2021-07-28T14:56:16+00:00\",\"mainEntityOfPage\":{\"@id\":\"https:\\\/\\\/www.meydan.tv\\\/az\\\/article\\\/eli-kerimli-muxalifet-olmasin-demek-aile-hakimiyyeti-ebedi-olsun-demekdir\\\/\"},\"wordCount\":764,\"publisher\":{\"@id\":\"https:\\\/\\\/www.meydan.tv\\\/az\\\/#organization\"},\"image\":{\"@id\":\"https:\\\/\\\/www.meydan.tv\\\/az\\\/article\\\/eli-kerimli-muxalifet-olmasin-demek-aile-hakimiyyeti-ebedi-olsun-demekdir\\\/#primaryimage\"},\"thumbnailUrl\":\"https:\\\/\\\/www.meydan.tv\\\/wp-content\\\/uploads\\\/untitled_design_6_4lkqsvw.png\",\"articleSection\":[\"Siyas\u0259t\"],\"inLanguage\":\"az\"},{\"@type\":\"WebPage\",\"@id\":\"https:\\\/\\\/www.meydan.tv\\\/az\\\/article\\\/eli-kerimli-muxalifet-olmasin-demek-aile-hakimiyyeti-ebedi-olsun-demekdir\\\/\",\"url\":\"https:\\\/\\\/www.meydan.tv\\\/az\\\/article\\\/eli-kerimli-muxalifet-olmasin-demek-aile-hakimiyyeti-ebedi-olsun-demekdir\\\/\",\"name\":\"\u018fli K\u0259rimli: M\u00fcxalif\u0259t olmas\u0131n dem\u0259k, \\\"ail\u0259 hakimiyy\u0259ti \u0259b\u0259di olsun\\\" dem\u0259kdir - MEYDAN.TV\",\"isPartOf\":{\"@id\":\"https:\\\/\\\/www.meydan.tv\\\/az\\\/#website\"},\"primaryImageOfPage\":{\"@id\":\"https:\\\/\\\/www.meydan.tv\\\/az\\\/article\\\/eli-kerimli-muxalifet-olmasin-demek-aile-hakimiyyeti-ebedi-olsun-demekdir\\\/#primaryimage\"},\"image\":{\"@id\":\"https:\\\/\\\/www.meydan.tv\\\/az\\\/article\\\/eli-kerimli-muxalifet-olmasin-demek-aile-hakimiyyeti-ebedi-olsun-demekdir\\\/#primaryimage\"},\"thumbnailUrl\":\"https:\\\/\\\/www.meydan.tv\\\/wp-content\\\/uploads\\\/untitled_design_6_4lkqsvw.png\",\"datePublished\":\"2021-07-28T14:56:16+00:00\",\"breadcrumb\":{\"@id\":\"https:\\\/\\\/www.meydan.tv\\\/az\\\/article\\\/eli-kerimli-muxalifet-olmasin-demek-aile-hakimiyyeti-ebedi-olsun-demekdir\\\/#breadcrumb\"},\"inLanguage\":\"az\",\"potentialAction\":[{\"@type\":\"ReadAction\",\"target\":[\"https:\\\/\\\/www.meydan.tv\\\/az\\\/article\\\/eli-kerimli-muxalifet-olmasin-demek-aile-hakimiyyeti-ebedi-olsun-demekdir\\\/\"]}]},{\"@type\":\"ImageObject\",\"inLanguage\":\"az\",\"@id\":\"https:\\\/\\\/www.meydan.tv\\\/az\\\/article\\\/eli-kerimli-muxalifet-olmasin-demek-aile-hakimiyyeti-ebedi-olsun-demekdir\\\/#primaryimage\",\"url\":\"https:\\\/\\\/www.meydan.tv\\\/wp-content\\\/uploads\\\/untitled_design_6_4lkqsvw.png\",\"contentUrl\":\"https:\\\/\\\/www.meydan.tv\\\/wp-content\\\/uploads\\\/untitled_design_6_4lkqsvw.png\",\"width\":1280,\"height\":720,\"caption\":\"Source: Specify Source\"},{\"@type\":\"BreadcrumbList\",\"@id\":\"https:\\\/\\\/www.meydan.tv\\\/az\\\/article\\\/eli-kerimli-muxalifet-olmasin-demek-aile-hakimiyyeti-ebedi-olsun-demekdir\\\/#breadcrumb\",\"itemListElement\":[{\"@type\":\"ListItem\",\"position\":1,\"name\":\"Ana s\u0259hif\u0259\",\"item\":\"https:\\\/\\\/www.meydan.tv\\\/az\\\/\"},{\"@type\":\"ListItem\",\"position\":2,\"name\":\"Siyas\u0259t\",\"item\":\"https:\\\/\\\/www.meydan.tv\\\/az\\\/section\\\/siyaset\\\/\"},{\"@type\":\"ListItem\",\"position\":3,\"name\":\"\u018fli K\u0259rimli: M\u00fcxalif\u0259t olmas\u0131n dem\u0259k, &#8220;ail\u0259 hakimiyy\u0259ti \u0259b\u0259di olsun&#8221; dem\u0259kdir\"}]},{\"@type\":\"WebSite\",\"@id\":\"https:\\\/\\\/www.meydan.tv\\\/az\\\/#website\",\"url\":\"https:\\\/\\\/www.meydan.tv\\\/az\\\/\",\"name\":\"MEYDAN.TV\",\"description\":\"Meydan TV Az\u0259rbaycan\u0131n media m\u0259kan\u0131ndak\u0131 alternativ s\u0259sidir\",\"publisher\":{\"@id\":\"https:\\\/\\\/www.meydan.tv\\\/az\\\/#organization\"},\"potentialAction\":[{\"@type\":\"SearchAction\",\"target\":{\"@type\":\"EntryPoint\",\"urlTemplate\":\"https:\\\/\\\/www.meydan.tv\\\/az\\\/?s={search_term_string}\"},\"query-input\":{\"@type\":\"PropertyValueSpecification\",\"valueRequired\":true,\"valueName\":\"search_term_string\"}}],\"inLanguage\":\"az\"},{\"@type\":\"Organization\",\"@id\":\"https:\\\/\\\/www.meydan.tv\\\/az\\\/#organization\",\"name\":\"Meydan TV\",\"url\":\"https:\\\/\\\/www.meydan.tv\\\/az\\\/\",\"logo\":{\"@type\":\"ImageObject\",\"inLanguage\":\"az\",\"@id\":\"https:\\\/\\\/www.meydan.tv\\\/az\\\/#\\\/schema\\\/logo\\\/image\\\/\",\"url\":\"https:\\\/\\\/www.meydan.tv\\\/wp-content\\\/uploads\\\/2021\\\/07\\\/meydan-logo.svg\",\"contentUrl\":\"https:\\\/\\\/www.meydan.tv\\\/wp-content\\\/uploads\\\/2021\\\/07\\\/meydan-logo.svg\",\"width\":195,\"height\":46,\"caption\":\"Meydan TV\"},\"image\":{\"@id\":\"https:\\\/\\\/www.meydan.tv\\\/az\\\/#\\\/schema\\\/logo\\\/image\\\/\"}},{\"@type\":\"Person\",\"@id\":\"https:\\\/\\\/www.meydan.tv\\\/az\\\/#\\\/schema\\\/person\\\/10d11eccf6da3662cf5fdab9806ea91a\",\"name\":\"user-manager\"}]}<\/script>\n<!-- \/ Yoast SEO plugin. -->","yoast_head_json":{"title":"\u018fli K\u0259rimli: M\u00fcxalif\u0259t olmas\u0131n dem\u0259k, \"ail\u0259 hakimiyy\u0259ti \u0259b\u0259di olsun\" dem\u0259kdir - MEYDAN.TV","robots":{"index":"index","follow":"follow","max-snippet":"max-snippet:-1","max-image-preview":"max-image-preview:large","max-video-preview":"max-video-preview:-1"},"canonical":"https:\/\/www.meydan.tv\/az\/article\/eli-kerimli-muxalifet-olmasin-demek-aile-hakimiyyeti-ebedi-olsun-demekdir\/","og_locale":"az_AZ","og_type":"article","og_title":"\u018fli K\u0259rimli: M\u00fcxalif\u0259t olmas\u0131n dem\u0259k, \"ail\u0259 hakimiyy\u0259ti \u0259b\u0259di olsun\" dem\u0259kdir - MEYDAN.TV","og_description":"\"\"Bu bax\u0131mdan indi h\u0259r hans\u0131 siyasi d\u0259yi\u015fi\u015fikliyin oldu\u011funu iddia etm\u0259k do\u011fru deyil\".","og_url":"https:\/\/www.meydan.tv\/az\/article\/eli-kerimli-muxalifet-olmasin-demek-aile-hakimiyyeti-ebedi-olsun-demekdir\/","og_site_name":"MEYDAN.TV","article_published_time":"2021-07-28T14:56:16+00:00","og_image":[{"width":1280,"height":720,"url":"https:\/\/www.meydan.tv\/wp-content\/uploads\/untitled_design_6_4lkqsvw.png","type":"image\/png"}],"author":"user-manager","twitter_card":"summary_large_image","schema":{"@context":"https:\/\/schema.org","@graph":[{"@type":"Article","@id":"https:\/\/www.meydan.tv\/az\/article\/eli-kerimli-muxalifet-olmasin-demek-aile-hakimiyyeti-ebedi-olsun-demekdir\/#article","isPartOf":{"@id":"https:\/\/www.meydan.tv\/az\/article\/eli-kerimli-muxalifet-olmasin-demek-aile-hakimiyyeti-ebedi-olsun-demekdir\/"},"author":{"name":"user-manager","@id":"https:\/\/www.meydan.tv\/az\/#\/schema\/person\/10d11eccf6da3662cf5fdab9806ea91a"},"headline":"\u018fli K\u0259rimli: M\u00fcxalif\u0259t olmas\u0131n dem\u0259k, &#8220;ail\u0259 hakimiyy\u0259ti \u0259b\u0259di olsun&#8221; dem\u0259kdir","datePublished":"2021-07-28T14:56:16+00:00","mainEntityOfPage":{"@id":"https:\/\/www.meydan.tv\/az\/article\/eli-kerimli-muxalifet-olmasin-demek-aile-hakimiyyeti-ebedi-olsun-demekdir\/"},"wordCount":764,"publisher":{"@id":"https:\/\/www.meydan.tv\/az\/#organization"},"image":{"@id":"https:\/\/www.meydan.tv\/az\/article\/eli-kerimli-muxalifet-olmasin-demek-aile-hakimiyyeti-ebedi-olsun-demekdir\/#primaryimage"},"thumbnailUrl":"https:\/\/www.meydan.tv\/wp-content\/uploads\/untitled_design_6_4lkqsvw.png","articleSection":["Siyas\u0259t"],"inLanguage":"az"},{"@type":"WebPage","@id":"https:\/\/www.meydan.tv\/az\/article\/eli-kerimli-muxalifet-olmasin-demek-aile-hakimiyyeti-ebedi-olsun-demekdir\/","url":"https:\/\/www.meydan.tv\/az\/article\/eli-kerimli-muxalifet-olmasin-demek-aile-hakimiyyeti-ebedi-olsun-demekdir\/","name":"\u018fli K\u0259rimli: M\u00fcxalif\u0259t olmas\u0131n dem\u0259k, \"ail\u0259 hakimiyy\u0259ti \u0259b\u0259di olsun\" dem\u0259kdir - MEYDAN.TV","isPartOf":{"@id":"https:\/\/www.meydan.tv\/az\/#website"},"primaryImageOfPage":{"@id":"https:\/\/www.meydan.tv\/az\/article\/eli-kerimli-muxalifet-olmasin-demek-aile-hakimiyyeti-ebedi-olsun-demekdir\/#primaryimage"},"image":{"@id":"https:\/\/www.meydan.tv\/az\/article\/eli-kerimli-muxalifet-olmasin-demek-aile-hakimiyyeti-ebedi-olsun-demekdir\/#primaryimage"},"thumbnailUrl":"https:\/\/www.meydan.tv\/wp-content\/uploads\/untitled_design_6_4lkqsvw.png","datePublished":"2021-07-28T14:56:16+00:00","breadcrumb":{"@id":"https:\/\/www.meydan.tv\/az\/article\/eli-kerimli-muxalifet-olmasin-demek-aile-hakimiyyeti-ebedi-olsun-demekdir\/#breadcrumb"},"inLanguage":"az","potentialAction":[{"@type":"ReadAction","target":["https:\/\/www.meydan.tv\/az\/article\/eli-kerimli-muxalifet-olmasin-demek-aile-hakimiyyeti-ebedi-olsun-demekdir\/"]}]},{"@type":"ImageObject","inLanguage":"az","@id":"https:\/\/www.meydan.tv\/az\/article\/eli-kerimli-muxalifet-olmasin-demek-aile-hakimiyyeti-ebedi-olsun-demekdir\/#primaryimage","url":"https:\/\/www.meydan.tv\/wp-content\/uploads\/untitled_design_6_4lkqsvw.png","contentUrl":"https:\/\/www.meydan.tv\/wp-content\/uploads\/untitled_design_6_4lkqsvw.png","width":1280,"height":720,"caption":"Source: Specify Source"},{"@type":"BreadcrumbList","@id":"https:\/\/www.meydan.tv\/az\/article\/eli-kerimli-muxalifet-olmasin-demek-aile-hakimiyyeti-ebedi-olsun-demekdir\/#breadcrumb","itemListElement":[{"@type":"ListItem","position":1,"name":"Ana s\u0259hif\u0259","item":"https:\/\/www.meydan.tv\/az\/"},{"@type":"ListItem","position":2,"name":"Siyas\u0259t","item":"https:\/\/www.meydan.tv\/az\/section\/siyaset\/"},{"@type":"ListItem","position":3,"name":"\u018fli K\u0259rimli: M\u00fcxalif\u0259t olmas\u0131n dem\u0259k, &#8220;ail\u0259 hakimiyy\u0259ti \u0259b\u0259di olsun&#8221; dem\u0259kdir"}]},{"@type":"WebSite","@id":"https:\/\/www.meydan.tv\/az\/#website","url":"https:\/\/www.meydan.tv\/az\/","name":"MEYDAN.TV","description":"Meydan TV Az\u0259rbaycan\u0131n media m\u0259kan\u0131ndak\u0131 alternativ s\u0259sidir","publisher":{"@id":"https:\/\/www.meydan.tv\/az\/#organization"},"potentialAction":[{"@type":"SearchAction","target":{"@type":"EntryPoint","urlTemplate":"https:\/\/www.meydan.tv\/az\/?s={search_term_string}"},"query-input":{"@type":"PropertyValueSpecification","valueRequired":true,"valueName":"search_term_string"}}],"inLanguage":"az"},{"@type":"Organization","@id":"https:\/\/www.meydan.tv\/az\/#organization","name":"Meydan TV","url":"https:\/\/www.meydan.tv\/az\/","logo":{"@type":"ImageObject","inLanguage":"az","@id":"https:\/\/www.meydan.tv\/az\/#\/schema\/logo\/image\/","url":"https:\/\/www.meydan.tv\/wp-content\/uploads\/2021\/07\/meydan-logo.svg","contentUrl":"https:\/\/www.meydan.tv\/wp-content\/uploads\/2021\/07\/meydan-logo.svg","width":195,"height":46,"caption":"Meydan TV"},"image":{"@id":"https:\/\/www.meydan.tv\/az\/#\/schema\/logo\/image\/"}},{"@type":"Person","@id":"https:\/\/www.meydan.tv\/az\/#\/schema\/person\/10d11eccf6da3662cf5fdab9806ea91a","name":"user-manager"}]}},"_links":{"self":[{"href":"https:\/\/www.meydan.tv\/az\/wp-json\/wp\/v2\/posts\/212163","targetHints":{"allow":["GET"]}}],"collection":[{"href":"https:\/\/www.meydan.tv\/az\/wp-json\/wp\/v2\/posts"}],"about":[{"href":"https:\/\/www.meydan.tv\/az\/wp-json\/wp\/v2\/types\/post"}],"author":[{"embeddable":true,"href":"https:\/\/www.meydan.tv\/az\/wp-json\/wp\/v2\/users\/11"}],"replies":[{"embeddable":true,"href":"https:\/\/www.meydan.tv\/az\/wp-json\/wp\/v2\/comments?post=212163"}],"version-history":[{"count":0,"href":"https:\/\/www.meydan.tv\/az\/wp-json\/wp\/v2\/posts\/212163\/revisions"}],"wp:featuredmedia":[{"embeddable":true,"href":"https:\/\/www.meydan.tv\/az\/wp-json\/wp\/v2\/media\/208525"}],"wp:attachment":[{"href":"https:\/\/www.meydan.tv\/az\/wp-json\/wp\/v2\/media?parent=212163"}],"wp:term":[{"taxonomy":"category","embeddable":true,"href":"https:\/\/www.meydan.tv\/az\/wp-json\/wp\/v2\/categories?post=212163"},{"taxonomy":"post_tag","embeddable":true,"href":"https:\/\/www.meydan.tv\/az\/wp-json\/wp\/v2\/tags?post=212163"}],"curies":[{"name":"wp","href":"https:\/\/api.w.org\/{rel}","templated":true}]}}