{"id":212158,"date":"2021-07-28T12:40:09","date_gmt":"2021-07-28T12:40:09","guid":{"rendered":"https:\/\/www.meydan.tv\/article\/flora-kerimova-coxu-sponsor-gucune-muxalifetdir-meni-onlarin-arasina-yazmayin\/"},"modified":"2021-07-28T12:40:09","modified_gmt":"2021-07-28T12:40:09","slug":"flora-kerimova-coxu-sponsor-gucune-muxalifetdir-meni-onlarin-arasina-yazmayin","status":"publish","type":"post","link":"https:\/\/www.meydan.tv\/az\/article\/flora-kerimova-coxu-sponsor-gucune-muxalifetdir-meni-onlarin-arasina-yazmayin\/","title":{"rendered":"Flora K\u0259rimova: \u00c7oxu sponsor g\u00fcc\u00fcn\u0259 m\u00fcxalif\u0259tdir, m\u0259ni onlar\u0131n aras\u0131na yazmay\u0131n"},"content":{"rendered":"<p>\n  <i><br \/>\n    &quot;Daha m\u00fcxalif\u0259t\u00e7iliy\u0259 yer qalmay\u0131b&quot;<br \/>\n  <\/i>\n<\/p>\n<p>\n  <b><br \/>\n    Bu g\u00fcnl\u0259rd\u0259 s\u0259ks\u0259n ya\u015f\u0131n\u0131 qeyd ed\u0259n Xalq artsiti Flora K\u0259rimova Meydan TV-nin suallar\u0131n\u0131 cavabland\u0131r\u0131b.<br \/>\n  <\/b>\n<\/p>\n<p>\n  <b><br \/>\n    O, s\u0259n\u0259tl\u0259 yana\u015f\u0131, siyas\u0259td\u0259n, m\u00fcxalif\u0259td\u0259n, 44 g\u00fcnl\u00fck m\u00fcharib\u0259d\u0259n d\u0259 dan\u0131\u015f\u0131b.<br \/>\n  <\/b>\n<\/p>\n<p>\n  <i><br \/>\n    &#8211; Flora xan\u0131m, yarad\u0131c\u0131l\u0131\u011f\u0131n\u0131z\u0131n iki m\u0259rh\u0259l\u0259si olub: Sovet v\u0259 m\u00fcst\u0259qillik d\u00f6vr\u00fc. Sizin \u00fc\u00e7\u00fcn hans\u0131 daha yaddaqalan olub?<br \/>\n  <\/i>\n<\/p>\n<p>\n  &#8211; He\u00e7 biri. \u00c7\u00fcnki sovetl\u0259r vaxt\u0131 da, m\u00fcst\u0259qillik d\u00f6vr\u00fcnd\u0259 d\u0259 m\u0259ni \u00e7ox incidibl\u0259r. H\u0259rd\u0259n iki\u00fczl\u00fcl\u00fck edirl\u0259r ki, sovetl\u0259r vaxt\u0131 pisiydi, indi yax\u015f\u0131d\u0131r. Yox, d\u00fc\u015fm\u0259n h\u0259mi\u015f\u0259 d\u00fc\u015fm\u0259ndir. \u018fg\u0259r kims\u0259 m\u0259niml\u0259 d\u00fc\u015fm\u0259n\u00e7ilik aparmaq h\u0259v\u0259sind\u0259dirs\u0259, 80 ya\u015f\u0131mda da bunu ed\u0259c\u0259k. Bu g\u00fcn-sabah d\u00fcnyadan k\u00f6\u00e7\u0259c\u0259y\u0259m, mill\u0259timd\u0259n \u00fczr ist\u0259yir\u0259m, h\u0259mi\u015f\u0259 v\u0259 h\u0259l\u0259 d\u0259 \u0259l-aya\u011f\u0131m\u0131 yeyirl\u0259r. Gah q\u0131z\u0131ma, gah o\u011fluma, d\u00fcnyadan k\u00f6\u00e7\u0259nl\u0259rim\u0259, gah ana b\u0259tnind\u0259 v\u0259fat ed\u0259n nakam n\u0259v\u0259m Florama h\u0259s\u0259d apar\u0131rlar. Mill\u0259timin m\u0259n\u0259 olan m\u00fcnasib\u0259tin\u0259, torpa\u011f\u0131ma ba\u011fl\u0131 olma\u011f\u0131ma, h\u0259tta ail\u0259 faci\u0259m\u0259 bel\u0259 h\u0259s\u0259d apar\u0131rlar. \u00d6zl\u0259rind\u0259 olmayanlar\u0131 m\u0259nd\u0259 g\u00f6r\u00fcb, q\u0131sqan\u0131b, a\u011f\u0131zlar\u0131n\u0131 Allah yoluna qoyurlar. \u0130ndi d\u0259 \u0259l \u00e7\u0259kmirl\u0259r, bir s\u00f6z deyir\u0259m, \u015fi\u015firdirl\u0259r. B\u0259z\u0259n g\u00f6r\u00fcrs\u0259n ki, \u201cYouTube\u201dda olan hans\u0131sa mahn\u0131ma barma\u011f\u0131n\u0131 a\u015fa\u011f\u0131 sal\u0131b, b\u0259y\u0259nm\u0259yib. M\u00fctl\u0259q bir savads\u0131z, pax\u0131l barma\u011f\u0131n\u0131 a\u015fa\u011f\u0131 salacaq. S\u0259ks\u0259n ya\u015f\u0131ma kimi, bu s\u00f6z\u00fc dem\u0259mi\u015f\u0259m. \u0130ndi deyir\u0259m, \u00e7\u00fcnki art\u0131q bo\u011faza y\u0131\u011f\u0131lm\u0131\u015fam. M\u0259nim vokal\u0131mdan y\u00fcks\u0259yi yoxdur. Tama\u015fal\u0131, kinolu, ham\u0131s\u0131 birlikd\u0259 min y\u00fcz mahn\u0131 oxumu\u015fam. S\u0259n onun bir faizini oxuya bilm\u0259y\u0259c\u0259ks\u0259n. El\u0259 mahn\u0131 oxumal\u0131san ki, insanlar\u0131n beynin\u0259, \u00fcr\u0259yin\u0259 yol taps\u0131n.\n<\/p>\n<p>\n  <i><br \/>\n    &#8211; Musiqid\u0259n s\u00f6z d\u00fc\u015fm\u00fc\u015fk\u0259n, Sovet d\u00f6vr\u00fcnd\u0259 g\u00fccl\u00fc b\u0259st\u0259karlarla \u00e7al\u0131\u015fm\u0131s\u0131n\u0131z, h\u0259min ill\u0259rin senzuras\u0131 bu \u0259m\u0259kda\u015fl\u0131\u011f\u0131n imkanlar\u0131n\u0131 hans\u0131 h\u0259dd\u0259 q\u0259d\u0259r geni\u015fl\u0259ndirm\u0259y\u0259 imkan verirdi?<br \/>\n  <\/i>\n<\/p>\n<p>\n  &#8211; Bir ay oxumu\u015fam, \u00fc\u00e7 ay a\u011fz\u0131m\u0131 m\u00f6h\u00fcrl\u0259yibl\u0259r. Bunu xo\u015fa g\u0259lm\u0259k \u00fc\u00e7\u00fcn edirdil\u0259r. B\u0259db\u0259xtl\u0259r, yaltaqlanmaq \u00fc\u00e7\u00fcn bilmirdil\u0259r ki, daha n\u0259 etsinl\u0259r. Flora d\u00fcz s\u00f6z dey\u0259n kimi onu \u201cvurmaq\u201d \u00fc\u00e7\u00fcn \u0259ll\u0259rin\u0259 f\u00fcrs\u0259t ke\u00e7irdi. Xalq\u0131mdan bir xahi\u015fim var. B\u0259zi insanlara m\u00fcraci\u0259t edir\u0259m, yaltaq olmay\u0131n. Birincisi, yuxar\u0131lar\u0131n bundan xo\u015fu g\u0259lmir. Konkret olaraq kiml\u0259ri n\u0259z\u0259rd\u0259 tutdu\u011fumu bilirsiniz. Ba\u015f\u0131 da\u015fdan-da\u015fa d\u0259y\u0259n yuxar\u0131lar, yaltaqlar\u0131n dedikl\u0259rin\u0259 inanm\u0131r. Onsuz da bilirl\u0259r ki, s\u00f6zl\u0259riniz yaland\u0131r. Bilirl\u0259r ki, tale \u00fcz d\u00f6nd\u0259rs\u0259, siz o insanlardan ham\u0131dan \u0259vv\u0259l qa\u00e7acaqs\u0131n\u0131z. Yaltaql\u0131qla xalq\u0131 b\u0259db\u0259xt etm\u0259yin. Mill\u0259tin belini s\u0131nd\u0131rmay\u0131n, xalq\u0131n t\u0259rbiy\u0259sini pozmay\u0131n. Yad\u0131mdad\u0131r, bir d\u0259f\u0259 f\u0259xri adlar\u0131n t\u0259qdimat\u0131 idi, efird\u0259 n\u00fcmayi\u015f olunurdu. R\u0259hm\u0259tlik Heyd\u0259r \u018fliyev soru\u015fdu ki, niy\u0259 Floran\u0131n s\u0259si e\u015fidilmir? \u015eairl\u0259rd\u0259n biri cavab verdi ki, ona qada\u011fan edibl\u0259r. Bunlar el\u0259 bilirdi ki, r\u0259hb\u0259rlik d\u00fcz s\u00f6z\u0259 g\u00f6r\u0259 m\u0259n\u0259 m\u00fcnasib\u0259ti korlayacaq. Hans\u0131sa andan istifad\u0259 edib, m\u0259ni ekrandan \u00e7\u0131xar\u0131rlar. Amma d\u00fcz s\u00f6z\u00fcm\u0259 g\u00f6r\u0259 xalq\u0131m\u0131n, mill\u0259timin m\u0259n\u0259 m\u00fcnasib\u0259ti h\u0259mi\u015f\u0259 yax\u015f\u0131d\u0131r.\n<\/p>\n<p>\n  &#8211;<br \/>\n  <i><br \/>\n    V\u0259ziyy\u0259t indi d\u0259 bel\u0259dir, qada\u011falar var?<br \/>\n  <\/i>\n<\/p>\n<p>\n  &#8211; \u0130ndi d\u0259yib-dola\u015fan yoxdur. Bir m\u0259s\u0259l var: &quot;Z\u0259r q\u0259drini z\u0259rg\u0259r bil\u0259r&quot;. Bu g\u00fcnl\u0259rd\u0259 s\u0259ks\u0259n illik yubileyim idi. Hans\u0131sa telekanal\u0131n yubileyim\u0259 bigan\u0259 yana\u015fd\u0131\u011f\u0131n\u0131 g\u00f6rm\u0259dim. Ya k\u00f6hn\u0259 verili\u015fl\u0259rimd\u0259n, m\u00fcsahib\u0259l\u0259rimd\u0259n, ya da \u00e7\u0131x\u0131\u015flar\u0131mdan verdil\u0259r. \u201cX\u0259z\u0259r\u201d Televiziyas\u0131n\u0131n prezidenti Murad Dada\u015fov do\u011fum g\u00fcn\u00fcm\u00fc x\u00fcsusi t\u0259brik etdi. M\u0259ni ba\u015fa d\u00fc\u015f\u0259n, aya\u011fa verm\u0259y\u0259n, m\u00fchafiz\u0259 ed\u0259n, \u00f6z m\u00fcnasib\u0259tini s\u0259rgiliy\u0259n, \u201cona d\u0259ym\u0259yin, o s\u0259n\u0259tkard\u0131r\u201d, &#8211; jestini ed\u0259n el\u0259 \u00f6z\u00fc d\u0259 s\u0259n\u0259tkard\u0131r. Onun m\u0259n\u0259 n\u0259 q\u0259d\u0259r antipatiyas\u0131 olsa da, s\u0259n\u0259tkarl\u0131q ba\u015fqa c\u00fcr davranma\u011fa qoymazd\u0131. Say\u011f\u0131s\u0131, qay\u011f\u0131s\u0131 qoymaz ki, m\u0259n\u0259 ya gizli, ya da a\u00e7\u0131q d\u00fc\u015fm\u0259n olsun. B\u00fct\u00fcn telekanallar m\u0259ni t\u0259brik etdil\u0259r. Ona g\u00f6r\u0259 yox ki, s\u0259ks\u0259n ya\u015f\u0131m var, yubileyimdir. Onlar m\u0259nim s\u0259n\u0259tim\u0259 qiym\u0259t verirl\u0259r. O q\u0259d\u0259r s\u0259n\u0259t adam\u0131 var ki, ya\u015f\u0131 s\u0259ks\u0259n d\u0259 olur, doxsan da. Q\u0131z\u0131ma zarafatla deyir\u0259m ki, anan qurban, \u00e7amadanlar\u0131m\u0131 y\u0131\u011f\u0131ram, k\u00f6\u00e7m\u0259y\u0259. Deyir ki, Allah el\u0259m\u0259sin, s\u0259n m\u0259ni, qarda\u015f\u0131m\u0131 yetim qoyursan? O\u011flum m\u0259n\u0259 deyir ki, \u0259llid\u0259n \u00e7ox ya\u015f\u0131m var. \u0130nan ki, s\u0259n olmasan, m\u0259n yetim qalaram, iki ya\u015fl\u0131 u\u015faq yan\u0131mda yalan olar.\n<\/p>\n<p>\n  <i><br \/>\n    &#8211; Siz bir m\u00fcdd\u0259t &#8211; konkretl\u0259\u015fdirs\u0259k, 90-c\u0131 ill\u0259rin sonlar\u0131 m\u00fcxalif\u0259t d\u00fc\u015f\u0259rg\u0259sil\u0259 s\u0131x m\u00fcnasib\u0259td\u0259ydiniz, 2003-c\u00fc ild\u0259n sonra \u0259laq\u0259 t\u0259dric\u0259n k\u0259sildi. Bu, s\u0259n\u0259tl\u0259 ba\u011fl\u0131yd\u0131, yoxsa ba\u015fqa s\u0259b\u0259bl\u0259r d\u0259 vard\u0131?<br \/>\n  <\/i>\n<\/p>\n<p>\n  &#8211; M\u00fcxalif\u0259t olsayd\u0131m, g\u0259r\u0259k m\u0259ni \u00e7ox a\u011f\u0131ll\u0131 insanlar\u0131n siyah\u0131s\u0131na yazayd\u0131lar. M\u00fcxalif\u0259t &#8211; \u0259sl, \u0259ld\u0259qay\u0131rma yox &#8211; \u00e7ox a\u011f\u0131ll\u0131 olmal\u0131d\u0131r. \u0130qtidar\u0131 haqs\u0131z \u00e7\u0131xarma\u011fa faktlar\u0131, m\u0259ntiqi v\u0259 c\u0259sar\u0259ti olmal\u0131d\u0131r. \u00c7oxu sponsor g\u00fcc\u00fcn\u0259 m\u00fcxalif\u0259tdir, m\u0259ni onlar\u0131n aras\u0131na yazmay\u0131n. T\u0259bii ki, ham\u0131s\u0131n\u0131 demir\u0259m, \u00e7\u00fcnki m\u0259n d\u0259 h\u0259min \u00e7e\u015fm\u0259d\u0259n su i\u00e7mi\u015f\u0259m. M\u0259ns\u0259 he\u00e7 vaxt su i\u00e7diyim qaba t\u00fcp\u00fcrm\u0259r\u0259m. M\u00fcxalif\u0259t \u2013 siyas\u0259t\u00e7i olmal\u0131d\u0131r. Ad\u0131n\u0131 da\u015f\u0131mamal\u0131d\u0131r, \u00f6z\u00fc olmal\u0131d\u0131r. M\u00fcxalif\u0259t &#8211; intellektl\u0259, v\u0259t\u0259n\u0259 olan sevginin v\u0259hd\u0259tidir. Bir d\u0259 ki daha m\u00fcxalif\u0259t\u00e7iliy\u0259 yer qalmay\u0131b. \u00c7\u00fcnki iqtidar mill\u0259timl\u0259, \u015f\u0259hidl\u0259rin qan\u0131 il\u0259 m\u0259ni bir insan kimi ucaltd\u0131. Ham\u0131m\u0131z\u0131 xalq, mill\u0259t kimi ucaltd\u0131. H\u0259mi\u015f\u0259 deyir\u0259m ki, v\u0259t\u0259ni \u00fcr\u0259kl\u0259 sevib, a\u011f\u0131lla qoruyarlar.\n<\/p>\n<figure class=\"wp-block-image size-large\">\n  <img decoding=\"async\" src=\"https:\/\/www.meydan.tv\/az\/flora1-jpg\/\" alt=\"flora1.jpg\" class=\"wp-image-208480\"\/><figcaption>\n    Flora K\u0259rimova<br \/>\n  <\/figcaption><\/figure>\n<p>\n  <i><br \/>\n    &#8211; Flora xan\u0131m, son g\u00fcnl\u0259r Az\u0259rbaycanla-Erm\u0259nistan aras\u0131nda g\u0259rginlik art\u0131b, \u015eu\u015fa, Nax\u00e7\u0131van, K\u0259lb\u0259c\u0259r, Tovuz istiqam\u0259tind\u0259 at\u0259\u015fk\u0259sin pozuldu\u011fu bildirilir. H\u0259r iki \u00f6lk\u0259nin m\u00fcdafi\u0259 nazirlikl\u0259ri bununla ba\u011fl\u0131 m\u00fct\u0259madi m\u0259lumatlar yay\u0131r. Nec\u0259 d\u00fc\u015f\u00fcn\u00fcrs\u00fcn\u00fcz, bu prosesl\u0259rin sonu nec\u0259 olacaq?<br \/>\n  <\/i>\n<\/p>\n<p>\n  &#8211; Siz d\u00fc\u015f\u00fcn\u00fcrs\u00fcn\u00fcz ki, d\u00fc\u015fm\u0259n bizi el\u0259-bel\u0259 rahat buraxacaq? \u0130fad\u0259m\u0259 g\u00f6r\u0259 \u00fczr ist\u0259yir\u0259m, anas\u0131n\u0131 a\u011fladana dey\u0259c\u0259k ki, s\u0259ninl\u0259 s\u00fclh\u0259 gedir\u0259m? Onlar kiml\u0259r\u0259s\u0259 arxay\u0131nd\u0131rlar. Ad\u0131n\u0131 \u00e7\u0259kmir\u0259m ki, v\u0259t\u0259nim\u0259 bir d\u0259 d\u00fc\u015fm\u0259n qazand\u0131rmayaq. Arxaland\u0131qlar\u0131 da, &quot;dov\u015fana qa\u00e7 deyir, taz\u0131ya tut&quot;. Bizi 27 il a\u011flar qoydular. Allah s\u0259rk\u0259rd\u0259mizin can\u0131n\u0131 sa\u011f el\u0259sin, 44 g\u00fcn\u0259 onlar\u0131 he\u00e7 etdi, a\u011flar g\u00fcn\u0259 qoydu. Onlar\u0131n b\u00fct\u00fcn dayaqlar\u0131n\u0131, yalan\u00e7\u0131 n\u00fcfuzlar\u0131n\u0131, \u00f6zl\u0259ri haqq\u0131nda olan \u0259fsan\u0259l\u0259rini 44 g\u00fcnd\u0259 tapdalad\u0131, m\u0259hv etdi. Xalqla birlik oldu, irad\u0259si, savad\u0131, mill\u0259tin d\u0259st\u0259yi, \u015f\u0259hidl\u0259rin qan\u0131 bahas\u0131na Az\u0259rbaycan\u0131 aya\u011fa qald\u0131rd\u0131. Bir var, s\u00f6zd\u0259 v\u0259t\u0259np\u0259rv\u0259r olasan, bir d\u0259 var, konkret i\u015f g\u00f6r\u0259s\u0259n, \u00f6z\u00fcn\u00fc do\u011frudan da, bu torpa\u011f\u0131n \u00f6vlad\u0131 hiss ed\u0259s\u0259n. Bu torpa\u011f\u0131n b\u00fct\u00f6vl\u00fcy\u00fcn\u00fc demir\u0259m, h\u0259tta z\u0259rr\u0259sin\u0259 g\u00f6r\u0259 can\u0131ndan, qan\u0131ndan ke\u00e7\u0259nl\u0259r oldu.\n<\/p>\n<p>\n  <i><br \/>\n    &#8211; 2005-ci ild\u0259 Parlament se\u00e7kil\u0259rin\u0259 qat\u0131lm\u0131\u015fd\u0131n\u0131z. H\u0259min vaxt se\u00e7ki n\u0259tic\u0259l\u0259rind\u0259n naraz\u0131 qalm\u0131\u015fd\u0131n\u0131z, yerli, daha sonra is\u0259 Avropa M\u0259hk\u0259m\u0259sin\u0259 m\u00fcraci\u0259t etmi\u015fdiz. Avropa M\u0259hk\u0259m\u0259sinin q\u0259rar\u0131 il\u0259 Az\u0259rbaycan d\u00f6vl\u0259ti siz\u0259 59 min 100 avro t\u0259zminat \u00f6d\u0259m\u0259li idi. Bu m\u0259bl\u0259\u011f \u00f6d\u0259nildimi?<br \/>\n  <\/i>\n<\/p>\n<p>\n  &#8211; \u00d6d\u0259nildi. Sonradan \u0259riz\u0259 yaz\u0131b, deputat pensiyas\u0131 t\u0259l\u0259b etdim. Lakin ne\u00e7\u0259 ill\u0259r etiraf etm\u0259dil\u0259r. Dedil\u0259r ki, qanunda bel\u0259 bir \u015fey yoxdur. Konstutisiya M\u0259hk\u0259m\u0259si d\u0259 m\u00fcraci\u0259timi t\u0259sdiq etm\u0259di. \u00c7\u00fcnki m\u0259n\u0259 pensiya verils\u0259ydi, se\u00e7kil\u0259rin qeyri-\u015f\u0259ffaf ke\u00e7irildiyini boyunlar\u0131na alm\u0131\u015f olacaqd\u0131lar. S\u0259n\u0259tkar kimi 150 manat pensiya al\u0131ram. O\u011flumun himay\u0259sind\u0259y\u0259m, m\u0259n\u0259 el\u0259 bir \u015f\u0259rait yarad\u0131b ki, n\u0259 q\u0259d\u0259r pul ald\u0131\u011f\u0131m\u0131n f\u0259rqin\u0259 varm\u0131ram. Se\u00e7kil\u0259rd\u0259 haqq-\u0259dal\u0259t yox idi. \u0130nanm\u0131ram ki, indi d\u0259 olsun. Yad\u0131mdad\u0131r, ba\u015f\u0131m onda n\u0259l\u0259r \u00e7\u0259kdi. Di\u015fiml\u0259-d\u0131rna\u011f\u0131mla m\u00fcbariz\u0259 apar\u0131rd\u0131m. G\u00f6z\u00fcm\u00fcn \u00f6n\u00fcnd\u0259 se\u00e7ki qutular\u0131n\u0131 bo\u015fald\u0131b, saxta b\u00fclletenl\u0259rl\u0259 doldururdular. M\u0259kt\u0259b direktorlar\u0131 i\u015fd\u0259n \u00e7\u0131xar\u0131lmaqdan qorxurdu. Ona g\u00f6r\u0259 d\u0259 b\u00fct\u00fcn saxtakarl\u0131qlara raz\u0131la\u015f\u0131rd\u0131lar.<\/p>\n","protected":false},"excerpt":{"rendered":"<p>\u0130nan ki, s\u0259n olmasan, m\u0259n yetim qalaram, iki ya\u015fl\u0131 u\u015faq yan\u0131mda yalan olar<\/p>\n","protected":false},"author":11,"featured_media":208483,"comment_status":"closed","ping_status":"open","sticky":false,"template":"","format":"standard","meta":{"_acf_changed":false,"_sitemap_exclude":false,"_sitemap_priority":"","_sitemap_frequency":"","footnotes":""},"categories":[52],"tags":[],"class_list":["post-212158","post","type-post","status-publish","format-standard","has-post-thumbnail","hentry","category-medeniyyet","infinite-scroll-item","generate-columns","tablet-grid-50","mobile-grid-100","grid-parent","grid-33","no-featured-image-padding"],"acf":[],"yoast_head":"<!-- This site is optimized with the Yoast SEO plugin v27.4 - https:\/\/yoast.com\/product\/yoast-seo-wordpress\/ -->\n<title>Flora K\u0259rimova: \u00c7oxu sponsor g\u00fcc\u00fcn\u0259 m\u00fcxalif\u0259tdir, m\u0259ni onlar\u0131n aras\u0131na yazmay\u0131n - MEYDAN.TV<\/title>\n<meta name=\"robots\" content=\"index, follow, max-snippet:-1, max-image-preview:large, max-video-preview:-1\" \/>\n<link rel=\"canonical\" href=\"https:\/\/www.meydan.tv\/az\/article\/flora-kerimova-coxu-sponsor-gucune-muxalifetdir-meni-onlarin-arasina-yazmayin\/\" \/>\n<meta property=\"og:locale\" content=\"az_AZ\" \/>\n<meta property=\"og:type\" content=\"article\" \/>\n<meta property=\"og:title\" content=\"Flora K\u0259rimova: \u00c7oxu sponsor g\u00fcc\u00fcn\u0259 m\u00fcxalif\u0259tdir, m\u0259ni onlar\u0131n aras\u0131na yazmay\u0131n - MEYDAN.TV\" \/>\n<meta property=\"og:description\" content=\"\u0130nan ki, s\u0259n olmasan, m\u0259n yetim qalaram, iki ya\u015fl\u0131 u\u015faq yan\u0131mda yalan olar\" \/>\n<meta property=\"og:url\" content=\"https:\/\/www.meydan.tv\/az\/article\/flora-kerimova-coxu-sponsor-gucune-muxalifetdir-meni-onlarin-arasina-yazmayin\/\" \/>\n<meta property=\"og:site_name\" content=\"MEYDAN.TV\" \/>\n<meta property=\"article:published_time\" content=\"2021-07-28T12:40:09+00:00\" \/>\n<meta property=\"og:image\" content=\"https:\/\/www.meydan.tv\/wp-content\/uploads\/flora-scaled.jpg\" \/>\n\t<meta property=\"og:image:width\" content=\"2560\" \/>\n\t<meta property=\"og:image:height\" content=\"1075\" \/>\n\t<meta property=\"og:image:type\" content=\"image\/jpeg\" \/>\n<meta name=\"author\" content=\"user-manager\" \/>\n<meta name=\"twitter:card\" content=\"summary_large_image\" \/>\n<script type=\"application\/ld+json\" class=\"yoast-schema-graph\">{\"@context\":\"https:\\\/\\\/schema.org\",\"@graph\":[{\"@type\":\"Article\",\"@id\":\"https:\\\/\\\/www.meydan.tv\\\/az\\\/article\\\/flora-kerimova-coxu-sponsor-gucune-muxalifetdir-meni-onlarin-arasina-yazmayin\\\/#article\",\"isPartOf\":{\"@id\":\"https:\\\/\\\/www.meydan.tv\\\/az\\\/article\\\/flora-kerimova-coxu-sponsor-gucune-muxalifetdir-meni-onlarin-arasina-yazmayin\\\/\"},\"author\":{\"name\":\"user-manager\",\"@id\":\"https:\\\/\\\/www.meydan.tv\\\/az\\\/#\\\/schema\\\/person\\\/10d11eccf6da3662cf5fdab9806ea91a\"},\"headline\":\"Flora K\u0259rimova: \u00c7oxu sponsor g\u00fcc\u00fcn\u0259 m\u00fcxalif\u0259tdir, m\u0259ni onlar\u0131n aras\u0131na yazmay\u0131n\",\"datePublished\":\"2021-07-28T12:40:09+00:00\",\"mainEntityOfPage\":{\"@id\":\"https:\\\/\\\/www.meydan.tv\\\/az\\\/article\\\/flora-kerimova-coxu-sponsor-gucune-muxalifetdir-meni-onlarin-arasina-yazmayin\\\/\"},\"wordCount\":1713,\"publisher\":{\"@id\":\"https:\\\/\\\/www.meydan.tv\\\/az\\\/#organization\"},\"image\":{\"@id\":\"https:\\\/\\\/www.meydan.tv\\\/az\\\/article\\\/flora-kerimova-coxu-sponsor-gucune-muxalifetdir-meni-onlarin-arasina-yazmayin\\\/#primaryimage\"},\"thumbnailUrl\":\"https:\\\/\\\/www.meydan.tv\\\/wp-content\\\/uploads\\\/flora-scaled.jpg\",\"articleSection\":[\"M\u0259d\u0259niyy\u0259t\"],\"inLanguage\":\"az\"},{\"@type\":\"WebPage\",\"@id\":\"https:\\\/\\\/www.meydan.tv\\\/az\\\/article\\\/flora-kerimova-coxu-sponsor-gucune-muxalifetdir-meni-onlarin-arasina-yazmayin\\\/\",\"url\":\"https:\\\/\\\/www.meydan.tv\\\/az\\\/article\\\/flora-kerimova-coxu-sponsor-gucune-muxalifetdir-meni-onlarin-arasina-yazmayin\\\/\",\"name\":\"Flora K\u0259rimova: \u00c7oxu sponsor g\u00fcc\u00fcn\u0259 m\u00fcxalif\u0259tdir, m\u0259ni onlar\u0131n aras\u0131na yazmay\u0131n - MEYDAN.TV\",\"isPartOf\":{\"@id\":\"https:\\\/\\\/www.meydan.tv\\\/az\\\/#website\"},\"primaryImageOfPage\":{\"@id\":\"https:\\\/\\\/www.meydan.tv\\\/az\\\/article\\\/flora-kerimova-coxu-sponsor-gucune-muxalifetdir-meni-onlarin-arasina-yazmayin\\\/#primaryimage\"},\"image\":{\"@id\":\"https:\\\/\\\/www.meydan.tv\\\/az\\\/article\\\/flora-kerimova-coxu-sponsor-gucune-muxalifetdir-meni-onlarin-arasina-yazmayin\\\/#primaryimage\"},\"thumbnailUrl\":\"https:\\\/\\\/www.meydan.tv\\\/wp-content\\\/uploads\\\/flora-scaled.jpg\",\"datePublished\":\"2021-07-28T12:40:09+00:00\",\"breadcrumb\":{\"@id\":\"https:\\\/\\\/www.meydan.tv\\\/az\\\/article\\\/flora-kerimova-coxu-sponsor-gucune-muxalifetdir-meni-onlarin-arasina-yazmayin\\\/#breadcrumb\"},\"inLanguage\":\"az\",\"potentialAction\":[{\"@type\":\"ReadAction\",\"target\":[\"https:\\\/\\\/www.meydan.tv\\\/az\\\/article\\\/flora-kerimova-coxu-sponsor-gucune-muxalifetdir-meni-onlarin-arasina-yazmayin\\\/\"]}]},{\"@type\":\"ImageObject\",\"inLanguage\":\"az\",\"@id\":\"https:\\\/\\\/www.meydan.tv\\\/az\\\/article\\\/flora-kerimova-coxu-sponsor-gucune-muxalifetdir-meni-onlarin-arasina-yazmayin\\\/#primaryimage\",\"url\":\"https:\\\/\\\/www.meydan.tv\\\/wp-content\\\/uploads\\\/flora-scaled.jpg\",\"contentUrl\":\"https:\\\/\\\/www.meydan.tv\\\/wp-content\\\/uploads\\\/flora-scaled.jpg\",\"width\":2560,\"height\":1075,\"caption\":\"Source: Specify Source\"},{\"@type\":\"BreadcrumbList\",\"@id\":\"https:\\\/\\\/www.meydan.tv\\\/az\\\/article\\\/flora-kerimova-coxu-sponsor-gucune-muxalifetdir-meni-onlarin-arasina-yazmayin\\\/#breadcrumb\",\"itemListElement\":[{\"@type\":\"ListItem\",\"position\":1,\"name\":\"Ana s\u0259hif\u0259\",\"item\":\"https:\\\/\\\/www.meydan.tv\\\/az\\\/\"},{\"@type\":\"ListItem\",\"position\":2,\"name\":\"M\u0259d\u0259niyy\u0259t\",\"item\":\"https:\\\/\\\/www.meydan.tv\\\/az\\\/section\\\/medeniyyet\\\/\"},{\"@type\":\"ListItem\",\"position\":3,\"name\":\"Flora K\u0259rimova: \u00c7oxu sponsor g\u00fcc\u00fcn\u0259 m\u00fcxalif\u0259tdir, m\u0259ni onlar\u0131n aras\u0131na yazmay\u0131n\"}]},{\"@type\":\"WebSite\",\"@id\":\"https:\\\/\\\/www.meydan.tv\\\/az\\\/#website\",\"url\":\"https:\\\/\\\/www.meydan.tv\\\/az\\\/\",\"name\":\"MEYDAN.TV\",\"description\":\"Meydan TV Az\u0259rbaycan\u0131n media m\u0259kan\u0131ndak\u0131 alternativ s\u0259sidir\",\"publisher\":{\"@id\":\"https:\\\/\\\/www.meydan.tv\\\/az\\\/#organization\"},\"potentialAction\":[{\"@type\":\"SearchAction\",\"target\":{\"@type\":\"EntryPoint\",\"urlTemplate\":\"https:\\\/\\\/www.meydan.tv\\\/az\\\/?s={search_term_string}\"},\"query-input\":{\"@type\":\"PropertyValueSpecification\",\"valueRequired\":true,\"valueName\":\"search_term_string\"}}],\"inLanguage\":\"az\"},{\"@type\":\"Organization\",\"@id\":\"https:\\\/\\\/www.meydan.tv\\\/az\\\/#organization\",\"name\":\"Meydan TV\",\"url\":\"https:\\\/\\\/www.meydan.tv\\\/az\\\/\",\"logo\":{\"@type\":\"ImageObject\",\"inLanguage\":\"az\",\"@id\":\"https:\\\/\\\/www.meydan.tv\\\/az\\\/#\\\/schema\\\/logo\\\/image\\\/\",\"url\":\"https:\\\/\\\/www.meydan.tv\\\/wp-content\\\/uploads\\\/2021\\\/07\\\/meydan-logo.svg\",\"contentUrl\":\"https:\\\/\\\/www.meydan.tv\\\/wp-content\\\/uploads\\\/2021\\\/07\\\/meydan-logo.svg\",\"width\":195,\"height\":46,\"caption\":\"Meydan TV\"},\"image\":{\"@id\":\"https:\\\/\\\/www.meydan.tv\\\/az\\\/#\\\/schema\\\/logo\\\/image\\\/\"}},{\"@type\":\"Person\",\"@id\":\"https:\\\/\\\/www.meydan.tv\\\/az\\\/#\\\/schema\\\/person\\\/10d11eccf6da3662cf5fdab9806ea91a\",\"name\":\"user-manager\"}]}<\/script>\n<!-- \/ Yoast SEO plugin. -->","yoast_head_json":{"title":"Flora K\u0259rimova: \u00c7oxu sponsor g\u00fcc\u00fcn\u0259 m\u00fcxalif\u0259tdir, m\u0259ni onlar\u0131n aras\u0131na yazmay\u0131n - MEYDAN.TV","robots":{"index":"index","follow":"follow","max-snippet":"max-snippet:-1","max-image-preview":"max-image-preview:large","max-video-preview":"max-video-preview:-1"},"canonical":"https:\/\/www.meydan.tv\/az\/article\/flora-kerimova-coxu-sponsor-gucune-muxalifetdir-meni-onlarin-arasina-yazmayin\/","og_locale":"az_AZ","og_type":"article","og_title":"Flora K\u0259rimova: \u00c7oxu sponsor g\u00fcc\u00fcn\u0259 m\u00fcxalif\u0259tdir, m\u0259ni onlar\u0131n aras\u0131na yazmay\u0131n - MEYDAN.TV","og_description":"\u0130nan ki, s\u0259n olmasan, m\u0259n yetim qalaram, iki ya\u015fl\u0131 u\u015faq yan\u0131mda yalan olar","og_url":"https:\/\/www.meydan.tv\/az\/article\/flora-kerimova-coxu-sponsor-gucune-muxalifetdir-meni-onlarin-arasina-yazmayin\/","og_site_name":"MEYDAN.TV","article_published_time":"2021-07-28T12:40:09+00:00","og_image":[{"width":2560,"height":1075,"url":"https:\/\/www.meydan.tv\/wp-content\/uploads\/flora-scaled.jpg","type":"image\/jpeg"}],"author":"user-manager","twitter_card":"summary_large_image","schema":{"@context":"https:\/\/schema.org","@graph":[{"@type":"Article","@id":"https:\/\/www.meydan.tv\/az\/article\/flora-kerimova-coxu-sponsor-gucune-muxalifetdir-meni-onlarin-arasina-yazmayin\/#article","isPartOf":{"@id":"https:\/\/www.meydan.tv\/az\/article\/flora-kerimova-coxu-sponsor-gucune-muxalifetdir-meni-onlarin-arasina-yazmayin\/"},"author":{"name":"user-manager","@id":"https:\/\/www.meydan.tv\/az\/#\/schema\/person\/10d11eccf6da3662cf5fdab9806ea91a"},"headline":"Flora K\u0259rimova: \u00c7oxu sponsor g\u00fcc\u00fcn\u0259 m\u00fcxalif\u0259tdir, m\u0259ni onlar\u0131n aras\u0131na yazmay\u0131n","datePublished":"2021-07-28T12:40:09+00:00","mainEntityOfPage":{"@id":"https:\/\/www.meydan.tv\/az\/article\/flora-kerimova-coxu-sponsor-gucune-muxalifetdir-meni-onlarin-arasina-yazmayin\/"},"wordCount":1713,"publisher":{"@id":"https:\/\/www.meydan.tv\/az\/#organization"},"image":{"@id":"https:\/\/www.meydan.tv\/az\/article\/flora-kerimova-coxu-sponsor-gucune-muxalifetdir-meni-onlarin-arasina-yazmayin\/#primaryimage"},"thumbnailUrl":"https:\/\/www.meydan.tv\/wp-content\/uploads\/flora-scaled.jpg","articleSection":["M\u0259d\u0259niyy\u0259t"],"inLanguage":"az"},{"@type":"WebPage","@id":"https:\/\/www.meydan.tv\/az\/article\/flora-kerimova-coxu-sponsor-gucune-muxalifetdir-meni-onlarin-arasina-yazmayin\/","url":"https:\/\/www.meydan.tv\/az\/article\/flora-kerimova-coxu-sponsor-gucune-muxalifetdir-meni-onlarin-arasina-yazmayin\/","name":"Flora K\u0259rimova: \u00c7oxu sponsor g\u00fcc\u00fcn\u0259 m\u00fcxalif\u0259tdir, m\u0259ni onlar\u0131n aras\u0131na yazmay\u0131n - MEYDAN.TV","isPartOf":{"@id":"https:\/\/www.meydan.tv\/az\/#website"},"primaryImageOfPage":{"@id":"https:\/\/www.meydan.tv\/az\/article\/flora-kerimova-coxu-sponsor-gucune-muxalifetdir-meni-onlarin-arasina-yazmayin\/#primaryimage"},"image":{"@id":"https:\/\/www.meydan.tv\/az\/article\/flora-kerimova-coxu-sponsor-gucune-muxalifetdir-meni-onlarin-arasina-yazmayin\/#primaryimage"},"thumbnailUrl":"https:\/\/www.meydan.tv\/wp-content\/uploads\/flora-scaled.jpg","datePublished":"2021-07-28T12:40:09+00:00","breadcrumb":{"@id":"https:\/\/www.meydan.tv\/az\/article\/flora-kerimova-coxu-sponsor-gucune-muxalifetdir-meni-onlarin-arasina-yazmayin\/#breadcrumb"},"inLanguage":"az","potentialAction":[{"@type":"ReadAction","target":["https:\/\/www.meydan.tv\/az\/article\/flora-kerimova-coxu-sponsor-gucune-muxalifetdir-meni-onlarin-arasina-yazmayin\/"]}]},{"@type":"ImageObject","inLanguage":"az","@id":"https:\/\/www.meydan.tv\/az\/article\/flora-kerimova-coxu-sponsor-gucune-muxalifetdir-meni-onlarin-arasina-yazmayin\/#primaryimage","url":"https:\/\/www.meydan.tv\/wp-content\/uploads\/flora-scaled.jpg","contentUrl":"https:\/\/www.meydan.tv\/wp-content\/uploads\/flora-scaled.jpg","width":2560,"height":1075,"caption":"Source: Specify Source"},{"@type":"BreadcrumbList","@id":"https:\/\/www.meydan.tv\/az\/article\/flora-kerimova-coxu-sponsor-gucune-muxalifetdir-meni-onlarin-arasina-yazmayin\/#breadcrumb","itemListElement":[{"@type":"ListItem","position":1,"name":"Ana s\u0259hif\u0259","item":"https:\/\/www.meydan.tv\/az\/"},{"@type":"ListItem","position":2,"name":"M\u0259d\u0259niyy\u0259t","item":"https:\/\/www.meydan.tv\/az\/section\/medeniyyet\/"},{"@type":"ListItem","position":3,"name":"Flora K\u0259rimova: \u00c7oxu sponsor g\u00fcc\u00fcn\u0259 m\u00fcxalif\u0259tdir, m\u0259ni onlar\u0131n aras\u0131na yazmay\u0131n"}]},{"@type":"WebSite","@id":"https:\/\/www.meydan.tv\/az\/#website","url":"https:\/\/www.meydan.tv\/az\/","name":"MEYDAN.TV","description":"Meydan TV Az\u0259rbaycan\u0131n media m\u0259kan\u0131ndak\u0131 alternativ s\u0259sidir","publisher":{"@id":"https:\/\/www.meydan.tv\/az\/#organization"},"potentialAction":[{"@type":"SearchAction","target":{"@type":"EntryPoint","urlTemplate":"https:\/\/www.meydan.tv\/az\/?s={search_term_string}"},"query-input":{"@type":"PropertyValueSpecification","valueRequired":true,"valueName":"search_term_string"}}],"inLanguage":"az"},{"@type":"Organization","@id":"https:\/\/www.meydan.tv\/az\/#organization","name":"Meydan TV","url":"https:\/\/www.meydan.tv\/az\/","logo":{"@type":"ImageObject","inLanguage":"az","@id":"https:\/\/www.meydan.tv\/az\/#\/schema\/logo\/image\/","url":"https:\/\/www.meydan.tv\/wp-content\/uploads\/2021\/07\/meydan-logo.svg","contentUrl":"https:\/\/www.meydan.tv\/wp-content\/uploads\/2021\/07\/meydan-logo.svg","width":195,"height":46,"caption":"Meydan TV"},"image":{"@id":"https:\/\/www.meydan.tv\/az\/#\/schema\/logo\/image\/"}},{"@type":"Person","@id":"https:\/\/www.meydan.tv\/az\/#\/schema\/person\/10d11eccf6da3662cf5fdab9806ea91a","name":"user-manager"}]}},"_links":{"self":[{"href":"https:\/\/www.meydan.tv\/az\/wp-json\/wp\/v2\/posts\/212158","targetHints":{"allow":["GET"]}}],"collection":[{"href":"https:\/\/www.meydan.tv\/az\/wp-json\/wp\/v2\/posts"}],"about":[{"href":"https:\/\/www.meydan.tv\/az\/wp-json\/wp\/v2\/types\/post"}],"author":[{"embeddable":true,"href":"https:\/\/www.meydan.tv\/az\/wp-json\/wp\/v2\/users\/11"}],"replies":[{"embeddable":true,"href":"https:\/\/www.meydan.tv\/az\/wp-json\/wp\/v2\/comments?post=212158"}],"version-history":[{"count":0,"href":"https:\/\/www.meydan.tv\/az\/wp-json\/wp\/v2\/posts\/212158\/revisions"}],"wp:featuredmedia":[{"embeddable":true,"href":"https:\/\/www.meydan.tv\/az\/wp-json\/wp\/v2\/media\/208483"}],"wp:attachment":[{"href":"https:\/\/www.meydan.tv\/az\/wp-json\/wp\/v2\/media?parent=212158"}],"wp:term":[{"taxonomy":"category","embeddable":true,"href":"https:\/\/www.meydan.tv\/az\/wp-json\/wp\/v2\/categories?post=212158"},{"taxonomy":"post_tag","embeddable":true,"href":"https:\/\/www.meydan.tv\/az\/wp-json\/wp\/v2\/tags?post=212158"}],"curies":[{"name":"wp","href":"https:\/\/api.w.org\/{rel}","templated":true}]}}