{"id":212145,"date":"2021-07-27T14:48:26","date_gmt":"2021-07-27T14:48:26","guid":{"rendered":"https:\/\/www.meydan.tv\/article\/prokurordan-kecmis-nazir-muavinine-10-il-hebs-cezasi-teleb-etdi\/"},"modified":"2021-07-27T14:48:26","modified_gmt":"2021-07-27T14:48:26","slug":"prokurordan-kecmis-nazir-muavinine-10-il-hebs-cezasi-teleb-etdi","status":"publish","type":"post","link":"https:\/\/www.meydan.tv\/az\/article\/prokurordan-kecmis-nazir-muavinine-10-il-hebs-cezasi-teleb-etdi\/","title":{"rendered":"Prokurordan ke\u00e7mi\u015f nazir m\u00fcavinin\u0259 10 il h\u0259bs c\u0259zas\u0131 t\u0259l\u0259b etdi"},"content":{"rendered":"<p>\n  <i><br \/>\n    V\u0259kil \u00e7\u0131x\u0131\u015fa haz\u0131rla\u015fmaq \u00fc\u00e7\u00fcn vaxt ist\u0259yib<br \/>\n  <\/i>\n<\/p>\n<p>\n  Bir ild\u0259n \u00e7oxdur ki, DTX-n\u0131n istintaq t\u0259cridxanas\u0131nda saxlan\u0131lan m\u0259d\u0259niyy\u0259t nazirinin ke\u00e7mi\u015f m\u00fcavini Rafiq Bayramovun i\u015fi \u00fczr\u0259 m\u0259hk\u0259m\u0259 ara\u015fd\u0131rmalar\u0131 yekunla\u015f\u0131b. \u0130yulun 27-d\u0259 Bak\u0131 A\u011f\u0131r Cinay\u0259tl\u0259r M\u0259hk\u0259m\u0259sind\u0259 hakim \u018ffqan Hac\u0131yevin s\u0259drliyil\u0259 ke\u00e7iril\u0259n m\u0259hk\u0259m\u0259 iclas\u0131nda prokuror ona 3 il d\u00f6vl\u0259t v\u0259 yerli \u00f6z\u00fcn\u00fc idar\u0259etm\u0259 orqanlar\u0131nda r\u0259hb\u0259r v\u0259zif\u0259 tutmaq h\u00fcququndan m\u0259hrum edilm\u0259kl\u0259, 10 il h\u0259bs c\u0259zas\u0131 k\u0259silm\u0259sini ist\u0259yib.\n<\/p>\n<p>\n  D\u00f6vl\u0259t ittiham\u00e7\u0131s\u0131 bildirib ki, sabiq nazir m\u00fcavini haqq\u0131nda istintaq v\u0259 m\u0259hk\u0259m\u0259 prosesi t\u0259xmin\u0259n bir ildir davam edir. Rafiq Bayramova qar\u015f\u0131 Cinay\u0259t M\u0259c\u0259ll\u0259sinin 311.3.1, 311.3.2 v\u0259 311.3.3 (qabaqcadan \u0259lbir olan bir qrup \u015f\u0259xs t\u0259r\u0259find\u0259n t\u0259krar, k\u00fclli miqdarda r\u00fc\u015fv\u0259t alma) madd\u0259l\u0259ril\u0259 ir\u0259li s\u00fcr\u00fcl\u0259n ittihamlar\u0131n m\u0259hk\u0259m\u0259d\u0259 s\u00fcbuta yetirildiyini vur\u011fulayan prokuror a\u011f\u0131rla\u015fd\u0131r\u0131c\u0131 v\u0259 y\u00fcng\u00fcll\u0259\u015fdirici hallar\u0131 da sadalay\u0131b. Onun s\u00f6zl\u0259rin\u0259 g\u00f6r\u0259, Rafiq Bayramovun i\u015find\u0259 \u00fcmumilikd\u0259 26 epizod \u00fczr\u0259 1 milyon 785 min manatl\u0131q r\u00fc\u015fv\u0259td\u0259n s\u00f6hb\u0259t gedir. Onun yax\u0131nlar\u0131 1 milyon 178 min manat\u0131 d\u00f6vl\u0259t n\u0259fin\u0259 ke\u00e7irib. Bu da y\u00fcng\u00fcll\u0259\u015fdirici hal kimi n\u0259z\u0259r\u0259 al\u0131n\u0131b. \u0130ttihamlar\u0131n a\u011f\u0131r cinay\u0259tl\u0259r kateqoriyas\u0131na aid olmas\u0131 is\u0259 a\u011f\u0131rla\u015fd\u0131r\u0131c\u0131 hal hesab edilib.\n<\/p>\n<p>\n  Prokurordan sonra sabiq nazir m\u00fcavininin v\u0259kili m\u00fcdafi\u0259 \u00e7\u0131x\u0131\u015f\u0131na haz\u0131rla\u015fmaq \u00fc\u00e7\u00fcn vaxt ist\u0259yib.\n<\/p>\n<p>\n  M\u0259hk\u0259m\u0259 avqustun 10-da davam ed\u0259c\u0259k.\n<\/p>\n<p>\n  Rafiq Bayramov, el\u0259c\u0259 d\u0259 nazirliyin tabeliyind\u0259 olan M\u0259d\u0259ni \u0130rsin Qorunmas\u0131, \u0130nki\u015faf\u0131 v\u0259 B\u0259rpas\u0131 \u00fczr\u0259 D\u00f6vl\u0259t Xidm\u0259tinin ke\u00e7mi\u015f r\u0259isi Zakir Sultanov 2020-ci ilin may\u0131nda D\u00f6vl\u0259t T\u0259hl\u00fck\u0259sizliyi Xidm\u0259ti \u0259m\u0259kda\u015flar\u0131n\u0131n M\u0259d\u0259niyy\u0259t Nazirliyind\u0259 ke\u00e7irdiyi \u0259m\u0259liyyat n\u0259tic\u0259sind\u0259 h\u0259bs olunub. \u0130stintaq\u0131n sonunda Sultanovun i\u015fi \u00fczr\u0259 icraat ayr\u0131l\u0131b. Rafiq Bayramov m\u0259hk\u0259m\u0259 qar\u015f\u0131s\u0131na t\u0259k \u00e7\u0131xar\u0131l\u0131b.\n<\/p>\n<p>\n  Avqustda Zakir Sultanovun da Bak\u0131 A\u011f\u0131r Cinay\u0259tl\u0259r M\u0259hk\u0259m\u0259sind\u0259 m\u00fchakim\u0259si ba\u015flayacaq.<\/p>\n","protected":false},"excerpt":{"rendered":"<p>Onun s\u00f6zl\u0259rin\u0259 g\u00f6r\u0259, Rafiq Bayramovun i\u015find\u0259 \u00fcmumilikd\u0259 26 epizod \u00fczr\u0259 1 milyon 785 min manatl\u0131q r\u00fc\u015fv\u0259td\u0259n s\u00f6hb\u0259t gedir.<\/p>\n","protected":false},"author":11,"featured_media":152549,"comment_status":"closed","ping_status":"open","sticky":false,"template":"","format":"standard","meta":{"_acf_changed":false,"_sitemap_exclude":false,"_sitemap_priority":"","_sitemap_frequency":"","footnotes":""},"categories":[52],"tags":[],"class_list":["post-212145","post","type-post","status-publish","format-standard","has-post-thumbnail","hentry","category-medeniyyet","infinite-scroll-item","generate-columns","tablet-grid-50","mobile-grid-100","grid-parent","grid-33","no-featured-image-padding"],"acf":[],"yoast_head":"<!-- This site is optimized with the Yoast SEO plugin v27.4 - https:\/\/yoast.com\/product\/yoast-seo-wordpress\/ -->\n<title>Prokurordan ke\u00e7mi\u015f nazir m\u00fcavinin\u0259 10 il h\u0259bs c\u0259zas\u0131 t\u0259l\u0259b etdi - MEYDAN.TV<\/title>\n<meta name=\"robots\" content=\"index, follow, max-snippet:-1, max-image-preview:large, max-video-preview:-1\" \/>\n<link rel=\"canonical\" href=\"https:\/\/www.meydan.tv\/az\/article\/prokurordan-kecmis-nazir-muavinine-10-il-hebs-cezasi-teleb-etdi\/\" \/>\n<meta property=\"og:locale\" content=\"az_AZ\" \/>\n<meta property=\"og:type\" content=\"article\" \/>\n<meta property=\"og:title\" content=\"Prokurordan ke\u00e7mi\u015f nazir m\u00fcavinin\u0259 10 il h\u0259bs c\u0259zas\u0131 t\u0259l\u0259b etdi - MEYDAN.TV\" \/>\n<meta property=\"og:description\" content=\"Onun s\u00f6zl\u0259rin\u0259 g\u00f6r\u0259, Rafiq Bayramovun i\u015find\u0259 \u00fcmumilikd\u0259 26 epizod \u00fczr\u0259 1 milyon 785 min manatl\u0131q r\u00fc\u015fv\u0259td\u0259n s\u00f6hb\u0259t gedir.\" \/>\n<meta property=\"og:url\" content=\"https:\/\/www.meydan.tv\/az\/article\/prokurordan-kecmis-nazir-muavinine-10-il-hebs-cezasi-teleb-etdi\/\" \/>\n<meta property=\"og:site_name\" content=\"MEYDAN.TV\" \/>\n<meta property=\"article:published_time\" content=\"2021-07-27T14:48:26+00:00\" \/>\n<meta property=\"og:image\" content=\"https:\/\/www.meydan.tv\/wp-content\/uploads\/b1c1e51f-5b50-3f67-8448-23a4dca8548b_850.png\" \/>\n\t<meta property=\"og:image:width\" content=\"850\" \/>\n\t<meta property=\"og:image:height\" content=\"530\" \/>\n\t<meta property=\"og:image:type\" content=\"image\/png\" \/>\n<meta name=\"author\" content=\"user-manager\" \/>\n<meta name=\"twitter:card\" content=\"summary_large_image\" \/>\n<script type=\"application\/ld+json\" class=\"yoast-schema-graph\">{\"@context\":\"https:\\\/\\\/schema.org\",\"@graph\":[{\"@type\":\"Article\",\"@id\":\"https:\\\/\\\/www.meydan.tv\\\/az\\\/article\\\/prokurordan-kecmis-nazir-muavinine-10-il-hebs-cezasi-teleb-etdi\\\/#article\",\"isPartOf\":{\"@id\":\"https:\\\/\\\/www.meydan.tv\\\/az\\\/article\\\/prokurordan-kecmis-nazir-muavinine-10-il-hebs-cezasi-teleb-etdi\\\/\"},\"author\":{\"name\":\"user-manager\",\"@id\":\"https:\\\/\\\/www.meydan.tv\\\/az\\\/#\\\/schema\\\/person\\\/10d11eccf6da3662cf5fdab9806ea91a\"},\"headline\":\"Prokurordan ke\u00e7mi\u015f nazir m\u00fcavinin\u0259 10 il h\u0259bs c\u0259zas\u0131 t\u0259l\u0259b etdi\",\"datePublished\":\"2021-07-27T14:48:26+00:00\",\"mainEntityOfPage\":{\"@id\":\"https:\\\/\\\/www.meydan.tv\\\/az\\\/article\\\/prokurordan-kecmis-nazir-muavinine-10-il-hebs-cezasi-teleb-etdi\\\/\"},\"wordCount\":419,\"publisher\":{\"@id\":\"https:\\\/\\\/www.meydan.tv\\\/az\\\/#organization\"},\"image\":{\"@id\":\"https:\\\/\\\/www.meydan.tv\\\/az\\\/article\\\/prokurordan-kecmis-nazir-muavinine-10-il-hebs-cezasi-teleb-etdi\\\/#primaryimage\"},\"thumbnailUrl\":\"https:\\\/\\\/www.meydan.tv\\\/wp-content\\\/uploads\\\/b1c1e51f-5b50-3f67-8448-23a4dca8548b_850.png\",\"articleSection\":[\"M\u0259d\u0259niyy\u0259t\"],\"inLanguage\":\"az\"},{\"@type\":\"WebPage\",\"@id\":\"https:\\\/\\\/www.meydan.tv\\\/az\\\/article\\\/prokurordan-kecmis-nazir-muavinine-10-il-hebs-cezasi-teleb-etdi\\\/\",\"url\":\"https:\\\/\\\/www.meydan.tv\\\/az\\\/article\\\/prokurordan-kecmis-nazir-muavinine-10-il-hebs-cezasi-teleb-etdi\\\/\",\"name\":\"Prokurordan ke\u00e7mi\u015f nazir m\u00fcavinin\u0259 10 il h\u0259bs c\u0259zas\u0131 t\u0259l\u0259b etdi - MEYDAN.TV\",\"isPartOf\":{\"@id\":\"https:\\\/\\\/www.meydan.tv\\\/az\\\/#website\"},\"primaryImageOfPage\":{\"@id\":\"https:\\\/\\\/www.meydan.tv\\\/az\\\/article\\\/prokurordan-kecmis-nazir-muavinine-10-il-hebs-cezasi-teleb-etdi\\\/#primaryimage\"},\"image\":{\"@id\":\"https:\\\/\\\/www.meydan.tv\\\/az\\\/article\\\/prokurordan-kecmis-nazir-muavinine-10-il-hebs-cezasi-teleb-etdi\\\/#primaryimage\"},\"thumbnailUrl\":\"https:\\\/\\\/www.meydan.tv\\\/wp-content\\\/uploads\\\/b1c1e51f-5b50-3f67-8448-23a4dca8548b_850.png\",\"datePublished\":\"2021-07-27T14:48:26+00:00\",\"breadcrumb\":{\"@id\":\"https:\\\/\\\/www.meydan.tv\\\/az\\\/article\\\/prokurordan-kecmis-nazir-muavinine-10-il-hebs-cezasi-teleb-etdi\\\/#breadcrumb\"},\"inLanguage\":\"az\",\"potentialAction\":[{\"@type\":\"ReadAction\",\"target\":[\"https:\\\/\\\/www.meydan.tv\\\/az\\\/article\\\/prokurordan-kecmis-nazir-muavinine-10-il-hebs-cezasi-teleb-etdi\\\/\"]}]},{\"@type\":\"ImageObject\",\"inLanguage\":\"az\",\"@id\":\"https:\\\/\\\/www.meydan.tv\\\/az\\\/article\\\/prokurordan-kecmis-nazir-muavinine-10-il-hebs-cezasi-teleb-etdi\\\/#primaryimage\",\"url\":\"https:\\\/\\\/www.meydan.tv\\\/wp-content\\\/uploads\\\/b1c1e51f-5b50-3f67-8448-23a4dca8548b_850.png\",\"contentUrl\":\"https:\\\/\\\/www.meydan.tv\\\/wp-content\\\/uploads\\\/b1c1e51f-5b50-3f67-8448-23a4dca8548b_850.png\",\"width\":850,\"height\":530,\"caption\":\"Source: google.az\"},{\"@type\":\"BreadcrumbList\",\"@id\":\"https:\\\/\\\/www.meydan.tv\\\/az\\\/article\\\/prokurordan-kecmis-nazir-muavinine-10-il-hebs-cezasi-teleb-etdi\\\/#breadcrumb\",\"itemListElement\":[{\"@type\":\"ListItem\",\"position\":1,\"name\":\"Ana s\u0259hif\u0259\",\"item\":\"https:\\\/\\\/www.meydan.tv\\\/az\\\/\"},{\"@type\":\"ListItem\",\"position\":2,\"name\":\"M\u0259d\u0259niyy\u0259t\",\"item\":\"https:\\\/\\\/www.meydan.tv\\\/az\\\/section\\\/medeniyyet\\\/\"},{\"@type\":\"ListItem\",\"position\":3,\"name\":\"Prokurordan ke\u00e7mi\u015f nazir m\u00fcavinin\u0259 10 il h\u0259bs c\u0259zas\u0131 t\u0259l\u0259b etdi\"}]},{\"@type\":\"WebSite\",\"@id\":\"https:\\\/\\\/www.meydan.tv\\\/az\\\/#website\",\"url\":\"https:\\\/\\\/www.meydan.tv\\\/az\\\/\",\"name\":\"MEYDAN.TV\",\"description\":\"Meydan TV Az\u0259rbaycan\u0131n media m\u0259kan\u0131ndak\u0131 alternativ s\u0259sidir\",\"publisher\":{\"@id\":\"https:\\\/\\\/www.meydan.tv\\\/az\\\/#organization\"},\"potentialAction\":[{\"@type\":\"SearchAction\",\"target\":{\"@type\":\"EntryPoint\",\"urlTemplate\":\"https:\\\/\\\/www.meydan.tv\\\/az\\\/?s={search_term_string}\"},\"query-input\":{\"@type\":\"PropertyValueSpecification\",\"valueRequired\":true,\"valueName\":\"search_term_string\"}}],\"inLanguage\":\"az\"},{\"@type\":\"Organization\",\"@id\":\"https:\\\/\\\/www.meydan.tv\\\/az\\\/#organization\",\"name\":\"Meydan TV\",\"url\":\"https:\\\/\\\/www.meydan.tv\\\/az\\\/\",\"logo\":{\"@type\":\"ImageObject\",\"inLanguage\":\"az\",\"@id\":\"https:\\\/\\\/www.meydan.tv\\\/az\\\/#\\\/schema\\\/logo\\\/image\\\/\",\"url\":\"https:\\\/\\\/www.meydan.tv\\\/wp-content\\\/uploads\\\/2021\\\/07\\\/meydan-logo.svg\",\"contentUrl\":\"https:\\\/\\\/www.meydan.tv\\\/wp-content\\\/uploads\\\/2021\\\/07\\\/meydan-logo.svg\",\"width\":195,\"height\":46,\"caption\":\"Meydan TV\"},\"image\":{\"@id\":\"https:\\\/\\\/www.meydan.tv\\\/az\\\/#\\\/schema\\\/logo\\\/image\\\/\"}},{\"@type\":\"Person\",\"@id\":\"https:\\\/\\\/www.meydan.tv\\\/az\\\/#\\\/schema\\\/person\\\/10d11eccf6da3662cf5fdab9806ea91a\",\"name\":\"user-manager\"}]}<\/script>\n<!-- \/ Yoast SEO plugin. -->","yoast_head_json":{"title":"Prokurordan ke\u00e7mi\u015f nazir m\u00fcavinin\u0259 10 il h\u0259bs c\u0259zas\u0131 t\u0259l\u0259b etdi - MEYDAN.TV","robots":{"index":"index","follow":"follow","max-snippet":"max-snippet:-1","max-image-preview":"max-image-preview:large","max-video-preview":"max-video-preview:-1"},"canonical":"https:\/\/www.meydan.tv\/az\/article\/prokurordan-kecmis-nazir-muavinine-10-il-hebs-cezasi-teleb-etdi\/","og_locale":"az_AZ","og_type":"article","og_title":"Prokurordan ke\u00e7mi\u015f nazir m\u00fcavinin\u0259 10 il h\u0259bs c\u0259zas\u0131 t\u0259l\u0259b etdi - MEYDAN.TV","og_description":"Onun s\u00f6zl\u0259rin\u0259 g\u00f6r\u0259, Rafiq Bayramovun i\u015find\u0259 \u00fcmumilikd\u0259 26 epizod \u00fczr\u0259 1 milyon 785 min manatl\u0131q r\u00fc\u015fv\u0259td\u0259n s\u00f6hb\u0259t gedir.","og_url":"https:\/\/www.meydan.tv\/az\/article\/prokurordan-kecmis-nazir-muavinine-10-il-hebs-cezasi-teleb-etdi\/","og_site_name":"MEYDAN.TV","article_published_time":"2021-07-27T14:48:26+00:00","og_image":[{"width":850,"height":530,"url":"https:\/\/www.meydan.tv\/wp-content\/uploads\/b1c1e51f-5b50-3f67-8448-23a4dca8548b_850.png","type":"image\/png"}],"author":"user-manager","twitter_card":"summary_large_image","schema":{"@context":"https:\/\/schema.org","@graph":[{"@type":"Article","@id":"https:\/\/www.meydan.tv\/az\/article\/prokurordan-kecmis-nazir-muavinine-10-il-hebs-cezasi-teleb-etdi\/#article","isPartOf":{"@id":"https:\/\/www.meydan.tv\/az\/article\/prokurordan-kecmis-nazir-muavinine-10-il-hebs-cezasi-teleb-etdi\/"},"author":{"name":"user-manager","@id":"https:\/\/www.meydan.tv\/az\/#\/schema\/person\/10d11eccf6da3662cf5fdab9806ea91a"},"headline":"Prokurordan ke\u00e7mi\u015f nazir m\u00fcavinin\u0259 10 il h\u0259bs c\u0259zas\u0131 t\u0259l\u0259b etdi","datePublished":"2021-07-27T14:48:26+00:00","mainEntityOfPage":{"@id":"https:\/\/www.meydan.tv\/az\/article\/prokurordan-kecmis-nazir-muavinine-10-il-hebs-cezasi-teleb-etdi\/"},"wordCount":419,"publisher":{"@id":"https:\/\/www.meydan.tv\/az\/#organization"},"image":{"@id":"https:\/\/www.meydan.tv\/az\/article\/prokurordan-kecmis-nazir-muavinine-10-il-hebs-cezasi-teleb-etdi\/#primaryimage"},"thumbnailUrl":"https:\/\/www.meydan.tv\/wp-content\/uploads\/b1c1e51f-5b50-3f67-8448-23a4dca8548b_850.png","articleSection":["M\u0259d\u0259niyy\u0259t"],"inLanguage":"az"},{"@type":"WebPage","@id":"https:\/\/www.meydan.tv\/az\/article\/prokurordan-kecmis-nazir-muavinine-10-il-hebs-cezasi-teleb-etdi\/","url":"https:\/\/www.meydan.tv\/az\/article\/prokurordan-kecmis-nazir-muavinine-10-il-hebs-cezasi-teleb-etdi\/","name":"Prokurordan ke\u00e7mi\u015f nazir m\u00fcavinin\u0259 10 il h\u0259bs c\u0259zas\u0131 t\u0259l\u0259b etdi - MEYDAN.TV","isPartOf":{"@id":"https:\/\/www.meydan.tv\/az\/#website"},"primaryImageOfPage":{"@id":"https:\/\/www.meydan.tv\/az\/article\/prokurordan-kecmis-nazir-muavinine-10-il-hebs-cezasi-teleb-etdi\/#primaryimage"},"image":{"@id":"https:\/\/www.meydan.tv\/az\/article\/prokurordan-kecmis-nazir-muavinine-10-il-hebs-cezasi-teleb-etdi\/#primaryimage"},"thumbnailUrl":"https:\/\/www.meydan.tv\/wp-content\/uploads\/b1c1e51f-5b50-3f67-8448-23a4dca8548b_850.png","datePublished":"2021-07-27T14:48:26+00:00","breadcrumb":{"@id":"https:\/\/www.meydan.tv\/az\/article\/prokurordan-kecmis-nazir-muavinine-10-il-hebs-cezasi-teleb-etdi\/#breadcrumb"},"inLanguage":"az","potentialAction":[{"@type":"ReadAction","target":["https:\/\/www.meydan.tv\/az\/article\/prokurordan-kecmis-nazir-muavinine-10-il-hebs-cezasi-teleb-etdi\/"]}]},{"@type":"ImageObject","inLanguage":"az","@id":"https:\/\/www.meydan.tv\/az\/article\/prokurordan-kecmis-nazir-muavinine-10-il-hebs-cezasi-teleb-etdi\/#primaryimage","url":"https:\/\/www.meydan.tv\/wp-content\/uploads\/b1c1e51f-5b50-3f67-8448-23a4dca8548b_850.png","contentUrl":"https:\/\/www.meydan.tv\/wp-content\/uploads\/b1c1e51f-5b50-3f67-8448-23a4dca8548b_850.png","width":850,"height":530,"caption":"Source: google.az"},{"@type":"BreadcrumbList","@id":"https:\/\/www.meydan.tv\/az\/article\/prokurordan-kecmis-nazir-muavinine-10-il-hebs-cezasi-teleb-etdi\/#breadcrumb","itemListElement":[{"@type":"ListItem","position":1,"name":"Ana s\u0259hif\u0259","item":"https:\/\/www.meydan.tv\/az\/"},{"@type":"ListItem","position":2,"name":"M\u0259d\u0259niyy\u0259t","item":"https:\/\/www.meydan.tv\/az\/section\/medeniyyet\/"},{"@type":"ListItem","position":3,"name":"Prokurordan ke\u00e7mi\u015f nazir m\u00fcavinin\u0259 10 il h\u0259bs c\u0259zas\u0131 t\u0259l\u0259b etdi"}]},{"@type":"WebSite","@id":"https:\/\/www.meydan.tv\/az\/#website","url":"https:\/\/www.meydan.tv\/az\/","name":"MEYDAN.TV","description":"Meydan TV Az\u0259rbaycan\u0131n media m\u0259kan\u0131ndak\u0131 alternativ s\u0259sidir","publisher":{"@id":"https:\/\/www.meydan.tv\/az\/#organization"},"potentialAction":[{"@type":"SearchAction","target":{"@type":"EntryPoint","urlTemplate":"https:\/\/www.meydan.tv\/az\/?s={search_term_string}"},"query-input":{"@type":"PropertyValueSpecification","valueRequired":true,"valueName":"search_term_string"}}],"inLanguage":"az"},{"@type":"Organization","@id":"https:\/\/www.meydan.tv\/az\/#organization","name":"Meydan TV","url":"https:\/\/www.meydan.tv\/az\/","logo":{"@type":"ImageObject","inLanguage":"az","@id":"https:\/\/www.meydan.tv\/az\/#\/schema\/logo\/image\/","url":"https:\/\/www.meydan.tv\/wp-content\/uploads\/2021\/07\/meydan-logo.svg","contentUrl":"https:\/\/www.meydan.tv\/wp-content\/uploads\/2021\/07\/meydan-logo.svg","width":195,"height":46,"caption":"Meydan TV"},"image":{"@id":"https:\/\/www.meydan.tv\/az\/#\/schema\/logo\/image\/"}},{"@type":"Person","@id":"https:\/\/www.meydan.tv\/az\/#\/schema\/person\/10d11eccf6da3662cf5fdab9806ea91a","name":"user-manager"}]}},"_links":{"self":[{"href":"https:\/\/www.meydan.tv\/az\/wp-json\/wp\/v2\/posts\/212145","targetHints":{"allow":["GET"]}}],"collection":[{"href":"https:\/\/www.meydan.tv\/az\/wp-json\/wp\/v2\/posts"}],"about":[{"href":"https:\/\/www.meydan.tv\/az\/wp-json\/wp\/v2\/types\/post"}],"author":[{"embeddable":true,"href":"https:\/\/www.meydan.tv\/az\/wp-json\/wp\/v2\/users\/11"}],"replies":[{"embeddable":true,"href":"https:\/\/www.meydan.tv\/az\/wp-json\/wp\/v2\/comments?post=212145"}],"version-history":[{"count":0,"href":"https:\/\/www.meydan.tv\/az\/wp-json\/wp\/v2\/posts\/212145\/revisions"}],"wp:featuredmedia":[{"embeddable":true,"href":"https:\/\/www.meydan.tv\/az\/wp-json\/wp\/v2\/media\/152549"}],"wp:attachment":[{"href":"https:\/\/www.meydan.tv\/az\/wp-json\/wp\/v2\/media?parent=212145"}],"wp:term":[{"taxonomy":"category","embeddable":true,"href":"https:\/\/www.meydan.tv\/az\/wp-json\/wp\/v2\/categories?post=212145"},{"taxonomy":"post_tag","embeddable":true,"href":"https:\/\/www.meydan.tv\/az\/wp-json\/wp\/v2\/tags?post=212145"}],"curies":[{"name":"wp","href":"https:\/\/api.w.org\/{rel}","templated":true}]}}