{"id":212128,"date":"2021-07-26T15:00:08","date_gmt":"2021-07-26T15:00:08","guid":{"rendered":"https:\/\/www.meydan.tv\/article\/teatr-ve-kinoteatrlara-qoyulan-mehdudiyyet-aradan-qaldirilir\/"},"modified":"2021-07-26T15:00:08","modified_gmt":"2021-07-26T15:00:08","slug":"teatr-ve-kinoteatrlara-qoyulan-mehdudiyyet-aradan-qaldirilir","status":"publish","type":"post","link":"https:\/\/www.meydan.tv\/az\/article\/teatr-ve-kinoteatrlara-qoyulan-mehdudiyyet-aradan-qaldirilir\/","title":{"rendered":"Teatr v\u0259 kinoteatrlara qoyulan m\u0259hdudiyy\u0259t aradan qald\u0131r\u0131la bil\u0259r"},"content":{"rendered":"<p>\n  \u015eahmar M\u00f6vs\u00fcmov: &quot;Teatrlara v\u0259 kinoteatrlara qoyulan m\u0259hdudiyy\u0259t vaksinasiyadan sonra g\u00f6t\u00fcr\u00fcl\u0259c\u0259k&quot;\n<\/p>\n<p>\n  Pandemiya il\u0259 \u0259laq\u0259dar teatr v\u0259 kinoteatrlara qoyulan m\u0259hdudiyy\u0259t aradan qald\u0131r\u0131l\u0131r.\n<\/p>\n<p>\n  Bu bar\u0259d\u0259 m\u0259lumat\u0131 Prezident Administrasiyas\u0131n\u0131n \u0130qtisadi m\u0259s\u0259l\u0259l\u0259r v\u0259 innovativ inki\u015faf siyas\u0259ti \u015f\u00f6b\u0259sinin m\u00fcdiri \u015eahmar M\u00f6vs\u00fcmov Operativ Q\u0259rargah\u0131n bu g\u00fcn ke\u00e7iril\u0259n brifinqind\u0259 deyib.\n<\/p>\n<p>\n  O bildirib ki, teatr v\u0259 kinoteatrlara qoyulan m\u0259hdudiyy\u0259t vaksinasiyadan sonra g\u00f6t\u00fcr\u00fcl\u0259c\u0259k: \u201cN\u00f6vb\u0259ti m\u0259rh\u0259l\u0259d\u0259 haz\u0131rda m\u0259hdudiyy\u0259ti olan teatr, kinoteatrlar\u0131n a\u00e7\u0131lmas\u0131 vaksinasiya t\u0259l\u0259b il\u0259 h\u0259yata ke\u00e7iril\u0259c\u0259k\u201d.\n<\/p>\n<p>\n  Pandemiya il\u0259 ba\u011fl\u0131 karantin rejimi ayr\u0131-ayr\u0131 sah\u0259l\u0259rd\u0259 yum\u015fald\u0131lsa da, teatrlar \u00f6t\u0259n ilin mart ay\u0131ndan f\u0259aliyy\u0259tini virtual davam etdirir.\n<\/p>\n<p>\n  Kinoteatrlar is\u0259 film n\u00fcmayi\u015fl\u0259rini tamamil\u0259 dayand\u0131r\u0131b.\n<\/p>\n<p>\n  Haz\u0131rda Nazirl\u0259r Kabineti yan\u0131nda Operativ Q\u0259rargah t\u0259r\u0259find\u0259n yaln\u0131z muzeyl\u0259r v\u0259 s\u0259rgi salonlar\u0131n\u0131n i\u015fl\u0259m\u0259yin\u0259 icaz\u0259 verilib.<\/p>\n","protected":false},"excerpt":{"rendered":"<p>O bildirib ki, teatr v\u0259 kinoteatrlara qoyulan m\u0259hdudiyy\u0259t vaksinasiyadan sonra g\u00f6t\u00fcr\u00fcl\u0259c\u0259k<\/p>\n","protected":false},"author":11,"featured_media":95244,"comment_status":"closed","ping_status":"open","sticky":false,"template":"","format":"standard","meta":{"_acf_changed":false,"_sitemap_exclude":false,"_sitemap_priority":"","_sitemap_frequency":"","footnotes":""},"categories":[52],"tags":[],"class_list":["post-212128","post","type-post","status-publish","format-standard","has-post-thumbnail","hentry","category-medeniyyet","infinite-scroll-item","generate-columns","tablet-grid-50","mobile-grid-100","grid-parent","grid-33","no-featured-image-padding"],"acf":[],"yoast_head":"<!-- This site is optimized with the Yoast SEO plugin v27.4 - https:\/\/yoast.com\/product\/yoast-seo-wordpress\/ -->\n<title>Teatr v\u0259 kinoteatrlara qoyulan m\u0259hdudiyy\u0259t aradan qald\u0131r\u0131la bil\u0259r - MEYDAN.TV<\/title>\n<meta name=\"robots\" content=\"index, follow, max-snippet:-1, max-image-preview:large, max-video-preview:-1\" \/>\n<link rel=\"canonical\" href=\"https:\/\/www.meydan.tv\/az\/article\/teatr-ve-kinoteatrlara-qoyulan-mehdudiyyet-aradan-qaldirilir\/\" \/>\n<meta property=\"og:locale\" content=\"az_AZ\" \/>\n<meta property=\"og:type\" content=\"article\" \/>\n<meta property=\"og:title\" content=\"Teatr v\u0259 kinoteatrlara qoyulan m\u0259hdudiyy\u0259t aradan qald\u0131r\u0131la bil\u0259r - MEYDAN.TV\" \/>\n<meta property=\"og:description\" content=\"O bildirib ki, teatr v\u0259 kinoteatrlara qoyulan m\u0259hdudiyy\u0259t vaksinasiyadan sonra g\u00f6t\u00fcr\u00fcl\u0259c\u0259k\" \/>\n<meta property=\"og:url\" content=\"https:\/\/www.meydan.tv\/az\/article\/teatr-ve-kinoteatrlara-qoyulan-mehdudiyyet-aradan-qaldirilir\/\" \/>\n<meta property=\"og:site_name\" content=\"MEYDAN.TV\" \/>\n<meta property=\"article:published_time\" content=\"2021-07-26T15:00:08+00:00\" \/>\n<meta property=\"og:image\" content=\"https:\/\/www.meydan.tv\/wp-content\/uploads\/37635.png\" \/>\n\t<meta property=\"og:image:width\" content=\"1228\" \/>\n\t<meta property=\"og:image:height\" content=\"652\" \/>\n\t<meta property=\"og:image:type\" content=\"image\/png\" \/>\n<meta name=\"author\" content=\"user-manager\" \/>\n<meta name=\"twitter:card\" content=\"summary_large_image\" \/>\n<script type=\"application\/ld+json\" class=\"yoast-schema-graph\">{\"@context\":\"https:\\\/\\\/schema.org\",\"@graph\":[{\"@type\":\"Article\",\"@id\":\"https:\\\/\\\/www.meydan.tv\\\/az\\\/article\\\/teatr-ve-kinoteatrlara-qoyulan-mehdudiyyet-aradan-qaldirilir\\\/#article\",\"isPartOf\":{\"@id\":\"https:\\\/\\\/www.meydan.tv\\\/az\\\/article\\\/teatr-ve-kinoteatrlara-qoyulan-mehdudiyyet-aradan-qaldirilir\\\/\"},\"author\":{\"name\":\"user-manager\",\"@id\":\"https:\\\/\\\/www.meydan.tv\\\/az\\\/#\\\/schema\\\/person\\\/10d11eccf6da3662cf5fdab9806ea91a\"},\"headline\":\"Teatr v\u0259 kinoteatrlara qoyulan m\u0259hdudiyy\u0259t aradan qald\u0131r\u0131la bil\u0259r\",\"datePublished\":\"2021-07-26T15:00:08+00:00\",\"mainEntityOfPage\":{\"@id\":\"https:\\\/\\\/www.meydan.tv\\\/az\\\/article\\\/teatr-ve-kinoteatrlara-qoyulan-mehdudiyyet-aradan-qaldirilir\\\/\"},\"wordCount\":207,\"publisher\":{\"@id\":\"https:\\\/\\\/www.meydan.tv\\\/az\\\/#organization\"},\"image\":{\"@id\":\"https:\\\/\\\/www.meydan.tv\\\/az\\\/article\\\/teatr-ve-kinoteatrlara-qoyulan-mehdudiyyet-aradan-qaldirilir\\\/#primaryimage\"},\"thumbnailUrl\":\"https:\\\/\\\/www.meydan.tv\\\/wp-content\\\/uploads\\\/37635.png\",\"articleSection\":[\"M\u0259d\u0259niyy\u0259t\"],\"inLanguage\":\"az\"},{\"@type\":\"WebPage\",\"@id\":\"https:\\\/\\\/www.meydan.tv\\\/az\\\/article\\\/teatr-ve-kinoteatrlara-qoyulan-mehdudiyyet-aradan-qaldirilir\\\/\",\"url\":\"https:\\\/\\\/www.meydan.tv\\\/az\\\/article\\\/teatr-ve-kinoteatrlara-qoyulan-mehdudiyyet-aradan-qaldirilir\\\/\",\"name\":\"Teatr v\u0259 kinoteatrlara qoyulan m\u0259hdudiyy\u0259t aradan qald\u0131r\u0131la bil\u0259r - MEYDAN.TV\",\"isPartOf\":{\"@id\":\"https:\\\/\\\/www.meydan.tv\\\/az\\\/#website\"},\"primaryImageOfPage\":{\"@id\":\"https:\\\/\\\/www.meydan.tv\\\/az\\\/article\\\/teatr-ve-kinoteatrlara-qoyulan-mehdudiyyet-aradan-qaldirilir\\\/#primaryimage\"},\"image\":{\"@id\":\"https:\\\/\\\/www.meydan.tv\\\/az\\\/article\\\/teatr-ve-kinoteatrlara-qoyulan-mehdudiyyet-aradan-qaldirilir\\\/#primaryimage\"},\"thumbnailUrl\":\"https:\\\/\\\/www.meydan.tv\\\/wp-content\\\/uploads\\\/37635.png\",\"datePublished\":\"2021-07-26T15:00:08+00:00\",\"breadcrumb\":{\"@id\":\"https:\\\/\\\/www.meydan.tv\\\/az\\\/article\\\/teatr-ve-kinoteatrlara-qoyulan-mehdudiyyet-aradan-qaldirilir\\\/#breadcrumb\"},\"inLanguage\":\"az\",\"potentialAction\":[{\"@type\":\"ReadAction\",\"target\":[\"https:\\\/\\\/www.meydan.tv\\\/az\\\/article\\\/teatr-ve-kinoteatrlara-qoyulan-mehdudiyyet-aradan-qaldirilir\\\/\"]}]},{\"@type\":\"ImageObject\",\"inLanguage\":\"az\",\"@id\":\"https:\\\/\\\/www.meydan.tv\\\/az\\\/article\\\/teatr-ve-kinoteatrlara-qoyulan-mehdudiyyet-aradan-qaldirilir\\\/#primaryimage\",\"url\":\"https:\\\/\\\/www.meydan.tv\\\/wp-content\\\/uploads\\\/37635.png\",\"contentUrl\":\"https:\\\/\\\/www.meydan.tv\\\/wp-content\\\/uploads\\\/37635.png\",\"width\":1228,\"height\":652,\"caption\":\"Source:\"},{\"@type\":\"BreadcrumbList\",\"@id\":\"https:\\\/\\\/www.meydan.tv\\\/az\\\/article\\\/teatr-ve-kinoteatrlara-qoyulan-mehdudiyyet-aradan-qaldirilir\\\/#breadcrumb\",\"itemListElement\":[{\"@type\":\"ListItem\",\"position\":1,\"name\":\"Ana s\u0259hif\u0259\",\"item\":\"https:\\\/\\\/www.meydan.tv\\\/az\\\/\"},{\"@type\":\"ListItem\",\"position\":2,\"name\":\"M\u0259d\u0259niyy\u0259t\",\"item\":\"https:\\\/\\\/www.meydan.tv\\\/az\\\/section\\\/medeniyyet\\\/\"},{\"@type\":\"ListItem\",\"position\":3,\"name\":\"Teatr v\u0259 kinoteatrlara qoyulan m\u0259hdudiyy\u0259t aradan qald\u0131r\u0131la bil\u0259r\"}]},{\"@type\":\"WebSite\",\"@id\":\"https:\\\/\\\/www.meydan.tv\\\/az\\\/#website\",\"url\":\"https:\\\/\\\/www.meydan.tv\\\/az\\\/\",\"name\":\"MEYDAN.TV\",\"description\":\"Meydan TV Az\u0259rbaycan\u0131n media m\u0259kan\u0131ndak\u0131 alternativ s\u0259sidir\",\"publisher\":{\"@id\":\"https:\\\/\\\/www.meydan.tv\\\/az\\\/#organization\"},\"potentialAction\":[{\"@type\":\"SearchAction\",\"target\":{\"@type\":\"EntryPoint\",\"urlTemplate\":\"https:\\\/\\\/www.meydan.tv\\\/az\\\/?s={search_term_string}\"},\"query-input\":{\"@type\":\"PropertyValueSpecification\",\"valueRequired\":true,\"valueName\":\"search_term_string\"}}],\"inLanguage\":\"az\"},{\"@type\":\"Organization\",\"@id\":\"https:\\\/\\\/www.meydan.tv\\\/az\\\/#organization\",\"name\":\"Meydan TV\",\"url\":\"https:\\\/\\\/www.meydan.tv\\\/az\\\/\",\"logo\":{\"@type\":\"ImageObject\",\"inLanguage\":\"az\",\"@id\":\"https:\\\/\\\/www.meydan.tv\\\/az\\\/#\\\/schema\\\/logo\\\/image\\\/\",\"url\":\"https:\\\/\\\/www.meydan.tv\\\/wp-content\\\/uploads\\\/2021\\\/07\\\/meydan-logo.svg\",\"contentUrl\":\"https:\\\/\\\/www.meydan.tv\\\/wp-content\\\/uploads\\\/2021\\\/07\\\/meydan-logo.svg\",\"width\":195,\"height\":46,\"caption\":\"Meydan TV\"},\"image\":{\"@id\":\"https:\\\/\\\/www.meydan.tv\\\/az\\\/#\\\/schema\\\/logo\\\/image\\\/\"}},{\"@type\":\"Person\",\"@id\":\"https:\\\/\\\/www.meydan.tv\\\/az\\\/#\\\/schema\\\/person\\\/10d11eccf6da3662cf5fdab9806ea91a\",\"name\":\"user-manager\"}]}<\/script>\n<!-- \/ Yoast SEO plugin. -->","yoast_head_json":{"title":"Teatr v\u0259 kinoteatrlara qoyulan m\u0259hdudiyy\u0259t aradan qald\u0131r\u0131la bil\u0259r - MEYDAN.TV","robots":{"index":"index","follow":"follow","max-snippet":"max-snippet:-1","max-image-preview":"max-image-preview:large","max-video-preview":"max-video-preview:-1"},"canonical":"https:\/\/www.meydan.tv\/az\/article\/teatr-ve-kinoteatrlara-qoyulan-mehdudiyyet-aradan-qaldirilir\/","og_locale":"az_AZ","og_type":"article","og_title":"Teatr v\u0259 kinoteatrlara qoyulan m\u0259hdudiyy\u0259t aradan qald\u0131r\u0131la bil\u0259r - MEYDAN.TV","og_description":"O bildirib ki, teatr v\u0259 kinoteatrlara qoyulan m\u0259hdudiyy\u0259t vaksinasiyadan sonra g\u00f6t\u00fcr\u00fcl\u0259c\u0259k","og_url":"https:\/\/www.meydan.tv\/az\/article\/teatr-ve-kinoteatrlara-qoyulan-mehdudiyyet-aradan-qaldirilir\/","og_site_name":"MEYDAN.TV","article_published_time":"2021-07-26T15:00:08+00:00","og_image":[{"width":1228,"height":652,"url":"https:\/\/www.meydan.tv\/wp-content\/uploads\/37635.png","type":"image\/png"}],"author":"user-manager","twitter_card":"summary_large_image","schema":{"@context":"https:\/\/schema.org","@graph":[{"@type":"Article","@id":"https:\/\/www.meydan.tv\/az\/article\/teatr-ve-kinoteatrlara-qoyulan-mehdudiyyet-aradan-qaldirilir\/#article","isPartOf":{"@id":"https:\/\/www.meydan.tv\/az\/article\/teatr-ve-kinoteatrlara-qoyulan-mehdudiyyet-aradan-qaldirilir\/"},"author":{"name":"user-manager","@id":"https:\/\/www.meydan.tv\/az\/#\/schema\/person\/10d11eccf6da3662cf5fdab9806ea91a"},"headline":"Teatr v\u0259 kinoteatrlara qoyulan m\u0259hdudiyy\u0259t aradan qald\u0131r\u0131la bil\u0259r","datePublished":"2021-07-26T15:00:08+00:00","mainEntityOfPage":{"@id":"https:\/\/www.meydan.tv\/az\/article\/teatr-ve-kinoteatrlara-qoyulan-mehdudiyyet-aradan-qaldirilir\/"},"wordCount":207,"publisher":{"@id":"https:\/\/www.meydan.tv\/az\/#organization"},"image":{"@id":"https:\/\/www.meydan.tv\/az\/article\/teatr-ve-kinoteatrlara-qoyulan-mehdudiyyet-aradan-qaldirilir\/#primaryimage"},"thumbnailUrl":"https:\/\/www.meydan.tv\/wp-content\/uploads\/37635.png","articleSection":["M\u0259d\u0259niyy\u0259t"],"inLanguage":"az"},{"@type":"WebPage","@id":"https:\/\/www.meydan.tv\/az\/article\/teatr-ve-kinoteatrlara-qoyulan-mehdudiyyet-aradan-qaldirilir\/","url":"https:\/\/www.meydan.tv\/az\/article\/teatr-ve-kinoteatrlara-qoyulan-mehdudiyyet-aradan-qaldirilir\/","name":"Teatr v\u0259 kinoteatrlara qoyulan m\u0259hdudiyy\u0259t aradan qald\u0131r\u0131la bil\u0259r - MEYDAN.TV","isPartOf":{"@id":"https:\/\/www.meydan.tv\/az\/#website"},"primaryImageOfPage":{"@id":"https:\/\/www.meydan.tv\/az\/article\/teatr-ve-kinoteatrlara-qoyulan-mehdudiyyet-aradan-qaldirilir\/#primaryimage"},"image":{"@id":"https:\/\/www.meydan.tv\/az\/article\/teatr-ve-kinoteatrlara-qoyulan-mehdudiyyet-aradan-qaldirilir\/#primaryimage"},"thumbnailUrl":"https:\/\/www.meydan.tv\/wp-content\/uploads\/37635.png","datePublished":"2021-07-26T15:00:08+00:00","breadcrumb":{"@id":"https:\/\/www.meydan.tv\/az\/article\/teatr-ve-kinoteatrlara-qoyulan-mehdudiyyet-aradan-qaldirilir\/#breadcrumb"},"inLanguage":"az","potentialAction":[{"@type":"ReadAction","target":["https:\/\/www.meydan.tv\/az\/article\/teatr-ve-kinoteatrlara-qoyulan-mehdudiyyet-aradan-qaldirilir\/"]}]},{"@type":"ImageObject","inLanguage":"az","@id":"https:\/\/www.meydan.tv\/az\/article\/teatr-ve-kinoteatrlara-qoyulan-mehdudiyyet-aradan-qaldirilir\/#primaryimage","url":"https:\/\/www.meydan.tv\/wp-content\/uploads\/37635.png","contentUrl":"https:\/\/www.meydan.tv\/wp-content\/uploads\/37635.png","width":1228,"height":652,"caption":"Source:"},{"@type":"BreadcrumbList","@id":"https:\/\/www.meydan.tv\/az\/article\/teatr-ve-kinoteatrlara-qoyulan-mehdudiyyet-aradan-qaldirilir\/#breadcrumb","itemListElement":[{"@type":"ListItem","position":1,"name":"Ana s\u0259hif\u0259","item":"https:\/\/www.meydan.tv\/az\/"},{"@type":"ListItem","position":2,"name":"M\u0259d\u0259niyy\u0259t","item":"https:\/\/www.meydan.tv\/az\/section\/medeniyyet\/"},{"@type":"ListItem","position":3,"name":"Teatr v\u0259 kinoteatrlara qoyulan m\u0259hdudiyy\u0259t aradan qald\u0131r\u0131la bil\u0259r"}]},{"@type":"WebSite","@id":"https:\/\/www.meydan.tv\/az\/#website","url":"https:\/\/www.meydan.tv\/az\/","name":"MEYDAN.TV","description":"Meydan TV Az\u0259rbaycan\u0131n media m\u0259kan\u0131ndak\u0131 alternativ s\u0259sidir","publisher":{"@id":"https:\/\/www.meydan.tv\/az\/#organization"},"potentialAction":[{"@type":"SearchAction","target":{"@type":"EntryPoint","urlTemplate":"https:\/\/www.meydan.tv\/az\/?s={search_term_string}"},"query-input":{"@type":"PropertyValueSpecification","valueRequired":true,"valueName":"search_term_string"}}],"inLanguage":"az"},{"@type":"Organization","@id":"https:\/\/www.meydan.tv\/az\/#organization","name":"Meydan TV","url":"https:\/\/www.meydan.tv\/az\/","logo":{"@type":"ImageObject","inLanguage":"az","@id":"https:\/\/www.meydan.tv\/az\/#\/schema\/logo\/image\/","url":"https:\/\/www.meydan.tv\/wp-content\/uploads\/2021\/07\/meydan-logo.svg","contentUrl":"https:\/\/www.meydan.tv\/wp-content\/uploads\/2021\/07\/meydan-logo.svg","width":195,"height":46,"caption":"Meydan TV"},"image":{"@id":"https:\/\/www.meydan.tv\/az\/#\/schema\/logo\/image\/"}},{"@type":"Person","@id":"https:\/\/www.meydan.tv\/az\/#\/schema\/person\/10d11eccf6da3662cf5fdab9806ea91a","name":"user-manager"}]}},"_links":{"self":[{"href":"https:\/\/www.meydan.tv\/az\/wp-json\/wp\/v2\/posts\/212128","targetHints":{"allow":["GET"]}}],"collection":[{"href":"https:\/\/www.meydan.tv\/az\/wp-json\/wp\/v2\/posts"}],"about":[{"href":"https:\/\/www.meydan.tv\/az\/wp-json\/wp\/v2\/types\/post"}],"author":[{"embeddable":true,"href":"https:\/\/www.meydan.tv\/az\/wp-json\/wp\/v2\/users\/11"}],"replies":[{"embeddable":true,"href":"https:\/\/www.meydan.tv\/az\/wp-json\/wp\/v2\/comments?post=212128"}],"version-history":[{"count":0,"href":"https:\/\/www.meydan.tv\/az\/wp-json\/wp\/v2\/posts\/212128\/revisions"}],"wp:featuredmedia":[{"embeddable":true,"href":"https:\/\/www.meydan.tv\/az\/wp-json\/wp\/v2\/media\/95244"}],"wp:attachment":[{"href":"https:\/\/www.meydan.tv\/az\/wp-json\/wp\/v2\/media?parent=212128"}],"wp:term":[{"taxonomy":"category","embeddable":true,"href":"https:\/\/www.meydan.tv\/az\/wp-json\/wp\/v2\/categories?post=212128"},{"taxonomy":"post_tag","embeddable":true,"href":"https:\/\/www.meydan.tv\/az\/wp-json\/wp\/v2\/tags?post=212128"}],"curies":[{"name":"wp","href":"https:\/\/api.w.org\/{rel}","templated":true}]}}