{"id":212118,"date":"2021-07-26T10:16:58","date_gmt":"2021-07-26T10:16:58","guid":{"rendered":"https:\/\/www.meydan.tv\/article\/bilal-eliyev-muharibeye-gore-qiymetleri-asagi-salmisam\/"},"modified":"2021-07-26T10:16:58","modified_gmt":"2021-07-26T10:16:58","slug":"bilal-eliyev-muharibeye-gore-qiymetleri-asagi-salmisam","status":"publish","type":"post","link":"https:\/\/www.meydan.tv\/az\/article\/bilal-eliyev-muharibeye-gore-qiymetleri-asagi-salmisam\/","title":{"rendered":"Bilal \u018fliyev: M\u00fcharib\u0259y\u0259 g\u00f6r\u0259 qiym\u0259tl\u0259ri a\u015fa\u011f\u0131 salm\u0131\u015fam"},"content":{"rendered":"<p>\n  <i><br \/>\n    \u201cBilirdim ki, toya getm\u0259s\u0259m d\u0259, ya\u015faya bil\u0259r\u0259m\u201d<br \/>\n  <\/i>\n<\/p>\n<p>\n  \u201c\u00d6t\u0259n il mart\u0131n 17-d\u0259 \u00f6lk\u0259d\u0259 toylar\u0131n ke\u00e7irilm\u0259si qada\u011fan edildi. Dedil\u0259r ki, konsertl\u0259r, \u00e7al\u0131b-oxumaq, y\u0131\u011f\u0131ncaq olmayacaq. M\u0259n d\u0259 qanunlara riay\u0259t ed\u0259n adam kimi yarad\u0131c\u0131l\u0131q i\u015fl\u0259rim\u0259 \u201cstop\u201dqoydum\u201d.\n<\/p>\n<p>\n  Xalq artisti Bilal \u018fliyeva Meydan TV-y\u0259 a\u00e7\u0131qlamas\u0131nda bel\u0259 deyib.\n<\/p>\n<p>\n  \u201cT\u0259xmin\u0259n bir il \u00fc\u00e7 ay pul qazanmad\u0131m. \u00d6m\u00fcr boyu i\u015fl\u0259mi\u015fik, toya getmi\u015fik, konsertl\u0259rd\u0259 \u00e7\u0131x\u0131\u015f etmi\u015fik. Xarici \u00f6lk\u0259l\u0259rd\u0259 s\u0259f\u0259rl\u0259rd\u0259 olmu\u015fduq, daim pul qazanm\u0131\u015fd\u0131q. Y\u0259ni dar g\u00fcn\u00fcm\u00fcz\u00fc d\u00fc\u015f\u00fcnm\u00fc\u015fd\u00fck. Pandemiyan\u0131 k\u0259nara qoyaq, hans\u0131sa pis hadis\u0259 ola bil\u0259r. Adam\u0131n ba\u015f\u0131na el\u0259 bir i\u015f g\u0259l\u0259r ki, ill\u0259rl\u0259 oxuya bilm\u0259sin. Ona g\u00f6r\u0259 d\u0259 m\u0259n bunlar\u0131n ham\u0131s\u0131n\u0131 qabaqcadan d\u00fc\u015f\u00fcnm\u00fc\u015fd\u00fcm. Pandemiya ba\u015flayan vaxtdan bir tik\u0259 \u00e7\u00f6r\u0259yimi tap\u0131b, evd\u0259 oturdum, yedim. He\u00e7 n\u0259 qazanmad\u0131m\u201d, &#8211; dey\u0259 m\u00fc\u011f\u0259nni bildirib.\n<\/p>\n<p>\n  Bir ne\u00e7\u0259 il \u00f6nc\u0259 Bilal \u018fliyev televiziya v\u0259 m\u0259tbuata a\u00e7\u0131qlamas\u0131nda toy qonorar\u0131n\u0131n 150 min dollar oldu\u011funu demi\u015fdi.\n<\/p>\n<p>\n  Bildirmi\u015fdi ki, bu m\u0259bl\u0259\u011f onun \u00fc\u00e7\u00fcn b\u00f6y\u00fck pul deyil.\n<\/p>\n<p>\n  \u018flav\u0259 etmi\u015fd ki, onu bu qiym\u0259t\u0259 toylara aparanlar var:\n<\/p>\n<p>\n  \u201cBirinci d\u0259f\u0259 qonorar\u0131m\u0131 100 min dollar demi\u015fdim. M\u0259ni toya apard\u0131lar, 95 min dollar pul verdil\u0259r. \u00dcz\u0259rind\u0259n bir az ke\u00e7\u0259nd\u0259n sonra \u0130randan m\u0259n\u0259 toy d\u0259v\u0259ti g\u0259ldi. Onlardan 110 min dollar pul ald\u0131m. H\u0259min \u0259r\u0259f\u0259d\u0259 \u0259n populyar m\u00fc\u011f\u0259nni toya 10-12 mind\u0259n art\u0131q qiym\u0259t\u0259 getmirdi. M\u0259n \u00f6z \u015f\u0259raitimi qurmu\u015fdum, bilirdim ki, toylara getm\u0259s\u0259m d\u0259, ya\u015faya bil\u0259r\u0259m. Ona g\u00f6r\u0259 d\u0259 risk edib, toy qonorar\u0131m\u0131 150 min dollara qald\u0131rd\u0131m. Amma \u015fans\u0131m g\u0259tirdi ki, h\u0259min il t\u0259xmin\u0259n 7-8 y\u00fcks\u0259k qiym\u0259t\u0259 toyda oxudum. 95 min, 150 min, 110 min manata toylara getdim. \u00d6lk\u0259d\u0259n k\u0259narda olan h\u0259min toylar\u0131n sahibl\u0259ri d\u0259 az\u0259rbaycanl\u0131lar idi\u201d.\n<\/p>\n<p>\n  Haz\u0131rda m\u00fc\u011f\u0259nni toy qiym\u0259tini a\u015fa\u011f\u0131 sal\u0131b.\n<\/p>\n<p>\n  Deyir ki, s\u0259b\u0259b is\u0259 pandemiya v\u0259 44 g\u00fcnl\u00fck m\u00fcharib\u0259dir: \u201cXalq\u0131m\u0131z a\u011f\u0131r g\u00fcnl\u0259rd\u0259n \u00e7\u0131x\u0131b. Bir ne\u00e7\u0259 il \u0259vv\u0259l m\u0259clisd\u0259 y\u00fcz manat x\u0259rcl\u0259y\u0259n adam\u0131n cibind\u0259 be\u015f manat\u0131 var. Xalq\u0131n durumu bel\u0259 bir v\u0259ziyy\u0259t\u0259 g\u0259lib. Pandemiya vaxt\u0131 190 manat pul verdil\u0259r. H\u0259min pulla insan bir ay ya\u015famal\u0131yd\u0131. \u015eor-\u00e7\u00f6r\u0259k d\u0259 olsa yeyib, \u00f6lm\u0259sin dey\u0259 ya\u015famal\u0131yd\u0131. O adam m\u00fc\u011f\u0259nniy\u0259 n\u0259 pul x\u0259rcl\u0259y\u0259 bil\u0259r? H\u0259m d\u0259 m\u00fcharib\u0259d\u0259n \u00e7\u0131xm\u0131\u015f\u0131q. Q\u0259l\u0259b\u0259 bizim \u00fc\u00e7\u00fcn \u0259n b\u00f6y\u00fck var-d\u00f6vl\u0259tdir, s\u0259rv\u0259tdir. M\u00fcharib\u0259d\u0259 i\u015ftirak ed\u0259n xeyli sayda \u015f\u0259hid v\u0259 yaral\u0131lar\u0131m\u0131z olub. \u0130l yar\u0131m \u0259rzind\u0259 insanlar\u0131n kas\u0131bla\u015fd\u0131\u011f\u0131n\u0131 n\u0259z\u0259r\u0259 ald\u0131q. Fikirl\u0259\u015fdik ki, atalar s\u00f6z\u00fcn\u0259 \u0259m\u0259l edib, palaza b\u00fcr\u00fcn\u0259k, ell\u0259 s\u00fcr\u00fcn\u0259k. M\u0259s\u0259l\u0259n, z\u0259ng edib, toylar\u0131na oxuma\u011fa \u00e7a\u011f\u0131r\u0131rlar. M\u0259n d\u0259 soru\u015furam ki, fikrind\u0259 n\u0259 q\u0259d\u0259r pul tutmusan? Onlar da bir qiym\u0259t deyirl\u0259r, biz d\u0259 raz\u0131la\u015f\u0131b, gedirik. Z\u0259ng vuran adam dey\u0259nd\u0259 ki, m\u0259n m\u00fcharib\u0259d\u0259 i\u015ftirak etmi\u015f\u0259m, n\u0259 qiym\u0259t des\u0259l\u0259r raz\u0131la\u015f\u0131ram. M\u00fcharib\u0259d\u0259 fiziki imkanlar\u0131n\u0131 &#8211; \u0259lini, aya\u011f\u0131n\u0131 itir\u0259n d\u00f6y\u00fc\u015f\u00e7\u00fcl\u0259rimiz\u0259 t\u0259m\u0259nnas\u0131z oxuyuram\u201d.\n<\/p>\n<p>\n  Bir ild\u0259n \u00e7ox idi ki, Az\u0259rbaycanda pandemiya il\u0259 \u0259laq\u0259dar olaraq ketl\u0259vi t\u0259dbirl\u0259rin, toy, ad g\u00fcn\u00fc, \u015f\u0259nlikl\u0259rin ke\u00e7irilm\u0259si qada\u011fan olunmu\u015fdu. 2021-ci il iyulun 1-d\u0259n 50-150 n\u0259f\u0259r\u0259 q\u0259d\u0259r adam\u0131n i\u015ftirak\u0131 il\u0259 toylar\u0131n ke\u00e7irilm\u0259sin\u0259 icaz\u0259<br \/>\n  <a href=\"https:\/\/www.meydan.tv\/az\/article\/ekspert-bu-qerari-toylara-icaze-verilmir-kimi-anlamaq-daha-dogru-olar\/?ref=search\"><br \/>\n    verilib<br \/>\n  <\/a><br \/>\n  .<\/p>\n","protected":false},"excerpt":{"rendered":"<p>&#8220;Bir ne\u00e7\u0259 il \u0259vv\u0259l m\u0259clisd\u0259 y\u00fcz manat x\u0259rcl\u0259y\u0259n adam\u0131n cibind\u0259 be\u015f manat\u0131 var&#8221;<\/p>\n","protected":false},"author":11,"featured_media":208350,"comment_status":"closed","ping_status":"open","sticky":false,"template":"","format":"standard","meta":{"_acf_changed":false,"_sitemap_exclude":false,"_sitemap_priority":"","_sitemap_frequency":"","footnotes":""},"categories":[52],"tags":[],"class_list":["post-212118","post","type-post","status-publish","format-standard","has-post-thumbnail","hentry","category-medeniyyet","infinite-scroll-item","generate-columns","tablet-grid-50","mobile-grid-100","grid-parent","grid-33","no-featured-image-padding"],"acf":[],"yoast_head":"<!-- This site is optimized with the Yoast SEO plugin v27.4 - https:\/\/yoast.com\/product\/yoast-seo-wordpress\/ -->\n<title>Bilal \u018fliyev: M\u00fcharib\u0259y\u0259 g\u00f6r\u0259 qiym\u0259tl\u0259ri a\u015fa\u011f\u0131 salm\u0131\u015fam - MEYDAN.TV<\/title>\n<meta name=\"robots\" content=\"index, follow, max-snippet:-1, max-image-preview:large, max-video-preview:-1\" \/>\n<link rel=\"canonical\" href=\"https:\/\/www.meydan.tv\/az\/article\/bilal-eliyev-muharibeye-gore-qiymetleri-asagi-salmisam\/\" \/>\n<meta property=\"og:locale\" content=\"az_AZ\" \/>\n<meta property=\"og:type\" content=\"article\" \/>\n<meta property=\"og:title\" content=\"Bilal \u018fliyev: M\u00fcharib\u0259y\u0259 g\u00f6r\u0259 qiym\u0259tl\u0259ri a\u015fa\u011f\u0131 salm\u0131\u015fam - MEYDAN.TV\" \/>\n<meta property=\"og:description\" content=\"&quot;Bir ne\u00e7\u0259 il \u0259vv\u0259l m\u0259clisd\u0259 y\u00fcz manat x\u0259rcl\u0259y\u0259n adam\u0131n cibind\u0259 be\u015f manat\u0131 var&quot;\" \/>\n<meta property=\"og:url\" content=\"https:\/\/www.meydan.tv\/az\/article\/bilal-eliyev-muharibeye-gore-qiymetleri-asagi-salmisam\/\" \/>\n<meta property=\"og:site_name\" content=\"MEYDAN.TV\" \/>\n<meta property=\"article:published_time\" content=\"2021-07-26T10:16:58+00:00\" \/>\n<meta property=\"og:image\" content=\"https:\/\/www.meydan.tv\/wp-content\/uploads\/114216_a0yw4qg940.jpg\" \/>\n\t<meta property=\"og:image:width\" content=\"771\" \/>\n\t<meta property=\"og:image:height\" content=\"561\" \/>\n\t<meta property=\"og:image:type\" content=\"image\/jpeg\" \/>\n<meta name=\"author\" content=\"user-manager\" \/>\n<meta name=\"twitter:card\" content=\"summary_large_image\" \/>\n<script type=\"application\/ld+json\" class=\"yoast-schema-graph\">{\"@context\":\"https:\\\/\\\/schema.org\",\"@graph\":[{\"@type\":\"Article\",\"@id\":\"https:\\\/\\\/www.meydan.tv\\\/az\\\/article\\\/bilal-eliyev-muharibeye-gore-qiymetleri-asagi-salmisam\\\/#article\",\"isPartOf\":{\"@id\":\"https:\\\/\\\/www.meydan.tv\\\/az\\\/article\\\/bilal-eliyev-muharibeye-gore-qiymetleri-asagi-salmisam\\\/\"},\"author\":{\"name\":\"user-manager\",\"@id\":\"https:\\\/\\\/www.meydan.tv\\\/az\\\/#\\\/schema\\\/person\\\/10d11eccf6da3662cf5fdab9806ea91a\"},\"headline\":\"Bilal \u018fliyev: M\u00fcharib\u0259y\u0259 g\u00f6r\u0259 qiym\u0259tl\u0259ri a\u015fa\u011f\u0131 salm\u0131\u015fam\",\"datePublished\":\"2021-07-26T10:16:58+00:00\",\"mainEntityOfPage\":{\"@id\":\"https:\\\/\\\/www.meydan.tv\\\/az\\\/article\\\/bilal-eliyev-muharibeye-gore-qiymetleri-asagi-salmisam\\\/\"},\"wordCount\":700,\"publisher\":{\"@id\":\"https:\\\/\\\/www.meydan.tv\\\/az\\\/#organization\"},\"image\":{\"@id\":\"https:\\\/\\\/www.meydan.tv\\\/az\\\/article\\\/bilal-eliyev-muharibeye-gore-qiymetleri-asagi-salmisam\\\/#primaryimage\"},\"thumbnailUrl\":\"https:\\\/\\\/www.meydan.tv\\\/wp-content\\\/uploads\\\/114216_a0yw4qg940.jpg\",\"articleSection\":[\"M\u0259d\u0259niyy\u0259t\"],\"inLanguage\":\"az\"},{\"@type\":\"WebPage\",\"@id\":\"https:\\\/\\\/www.meydan.tv\\\/az\\\/article\\\/bilal-eliyev-muharibeye-gore-qiymetleri-asagi-salmisam\\\/\",\"url\":\"https:\\\/\\\/www.meydan.tv\\\/az\\\/article\\\/bilal-eliyev-muharibeye-gore-qiymetleri-asagi-salmisam\\\/\",\"name\":\"Bilal \u018fliyev: M\u00fcharib\u0259y\u0259 g\u00f6r\u0259 qiym\u0259tl\u0259ri a\u015fa\u011f\u0131 salm\u0131\u015fam - MEYDAN.TV\",\"isPartOf\":{\"@id\":\"https:\\\/\\\/www.meydan.tv\\\/az\\\/#website\"},\"primaryImageOfPage\":{\"@id\":\"https:\\\/\\\/www.meydan.tv\\\/az\\\/article\\\/bilal-eliyev-muharibeye-gore-qiymetleri-asagi-salmisam\\\/#primaryimage\"},\"image\":{\"@id\":\"https:\\\/\\\/www.meydan.tv\\\/az\\\/article\\\/bilal-eliyev-muharibeye-gore-qiymetleri-asagi-salmisam\\\/#primaryimage\"},\"thumbnailUrl\":\"https:\\\/\\\/www.meydan.tv\\\/wp-content\\\/uploads\\\/114216_a0yw4qg940.jpg\",\"datePublished\":\"2021-07-26T10:16:58+00:00\",\"breadcrumb\":{\"@id\":\"https:\\\/\\\/www.meydan.tv\\\/az\\\/article\\\/bilal-eliyev-muharibeye-gore-qiymetleri-asagi-salmisam\\\/#breadcrumb\"},\"inLanguage\":\"az\",\"potentialAction\":[{\"@type\":\"ReadAction\",\"target\":[\"https:\\\/\\\/www.meydan.tv\\\/az\\\/article\\\/bilal-eliyev-muharibeye-gore-qiymetleri-asagi-salmisam\\\/\"]}]},{\"@type\":\"ImageObject\",\"inLanguage\":\"az\",\"@id\":\"https:\\\/\\\/www.meydan.tv\\\/az\\\/article\\\/bilal-eliyev-muharibeye-gore-qiymetleri-asagi-salmisam\\\/#primaryimage\",\"url\":\"https:\\\/\\\/www.meydan.tv\\\/wp-content\\\/uploads\\\/114216_a0yw4qg940.jpg\",\"contentUrl\":\"https:\\\/\\\/www.meydan.tv\\\/wp-content\\\/uploads\\\/114216_a0yw4qg940.jpg\",\"width\":771,\"height\":561,\"caption\":\"Source: Specify Source\"},{\"@type\":\"BreadcrumbList\",\"@id\":\"https:\\\/\\\/www.meydan.tv\\\/az\\\/article\\\/bilal-eliyev-muharibeye-gore-qiymetleri-asagi-salmisam\\\/#breadcrumb\",\"itemListElement\":[{\"@type\":\"ListItem\",\"position\":1,\"name\":\"Ana s\u0259hif\u0259\",\"item\":\"https:\\\/\\\/www.meydan.tv\\\/az\\\/\"},{\"@type\":\"ListItem\",\"position\":2,\"name\":\"M\u0259d\u0259niyy\u0259t\",\"item\":\"https:\\\/\\\/www.meydan.tv\\\/az\\\/section\\\/medeniyyet\\\/\"},{\"@type\":\"ListItem\",\"position\":3,\"name\":\"Bilal \u018fliyev: M\u00fcharib\u0259y\u0259 g\u00f6r\u0259 qiym\u0259tl\u0259ri a\u015fa\u011f\u0131 salm\u0131\u015fam\"}]},{\"@type\":\"WebSite\",\"@id\":\"https:\\\/\\\/www.meydan.tv\\\/az\\\/#website\",\"url\":\"https:\\\/\\\/www.meydan.tv\\\/az\\\/\",\"name\":\"MEYDAN.TV\",\"description\":\"Meydan TV Az\u0259rbaycan\u0131n media m\u0259kan\u0131ndak\u0131 alternativ s\u0259sidir\",\"publisher\":{\"@id\":\"https:\\\/\\\/www.meydan.tv\\\/az\\\/#organization\"},\"potentialAction\":[{\"@type\":\"SearchAction\",\"target\":{\"@type\":\"EntryPoint\",\"urlTemplate\":\"https:\\\/\\\/www.meydan.tv\\\/az\\\/?s={search_term_string}\"},\"query-input\":{\"@type\":\"PropertyValueSpecification\",\"valueRequired\":true,\"valueName\":\"search_term_string\"}}],\"inLanguage\":\"az\"},{\"@type\":\"Organization\",\"@id\":\"https:\\\/\\\/www.meydan.tv\\\/az\\\/#organization\",\"name\":\"Meydan TV\",\"url\":\"https:\\\/\\\/www.meydan.tv\\\/az\\\/\",\"logo\":{\"@type\":\"ImageObject\",\"inLanguage\":\"az\",\"@id\":\"https:\\\/\\\/www.meydan.tv\\\/az\\\/#\\\/schema\\\/logo\\\/image\\\/\",\"url\":\"https:\\\/\\\/www.meydan.tv\\\/wp-content\\\/uploads\\\/2021\\\/07\\\/meydan-logo.svg\",\"contentUrl\":\"https:\\\/\\\/www.meydan.tv\\\/wp-content\\\/uploads\\\/2021\\\/07\\\/meydan-logo.svg\",\"width\":195,\"height\":46,\"caption\":\"Meydan TV\"},\"image\":{\"@id\":\"https:\\\/\\\/www.meydan.tv\\\/az\\\/#\\\/schema\\\/logo\\\/image\\\/\"}},{\"@type\":\"Person\",\"@id\":\"https:\\\/\\\/www.meydan.tv\\\/az\\\/#\\\/schema\\\/person\\\/10d11eccf6da3662cf5fdab9806ea91a\",\"name\":\"user-manager\"}]}<\/script>\n<!-- \/ Yoast SEO plugin. -->","yoast_head_json":{"title":"Bilal \u018fliyev: M\u00fcharib\u0259y\u0259 g\u00f6r\u0259 qiym\u0259tl\u0259ri a\u015fa\u011f\u0131 salm\u0131\u015fam - MEYDAN.TV","robots":{"index":"index","follow":"follow","max-snippet":"max-snippet:-1","max-image-preview":"max-image-preview:large","max-video-preview":"max-video-preview:-1"},"canonical":"https:\/\/www.meydan.tv\/az\/article\/bilal-eliyev-muharibeye-gore-qiymetleri-asagi-salmisam\/","og_locale":"az_AZ","og_type":"article","og_title":"Bilal \u018fliyev: M\u00fcharib\u0259y\u0259 g\u00f6r\u0259 qiym\u0259tl\u0259ri a\u015fa\u011f\u0131 salm\u0131\u015fam - MEYDAN.TV","og_description":"\"Bir ne\u00e7\u0259 il \u0259vv\u0259l m\u0259clisd\u0259 y\u00fcz manat x\u0259rcl\u0259y\u0259n adam\u0131n cibind\u0259 be\u015f manat\u0131 var\"","og_url":"https:\/\/www.meydan.tv\/az\/article\/bilal-eliyev-muharibeye-gore-qiymetleri-asagi-salmisam\/","og_site_name":"MEYDAN.TV","article_published_time":"2021-07-26T10:16:58+00:00","og_image":[{"width":771,"height":561,"url":"https:\/\/www.meydan.tv\/wp-content\/uploads\/114216_a0yw4qg940.jpg","type":"image\/jpeg"}],"author":"user-manager","twitter_card":"summary_large_image","schema":{"@context":"https:\/\/schema.org","@graph":[{"@type":"Article","@id":"https:\/\/www.meydan.tv\/az\/article\/bilal-eliyev-muharibeye-gore-qiymetleri-asagi-salmisam\/#article","isPartOf":{"@id":"https:\/\/www.meydan.tv\/az\/article\/bilal-eliyev-muharibeye-gore-qiymetleri-asagi-salmisam\/"},"author":{"name":"user-manager","@id":"https:\/\/www.meydan.tv\/az\/#\/schema\/person\/10d11eccf6da3662cf5fdab9806ea91a"},"headline":"Bilal \u018fliyev: M\u00fcharib\u0259y\u0259 g\u00f6r\u0259 qiym\u0259tl\u0259ri a\u015fa\u011f\u0131 salm\u0131\u015fam","datePublished":"2021-07-26T10:16:58+00:00","mainEntityOfPage":{"@id":"https:\/\/www.meydan.tv\/az\/article\/bilal-eliyev-muharibeye-gore-qiymetleri-asagi-salmisam\/"},"wordCount":700,"publisher":{"@id":"https:\/\/www.meydan.tv\/az\/#organization"},"image":{"@id":"https:\/\/www.meydan.tv\/az\/article\/bilal-eliyev-muharibeye-gore-qiymetleri-asagi-salmisam\/#primaryimage"},"thumbnailUrl":"https:\/\/www.meydan.tv\/wp-content\/uploads\/114216_a0yw4qg940.jpg","articleSection":["M\u0259d\u0259niyy\u0259t"],"inLanguage":"az"},{"@type":"WebPage","@id":"https:\/\/www.meydan.tv\/az\/article\/bilal-eliyev-muharibeye-gore-qiymetleri-asagi-salmisam\/","url":"https:\/\/www.meydan.tv\/az\/article\/bilal-eliyev-muharibeye-gore-qiymetleri-asagi-salmisam\/","name":"Bilal \u018fliyev: M\u00fcharib\u0259y\u0259 g\u00f6r\u0259 qiym\u0259tl\u0259ri a\u015fa\u011f\u0131 salm\u0131\u015fam - MEYDAN.TV","isPartOf":{"@id":"https:\/\/www.meydan.tv\/az\/#website"},"primaryImageOfPage":{"@id":"https:\/\/www.meydan.tv\/az\/article\/bilal-eliyev-muharibeye-gore-qiymetleri-asagi-salmisam\/#primaryimage"},"image":{"@id":"https:\/\/www.meydan.tv\/az\/article\/bilal-eliyev-muharibeye-gore-qiymetleri-asagi-salmisam\/#primaryimage"},"thumbnailUrl":"https:\/\/www.meydan.tv\/wp-content\/uploads\/114216_a0yw4qg940.jpg","datePublished":"2021-07-26T10:16:58+00:00","breadcrumb":{"@id":"https:\/\/www.meydan.tv\/az\/article\/bilal-eliyev-muharibeye-gore-qiymetleri-asagi-salmisam\/#breadcrumb"},"inLanguage":"az","potentialAction":[{"@type":"ReadAction","target":["https:\/\/www.meydan.tv\/az\/article\/bilal-eliyev-muharibeye-gore-qiymetleri-asagi-salmisam\/"]}]},{"@type":"ImageObject","inLanguage":"az","@id":"https:\/\/www.meydan.tv\/az\/article\/bilal-eliyev-muharibeye-gore-qiymetleri-asagi-salmisam\/#primaryimage","url":"https:\/\/www.meydan.tv\/wp-content\/uploads\/114216_a0yw4qg940.jpg","contentUrl":"https:\/\/www.meydan.tv\/wp-content\/uploads\/114216_a0yw4qg940.jpg","width":771,"height":561,"caption":"Source: Specify Source"},{"@type":"BreadcrumbList","@id":"https:\/\/www.meydan.tv\/az\/article\/bilal-eliyev-muharibeye-gore-qiymetleri-asagi-salmisam\/#breadcrumb","itemListElement":[{"@type":"ListItem","position":1,"name":"Ana s\u0259hif\u0259","item":"https:\/\/www.meydan.tv\/az\/"},{"@type":"ListItem","position":2,"name":"M\u0259d\u0259niyy\u0259t","item":"https:\/\/www.meydan.tv\/az\/section\/medeniyyet\/"},{"@type":"ListItem","position":3,"name":"Bilal \u018fliyev: M\u00fcharib\u0259y\u0259 g\u00f6r\u0259 qiym\u0259tl\u0259ri a\u015fa\u011f\u0131 salm\u0131\u015fam"}]},{"@type":"WebSite","@id":"https:\/\/www.meydan.tv\/az\/#website","url":"https:\/\/www.meydan.tv\/az\/","name":"MEYDAN.TV","description":"Meydan TV Az\u0259rbaycan\u0131n media m\u0259kan\u0131ndak\u0131 alternativ s\u0259sidir","publisher":{"@id":"https:\/\/www.meydan.tv\/az\/#organization"},"potentialAction":[{"@type":"SearchAction","target":{"@type":"EntryPoint","urlTemplate":"https:\/\/www.meydan.tv\/az\/?s={search_term_string}"},"query-input":{"@type":"PropertyValueSpecification","valueRequired":true,"valueName":"search_term_string"}}],"inLanguage":"az"},{"@type":"Organization","@id":"https:\/\/www.meydan.tv\/az\/#organization","name":"Meydan TV","url":"https:\/\/www.meydan.tv\/az\/","logo":{"@type":"ImageObject","inLanguage":"az","@id":"https:\/\/www.meydan.tv\/az\/#\/schema\/logo\/image\/","url":"https:\/\/www.meydan.tv\/wp-content\/uploads\/2021\/07\/meydan-logo.svg","contentUrl":"https:\/\/www.meydan.tv\/wp-content\/uploads\/2021\/07\/meydan-logo.svg","width":195,"height":46,"caption":"Meydan TV"},"image":{"@id":"https:\/\/www.meydan.tv\/az\/#\/schema\/logo\/image\/"}},{"@type":"Person","@id":"https:\/\/www.meydan.tv\/az\/#\/schema\/person\/10d11eccf6da3662cf5fdab9806ea91a","name":"user-manager"}]}},"_links":{"self":[{"href":"https:\/\/www.meydan.tv\/az\/wp-json\/wp\/v2\/posts\/212118","targetHints":{"allow":["GET"]}}],"collection":[{"href":"https:\/\/www.meydan.tv\/az\/wp-json\/wp\/v2\/posts"}],"about":[{"href":"https:\/\/www.meydan.tv\/az\/wp-json\/wp\/v2\/types\/post"}],"author":[{"embeddable":true,"href":"https:\/\/www.meydan.tv\/az\/wp-json\/wp\/v2\/users\/11"}],"replies":[{"embeddable":true,"href":"https:\/\/www.meydan.tv\/az\/wp-json\/wp\/v2\/comments?post=212118"}],"version-history":[{"count":0,"href":"https:\/\/www.meydan.tv\/az\/wp-json\/wp\/v2\/posts\/212118\/revisions"}],"wp:featuredmedia":[{"embeddable":true,"href":"https:\/\/www.meydan.tv\/az\/wp-json\/wp\/v2\/media\/208350"}],"wp:attachment":[{"href":"https:\/\/www.meydan.tv\/az\/wp-json\/wp\/v2\/media?parent=212118"}],"wp:term":[{"taxonomy":"category","embeddable":true,"href":"https:\/\/www.meydan.tv\/az\/wp-json\/wp\/v2\/categories?post=212118"},{"taxonomy":"post_tag","embeddable":true,"href":"https:\/\/www.meydan.tv\/az\/wp-json\/wp\/v2\/tags?post=212118"}],"curies":[{"name":"wp","href":"https:\/\/api.w.org\/{rel}","templated":true}]}}