{"id":212113,"date":"2021-07-24T19:57:51","date_gmt":"2021-07-24T19:57:51","guid":{"rendered":"https:\/\/www.meydan.tv\/article\/semed-semedov-vefat-edib\/"},"modified":"2021-07-24T19:57:51","modified_gmt":"2021-07-24T19:57:51","slug":"semed-semedov-vefat-edib","status":"publish","type":"post","link":"https:\/\/www.meydan.tv\/az\/article\/semed-semedov-vefat-edib\/","title":{"rendered":"S\u0259m\u0259d S\u0259m\u0259dov v\u0259fat edib"},"content":{"rendered":"<p>\n  <i><br \/>\n    M\u00fc\u011f\u0259nninin koronavirusun qurban\u0131 oldu\u011fu deyilir<br \/>\n  <\/i>\n<\/p>\n<p>\n  Xalq artisti S\u0259m\u0259d S\u0259m\u0259dovun v\u0259fat etdiyi bildirilir.\n<\/p>\n<p>\n  Yax\u0131nlar\u0131n\u0131n m\u0259lumat\u0131na g\u00f6r\u0259, 74 ya\u015fl\u0131 s\u0259n\u0259t\u00e7i COV\u0130D-19 infeksiyas\u0131na yoluxubmu\u015f. Bundan bir h\u0259ft\u0259 sonra x\u0259b\u0259r tutub. M\u0259rhumun \u00fcr\u0259k-damar sistemind\u0259 problemi varm\u0131\u015f.\n<\/p>\n<p>\n  S\u0259n\u0259t\u00e7i Yeni Klinikada m\u00fcalic\u0259 al\u0131b. Klinikan\u0131n reanimatoloqu Emil Qas\u0131mov \u201cQafqazinfo\u201dya<br \/>\n  <a href=\"https:\/\/qafqazinfo.az\/news\/detail\/semed-semedovun-olum-sebebi-ile-bagli-yeni-klinikadan-aciqlama-330779\"><br \/>\n    deyib ki<br \/>\n  <\/a><br \/>\n  , S.S\u0259m\u0259dov \u00f6t\u0259n gec\u0259 klinikaya \u00e7ox a\u011f\u0131r v\u0259ziyy\u0259td\u0259 g\u0259tirilib:\n<\/p>\n<p>\n  &quot;X\u0259st\u0259 \u00e7ox a\u011f\u0131r v\u0259ziyy\u0259td\u0259 t\u0259n\u0259ff\u00fcs \u00e7at\u0131\u015fmazl\u0131\u011f\u0131 il\u0259 reanimasiya \u015f\u00f6b\u0259sin\u0259 yerl\u0259\u015fdirildi. Ona laz\u0131mi d\u0259st\u0259k m\u00fcalic\u0259si g\u00f6st\u0259rildi. \u0130nfeksiya v\u0259 iltihab\u0131 markerl\u0259r \u00e7ox y\u00fcks\u0259k idi. X\u0259st\u0259d\u0259 k\u0259skin b\u00f6yr\u0259k \u00e7at\u0131\u015fmazl\u0131\u011f\u0131 a\u015fkarlad\u0131q. Kreatin d\u0259y\u0259rl\u0259ri iki yar\u0131m d\u0259f\u0259 y\u00fcks\u0259lmi\u015fdi. X\u0259st\u0259nin sidik \u00e7\u0131x\u0131\u015flar\u0131 dem\u0259k olar ki, yox idi. 15-16 saat x\u0259st\u0259ni renimasiyada saxlaya bildik. B\u00fct\u00fcn s\u0259yl\u0259r\u0259 baxmayaraq, x\u0259st\u0259mizd\u0259 \u00fcr\u0259k dayanmas\u0131 ba\u015f verdi. \u00d6l\u00fcm s\u0259b\u0259bi olaraq sepsis v\u0259 septik \u015fok t\u0259sbit etdik&quot;.\n<\/p>\n<p>\n  S\u0259m\u0259d S\u0259m\u0259dov 1946-c\u0131 ild\u0259 T\u00fcrkm\u0259nistan\u0131n paytaxt\u0131 A\u015fqabadda do\u011fulub. 1948-ci ild\u0259 ail\u0259si il\u0259 birlikd\u0259 Bak\u0131ya k\u00f6\u00e7\u00fcb.\n<\/p>\n<p>\n  M\u00fc\u011f\u0259nni 1992-ci ild\u0259 \u201cQ\u0131zlar\u201d mahn\u0131s\u0131 (musiqi Eldar Mansurov, s\u00f6zl\u0259r Piruz Dil\u0259n\u00e7i) il\u0259 populyarla\u015f\u0131b.\n<\/p>\n<p>\n  1988-ci ild\u0259n toylarda \u00e7\u0131x\u0131\u015f ed\u0259n m\u00fc\u011f\u0259nni \u201cToylar kral\u0131\u201d l\u0259q\u0259bi il\u0259 tan\u0131n\u0131rd\u0131. Ona bu l\u0259q\u0259bin estrada m\u00fc\u011f\u0259nnisi Mirz\u0259 Babayevin verdiyi deyilir.\n<\/p>\n<p>\n  S\u0259m\u0259d S\u0259m\u0259dov yarad\u0131c\u0131l\u0131\u011f\u0131 d\u00f6vr\u00fcnd\u0259 y\u00fcz \u0259lli mahn\u0131 oxuyub. Be\u015f albom burax\u0131b, iyirmi klip \u00e7\u0259kdirib.\n<\/p>\n<p>\n  2011-ci ild\u0259 Xalq artisti ad\u0131na layiq g\u00f6r\u00fcl\u00fcb.<\/p>\n","protected":false},"excerpt":{"rendered":"<p>&#8220;X\u0259st\u0259 \u00e7ox a\u011f\u0131r v\u0259ziyy\u0259td\u0259 t\u0259n\u0259ff\u00fcs \u00e7at\u0131\u015fmazl\u0131\u011f\u0131 il\u0259 reanimasiya \u015f\u00f6b\u0259sin\u0259 yerl\u0259\u015fdirildi&#8221;<\/p>\n","protected":false},"author":11,"featured_media":208314,"comment_status":"closed","ping_status":"open","sticky":false,"template":"","format":"standard","meta":{"_acf_changed":false,"_sitemap_exclude":false,"_sitemap_priority":"","_sitemap_frequency":"","footnotes":""},"categories":[52],"tags":[],"class_list":["post-212113","post","type-post","status-publish","format-standard","has-post-thumbnail","hentry","category-medeniyyet","infinite-scroll-item","generate-columns","tablet-grid-50","mobile-grid-100","grid-parent","grid-33","no-featured-image-padding"],"acf":[],"yoast_head":"<!-- This site is optimized with the Yoast SEO plugin v27.4 - https:\/\/yoast.com\/product\/yoast-seo-wordpress\/ -->\n<title>S\u0259m\u0259d S\u0259m\u0259dov v\u0259fat edib - MEYDAN.TV<\/title>\n<meta name=\"robots\" content=\"index, follow, max-snippet:-1, max-image-preview:large, max-video-preview:-1\" \/>\n<link rel=\"canonical\" href=\"https:\/\/www.meydan.tv\/az\/article\/semed-semedov-vefat-edib\/\" \/>\n<meta property=\"og:locale\" content=\"az_AZ\" \/>\n<meta property=\"og:type\" content=\"article\" \/>\n<meta property=\"og:title\" content=\"S\u0259m\u0259d S\u0259m\u0259dov v\u0259fat edib - MEYDAN.TV\" \/>\n<meta property=\"og:description\" content=\"&quot;X\u0259st\u0259 \u00e7ox a\u011f\u0131r v\u0259ziyy\u0259td\u0259 t\u0259n\u0259ff\u00fcs \u00e7at\u0131\u015fmazl\u0131\u011f\u0131 il\u0259 reanimasiya \u015f\u00f6b\u0259sin\u0259 yerl\u0259\u015fdirildi&#039;&#039;\" \/>\n<meta property=\"og:url\" content=\"https:\/\/www.meydan.tv\/az\/article\/semed-semedov-vefat-edib\/\" \/>\n<meta property=\"og:site_name\" content=\"MEYDAN.TV\" \/>\n<meta property=\"article:published_time\" content=\"2021-07-24T19:57:51+00:00\" \/>\n<meta property=\"og:image\" content=\"https:\/\/www.meydan.tv\/wp-content\/uploads\/226386_wi5uo6f1m2.jpg\" \/>\n\t<meta property=\"og:image:width\" content=\"1000\" \/>\n\t<meta property=\"og:image:height\" content=\"617\" \/>\n\t<meta property=\"og:image:type\" content=\"image\/jpeg\" \/>\n<meta name=\"author\" content=\"user-manager\" \/>\n<meta name=\"twitter:card\" content=\"summary_large_image\" \/>\n<script type=\"application\/ld+json\" class=\"yoast-schema-graph\">{\"@context\":\"https:\\\/\\\/schema.org\",\"@graph\":[{\"@type\":\"Article\",\"@id\":\"https:\\\/\\\/www.meydan.tv\\\/az\\\/article\\\/semed-semedov-vefat-edib\\\/#article\",\"isPartOf\":{\"@id\":\"https:\\\/\\\/www.meydan.tv\\\/az\\\/article\\\/semed-semedov-vefat-edib\\\/\"},\"author\":{\"name\":\"user-manager\",\"@id\":\"https:\\\/\\\/www.meydan.tv\\\/az\\\/#\\\/schema\\\/person\\\/10d11eccf6da3662cf5fdab9806ea91a\"},\"headline\":\"S\u0259m\u0259d S\u0259m\u0259dov v\u0259fat edib\",\"datePublished\":\"2021-07-24T19:57:51+00:00\",\"mainEntityOfPage\":{\"@id\":\"https:\\\/\\\/www.meydan.tv\\\/az\\\/article\\\/semed-semedov-vefat-edib\\\/\"},\"wordCount\":332,\"publisher\":{\"@id\":\"https:\\\/\\\/www.meydan.tv\\\/az\\\/#organization\"},\"image\":{\"@id\":\"https:\\\/\\\/www.meydan.tv\\\/az\\\/article\\\/semed-semedov-vefat-edib\\\/#primaryimage\"},\"thumbnailUrl\":\"https:\\\/\\\/www.meydan.tv\\\/wp-content\\\/uploads\\\/226386_wi5uo6f1m2.jpg\",\"articleSection\":[\"M\u0259d\u0259niyy\u0259t\"],\"inLanguage\":\"az\"},{\"@type\":\"WebPage\",\"@id\":\"https:\\\/\\\/www.meydan.tv\\\/az\\\/article\\\/semed-semedov-vefat-edib\\\/\",\"url\":\"https:\\\/\\\/www.meydan.tv\\\/az\\\/article\\\/semed-semedov-vefat-edib\\\/\",\"name\":\"S\u0259m\u0259d S\u0259m\u0259dov v\u0259fat edib - MEYDAN.TV\",\"isPartOf\":{\"@id\":\"https:\\\/\\\/www.meydan.tv\\\/az\\\/#website\"},\"primaryImageOfPage\":{\"@id\":\"https:\\\/\\\/www.meydan.tv\\\/az\\\/article\\\/semed-semedov-vefat-edib\\\/#primaryimage\"},\"image\":{\"@id\":\"https:\\\/\\\/www.meydan.tv\\\/az\\\/article\\\/semed-semedov-vefat-edib\\\/#primaryimage\"},\"thumbnailUrl\":\"https:\\\/\\\/www.meydan.tv\\\/wp-content\\\/uploads\\\/226386_wi5uo6f1m2.jpg\",\"datePublished\":\"2021-07-24T19:57:51+00:00\",\"breadcrumb\":{\"@id\":\"https:\\\/\\\/www.meydan.tv\\\/az\\\/article\\\/semed-semedov-vefat-edib\\\/#breadcrumb\"},\"inLanguage\":\"az\",\"potentialAction\":[{\"@type\":\"ReadAction\",\"target\":[\"https:\\\/\\\/www.meydan.tv\\\/az\\\/article\\\/semed-semedov-vefat-edib\\\/\"]}]},{\"@type\":\"ImageObject\",\"inLanguage\":\"az\",\"@id\":\"https:\\\/\\\/www.meydan.tv\\\/az\\\/article\\\/semed-semedov-vefat-edib\\\/#primaryimage\",\"url\":\"https:\\\/\\\/www.meydan.tv\\\/wp-content\\\/uploads\\\/226386_wi5uo6f1m2.jpg\",\"contentUrl\":\"https:\\\/\\\/www.meydan.tv\\\/wp-content\\\/uploads\\\/226386_wi5uo6f1m2.jpg\",\"width\":1000,\"height\":617,\"caption\":\"Source: Specify Source\"},{\"@type\":\"BreadcrumbList\",\"@id\":\"https:\\\/\\\/www.meydan.tv\\\/az\\\/article\\\/semed-semedov-vefat-edib\\\/#breadcrumb\",\"itemListElement\":[{\"@type\":\"ListItem\",\"position\":1,\"name\":\"Ana s\u0259hif\u0259\",\"item\":\"https:\\\/\\\/www.meydan.tv\\\/az\\\/\"},{\"@type\":\"ListItem\",\"position\":2,\"name\":\"M\u0259d\u0259niyy\u0259t\",\"item\":\"https:\\\/\\\/www.meydan.tv\\\/az\\\/section\\\/medeniyyet\\\/\"},{\"@type\":\"ListItem\",\"position\":3,\"name\":\"S\u0259m\u0259d S\u0259m\u0259dov v\u0259fat edib\"}]},{\"@type\":\"WebSite\",\"@id\":\"https:\\\/\\\/www.meydan.tv\\\/az\\\/#website\",\"url\":\"https:\\\/\\\/www.meydan.tv\\\/az\\\/\",\"name\":\"MEYDAN.TV\",\"description\":\"Meydan TV Az\u0259rbaycan\u0131n media m\u0259kan\u0131ndak\u0131 alternativ s\u0259sidir\",\"publisher\":{\"@id\":\"https:\\\/\\\/www.meydan.tv\\\/az\\\/#organization\"},\"potentialAction\":[{\"@type\":\"SearchAction\",\"target\":{\"@type\":\"EntryPoint\",\"urlTemplate\":\"https:\\\/\\\/www.meydan.tv\\\/az\\\/?s={search_term_string}\"},\"query-input\":{\"@type\":\"PropertyValueSpecification\",\"valueRequired\":true,\"valueName\":\"search_term_string\"}}],\"inLanguage\":\"az\"},{\"@type\":\"Organization\",\"@id\":\"https:\\\/\\\/www.meydan.tv\\\/az\\\/#organization\",\"name\":\"Meydan TV\",\"url\":\"https:\\\/\\\/www.meydan.tv\\\/az\\\/\",\"logo\":{\"@type\":\"ImageObject\",\"inLanguage\":\"az\",\"@id\":\"https:\\\/\\\/www.meydan.tv\\\/az\\\/#\\\/schema\\\/logo\\\/image\\\/\",\"url\":\"https:\\\/\\\/www.meydan.tv\\\/wp-content\\\/uploads\\\/2021\\\/07\\\/meydan-logo.svg\",\"contentUrl\":\"https:\\\/\\\/www.meydan.tv\\\/wp-content\\\/uploads\\\/2021\\\/07\\\/meydan-logo.svg\",\"width\":195,\"height\":46,\"caption\":\"Meydan TV\"},\"image\":{\"@id\":\"https:\\\/\\\/www.meydan.tv\\\/az\\\/#\\\/schema\\\/logo\\\/image\\\/\"}},{\"@type\":\"Person\",\"@id\":\"https:\\\/\\\/www.meydan.tv\\\/az\\\/#\\\/schema\\\/person\\\/10d11eccf6da3662cf5fdab9806ea91a\",\"name\":\"user-manager\"}]}<\/script>\n<!-- \/ Yoast SEO plugin. -->","yoast_head_json":{"title":"S\u0259m\u0259d S\u0259m\u0259dov v\u0259fat edib - MEYDAN.TV","robots":{"index":"index","follow":"follow","max-snippet":"max-snippet:-1","max-image-preview":"max-image-preview:large","max-video-preview":"max-video-preview:-1"},"canonical":"https:\/\/www.meydan.tv\/az\/article\/semed-semedov-vefat-edib\/","og_locale":"az_AZ","og_type":"article","og_title":"S\u0259m\u0259d S\u0259m\u0259dov v\u0259fat edib - MEYDAN.TV","og_description":"\"X\u0259st\u0259 \u00e7ox a\u011f\u0131r v\u0259ziyy\u0259td\u0259 t\u0259n\u0259ff\u00fcs \u00e7at\u0131\u015fmazl\u0131\u011f\u0131 il\u0259 reanimasiya \u015f\u00f6b\u0259sin\u0259 yerl\u0259\u015fdirildi''","og_url":"https:\/\/www.meydan.tv\/az\/article\/semed-semedov-vefat-edib\/","og_site_name":"MEYDAN.TV","article_published_time":"2021-07-24T19:57:51+00:00","og_image":[{"width":1000,"height":617,"url":"https:\/\/www.meydan.tv\/wp-content\/uploads\/226386_wi5uo6f1m2.jpg","type":"image\/jpeg"}],"author":"user-manager","twitter_card":"summary_large_image","schema":{"@context":"https:\/\/schema.org","@graph":[{"@type":"Article","@id":"https:\/\/www.meydan.tv\/az\/article\/semed-semedov-vefat-edib\/#article","isPartOf":{"@id":"https:\/\/www.meydan.tv\/az\/article\/semed-semedov-vefat-edib\/"},"author":{"name":"user-manager","@id":"https:\/\/www.meydan.tv\/az\/#\/schema\/person\/10d11eccf6da3662cf5fdab9806ea91a"},"headline":"S\u0259m\u0259d S\u0259m\u0259dov v\u0259fat edib","datePublished":"2021-07-24T19:57:51+00:00","mainEntityOfPage":{"@id":"https:\/\/www.meydan.tv\/az\/article\/semed-semedov-vefat-edib\/"},"wordCount":332,"publisher":{"@id":"https:\/\/www.meydan.tv\/az\/#organization"},"image":{"@id":"https:\/\/www.meydan.tv\/az\/article\/semed-semedov-vefat-edib\/#primaryimage"},"thumbnailUrl":"https:\/\/www.meydan.tv\/wp-content\/uploads\/226386_wi5uo6f1m2.jpg","articleSection":["M\u0259d\u0259niyy\u0259t"],"inLanguage":"az"},{"@type":"WebPage","@id":"https:\/\/www.meydan.tv\/az\/article\/semed-semedov-vefat-edib\/","url":"https:\/\/www.meydan.tv\/az\/article\/semed-semedov-vefat-edib\/","name":"S\u0259m\u0259d S\u0259m\u0259dov v\u0259fat edib - MEYDAN.TV","isPartOf":{"@id":"https:\/\/www.meydan.tv\/az\/#website"},"primaryImageOfPage":{"@id":"https:\/\/www.meydan.tv\/az\/article\/semed-semedov-vefat-edib\/#primaryimage"},"image":{"@id":"https:\/\/www.meydan.tv\/az\/article\/semed-semedov-vefat-edib\/#primaryimage"},"thumbnailUrl":"https:\/\/www.meydan.tv\/wp-content\/uploads\/226386_wi5uo6f1m2.jpg","datePublished":"2021-07-24T19:57:51+00:00","breadcrumb":{"@id":"https:\/\/www.meydan.tv\/az\/article\/semed-semedov-vefat-edib\/#breadcrumb"},"inLanguage":"az","potentialAction":[{"@type":"ReadAction","target":["https:\/\/www.meydan.tv\/az\/article\/semed-semedov-vefat-edib\/"]}]},{"@type":"ImageObject","inLanguage":"az","@id":"https:\/\/www.meydan.tv\/az\/article\/semed-semedov-vefat-edib\/#primaryimage","url":"https:\/\/www.meydan.tv\/wp-content\/uploads\/226386_wi5uo6f1m2.jpg","contentUrl":"https:\/\/www.meydan.tv\/wp-content\/uploads\/226386_wi5uo6f1m2.jpg","width":1000,"height":617,"caption":"Source: Specify Source"},{"@type":"BreadcrumbList","@id":"https:\/\/www.meydan.tv\/az\/article\/semed-semedov-vefat-edib\/#breadcrumb","itemListElement":[{"@type":"ListItem","position":1,"name":"Ana s\u0259hif\u0259","item":"https:\/\/www.meydan.tv\/az\/"},{"@type":"ListItem","position":2,"name":"M\u0259d\u0259niyy\u0259t","item":"https:\/\/www.meydan.tv\/az\/section\/medeniyyet\/"},{"@type":"ListItem","position":3,"name":"S\u0259m\u0259d S\u0259m\u0259dov v\u0259fat edib"}]},{"@type":"WebSite","@id":"https:\/\/www.meydan.tv\/az\/#website","url":"https:\/\/www.meydan.tv\/az\/","name":"MEYDAN.TV","description":"Meydan TV Az\u0259rbaycan\u0131n media m\u0259kan\u0131ndak\u0131 alternativ s\u0259sidir","publisher":{"@id":"https:\/\/www.meydan.tv\/az\/#organization"},"potentialAction":[{"@type":"SearchAction","target":{"@type":"EntryPoint","urlTemplate":"https:\/\/www.meydan.tv\/az\/?s={search_term_string}"},"query-input":{"@type":"PropertyValueSpecification","valueRequired":true,"valueName":"search_term_string"}}],"inLanguage":"az"},{"@type":"Organization","@id":"https:\/\/www.meydan.tv\/az\/#organization","name":"Meydan TV","url":"https:\/\/www.meydan.tv\/az\/","logo":{"@type":"ImageObject","inLanguage":"az","@id":"https:\/\/www.meydan.tv\/az\/#\/schema\/logo\/image\/","url":"https:\/\/www.meydan.tv\/wp-content\/uploads\/2021\/07\/meydan-logo.svg","contentUrl":"https:\/\/www.meydan.tv\/wp-content\/uploads\/2021\/07\/meydan-logo.svg","width":195,"height":46,"caption":"Meydan TV"},"image":{"@id":"https:\/\/www.meydan.tv\/az\/#\/schema\/logo\/image\/"}},{"@type":"Person","@id":"https:\/\/www.meydan.tv\/az\/#\/schema\/person\/10d11eccf6da3662cf5fdab9806ea91a","name":"user-manager"}]}},"_links":{"self":[{"href":"https:\/\/www.meydan.tv\/az\/wp-json\/wp\/v2\/posts\/212113","targetHints":{"allow":["GET"]}}],"collection":[{"href":"https:\/\/www.meydan.tv\/az\/wp-json\/wp\/v2\/posts"}],"about":[{"href":"https:\/\/www.meydan.tv\/az\/wp-json\/wp\/v2\/types\/post"}],"author":[{"embeddable":true,"href":"https:\/\/www.meydan.tv\/az\/wp-json\/wp\/v2\/users\/11"}],"replies":[{"embeddable":true,"href":"https:\/\/www.meydan.tv\/az\/wp-json\/wp\/v2\/comments?post=212113"}],"version-history":[{"count":0,"href":"https:\/\/www.meydan.tv\/az\/wp-json\/wp\/v2\/posts\/212113\/revisions"}],"wp:featuredmedia":[{"embeddable":true,"href":"https:\/\/www.meydan.tv\/az\/wp-json\/wp\/v2\/media\/208314"}],"wp:attachment":[{"href":"https:\/\/www.meydan.tv\/az\/wp-json\/wp\/v2\/media?parent=212113"}],"wp:term":[{"taxonomy":"category","embeddable":true,"href":"https:\/\/www.meydan.tv\/az\/wp-json\/wp\/v2\/categories?post=212113"},{"taxonomy":"post_tag","embeddable":true,"href":"https:\/\/www.meydan.tv\/az\/wp-json\/wp\/v2\/tags?post=212113"}],"curies":[{"name":"wp","href":"https:\/\/api.w.org\/{rel}","templated":true}]}}