{"id":212105,"date":"2021-07-23T19:09:22","date_gmt":"2021-07-23T19:09:22","guid":{"rendered":"https:\/\/www.meydan.tv\/article\/niye-prezidentin-dediyine-emel-etmirler\/"},"modified":"2021-07-23T19:09:22","modified_gmt":"2021-07-23T19:09:22","slug":"niye-prezidentin-dediyine-emel-etmirler","status":"publish","type":"post","link":"https:\/\/www.meydan.tv\/az\/article\/niye-prezidentin-dediyine-emel-etmirler\/","title":{"rendered":"&#8220;Niy\u0259 prezidentin dediyin\u0259 \u0259m\u0259l etmirl\u0259r?&#8221;"},"content":{"rendered":"<figure class=\"wp-block-embed is-type-video is-provider-youtube wp-block-embed-youtube wp-embed-aspect-16-9 wp-has-aspect-ratio\">\n<div class=\"wp-block-embed__wrapper\">\n    <iframe\ttitle=\"\"Niy\u0259 prezidentin dediyin\u0259 \u0259m\u0259l etmirl\u0259r?\"\" width=\"1200\" height=\"675\" data-src=\"https:\/\/www.youtube.com\/embed\/0XOjh5u00G0\"\tframeborder=\"0\"\tallow=\"accelerometer; autoplay; clipboard-write; encrypted-media; gyroscope; picture-in-picture\" allowfullscreen src=\"data:image\/svg+xml;base64,PHN2ZyB3aWR0aD0iMSIgaGVpZ2h0PSIxIiB4bWxucz0iaHR0cDovL3d3dy53My5vcmcvMjAwMC9zdmciPjwvc3ZnPg==\" class=\"lazyload\" data-load-mode=\"1\"><\/iframe>\n  <\/div><figcaption>\n    &#8220;Niy\u0259 prezidentin dediyin\u0259 \u0259m\u0259l etmirl\u0259r?&#8221;<br \/>\n  <\/figcaption><\/figure>\n<p>\n  \u0130yulun 23-d\u0259 \u201cAkkord\u201d \u015firk\u0259tinin i\u015f\u00e7il\u0259ri \u201cAkkord Plaza\u201dda etiraz edibl\u0259r.\n<\/p>\n<p>\n  \u0130\u015f\u00e7il\u0259rin etiraz\u0131na s\u0259b\u0259b ezam pullar\u0131n\u0131n v\u0259 maa\u015flar\u0131n\u0131n verilm\u0259m\u0259sidir.\n<\/p>\n<p>\n  \u015eikay\u0259t\u00e7il\u0259r deyir ki, he\u00e7 bir s\u0259b\u0259b g\u00f6st\u0259rilm\u0259d\u0259n onlar\u0131n i\u015f m\u00fcqavil\u0259sin\u0259 xitam verilib.\n<\/p>\n<p>\n  Etiraz ed\u0259n i\u015f\u00e7il\u0259r aras\u0131nda \u201cAkkord\u201dun \u015e\u0259mkir, Qazax, \u00d6zb\u0259kistan v\u0259 Qazax\u0131stan layih\u0259l\u0259rind\u0259 \u00e7al\u0131\u015fanlar var.\n<\/p>\n<p>\n  Onlar deyir ki, pulu verilm\u0259diyi \u00fc\u00e7\u00fcn \u00f6lk\u0259sin\u0259 qay\u0131da bilm\u0259y\u0259n i\u015f yolda\u015flar\u0131 h\u0259l\u0259 d\u0259 Qazax\u0131standa qal\u0131b.\n<\/p>\n<p>\n  \u015eirk\u0259t is\u0259 i\u015f\u00e7il\u0259r\u0259 a\u00e7\u0131qlamas\u0131nda hesabda pulun olmad\u0131\u011f\u0131n\u0131 bildirir.\n<\/p>\n<p>\n  \u015eikay\u0259t\u00e7il\u0259r m\u0259hk\u0259m\u0259y\u0259 m\u00fcraci\u0259t ets\u0259l\u0259r d\u0259, n\u0259tic\u0259si olmay\u0131b.\n<\/p>\n<p>\n  Aksiya \u0259rzind\u0259 \u015firk\u0259td\u0259n hans\u0131sa s\u0259lahiyy\u0259tli n\u00fcmay\u0259nd\u0259 g\u0259lm\u0259yib.\n<\/p>\n<p>\n  Etiraz\u0131n sonunda N\u0259rimanov Rayon Polis \u015e\u00f6b\u0259sinin r\u0259is m\u00fcavini g\u0259lib i\u015f\u00e7il\u0259rl\u0259 g\u00f6r\u00fc\u015f\u0259r\u0259k m\u0259s\u0259l\u0259y\u0259 bax\u0131laca\u011f\u0131n\u0131 bildirib.<\/p>\n","protected":false},"excerpt":{"rendered":"<p>Maa\u015flar\u0131n\u0131 ala bilm\u0259y\u0259n &#8220;Akkord&#8221; \u015firk\u0259tinin i\u015f\u00e7il\u0259ri etiraz edib<\/p>\n","protected":false},"author":11,"featured_media":208293,"comment_status":"closed","ping_status":"open","sticky":false,"template":"","format":"standard","meta":{"_acf_changed":false,"_sitemap_exclude":false,"_sitemap_priority":"","_sitemap_frequency":"","footnotes":""},"categories":[63],"tags":[],"class_list":["post-212105","post","type-post","status-publish","format-standard","has-post-thumbnail","hentry","category-video-2","infinite-scroll-item","generate-columns","tablet-grid-50","mobile-grid-100","grid-parent","grid-33","no-featured-image-padding"],"acf":[],"yoast_head":"<!-- This site is optimized with the Yoast SEO plugin v27.5 - https:\/\/yoast.com\/product\/yoast-seo-wordpress\/ -->\n<title>&quot;Niy\u0259 prezidentin dediyin\u0259 \u0259m\u0259l etmirl\u0259r?&quot; - MEYDAN.TV<\/title>\n<meta name=\"robots\" content=\"index, follow, max-snippet:-1, max-image-preview:large, max-video-preview:-1\" \/>\n<link rel=\"canonical\" href=\"https:\/\/www.meydan.tv\/az\/article\/niye-prezidentin-dediyine-emel-etmirler\/\" \/>\n<meta property=\"og:locale\" content=\"az_AZ\" \/>\n<meta property=\"og:type\" content=\"article\" \/>\n<meta property=\"og:title\" content=\"&quot;Niy\u0259 prezidentin dediyin\u0259 \u0259m\u0259l etmirl\u0259r?&quot; - MEYDAN.TV\" \/>\n<meta property=\"og:description\" content=\"Maa\u015flar\u0131n\u0131 ala bilm\u0259y\u0259n &quot;Akkord&quot; \u015firk\u0259tinin i\u015f\u00e7il\u0259ri etiraz edib\" \/>\n<meta property=\"og:url\" content=\"https:\/\/www.meydan.tv\/az\/article\/niye-prezidentin-dediyine-emel-etmirler\/\" \/>\n<meta property=\"og:site_name\" content=\"MEYDAN.TV\" \/>\n<meta property=\"article:published_time\" content=\"2021-07-23T19:09:22+00:00\" \/>\n<meta property=\"og:image\" content=\"https:\/\/www.meydan.tv\/wp-content\/uploads\/screenshot_24_o1sk2mc.png\" \/>\n\t<meta property=\"og:image:width\" content=\"874\" \/>\n\t<meta property=\"og:image:height\" content=\"492\" \/>\n\t<meta property=\"og:image:type\" content=\"image\/png\" \/>\n<meta name=\"author\" content=\"user-manager\" \/>\n<meta name=\"twitter:card\" content=\"summary_large_image\" \/>\n<script type=\"application\/ld+json\" class=\"yoast-schema-graph\">{\"@context\":\"https:\\\/\\\/schema.org\",\"@graph\":[{\"@type\":\"Article\",\"@id\":\"https:\\\/\\\/www.meydan.tv\\\/az\\\/article\\\/niye-prezidentin-dediyine-emel-etmirler\\\/#article\",\"isPartOf\":{\"@id\":\"https:\\\/\\\/www.meydan.tv\\\/az\\\/article\\\/niye-prezidentin-dediyine-emel-etmirler\\\/\"},\"author\":{\"name\":\"user-manager\",\"@id\":\"https:\\\/\\\/www.meydan.tv\\\/az\\\/#\\\/schema\\\/person\\\/10d11eccf6da3662cf5fdab9806ea91a\"},\"headline\":\"&#8220;Niy\u0259 prezidentin dediyin\u0259 \u0259m\u0259l etmirl\u0259r?&#8221;\",\"datePublished\":\"2021-07-23T19:09:22+00:00\",\"mainEntityOfPage\":{\"@id\":\"https:\\\/\\\/www.meydan.tv\\\/az\\\/article\\\/niye-prezidentin-dediyine-emel-etmirler\\\/\"},\"wordCount\":198,\"publisher\":{\"@id\":\"https:\\\/\\\/www.meydan.tv\\\/az\\\/#organization\"},\"image\":{\"@id\":\"https:\\\/\\\/www.meydan.tv\\\/az\\\/article\\\/niye-prezidentin-dediyine-emel-etmirler\\\/#primaryimage\"},\"thumbnailUrl\":\"https:\\\/\\\/www.meydan.tv\\\/wp-content\\\/uploads\\\/screenshot_24_o1sk2mc.png\",\"articleSection\":[\"Video\"],\"inLanguage\":\"az\"},{\"@type\":\"WebPage\",\"@id\":\"https:\\\/\\\/www.meydan.tv\\\/az\\\/article\\\/niye-prezidentin-dediyine-emel-etmirler\\\/\",\"url\":\"https:\\\/\\\/www.meydan.tv\\\/az\\\/article\\\/niye-prezidentin-dediyine-emel-etmirler\\\/\",\"name\":\"\\\"Niy\u0259 prezidentin dediyin\u0259 \u0259m\u0259l etmirl\u0259r?\\\" - MEYDAN.TV\",\"isPartOf\":{\"@id\":\"https:\\\/\\\/www.meydan.tv\\\/az\\\/#website\"},\"primaryImageOfPage\":{\"@id\":\"https:\\\/\\\/www.meydan.tv\\\/az\\\/article\\\/niye-prezidentin-dediyine-emel-etmirler\\\/#primaryimage\"},\"image\":{\"@id\":\"https:\\\/\\\/www.meydan.tv\\\/az\\\/article\\\/niye-prezidentin-dediyine-emel-etmirler\\\/#primaryimage\"},\"thumbnailUrl\":\"https:\\\/\\\/www.meydan.tv\\\/wp-content\\\/uploads\\\/screenshot_24_o1sk2mc.png\",\"datePublished\":\"2021-07-23T19:09:22+00:00\",\"breadcrumb\":{\"@id\":\"https:\\\/\\\/www.meydan.tv\\\/az\\\/article\\\/niye-prezidentin-dediyine-emel-etmirler\\\/#breadcrumb\"},\"inLanguage\":\"az\",\"potentialAction\":[{\"@type\":\"ReadAction\",\"target\":[\"https:\\\/\\\/www.meydan.tv\\\/az\\\/article\\\/niye-prezidentin-dediyine-emel-etmirler\\\/\"]}]},{\"@type\":\"ImageObject\",\"inLanguage\":\"az\",\"@id\":\"https:\\\/\\\/www.meydan.tv\\\/az\\\/article\\\/niye-prezidentin-dediyine-emel-etmirler\\\/#primaryimage\",\"url\":\"https:\\\/\\\/www.meydan.tv\\\/wp-content\\\/uploads\\\/screenshot_24_o1sk2mc.png\",\"contentUrl\":\"https:\\\/\\\/www.meydan.tv\\\/wp-content\\\/uploads\\\/screenshot_24_o1sk2mc.png\",\"width\":874,\"height\":492,\"caption\":\"Source: Meydan TV\"},{\"@type\":\"BreadcrumbList\",\"@id\":\"https:\\\/\\\/www.meydan.tv\\\/az\\\/article\\\/niye-prezidentin-dediyine-emel-etmirler\\\/#breadcrumb\",\"itemListElement\":[{\"@type\":\"ListItem\",\"position\":1,\"name\":\"Ana s\u0259hif\u0259\",\"item\":\"https:\\\/\\\/www.meydan.tv\\\/az\\\/\"},{\"@type\":\"ListItem\",\"position\":2,\"name\":\"Video\",\"item\":\"https:\\\/\\\/www.meydan.tv\\\/az\\\/section\\\/video-2\\\/\"},{\"@type\":\"ListItem\",\"position\":3,\"name\":\"&#8220;Niy\u0259 prezidentin dediyin\u0259 \u0259m\u0259l etmirl\u0259r?&#8221;\"}]},{\"@type\":\"WebSite\",\"@id\":\"https:\\\/\\\/www.meydan.tv\\\/az\\\/#website\",\"url\":\"https:\\\/\\\/www.meydan.tv\\\/az\\\/\",\"name\":\"MEYDAN.TV\",\"description\":\"Meydan TV Az\u0259rbaycan\u0131n media m\u0259kan\u0131ndak\u0131 alternativ s\u0259sidir\",\"publisher\":{\"@id\":\"https:\\\/\\\/www.meydan.tv\\\/az\\\/#organization\"},\"potentialAction\":[{\"@type\":\"SearchAction\",\"target\":{\"@type\":\"EntryPoint\",\"urlTemplate\":\"https:\\\/\\\/www.meydan.tv\\\/az\\\/?s={search_term_string}\"},\"query-input\":{\"@type\":\"PropertyValueSpecification\",\"valueRequired\":true,\"valueName\":\"search_term_string\"}}],\"inLanguage\":\"az\"},{\"@type\":\"Organization\",\"@id\":\"https:\\\/\\\/www.meydan.tv\\\/az\\\/#organization\",\"name\":\"Meydan TV\",\"url\":\"https:\\\/\\\/www.meydan.tv\\\/az\\\/\",\"logo\":{\"@type\":\"ImageObject\",\"inLanguage\":\"az\",\"@id\":\"https:\\\/\\\/www.meydan.tv\\\/az\\\/#\\\/schema\\\/logo\\\/image\\\/\",\"url\":\"https:\\\/\\\/www.meydan.tv\\\/wp-content\\\/uploads\\\/2021\\\/07\\\/meydan-logo.svg\",\"contentUrl\":\"https:\\\/\\\/www.meydan.tv\\\/wp-content\\\/uploads\\\/2021\\\/07\\\/meydan-logo.svg\",\"width\":195,\"height\":46,\"caption\":\"Meydan TV\"},\"image\":{\"@id\":\"https:\\\/\\\/www.meydan.tv\\\/az\\\/#\\\/schema\\\/logo\\\/image\\\/\"}},{\"@type\":\"Person\",\"@id\":\"https:\\\/\\\/www.meydan.tv\\\/az\\\/#\\\/schema\\\/person\\\/10d11eccf6da3662cf5fdab9806ea91a\",\"name\":\"user-manager\"}]}<\/script>\n<!-- \/ Yoast SEO plugin. -->","yoast_head_json":{"title":"\"Niy\u0259 prezidentin dediyin\u0259 \u0259m\u0259l etmirl\u0259r?\" - MEYDAN.TV","robots":{"index":"index","follow":"follow","max-snippet":"max-snippet:-1","max-image-preview":"max-image-preview:large","max-video-preview":"max-video-preview:-1"},"canonical":"https:\/\/www.meydan.tv\/az\/article\/niye-prezidentin-dediyine-emel-etmirler\/","og_locale":"az_AZ","og_type":"article","og_title":"\"Niy\u0259 prezidentin dediyin\u0259 \u0259m\u0259l etmirl\u0259r?\" - MEYDAN.TV","og_description":"Maa\u015flar\u0131n\u0131 ala bilm\u0259y\u0259n \"Akkord\" \u015firk\u0259tinin i\u015f\u00e7il\u0259ri etiraz edib","og_url":"https:\/\/www.meydan.tv\/az\/article\/niye-prezidentin-dediyine-emel-etmirler\/","og_site_name":"MEYDAN.TV","article_published_time":"2021-07-23T19:09:22+00:00","og_image":[{"width":874,"height":492,"url":"https:\/\/www.meydan.tv\/wp-content\/uploads\/screenshot_24_o1sk2mc.png","type":"image\/png"}],"author":"user-manager","twitter_card":"summary_large_image","schema":{"@context":"https:\/\/schema.org","@graph":[{"@type":"Article","@id":"https:\/\/www.meydan.tv\/az\/article\/niye-prezidentin-dediyine-emel-etmirler\/#article","isPartOf":{"@id":"https:\/\/www.meydan.tv\/az\/article\/niye-prezidentin-dediyine-emel-etmirler\/"},"author":{"name":"user-manager","@id":"https:\/\/www.meydan.tv\/az\/#\/schema\/person\/10d11eccf6da3662cf5fdab9806ea91a"},"headline":"&#8220;Niy\u0259 prezidentin dediyin\u0259 \u0259m\u0259l etmirl\u0259r?&#8221;","datePublished":"2021-07-23T19:09:22+00:00","mainEntityOfPage":{"@id":"https:\/\/www.meydan.tv\/az\/article\/niye-prezidentin-dediyine-emel-etmirler\/"},"wordCount":198,"publisher":{"@id":"https:\/\/www.meydan.tv\/az\/#organization"},"image":{"@id":"https:\/\/www.meydan.tv\/az\/article\/niye-prezidentin-dediyine-emel-etmirler\/#primaryimage"},"thumbnailUrl":"https:\/\/www.meydan.tv\/wp-content\/uploads\/screenshot_24_o1sk2mc.png","articleSection":["Video"],"inLanguage":"az"},{"@type":"WebPage","@id":"https:\/\/www.meydan.tv\/az\/article\/niye-prezidentin-dediyine-emel-etmirler\/","url":"https:\/\/www.meydan.tv\/az\/article\/niye-prezidentin-dediyine-emel-etmirler\/","name":"\"Niy\u0259 prezidentin dediyin\u0259 \u0259m\u0259l etmirl\u0259r?\" - MEYDAN.TV","isPartOf":{"@id":"https:\/\/www.meydan.tv\/az\/#website"},"primaryImageOfPage":{"@id":"https:\/\/www.meydan.tv\/az\/article\/niye-prezidentin-dediyine-emel-etmirler\/#primaryimage"},"image":{"@id":"https:\/\/www.meydan.tv\/az\/article\/niye-prezidentin-dediyine-emel-etmirler\/#primaryimage"},"thumbnailUrl":"https:\/\/www.meydan.tv\/wp-content\/uploads\/screenshot_24_o1sk2mc.png","datePublished":"2021-07-23T19:09:22+00:00","breadcrumb":{"@id":"https:\/\/www.meydan.tv\/az\/article\/niye-prezidentin-dediyine-emel-etmirler\/#breadcrumb"},"inLanguage":"az","potentialAction":[{"@type":"ReadAction","target":["https:\/\/www.meydan.tv\/az\/article\/niye-prezidentin-dediyine-emel-etmirler\/"]}]},{"@type":"ImageObject","inLanguage":"az","@id":"https:\/\/www.meydan.tv\/az\/article\/niye-prezidentin-dediyine-emel-etmirler\/#primaryimage","url":"https:\/\/www.meydan.tv\/wp-content\/uploads\/screenshot_24_o1sk2mc.png","contentUrl":"https:\/\/www.meydan.tv\/wp-content\/uploads\/screenshot_24_o1sk2mc.png","width":874,"height":492,"caption":"Source: Meydan TV"},{"@type":"BreadcrumbList","@id":"https:\/\/www.meydan.tv\/az\/article\/niye-prezidentin-dediyine-emel-etmirler\/#breadcrumb","itemListElement":[{"@type":"ListItem","position":1,"name":"Ana s\u0259hif\u0259","item":"https:\/\/www.meydan.tv\/az\/"},{"@type":"ListItem","position":2,"name":"Video","item":"https:\/\/www.meydan.tv\/az\/section\/video-2\/"},{"@type":"ListItem","position":3,"name":"&#8220;Niy\u0259 prezidentin dediyin\u0259 \u0259m\u0259l etmirl\u0259r?&#8221;"}]},{"@type":"WebSite","@id":"https:\/\/www.meydan.tv\/az\/#website","url":"https:\/\/www.meydan.tv\/az\/","name":"MEYDAN.TV","description":"Meydan TV Az\u0259rbaycan\u0131n media m\u0259kan\u0131ndak\u0131 alternativ s\u0259sidir","publisher":{"@id":"https:\/\/www.meydan.tv\/az\/#organization"},"potentialAction":[{"@type":"SearchAction","target":{"@type":"EntryPoint","urlTemplate":"https:\/\/www.meydan.tv\/az\/?s={search_term_string}"},"query-input":{"@type":"PropertyValueSpecification","valueRequired":true,"valueName":"search_term_string"}}],"inLanguage":"az"},{"@type":"Organization","@id":"https:\/\/www.meydan.tv\/az\/#organization","name":"Meydan TV","url":"https:\/\/www.meydan.tv\/az\/","logo":{"@type":"ImageObject","inLanguage":"az","@id":"https:\/\/www.meydan.tv\/az\/#\/schema\/logo\/image\/","url":"https:\/\/www.meydan.tv\/wp-content\/uploads\/2021\/07\/meydan-logo.svg","contentUrl":"https:\/\/www.meydan.tv\/wp-content\/uploads\/2021\/07\/meydan-logo.svg","width":195,"height":46,"caption":"Meydan TV"},"image":{"@id":"https:\/\/www.meydan.tv\/az\/#\/schema\/logo\/image\/"}},{"@type":"Person","@id":"https:\/\/www.meydan.tv\/az\/#\/schema\/person\/10d11eccf6da3662cf5fdab9806ea91a","name":"user-manager"}]}},"_links":{"self":[{"href":"https:\/\/www.meydan.tv\/az\/wp-json\/wp\/v2\/posts\/212105","targetHints":{"allow":["GET"]}}],"collection":[{"href":"https:\/\/www.meydan.tv\/az\/wp-json\/wp\/v2\/posts"}],"about":[{"href":"https:\/\/www.meydan.tv\/az\/wp-json\/wp\/v2\/types\/post"}],"author":[{"embeddable":true,"href":"https:\/\/www.meydan.tv\/az\/wp-json\/wp\/v2\/users\/11"}],"replies":[{"embeddable":true,"href":"https:\/\/www.meydan.tv\/az\/wp-json\/wp\/v2\/comments?post=212105"}],"version-history":[{"count":0,"href":"https:\/\/www.meydan.tv\/az\/wp-json\/wp\/v2\/posts\/212105\/revisions"}],"wp:featuredmedia":[{"embeddable":true,"href":"https:\/\/www.meydan.tv\/az\/wp-json\/wp\/v2\/media\/208293"}],"wp:attachment":[{"href":"https:\/\/www.meydan.tv\/az\/wp-json\/wp\/v2\/media?parent=212105"}],"wp:term":[{"taxonomy":"category","embeddable":true,"href":"https:\/\/www.meydan.tv\/az\/wp-json\/wp\/v2\/categories?post=212105"},{"taxonomy":"post_tag","embeddable":true,"href":"https:\/\/www.meydan.tv\/az\/wp-json\/wp\/v2\/tags?post=212105"}],"curies":[{"name":"wp","href":"https:\/\/api.w.org\/{rel}","templated":true}]}}