{"id":212103,"date":"2021-07-23T18:22:30","date_gmt":"2021-07-23T18:22:30","guid":{"rendered":"https:\/\/www.meydan.tv\/article\/teslim-olmayacagiq-mubarizemiz-davam-edecek\/"},"modified":"2021-07-23T18:22:30","modified_gmt":"2021-07-23T18:22:30","slug":"teslim-olmayacagiq-mubarizemiz-davam-edecek","status":"publish","type":"post","link":"https:\/\/www.meydan.tv\/az\/article\/teslim-olmayacagiq-mubarizemiz-davam-edecek\/","title":{"rendered":"&#8220;T\u0259slim olmayaca\u011f\u0131q, m\u00fcbariz\u0259miz davam ed\u0259c\u0259k&#8221;"},"content":{"rendered":"<figure class=\"wp-block-embed is-type-video is-provider-youtube wp-block-embed-youtube wp-embed-aspect-16-9 wp-has-aspect-ratio\">\n<div class=\"wp-block-embed__wrapper\">\n    <iframe\ttitle=\"\"T\u0259slim olmayaca\u011f\u0131q, m\u00fcbariz\u0259miz davam ed\u0259c\u0259k\"\" width=\"1200\" height=\"675\" data-src=\"https:\/\/www.youtube.com\/embed\/5G6q0P5ysIo\"\tframeborder=\"0\"\tallow=\"accelerometer; autoplay; clipboard-write; encrypted-media; gyroscope; picture-in-picture\" allowfullscreen src=\"data:image\/svg+xml;base64,PHN2ZyB3aWR0aD0iMSIgaGVpZ2h0PSIxIiB4bWxucz0iaHR0cDovL3d3dy53My5vcmcvMjAwMC9zdmciPjwvc3ZnPg==\" class=\"lazyload\" data-load-mode=\"1\"><\/iframe>\n  <\/div><figcaption>\n    &#8220;T\u0259slim olmayaca\u011f\u0131q, m\u00fcbariz\u0259miz davam ed\u0259c\u0259k&#8221;<br \/>\n  <\/figcaption><\/figure>\n<p>\n  \u0130yulun 22-d\u0259 bir qrup heyvansev\u0259r yenid\u0259n Toplan Sahibsiz \u0130tl\u0259r\u0259 Qay\u011f\u0131 M\u0259rk\u0259zinin \u00f6n\u00fcnd\u0259 etiraz aksiyas\u0131 ke\u00e7irm\u0259y\u0259 c\u0259hd edib. Onlar\u0131n c\u0259hdinin qar\u015f\u0131s\u0131 polis t\u0259r\u0259find\u0259n al\u0131n\u0131b. \u0130\u015ftirak\u00e7\u0131lar iddia edir ki, sahibsiz heyvanlar  m\u0259rk\u0259z\u0259 g\u0259tiril\u0259r\u0259k orada m\u0259hv edilirl\u0259r. Aksiya i\u015ftirak\u00e7\u0131lar\u0131 m\u0259rk\u0259zin ictimaiyy\u0259t qar\u015f\u0131s\u0131nda \u015f\u0259ffaf  f\u0259aliyy\u0259t aparmas\u0131n\u0131, qap\u0131lar\u0131n\u0131 k\u00f6n\u00fcll\u00fcl\u0259r\u0259 a\u00e7mas\u0131n\u0131, itl\u0259rin aqib\u0259ti haqq\u0131nda onlara m\u0259lumat verm\u0259sini t\u0259l\u0259b edirl\u0259r. Heyvansev\u0259rl\u0259r Toplan Sahibsiz \u0130tl\u0259r\u0259 Qay\u011f\u0131 M\u0259rk\u0259zinin \u00f6n\u00fcnd\u0259n post patrul xidm\u0259ti t\u0259r\u0259find\u0259n 12-ci b\u00f6lm\u0259y\u0259 apar\u0131l\u0131blar.<\/p>\n","protected":false},"excerpt":{"rendered":"<p>\u0130yulun 22-d\u0259 bir qrup heyvansev\u0259r yenid\u0259n Toplan Sahibsiz \u0130tl\u0259r\u0259 Qay\u011f\u0131 M\u0259rk\u0259zinin \u00f6n\u00fcnd\u0259 etiraz aksiyas\u0131 ke\u00e7irm\u0259y\u0259 c\u0259hd edib.<\/p>\n","protected":false},"author":11,"featured_media":208299,"comment_status":"closed","ping_status":"open","sticky":false,"template":"","format":"standard","meta":{"_acf_changed":false,"_sitemap_exclude":false,"_sitemap_priority":"","_sitemap_frequency":"","footnotes":""},"categories":[63],"tags":[],"class_list":["post-212103","post","type-post","status-publish","format-standard","has-post-thumbnail","hentry","category-video-2","infinite-scroll-item","generate-columns","tablet-grid-50","mobile-grid-100","grid-parent","grid-33","no-featured-image-padding"],"acf":[],"yoast_head":"<!-- This site is optimized with the Yoast SEO plugin v27.5 - https:\/\/yoast.com\/product\/yoast-seo-wordpress\/ -->\n<title>&quot;T\u0259slim olmayaca\u011f\u0131q, m\u00fcbariz\u0259miz davam ed\u0259c\u0259k&quot; - MEYDAN.TV<\/title>\n<meta name=\"robots\" content=\"index, follow, max-snippet:-1, max-image-preview:large, max-video-preview:-1\" \/>\n<link rel=\"canonical\" href=\"https:\/\/www.meydan.tv\/az\/article\/teslim-olmayacagiq-mubarizemiz-davam-edecek\/\" \/>\n<meta property=\"og:locale\" content=\"az_AZ\" \/>\n<meta property=\"og:type\" content=\"article\" \/>\n<meta property=\"og:title\" content=\"&quot;T\u0259slim olmayaca\u011f\u0131q, m\u00fcbariz\u0259miz davam ed\u0259c\u0259k&quot; - MEYDAN.TV\" \/>\n<meta property=\"og:description\" content=\"\u0130yulun 22-d\u0259 bir qrup heyvansev\u0259r yenid\u0259n Toplan Sahibsiz \u0130tl\u0259r\u0259 Qay\u011f\u0131 M\u0259rk\u0259zinin \u00f6n\u00fcnd\u0259 etiraz aksiyas\u0131 ke\u00e7irm\u0259y\u0259 c\u0259hd edib.\" \/>\n<meta property=\"og:url\" content=\"https:\/\/www.meydan.tv\/az\/article\/teslim-olmayacagiq-mubarizemiz-davam-edecek\/\" \/>\n<meta property=\"og:site_name\" content=\"MEYDAN.TV\" \/>\n<meta property=\"article:published_time\" content=\"2021-07-23T18:22:30+00:00\" \/>\n<meta property=\"og:image\" content=\"https:\/\/www.meydan.tv\/wp-content\/uploads\/screenshot_25.png\" \/>\n\t<meta property=\"og:image:width\" content=\"1157\" \/>\n\t<meta property=\"og:image:height\" content=\"650\" \/>\n\t<meta property=\"og:image:type\" content=\"image\/png\" \/>\n<meta name=\"author\" content=\"user-manager\" \/>\n<meta name=\"twitter:card\" content=\"summary_large_image\" \/>\n<script type=\"application\/ld+json\" class=\"yoast-schema-graph\">{\"@context\":\"https:\\\/\\\/schema.org\",\"@graph\":[{\"@type\":\"Article\",\"@id\":\"https:\\\/\\\/www.meydan.tv\\\/az\\\/article\\\/teslim-olmayacagiq-mubarizemiz-davam-edecek\\\/#article\",\"isPartOf\":{\"@id\":\"https:\\\/\\\/www.meydan.tv\\\/az\\\/article\\\/teslim-olmayacagiq-mubarizemiz-davam-edecek\\\/\"},\"author\":{\"name\":\"user-manager\",\"@id\":\"https:\\\/\\\/www.meydan.tv\\\/az\\\/#\\\/schema\\\/person\\\/10d11eccf6da3662cf5fdab9806ea91a\"},\"headline\":\"&#8220;T\u0259slim olmayaca\u011f\u0131q, m\u00fcbariz\u0259miz davam ed\u0259c\u0259k&#8221;\",\"datePublished\":\"2021-07-23T18:22:30+00:00\",\"mainEntityOfPage\":{\"@id\":\"https:\\\/\\\/www.meydan.tv\\\/az\\\/article\\\/teslim-olmayacagiq-mubarizemiz-davam-edecek\\\/\"},\"wordCount\":155,\"publisher\":{\"@id\":\"https:\\\/\\\/www.meydan.tv\\\/az\\\/#organization\"},\"image\":{\"@id\":\"https:\\\/\\\/www.meydan.tv\\\/az\\\/article\\\/teslim-olmayacagiq-mubarizemiz-davam-edecek\\\/#primaryimage\"},\"thumbnailUrl\":\"https:\\\/\\\/www.meydan.tv\\\/wp-content\\\/uploads\\\/screenshot_25.png\",\"articleSection\":[\"Video\"],\"inLanguage\":\"az\"},{\"@type\":\"WebPage\",\"@id\":\"https:\\\/\\\/www.meydan.tv\\\/az\\\/article\\\/teslim-olmayacagiq-mubarizemiz-davam-edecek\\\/\",\"url\":\"https:\\\/\\\/www.meydan.tv\\\/az\\\/article\\\/teslim-olmayacagiq-mubarizemiz-davam-edecek\\\/\",\"name\":\"\\\"T\u0259slim olmayaca\u011f\u0131q, m\u00fcbariz\u0259miz davam ed\u0259c\u0259k\\\" - MEYDAN.TV\",\"isPartOf\":{\"@id\":\"https:\\\/\\\/www.meydan.tv\\\/az\\\/#website\"},\"primaryImageOfPage\":{\"@id\":\"https:\\\/\\\/www.meydan.tv\\\/az\\\/article\\\/teslim-olmayacagiq-mubarizemiz-davam-edecek\\\/#primaryimage\"},\"image\":{\"@id\":\"https:\\\/\\\/www.meydan.tv\\\/az\\\/article\\\/teslim-olmayacagiq-mubarizemiz-davam-edecek\\\/#primaryimage\"},\"thumbnailUrl\":\"https:\\\/\\\/www.meydan.tv\\\/wp-content\\\/uploads\\\/screenshot_25.png\",\"datePublished\":\"2021-07-23T18:22:30+00:00\",\"breadcrumb\":{\"@id\":\"https:\\\/\\\/www.meydan.tv\\\/az\\\/article\\\/teslim-olmayacagiq-mubarizemiz-davam-edecek\\\/#breadcrumb\"},\"inLanguage\":\"az\",\"potentialAction\":[{\"@type\":\"ReadAction\",\"target\":[\"https:\\\/\\\/www.meydan.tv\\\/az\\\/article\\\/teslim-olmayacagiq-mubarizemiz-davam-edecek\\\/\"]}]},{\"@type\":\"ImageObject\",\"inLanguage\":\"az\",\"@id\":\"https:\\\/\\\/www.meydan.tv\\\/az\\\/article\\\/teslim-olmayacagiq-mubarizemiz-davam-edecek\\\/#primaryimage\",\"url\":\"https:\\\/\\\/www.meydan.tv\\\/wp-content\\\/uploads\\\/screenshot_25.png\",\"contentUrl\":\"https:\\\/\\\/www.meydan.tv\\\/wp-content\\\/uploads\\\/screenshot_25.png\",\"width\":1157,\"height\":650,\"caption\":\"Source: Meydan TV\"},{\"@type\":\"BreadcrumbList\",\"@id\":\"https:\\\/\\\/www.meydan.tv\\\/az\\\/article\\\/teslim-olmayacagiq-mubarizemiz-davam-edecek\\\/#breadcrumb\",\"itemListElement\":[{\"@type\":\"ListItem\",\"position\":1,\"name\":\"Ana s\u0259hif\u0259\",\"item\":\"https:\\\/\\\/www.meydan.tv\\\/az\\\/\"},{\"@type\":\"ListItem\",\"position\":2,\"name\":\"Video\",\"item\":\"https:\\\/\\\/www.meydan.tv\\\/az\\\/section\\\/video-2\\\/\"},{\"@type\":\"ListItem\",\"position\":3,\"name\":\"&#8220;T\u0259slim olmayaca\u011f\u0131q, m\u00fcbariz\u0259miz davam ed\u0259c\u0259k&#8221;\"}]},{\"@type\":\"WebSite\",\"@id\":\"https:\\\/\\\/www.meydan.tv\\\/az\\\/#website\",\"url\":\"https:\\\/\\\/www.meydan.tv\\\/az\\\/\",\"name\":\"MEYDAN.TV\",\"description\":\"Meydan TV Az\u0259rbaycan\u0131n media m\u0259kan\u0131ndak\u0131 alternativ s\u0259sidir\",\"publisher\":{\"@id\":\"https:\\\/\\\/www.meydan.tv\\\/az\\\/#organization\"},\"potentialAction\":[{\"@type\":\"SearchAction\",\"target\":{\"@type\":\"EntryPoint\",\"urlTemplate\":\"https:\\\/\\\/www.meydan.tv\\\/az\\\/?s={search_term_string}\"},\"query-input\":{\"@type\":\"PropertyValueSpecification\",\"valueRequired\":true,\"valueName\":\"search_term_string\"}}],\"inLanguage\":\"az\"},{\"@type\":\"Organization\",\"@id\":\"https:\\\/\\\/www.meydan.tv\\\/az\\\/#organization\",\"name\":\"Meydan TV\",\"url\":\"https:\\\/\\\/www.meydan.tv\\\/az\\\/\",\"logo\":{\"@type\":\"ImageObject\",\"inLanguage\":\"az\",\"@id\":\"https:\\\/\\\/www.meydan.tv\\\/az\\\/#\\\/schema\\\/logo\\\/image\\\/\",\"url\":\"https:\\\/\\\/www.meydan.tv\\\/wp-content\\\/uploads\\\/2021\\\/07\\\/meydan-logo.svg\",\"contentUrl\":\"https:\\\/\\\/www.meydan.tv\\\/wp-content\\\/uploads\\\/2021\\\/07\\\/meydan-logo.svg\",\"width\":195,\"height\":46,\"caption\":\"Meydan TV\"},\"image\":{\"@id\":\"https:\\\/\\\/www.meydan.tv\\\/az\\\/#\\\/schema\\\/logo\\\/image\\\/\"}},{\"@type\":\"Person\",\"@id\":\"https:\\\/\\\/www.meydan.tv\\\/az\\\/#\\\/schema\\\/person\\\/10d11eccf6da3662cf5fdab9806ea91a\",\"name\":\"user-manager\"}]}<\/script>\n<!-- \/ Yoast SEO plugin. -->","yoast_head_json":{"title":"\"T\u0259slim olmayaca\u011f\u0131q, m\u00fcbariz\u0259miz davam ed\u0259c\u0259k\" - MEYDAN.TV","robots":{"index":"index","follow":"follow","max-snippet":"max-snippet:-1","max-image-preview":"max-image-preview:large","max-video-preview":"max-video-preview:-1"},"canonical":"https:\/\/www.meydan.tv\/az\/article\/teslim-olmayacagiq-mubarizemiz-davam-edecek\/","og_locale":"az_AZ","og_type":"article","og_title":"\"T\u0259slim olmayaca\u011f\u0131q, m\u00fcbariz\u0259miz davam ed\u0259c\u0259k\" - MEYDAN.TV","og_description":"\u0130yulun 22-d\u0259 bir qrup heyvansev\u0259r yenid\u0259n Toplan Sahibsiz \u0130tl\u0259r\u0259 Qay\u011f\u0131 M\u0259rk\u0259zinin \u00f6n\u00fcnd\u0259 etiraz aksiyas\u0131 ke\u00e7irm\u0259y\u0259 c\u0259hd edib.","og_url":"https:\/\/www.meydan.tv\/az\/article\/teslim-olmayacagiq-mubarizemiz-davam-edecek\/","og_site_name":"MEYDAN.TV","article_published_time":"2021-07-23T18:22:30+00:00","og_image":[{"width":1157,"height":650,"url":"https:\/\/www.meydan.tv\/wp-content\/uploads\/screenshot_25.png","type":"image\/png"}],"author":"user-manager","twitter_card":"summary_large_image","schema":{"@context":"https:\/\/schema.org","@graph":[{"@type":"Article","@id":"https:\/\/www.meydan.tv\/az\/article\/teslim-olmayacagiq-mubarizemiz-davam-edecek\/#article","isPartOf":{"@id":"https:\/\/www.meydan.tv\/az\/article\/teslim-olmayacagiq-mubarizemiz-davam-edecek\/"},"author":{"name":"user-manager","@id":"https:\/\/www.meydan.tv\/az\/#\/schema\/person\/10d11eccf6da3662cf5fdab9806ea91a"},"headline":"&#8220;T\u0259slim olmayaca\u011f\u0131q, m\u00fcbariz\u0259miz davam ed\u0259c\u0259k&#8221;","datePublished":"2021-07-23T18:22:30+00:00","mainEntityOfPage":{"@id":"https:\/\/www.meydan.tv\/az\/article\/teslim-olmayacagiq-mubarizemiz-davam-edecek\/"},"wordCount":155,"publisher":{"@id":"https:\/\/www.meydan.tv\/az\/#organization"},"image":{"@id":"https:\/\/www.meydan.tv\/az\/article\/teslim-olmayacagiq-mubarizemiz-davam-edecek\/#primaryimage"},"thumbnailUrl":"https:\/\/www.meydan.tv\/wp-content\/uploads\/screenshot_25.png","articleSection":["Video"],"inLanguage":"az"},{"@type":"WebPage","@id":"https:\/\/www.meydan.tv\/az\/article\/teslim-olmayacagiq-mubarizemiz-davam-edecek\/","url":"https:\/\/www.meydan.tv\/az\/article\/teslim-olmayacagiq-mubarizemiz-davam-edecek\/","name":"\"T\u0259slim olmayaca\u011f\u0131q, m\u00fcbariz\u0259miz davam ed\u0259c\u0259k\" - MEYDAN.TV","isPartOf":{"@id":"https:\/\/www.meydan.tv\/az\/#website"},"primaryImageOfPage":{"@id":"https:\/\/www.meydan.tv\/az\/article\/teslim-olmayacagiq-mubarizemiz-davam-edecek\/#primaryimage"},"image":{"@id":"https:\/\/www.meydan.tv\/az\/article\/teslim-olmayacagiq-mubarizemiz-davam-edecek\/#primaryimage"},"thumbnailUrl":"https:\/\/www.meydan.tv\/wp-content\/uploads\/screenshot_25.png","datePublished":"2021-07-23T18:22:30+00:00","breadcrumb":{"@id":"https:\/\/www.meydan.tv\/az\/article\/teslim-olmayacagiq-mubarizemiz-davam-edecek\/#breadcrumb"},"inLanguage":"az","potentialAction":[{"@type":"ReadAction","target":["https:\/\/www.meydan.tv\/az\/article\/teslim-olmayacagiq-mubarizemiz-davam-edecek\/"]}]},{"@type":"ImageObject","inLanguage":"az","@id":"https:\/\/www.meydan.tv\/az\/article\/teslim-olmayacagiq-mubarizemiz-davam-edecek\/#primaryimage","url":"https:\/\/www.meydan.tv\/wp-content\/uploads\/screenshot_25.png","contentUrl":"https:\/\/www.meydan.tv\/wp-content\/uploads\/screenshot_25.png","width":1157,"height":650,"caption":"Source: Meydan TV"},{"@type":"BreadcrumbList","@id":"https:\/\/www.meydan.tv\/az\/article\/teslim-olmayacagiq-mubarizemiz-davam-edecek\/#breadcrumb","itemListElement":[{"@type":"ListItem","position":1,"name":"Ana s\u0259hif\u0259","item":"https:\/\/www.meydan.tv\/az\/"},{"@type":"ListItem","position":2,"name":"Video","item":"https:\/\/www.meydan.tv\/az\/section\/video-2\/"},{"@type":"ListItem","position":3,"name":"&#8220;T\u0259slim olmayaca\u011f\u0131q, m\u00fcbariz\u0259miz davam ed\u0259c\u0259k&#8221;"}]},{"@type":"WebSite","@id":"https:\/\/www.meydan.tv\/az\/#website","url":"https:\/\/www.meydan.tv\/az\/","name":"MEYDAN.TV","description":"Meydan TV Az\u0259rbaycan\u0131n media m\u0259kan\u0131ndak\u0131 alternativ s\u0259sidir","publisher":{"@id":"https:\/\/www.meydan.tv\/az\/#organization"},"potentialAction":[{"@type":"SearchAction","target":{"@type":"EntryPoint","urlTemplate":"https:\/\/www.meydan.tv\/az\/?s={search_term_string}"},"query-input":{"@type":"PropertyValueSpecification","valueRequired":true,"valueName":"search_term_string"}}],"inLanguage":"az"},{"@type":"Organization","@id":"https:\/\/www.meydan.tv\/az\/#organization","name":"Meydan TV","url":"https:\/\/www.meydan.tv\/az\/","logo":{"@type":"ImageObject","inLanguage":"az","@id":"https:\/\/www.meydan.tv\/az\/#\/schema\/logo\/image\/","url":"https:\/\/www.meydan.tv\/wp-content\/uploads\/2021\/07\/meydan-logo.svg","contentUrl":"https:\/\/www.meydan.tv\/wp-content\/uploads\/2021\/07\/meydan-logo.svg","width":195,"height":46,"caption":"Meydan TV"},"image":{"@id":"https:\/\/www.meydan.tv\/az\/#\/schema\/logo\/image\/"}},{"@type":"Person","@id":"https:\/\/www.meydan.tv\/az\/#\/schema\/person\/10d11eccf6da3662cf5fdab9806ea91a","name":"user-manager"}]}},"_links":{"self":[{"href":"https:\/\/www.meydan.tv\/az\/wp-json\/wp\/v2\/posts\/212103","targetHints":{"allow":["GET"]}}],"collection":[{"href":"https:\/\/www.meydan.tv\/az\/wp-json\/wp\/v2\/posts"}],"about":[{"href":"https:\/\/www.meydan.tv\/az\/wp-json\/wp\/v2\/types\/post"}],"author":[{"embeddable":true,"href":"https:\/\/www.meydan.tv\/az\/wp-json\/wp\/v2\/users\/11"}],"replies":[{"embeddable":true,"href":"https:\/\/www.meydan.tv\/az\/wp-json\/wp\/v2\/comments?post=212103"}],"version-history":[{"count":0,"href":"https:\/\/www.meydan.tv\/az\/wp-json\/wp\/v2\/posts\/212103\/revisions"}],"wp:featuredmedia":[{"embeddable":true,"href":"https:\/\/www.meydan.tv\/az\/wp-json\/wp\/v2\/media\/208299"}],"wp:attachment":[{"href":"https:\/\/www.meydan.tv\/az\/wp-json\/wp\/v2\/media?parent=212103"}],"wp:term":[{"taxonomy":"category","embeddable":true,"href":"https:\/\/www.meydan.tv\/az\/wp-json\/wp\/v2\/categories?post=212103"},{"taxonomy":"post_tag","embeddable":true,"href":"https:\/\/www.meydan.tv\/az\/wp-json\/wp\/v2\/tags?post=212103"}],"curies":[{"name":"wp","href":"https:\/\/api.w.org\/{rel}","templated":true}]}}