{"id":212100,"date":"2021-07-23T18:09:48","date_gmt":"2021-07-23T18:09:48","guid":{"rendered":"https:\/\/www.meydan.tv\/article\/mehman-eliyev-azerbaycan-mediasini-qara-kassalardan-maliyyelesdirirler\/"},"modified":"2021-07-23T18:09:48","modified_gmt":"2021-07-23T18:09:48","slug":"mehman-eliyev-azerbaycan-mediasini-qara-kassalardan-maliyyelesdirirler","status":"publish","type":"post","link":"https:\/\/www.meydan.tv\/az\/article\/mehman-eliyev-azerbaycan-mediasini-qara-kassalardan-maliyyelesdirirler\/","title":{"rendered":"Mehman \u018fliyev: Az\u0259rbaycan medias\u0131n\u0131 \u201cqara kassalar\u201ddan maliyy\u0259l\u0259\u015fdirirl\u0259r"},"content":{"rendered":"<figure class=\"wp-block-embed is-type-video is-provider-youtube wp-block-embed-youtube wp-embed-aspect-16-9 wp-has-aspect-ratio\">\n<div class=\"wp-block-embed__wrapper\">\n    <iframe\ttitle=\"Mehman \u018fliyev: Az\u0259rbaycan medias\u0131n\u0131 \u201cqara kassalar\u201ddan maliyy\u0259l\u0259\u015fdirirl\u0259r\" width=\"1200\" height=\"675\" data-src=\"https:\/\/www.youtube.com\/embed\/MRaXhtOPqQk\"\tframeborder=\"0\"\tallow=\"accelerometer; autoplay; clipboard-write; encrypted-media; gyroscope; picture-in-picture\" allowfullscreen src=\"data:image\/svg+xml;base64,PHN2ZyB3aWR0aD0iMSIgaGVpZ2h0PSIxIiB4bWxucz0iaHR0cDovL3d3dy53My5vcmcvMjAwMC9zdmciPjwvc3ZnPg==\" class=\"lazyload\" data-load-mode=\"1\"><\/iframe>\n  <\/div><figcaption>\n    Mehman \u018fliyev: Az\u0259rbaycan medias\u0131n\u0131 \u201cqara kassalar\u201ddan maliyy\u0259l\u0259\u015fdirirl\u0259r<br \/>\n  <\/figcaption><\/figure>\n<p>\n  22 iyul Az\u0259rbaycanda Milli M\u0259tbuat G\u00fcn\u00fcd\u00fcr. Bu il m\u0259tbuat\u0131n yaranmas\u0131n\u0131n 146-c\u0131 ild\u00f6n\u00fcm\u00fcd\u00fcr. Bu m\u00fcnasib\u0259tl\u0259 \u201cTuran\u201d \u0130nformasiya Agentliyinin direktoru Mehman \u018fliyev Meydan TV-nin suallar\u0131n\u0131 cavabland\u0131r\u0131b.\n<\/p>\n<ul>\n<li>\n    Mehman b\u0259y, h\u0259l\u0259 2018-ci ilin 22 iyulunda \u201cAltun\u201d saray\u0131nda ke\u00e7iril\u0259n t\u0259dbird\u0259 d\u00f6vl\u0259t ba\u015f\u00e7\u0131s\u0131n\u0131n k\u00f6m\u0259k\u00e7isi \u018fli H\u0259s\u0259nov deyirdi ki, Az\u0259rbaycan medias\u0131 d\u00fcnya s\u0259viyy\u0259sin\u0259 qalx\u0131b. Ox\u015far a\u00e7\u0131qlama bug\u00fcnl\u0259rd\u0259 ADA-da\u00a0 M\u0259tbuat G\u00fcn\u00fc il\u0259 ba\u011fl\u0131 t\u0259dbird\u0259 d\u0259 s\u0259sl\u0259ndi. \u00d6t\u0259n 3 ild\u0259 \u018fli H\u0259s\u0259nov v\u0259zif\u0259sind\u0259n k\u0259narla\u015fd\u0131r\u0131ld\u0131, V\u00fcqar S\u0259f\u0259rli h\u0259bs olundu, onun s\u0259dri oldu\u011fu fondun \u0259sas\u0131nda yeni agentlik yarand\u0131. Bu prizmadan yana\u015fd\u0131qda Az\u0259rbaycan m\u0259tbuat\u0131nda hans\u0131 d\u0259yi\u015fiklikl\u0259r olub?\n  <\/li>\n<\/ul>\n<p>\n  \u00a0\u00a0\u00a0\u00a0\u00a0\u00a0Onlar\u0131n dediyi beyn\u0259lxalq s\u0259viyy\u0259y\u0259 bax\u0131r hans\u0131 t\u0259r\u0259fd\u0259n yana\u015f\u0131rsan. Haz\u0131rda Az\u0259rbaycan s\u00f6z azadl\u0131\u011f\u0131 indeksin\u0259 g\u00f6r\u0259 beyn\u0259lxalq s\u0259viyy\u0259d\u0259 168-ci yerd\u0259dir. \u018fslind\u0259, layiqli yerdir. \u00c7\u00fcnki hakimiyy\u0259tin uzun ill\u0259rdir apard\u0131\u011f\u0131 siyas\u0259t ona y\u00f6n\u0259lirdi ki, Az\u0259rbaycan bu s\u0131ralarda olsun.\u00a0 Onsuz da b\u00fct\u00fcn g\u00f6st\u0259rcil\u0259r\u0259 g\u00f6r\u0259 \u201c\u00f6nd\u0259yik\u201d &#8211; korrupsiya v\u0259 s. Y\u0259ni n\u00f6qsanl\u0131 n\u0259 varsa, beyn\u0259lxalq standartlara m\u0259nfi n\u00f6qteyi-n\u0259z\u0259rd\u0259n, ham\u0131s\u0131na cavab veririk. Az\u0259rbaycan m\u0259tbuat\u0131 o g\u00fcnd\u0259dir ki, \u00e7ap m\u0259tbuat\u0131 \u00f6l\u00fcb, onu s\u00fcni \u015f\u0259kild\u0259 \u00f6ld\u00fcr\u00fcbl\u0259r, t\u0259kam\u00fcl yoluyla meydandan \u00e7\u0131xmay\u0131b. Apar\u0131lan s\u0259hv siyas\u0259t n\u0259tic\u0259sind\u0259 \u00e7ap media bir institut kimi art\u0131q yoxdur. H\u00fcquq\u015f\u00fcnas \u018fl\u0259sg\u0259r M\u0259mm\u0259dli il\u0259 birg\u0259 bug\u00fcnl\u0259rd\u0259 Median\u0131n \u0130nki\u015faf\u0131 Agentliyinin icra\u00e7\u0131 direktoru \u018fhm\u0259d \u0130smay\u0131lovla g\u00f6r\u00fc\u015fd\u00fck. O dedi ki, g\u0259l\u0259c\u0259kd\u0259 ayr\u0131lan v\u0259sait \u00e7ap median\u0131 elektron v\u0259ziyy\u0259t\u0259 ke\u00e7irm\u0259y\u0259 y\u00f6n\u0259lib. Art\u0131q \u00f6zl\u0259ri d\u0259 ba\u015fa d\u00fc\u015f\u00fcrl\u0259r ki, \u00e7ap median\u0131 b\u0259rpa etm\u0259k m\u0259nas\u0131zd\u0131r. \u018fslind\u0259, m\u00fcmk\u00fcnd\u00fcr, amma m\u0259nas\u0131zd\u0131r. Geriy\u0259 getm\u0259k n\u0259y\u0259 laz\u0131md\u0131r? Median\u0131n durumu bar\u0259d\u0259 yax\u0131n g\u00fcnl\u0259rd\u0259 ki\u00e7ik t\u0259dqiqat yazd\u0131m, iqtisadi v\u0259 reklam bazar\u0131n\u0131n v\u0259ziyy\u0259ti a\u011f\u0131r olaraq qal\u0131r, yax\u015f\u0131l\u0131\u011fa do\u011fru he\u00e7 n\u0259 ba\u015f vermir. D\u00f6vl\u0259t Statistika Komit\u0259sinin m\u0259lumat\u0131na g\u00f6r\u0259 ild\u0259 b\u00fct\u00fcn mediaya 12 milyon manata yax\u0131n ayr\u0131l\u0131r, onun 90 faizi televiziyalara d\u00fc\u015f\u00fcr, bu, median\u0131n hans\u0131 v\u0259ziyy\u0259td\u0259 oldu\u011funu g\u00f6st\u0259rir. Bel\u0259likl\u0259, Az\u0259rbaycan medias\u0131n\u0131 bu g\u00fcn \u201cqara kassalar\u201ddan, korrupsioner pullardan\u00a0 maliyy\u0259l\u0259\u015fdirirl\u0259r. Bel\u0259likl\u0259, media kifay\u0259t q\u0259d\u0259r \u00e7ox pis durumdad\u0131r. M\u0259s\u0259l\u0259 ondad\u0131r ki, 90-c\u0131 ill\u0259rd\u0259 media r\u0259qab\u0259t \u0259sas\u0131nda yarand\u0131, inki\u015faf etdi, g\u00fccl\u0259ndi, keyfiyy\u0259tini art\u0131rd\u0131. Ancaq s\u00fcni media da var, hans\u0131 ki, he\u00e7 bir r\u0259qab\u0259t yoxdur, pulunu verib sifari\u015f edirl\u0259r. Bura qeyri-sa\u011flam insanlar\u0131n ax\u0131n\u0131 \u00e7ox b\u00f6y\u00fckd\u00fcr. N\u0259tic\u0259d\u0259 qeyri-sa\u011flam m\u00fcnasib\u0259tl\u0259r h\u0259min mediada at oynad\u0131r, bu, real v\u0259ziyy\u0259tdir. Ancaq hakimiyy\u0259t \u00f6z\u00fc d\u0259 bu durumdan narahatd\u0131r. O m\u0259nada ki, media bir t\u0259r\u0259fd\u0259n t\u0259sirini itirib, hakimiyy\u0259tin ist\u0259diyi kimi ictimai r\u0259y\u0259 t\u0259sir ed\u0259 bilmir, keyfiyy\u0259t d\u00fc\u015f\u00fcb. Art\u0131q ba\u015fa d\u00fc\u015f\u00fcrl\u0259r ki, bu q\u0259d\u0259r v\u0259saitin x\u0259rcl\u0259nm\u0259si s\u0259m\u0259r\u0259sizdir. Ona g\u00f6r\u0259 d\u0259 hakimiyy\u0259td\u0259 bir s\u0131ra suallar var; n\u0259 etm\u0259k, hans\u0131 yolu getm\u0259k, v\u0259ziyy\u0259ti nec\u0259 d\u00fcz\u0259ltm\u0259k? \u018fslind\u0259, hakimiyy\u0259t ist\u0259yir ki, media i\u015fl\u0259sin, ictimai r\u0259y\u0259 t\u0259siri qals\u0131n, amma \u00f6z\u00fcn\u00fcn ist\u0259diyi kimi. Y\u0259ni hakimiyy\u0259tin m\u00f6vqeyini ifad\u0259 ed\u0259n media olsun.\n<\/p>\n<ul>\n<li>\n    Bildiyim q\u0259d\u0259ri il\u0259 siz v\u0259 \u018fl\u0259sg\u0259r M\u0259mm\u0259dli \u018fhm\u0259d \u0130smay\u0131lovla g\u00f6r\u00fc\u015fm\u00fcs\u00fcn\u00fcz, raz\u0131 qald\u0131n\u0131zm\u0131 s\u00f6hb\u0259td\u0259n?\n  <\/li>\n<\/ul>\n<p>\n  \u00a0\u00a0\u00a0\u00a0\u00a0\u00a0Xeyr, \u00e7\u00fcnki xeyli suallar qald\u0131. Bir \u015feyi ba\u015fa d\u00fc\u015fd\u00fck ki, media haqq\u0131nda qanunun haz\u0131rlanmas\u0131 qapal\u0131 \u015f\u0259kild\u0259 apar\u0131l\u0131b v\u0259 bununla ba\u011fl\u0131 m\u00fczakir\u0259l\u0259rin getm\u0259si bar\u0259d\u0259 deyil\u0259nl\u0259r\u0259 d\u0259 inanm\u0131ram.\n<\/p>\n<ul>\n<li>\n    \u018fhm\u0259d \u0130smay\u0131lov APA-n\u0131n kollektivi il\u0259 g\u00f6r\u00fc\u015f\u00fcb v\u0259 x\u0259b\u0259r yay\u0131ld\u0131 ki, layih\u0259 m\u00fczakir\u0259 olunub&#8230;\n  <\/li>\n<\/ul>\n<p>\n  \u00a0\u00a0\u00a0\u00a0\u00a0\u00a0Biziml\u0259 d\u0259 g\u00f6r\u00fc\u015f\u00fcb, m\u00fczakir\u0259 olub, amma qanun layih\u0259sini g\u00f6rm\u0259mi\u015fik. APA-n\u0131n i\u015f\u00e7il\u0259rind\u0259n soru\u015fun g\u00f6r\u0259k onlar qanunu g\u00f6r\u00fcbl\u0259rmi? \u018fg\u0259r layih\u0259 kollektivd\u0259 m\u00fczakir\u0259 olunubsa, dem\u0259li, onlar qanunla tan\u0131\u015f olmal\u0131d\u0131r. \u0130ndi soru\u015fun g\u00f6r\u0259k, layih\u0259ni g\u00f6r\u00fcbl\u0259rmi, sizi n\u0259 narahat edir, layih\u0259 n\u0259d\u0259n ibar\u0259tdir, n\u0259l\u0259r qane edir, yaxud etmir&#8230;?\n<\/p>\n<ul>\n<li>\n    Onlar deyirl\u0259r ki, \u018fhm\u0259d \u0130smay\u0131lovun suallar\u0131m\u0131za cavablar\u0131ndan raz\u0131y\u0131q&#8230;\n  <\/li>\n<\/ul>\n<p>\n  \u00a0\u00a0\u00a0\u00a0\u00a0\u00a0M\u0259n yen\u0259 deyir\u0259m, m\u00fczakir\u0259 predmetli \u015f\u0259kild\u0259 apar\u0131lmal\u0131d\u0131r, y\u0259ni layih\u0259 ortada olmal\u0131d\u0131r, onu oxuyub t\u0259hlil etm\u0259lis\u0259n, sonra fikrini bildirm\u0259lis\u0259n. Ba\u015fqa c\u00fcr olmur.\n<\/p>\n<ul>\n<li>\n    M\u0259s\u0259l\u0259 ondad\u0131r ki, h\u00fcquq\u015f\u00fcnas \u018fl\u0259sg\u0259r M\u0259mm\u0259dli \u018fhm\u0259d \u0130smay\u0131lovla s\u00f6hb\u0259td\u0259n raz\u0131 qal\u0131b, ancaq siz \u0259ksini deyirsiniz, bunu nec\u0259 anlayaq?\n  <\/li>\n<\/ul>\n<p>\n  \u00a0\u00a0\u00a0\u00a0\u00a0\u00a0O m\u0259nada raz\u0131 qalm\u0131ram ki, s\u00f6hb\u0259tin \u0259vv\u0259lind\u0259 v\u0259 sonunda m\u0259n o layih\u0259ni g\u00f6rm\u0259dim. O, bizi m\u00fczakir\u0259y\u0259 d\u0259v\u0259t etmi\u015fdi. N\u0259yi m\u00fczakir\u0259 etdik? Qanun layih\u0259sini g\u00f6rm\u0259dim v\u0259 indiy\u0259 q\u0259d\u0259r d\u0259 g\u00f6rm\u0259mi\u015f\u0259m, vermirl\u0259r. Bu, onu g\u00f6st\u0259rir ki, hakimiyy\u0259t formal olaraq m\u00fczakir\u0259l\u0259rin apar\u0131ld\u0131\u011f\u0131 g\u00f6r\u00fcnt\u00fcs\u00fcn\u00fc yarad\u0131r, media da d\u0259st\u0259k verir. Bu da xarici t\u0259\u015fkilatlara hesablan\u0131r ki, g\u00f6r\u00fcrs\u00fcn\u00fcz, bizd\u0259 m\u00fczakir\u0259 gedir v\u0259 d\u0259st\u0259k d\u0259 var.\n<\/p>\n<ul>\n<li>\n    B\u0259s siz onunla n\u0259yi m\u00fczakir\u0259 etdiniz?\n  <\/li>\n<\/ul>\n<p>\n  \u00a0\u00a0\u00a0\u00a0\u00a0\u00a0Median\u0131n \u00fcmumi v\u0259ziyy\u0259tini v\u0259 apar\u0131lan siyas\u0259t bizi hara g\u0259tirib \u00e7\u0131xar\u0131b. Eyni zamanda, qanun layih\u0259sind\u0259n s\u00f6z d\u00fc\u015f\u0259nd\u0259 \u018fhm\u0259d \u0130smay\u0131lov vahid reyestrin, vahid v\u0259siq\u0259nin yarad\u0131lams\u0131na nec\u0259 m\u00fcnasib\u0259t b\u0259sl\u0259m\u0259mizi soru\u015fub, bu tipli sohb\u0259t olub. \u0130kinci vacib m\u0259s\u0259l\u0259 mediaya iqtisadi yard\u0131m m\u00fczakir\u0259 olunanda m\u0259n dedim ki, siz K\u0130V-\u0259 Yard\u0131m Fondunun x\u0259ttini davam etdirirsiniz, indiy\u0259 q\u0259d\u0259r v\u0259sait ayr\u0131lsa da, media daha da pis v\u0259ziyy\u0259t\u0259 d\u00fc\u015f\u00fcb. \u018fslind\u0259, m\u0259n \u0259vv\u0259ld\u0259n bu siyas\u0259tin \u0259leyhin\u0259 \u00e7\u0131xm\u0131\u015fam. H\u0259tta fondun \u0130dar\u0259 Hey\u0259tinin \u00fczv\u00fc olmaq t\u0259klifini d\u0259 etmi\u015fdil\u0259r, \u015f\u0259rt qoydum ki, azad, \u0259dal\u0259tli, keyfiyy\u0259tli v\u0259 m\u0259suliyy\u0259tli media yaran\u0131rsa, haz\u0131ram, \u0259ks t\u0259qdird\u0259, i\u015ftirak etmir\u0259m. M\u0259n jurnalistl\u0259r\u0259 m\u0259nzil verilm\u0259sinin, pullar\u0131n ayr\u0131lmas\u0131n\u0131n \u0259leyhin\u0259 idim, mediaya \u015f\u0259rait yarad\u0131lmal\u0131d\u0131r ki, jurnalistl\u0259r \u00f6zl\u0259ri pul qazan\u0131b varlans\u0131n, ma\u015f\u0131n da, ev d\u0259 als\u0131nlar.\n<\/p>\n<ul>\n<li>\n    Dan\u0131\u015f\u0131qlar\u0131n\u0131z\u0131 \u018fhm\u0259d \u0130smay\u0131lova dey\u0259nd\u0259n sonra reaksiyas\u0131 nec\u0259 oldu?\n  <\/li>\n<\/ul>\n<p>\n  \u00a0\u00a0\u00a0\u00a0\u00a0\u00a0Dedi ki, bu bar\u0259d\u0259 d\u00fc\u015f\u00fcn\u00fcrl\u0259r, indi v\u0259saiti m\u00fcv\u0259qq\u0259ti veribl\u0259r, \u00e7\u00fcnki bu, \u00e7ap mediadan elektron mediaya ke\u00e7iddir, g\u0259l\u0259c\u0259kd\u0259 ba\u015fqa c\u00fcr olacaq. Amma nec\u0259 olaca\u011f\u0131n\u0131 m\u0259n bilmir\u0259m, fakt odur ki, m\u00fcv\u0259qq\u0259ti add\u0131m oldu\u011funu s\u00f6yl\u0259di. M\u0259n yen\u0259 d\u0259 mediaya \u015f\u0259raitin yarad\u0131lmas\u0131n\u0131n t\u0259r\u0259fdar\u0131yam.\n<\/p>\n<ul>\n<li>\n    Sizc\u0259, qanun layih\u0259sinin m\u00fczakir\u0259si niy\u0259 gizli apar\u0131l\u0131r, m\u0259qs\u0259d n\u0259dir?\n  <\/li>\n<\/ul>\n<p>\n  \u00a0\u00a0\u00a0\u00a0\u00a0\u00a0\u018fvv\u0259la, bir m\u0259s\u0259l\u0259y\u0259 diqq\u0259tinizi y\u00f6n\u0259ldim, Median\u0131n \u0130nki\u015faf\u0131 Agentliyi yarananda prezidentin f\u0259rman\u0131 oldu v\u0259 \u0259sasnam\u0259 t\u0259sdiql\u0259ndi. H\u0259min s\u0259n\u0259dd\u0259 s\u00f6z azadl\u0131\u011f\u0131 v\u0259 median\u0131n m\u00fcst\u0259qilliyi ifad\u0259l\u0259ri \u00e7\u0131xar\u0131l\u0131b, daha \u00e7ox texniki m\u0259s\u0259l\u0259l\u0259r qabard\u0131l\u0131b. Bu, geriya at\u0131lan add\u0131md\u0131r. M\u0259g\u0259r, median\u0131n problemi texnikidir? Xeyr, problem median\u0131n pe\u015f\u0259 \u0259xlaq\u0131 normalar\u0131na riay\u0259t olunmamas\u0131d\u0131r. Hakimiyy\u0259tin maliyy\u0259l\u0259\u015fdirdiyi media orqanlar\u0131 pe\u015f\u0259 qaydalar\u0131n\u0131 kobud \u015f\u0259kild\u0259 pozurlar. \u018fhm\u0259d \u0130smay\u0131lova da dedim ki, bu q\u0259d\u0259r v\u0259sait ay\u0131rmaqla, qanun pozuntular\u0131na d\u0259st\u0259k verirsiniz. Ona g\u00f6r\u0259 v\u0259saitl\u0259rin ayr\u0131lmas\u0131ndan \u0259vv\u0259l monitorinq apar\u0131lmal\u0131yd\u0131, pe\u015f\u0259 normalar\u0131na \u0259m\u0259l etm\u0259y\u0259n media qurumlar\u0131na he\u00e7 bir d\u0259st\u0259k verilm\u0259m\u0259liydi, m\u00fcnasib\u0259t ba\u015fqa c\u00fcr olmal\u0131yd\u0131.\n<\/p>\n<ul>\n<li>\n    \u00dcmumiyy\u0259tl\u0259, \u201cMedia haqq\u0131nda\u201d qanunun yenil\u0259nm\u0259sin\u0259 ehtiyac varm\u0131?\n  <\/li>\n<\/ul>\n<p>\n  \u00a0\u00a0\u00a0\u00a0\u00a0\u00a0Bug\u00fcnk\u00fc g\u00fcnd\u0259 informasiya c\u0259miyy\u0259ti, informasiya istehsal\u00e7\u0131lar\u0131 v\u0259 K\u0130V hardad\u0131rlar, hans\u0131 \u015f\u0259raitd\u0259dir, Az\u0259rbaycan\u0131n da o c\u00fcml\u0259d\u0259n, probleml\u0259ri n\u0259d\u0259n ibar\u0259tdir? Biz bug\u00fcnk\u00fc g\u00fcnd\u0259n dan\u0131\u015f\u0131r\u0131qsa, d\u00fcnyada informasiya m\u0259kan\u0131 \u00e7evik \u015f\u0259kild\u0259 d\u0259yi\u015fir, biz is\u0259 xeyli gerid\u0259 qal\u0131r\u0131q. V\u0259ziyy\u0259t\u0259 uy\u011funla\u015fmal\u0131y\u0131q, ona g\u00f6r\u0259 n\u0259s\u0259 haz\u0131rlayanda, 5-6 add\u0131m \u00f6n\u0259 baxmal\u0131y\u0131q. Birinci n\u00f6vb\u0259d\u0259 informasiya c\u0259miyy\u0259tinin inki\u015faf\u0131 konsepsiyas\u0131 olmal\u0131d\u0131r. \u0130kinci, konsepsiya b\u00fct\u00fcn sferalar\u0131 \u0259hat\u0259 ets\u0259 d\u0259, h\u0259r sfera \u00fczr\u0259 proqramlar olmal\u0131d\u0131r, junalistika yarad\u0131c\u0131l\u0131\u011f\u0131 b\u00f6y\u00fck problem olaraq qal\u0131r, qanunvericilik, t\u0259hl\u00fck\u0259sizlik, informasiya t\u0259hl\u00fck\u0259sizliyi, d\u00f6vl\u0259t v\u0259 media, c\u0259miyy\u0259t v\u0259 media m\u00fcnasib\u0259tl\u0259ri nec\u0259 t\u0259nziml\u0259nm\u0259lidir, bu suallar h\u0259l\u0259 a\u00e7\u0131q qal\u0131r. Bax, bunlar\u0131n \u00e7\u0259r\u00e7iv\u0259sind\u0259 qanun laz\u0131md\u0131r.\n<\/p>\n<ul>\n<li>\n    \u018fvv\u0259lki qanundak\u0131 m\u00fcdd\u0259alara uy\u011fun media m\u00fchiti vard\u0131m\u0131?\n  <\/li>\n<\/ul>\n<p>\n  \u00a0\u00a0\u00a0\u00a0\u00a0\u00a0\u018fslind\u0259, bizd\u0259 qanunlar var, b\u0259s jurnalistl\u0259r h\u0259min qanunlar\u0131 oxuyubmu? Jurnalistl\u0259rin 80-90 faizi qanunlar\u0131 oxumay\u0131b, x\u0259b\u0259rl\u0259ri yoxdur, amma f\u0259aliyy\u0259t g\u00f6st\u0259rirl\u0259r. Jurnalistl\u0259rd\u0259n soru\u015fun, pe\u015f\u0259 normalar\u0131n\u0131 bilirl\u0259rmi, 4 prinsipin ad\u0131n\u0131 \u00e7\u0259ksinl\u0259r, bilm\u0259y\u0259c\u0259kl\u0259r. Bu, o dem\u0259kdir ki, jurnalistl\u0259r qanun \u00e7\u0259r\u00e7iv\u0259sind\u0259 f\u0259aliyy\u0259t g\u00f6st\u0259rmirl\u0259r, formald\u0131r. \u018fg\u0259r hakimiyy\u0259t jurnalistl\u0259ri yalan dan\u0131\u015fma\u011fa, insanlar\u0131 aldatma\u011fa, \u00e7a\u015fd\u0131rma\u011fa, t\u0259hqir etm\u0259y\u0259 m\u0259cbur edirs\u0259, buna g\u00f6r\u0259 pul verirs\u0259, o zaman qanun n\u0259y\u0259 laz\u0131md\u0131r? Kim\u0259 laz\u0131md\u0131r bel\u0259 qanun? A\u00e7\u0131n televiziya kanallar\u0131n\u0131, niy\u0259 insanlar baxm\u0131rlar? \u018fhm\u0259d \u0130smay\u0131lovla s\u00f6hb\u0259td\u0259 televiziya auditoriyas\u0131na bax\u0131\u015f\u0131n 25 faiz oldu\u011funu s\u00f6yl\u0259y\u0259nd\u0259, \u018fl\u0259sg\u0259r M\u0259mm\u0259dli 9 faiz\u0259 endiyini dedi. Bizim evd\u0259 kanallara baxan yoxdur, ham\u0131 \u201cYoutube\u201d bax\u0131r. \u0130nsanlar art\u0131q n\u0259y\u0259 baxaca\u011f\u0131\u0131n\u0131 \u00f6zl\u0259ri se\u00e7ir. Sual yaran\u0131r, niy\u0259 televiziyalara baxm\u0131rlar? \u00c7\u00fcnki bu g\u00fcn c\u0259miyy\u0259ti aldatmaq m\u00fcmk\u00fcn deyil. C\u0259miyy\u0259t balans, d\u00fczg\u00fcnl\u00fck, obyektivlik, pl\u00fcralizm axtar\u0131r. Tarif \u015euras\u0131 qiym\u0259ti qald\u0131randa, ictimaiyy\u0259t bilm\u0259k ist\u0259yir ki, q\u0259rar \u0259sasl\u0131d\u0131r, yoxsa \u0259sass\u0131zd\u0131r. Amma hakimiyy\u0259tin maliyy\u0259l\u0259\u015fdirdiyi media bunlar\u0131 ver\u0259 bilmir. Ona g\u00f6r\u0259 d\u0259 c\u0259miyy\u0259tl\u0259 d\u00f6vl\u0259t aras\u0131nda b\u00f6hran yaran\u0131b. \u0130nformasiya c\u0259miyy\u0259ti d\u00f6vl\u0259tin t\u0259qdim etdiyi mediadan laz\u0131m\u0131 q\u0259d\u0259r b\u0259hr\u0259l\u0259n\u0259 bilmir, bu m\u0259nada \u00f6z\u00fc axtar\u0131r v\u0259 payla\u015f\u0131r. Siz indi bunlar\u0131 nec\u0259 idar\u0259 etm\u0259k ist\u0259yirsiniz? \u0130st\u0259yirsiniz ki, cilovlayas\u0131n\u0131z, insanlar dan\u0131\u015fmas\u0131n, m\u00fcbadil\u0259 aparmas\u0131n, n\u0259 etm\u0259k ist\u0259yirsiniz? M\u0259nim \u00fc\u00e7\u00fcn ayd\u0131nd\u0131r, qanun bar\u0259d\u0259 informasiya al\u0131ram, s\u00f6hb\u0259t ondan gedir ki, \u018fhm\u0259d \u0130smay\u0131lovla a\u00e7\u0131q, predmetli dan\u0131\u015f\u0131q olmay\u0131b. Ondan sonra da qanun layih\u0259sini g\u00f6nd\u0259rm\u0259yibl\u0259r. M\u0259n s\u0259n\u0259din ictimai m\u00fczakir\u0259y\u0259 \u00e7\u0131xar\u0131lmas\u0131n\u0131 s\u00f6yl\u0259dim,\u00a0 o, normativ orqana verdiyini, agentliyin is\u0259 m\u00fczakir\u0259l\u0259ri t\u0259\u015fkil etdiyini dedi. Yenid\u0259n normativ orqana qaytaracaqlar, ordan da Milli M\u0259clis\u0259. Niy\u0259 dolay\u0131 yolla gedirik, olmazm\u0131 birba\u015fa c\u0259miyy\u0259t\u0259 t\u0259qdim etsinl\u0259r? Qoy m\u00fczakir\u0259d\u0259n ke\u00e7sin, n\u0259tic\u0259d\u0259 \u0130\u015f\u00e7i Qrupu b\u00fct\u00fcn t\u0259klifl\u0259ri, iradlar\u0131 s\u0259sl\u0259ndirsin, sonra parlament\u0259 g\u00f6nd\u0259rilsin, bunu da dedim. Ancaq qanunverici orqanda da ekspertl\u0259rin i\u015ftirak\u0131 t\u0259\u015fkil olunsun, deputatlar\u0131n ham\u0131s\u0131 o sah\u0259d\u0259 biliklidirl\u0259rmi?! \u018fslind\u0259, qanunun haz\u0131rlanmas\u0131nda normal ekspertl\u0259r i\u015ftirak em\u0259lidir, h\u0259r istiqam\u0259t \u00fczr\u0259. N\u0259hay\u0259t, qanun median\u0131n v\u0259 informasiya c\u0259miyy\u0259tinin f\u0259aliyy\u0259tini m\u0259hdudla\u015fd\u0131rmamal\u0131d\u0131r, daha da yol a\u00e7mal\u0131d\u0131r ki, sa\u011flam inki\u015faf getsin.<\/p>\n","protected":false},"excerpt":{"rendered":"<p>\u201c\u018fhm\u0259d \u0130smay\u0131lova dedim ki, bu q\u0259d\u0259r v\u0259sait ay\u0131rmaqla, qanun pozuntular\u0131na d\u0259st\u0259k verirsiniz\u201d<\/p>\n","protected":false},"author":11,"featured_media":208290,"comment_status":"closed","ping_status":"open","sticky":false,"template":"","format":"standard","meta":{"_acf_changed":false,"_sitemap_exclude":false,"_sitemap_priority":"","_sitemap_frequency":"","footnotes":""},"categories":[63],"tags":[],"class_list":["post-212100","post","type-post","status-publish","format-standard","has-post-thumbnail","hentry","category-video-2","infinite-scroll-item","generate-columns","tablet-grid-50","mobile-grid-100","grid-parent","grid-33","no-featured-image-padding"],"acf":[],"yoast_head":"<!-- This site is optimized with the Yoast SEO plugin v27.5 - https:\/\/yoast.com\/product\/yoast-seo-wordpress\/ -->\n<title>Mehman \u018fliyev: Az\u0259rbaycan medias\u0131n\u0131 \u201cqara kassalar\u201ddan maliyy\u0259l\u0259\u015fdirirl\u0259r - MEYDAN.TV<\/title>\n<meta name=\"robots\" content=\"index, follow, max-snippet:-1, max-image-preview:large, max-video-preview:-1\" \/>\n<link rel=\"canonical\" href=\"https:\/\/www.meydan.tv\/az\/article\/mehman-eliyev-azerbaycan-mediasini-qara-kassalardan-maliyyelesdirirler\/\" \/>\n<meta property=\"og:locale\" content=\"az_AZ\" \/>\n<meta property=\"og:type\" content=\"article\" \/>\n<meta property=\"og:title\" content=\"Mehman \u018fliyev: Az\u0259rbaycan medias\u0131n\u0131 \u201cqara kassalar\u201ddan maliyy\u0259l\u0259\u015fdirirl\u0259r - MEYDAN.TV\" \/>\n<meta property=\"og:description\" content=\"\u201c\u018fhm\u0259d \u0130smay\u0131lova dedim ki, bu q\u0259d\u0259r v\u0259sait ay\u0131rmaqla, qanun pozuntular\u0131na d\u0259st\u0259k verirsiniz\u201d\" \/>\n<meta property=\"og:url\" content=\"https:\/\/www.meydan.tv\/az\/article\/mehman-eliyev-azerbaycan-mediasini-qara-kassalardan-maliyyelesdirirler\/\" \/>\n<meta property=\"og:site_name\" content=\"MEYDAN.TV\" \/>\n<meta property=\"article:published_time\" content=\"2021-07-23T18:09:48+00:00\" \/>\n<meta property=\"og:image\" content=\"https:\/\/www.meydan.tv\/wp-content\/uploads\/screenshot_23_srhaguy.png\" \/>\n\t<meta property=\"og:image:width\" content=\"1260\" \/>\n\t<meta property=\"og:image:height\" content=\"707\" \/>\n\t<meta property=\"og:image:type\" content=\"image\/png\" \/>\n<meta name=\"author\" content=\"user-manager\" \/>\n<meta name=\"twitter:card\" content=\"summary_large_image\" \/>\n<script type=\"application\/ld+json\" class=\"yoast-schema-graph\">{\"@context\":\"https:\\\/\\\/schema.org\",\"@graph\":[{\"@type\":\"Article\",\"@id\":\"https:\\\/\\\/www.meydan.tv\\\/az\\\/article\\\/mehman-eliyev-azerbaycan-mediasini-qara-kassalardan-maliyyelesdirirler\\\/#article\",\"isPartOf\":{\"@id\":\"https:\\\/\\\/www.meydan.tv\\\/az\\\/article\\\/mehman-eliyev-azerbaycan-mediasini-qara-kassalardan-maliyyelesdirirler\\\/\"},\"author\":{\"name\":\"user-manager\",\"@id\":\"https:\\\/\\\/www.meydan.tv\\\/az\\\/#\\\/schema\\\/person\\\/10d11eccf6da3662cf5fdab9806ea91a\"},\"headline\":\"Mehman \u018fliyev: Az\u0259rbaycan medias\u0131n\u0131 \u201cqara kassalar\u201ddan maliyy\u0259l\u0259\u015fdirirl\u0259r\",\"datePublished\":\"2021-07-23T18:09:48+00:00\",\"mainEntityOfPage\":{\"@id\":\"https:\\\/\\\/www.meydan.tv\\\/az\\\/article\\\/mehman-eliyev-azerbaycan-mediasini-qara-kassalardan-maliyyelesdirirler\\\/\"},\"wordCount\":2249,\"publisher\":{\"@id\":\"https:\\\/\\\/www.meydan.tv\\\/az\\\/#organization\"},\"image\":{\"@id\":\"https:\\\/\\\/www.meydan.tv\\\/az\\\/article\\\/mehman-eliyev-azerbaycan-mediasini-qara-kassalardan-maliyyelesdirirler\\\/#primaryimage\"},\"thumbnailUrl\":\"https:\\\/\\\/www.meydan.tv\\\/wp-content\\\/uploads\\\/screenshot_23_srhaguy.png\",\"articleSection\":[\"Video\"],\"inLanguage\":\"az\"},{\"@type\":\"WebPage\",\"@id\":\"https:\\\/\\\/www.meydan.tv\\\/az\\\/article\\\/mehman-eliyev-azerbaycan-mediasini-qara-kassalardan-maliyyelesdirirler\\\/\",\"url\":\"https:\\\/\\\/www.meydan.tv\\\/az\\\/article\\\/mehman-eliyev-azerbaycan-mediasini-qara-kassalardan-maliyyelesdirirler\\\/\",\"name\":\"Mehman \u018fliyev: Az\u0259rbaycan medias\u0131n\u0131 \u201cqara kassalar\u201ddan maliyy\u0259l\u0259\u015fdirirl\u0259r - MEYDAN.TV\",\"isPartOf\":{\"@id\":\"https:\\\/\\\/www.meydan.tv\\\/az\\\/#website\"},\"primaryImageOfPage\":{\"@id\":\"https:\\\/\\\/www.meydan.tv\\\/az\\\/article\\\/mehman-eliyev-azerbaycan-mediasini-qara-kassalardan-maliyyelesdirirler\\\/#primaryimage\"},\"image\":{\"@id\":\"https:\\\/\\\/www.meydan.tv\\\/az\\\/article\\\/mehman-eliyev-azerbaycan-mediasini-qara-kassalardan-maliyyelesdirirler\\\/#primaryimage\"},\"thumbnailUrl\":\"https:\\\/\\\/www.meydan.tv\\\/wp-content\\\/uploads\\\/screenshot_23_srhaguy.png\",\"datePublished\":\"2021-07-23T18:09:48+00:00\",\"breadcrumb\":{\"@id\":\"https:\\\/\\\/www.meydan.tv\\\/az\\\/article\\\/mehman-eliyev-azerbaycan-mediasini-qara-kassalardan-maliyyelesdirirler\\\/#breadcrumb\"},\"inLanguage\":\"az\",\"potentialAction\":[{\"@type\":\"ReadAction\",\"target\":[\"https:\\\/\\\/www.meydan.tv\\\/az\\\/article\\\/mehman-eliyev-azerbaycan-mediasini-qara-kassalardan-maliyyelesdirirler\\\/\"]}]},{\"@type\":\"ImageObject\",\"inLanguage\":\"az\",\"@id\":\"https:\\\/\\\/www.meydan.tv\\\/az\\\/article\\\/mehman-eliyev-azerbaycan-mediasini-qara-kassalardan-maliyyelesdirirler\\\/#primaryimage\",\"url\":\"https:\\\/\\\/www.meydan.tv\\\/wp-content\\\/uploads\\\/screenshot_23_srhaguy.png\",\"contentUrl\":\"https:\\\/\\\/www.meydan.tv\\\/wp-content\\\/uploads\\\/screenshot_23_srhaguy.png\",\"width\":1260,\"height\":707,\"caption\":\"Source: Meydan TV\"},{\"@type\":\"BreadcrumbList\",\"@id\":\"https:\\\/\\\/www.meydan.tv\\\/az\\\/article\\\/mehman-eliyev-azerbaycan-mediasini-qara-kassalardan-maliyyelesdirirler\\\/#breadcrumb\",\"itemListElement\":[{\"@type\":\"ListItem\",\"position\":1,\"name\":\"Ana s\u0259hif\u0259\",\"item\":\"https:\\\/\\\/www.meydan.tv\\\/az\\\/\"},{\"@type\":\"ListItem\",\"position\":2,\"name\":\"Video\",\"item\":\"https:\\\/\\\/www.meydan.tv\\\/az\\\/section\\\/video-2\\\/\"},{\"@type\":\"ListItem\",\"position\":3,\"name\":\"Mehman \u018fliyev: Az\u0259rbaycan medias\u0131n\u0131 \u201cqara kassalar\u201ddan maliyy\u0259l\u0259\u015fdirirl\u0259r\"}]},{\"@type\":\"WebSite\",\"@id\":\"https:\\\/\\\/www.meydan.tv\\\/az\\\/#website\",\"url\":\"https:\\\/\\\/www.meydan.tv\\\/az\\\/\",\"name\":\"MEYDAN.TV\",\"description\":\"Meydan TV Az\u0259rbaycan\u0131n media m\u0259kan\u0131ndak\u0131 alternativ s\u0259sidir\",\"publisher\":{\"@id\":\"https:\\\/\\\/www.meydan.tv\\\/az\\\/#organization\"},\"potentialAction\":[{\"@type\":\"SearchAction\",\"target\":{\"@type\":\"EntryPoint\",\"urlTemplate\":\"https:\\\/\\\/www.meydan.tv\\\/az\\\/?s={search_term_string}\"},\"query-input\":{\"@type\":\"PropertyValueSpecification\",\"valueRequired\":true,\"valueName\":\"search_term_string\"}}],\"inLanguage\":\"az\"},{\"@type\":\"Organization\",\"@id\":\"https:\\\/\\\/www.meydan.tv\\\/az\\\/#organization\",\"name\":\"Meydan TV\",\"url\":\"https:\\\/\\\/www.meydan.tv\\\/az\\\/\",\"logo\":{\"@type\":\"ImageObject\",\"inLanguage\":\"az\",\"@id\":\"https:\\\/\\\/www.meydan.tv\\\/az\\\/#\\\/schema\\\/logo\\\/image\\\/\",\"url\":\"https:\\\/\\\/www.meydan.tv\\\/wp-content\\\/uploads\\\/2021\\\/07\\\/meydan-logo.svg\",\"contentUrl\":\"https:\\\/\\\/www.meydan.tv\\\/wp-content\\\/uploads\\\/2021\\\/07\\\/meydan-logo.svg\",\"width\":195,\"height\":46,\"caption\":\"Meydan TV\"},\"image\":{\"@id\":\"https:\\\/\\\/www.meydan.tv\\\/az\\\/#\\\/schema\\\/logo\\\/image\\\/\"}},{\"@type\":\"Person\",\"@id\":\"https:\\\/\\\/www.meydan.tv\\\/az\\\/#\\\/schema\\\/person\\\/10d11eccf6da3662cf5fdab9806ea91a\",\"name\":\"user-manager\"}]}<\/script>\n<!-- \/ Yoast SEO plugin. -->","yoast_head_json":{"title":"Mehman \u018fliyev: Az\u0259rbaycan medias\u0131n\u0131 \u201cqara kassalar\u201ddan maliyy\u0259l\u0259\u015fdirirl\u0259r - MEYDAN.TV","robots":{"index":"index","follow":"follow","max-snippet":"max-snippet:-1","max-image-preview":"max-image-preview:large","max-video-preview":"max-video-preview:-1"},"canonical":"https:\/\/www.meydan.tv\/az\/article\/mehman-eliyev-azerbaycan-mediasini-qara-kassalardan-maliyyelesdirirler\/","og_locale":"az_AZ","og_type":"article","og_title":"Mehman \u018fliyev: Az\u0259rbaycan medias\u0131n\u0131 \u201cqara kassalar\u201ddan maliyy\u0259l\u0259\u015fdirirl\u0259r - MEYDAN.TV","og_description":"\u201c\u018fhm\u0259d \u0130smay\u0131lova dedim ki, bu q\u0259d\u0259r v\u0259sait ay\u0131rmaqla, qanun pozuntular\u0131na d\u0259st\u0259k verirsiniz\u201d","og_url":"https:\/\/www.meydan.tv\/az\/article\/mehman-eliyev-azerbaycan-mediasini-qara-kassalardan-maliyyelesdirirler\/","og_site_name":"MEYDAN.TV","article_published_time":"2021-07-23T18:09:48+00:00","og_image":[{"width":1260,"height":707,"url":"https:\/\/www.meydan.tv\/wp-content\/uploads\/screenshot_23_srhaguy.png","type":"image\/png"}],"author":"user-manager","twitter_card":"summary_large_image","schema":{"@context":"https:\/\/schema.org","@graph":[{"@type":"Article","@id":"https:\/\/www.meydan.tv\/az\/article\/mehman-eliyev-azerbaycan-mediasini-qara-kassalardan-maliyyelesdirirler\/#article","isPartOf":{"@id":"https:\/\/www.meydan.tv\/az\/article\/mehman-eliyev-azerbaycan-mediasini-qara-kassalardan-maliyyelesdirirler\/"},"author":{"name":"user-manager","@id":"https:\/\/www.meydan.tv\/az\/#\/schema\/person\/10d11eccf6da3662cf5fdab9806ea91a"},"headline":"Mehman \u018fliyev: Az\u0259rbaycan medias\u0131n\u0131 \u201cqara kassalar\u201ddan maliyy\u0259l\u0259\u015fdirirl\u0259r","datePublished":"2021-07-23T18:09:48+00:00","mainEntityOfPage":{"@id":"https:\/\/www.meydan.tv\/az\/article\/mehman-eliyev-azerbaycan-mediasini-qara-kassalardan-maliyyelesdirirler\/"},"wordCount":2249,"publisher":{"@id":"https:\/\/www.meydan.tv\/az\/#organization"},"image":{"@id":"https:\/\/www.meydan.tv\/az\/article\/mehman-eliyev-azerbaycan-mediasini-qara-kassalardan-maliyyelesdirirler\/#primaryimage"},"thumbnailUrl":"https:\/\/www.meydan.tv\/wp-content\/uploads\/screenshot_23_srhaguy.png","articleSection":["Video"],"inLanguage":"az"},{"@type":"WebPage","@id":"https:\/\/www.meydan.tv\/az\/article\/mehman-eliyev-azerbaycan-mediasini-qara-kassalardan-maliyyelesdirirler\/","url":"https:\/\/www.meydan.tv\/az\/article\/mehman-eliyev-azerbaycan-mediasini-qara-kassalardan-maliyyelesdirirler\/","name":"Mehman \u018fliyev: Az\u0259rbaycan medias\u0131n\u0131 \u201cqara kassalar\u201ddan maliyy\u0259l\u0259\u015fdirirl\u0259r - MEYDAN.TV","isPartOf":{"@id":"https:\/\/www.meydan.tv\/az\/#website"},"primaryImageOfPage":{"@id":"https:\/\/www.meydan.tv\/az\/article\/mehman-eliyev-azerbaycan-mediasini-qara-kassalardan-maliyyelesdirirler\/#primaryimage"},"image":{"@id":"https:\/\/www.meydan.tv\/az\/article\/mehman-eliyev-azerbaycan-mediasini-qara-kassalardan-maliyyelesdirirler\/#primaryimage"},"thumbnailUrl":"https:\/\/www.meydan.tv\/wp-content\/uploads\/screenshot_23_srhaguy.png","datePublished":"2021-07-23T18:09:48+00:00","breadcrumb":{"@id":"https:\/\/www.meydan.tv\/az\/article\/mehman-eliyev-azerbaycan-mediasini-qara-kassalardan-maliyyelesdirirler\/#breadcrumb"},"inLanguage":"az","potentialAction":[{"@type":"ReadAction","target":["https:\/\/www.meydan.tv\/az\/article\/mehman-eliyev-azerbaycan-mediasini-qara-kassalardan-maliyyelesdirirler\/"]}]},{"@type":"ImageObject","inLanguage":"az","@id":"https:\/\/www.meydan.tv\/az\/article\/mehman-eliyev-azerbaycan-mediasini-qara-kassalardan-maliyyelesdirirler\/#primaryimage","url":"https:\/\/www.meydan.tv\/wp-content\/uploads\/screenshot_23_srhaguy.png","contentUrl":"https:\/\/www.meydan.tv\/wp-content\/uploads\/screenshot_23_srhaguy.png","width":1260,"height":707,"caption":"Source: Meydan TV"},{"@type":"BreadcrumbList","@id":"https:\/\/www.meydan.tv\/az\/article\/mehman-eliyev-azerbaycan-mediasini-qara-kassalardan-maliyyelesdirirler\/#breadcrumb","itemListElement":[{"@type":"ListItem","position":1,"name":"Ana s\u0259hif\u0259","item":"https:\/\/www.meydan.tv\/az\/"},{"@type":"ListItem","position":2,"name":"Video","item":"https:\/\/www.meydan.tv\/az\/section\/video-2\/"},{"@type":"ListItem","position":3,"name":"Mehman \u018fliyev: Az\u0259rbaycan medias\u0131n\u0131 \u201cqara kassalar\u201ddan maliyy\u0259l\u0259\u015fdirirl\u0259r"}]},{"@type":"WebSite","@id":"https:\/\/www.meydan.tv\/az\/#website","url":"https:\/\/www.meydan.tv\/az\/","name":"MEYDAN.TV","description":"Meydan TV Az\u0259rbaycan\u0131n media m\u0259kan\u0131ndak\u0131 alternativ s\u0259sidir","publisher":{"@id":"https:\/\/www.meydan.tv\/az\/#organization"},"potentialAction":[{"@type":"SearchAction","target":{"@type":"EntryPoint","urlTemplate":"https:\/\/www.meydan.tv\/az\/?s={search_term_string}"},"query-input":{"@type":"PropertyValueSpecification","valueRequired":true,"valueName":"search_term_string"}}],"inLanguage":"az"},{"@type":"Organization","@id":"https:\/\/www.meydan.tv\/az\/#organization","name":"Meydan TV","url":"https:\/\/www.meydan.tv\/az\/","logo":{"@type":"ImageObject","inLanguage":"az","@id":"https:\/\/www.meydan.tv\/az\/#\/schema\/logo\/image\/","url":"https:\/\/www.meydan.tv\/wp-content\/uploads\/2021\/07\/meydan-logo.svg","contentUrl":"https:\/\/www.meydan.tv\/wp-content\/uploads\/2021\/07\/meydan-logo.svg","width":195,"height":46,"caption":"Meydan TV"},"image":{"@id":"https:\/\/www.meydan.tv\/az\/#\/schema\/logo\/image\/"}},{"@type":"Person","@id":"https:\/\/www.meydan.tv\/az\/#\/schema\/person\/10d11eccf6da3662cf5fdab9806ea91a","name":"user-manager"}]}},"_links":{"self":[{"href":"https:\/\/www.meydan.tv\/az\/wp-json\/wp\/v2\/posts\/212100","targetHints":{"allow":["GET"]}}],"collection":[{"href":"https:\/\/www.meydan.tv\/az\/wp-json\/wp\/v2\/posts"}],"about":[{"href":"https:\/\/www.meydan.tv\/az\/wp-json\/wp\/v2\/types\/post"}],"author":[{"embeddable":true,"href":"https:\/\/www.meydan.tv\/az\/wp-json\/wp\/v2\/users\/11"}],"replies":[{"embeddable":true,"href":"https:\/\/www.meydan.tv\/az\/wp-json\/wp\/v2\/comments?post=212100"}],"version-history":[{"count":0,"href":"https:\/\/www.meydan.tv\/az\/wp-json\/wp\/v2\/posts\/212100\/revisions"}],"wp:featuredmedia":[{"embeddable":true,"href":"https:\/\/www.meydan.tv\/az\/wp-json\/wp\/v2\/media\/208290"}],"wp:attachment":[{"href":"https:\/\/www.meydan.tv\/az\/wp-json\/wp\/v2\/media?parent=212100"}],"wp:term":[{"taxonomy":"category","embeddable":true,"href":"https:\/\/www.meydan.tv\/az\/wp-json\/wp\/v2\/categories?post=212100"},{"taxonomy":"post_tag","embeddable":true,"href":"https:\/\/www.meydan.tv\/az\/wp-json\/wp\/v2\/tags?post=212100"}],"curies":[{"name":"wp","href":"https:\/\/api.w.org\/{rel}","templated":true}]}}