{"id":212083,"date":"2021-07-22T18:30:05","date_gmt":"2021-07-22T18:30:05","guid":{"rendered":"https:\/\/www.meydan.tv\/article\/yeni-media-layihesi-hokumet-jurnaliste-nezaret-edecek\/"},"modified":"2021-07-22T18:30:05","modified_gmt":"2021-07-22T18:30:05","slug":"yeni-media-layihesi-hokumet-jurnaliste-nezaret-edecek","status":"publish","type":"post","link":"https:\/\/www.meydan.tv\/az\/article\/yeni-media-layihesi-hokumet-jurnaliste-nezaret-edecek\/","title":{"rendered":"Yeni media layih\u0259si: &#8220;H\u00f6kum\u0259t jurnalist\u0259 n\u0259zar\u0259t ed\u0259c\u0259k\u201d"},"content":{"rendered":"<figure class=\"wp-block-embed is-type-video is-provider-youtube wp-block-embed-youtube wp-embed-aspect-16-9 wp-has-aspect-ratio\">\n<div class=\"wp-block-embed__wrapper\">\n    <iframe\ttitle=\"Yeni media layih\u0259si: \"H\u00f6kum\u0259t jurnalist\u0259 n\u0259zar\u0259t ed\u0259c\u0259k\u201d\" width=\"1200\" height=\"675\" data-src=\"https:\/\/www.youtube.com\/embed\/aLlpwTDykQU\"\tframeborder=\"0\"\tallow=\"accelerometer; autoplay; clipboard-write; encrypted-media; gyroscope; picture-in-picture\" allowfullscreen src=\"data:image\/svg+xml;base64,PHN2ZyB3aWR0aD0iMSIgaGVpZ2h0PSIxIiB4bWxucz0iaHR0cDovL3d3dy53My5vcmcvMjAwMC9zdmciPjwvc3ZnPg==\" class=\"lazyload\" data-load-mode=\"1\"><\/iframe>\n  <\/div><figcaption>\n    Yeni media layih\u0259si: &#8220;H\u00f6kum\u0259t jurnalist\u0259 n\u0259zar\u0259t ed\u0259c\u0259k\u201d<br \/>\n  <\/figcaption><\/figure>\n<p>\n  Bu g\u00fcn Az\u0259rbaycan m\u0259tbuat\u0131n\u0131n yarad\u0131lmas\u0131n\u0131n 146 ili tamamlan\u0131r. H\u0259r\u00e7\u0259nd ki, mediada bayram \u0259hval-ruhiy\u0259si hiss olunmur. \u0130ndil\u0259rd\u0259 jurnalistl\u0259rin bir qismi h\u00f6kum\u0259t t\u0259r\u0259find\u0259n casus proqram\u0131 il\u0259 izl\u0259ndiyi iddias\u0131 il\u0259 \u00fczl\u0259\u015fib. Dig\u0259r qrup is\u0259 bu il h\u00f6kum\u0259tin jurnalistl\u0259r\u0259 ev verm\u0259m\u0259sind\u0259n narahatd\u0131r.\n<\/p>\n<p>\n  M\u00fcstl\u0259q jurnalistl\u0259rin is\u0259 ba\u015fqa d\u0259rdi d\u0259 var: Yeni media layih\u0259si.\n<\/p>\n<p>\n  \u201cJurnalist n\u0259 edir? H\u00f6kum\u0259t\u0259 n\u0259zar\u0259t edir. Amma bu n\u0259 dem\u0259kdir? H\u00f6kum\u0259t jurnalist\u0259 n\u0259zar\u0259t ed\u0259c\u0259k\u201d.\n<\/p>\n<p>\n  Yanvar\u0131n 12-d\u0259 \u00f6lk\u0259 ba\u015f\u00e7\u0131s\u0131 \u0130lham \u018fliyevin f\u0259rman\u0131na \u0259sas\u0259n Median\u0131n \u0130nki\u015faf\u0131 Agentliyi yarad\u0131l\u0131r. El\u0259 h\u0259min f\u0259rmanla da &quot;Media haqq\u0131nda&quot; Qanun layih\u0259sinin haz\u0131rlanmas\u0131 n\u0259z\u0259rd\u0259 tutulur. R\u0259smi qurumlar qanunun art\u0131q haz\u0131r oldu\u011funu deyir. Lakin qanun n\u0259 ictimaiyy\u0259tl\u0259 m\u00fczakir\u0259 edilib, n\u0259 d\u0259 bu haqda \u0259trafl\u0131 m\u0259lumat verilib.\n<\/p>\n<p>\n  \u201c\u018fg\u0259r gizl\u0259dirl\u0259rs\u0259, dem\u0259li, onlar\u0131n media il\u0259 ba\u011fl\u0131 pis niyy\u0259tl\u0259ri var\u201d\n<\/p>\n<p>\n  Jurnalistl\u0259r hakimiyy\u0259tin onlara bu d\u0259f\u0259 hans\u0131 s\u00fcrprizl\u0259r ed\u0259c\u0259yind\u0259n x\u0259b\u0259rsizdir.\n<\/p>\n<p>\n  \u201cMedia \u0130nki\u015faf Agentliyi \u00f6z\u00fc azad olmayacaqsa, azad median\u0131 nec\u0259 t\u0259min ed\u0259c\u0259k? \u00c7\u00fcnk\u00fc agentliyi prezident bir g\u00f6st\u0259ri\u015fi il\u0259, bir imzas\u0131 il\u0259 an\u0131nda l\u0259\u011fv ed\u0259 bil\u0259r. Bu onlar\u0131 qorxu alt\u0131na salmayacaqm\u0131? T\u0259hdid alt\u0131nda saxlamayacaqm\u0131?\u201d\n<\/p>\n<p>\n  Median\u0131n \u0130nki\u015faf\u0131 Agentliyinin \u0259m\u0259kda\u015f\u0131 R\u00fcst\u0259m \u018fhm\u0259dov deyib ki, yeni qanunda media orqanlar\u0131n\u0131n v\u0259 jurnalistl\u0259rin Media Reyestrin\u0259 sal\u0131nmas\u0131 n\u0259z\u0259rd\u0259 tutulub. Reyestr\u0259 daxil edilmi\u015f media subyektin\u0259 \u015f\u0259had\u0259tnam\u0259, jurnalistl\u0259r\u0259 is\u0259 v\u0259siq\u0259 veril\u0259c\u0259k. Lakin bu qrupa daxil edilm\u0259k \u00fc\u00e7\u00fcn x\u00fcsusi t\u0259l\u0259bl\u0259r m\u00fc\u0259yy\u0259nl\u0259\u015fdirilib. B\u0259s bu \u201ct\u0259l\u0259bl\u0259r\u0259\u201d cavab verm\u0259y\u0259nl\u0259r nec\u0259 olacaq?\n<\/p>\n<p>\n  \u201cStatisktika komit\u0259sinin verdiyi m\u0259lumata g\u00f6r\u0259 reklam bazar\u0131n\u0131n \u00fcmumi h\u0259cmi 11 milyon manatd\u0131r. Bu 11 milyonla el\u0259 bir televiziya saxlamaq ancaq olar. B\u0259s bu q\u0259d\u0259r media haradan dolan\u0131r? Dem\u0259li, qara bazardan, qara pullar hesab\u0131na. S\u0259n bu c\u00fcr yaratd\u0131\u011f\u0131n s\u00fcni medialar\u0131 leqalla\u015fd\u0131r\u0131rsan v\u0259 dig\u0259rl\u0259rini s\u0131radan \u00e7\u0131xar\u0131rsan\u201d.\n<\/p>\n<p>\n  \u201cHardasa 8-9 il \u0259vv\u0259l jurnalist ara\u015fd\u0131rmalar\u0131 \u00e7\u0131xd\u0131, bu prezident ail\u0259sinin biznesi il\u0259 ba\u011fl\u0131 idi. \u0130ndi d\u00fc\u015f\u00fcn\u00fcn ki, Media \u0130nki\u015faf Agentliyind\u0259n v\u0259siq\u0259 alm\u0131\u015f bir \u015f\u0259xs bu ara\u015fd\u0131rman\u0131 edib. Ed\u0259 bil\u0259c\u0259kmi? Adam\u0131n d\u0259rhal v\u0259siq\u0259sini l\u0259\u011fv ed\u0259rl\u0259r, o da \u0259g\u0259r veribl\u0259rs\u0259. Vahid v\u0259siq\u0259 t\u0259tbiq olunmas\u0131 mediaya b\u00f6y\u00fck z\u0259rb\u0259 olar\u201d.\n<\/p>\n<p>\n  \u201cTuran\u201d \u0130nformasiya Agentliyinin r\u0259hb\u0259ri Mehman \u018fliyev dan\u0131\u015f\u0131r ki, qanunda ad\u0131 \u00e7\u0259kil\u0259n dig\u0259r m\u0259s\u0259l\u0259 internet televiziyalar\u0131n\u0131n lisenziyala\u015fd\u0131r\u0131lmas\u0131d\u0131r. Bu is\u0259 birba\u015fa informasiya c\u0259miyy\u0259tinin m\u0259hdudla\u015fd\u0131r\u0131lmas\u0131 dem\u0259kdir.\n<\/p>\n<p>\n  \u201cS\u00f6hb\u0259t t\u0259kc\u0259 pe\u015f\u0259kar mediadan getmir. \u0130nformasiya f\u0259allar\u0131n\u0131n da f\u0259alliyy\u0259tini \u00e7\u0259r\u00e7iv\u0259y\u0259 salmaq ist\u0259yirl\u0259r. Sosial \u015f\u0259b\u0259k\u0259l\u0259r bu g\u00fcn \u0259n b\u00f6y\u00fck platformad\u0131r ki, orada c\u0259miyy\u0259tin t\u0259\u015fkilatlanmas\u0131 gedir. Hakimiyy\u0259ti d\u0259 \u0259n \u00e7ox bu narahat edir. Amma d\u00f6vl\u0259t c\u0259miyy\u0259t\u0259 dey\u0259 bilm\u0259z ki, siz informasiyan\u0131 yaza bil\u0259rsiz, ya yox. Video \u00e7\u0259k\u0259 bil\u0259rsiniz, ya yox. Prezident \u00f6z\u00fc d\u0259 s\u0259hif\u0259sind\u0259n n\u0259s\u0259 payla\u015f\u0131r. Onda, bu, nec\u0259 t\u0259nziml\u0259nm\u0259lidir?\u201d\n<\/p>\n<p>\n  Sosial median\u0131n n\u0259zar\u0259t\u0259 g\u00f6t\u00fcr\u00fclm\u0259si m\u00fczakir\u0259l\u0259ri yeni deyil. Bu haqda d\u0259f\u0259l\u0259rl\u0259 Milli M\u0259clisd\u0259 \u00e7\u0131x\u0131\u015flar olub. El\u0259 m\u0259tbuat\u0131 buxovlamaq c\u0259hdl\u0259ri d\u0259 Az\u0259rbaycan h\u00f6kum\u0259tin\u0259 yad deyil. Jurnlalist V\u00fcsal\u0259 \u018flib\u0259yli is\u0259 h\u0259mkarlar\u0131n\u0131 \u00fcmidsizliy\u0259 qap\u0131lmama\u011fa \u00e7a\u011f\u0131r\u0131r.\n<\/p>\n<p>\n  \u201cBu, son deyil. Yen\u0259 d\u0259 son deyil. He\u00e7 vaxt son olmur. S\u00f6z varsa, h\u0259qiq\u0259t varsa v\u0259 onun axtar\u0131\u015f\u0131nda olmaq ist\u0259y\u0259nl\u0259r varsa, bunun bir yolu m\u00fctl\u0259q tap\u0131lacaq\u201d.\n<\/p>\n<p>\n  M\u00fcst\u0259qil Jurnalistl\u0259r yeni \u201cMedia Haqq\u0131nda\u201d Qanun layih\u0259sinin ictimai m\u00fczakir\u0259y\u0259 \u00e7\u0131xar\u0131lmas\u0131 t\u0259l\u0259bi il\u0259 b\u0259yanat yay\u0131b. Agentlikd\u0259n h\u0259l\u0259 buna m\u00fcnasib\u0259t bildirilm\u0259yib.<\/p>\n","protected":false},"excerpt":{"rendered":"<p>Bu g\u00fcn Az\u0259rbaycan m\u0259tbuat\u0131n\u0131n yarad\u0131lmas\u0131n\u0131n 146 ili tamamlan\u0131r. H\u0259r\u00e7\u0259nd ki, mediada bayram \u0259hval-ruhiy\u0259si hiss olunmur.<\/p>\n","protected":false},"author":11,"featured_media":208254,"comment_status":"closed","ping_status":"open","sticky":false,"template":"","format":"standard","meta":{"_acf_changed":false,"_sitemap_exclude":false,"_sitemap_priority":"","_sitemap_frequency":"","footnotes":""},"categories":[63],"tags":[],"class_list":["post-212083","post","type-post","status-publish","format-standard","has-post-thumbnail","hentry","category-video-2","infinite-scroll-item","generate-columns","tablet-grid-50","mobile-grid-100","grid-parent","grid-33","no-featured-image-padding"],"acf":[],"yoast_head":"<!-- This site is optimized with the Yoast SEO plugin v27.5 - https:\/\/yoast.com\/product\/yoast-seo-wordpress\/ -->\n<title>Yeni media layih\u0259si: &quot;H\u00f6kum\u0259t jurnalist\u0259 n\u0259zar\u0259t ed\u0259c\u0259k\u201d - MEYDAN.TV<\/title>\n<meta name=\"robots\" content=\"index, follow, max-snippet:-1, max-image-preview:large, max-video-preview:-1\" \/>\n<link rel=\"canonical\" href=\"https:\/\/www.meydan.tv\/az\/article\/yeni-media-layihesi-hokumet-jurnaliste-nezaret-edecek\/\" \/>\n<meta property=\"og:locale\" content=\"az_AZ\" \/>\n<meta property=\"og:type\" content=\"article\" \/>\n<meta property=\"og:title\" content=\"Yeni media layih\u0259si: &quot;H\u00f6kum\u0259t jurnalist\u0259 n\u0259zar\u0259t ed\u0259c\u0259k\u201d - MEYDAN.TV\" \/>\n<meta property=\"og:description\" content=\"Bu g\u00fcn Az\u0259rbaycan m\u0259tbuat\u0131n\u0131n yarad\u0131lmas\u0131n\u0131n 146 ili tamamlan\u0131r. H\u0259r\u00e7\u0259nd ki, mediada bayram \u0259hval-ruhiy\u0259si hiss olunmur.\" \/>\n<meta property=\"og:url\" content=\"https:\/\/www.meydan.tv\/az\/article\/yeni-media-layihesi-hokumet-jurnaliste-nezaret-edecek\/\" \/>\n<meta property=\"og:site_name\" content=\"MEYDAN.TV\" \/>\n<meta property=\"article:published_time\" content=\"2021-07-22T18:30:05+00:00\" \/>\n<meta property=\"og:image\" content=\"https:\/\/www.meydan.tv\/wp-content\/uploads\/screenshot_at_jul_22_18-28-15-1200x673.png\" \/>\n\t<meta property=\"og:image:width\" content=\"1200\" \/>\n\t<meta property=\"og:image:height\" content=\"673\" \/>\n\t<meta property=\"og:image:type\" content=\"image\/png\" \/>\n<meta name=\"author\" content=\"user-manager\" \/>\n<meta name=\"twitter:card\" content=\"summary_large_image\" \/>\n<script type=\"application\/ld+json\" class=\"yoast-schema-graph\">{\"@context\":\"https:\\\/\\\/schema.org\",\"@graph\":[{\"@type\":\"Article\",\"@id\":\"https:\\\/\\\/www.meydan.tv\\\/az\\\/article\\\/yeni-media-layihesi-hokumet-jurnaliste-nezaret-edecek\\\/#article\",\"isPartOf\":{\"@id\":\"https:\\\/\\\/www.meydan.tv\\\/az\\\/article\\\/yeni-media-layihesi-hokumet-jurnaliste-nezaret-edecek\\\/\"},\"author\":{\"name\":\"user-manager\",\"@id\":\"https:\\\/\\\/www.meydan.tv\\\/az\\\/#\\\/schema\\\/person\\\/10d11eccf6da3662cf5fdab9806ea91a\"},\"headline\":\"Yeni media layih\u0259si: &#8220;H\u00f6kum\u0259t jurnalist\u0259 n\u0259zar\u0259t ed\u0259c\u0259k\u201d\",\"datePublished\":\"2021-07-22T18:30:05+00:00\",\"mainEntityOfPage\":{\"@id\":\"https:\\\/\\\/www.meydan.tv\\\/az\\\/article\\\/yeni-media-layihesi-hokumet-jurnaliste-nezaret-edecek\\\/\"},\"wordCount\":14,\"publisher\":{\"@id\":\"https:\\\/\\\/www.meydan.tv\\\/az\\\/#organization\"},\"image\":{\"@id\":\"https:\\\/\\\/www.meydan.tv\\\/az\\\/article\\\/yeni-media-layihesi-hokumet-jurnaliste-nezaret-edecek\\\/#primaryimage\"},\"thumbnailUrl\":\"https:\\\/\\\/www.meydan.tv\\\/wp-content\\\/uploads\\\/screenshot_at_jul_22_18-28-15.png\",\"articleSection\":[\"Video\"],\"inLanguage\":\"az\"},{\"@type\":\"WebPage\",\"@id\":\"https:\\\/\\\/www.meydan.tv\\\/az\\\/article\\\/yeni-media-layihesi-hokumet-jurnaliste-nezaret-edecek\\\/\",\"url\":\"https:\\\/\\\/www.meydan.tv\\\/az\\\/article\\\/yeni-media-layihesi-hokumet-jurnaliste-nezaret-edecek\\\/\",\"name\":\"Yeni media layih\u0259si: \\\"H\u00f6kum\u0259t jurnalist\u0259 n\u0259zar\u0259t ed\u0259c\u0259k\u201d - MEYDAN.TV\",\"isPartOf\":{\"@id\":\"https:\\\/\\\/www.meydan.tv\\\/az\\\/#website\"},\"primaryImageOfPage\":{\"@id\":\"https:\\\/\\\/www.meydan.tv\\\/az\\\/article\\\/yeni-media-layihesi-hokumet-jurnaliste-nezaret-edecek\\\/#primaryimage\"},\"image\":{\"@id\":\"https:\\\/\\\/www.meydan.tv\\\/az\\\/article\\\/yeni-media-layihesi-hokumet-jurnaliste-nezaret-edecek\\\/#primaryimage\"},\"thumbnailUrl\":\"https:\\\/\\\/www.meydan.tv\\\/wp-content\\\/uploads\\\/screenshot_at_jul_22_18-28-15.png\",\"datePublished\":\"2021-07-22T18:30:05+00:00\",\"breadcrumb\":{\"@id\":\"https:\\\/\\\/www.meydan.tv\\\/az\\\/article\\\/yeni-media-layihesi-hokumet-jurnaliste-nezaret-edecek\\\/#breadcrumb\"},\"inLanguage\":\"az\",\"potentialAction\":[{\"@type\":\"ReadAction\",\"target\":[\"https:\\\/\\\/www.meydan.tv\\\/az\\\/article\\\/yeni-media-layihesi-hokumet-jurnaliste-nezaret-edecek\\\/\"]}]},{\"@type\":\"ImageObject\",\"inLanguage\":\"az\",\"@id\":\"https:\\\/\\\/www.meydan.tv\\\/az\\\/article\\\/yeni-media-layihesi-hokumet-jurnaliste-nezaret-edecek\\\/#primaryimage\",\"url\":\"https:\\\/\\\/www.meydan.tv\\\/wp-content\\\/uploads\\\/screenshot_at_jul_22_18-28-15.png\",\"contentUrl\":\"https:\\\/\\\/www.meydan.tv\\\/wp-content\\\/uploads\\\/screenshot_at_jul_22_18-28-15.png\",\"width\":1612,\"height\":904,\"caption\":\"Foto: Meydan.TV\"},{\"@type\":\"BreadcrumbList\",\"@id\":\"https:\\\/\\\/www.meydan.tv\\\/az\\\/article\\\/yeni-media-layihesi-hokumet-jurnaliste-nezaret-edecek\\\/#breadcrumb\",\"itemListElement\":[{\"@type\":\"ListItem\",\"position\":1,\"name\":\"Ana s\u0259hif\u0259\",\"item\":\"https:\\\/\\\/www.meydan.tv\\\/az\\\/\"},{\"@type\":\"ListItem\",\"position\":2,\"name\":\"Video\",\"item\":\"https:\\\/\\\/www.meydan.tv\\\/az\\\/section\\\/video-2\\\/\"},{\"@type\":\"ListItem\",\"position\":3,\"name\":\"Yeni media layih\u0259si: &#8220;H\u00f6kum\u0259t jurnalist\u0259 n\u0259zar\u0259t ed\u0259c\u0259k\u201d\"}]},{\"@type\":\"WebSite\",\"@id\":\"https:\\\/\\\/www.meydan.tv\\\/az\\\/#website\",\"url\":\"https:\\\/\\\/www.meydan.tv\\\/az\\\/\",\"name\":\"MEYDAN.TV\",\"description\":\"Meydan TV Az\u0259rbaycan\u0131n media m\u0259kan\u0131ndak\u0131 alternativ s\u0259sidir\",\"publisher\":{\"@id\":\"https:\\\/\\\/www.meydan.tv\\\/az\\\/#organization\"},\"potentialAction\":[{\"@type\":\"SearchAction\",\"target\":{\"@type\":\"EntryPoint\",\"urlTemplate\":\"https:\\\/\\\/www.meydan.tv\\\/az\\\/?s={search_term_string}\"},\"query-input\":{\"@type\":\"PropertyValueSpecification\",\"valueRequired\":true,\"valueName\":\"search_term_string\"}}],\"inLanguage\":\"az\"},{\"@type\":\"Organization\",\"@id\":\"https:\\\/\\\/www.meydan.tv\\\/az\\\/#organization\",\"name\":\"Meydan TV\",\"url\":\"https:\\\/\\\/www.meydan.tv\\\/az\\\/\",\"logo\":{\"@type\":\"ImageObject\",\"inLanguage\":\"az\",\"@id\":\"https:\\\/\\\/www.meydan.tv\\\/az\\\/#\\\/schema\\\/logo\\\/image\\\/\",\"url\":\"https:\\\/\\\/www.meydan.tv\\\/wp-content\\\/uploads\\\/2021\\\/07\\\/meydan-logo.svg\",\"contentUrl\":\"https:\\\/\\\/www.meydan.tv\\\/wp-content\\\/uploads\\\/2021\\\/07\\\/meydan-logo.svg\",\"width\":195,\"height\":46,\"caption\":\"Meydan TV\"},\"image\":{\"@id\":\"https:\\\/\\\/www.meydan.tv\\\/az\\\/#\\\/schema\\\/logo\\\/image\\\/\"}},{\"@type\":\"Person\",\"@id\":\"https:\\\/\\\/www.meydan.tv\\\/az\\\/#\\\/schema\\\/person\\\/10d11eccf6da3662cf5fdab9806ea91a\",\"name\":\"user-manager\"}]}<\/script>\n<!-- \/ Yoast SEO plugin. -->","yoast_head_json":{"title":"Yeni media layih\u0259si: \"H\u00f6kum\u0259t jurnalist\u0259 n\u0259zar\u0259t ed\u0259c\u0259k\u201d - MEYDAN.TV","robots":{"index":"index","follow":"follow","max-snippet":"max-snippet:-1","max-image-preview":"max-image-preview:large","max-video-preview":"max-video-preview:-1"},"canonical":"https:\/\/www.meydan.tv\/az\/article\/yeni-media-layihesi-hokumet-jurnaliste-nezaret-edecek\/","og_locale":"az_AZ","og_type":"article","og_title":"Yeni media layih\u0259si: \"H\u00f6kum\u0259t jurnalist\u0259 n\u0259zar\u0259t ed\u0259c\u0259k\u201d - MEYDAN.TV","og_description":"Bu g\u00fcn Az\u0259rbaycan m\u0259tbuat\u0131n\u0131n yarad\u0131lmas\u0131n\u0131n 146 ili tamamlan\u0131r. H\u0259r\u00e7\u0259nd ki, mediada bayram \u0259hval-ruhiy\u0259si hiss olunmur.","og_url":"https:\/\/www.meydan.tv\/az\/article\/yeni-media-layihesi-hokumet-jurnaliste-nezaret-edecek\/","og_site_name":"MEYDAN.TV","article_published_time":"2021-07-22T18:30:05+00:00","og_image":[{"width":1200,"height":673,"url":"https:\/\/www.meydan.tv\/wp-content\/uploads\/screenshot_at_jul_22_18-28-15-1200x673.png","type":"image\/png"}],"author":"user-manager","twitter_card":"summary_large_image","schema":{"@context":"https:\/\/schema.org","@graph":[{"@type":"Article","@id":"https:\/\/www.meydan.tv\/az\/article\/yeni-media-layihesi-hokumet-jurnaliste-nezaret-edecek\/#article","isPartOf":{"@id":"https:\/\/www.meydan.tv\/az\/article\/yeni-media-layihesi-hokumet-jurnaliste-nezaret-edecek\/"},"author":{"name":"user-manager","@id":"https:\/\/www.meydan.tv\/az\/#\/schema\/person\/10d11eccf6da3662cf5fdab9806ea91a"},"headline":"Yeni media layih\u0259si: &#8220;H\u00f6kum\u0259t jurnalist\u0259 n\u0259zar\u0259t ed\u0259c\u0259k\u201d","datePublished":"2021-07-22T18:30:05+00:00","mainEntityOfPage":{"@id":"https:\/\/www.meydan.tv\/az\/article\/yeni-media-layihesi-hokumet-jurnaliste-nezaret-edecek\/"},"wordCount":14,"publisher":{"@id":"https:\/\/www.meydan.tv\/az\/#organization"},"image":{"@id":"https:\/\/www.meydan.tv\/az\/article\/yeni-media-layihesi-hokumet-jurnaliste-nezaret-edecek\/#primaryimage"},"thumbnailUrl":"https:\/\/www.meydan.tv\/wp-content\/uploads\/screenshot_at_jul_22_18-28-15.png","articleSection":["Video"],"inLanguage":"az"},{"@type":"WebPage","@id":"https:\/\/www.meydan.tv\/az\/article\/yeni-media-layihesi-hokumet-jurnaliste-nezaret-edecek\/","url":"https:\/\/www.meydan.tv\/az\/article\/yeni-media-layihesi-hokumet-jurnaliste-nezaret-edecek\/","name":"Yeni media layih\u0259si: \"H\u00f6kum\u0259t jurnalist\u0259 n\u0259zar\u0259t ed\u0259c\u0259k\u201d - MEYDAN.TV","isPartOf":{"@id":"https:\/\/www.meydan.tv\/az\/#website"},"primaryImageOfPage":{"@id":"https:\/\/www.meydan.tv\/az\/article\/yeni-media-layihesi-hokumet-jurnaliste-nezaret-edecek\/#primaryimage"},"image":{"@id":"https:\/\/www.meydan.tv\/az\/article\/yeni-media-layihesi-hokumet-jurnaliste-nezaret-edecek\/#primaryimage"},"thumbnailUrl":"https:\/\/www.meydan.tv\/wp-content\/uploads\/screenshot_at_jul_22_18-28-15.png","datePublished":"2021-07-22T18:30:05+00:00","breadcrumb":{"@id":"https:\/\/www.meydan.tv\/az\/article\/yeni-media-layihesi-hokumet-jurnaliste-nezaret-edecek\/#breadcrumb"},"inLanguage":"az","potentialAction":[{"@type":"ReadAction","target":["https:\/\/www.meydan.tv\/az\/article\/yeni-media-layihesi-hokumet-jurnaliste-nezaret-edecek\/"]}]},{"@type":"ImageObject","inLanguage":"az","@id":"https:\/\/www.meydan.tv\/az\/article\/yeni-media-layihesi-hokumet-jurnaliste-nezaret-edecek\/#primaryimage","url":"https:\/\/www.meydan.tv\/wp-content\/uploads\/screenshot_at_jul_22_18-28-15.png","contentUrl":"https:\/\/www.meydan.tv\/wp-content\/uploads\/screenshot_at_jul_22_18-28-15.png","width":1612,"height":904,"caption":"Foto: Meydan.TV"},{"@type":"BreadcrumbList","@id":"https:\/\/www.meydan.tv\/az\/article\/yeni-media-layihesi-hokumet-jurnaliste-nezaret-edecek\/#breadcrumb","itemListElement":[{"@type":"ListItem","position":1,"name":"Ana s\u0259hif\u0259","item":"https:\/\/www.meydan.tv\/az\/"},{"@type":"ListItem","position":2,"name":"Video","item":"https:\/\/www.meydan.tv\/az\/section\/video-2\/"},{"@type":"ListItem","position":3,"name":"Yeni media layih\u0259si: &#8220;H\u00f6kum\u0259t jurnalist\u0259 n\u0259zar\u0259t ed\u0259c\u0259k\u201d"}]},{"@type":"WebSite","@id":"https:\/\/www.meydan.tv\/az\/#website","url":"https:\/\/www.meydan.tv\/az\/","name":"MEYDAN.TV","description":"Meydan TV Az\u0259rbaycan\u0131n media m\u0259kan\u0131ndak\u0131 alternativ s\u0259sidir","publisher":{"@id":"https:\/\/www.meydan.tv\/az\/#organization"},"potentialAction":[{"@type":"SearchAction","target":{"@type":"EntryPoint","urlTemplate":"https:\/\/www.meydan.tv\/az\/?s={search_term_string}"},"query-input":{"@type":"PropertyValueSpecification","valueRequired":true,"valueName":"search_term_string"}}],"inLanguage":"az"},{"@type":"Organization","@id":"https:\/\/www.meydan.tv\/az\/#organization","name":"Meydan TV","url":"https:\/\/www.meydan.tv\/az\/","logo":{"@type":"ImageObject","inLanguage":"az","@id":"https:\/\/www.meydan.tv\/az\/#\/schema\/logo\/image\/","url":"https:\/\/www.meydan.tv\/wp-content\/uploads\/2021\/07\/meydan-logo.svg","contentUrl":"https:\/\/www.meydan.tv\/wp-content\/uploads\/2021\/07\/meydan-logo.svg","width":195,"height":46,"caption":"Meydan TV"},"image":{"@id":"https:\/\/www.meydan.tv\/az\/#\/schema\/logo\/image\/"}},{"@type":"Person","@id":"https:\/\/www.meydan.tv\/az\/#\/schema\/person\/10d11eccf6da3662cf5fdab9806ea91a","name":"user-manager"}]}},"_links":{"self":[{"href":"https:\/\/www.meydan.tv\/az\/wp-json\/wp\/v2\/posts\/212083","targetHints":{"allow":["GET"]}}],"collection":[{"href":"https:\/\/www.meydan.tv\/az\/wp-json\/wp\/v2\/posts"}],"about":[{"href":"https:\/\/www.meydan.tv\/az\/wp-json\/wp\/v2\/types\/post"}],"author":[{"embeddable":true,"href":"https:\/\/www.meydan.tv\/az\/wp-json\/wp\/v2\/users\/11"}],"replies":[{"embeddable":true,"href":"https:\/\/www.meydan.tv\/az\/wp-json\/wp\/v2\/comments?post=212083"}],"version-history":[{"count":0,"href":"https:\/\/www.meydan.tv\/az\/wp-json\/wp\/v2\/posts\/212083\/revisions"}],"wp:featuredmedia":[{"embeddable":true,"href":"https:\/\/www.meydan.tv\/az\/wp-json\/wp\/v2\/media\/208254"}],"wp:attachment":[{"href":"https:\/\/www.meydan.tv\/az\/wp-json\/wp\/v2\/media?parent=212083"}],"wp:term":[{"taxonomy":"category","embeddable":true,"href":"https:\/\/www.meydan.tv\/az\/wp-json\/wp\/v2\/categories?post=212083"},{"taxonomy":"post_tag","embeddable":true,"href":"https:\/\/www.meydan.tv\/az\/wp-json\/wp\/v2\/tags?post=212083"}],"curies":[{"name":"wp","href":"https:\/\/api.w.org\/{rel}","templated":true}]}}