{"id":212068,"date":"2021-07-21T21:49:11","date_gmt":"2021-07-21T21:49:11","guid":{"rendered":"https:\/\/www.meydan.tv\/article\/bakida-ele-bir-yer-var-ki-xestexana-eve-bitisik-olsun\/"},"modified":"2021-07-21T21:49:11","modified_gmt":"2021-07-21T21:49:11","slug":"bakida-ele-bir-yer-var-ki-xestexana-eve-bitisik-olsun","status":"publish","type":"post","link":"https:\/\/www.meydan.tv\/az\/article\/bakida-ele-bir-yer-var-ki-xestexana-eve-bitisik-olsun\/","title":{"rendered":"\u201cBak\u0131da el\u0259 bir yer var ki, x\u0259st\u0259xana ev\u0259 biti\u015fik olsun?\u201d"},"content":{"rendered":"<figure class=\"wp-block-embed is-type-video is-provider-youtube wp-block-embed-youtube wp-embed-aspect-16-9 wp-has-aspect-ratio\">\n<div class=\"wp-block-embed__wrapper\">\n    <iframe\ttitle=\"\u201cBak\u0131da el\u0259 bir yer var ki, x\u0259st\u0259xana ev\u0259 biti\u015fik olsun?\u201d\" width=\"1200\" height=\"675\" data-src=\"https:\/\/www.youtube.com\/embed\/EOhqrvnhTv0\"\tframeborder=\"0\"\tallow=\"accelerometer; autoplay; clipboard-write; encrypted-media; gyroscope; picture-in-picture\" allowfullscreen src=\"data:image\/svg+xml;base64,PHN2ZyB3aWR0aD0iMSIgaGVpZ2h0PSIxIiB4bWxucz0iaHR0cDovL3d3dy53My5vcmcvMjAwMC9zdmciPjwvc3ZnPg==\" class=\"lazyload\" data-load-mode=\"1\"><\/iframe>\n  <\/div><figcaption>\n    \u201cBak\u0131da el\u0259 bir yer var ki, x\u0259st\u0259xana ev\u0259 biti\u015fik olsun?\u201d<br \/>\n  <\/figcaption><\/figure>\n<p>\n  \u018fliyevl\u0259r ail\u0259si \u015fikay\u0259t edir ki, N\u0259rimanov rayonunda yerl\u0259\u015f\u0259n \u201cButa\u201d klinikas\u0131 onlar\u0131n art\u0131q 20 ildir ki, ya\u015fad\u0131\u011f\u0131 ev\u0259 biti\u015fik tikilib. Ail\u0259 deyir ki, ill\u0259rdir h\u0259m \u00f6zl\u0259rini t\u0259hl\u00fck\u0259d\u0259 say\u0131rlar, h\u0259m d\u0259 evl\u0259rini sat\u0131b ba\u015fqa yer\u0259 k\u00f6\u00e7\u0259 bilmirl\u0259r. Bu k\u00f6hn\u0259 tikilid\u0259 \u018fliyevl\u0259rd\u0259n ba\u015fqa, daha 2 ail\u0259 ya\u015fay\u0131r. Sakinl\u0259r aidiyyat\u0131 qurumlara m\u00fcraci\u0259t ets\u0259l\u0259r d\u0259, m\u0259s\u0259l\u0259y\u0259 bax\u0131lm\u0131r. N\u0259rimanov Rayonu \u0130cra Hakimiyy\u0259ti is\u0259 \u015fikay\u0259t\u00e7il\u0259ri yenid\u0259n klinikaya y\u00f6n\u0259ldir. N\u0259rimanov Rayonu \u0130cra Hakimiyy\u0259ti il\u0259 \u0259laq\u0259 saxlasaq da, z\u0259ngl\u0259rimiz\u0259 cavab verilm\u0259di. \u015eikay\u0259t\u00e7i Ayb\u0259niz \u018fliyeva deyir ki, sonuncu d\u0259f\u0259 F\u00f6vq\u0259lad\u0259 Hallar Nazirliyinin n\u00fcmay\u0259nd\u0259l\u0259ri klinikaya protokol t\u0259rtib edibl\u0259r.\n<\/p>\n<p>\n  \u201cButa\u201d Klinikas\u0131n\u0131n h\u00fcquq\u015f\u00fcnas\u0131 B\u0259hruz B\u0259d\u0259lov Meydan Tv-y\u0259 a\u00e7\u0131qlamas\u0131nda deyib ki, klinikan\u0131n evi alma\u011fa maddi imkan\u0131 yoxdur. O bildirib ki, klinikan\u0131n b\u00fct\u00fcn s\u0259n\u0259dl\u0259ri qanunidir.<\/p>\n","protected":false},"excerpt":{"rendered":"<p>\u018fliyevl\u0259r ail\u0259si \u015fikay\u0259t edir ki, N\u0259rimanov rayonunda yerl\u0259\u015f\u0259n \u201cButa\u201d klinikas\u0131 onlar\u0131n art\u0131q 20 ildir ki, ya\u015fad\u0131\u011f\u0131 ev\u0259 biti\u015fik tikilib.<\/p>\n","protected":false},"author":11,"featured_media":208209,"comment_status":"closed","ping_status":"open","sticky":false,"template":"","format":"standard","meta":{"_acf_changed":false,"_sitemap_exclude":false,"_sitemap_priority":"","_sitemap_frequency":"","footnotes":""},"categories":[63],"tags":[],"class_list":["post-212068","post","type-post","status-publish","format-standard","has-post-thumbnail","hentry","category-video-2","infinite-scroll-item","generate-columns","tablet-grid-50","mobile-grid-100","grid-parent","grid-33","no-featured-image-padding"],"acf":[],"yoast_head":"<!-- This site is optimized with the Yoast SEO plugin v27.5 - https:\/\/yoast.com\/product\/yoast-seo-wordpress\/ -->\n<title>\u201cBak\u0131da el\u0259 bir yer var ki, x\u0259st\u0259xana ev\u0259 biti\u015fik olsun?\u201d - MEYDAN.TV<\/title>\n<meta name=\"robots\" content=\"index, follow, max-snippet:-1, max-image-preview:large, max-video-preview:-1\" \/>\n<link rel=\"canonical\" href=\"https:\/\/www.meydan.tv\/az\/article\/bakida-ele-bir-yer-var-ki-xestexana-eve-bitisik-olsun\/\" \/>\n<meta property=\"og:locale\" content=\"az_AZ\" \/>\n<meta property=\"og:type\" content=\"article\" \/>\n<meta property=\"og:title\" content=\"\u201cBak\u0131da el\u0259 bir yer var ki, x\u0259st\u0259xana ev\u0259 biti\u015fik olsun?\u201d - MEYDAN.TV\" \/>\n<meta property=\"og:description\" content=\"\u018fliyevl\u0259r ail\u0259si \u015fikay\u0259t edir ki, N\u0259rimanov rayonunda yerl\u0259\u015f\u0259n \u201cButa\u201d klinikas\u0131 onlar\u0131n art\u0131q 20 ildir ki, ya\u015fad\u0131\u011f\u0131 ev\u0259 biti\u015fik tikilib.\" \/>\n<meta property=\"og:url\" content=\"https:\/\/www.meydan.tv\/az\/article\/bakida-ele-bir-yer-var-ki-xestexana-eve-bitisik-olsun\/\" \/>\n<meta property=\"og:site_name\" content=\"MEYDAN.TV\" \/>\n<meta property=\"article:published_time\" content=\"2021-07-21T21:49:11+00:00\" \/>\n<meta property=\"og:image\" content=\"https:\/\/www.meydan.tv\/wp-content\/uploads\/screenshot_at_jul_21_20-41-48.png\" \/>\n\t<meta property=\"og:image:width\" content=\"1474\" \/>\n\t<meta property=\"og:image:height\" content=\"820\" \/>\n\t<meta property=\"og:image:type\" content=\"image\/png\" \/>\n<meta name=\"author\" content=\"user-manager\" \/>\n<meta name=\"twitter:card\" content=\"summary_large_image\" \/>\n<script type=\"application\/ld+json\" class=\"yoast-schema-graph\">{\"@context\":\"https:\\\/\\\/schema.org\",\"@graph\":[{\"@type\":\"Article\",\"@id\":\"https:\\\/\\\/www.meydan.tv\\\/az\\\/article\\\/bakida-ele-bir-yer-var-ki-xestexana-eve-bitisik-olsun\\\/#article\",\"isPartOf\":{\"@id\":\"https:\\\/\\\/www.meydan.tv\\\/az\\\/article\\\/bakida-ele-bir-yer-var-ki-xestexana-eve-bitisik-olsun\\\/\"},\"author\":{\"name\":\"user-manager\",\"@id\":\"https:\\\/\\\/www.meydan.tv\\\/az\\\/#\\\/schema\\\/person\\\/10d11eccf6da3662cf5fdab9806ea91a\"},\"headline\":\"\u201cBak\u0131da el\u0259 bir yer var ki, x\u0259st\u0259xana ev\u0259 biti\u015fik olsun?\u201d\",\"datePublished\":\"2021-07-21T21:49:11+00:00\",\"mainEntityOfPage\":{\"@id\":\"https:\\\/\\\/www.meydan.tv\\\/az\\\/article\\\/bakida-ele-bir-yer-var-ki-xestexana-eve-bitisik-olsun\\\/\"},\"wordCount\":215,\"publisher\":{\"@id\":\"https:\\\/\\\/www.meydan.tv\\\/az\\\/#organization\"},\"image\":{\"@id\":\"https:\\\/\\\/www.meydan.tv\\\/az\\\/article\\\/bakida-ele-bir-yer-var-ki-xestexana-eve-bitisik-olsun\\\/#primaryimage\"},\"thumbnailUrl\":\"https:\\\/\\\/www.meydan.tv\\\/wp-content\\\/uploads\\\/screenshot_at_jul_21_20-41-48.png\",\"articleSection\":[\"Video\"],\"inLanguage\":\"az\"},{\"@type\":\"WebPage\",\"@id\":\"https:\\\/\\\/www.meydan.tv\\\/az\\\/article\\\/bakida-ele-bir-yer-var-ki-xestexana-eve-bitisik-olsun\\\/\",\"url\":\"https:\\\/\\\/www.meydan.tv\\\/az\\\/article\\\/bakida-ele-bir-yer-var-ki-xestexana-eve-bitisik-olsun\\\/\",\"name\":\"\u201cBak\u0131da el\u0259 bir yer var ki, x\u0259st\u0259xana ev\u0259 biti\u015fik olsun?\u201d - MEYDAN.TV\",\"isPartOf\":{\"@id\":\"https:\\\/\\\/www.meydan.tv\\\/az\\\/#website\"},\"primaryImageOfPage\":{\"@id\":\"https:\\\/\\\/www.meydan.tv\\\/az\\\/article\\\/bakida-ele-bir-yer-var-ki-xestexana-eve-bitisik-olsun\\\/#primaryimage\"},\"image\":{\"@id\":\"https:\\\/\\\/www.meydan.tv\\\/az\\\/article\\\/bakida-ele-bir-yer-var-ki-xestexana-eve-bitisik-olsun\\\/#primaryimage\"},\"thumbnailUrl\":\"https:\\\/\\\/www.meydan.tv\\\/wp-content\\\/uploads\\\/screenshot_at_jul_21_20-41-48.png\",\"datePublished\":\"2021-07-21T21:49:11+00:00\",\"breadcrumb\":{\"@id\":\"https:\\\/\\\/www.meydan.tv\\\/az\\\/article\\\/bakida-ele-bir-yer-var-ki-xestexana-eve-bitisik-olsun\\\/#breadcrumb\"},\"inLanguage\":\"az\",\"potentialAction\":[{\"@type\":\"ReadAction\",\"target\":[\"https:\\\/\\\/www.meydan.tv\\\/az\\\/article\\\/bakida-ele-bir-yer-var-ki-xestexana-eve-bitisik-olsun\\\/\"]}]},{\"@type\":\"ImageObject\",\"inLanguage\":\"az\",\"@id\":\"https:\\\/\\\/www.meydan.tv\\\/az\\\/article\\\/bakida-ele-bir-yer-var-ki-xestexana-eve-bitisik-olsun\\\/#primaryimage\",\"url\":\"https:\\\/\\\/www.meydan.tv\\\/wp-content\\\/uploads\\\/screenshot_at_jul_21_20-41-48.png\",\"contentUrl\":\"https:\\\/\\\/www.meydan.tv\\\/wp-content\\\/uploads\\\/screenshot_at_jul_21_20-41-48.png\",\"width\":1474,\"height\":820,\"caption\":\"Source: Meydan.TV\"},{\"@type\":\"BreadcrumbList\",\"@id\":\"https:\\\/\\\/www.meydan.tv\\\/az\\\/article\\\/bakida-ele-bir-yer-var-ki-xestexana-eve-bitisik-olsun\\\/#breadcrumb\",\"itemListElement\":[{\"@type\":\"ListItem\",\"position\":1,\"name\":\"Ana s\u0259hif\u0259\",\"item\":\"https:\\\/\\\/www.meydan.tv\\\/az\\\/\"},{\"@type\":\"ListItem\",\"position\":2,\"name\":\"Video\",\"item\":\"https:\\\/\\\/www.meydan.tv\\\/az\\\/section\\\/video-2\\\/\"},{\"@type\":\"ListItem\",\"position\":3,\"name\":\"\u201cBak\u0131da el\u0259 bir yer var ki, x\u0259st\u0259xana ev\u0259 biti\u015fik olsun?\u201d\"}]},{\"@type\":\"WebSite\",\"@id\":\"https:\\\/\\\/www.meydan.tv\\\/az\\\/#website\",\"url\":\"https:\\\/\\\/www.meydan.tv\\\/az\\\/\",\"name\":\"MEYDAN.TV\",\"description\":\"Meydan TV Az\u0259rbaycan\u0131n media m\u0259kan\u0131ndak\u0131 alternativ s\u0259sidir\",\"publisher\":{\"@id\":\"https:\\\/\\\/www.meydan.tv\\\/az\\\/#organization\"},\"potentialAction\":[{\"@type\":\"SearchAction\",\"target\":{\"@type\":\"EntryPoint\",\"urlTemplate\":\"https:\\\/\\\/www.meydan.tv\\\/az\\\/?s={search_term_string}\"},\"query-input\":{\"@type\":\"PropertyValueSpecification\",\"valueRequired\":true,\"valueName\":\"search_term_string\"}}],\"inLanguage\":\"az\"},{\"@type\":\"Organization\",\"@id\":\"https:\\\/\\\/www.meydan.tv\\\/az\\\/#organization\",\"name\":\"Meydan TV\",\"url\":\"https:\\\/\\\/www.meydan.tv\\\/az\\\/\",\"logo\":{\"@type\":\"ImageObject\",\"inLanguage\":\"az\",\"@id\":\"https:\\\/\\\/www.meydan.tv\\\/az\\\/#\\\/schema\\\/logo\\\/image\\\/\",\"url\":\"https:\\\/\\\/www.meydan.tv\\\/wp-content\\\/uploads\\\/2021\\\/07\\\/meydan-logo.svg\",\"contentUrl\":\"https:\\\/\\\/www.meydan.tv\\\/wp-content\\\/uploads\\\/2021\\\/07\\\/meydan-logo.svg\",\"width\":195,\"height\":46,\"caption\":\"Meydan TV\"},\"image\":{\"@id\":\"https:\\\/\\\/www.meydan.tv\\\/az\\\/#\\\/schema\\\/logo\\\/image\\\/\"}},{\"@type\":\"Person\",\"@id\":\"https:\\\/\\\/www.meydan.tv\\\/az\\\/#\\\/schema\\\/person\\\/10d11eccf6da3662cf5fdab9806ea91a\",\"name\":\"user-manager\"}]}<\/script>\n<!-- \/ Yoast SEO plugin. -->","yoast_head_json":{"title":"\u201cBak\u0131da el\u0259 bir yer var ki, x\u0259st\u0259xana ev\u0259 biti\u015fik olsun?\u201d - MEYDAN.TV","robots":{"index":"index","follow":"follow","max-snippet":"max-snippet:-1","max-image-preview":"max-image-preview:large","max-video-preview":"max-video-preview:-1"},"canonical":"https:\/\/www.meydan.tv\/az\/article\/bakida-ele-bir-yer-var-ki-xestexana-eve-bitisik-olsun\/","og_locale":"az_AZ","og_type":"article","og_title":"\u201cBak\u0131da el\u0259 bir yer var ki, x\u0259st\u0259xana ev\u0259 biti\u015fik olsun?\u201d - MEYDAN.TV","og_description":"\u018fliyevl\u0259r ail\u0259si \u015fikay\u0259t edir ki, N\u0259rimanov rayonunda yerl\u0259\u015f\u0259n \u201cButa\u201d klinikas\u0131 onlar\u0131n art\u0131q 20 ildir ki, ya\u015fad\u0131\u011f\u0131 ev\u0259 biti\u015fik tikilib.","og_url":"https:\/\/www.meydan.tv\/az\/article\/bakida-ele-bir-yer-var-ki-xestexana-eve-bitisik-olsun\/","og_site_name":"MEYDAN.TV","article_published_time":"2021-07-21T21:49:11+00:00","og_image":[{"width":1474,"height":820,"url":"https:\/\/www.meydan.tv\/wp-content\/uploads\/screenshot_at_jul_21_20-41-48.png","type":"image\/png"}],"author":"user-manager","twitter_card":"summary_large_image","schema":{"@context":"https:\/\/schema.org","@graph":[{"@type":"Article","@id":"https:\/\/www.meydan.tv\/az\/article\/bakida-ele-bir-yer-var-ki-xestexana-eve-bitisik-olsun\/#article","isPartOf":{"@id":"https:\/\/www.meydan.tv\/az\/article\/bakida-ele-bir-yer-var-ki-xestexana-eve-bitisik-olsun\/"},"author":{"name":"user-manager","@id":"https:\/\/www.meydan.tv\/az\/#\/schema\/person\/10d11eccf6da3662cf5fdab9806ea91a"},"headline":"\u201cBak\u0131da el\u0259 bir yer var ki, x\u0259st\u0259xana ev\u0259 biti\u015fik olsun?\u201d","datePublished":"2021-07-21T21:49:11+00:00","mainEntityOfPage":{"@id":"https:\/\/www.meydan.tv\/az\/article\/bakida-ele-bir-yer-var-ki-xestexana-eve-bitisik-olsun\/"},"wordCount":215,"publisher":{"@id":"https:\/\/www.meydan.tv\/az\/#organization"},"image":{"@id":"https:\/\/www.meydan.tv\/az\/article\/bakida-ele-bir-yer-var-ki-xestexana-eve-bitisik-olsun\/#primaryimage"},"thumbnailUrl":"https:\/\/www.meydan.tv\/wp-content\/uploads\/screenshot_at_jul_21_20-41-48.png","articleSection":["Video"],"inLanguage":"az"},{"@type":"WebPage","@id":"https:\/\/www.meydan.tv\/az\/article\/bakida-ele-bir-yer-var-ki-xestexana-eve-bitisik-olsun\/","url":"https:\/\/www.meydan.tv\/az\/article\/bakida-ele-bir-yer-var-ki-xestexana-eve-bitisik-olsun\/","name":"\u201cBak\u0131da el\u0259 bir yer var ki, x\u0259st\u0259xana ev\u0259 biti\u015fik olsun?\u201d - MEYDAN.TV","isPartOf":{"@id":"https:\/\/www.meydan.tv\/az\/#website"},"primaryImageOfPage":{"@id":"https:\/\/www.meydan.tv\/az\/article\/bakida-ele-bir-yer-var-ki-xestexana-eve-bitisik-olsun\/#primaryimage"},"image":{"@id":"https:\/\/www.meydan.tv\/az\/article\/bakida-ele-bir-yer-var-ki-xestexana-eve-bitisik-olsun\/#primaryimage"},"thumbnailUrl":"https:\/\/www.meydan.tv\/wp-content\/uploads\/screenshot_at_jul_21_20-41-48.png","datePublished":"2021-07-21T21:49:11+00:00","breadcrumb":{"@id":"https:\/\/www.meydan.tv\/az\/article\/bakida-ele-bir-yer-var-ki-xestexana-eve-bitisik-olsun\/#breadcrumb"},"inLanguage":"az","potentialAction":[{"@type":"ReadAction","target":["https:\/\/www.meydan.tv\/az\/article\/bakida-ele-bir-yer-var-ki-xestexana-eve-bitisik-olsun\/"]}]},{"@type":"ImageObject","inLanguage":"az","@id":"https:\/\/www.meydan.tv\/az\/article\/bakida-ele-bir-yer-var-ki-xestexana-eve-bitisik-olsun\/#primaryimage","url":"https:\/\/www.meydan.tv\/wp-content\/uploads\/screenshot_at_jul_21_20-41-48.png","contentUrl":"https:\/\/www.meydan.tv\/wp-content\/uploads\/screenshot_at_jul_21_20-41-48.png","width":1474,"height":820,"caption":"Source: Meydan.TV"},{"@type":"BreadcrumbList","@id":"https:\/\/www.meydan.tv\/az\/article\/bakida-ele-bir-yer-var-ki-xestexana-eve-bitisik-olsun\/#breadcrumb","itemListElement":[{"@type":"ListItem","position":1,"name":"Ana s\u0259hif\u0259","item":"https:\/\/www.meydan.tv\/az\/"},{"@type":"ListItem","position":2,"name":"Video","item":"https:\/\/www.meydan.tv\/az\/section\/video-2\/"},{"@type":"ListItem","position":3,"name":"\u201cBak\u0131da el\u0259 bir yer var ki, x\u0259st\u0259xana ev\u0259 biti\u015fik olsun?\u201d"}]},{"@type":"WebSite","@id":"https:\/\/www.meydan.tv\/az\/#website","url":"https:\/\/www.meydan.tv\/az\/","name":"MEYDAN.TV","description":"Meydan TV Az\u0259rbaycan\u0131n media m\u0259kan\u0131ndak\u0131 alternativ s\u0259sidir","publisher":{"@id":"https:\/\/www.meydan.tv\/az\/#organization"},"potentialAction":[{"@type":"SearchAction","target":{"@type":"EntryPoint","urlTemplate":"https:\/\/www.meydan.tv\/az\/?s={search_term_string}"},"query-input":{"@type":"PropertyValueSpecification","valueRequired":true,"valueName":"search_term_string"}}],"inLanguage":"az"},{"@type":"Organization","@id":"https:\/\/www.meydan.tv\/az\/#organization","name":"Meydan TV","url":"https:\/\/www.meydan.tv\/az\/","logo":{"@type":"ImageObject","inLanguage":"az","@id":"https:\/\/www.meydan.tv\/az\/#\/schema\/logo\/image\/","url":"https:\/\/www.meydan.tv\/wp-content\/uploads\/2021\/07\/meydan-logo.svg","contentUrl":"https:\/\/www.meydan.tv\/wp-content\/uploads\/2021\/07\/meydan-logo.svg","width":195,"height":46,"caption":"Meydan TV"},"image":{"@id":"https:\/\/www.meydan.tv\/az\/#\/schema\/logo\/image\/"}},{"@type":"Person","@id":"https:\/\/www.meydan.tv\/az\/#\/schema\/person\/10d11eccf6da3662cf5fdab9806ea91a","name":"user-manager"}]}},"_links":{"self":[{"href":"https:\/\/www.meydan.tv\/az\/wp-json\/wp\/v2\/posts\/212068","targetHints":{"allow":["GET"]}}],"collection":[{"href":"https:\/\/www.meydan.tv\/az\/wp-json\/wp\/v2\/posts"}],"about":[{"href":"https:\/\/www.meydan.tv\/az\/wp-json\/wp\/v2\/types\/post"}],"author":[{"embeddable":true,"href":"https:\/\/www.meydan.tv\/az\/wp-json\/wp\/v2\/users\/11"}],"replies":[{"embeddable":true,"href":"https:\/\/www.meydan.tv\/az\/wp-json\/wp\/v2\/comments?post=212068"}],"version-history":[{"count":0,"href":"https:\/\/www.meydan.tv\/az\/wp-json\/wp\/v2\/posts\/212068\/revisions"}],"wp:featuredmedia":[{"embeddable":true,"href":"https:\/\/www.meydan.tv\/az\/wp-json\/wp\/v2\/media\/208209"}],"wp:attachment":[{"href":"https:\/\/www.meydan.tv\/az\/wp-json\/wp\/v2\/media?parent=212068"}],"wp:term":[{"taxonomy":"category","embeddable":true,"href":"https:\/\/www.meydan.tv\/az\/wp-json\/wp\/v2\/categories?post=212068"},{"taxonomy":"post_tag","embeddable":true,"href":"https:\/\/www.meydan.tv\/az\/wp-json\/wp\/v2\/tags?post=212068"}],"curies":[{"name":"wp","href":"https:\/\/api.w.org\/{rel}","templated":true}]}}