{"id":212065,"date":"2021-07-21T17:27:45","date_gmt":"2021-07-21T17:27:45","guid":{"rendered":"https:\/\/www.meydan.tv\/article\/elnur-mecidli-azerbaycan-10-il-evvelki-azerbaycan-deyil\/"},"modified":"2021-07-21T17:27:45","modified_gmt":"2021-07-21T17:27:45","slug":"elnur-mecidli-azerbaycan-10-il-evvelki-azerbaycan-deyil","status":"publish","type":"post","link":"https:\/\/www.meydan.tv\/az\/article\/elnur-mecidli-azerbaycan-10-il-evvelki-azerbaycan-deyil\/","title":{"rendered":"Elnur M\u0259cidli: Az\u0259rbaycan 10 il \u0259vv\u0259lki Az\u0259rbaycan deyil"},"content":{"rendered":"<figure class=\"wp-block-embed is-type-video is-provider-youtube wp-block-embed-youtube wp-embed-aspect-16-9 wp-has-aspect-ratio\">\n<div class=\"wp-block-embed__wrapper\">\n    <iframe\ttitle=\"Elnur M\u0259cidli: Az\u0259rbaycan 10 il \u0259vv\u0259lki Az\u0259rbaycan deyil\" width=\"1200\" height=\"675\" data-src=\"https:\/\/www.youtube.com\/embed\/_-Sln1GQk-w\"\tframeborder=\"0\"\tallow=\"accelerometer; autoplay; clipboard-write; encrypted-media; gyroscope; picture-in-picture\" allowfullscreen src=\"data:image\/svg+xml;base64,PHN2ZyB3aWR0aD0iMSIgaGVpZ2h0PSIxIiB4bWxucz0iaHR0cDovL3d3dy53My5vcmcvMjAwMC9zdmciPjwvc3ZnPg==\" class=\"lazyload\" data-load-mode=\"1\"><\/iframe>\n  <\/div><figcaption>\n    Elnur M\u0259cidli: Az\u0259rbaycan 10 il \u0259vv\u0259lki Az\u0259rbaycan deyil<br \/>\n  <\/figcaption><\/figure>\n<p>\n  <i><br \/>\n    2010-cu il parlament se\u00e7kil\u0259rind\u0259 i\u015ftirak ed\u0259n, sonradan haqq\u0131nda cinay\u0259t i\u015fi a\u00e7\u0131ld\u0131\u011f\u0131 \u00fc\u00e7\u00fcn \u00f6lk\u0259ni t\u0259rk ed\u0259n Elnur M\u0259cidli h\u0259m d\u0259 m\u00fcxt\u0259lif aksiyalar\u0131n t\u0259\u015fkilat\u00e7\u0131s\u0131 kimi tan\u0131n\u0131r. Haz\u0131rda o, m\u00fcv\u0259qq\u0259ti olaraq Az\u0259rbaycana qay\u0131d\u0131b.<br \/>\n  <\/i>\n<\/p>\n<p>\n  <i><br \/>\n    Elnur M\u0259cidli Meydan TV-nin suallar\u0131n\u0131 cavabland\u0131r\u0131b.<br \/>\n  <\/i>\n<\/p>\n<p>\n  <b><br \/>\n    &#8211; Elnur b\u0259y, 11 il sonra m\u00fcv\u0259qq\u0259ti Az\u0259rbaycana qay\u0131td\u0131n\u0131z. B\u0259s g\u0259l\u0259c\u0259kd\u0259 nec\u0259 h\u0259mi\u015f\u0259lik g\u0259lm\u0259k fikriniz varm\u0131?<br \/>\n  <\/b>\n<\/p>\n<p>\n  &#8211; Bu, \u0259slind\u0259, m\u00fcv\u0259qq\u0259ti qay\u0131d\u0131\u015fd\u0131r, bundan sonra m\u0259nim art\u0131q Fransada bir h\u0259yat\u0131m var, orda qalacam, amma Az\u0259rbaycana t\u0259bii ki, v\u0259t\u0259n kimi g\u0259lib-ged\u0259c\u0259m. G\u0259l\u0259c\u0259k nec\u0259 olacaq, onu indid\u0259n dey\u0259 bilm\u0259r\u0259m, ancaq Az\u0259rbaycana g\u0259lib-getm\u0259k daha rahat olacaq, ild\u0259 bir d\u0259f\u0259 g\u0259lm\u0259k imkan\u0131m\u0131z olacaq.\n<\/p>\n<p>\n  &#8211;<br \/>\n  <b><br \/>\n    Prezident\u0259 t\u0259\u015f\u0259kk\u00fcr m\u00fcraci\u0259tiniz sosial \u015f\u0259b\u0259k\u0259l\u0259rd\u0259 v\u0259 mediada birm\u0259nal\u0131 qar\u015f\u0131lanmad\u0131. H\u0259tta h\u00f6kum\u0259t medias\u0131 sizin m\u00fcraci\u0259ti yayd\u0131qda, \u201c11 mart &#8211; B\u00f6y\u00fck Xalq G\u00fcn\u00fc\u201d v\u0259 \u201c2 Aprel-B\u00f6y\u00fck Q\u0259z\u0259b G\u00fcn\u00fc\u201d aksiyalar\u0131n\u0131n t\u0259\u015fkilat\u00e7\u0131s\u0131 oldu\u011funuzu da xat\u0131rlatd\u0131. Hakimiyy\u0259t\u0259 m\u00fcnasib\u0259tinizd\u0259 d\u0259yi\u015fikliy\u0259 hans\u0131 s\u0259b\u0259bl\u0259r t\u0259sir g\u00f6st\u0259rib?<br \/>\n  <\/b>\n<\/p>\n<p>\n  &#8211; H\u0259r iki aksiyada \u00e7a\u011f\u0131r\u0131\u015f\u0131m h\u0259mi\u015f\u0259 sivil olub, h\u0259tta h\u0259min vaxt 11 martdan \u0259vv\u0259l Azadl\u0131q Radiosuna m\u00fcsahib\u0259md\u0259 d\u0259 demi\u015fdim ki, bu, sivil etiraz formas\u0131d\u0131r. Haqq\u0131mda a\u00e7\u0131lan cinay\u0259t i\u015fi-d\u00f6vl\u0259t \u00e7evili\u015fin\u0259 c\u0259hd idi. D\u00fc\u015f\u00fcn\u00fcrd\u00fcm ki, burda bir q\u0259r\u0259z, q\u0259sd ola bil\u0259r. Zamanla m\u0259nz\u0259r\u0259ni ayd\u0131n g\u00f6rm\u0259y\u0259 ba\u015flad\u0131m ki, hans\u0131sa bir qrup m\u0259mur naraz\u0131 k\u00fctl\u0259d\u0259n \u00f6z lehin\u0259 istifad\u0259 ed\u0259r\u0259k v\u0259zif\u0259l\u0259rini qoruma\u011fa \u00e7al\u0131\u015f\u0131r. Burda bir \u0259lbirlik g\u00f6r\u00fcn\u00fcr, h\u0259m m\u00fcxalif\u0259t daxilind\u0259 insanlar var ki, h\u0259min qrupa i\u015fl\u0259yirdi, t\u0259s\u0259vv\u00fcr edin ki, h\u0259min qrup v\u0259zif\u0259d\u0259n k\u0259narla\u015fd\u0131r\u0131landan sonra onlarla \u0259lbir olan, s\u0259si gur \u00e7\u0131xan m\u00fcxalif\u0259t\u00e7il\u0259rin d\u0259 s\u0259si azald\u0131. C\u0259miyy\u0259t g\u00f6r\u00fcr ki, h\u0259min insanlar qar\u015f\u0131l\u0131ql\u0131 olaraq bir-birinin maraqlar\u0131n\u0131 t\u0259min edirdi. Bu m\u0259nz\u0259r\u0259ni \u00f6z\u00fcm \u00fc\u00e7\u00fcn ayd\u0131nla\u015fd\u0131randan sonra d\u00fc\u015f\u00fcnd\u00fcm ki, m\u0259qs\u0259dim hans\u0131sa m\u0259murun v\u0259zif\u0259d\u0259 qalmas\u0131na xidm\u0259t deyil. Bel\u0259 olan halda 2014-c\u00fc ild\u0259n art\u0131q prezident\u0259 m\u00fcraci\u0259tl\u0259r edirdim, amma h\u0259min komanda hakimiyy\u0259td\u0259 oldu\u011fundan m\u00fcraci\u0259tl\u0259r \u00fcnvana \u00e7atm\u0131rd\u0131. Siyasi islahatlar prosesi ba\u015flayandan sonra gedi\u015fat\u0131 s\u0259brl\u0259 g\u00f6zl\u0259dim. Hans\u0131 ki, h\u0259min q\u00fcvv\u0259l\u0259r d\u00f6vl\u0259t\u00e7ilik mara\u011f\u0131ndan \u00e7ox \u00f6z \u015f\u0259xsi m\u0259nafel\u0259rini \u00f6n plana qoymu\u015fdular. Onlar v\u0259zif\u0259d\u0259n ged\u0259nd\u0259n sonra m\u00fcraci\u0259tim laz\u0131m\u0131 \u00fcnvana \u00e7atd\u0131, bildiyim q\u0259d\u0259r m\u00fcraci\u0259tim prezident\u0259 m\u0259ruz\u0259 olundu v\u0259 s\u0131rf onun \u015f\u0259xsi t\u0259\u015f\u0259bb\u00fcs\u00fc il\u0259 bu m\u0259s\u0259l\u0259 yekunla\u015fd\u0131.\n<\/p>\n<p>\n  <b><br \/>\n    &#8211; Uzun ill\u0259r \u0130lham \u018fliyevi t\u0259nqid etdiniz. \u0130ll\u0259r ke\u00e7di, siz d\u0259yi\u015fdiniz, yoxsa \u018fliyev?<br \/>\n  <\/b>\n<\/p>\n<p>\n  &#8211; D\u00fc\u015f\u00fcn\u00fcr\u0259m ki, d\u0259yi\u015fm\u0259 ikit\u0259r\u0259fli ba\u015f verir. Az\u0259rbaycan 10 il \u0259vv\u0259lki Az\u0259rbaycan deyil, b\u0259z\u0259n m\u0259nz\u0259r\u0259ni f\u0259rqli g\u00f6r\u0259 bilirik. Da\u011f\u0131n t\u0259p\u0259sind\u0259 dayansaq, daha ayd\u0131n g\u00f6r\u00fcrs\u0259n, amma d\u0259r\u0259d\u0259n da\u011f\u0131n o t\u0259r\u0259fini g\u00f6rm\u0259k m\u00fcmk\u00fcn deyil, sad\u0259c\u0259, f\u0259rziyy\u0259l\u0259r var. El\u0259 m\u0259qam yarand\u0131 ki, biz art\u0131q da\u011f\u0131n t\u0259p\u0259sind\u0259n real m\u0259nz\u0259r\u0259ni g\u00f6rm\u0259y\u0259 ba\u015flayanda, \u0259laq\u0259l\u0259ri, p\u0259rd\u0259arxas\u0131n\u0131, o zaman art\u0131q se\u00e7im ed\u0259 bildik. Siz d\u0259 bu prosesl\u0259rin i\u00e7ind\u0259 olan adam kimi m\u00fcxalif\u0259td\u0259 v\u0259 iqtidarda kimin \u0259linin kimin cibind\u0259 oldu\u011funu bilirsiniz. Bu g\u00fcn \u00f6z\u00fcn\u00fc f\u0259dakar kimi g\u00f6st\u0259r\u0259n bir s\u0131ra adam var ki, onlar uzun ill\u0259r hakimiyy\u0259td\u0259 hans\u0131sa bir qrupun mara\u011f\u0131na i\u015fl\u0259yib.\n<\/p>\n<p>\n  &#8211;<br \/>\n  <b><br \/>\n    M\u00fcraci\u0259tinizd\u0259n sonra Fransada m\u00fchacir\u0259td\u0259 olan qohumlar\u0131n\u0131zdan, m\u0259s\u0259l\u0259n, qarda\u015f\u0131n\u0131zdan narahat deyilsiz ki, Fransa oturmuna son qoyar?<br \/>\n  <\/b>\n<\/p>\n<p>\n  &#8211; Xeyr, \u0259g\u0259r sizin siyasi probleminiz ba\u015fa \u00e7at\u0131bsa, bunu bildirm\u0259lisiniz. Fransada 5 il ya\u015fam\u0131s\u0131n\u0131zsa, deyirsiniz ki, problemim bitib, bunu s\u00f6yl\u0259m\u0259k laz\u0131md\u0131r. B\u0259lkd\u0259 sizin d\u0259 tan\u0131d\u0131\u011f\u0131n\u0131z bir \u00e7ox m\u00fchacir bu g\u00fcn \u00f6lk\u0259y\u0259 g\u0259ls\u0259 d\u0259, bu bar\u0259d\u0259 susur. K\u00f6n\u00fcll\u00fc \u015f\u0259kild\u0259 gedib dem\u0259k laz\u0131md\u0131r ki, m\u0259nim prosesim yekunla\u015fd\u0131, bu m\u0259s\u0259l\u0259 o adamlarda qorxu yarad\u0131r ki, 10 ildir sosial yard\u0131mdan faydalan\u0131r. Bu, daha \u00e7ox v\u0259t\u0259nda\u015fl\u0131q ala bilm\u0259y\u0259nl\u0259ri qorxudur. M\u0259n Fransada 2014-c\u00fc ild\u0259n ya\u015fay\u0131ram, 2011-ci ild\u0259 cinay\u0259t i\u015fi a\u00e7\u0131landa is\u0259 7 il idi ordayd\u0131m, tam olaraq 17 il. Y\u0259ni problemin bitibs\u0259, gizl\u0259tm\u0259k laz\u0131m deyil. Bu, ham\u0131yla ba\u011fl\u0131d\u0131r, bilir\u0259m ki, bu g\u00fcn Miqrasiya \u0130dar\u0259sin\u0259 m\u00fcxt\u0259lif hekay\u0259l\u0259r dan\u0131\u015fanlar var, onlar \u00f6lk\u0259y\u0259 g\u0259lib gedirl\u0259r.\n<\/p>\n<p>\n  &#8211;<br \/>\n  <b><br \/>\n    Sizi El\u015fad Abdullayevl\u0259 n\u0259 birl\u0259\u015fdirirdi ki, onun m\u0259tbuat katibi oldunuz? M\u0259s\u0259l\u0259 ondad\u0131r ki, Az\u0259rbaycanda ona m\u00fcnasib\u0259t birm\u0259nal\u0131 deyil&#8230;<br \/>\n  <\/b>\n<\/p>\n<p>\n  &#8211; Bu, o d\u00f6vr\u0259 t\u0259sad\u00fcf etdi ki&#8230; Onunla tan\u0131\u015fl\u0131\u011f\u0131m 2011-ci ild\u0259 ba\u015f verdi v\u0259 3 il davam etdi, 2014-c\u00fc il \u0259vv\u0259lin\u0259 q\u0259d\u0259r, ondan sonra he\u00e7 bir t\u0259mas\u0131m\u0131z yoxdur. T\u0259s\u0259vv\u00fcr edin ki, \u00fcst\u00fcn\u0259 d\u00f6vl\u0259t ma\u015f\u0131n\u0131 g\u0259lir, repressiv bir mexanizm var, atan, qarda\u015f\u0131n i\u015fd\u0259n \u00e7\u0131xar\u0131l\u0131b v\u0259 instinktiv olaraq aqressiyan art\u0131r. N\u0259tic\u0259d\u0259 m\u00fcdafi\u0259 mexanizmi formala\u015fd\u0131r\u0131rsan. O zaman m\u0259n\u0259 bir \u00e7ox m\u0259s\u0259l\u0259 ayd\u0131n oldu. El\u015fad Abdullayev Fransaya m\u00fcxt\u0259lif s\u0259b\u0259bl\u0259rd\u0259n g\u0259lmi\u015fdi, t\u0259bii ki, ortada problem var, lakin o \u0259r\u0259f\u0259d\u0259 onun \u0259lind\u0259 videolar oldu\u011funu g\u00f6rd\u00fcm. Bel\u0259likl\u0259, h\u0259min videolar\u0131n yay\u0131lmas\u0131nda k\u00f6m\u0259klik g\u00f6st\u0259rm\u0259yi \u00f6hd\u0259lik kimi \u00f6z\u00fcmd\u0259 hiss etdim. D\u00fc\u015f\u00fcnd\u00fcm ki, bunlar ictimail\u0259\u015fm\u0259lidir. \u00c7\u00fcnki bu videolar\u0131n ictimail\u0259\u015fm\u0259si m\u00fc\u0259yy\u0259n q\u0259d\u0259r Az\u0259rbaycan d\u00f6vl\u0259t\u00e7ilyin\u0259 xidm\u0259t etdi. Ramiz Mehdiyevl\u0259 ba\u011fl\u0131 o d\u00f6vr\u0259 q\u0259d\u0259r bir yana\u015fma vard\u0131 ki, o kommunist m\u00fchitind\u0259 b\u00f6y\u00fcy\u00fcb, sovet adam\u0131 oldu\u011fundan r\u00fc\u015fv\u0259t alm\u0131r, amma h\u0259min videolar bu f\u0259rziyy\u0259l\u0259ri da\u011f\u0131td\u0131. M\u00fc\u0259yy\u0259n m\u0259qamdan sonra v\u0259ziyy\u0259ti ayd\u0131n g\u00f6rd\u00fcm, indi ad \u00e7\u0259km\u0259k ist\u0259mir\u0259m ki, polemikaya s\u0259b\u0259b ola bil\u0259r. D\u00fc\u015f\u00fcn\u00fcn ki, Daxili \u0130\u015fl\u0259r Nazirliyinin bir r\u0259smisinin videosu var, amma m\u00fcxalif\u0259t\u00e7i say\u0131lan adam El\u015fad Abdullayev\u0259 z\u0259ng edir ki, h\u0259min videonu yayma. B\u0259lk\u0259 h\u0259min adam bu s\u00f6hb\u0259t\u0259 tama\u015fa ed\u0259nd\u0259, kimi n\u0259z\u0259rd\u0259 tutdu\u011fumu yax\u015f\u0131 bil\u0259c\u0259k. \u0130ndi o \u00f6nd\u0259 olan partiyan\u0131n \u0259sas fiqurlar\u0131ndan biridir.\n<\/p>\n<p>\n  <b><br \/>\n    &#8211; Y\u0259qin ki, El\u015fad Abdullayevin siz\u0259 qar\u015f\u0131 ittihamlar\u0131ndan x\u0259b\u0259rdars\u0131n\u0131z. H\u00f6kum\u0259t\u0259 i\u015fl\u0259m\u0259kd\u0259 su\u00e7lay\u0131r, konkret olaraq, Lider TV, Trend.az media qruplar\u0131yla i\u015fl\u0259diyinizi deyir.<br \/>\n  <\/b>\n<\/p>\n<p>\n  &#8211; Ola bil\u0259r, ke\u00e7mi\u015fd\u0259 d\u0259 bel\u0259 \u015feyl\u0259ri deyib. 2014-c\u00fc ild\u0259 bu bar\u0259d\u0259 m\u00f6vqe ortaya qoyandan sonra o bel\u0259 dan\u0131\u015fm\u0131\u015fd\u0131. Bilirsiniz, h\u0259yat\u0131mda he\u00e7 bir i\u015fim gizli olmay\u0131b. \u0130ndi d\u0259 d\u00fc\u015f\u00fcn\u00fcr\u0259m ki, bu y\u00f6nd\u0259 getm\u0259k daha do\u011frudur v\u0259 bunlar\u0131 gizlin etm\u0259mi\u015f\u0259m, a\u00e7\u0131q elan olub. Problem o deyil ki, b\u00fct\u00fcn insanlar m\u0259nim m\u00f6vqeyimi b\u00f6l\u00fc\u015fm\u0259li, yaxud \u0259ksin\u0259 olmal\u0131d\u0131r. Ancaq bu sektorda ikit\u0259r\u0259fli oynayanlar var, \u0259n \u00e7ox t\u0259nqid ed\u0259nl\u0259r d\u0259 onlard\u0131r. M\u0259ni \u0259n \u00e7ox t\u0259nqid ed\u0259n insanlar onlard\u0131r ki, ya vaxtil\u0259 gizlin oynayaraq \u00f6z partiyas\u0131na x\u0259yan\u0259t edib, ya da pullar\u0131n\u0131 k\u0259sdikl\u0259rind\u0259n d\u00f6n\u00fcb m\u00fcxalif\u0259t\u00e7i olublar. M\u0259nim dayand\u0131\u011f\u0131m yer is\u0259 h\u0259mi\u015f\u0259 ayd\u0131n olub.\n<\/p>\n<p>\n  <b><br \/>\n    &#8211; Bel\u0259 ba\u015fa d\u00fc\u015fd\u00fcm ki, k\u00f6hn\u0259 komanda-Ramiz Mehdiyevin komandas\u0131 ged\u0259nd\u0259n sonra hakimiyy\u0259td\u0259 v\u0259ziyy\u0259t, bax\u0131\u015f d\u0259yi\u015fib. Bel\u0259 dem\u0259k ist\u0259yirsiniz?<br \/>\n  <\/b>\n<\/p>\n<p>\n  &#8211; B\u0259li. Yeni, g\u0259nc n\u0259sli \u00e7ox \u0259h\u0259miyy\u0259tli hesab edir\u0259m, t\u0259bii ki, burda \u00f6lk\u0259 ba\u015f\u00e7\u0131s\u0131 b\u00f6y\u00fck rol oynay\u0131r. Amma g\u0259ncl\u0259\u015fm\u0259 v\u0259 b\u00fct\u00fcn proses\u0259 daha pe\u015f\u0259kar yana\u015fma var, m\u0259n naraz\u0131yam v\u0259 n\u0259d\u0259n naraz\u0131yam, onlar bu problemi h\u0259ll etm\u0259y\u0259 \u00e7al\u0131\u015f\u0131rlar. Bu naraz\u0131l\u0131q hans\u0131 fonda ba\u015f verib, b\u0259z\u0259n ki\u00e7ik bir m\u0259murun \u00f6zba\u015f\u0131nal\u0131\u011f\u0131 bir adam\u0131 \u00f6lk\u0259d\u0259n k\u00fcsk\u00fcn sala bil\u0259r.\n<\/p>\n<p>\n  <b><br \/>\n    &#8211; Bir m\u0259qam var ki, g\u0259lin siz\u0259 opponentlik edim. 2020-ci ilin parlament se\u00e7kil\u0259ri Ramiz Mehdiyevin d\u00f6vr\u00fcnd\u0259 ke\u00e7irilm\u0259di, amma naraz\u0131l\u0131qlar da \u00e7ox idi. Sizin yax\u015f\u0131 tan\u0131d\u0131\u011f\u0131n\u0131z B\u0259xtiyar Hac\u0131yev prezidentin s\u0259s verdiyi dair\u0259d\u0259n namiz\u0259dliyini ir\u0259li s\u00fcrd\u00fc, se\u00e7kinin nec\u0259 ke\u00e7diyi bar\u0259d\u0259 is\u0259 video kadrlar var. V\u0259 bunlar yeni komandan\u0131n d\u00f6vr\u00fcnd\u0259 olubsa, nec\u0259 qiym\u0259t verirsiniz?<br \/>\n  <\/b>\n<\/p>\n<p>\n  &#8211; D\u00f6vl\u0259t mexanizmi davaml\u0131 i\u015fl\u0259y\u0259n mexanizmdir, amma \u00e7arxlar yava\u015f d\u00f6ns\u0259 d\u0259, proses davaml\u0131 olur. Biz h\u0259r \u015feyin bir g\u00fcnd\u0259 olmas\u0131n\u0131 ist\u0259yirik, h\u0259r \u015feyi bir g\u00fcn\u0259 s\u0131\u011f\u0131\u015fd\u0131rma\u011fa \u00e7al\u0131\u015f\u0131r\u0131q. Az\u0259rbaycan d\u00f6vl\u0259t\u00e7iliyini bir toxuma b\u0259nz\u0259din, \u0259vv\u0259l ot olur, onu qorumal\u0131s\u0131n\u0131z ki, heyvan yem\u0259sin, \u015faxta olanda \u00f6rtm\u0259lisiniz ki, soyuq vurmas\u0131n.\n<\/p>\n<p>\n  &#8211;<br \/>\n  <b><br \/>\n    Amma korrupsiya amili var. Yaxud iki g\u00fcn \u0259vv\u0259l Beyn\u0259lxalq Ara\u015fd\u0131rma Jurnalistl\u0259r \u015e\u0259b\u0259k\u0259si Az\u0259rbaycan h\u00f6kum\u0259tinin \u0130sraild\u0259n dinl\u0259m\u0259 proqram\u0131 ald\u0131\u011f\u0131 haqda m\u0259lumat yayd\u0131. M\u0259lum olub ki, \u00f6lk\u0259 daxilind\u0259 jurnalistl\u0259rin, f\u0259allar\u0131n, siyasil\u0259rin telefon dan\u0131\u015f\u0131\u011f\u0131n dinl\u0259nilirmi\u015f&#8230;<br \/>\n  <\/b>\n<\/p>\n<p>\n  &#8211; Bu m\u0259s\u0259l\u0259d\u0259 \u0130srail amilin\u0259 n\u0259z\u0259r yetirm\u0259lisiniz. Az\u0259rbaycanda \u0130srailin g\u00fccl\u0259nm\u0259sini kim ist\u0259m\u0259y\u0259 bil\u0259r? H\u0259r halda informasiyan\u0131 \u0130srail yaymay\u0131b. Kiml\u0259rins\u0259 dinl\u0259nilm\u0259si x\u0131rda detallard\u0131r.\n<\/p>\n<p>\n  &#8211;<br \/>\n  <b><br \/>\n    Y\u0259ni siz bu m\u0259s\u0259l\u0259y\u0259 geopolitik oyun kimi bax\u0131rs\u0131n\u0131z?<br \/>\n  <\/b>\n<\/p>\n<p>\n  &#8211; B\u0259li. Bunlar\u0131n arxas\u0131nda maraqlar dayan\u0131r.\n<\/p>\n<p>\n  <b><br \/>\n    &#8211; Ancaq Az\u0259rbaycan qanunvericiliyi v\u0259t\u0259nda\u015f\u0131n telefonunun dinl\u0259nilm\u0259sini yolverilm\u0259z say\u0131r&#8230;<br \/>\n  <\/b>\n<\/p>\n<p>\n  &#8211; Siz d\u00fc\u015f\u00fcn\u00fcrs\u00fcn\u00fcz ki, bu, yaln\u0131z Az\u0259rbaycanda ba\u015f verir? Sad\u0259c\u0259, bunu ortaya \u00e7\u0131xaran da bir k\u0259\u015ffiyyatd\u0131r.\n<\/p>\n<p>\n  &#8211;<br \/>\n  <b><br \/>\n    Fakt budur ki, Jurnalistl\u0259rin Ara\u015fd\u0131rmas\u0131 \u015e\u0259b\u0259k\u0259si ortaya \u00e7\u0131xar\u0131b&#8230;<br \/>\n  <\/b>\n<\/p>\n<p>\n  &#8211; Yox, onlar art\u0131q \u00f6n planda olanlard\u0131r. M\u0259n o prosesl\u0259ri ya\u015fayan adam kimi bilir\u0259m ki, informasiya \u0259liniz\u0259 g\u0259lm\u0259s\u0259, qayna\u011f\u0131n\u0131 nec\u0259 tapa bil\u0259rsiniz?\n<\/p>\n<p>\n  <b><br \/>\n    &#8211; Ara\u015fd\u0131rma apar\u0131b tap\u0131blar&#8230;<br \/>\n  <\/b>\n<\/p>\n<p>\n  &#8211; Yox, ciddi m\u0259s\u0259l\u0259 deyil. Qlobal maraqlar bu kimi m\u0259s\u0259l\u0259l\u0259rd\u0259 rol oynay\u0131r. T\u0259s\u0259vv\u00fcr ed\u0259k ki, Az\u0259rbaycan Rusiyan\u0131n hans\u0131sa mara\u011f\u0131na zidd h\u0259r\u0259k\u0259t edir, m\u00fcharib\u0259 d\u00f6vr\u00fcn\u00fc, c\u0259nab prezidentin rolunu g\u00f6t\u00fcr\u0259k, \u00e7ox do\u011fru zaman\u0131 se\u00e7di, o ke\u00e7\u0259n s\u00fcr\u0259tli qatara minm\u0259yi bacard\u0131. Siyasi irad\u0259, t\u0259cr\u00fcb\u0259, uzaqg\u00f6r\u0259nlik, bunlar ham\u0131s\u0131, b\u00fct\u00fcn keyfiyy\u0259tl\u0259r orda birl\u0259\u015fib v\u0259 bir s\u0131ra \u00f6lk\u0259l\u0259rin maraqlar\u0131n\u0131 t\u0259min etm\u0259di. M\u0259s\u0259l\u0259 ondad\u0131r ki, Az\u0259rbaycan\u0131n \u0130sraill\u0259 h\u0259rbi \u0259m\u0259kda\u015fl\u0131\u011f\u0131n\u0131n geni\u015fl\u0259nm\u0259si davam etdirilir, onlar\u0131n \u0259n yeni texnoloji silahlar\u0131n\u0131 Qaraba\u011f m\u00fcharib\u0259sind\u0259 s\u0131naqdan \u00e7\u0131xar\u0131ld\u0131.\n<\/p>\n<p>\n  <b><br \/>\n    &#8211; Amma bunlar \u0259sas vermir ki, s\u0259n \u00f6lk\u0259d\u0259 insan haqlar\u0131n\u0131n tapdanmas\u0131na, azad median\u0131n h\u00fcquqlar\u0131n\u0131n pozulmas\u0131na g\u00f6z yumasan&#8230;<br \/>\n  <\/b>\n<\/p>\n<p>\n  &#8211; Bilirsiniz, azadl\u0131qlar formala\u015fmal\u0131d\u0131r, 10 il \u0259vv\u0259lki v\u0259ziyy\u0259tl\u0259 indiki eyni deyil, burda ya\u015fad\u0131\u011f\u0131n\u0131zdan daha yax\u015f\u0131 g\u00f6r\u00fcrs\u00fcn\u00fcz. M\u0259n k\u0259nardan g\u00f6r\u00fcr\u0259m.\n<\/p>\n<p>\n  &#8211;<br \/>\n  <b><br \/>\n    B\u0259li, 10 il \u0259vv\u0259l Az\u0259rbaycanda \u00e7ap medias\u0131 m\u00fc\u0259yy\u0259n q\u0259d\u0259r qalm\u0131\u015fd\u0131, indi o da yoxdur. Siz\u0259 el\u0259 g\u0259lmir ki, getdikc\u0259, azadl\u0131qlar m\u0259hdudla\u015facaq?<br \/>\n  <\/b>\n<\/p>\n<p>\n  &#8211; Q\u0259zetl\u0259rin olmas\u0131 m\u0259s\u0259l\u0259si n\u0259 idi, d\u00f6vl\u0259t t\u0259r\u0259find\u0259n maliyy\u0259 ayr\u0131l\u0131rd\u0131, o maliyy\u0259 k\u0259sildi. Niy\u0259 d\u00fc\u015f\u00fcnm\u00fcr\u00fcs\u00fcnz ki, onlar\u0131n kifay\u0259t q\u0259d\u0259r oxucusu yox idi, yaxud ayr\u0131lan qrantlar hara gedir? Bilirsiniz, hesabatl\u0131l\u0131q ist\u0259y\u0259nin \u00f6z\u00fc \u015f\u0259ffaf olmal\u0131d\u0131r. Az\u0259rbaycanda b\u0259l\u0259diyy\u0259d\u0259n kup\u00e7as\u0131 olmayan torpaq al\u0131rlar, ard\u0131nca ev tikib qanunsuzluq edirl\u0259r, amma hans\u0131sa \u015firk\u0259tin b\u0259nz\u0259r qanunsuzlu\u011fundan narahat olursunuz. Bu, bilirsiniz subliminal olaraq q\u0131sqancl\u0131qd\u0131r, y\u0259ni \u0259linizd\u0259 imkan olsayd\u0131, siz d\u0259 ed\u0259rdiniz, amma o imkan yoxdur.\n<\/p>\n<p>\n  &#8211;<br \/>\n  <b><br \/>\n    B\u00fct\u00fcn hallarda nikbin yana\u015fd\u0131\u011f\u0131n\u0131z gedi\u015fat 10 il sonra yax\u015f\u0131l\u0131\u011fa do\u011fru ged\u0259c\u0259kmi?<br \/>\n  <\/b>\n<\/p>\n<p>\n  &#8211; \u018flb\u0259tt\u0259.\n<\/p>\n<p>\n  <b><br \/>\n    &#8211; Fikrinizi hans\u0131 arqumentl\u0259rl\u0259 \u0259sasland\u0131ra bil\u0259rsiniz?<br \/>\n  <\/b>\n<\/p>\n<p>\n  &#8211; Bir il \u0259vv\u0259l m\u0259n C\u0259bray\u0131la ged\u0259 bilmirdim, B\u00f6y\u00fck M\u0259rcanl\u0131 bir x\u0259yal idi, bu g\u00fcn gedir\u0259m. Bilirsiniz, probleml\u0259ri xronoloji ard\u0131c\u0131ll\u0131qla qoyub h\u0259ll etm\u0259k laz\u0131md\u0131r. Maa\u015f alanda ilk n\u00f6vb\u0259d\u0259 \u0259rzaq alma\u011f\u0131 d\u00fc\u015f\u00fcn\u00fcrs\u00fcn\u00fcz, amma u\u015faq oyuncaq ist\u0259yir, onu susdurursunuz, yeri g\u0259ls\u0259, q\u0259z\u0259bl\u0259nib vurursunuz, \u00e7\u00fcnki birinci ona qida laz\u0131md\u0131r. U\u015faq is\u0259 onu d\u00fc\u015f\u00fcnm\u00fcr, oyuncaq ist\u0259yir. D\u00f6vl\u0259t v\u0259 ata olmaq f\u0259rqli duy\u011fudur, bunun i\u00e7ind\u0259 mental, dini, tarixi d\u0259y\u0259rl\u0259r var, bir \u00e7ox \u015feyin kompleksidir, amma bu, bizik.<\/p>\n","protected":false},"excerpt":{"rendered":"<p>\u201cDaxili \u0130\u015fl\u0259r Nazirliyinin bir r\u0259smisinin videosu var, amma m\u00fcxalif\u0259t\u00e7i say\u0131lan adam El\u015fad Abdullayeva z\u0259ng edir ki, h\u0259min videonu yayma\u201d<\/p>\n","protected":false},"author":11,"featured_media":208191,"comment_status":"closed","ping_status":"open","sticky":false,"template":"","format":"standard","meta":{"_acf_changed":false,"_sitemap_exclude":false,"_sitemap_priority":"","_sitemap_frequency":"","footnotes":""},"categories":[63],"tags":[],"class_list":["post-212065","post","type-post","status-publish","format-standard","has-post-thumbnail","hentry","category-video-2","infinite-scroll-item","generate-columns","tablet-grid-50","mobile-grid-100","grid-parent","grid-33","no-featured-image-padding"],"acf":[],"yoast_head":"<!-- This site is optimized with the Yoast SEO plugin v27.5 - https:\/\/yoast.com\/product\/yoast-seo-wordpress\/ -->\n<title>Elnur M\u0259cidli: Az\u0259rbaycan 10 il \u0259vv\u0259lki Az\u0259rbaycan deyil - MEYDAN.TV<\/title>\n<meta name=\"robots\" content=\"index, follow, max-snippet:-1, max-image-preview:large, max-video-preview:-1\" \/>\n<link rel=\"canonical\" href=\"https:\/\/www.meydan.tv\/az\/article\/elnur-mecidli-azerbaycan-10-il-evvelki-azerbaycan-deyil\/\" \/>\n<meta property=\"og:locale\" content=\"az_AZ\" \/>\n<meta property=\"og:type\" content=\"article\" \/>\n<meta property=\"og:title\" content=\"Elnur M\u0259cidli: Az\u0259rbaycan 10 il \u0259vv\u0259lki Az\u0259rbaycan deyil - MEYDAN.TV\" \/>\n<meta property=\"og:description\" content=\"\u201cDaxili \u0130\u015fl\u0259r Nazirliyinin bir r\u0259smisinin videosu var, amma m\u00fcxalif\u0259t\u00e7i say\u0131lan adam El\u015fad Abdullayeva z\u0259ng edir ki, h\u0259min videonu yayma\u201d\" \/>\n<meta property=\"og:url\" content=\"https:\/\/www.meydan.tv\/az\/article\/elnur-mecidli-azerbaycan-10-il-evvelki-azerbaycan-deyil\/\" \/>\n<meta property=\"og:site_name\" content=\"MEYDAN.TV\" \/>\n<meta property=\"article:published_time\" content=\"2021-07-21T17:27:45+00:00\" \/>\n<meta property=\"og:image\" content=\"https:\/\/www.meydan.tv\/wp-content\/uploads\/screenshot_at_jul_21_14-24-33-1200x679.png\" \/>\n\t<meta property=\"og:image:width\" content=\"1200\" \/>\n\t<meta property=\"og:image:height\" content=\"679\" \/>\n\t<meta property=\"og:image:type\" content=\"image\/png\" \/>\n<meta name=\"author\" content=\"user-manager\" \/>\n<meta name=\"twitter:card\" content=\"summary_large_image\" \/>\n<script type=\"application\/ld+json\" class=\"yoast-schema-graph\">{\"@context\":\"https:\\\/\\\/schema.org\",\"@graph\":[{\"@type\":\"Article\",\"@id\":\"https:\\\/\\\/www.meydan.tv\\\/az\\\/article\\\/elnur-mecidli-azerbaycan-10-il-evvelki-azerbaycan-deyil\\\/#article\",\"isPartOf\":{\"@id\":\"https:\\\/\\\/www.meydan.tv\\\/az\\\/article\\\/elnur-mecidli-azerbaycan-10-il-evvelki-azerbaycan-deyil\\\/\"},\"author\":{\"name\":\"user-manager\",\"@id\":\"https:\\\/\\\/www.meydan.tv\\\/az\\\/#\\\/schema\\\/person\\\/10d11eccf6da3662cf5fdab9806ea91a\"},\"headline\":\"Elnur M\u0259cidli: Az\u0259rbaycan 10 il \u0259vv\u0259lki Az\u0259rbaycan deyil\",\"datePublished\":\"2021-07-21T17:27:45+00:00\",\"mainEntityOfPage\":{\"@id\":\"https:\\\/\\\/www.meydan.tv\\\/az\\\/article\\\/elnur-mecidli-azerbaycan-10-il-evvelki-azerbaycan-deyil\\\/\"},\"wordCount\":2510,\"publisher\":{\"@id\":\"https:\\\/\\\/www.meydan.tv\\\/az\\\/#organization\"},\"image\":{\"@id\":\"https:\\\/\\\/www.meydan.tv\\\/az\\\/article\\\/elnur-mecidli-azerbaycan-10-il-evvelki-azerbaycan-deyil\\\/#primaryimage\"},\"thumbnailUrl\":\"https:\\\/\\\/www.meydan.tv\\\/wp-content\\\/uploads\\\/screenshot_at_jul_21_14-24-33.png\",\"articleSection\":[\"Video\"],\"inLanguage\":\"az\"},{\"@type\":\"WebPage\",\"@id\":\"https:\\\/\\\/www.meydan.tv\\\/az\\\/article\\\/elnur-mecidli-azerbaycan-10-il-evvelki-azerbaycan-deyil\\\/\",\"url\":\"https:\\\/\\\/www.meydan.tv\\\/az\\\/article\\\/elnur-mecidli-azerbaycan-10-il-evvelki-azerbaycan-deyil\\\/\",\"name\":\"Elnur M\u0259cidli: Az\u0259rbaycan 10 il \u0259vv\u0259lki Az\u0259rbaycan deyil - MEYDAN.TV\",\"isPartOf\":{\"@id\":\"https:\\\/\\\/www.meydan.tv\\\/az\\\/#website\"},\"primaryImageOfPage\":{\"@id\":\"https:\\\/\\\/www.meydan.tv\\\/az\\\/article\\\/elnur-mecidli-azerbaycan-10-il-evvelki-azerbaycan-deyil\\\/#primaryimage\"},\"image\":{\"@id\":\"https:\\\/\\\/www.meydan.tv\\\/az\\\/article\\\/elnur-mecidli-azerbaycan-10-il-evvelki-azerbaycan-deyil\\\/#primaryimage\"},\"thumbnailUrl\":\"https:\\\/\\\/www.meydan.tv\\\/wp-content\\\/uploads\\\/screenshot_at_jul_21_14-24-33.png\",\"datePublished\":\"2021-07-21T17:27:45+00:00\",\"breadcrumb\":{\"@id\":\"https:\\\/\\\/www.meydan.tv\\\/az\\\/article\\\/elnur-mecidli-azerbaycan-10-il-evvelki-azerbaycan-deyil\\\/#breadcrumb\"},\"inLanguage\":\"az\",\"potentialAction\":[{\"@type\":\"ReadAction\",\"target\":[\"https:\\\/\\\/www.meydan.tv\\\/az\\\/article\\\/elnur-mecidli-azerbaycan-10-il-evvelki-azerbaycan-deyil\\\/\"]}]},{\"@type\":\"ImageObject\",\"inLanguage\":\"az\",\"@id\":\"https:\\\/\\\/www.meydan.tv\\\/az\\\/article\\\/elnur-mecidli-azerbaycan-10-il-evvelki-azerbaycan-deyil\\\/#primaryimage\",\"url\":\"https:\\\/\\\/www.meydan.tv\\\/wp-content\\\/uploads\\\/screenshot_at_jul_21_14-24-33.png\",\"contentUrl\":\"https:\\\/\\\/www.meydan.tv\\\/wp-content\\\/uploads\\\/screenshot_at_jul_21_14-24-33.png\",\"width\":1480,\"height\":838,\"caption\":\"Source: Meydan.TV\"},{\"@type\":\"BreadcrumbList\",\"@id\":\"https:\\\/\\\/www.meydan.tv\\\/az\\\/article\\\/elnur-mecidli-azerbaycan-10-il-evvelki-azerbaycan-deyil\\\/#breadcrumb\",\"itemListElement\":[{\"@type\":\"ListItem\",\"position\":1,\"name\":\"Ana s\u0259hif\u0259\",\"item\":\"https:\\\/\\\/www.meydan.tv\\\/az\\\/\"},{\"@type\":\"ListItem\",\"position\":2,\"name\":\"Video\",\"item\":\"https:\\\/\\\/www.meydan.tv\\\/az\\\/section\\\/video-2\\\/\"},{\"@type\":\"ListItem\",\"position\":3,\"name\":\"Elnur M\u0259cidli: Az\u0259rbaycan 10 il \u0259vv\u0259lki Az\u0259rbaycan deyil\"}]},{\"@type\":\"WebSite\",\"@id\":\"https:\\\/\\\/www.meydan.tv\\\/az\\\/#website\",\"url\":\"https:\\\/\\\/www.meydan.tv\\\/az\\\/\",\"name\":\"MEYDAN.TV\",\"description\":\"Meydan TV Az\u0259rbaycan\u0131n media m\u0259kan\u0131ndak\u0131 alternativ s\u0259sidir\",\"publisher\":{\"@id\":\"https:\\\/\\\/www.meydan.tv\\\/az\\\/#organization\"},\"potentialAction\":[{\"@type\":\"SearchAction\",\"target\":{\"@type\":\"EntryPoint\",\"urlTemplate\":\"https:\\\/\\\/www.meydan.tv\\\/az\\\/?s={search_term_string}\"},\"query-input\":{\"@type\":\"PropertyValueSpecification\",\"valueRequired\":true,\"valueName\":\"search_term_string\"}}],\"inLanguage\":\"az\"},{\"@type\":\"Organization\",\"@id\":\"https:\\\/\\\/www.meydan.tv\\\/az\\\/#organization\",\"name\":\"Meydan TV\",\"url\":\"https:\\\/\\\/www.meydan.tv\\\/az\\\/\",\"logo\":{\"@type\":\"ImageObject\",\"inLanguage\":\"az\",\"@id\":\"https:\\\/\\\/www.meydan.tv\\\/az\\\/#\\\/schema\\\/logo\\\/image\\\/\",\"url\":\"https:\\\/\\\/www.meydan.tv\\\/wp-content\\\/uploads\\\/2021\\\/07\\\/meydan-logo.svg\",\"contentUrl\":\"https:\\\/\\\/www.meydan.tv\\\/wp-content\\\/uploads\\\/2021\\\/07\\\/meydan-logo.svg\",\"width\":195,\"height\":46,\"caption\":\"Meydan TV\"},\"image\":{\"@id\":\"https:\\\/\\\/www.meydan.tv\\\/az\\\/#\\\/schema\\\/logo\\\/image\\\/\"}},{\"@type\":\"Person\",\"@id\":\"https:\\\/\\\/www.meydan.tv\\\/az\\\/#\\\/schema\\\/person\\\/10d11eccf6da3662cf5fdab9806ea91a\",\"name\":\"user-manager\"}]}<\/script>\n<!-- \/ Yoast SEO plugin. -->","yoast_head_json":{"title":"Elnur M\u0259cidli: Az\u0259rbaycan 10 il \u0259vv\u0259lki Az\u0259rbaycan deyil - MEYDAN.TV","robots":{"index":"index","follow":"follow","max-snippet":"max-snippet:-1","max-image-preview":"max-image-preview:large","max-video-preview":"max-video-preview:-1"},"canonical":"https:\/\/www.meydan.tv\/az\/article\/elnur-mecidli-azerbaycan-10-il-evvelki-azerbaycan-deyil\/","og_locale":"az_AZ","og_type":"article","og_title":"Elnur M\u0259cidli: Az\u0259rbaycan 10 il \u0259vv\u0259lki Az\u0259rbaycan deyil - MEYDAN.TV","og_description":"\u201cDaxili \u0130\u015fl\u0259r Nazirliyinin bir r\u0259smisinin videosu var, amma m\u00fcxalif\u0259t\u00e7i say\u0131lan adam El\u015fad Abdullayeva z\u0259ng edir ki, h\u0259min videonu yayma\u201d","og_url":"https:\/\/www.meydan.tv\/az\/article\/elnur-mecidli-azerbaycan-10-il-evvelki-azerbaycan-deyil\/","og_site_name":"MEYDAN.TV","article_published_time":"2021-07-21T17:27:45+00:00","og_image":[{"width":1200,"height":679,"url":"https:\/\/www.meydan.tv\/wp-content\/uploads\/screenshot_at_jul_21_14-24-33-1200x679.png","type":"image\/png"}],"author":"user-manager","twitter_card":"summary_large_image","schema":{"@context":"https:\/\/schema.org","@graph":[{"@type":"Article","@id":"https:\/\/www.meydan.tv\/az\/article\/elnur-mecidli-azerbaycan-10-il-evvelki-azerbaycan-deyil\/#article","isPartOf":{"@id":"https:\/\/www.meydan.tv\/az\/article\/elnur-mecidli-azerbaycan-10-il-evvelki-azerbaycan-deyil\/"},"author":{"name":"user-manager","@id":"https:\/\/www.meydan.tv\/az\/#\/schema\/person\/10d11eccf6da3662cf5fdab9806ea91a"},"headline":"Elnur M\u0259cidli: Az\u0259rbaycan 10 il \u0259vv\u0259lki Az\u0259rbaycan deyil","datePublished":"2021-07-21T17:27:45+00:00","mainEntityOfPage":{"@id":"https:\/\/www.meydan.tv\/az\/article\/elnur-mecidli-azerbaycan-10-il-evvelki-azerbaycan-deyil\/"},"wordCount":2510,"publisher":{"@id":"https:\/\/www.meydan.tv\/az\/#organization"},"image":{"@id":"https:\/\/www.meydan.tv\/az\/article\/elnur-mecidli-azerbaycan-10-il-evvelki-azerbaycan-deyil\/#primaryimage"},"thumbnailUrl":"https:\/\/www.meydan.tv\/wp-content\/uploads\/screenshot_at_jul_21_14-24-33.png","articleSection":["Video"],"inLanguage":"az"},{"@type":"WebPage","@id":"https:\/\/www.meydan.tv\/az\/article\/elnur-mecidli-azerbaycan-10-il-evvelki-azerbaycan-deyil\/","url":"https:\/\/www.meydan.tv\/az\/article\/elnur-mecidli-azerbaycan-10-il-evvelki-azerbaycan-deyil\/","name":"Elnur M\u0259cidli: Az\u0259rbaycan 10 il \u0259vv\u0259lki Az\u0259rbaycan deyil - MEYDAN.TV","isPartOf":{"@id":"https:\/\/www.meydan.tv\/az\/#website"},"primaryImageOfPage":{"@id":"https:\/\/www.meydan.tv\/az\/article\/elnur-mecidli-azerbaycan-10-il-evvelki-azerbaycan-deyil\/#primaryimage"},"image":{"@id":"https:\/\/www.meydan.tv\/az\/article\/elnur-mecidli-azerbaycan-10-il-evvelki-azerbaycan-deyil\/#primaryimage"},"thumbnailUrl":"https:\/\/www.meydan.tv\/wp-content\/uploads\/screenshot_at_jul_21_14-24-33.png","datePublished":"2021-07-21T17:27:45+00:00","breadcrumb":{"@id":"https:\/\/www.meydan.tv\/az\/article\/elnur-mecidli-azerbaycan-10-il-evvelki-azerbaycan-deyil\/#breadcrumb"},"inLanguage":"az","potentialAction":[{"@type":"ReadAction","target":["https:\/\/www.meydan.tv\/az\/article\/elnur-mecidli-azerbaycan-10-il-evvelki-azerbaycan-deyil\/"]}]},{"@type":"ImageObject","inLanguage":"az","@id":"https:\/\/www.meydan.tv\/az\/article\/elnur-mecidli-azerbaycan-10-il-evvelki-azerbaycan-deyil\/#primaryimage","url":"https:\/\/www.meydan.tv\/wp-content\/uploads\/screenshot_at_jul_21_14-24-33.png","contentUrl":"https:\/\/www.meydan.tv\/wp-content\/uploads\/screenshot_at_jul_21_14-24-33.png","width":1480,"height":838,"caption":"Source: Meydan.TV"},{"@type":"BreadcrumbList","@id":"https:\/\/www.meydan.tv\/az\/article\/elnur-mecidli-azerbaycan-10-il-evvelki-azerbaycan-deyil\/#breadcrumb","itemListElement":[{"@type":"ListItem","position":1,"name":"Ana s\u0259hif\u0259","item":"https:\/\/www.meydan.tv\/az\/"},{"@type":"ListItem","position":2,"name":"Video","item":"https:\/\/www.meydan.tv\/az\/section\/video-2\/"},{"@type":"ListItem","position":3,"name":"Elnur M\u0259cidli: Az\u0259rbaycan 10 il \u0259vv\u0259lki Az\u0259rbaycan deyil"}]},{"@type":"WebSite","@id":"https:\/\/www.meydan.tv\/az\/#website","url":"https:\/\/www.meydan.tv\/az\/","name":"MEYDAN.TV","description":"Meydan TV Az\u0259rbaycan\u0131n media m\u0259kan\u0131ndak\u0131 alternativ s\u0259sidir","publisher":{"@id":"https:\/\/www.meydan.tv\/az\/#organization"},"potentialAction":[{"@type":"SearchAction","target":{"@type":"EntryPoint","urlTemplate":"https:\/\/www.meydan.tv\/az\/?s={search_term_string}"},"query-input":{"@type":"PropertyValueSpecification","valueRequired":true,"valueName":"search_term_string"}}],"inLanguage":"az"},{"@type":"Organization","@id":"https:\/\/www.meydan.tv\/az\/#organization","name":"Meydan TV","url":"https:\/\/www.meydan.tv\/az\/","logo":{"@type":"ImageObject","inLanguage":"az","@id":"https:\/\/www.meydan.tv\/az\/#\/schema\/logo\/image\/","url":"https:\/\/www.meydan.tv\/wp-content\/uploads\/2021\/07\/meydan-logo.svg","contentUrl":"https:\/\/www.meydan.tv\/wp-content\/uploads\/2021\/07\/meydan-logo.svg","width":195,"height":46,"caption":"Meydan TV"},"image":{"@id":"https:\/\/www.meydan.tv\/az\/#\/schema\/logo\/image\/"}},{"@type":"Person","@id":"https:\/\/www.meydan.tv\/az\/#\/schema\/person\/10d11eccf6da3662cf5fdab9806ea91a","name":"user-manager"}]}},"_links":{"self":[{"href":"https:\/\/www.meydan.tv\/az\/wp-json\/wp\/v2\/posts\/212065","targetHints":{"allow":["GET"]}}],"collection":[{"href":"https:\/\/www.meydan.tv\/az\/wp-json\/wp\/v2\/posts"}],"about":[{"href":"https:\/\/www.meydan.tv\/az\/wp-json\/wp\/v2\/types\/post"}],"author":[{"embeddable":true,"href":"https:\/\/www.meydan.tv\/az\/wp-json\/wp\/v2\/users\/11"}],"replies":[{"embeddable":true,"href":"https:\/\/www.meydan.tv\/az\/wp-json\/wp\/v2\/comments?post=212065"}],"version-history":[{"count":0,"href":"https:\/\/www.meydan.tv\/az\/wp-json\/wp\/v2\/posts\/212065\/revisions"}],"wp:featuredmedia":[{"embeddable":true,"href":"https:\/\/www.meydan.tv\/az\/wp-json\/wp\/v2\/media\/208191"}],"wp:attachment":[{"href":"https:\/\/www.meydan.tv\/az\/wp-json\/wp\/v2\/media?parent=212065"}],"wp:term":[{"taxonomy":"category","embeddable":true,"href":"https:\/\/www.meydan.tv\/az\/wp-json\/wp\/v2\/categories?post=212065"},{"taxonomy":"post_tag","embeddable":true,"href":"https:\/\/www.meydan.tv\/az\/wp-json\/wp\/v2\/tags?post=212065"}],"curies":[{"name":"wp","href":"https:\/\/api.w.org\/{rel}","templated":true}]}}