{"id":212064,"date":"2021-07-21T14:32:10","date_gmt":"2021-07-21T14:32:10","guid":{"rendered":"https:\/\/www.meydan.tv\/article\/niye-ilham-eliyev-meni-dinlemelidir\/"},"modified":"2021-07-21T14:32:10","modified_gmt":"2021-07-21T14:32:10","slug":"niye-ilham-eliyev-meni-dinlemelidir","status":"publish","type":"post","link":"https:\/\/www.meydan.tv\/az\/article\/niye-ilham-eliyev-meni-dinlemelidir\/","title":{"rendered":"&#8220;Niy\u0259 \u0130lham \u018fliyev m\u0259ni dinl\u0259m\u0259lidir?&#8221;"},"content":{"rendered":"<figure class=\"wp-block-embed is-type-video is-provider-youtube wp-block-embed-youtube wp-embed-aspect-16-9 wp-has-aspect-ratio\">\n<div class=\"wp-block-embed__wrapper\">\n    <iframe\ttitle=\"\"Niy\u0259 \u0130lham \u018fliyev m\u0259ni dinl\u0259m\u0259lidir?\"\" width=\"1200\" height=\"675\" data-src=\"https:\/\/www.youtube.com\/embed\/UJWUqiWy0FE\"\tframeborder=\"0\"\tallow=\"accelerometer; autoplay; clipboard-write; encrypted-media; gyroscope; picture-in-picture\" allowfullscreen src=\"data:image\/svg+xml;base64,PHN2ZyB3aWR0aD0iMSIgaGVpZ2h0PSIxIiB4bWxucz0iaHR0cDovL3d3dy53My5vcmcvMjAwMC9zdmciPjwvc3ZnPg==\" class=\"lazyload\" data-load-mode=\"1\"><\/iframe>\n  <\/div><figcaption>\n    &#8220;Niy\u0259 \u0130lham \u018fliyev m\u0259ni dinl\u0259m\u0259lidir?&#8221;<br \/>\n  <\/figcaption><\/figure>\n<p>\n  Jurnalistl\u0259rin yeni ara\u015fd\u0131rmas\u0131na g\u00f6r\u0259, Az\u0259rbaycan \u0130srailin NSO Group \u015firk\u0259tinin casus proqram\u0131ndan istifad\u0259 edib. \u015eirk\u0259t yaratd\u0131qlar\u0131 t\u0259tbiqi d\u00f6vl\u0259tl\u0259r\u0259 cinay\u0259tkarlar\u0131 \u0259l\u0259 ke\u00e7irm\u0259k \u00fc\u00e7\u00fcn satd\u0131\u011f\u0131n\u0131 deyir. Lakin ara\u015fd\u0131rmalara g\u00f6r\u0259, Az\u0259rbaycan h\u00f6kum\u0259ti bu t\u0259tbiqd\u0259n sui-istifad\u0259 ed\u0259r\u0259k onunla v\u0259t\u0259nda\u015f c\u0259miyy\u0259ti f\u0259allar\u0131n\u0131, jurnalistl\u0259ri, siyas\u0259t\u00e7il\u0259ri izl\u0259yib.\n<\/p>\n<p>\n  &quot;Pegasus&quot; adlanan izl\u0259m\u0259 t\u0259tbiqi iPhone v\u0259 Android cihazlar\u0131na yoluxur. Bu is\u0259 cihazdak\u0131 mesaj, foto\u015f\u0259kil v\u0259 z\u0259ngl\u0259ri qeyd etm\u0259k, mikrofonu v\u0259 kameran\u0131 gizlic\u0259 aktivl\u0259\u015fdirm\u0259k imkan\u0131 yarad\u0131r.\n<\/p>\n<p>\n  Ara\u015fd\u0131rmada deyilir ki, NSO Group m\u00fc\u015ft\u0259ril\u0259rinin izl\u0259diyi 50 min telefon n\u00f6mr\u0259sind\u0259n ibar\u0259t siyah\u0131 mediaya s\u0131zd\u0131r\u0131l\u0131b. D\u00fcnyan\u0131n d\u00f6rd bir t\u0259r\u0259find\u0259n istifad\u0259\u00e7il\u0259r qeyd olunan siyah\u0131da Az\u0259rbaycan mobil n\u00f6mr\u0259l\u0259ri d\u0259 a\u015fkarlan\u0131b.\n<\/p>\n<p>\n  M\u00fc\u0259yy\u0259n edil\u0259n 245 Az\u0259rbaycan n\u00f6mr\u0259sind\u0259n 50-d\u0259n \u00e7oxu jurnalistl\u0259r\u0259 m\u0259xsusdur. Onlar\u0131n aras\u0131nda h\u00f6kum\u0259t medias\u0131nda t\u0259msil olunanlar da var.\n<\/p>\n<p>\n  Adlar\u0131n\u0131n izl\u0259n\u0259nl\u0259r siyah\u0131s\u0131nda tapanlar prokurorlu\u011fa, m\u0259hk\u0259m\u0259y\u0259 \u015fikay\u0259t etm\u0259y\u0259 haz\u0131rla\u015f\u0131rlar. V\u0259kil \u015e\u0259hla H\u00fcmb\u0259tova v\u0259t\u0259nda\u015flar\u0131n konstitusional h\u00fcquqlar\u0131n\u0131n nec\u0259 pozulma\u011f\u0131ndan dan\u0131\u015f\u0131r.\n<\/p>\n<p>\n  OCCRP-nin \u0259m\u0259kda\u015f\u0131 izl\u0259ndiyi a\u015fkarlanan v\u0259t\u0259nda\u015flara whatsapp vasit\u0259sil\u0259 x\u0259b\u0259rdarl\u0131q g\u00f6nd\u0259rir. Mesaj alanlardan biri d\u0259 ke\u00e7mi\u015f heyk\u0259l m\u0259hbusu Qiyas \u0130brahimovun anas\u0131 \u015eura \u018fmiraslanovad\u0131r.\n<\/p>\n<p>\n  O, \u0259vv\u0259lc\u0259 o\u011flu il\u0259 adlar\u0131n\u0131n s\u0259hv d\u00fc\u015fd\u00fcy\u00fcn\u00fc d\u00fc\u015f\u00fcn\u00fcb. Sonra is\u0259 \u00f6z\u00fcn\u0259 m\u0259xsus n\u00f6mr\u0259nin siyah\u0131da oldu\u011funu g\u00f6r\u00fcb.\n<\/p>\n<p>\n  NSO Group, iddialar\u0131 q\u0259ti \u015f\u0259kild\u0259 r\u0259dd edib. M\u00fc\u015ft\u0259ril\u0259rin\u0259 proqramdan sui-istifad\u0259 etm\u0259y\u0259 icaz\u0259 verm\u0259diyini deyib.\n<\/p>\n<p>\n  Ara\u015fd\u0131rma il\u0259 ba\u011fl\u0131 Az\u0259rbaycan r\u0259smi qurumlar\u0131 h\u0259l\u0259 ki, a\u00e7\u0131qlama verm\u0259yib. Deputat, Sosial T\u0259dqiqatlar M\u0259rk\u0259zinin s\u0259dri Zahid Oruc is\u0259 bu m\u0259lumatlar\u0131n arxas\u0131nda b\u00f6y\u00fck siyasi m\u0259qs\u0259dl\u0259r axtar\u0131r.\n<\/p>\n<p>\n  S\u0131zd\u0131r\u0131lan siyah\u0131da h\u0259l\u0259 sahibi m\u00fc\u0259yy\u0259nl\u0259\u015fm\u0259y\u0259n y\u00fczl\u0259rl\u0259 Az\u0259rbaycan n\u00f6mr\u0259si var. T\u0259qib olanlarla ba\u011fl\u0131 \u0259trafl\u0131 m\u0259lumat\u0131n yax\u0131n g\u00fcnl\u0259rd\u0259 yay\u0131mlanmas\u0131 g\u00f6zl\u0259nilir.<\/p>\n","protected":false},"excerpt":{"rendered":"<p>Jurnalistl\u0259rin yeni ara\u015fd\u0131rmas\u0131na g\u00f6r\u0259, Az\u0259rbaycan \u0130srailin NSO Group \u015firk\u0259tinin casus proqram\u0131ndan istifad\u0259 edib. \u015eirk\u0259t yaratd\u0131qlar\u0131 t\u0259tbiqi d\u00f6vl\u0259tl\u0259r\u0259 cinay\u0259tkarlar\u0131 \u0259l\u0259 ke\u00e7irm\u0259k \u00fc\u00e7\u00fcn satd\u0131\u011f\u0131n\u0131 deyir.<\/p>\n","protected":false},"author":11,"featured_media":208200,"comment_status":"closed","ping_status":"open","sticky":false,"template":"","format":"standard","meta":{"_acf_changed":false,"_sitemap_exclude":false,"_sitemap_priority":"","_sitemap_frequency":"","footnotes":""},"categories":[63],"tags":[],"class_list":["post-212064","post","type-post","status-publish","format-standard","has-post-thumbnail","hentry","category-video-2","infinite-scroll-item","generate-columns","tablet-grid-50","mobile-grid-100","grid-parent","grid-33","no-featured-image-padding"],"acf":[],"yoast_head":"<!-- This site is optimized with the Yoast SEO plugin v27.5 - https:\/\/yoast.com\/product\/yoast-seo-wordpress\/ -->\n<title>&quot;Niy\u0259 \u0130lham \u018fliyev m\u0259ni dinl\u0259m\u0259lidir?&quot; - MEYDAN.TV<\/title>\n<meta name=\"robots\" content=\"index, follow, max-snippet:-1, max-image-preview:large, max-video-preview:-1\" \/>\n<link rel=\"canonical\" href=\"https:\/\/www.meydan.tv\/az\/article\/niye-ilham-eliyev-meni-dinlemelidir\/\" \/>\n<meta property=\"og:locale\" content=\"az_AZ\" \/>\n<meta property=\"og:type\" content=\"article\" \/>\n<meta property=\"og:title\" content=\"&quot;Niy\u0259 \u0130lham \u018fliyev m\u0259ni dinl\u0259m\u0259lidir?&quot; - MEYDAN.TV\" \/>\n<meta property=\"og:description\" content=\"Jurnalistl\u0259rin yeni ara\u015fd\u0131rmas\u0131na g\u00f6r\u0259, Az\u0259rbaycan \u0130srailin NSO Group \u015firk\u0259tinin casus proqram\u0131ndan istifad\u0259 edib. \u015eirk\u0259t yaratd\u0131qlar\u0131 t\u0259tbiqi d\u00f6vl\u0259tl\u0259r\u0259 cinay\u0259tkarlar\u0131 \u0259l\u0259 ke\u00e7irm\u0259k \u00fc\u00e7\u00fcn satd\u0131\u011f\u0131n\u0131 deyir.\" \/>\n<meta property=\"og:url\" content=\"https:\/\/www.meydan.tv\/az\/article\/niye-ilham-eliyev-meni-dinlemelidir\/\" \/>\n<meta property=\"og:site_name\" content=\"MEYDAN.TV\" \/>\n<meta property=\"article:published_time\" content=\"2021-07-21T14:32:10+00:00\" \/>\n<meta property=\"og:image\" content=\"https:\/\/www.meydan.tv\/wp-content\/uploads\/screenshot_at_jul_21_14-28-54-1200x666.png\" \/>\n\t<meta property=\"og:image:width\" content=\"1200\" \/>\n\t<meta property=\"og:image:height\" content=\"666\" \/>\n\t<meta property=\"og:image:type\" content=\"image\/png\" \/>\n<meta name=\"author\" content=\"user-manager\" \/>\n<meta name=\"twitter:card\" content=\"summary_large_image\" \/>\n<script type=\"application\/ld+json\" class=\"yoast-schema-graph\">{\"@context\":\"https:\\\/\\\/schema.org\",\"@graph\":[{\"@type\":\"Article\",\"@id\":\"https:\\\/\\\/www.meydan.tv\\\/az\\\/article\\\/niye-ilham-eliyev-meni-dinlemelidir\\\/#article\",\"isPartOf\":{\"@id\":\"https:\\\/\\\/www.meydan.tv\\\/az\\\/article\\\/niye-ilham-eliyev-meni-dinlemelidir\\\/\"},\"author\":{\"name\":\"user-manager\",\"@id\":\"https:\\\/\\\/www.meydan.tv\\\/az\\\/#\\\/schema\\\/person\\\/10d11eccf6da3662cf5fdab9806ea91a\"},\"headline\":\"&#8220;Niy\u0259 \u0130lham \u018fliyev m\u0259ni dinl\u0259m\u0259lidir?&#8221;\",\"datePublished\":\"2021-07-21T14:32:10+00:00\",\"mainEntityOfPage\":{\"@id\":\"https:\\\/\\\/www.meydan.tv\\\/az\\\/article\\\/niye-ilham-eliyev-meni-dinlemelidir\\\/\"},\"wordCount\":445,\"publisher\":{\"@id\":\"https:\\\/\\\/www.meydan.tv\\\/az\\\/#organization\"},\"image\":{\"@id\":\"https:\\\/\\\/www.meydan.tv\\\/az\\\/article\\\/niye-ilham-eliyev-meni-dinlemelidir\\\/#primaryimage\"},\"thumbnailUrl\":\"https:\\\/\\\/www.meydan.tv\\\/wp-content\\\/uploads\\\/screenshot_at_jul_21_14-28-54.png\",\"articleSection\":[\"Video\"],\"inLanguage\":\"az\"},{\"@type\":\"WebPage\",\"@id\":\"https:\\\/\\\/www.meydan.tv\\\/az\\\/article\\\/niye-ilham-eliyev-meni-dinlemelidir\\\/\",\"url\":\"https:\\\/\\\/www.meydan.tv\\\/az\\\/article\\\/niye-ilham-eliyev-meni-dinlemelidir\\\/\",\"name\":\"\\\"Niy\u0259 \u0130lham \u018fliyev m\u0259ni dinl\u0259m\u0259lidir?\\\" - MEYDAN.TV\",\"isPartOf\":{\"@id\":\"https:\\\/\\\/www.meydan.tv\\\/az\\\/#website\"},\"primaryImageOfPage\":{\"@id\":\"https:\\\/\\\/www.meydan.tv\\\/az\\\/article\\\/niye-ilham-eliyev-meni-dinlemelidir\\\/#primaryimage\"},\"image\":{\"@id\":\"https:\\\/\\\/www.meydan.tv\\\/az\\\/article\\\/niye-ilham-eliyev-meni-dinlemelidir\\\/#primaryimage\"},\"thumbnailUrl\":\"https:\\\/\\\/www.meydan.tv\\\/wp-content\\\/uploads\\\/screenshot_at_jul_21_14-28-54.png\",\"datePublished\":\"2021-07-21T14:32:10+00:00\",\"breadcrumb\":{\"@id\":\"https:\\\/\\\/www.meydan.tv\\\/az\\\/article\\\/niye-ilham-eliyev-meni-dinlemelidir\\\/#breadcrumb\"},\"inLanguage\":\"az\",\"potentialAction\":[{\"@type\":\"ReadAction\",\"target\":[\"https:\\\/\\\/www.meydan.tv\\\/az\\\/article\\\/niye-ilham-eliyev-meni-dinlemelidir\\\/\"]}]},{\"@type\":\"ImageObject\",\"inLanguage\":\"az\",\"@id\":\"https:\\\/\\\/www.meydan.tv\\\/az\\\/article\\\/niye-ilham-eliyev-meni-dinlemelidir\\\/#primaryimage\",\"url\":\"https:\\\/\\\/www.meydan.tv\\\/wp-content\\\/uploads\\\/screenshot_at_jul_21_14-28-54.png\",\"contentUrl\":\"https:\\\/\\\/www.meydan.tv\\\/wp-content\\\/uploads\\\/screenshot_at_jul_21_14-28-54.png\",\"width\":2022,\"height\":1122,\"caption\":\"Source: Meyd\"},{\"@type\":\"BreadcrumbList\",\"@id\":\"https:\\\/\\\/www.meydan.tv\\\/az\\\/article\\\/niye-ilham-eliyev-meni-dinlemelidir\\\/#breadcrumb\",\"itemListElement\":[{\"@type\":\"ListItem\",\"position\":1,\"name\":\"Ana s\u0259hif\u0259\",\"item\":\"https:\\\/\\\/www.meydan.tv\\\/az\\\/\"},{\"@type\":\"ListItem\",\"position\":2,\"name\":\"Video\",\"item\":\"https:\\\/\\\/www.meydan.tv\\\/az\\\/section\\\/video-2\\\/\"},{\"@type\":\"ListItem\",\"position\":3,\"name\":\"&#8220;Niy\u0259 \u0130lham \u018fliyev m\u0259ni dinl\u0259m\u0259lidir?&#8221;\"}]},{\"@type\":\"WebSite\",\"@id\":\"https:\\\/\\\/www.meydan.tv\\\/az\\\/#website\",\"url\":\"https:\\\/\\\/www.meydan.tv\\\/az\\\/\",\"name\":\"MEYDAN.TV\",\"description\":\"Meydan TV Az\u0259rbaycan\u0131n media m\u0259kan\u0131ndak\u0131 alternativ s\u0259sidir\",\"publisher\":{\"@id\":\"https:\\\/\\\/www.meydan.tv\\\/az\\\/#organization\"},\"potentialAction\":[{\"@type\":\"SearchAction\",\"target\":{\"@type\":\"EntryPoint\",\"urlTemplate\":\"https:\\\/\\\/www.meydan.tv\\\/az\\\/?s={search_term_string}\"},\"query-input\":{\"@type\":\"PropertyValueSpecification\",\"valueRequired\":true,\"valueName\":\"search_term_string\"}}],\"inLanguage\":\"az\"},{\"@type\":\"Organization\",\"@id\":\"https:\\\/\\\/www.meydan.tv\\\/az\\\/#organization\",\"name\":\"Meydan TV\",\"url\":\"https:\\\/\\\/www.meydan.tv\\\/az\\\/\",\"logo\":{\"@type\":\"ImageObject\",\"inLanguage\":\"az\",\"@id\":\"https:\\\/\\\/www.meydan.tv\\\/az\\\/#\\\/schema\\\/logo\\\/image\\\/\",\"url\":\"https:\\\/\\\/www.meydan.tv\\\/wp-content\\\/uploads\\\/2021\\\/07\\\/meydan-logo.svg\",\"contentUrl\":\"https:\\\/\\\/www.meydan.tv\\\/wp-content\\\/uploads\\\/2021\\\/07\\\/meydan-logo.svg\",\"width\":195,\"height\":46,\"caption\":\"Meydan TV\"},\"image\":{\"@id\":\"https:\\\/\\\/www.meydan.tv\\\/az\\\/#\\\/schema\\\/logo\\\/image\\\/\"}},{\"@type\":\"Person\",\"@id\":\"https:\\\/\\\/www.meydan.tv\\\/az\\\/#\\\/schema\\\/person\\\/10d11eccf6da3662cf5fdab9806ea91a\",\"name\":\"user-manager\"}]}<\/script>\n<!-- \/ Yoast SEO plugin. -->","yoast_head_json":{"title":"\"Niy\u0259 \u0130lham \u018fliyev m\u0259ni dinl\u0259m\u0259lidir?\" - MEYDAN.TV","robots":{"index":"index","follow":"follow","max-snippet":"max-snippet:-1","max-image-preview":"max-image-preview:large","max-video-preview":"max-video-preview:-1"},"canonical":"https:\/\/www.meydan.tv\/az\/article\/niye-ilham-eliyev-meni-dinlemelidir\/","og_locale":"az_AZ","og_type":"article","og_title":"\"Niy\u0259 \u0130lham \u018fliyev m\u0259ni dinl\u0259m\u0259lidir?\" - MEYDAN.TV","og_description":"Jurnalistl\u0259rin yeni ara\u015fd\u0131rmas\u0131na g\u00f6r\u0259, Az\u0259rbaycan \u0130srailin NSO Group \u015firk\u0259tinin casus proqram\u0131ndan istifad\u0259 edib. \u015eirk\u0259t yaratd\u0131qlar\u0131 t\u0259tbiqi d\u00f6vl\u0259tl\u0259r\u0259 cinay\u0259tkarlar\u0131 \u0259l\u0259 ke\u00e7irm\u0259k \u00fc\u00e7\u00fcn satd\u0131\u011f\u0131n\u0131 deyir.","og_url":"https:\/\/www.meydan.tv\/az\/article\/niye-ilham-eliyev-meni-dinlemelidir\/","og_site_name":"MEYDAN.TV","article_published_time":"2021-07-21T14:32:10+00:00","og_image":[{"width":1200,"height":666,"url":"https:\/\/www.meydan.tv\/wp-content\/uploads\/screenshot_at_jul_21_14-28-54-1200x666.png","type":"image\/png"}],"author":"user-manager","twitter_card":"summary_large_image","schema":{"@context":"https:\/\/schema.org","@graph":[{"@type":"Article","@id":"https:\/\/www.meydan.tv\/az\/article\/niye-ilham-eliyev-meni-dinlemelidir\/#article","isPartOf":{"@id":"https:\/\/www.meydan.tv\/az\/article\/niye-ilham-eliyev-meni-dinlemelidir\/"},"author":{"name":"user-manager","@id":"https:\/\/www.meydan.tv\/az\/#\/schema\/person\/10d11eccf6da3662cf5fdab9806ea91a"},"headline":"&#8220;Niy\u0259 \u0130lham \u018fliyev m\u0259ni dinl\u0259m\u0259lidir?&#8221;","datePublished":"2021-07-21T14:32:10+00:00","mainEntityOfPage":{"@id":"https:\/\/www.meydan.tv\/az\/article\/niye-ilham-eliyev-meni-dinlemelidir\/"},"wordCount":445,"publisher":{"@id":"https:\/\/www.meydan.tv\/az\/#organization"},"image":{"@id":"https:\/\/www.meydan.tv\/az\/article\/niye-ilham-eliyev-meni-dinlemelidir\/#primaryimage"},"thumbnailUrl":"https:\/\/www.meydan.tv\/wp-content\/uploads\/screenshot_at_jul_21_14-28-54.png","articleSection":["Video"],"inLanguage":"az"},{"@type":"WebPage","@id":"https:\/\/www.meydan.tv\/az\/article\/niye-ilham-eliyev-meni-dinlemelidir\/","url":"https:\/\/www.meydan.tv\/az\/article\/niye-ilham-eliyev-meni-dinlemelidir\/","name":"\"Niy\u0259 \u0130lham \u018fliyev m\u0259ni dinl\u0259m\u0259lidir?\" - MEYDAN.TV","isPartOf":{"@id":"https:\/\/www.meydan.tv\/az\/#website"},"primaryImageOfPage":{"@id":"https:\/\/www.meydan.tv\/az\/article\/niye-ilham-eliyev-meni-dinlemelidir\/#primaryimage"},"image":{"@id":"https:\/\/www.meydan.tv\/az\/article\/niye-ilham-eliyev-meni-dinlemelidir\/#primaryimage"},"thumbnailUrl":"https:\/\/www.meydan.tv\/wp-content\/uploads\/screenshot_at_jul_21_14-28-54.png","datePublished":"2021-07-21T14:32:10+00:00","breadcrumb":{"@id":"https:\/\/www.meydan.tv\/az\/article\/niye-ilham-eliyev-meni-dinlemelidir\/#breadcrumb"},"inLanguage":"az","potentialAction":[{"@type":"ReadAction","target":["https:\/\/www.meydan.tv\/az\/article\/niye-ilham-eliyev-meni-dinlemelidir\/"]}]},{"@type":"ImageObject","inLanguage":"az","@id":"https:\/\/www.meydan.tv\/az\/article\/niye-ilham-eliyev-meni-dinlemelidir\/#primaryimage","url":"https:\/\/www.meydan.tv\/wp-content\/uploads\/screenshot_at_jul_21_14-28-54.png","contentUrl":"https:\/\/www.meydan.tv\/wp-content\/uploads\/screenshot_at_jul_21_14-28-54.png","width":2022,"height":1122,"caption":"Source: Meyd"},{"@type":"BreadcrumbList","@id":"https:\/\/www.meydan.tv\/az\/article\/niye-ilham-eliyev-meni-dinlemelidir\/#breadcrumb","itemListElement":[{"@type":"ListItem","position":1,"name":"Ana s\u0259hif\u0259","item":"https:\/\/www.meydan.tv\/az\/"},{"@type":"ListItem","position":2,"name":"Video","item":"https:\/\/www.meydan.tv\/az\/section\/video-2\/"},{"@type":"ListItem","position":3,"name":"&#8220;Niy\u0259 \u0130lham \u018fliyev m\u0259ni dinl\u0259m\u0259lidir?&#8221;"}]},{"@type":"WebSite","@id":"https:\/\/www.meydan.tv\/az\/#website","url":"https:\/\/www.meydan.tv\/az\/","name":"MEYDAN.TV","description":"Meydan TV Az\u0259rbaycan\u0131n media m\u0259kan\u0131ndak\u0131 alternativ s\u0259sidir","publisher":{"@id":"https:\/\/www.meydan.tv\/az\/#organization"},"potentialAction":[{"@type":"SearchAction","target":{"@type":"EntryPoint","urlTemplate":"https:\/\/www.meydan.tv\/az\/?s={search_term_string}"},"query-input":{"@type":"PropertyValueSpecification","valueRequired":true,"valueName":"search_term_string"}}],"inLanguage":"az"},{"@type":"Organization","@id":"https:\/\/www.meydan.tv\/az\/#organization","name":"Meydan TV","url":"https:\/\/www.meydan.tv\/az\/","logo":{"@type":"ImageObject","inLanguage":"az","@id":"https:\/\/www.meydan.tv\/az\/#\/schema\/logo\/image\/","url":"https:\/\/www.meydan.tv\/wp-content\/uploads\/2021\/07\/meydan-logo.svg","contentUrl":"https:\/\/www.meydan.tv\/wp-content\/uploads\/2021\/07\/meydan-logo.svg","width":195,"height":46,"caption":"Meydan TV"},"image":{"@id":"https:\/\/www.meydan.tv\/az\/#\/schema\/logo\/image\/"}},{"@type":"Person","@id":"https:\/\/www.meydan.tv\/az\/#\/schema\/person\/10d11eccf6da3662cf5fdab9806ea91a","name":"user-manager"}]}},"_links":{"self":[{"href":"https:\/\/www.meydan.tv\/az\/wp-json\/wp\/v2\/posts\/212064","targetHints":{"allow":["GET"]}}],"collection":[{"href":"https:\/\/www.meydan.tv\/az\/wp-json\/wp\/v2\/posts"}],"about":[{"href":"https:\/\/www.meydan.tv\/az\/wp-json\/wp\/v2\/types\/post"}],"author":[{"embeddable":true,"href":"https:\/\/www.meydan.tv\/az\/wp-json\/wp\/v2\/users\/11"}],"replies":[{"embeddable":true,"href":"https:\/\/www.meydan.tv\/az\/wp-json\/wp\/v2\/comments?post=212064"}],"version-history":[{"count":0,"href":"https:\/\/www.meydan.tv\/az\/wp-json\/wp\/v2\/posts\/212064\/revisions"}],"wp:featuredmedia":[{"embeddable":true,"href":"https:\/\/www.meydan.tv\/az\/wp-json\/wp\/v2\/media\/208200"}],"wp:attachment":[{"href":"https:\/\/www.meydan.tv\/az\/wp-json\/wp\/v2\/media?parent=212064"}],"wp:term":[{"taxonomy":"category","embeddable":true,"href":"https:\/\/www.meydan.tv\/az\/wp-json\/wp\/v2\/categories?post=212064"},{"taxonomy":"post_tag","embeddable":true,"href":"https:\/\/www.meydan.tv\/az\/wp-json\/wp\/v2\/tags?post=212064"}],"curies":[{"name":"wp","href":"https:\/\/api.w.org\/{rel}","templated":true}]}}