{"id":212028,"date":"2021-07-16T18:53:43","date_gmt":"2021-07-16T18:53:43","guid":{"rendered":"https:\/\/www.meydan.tv\/article\/azadliq-radiosunun-minsk-ofisinde-reydler-saxlanilanlar-var\/"},"modified":"2021-07-16T18:53:43","modified_gmt":"2021-07-16T18:53:43","slug":"azadliq-radiosunun-minsk-ofisinde-reydler-saxlanilanlar-var","status":"publish","type":"post","link":"https:\/\/www.meydan.tv\/az\/article\/azadliq-radiosunun-minsk-ofisinde-reydler-saxlanilanlar-var\/","title":{"rendered":"Azadl\u0131q Radiosunun Minsk ofisind\u0259 reydl\u0259r; saxlan\u0131lanlar var"},"content":{"rendered":"<p>\n  <i><br \/>\n    \u00d6lk\u0259boyu bir ne\u00e7\u0259 jurnalistin evind\u0259 axtar\u0131\u015f apar\u0131l\u0131b<br \/>\n  <\/i>\n<\/p>\n<p>\n  Belarus t\u0259hl\u00fck\u0259sizlik xidm\u0259ti \u0259m\u0259kda\u015flar\u0131 iyulun 16-da Azadl\u0131q Radiosunun Minsk ofisind\u0259 reyd ke\u00e7irib.\n<\/p>\n<p>\n  Azadl\u0131q Radiosunun Belarus b\u00f6l\u00fcm\u00fc<br \/>\n  <a href=\"https:\/\/www.svaboda.org\/a\/31361235.html\"><br \/>\n    yaz\u0131r<br \/>\n  <\/a><br \/>\n  ki, h\u0259m\u00e7inin, radionun m\u00fcxbiri Aleh Hruzdzilovich v\u0259 \u00f6t\u0259n ilin oktyabr\u0131nda akkreditasiyas\u0131 l\u0259\u011fv edil\u0259n radionun ke\u00e7mi\u015f \u0259m\u0259kda\u015f\u0131 \u0130na Studzinskaya saxlan\u0131l\u0131b.\n<\/p>\n<p>\n  Eyni zamanda, Aleh Hruzdzilovich v\u0259 radionun dig\u0259r m\u00fcxbiri Valyantsin Zhdankonun evind\u0259 axtar\u0131\u015f da apar\u0131l\u0131b.\n<\/p>\n<p>\n  Aleh Hruzdzilovichin h\u0259yat yolda\u015f\u0131 \u0259rinin \u0259ll\u0259ri qandallanm\u0131\u015f formada apar\u0131ld\u0131\u011f\u0131n\u0131 s\u00f6yl\u0259yib:\n<\/p>\n<p>\n  \u201cM\u0259nim v\u0259 h\u0259yat yolda\u015f\u0131m\u0131n telefonlar\u0131m\u0131z\u0131, komp\u00fcterl\u0259rimizi apard\u0131lar. H\u0259tta cibimd\u0259ki sonuncu 300 dollar\u0131m\u0131 v\u0259 belarus rubllar\u0131n\u0131 da g\u00f6t\u00fcrd\u00fcl\u0259r\u201d.\n<\/p>\n<p>\n  M\u0259lumatda bildirilir ki, t\u0259hl\u00fck\u0259sizlik xidm\u0259ti \u0259m\u0259kda\u015flar\u0131 \u00f6lk\u0259boyu daha bir ne\u00e7\u0259 m\u00fcst\u0259qil jurnalistin evind\u0259 v\u0259 ofisind\u0259 axtar\u0131\u015f apar\u0131blar.\n<\/p>\n<p>\n  Azadl\u0131q Radiosunun r\u0259hb\u0259ri Jamie Fly Minsk ofisind\u0259 ke\u00e7iril\u0259n reyd v\u0259 \u0259m\u0259kda\u015flar\u0131n saxlanmas\u0131 bar\u0259d\u0259 a\u00e7\u0131qlama<br \/>\n  <a href=\"https:\/\/www.svaboda.org\/a\/31362602.html\"><br \/>\n    verib<br \/>\n  <\/a><br \/>\n  . Bildirib ki, bu axtar\u0131\u015flar v\u0259 h\u0259bsl\u0259r Luka\u015fenko rejiminin n\u0259yin bahas\u0131na olursa olsun hakimiyy\u0259td\u0259 qalmaq ist\u0259yinin n\u0259tic\u0259sidir:\n<\/p>\n<p>\n  \u201cOnillikl\u0259r boyu Azadl\u0131q Radiosu Belarus xalq\u0131 \u00fc\u00e7\u00fcn x\u0259b\u0259r v\u0259 ilham m\u0259nb\u0259yi olub. Luka\u015fenkon\u0131n m\u00fcst\u0259qil jurnalistikan\u0131 cinay\u0259t m\u0259suliyy\u0259tin\u0259 c\u0259lb etm\u0259si, Belarus xalq\u0131n\u0131n g\u00f6rd\u00fckl\u0259ri v\u0259 e\u015fitdikl\u0259ri \u00fcz\u0259rind\u0259 m\u00fctl\u0259q n\u0259zar\u0259ti h\u0259yata ke\u00e7irm\u0259k c\u0259hdidir\u201d.\n<\/p>\n<p>\n  Jemie Fly Belarus hakimiyy\u0259tini jurnalistl\u0259ri d\u0259rhal s\u0259b\u0259st buraxma\u011fa \u00e7a\u011f\u0131r\u0131b:\n<\/p>\n<p>\n  \u201cQorxutma taktikas\u0131 jurnalistikan\u0131 bo\u011fa bilm\u0259y\u0259c\u0259k\u201d, \u2013 dey\u0259 Jemie Fly bildirib.\n<\/p>\n<p>\n  Belarus hakimiyy\u0259ti bundan \u0259vv\u0259l, iyulun 14-d\u0259 is\u0259 \u00f6lk\u0259d\u0259ki onlarla h\u00fcquq-m\u00fcdafi\u0259 t\u0259\u015fkilat\u0131n\u0131n ofisind\u0259 reydl\u0259r ke\u00e7irib.\n<\/p>\n<p>\n  Eyni zamanda, h\u0259ft\u0259nin \u0259vv\u0259lind\u0259 Belarus polisi \u201cVesna\u201d h\u00fcquq-m\u00fcdafi\u0259 t\u0259\u015fkilat\u0131 v\u0259 Belarus Helsinki Komit\u0259si d\u0259 daxil olmaqla insan haqlar\u0131 qruplar\u0131 v\u0259 k\u00fctl\u0259vi informasiya vasit\u0259l\u0259rin\u0259 qar\u015f\u0131 (K\u0130V) geni\u015fmiqyasl\u0131 \u0259m\u0259liyyat ke\u00e7irib.\n<\/p>\n<p>\n  H\u0259ft\u0259 \u0259rzind\u0259 Minsk v\u0259 \u00f6lk\u0259nin dig\u0259r \u015f\u0259h\u0259rl\u0259rind\u0259 az\u0131 19 Qeyri H\u00f6kum\u0259t T\u0259\u015fkilat\u0131na qar\u015f\u0131 \u0259m\u0259liyyatlar olub v\u0259 az\u0131 10-d\u0259k adam saxlan\u0131b.\n<\/p>\n<p>\n  BMT-nin insan haqlar\u0131 m\u0259s\u0259l\u0259l\u0259ri \u00fczr\u0259 idar\u0259si Belarus hakimiyy\u0259tinin bu add\u0131m\u0131n\u0131 \u201cq\u0259buledilm\u0259z\u201d say\u0131b.\n<\/p>\n<p>\n  \u00d6t\u0259n ilin avqustunda Belarusda Prezident se\u00e7kil\u0259ri ke\u00e7irilib. Belarus m\u00fcxalif\u0259ti se\u00e7kil\u0259rin saxtala\u015fd\u0131r\u0131ld\u0131\u011f\u0131n\u0131 hesab edib. Se\u00e7kid\u0259n sonra Minskd\u0259 k\u00fctl\u0259vi etirazlar olub v\u0259 bu aksiyalar q\u0131sa zamanda \u00f6lk\u0259nin dig\u0259r \u015f\u0259h\u0259rl\u0259rin\u0259 d\u0259 yay\u0131l\u0131b.\n<\/p>\n<p>\n  H\u0259min vaxtdan b\u0259ri Belarus hakimiyy\u0259ti m\u00fcxalif, m\u00fcst\u0259qil v\u0259 beyn\u0259lxalq median\u0131, habel\u0259 h\u00fcquq-m\u00fcdafi\u0259 t\u0259\u015fkilatlar\u0131n\u0131 qapatma\u011fa ba\u015flay\u0131b.\n<\/p>\n<p>\n  M\u00fcxalif\u0259t lideri v\u0259 h\u0259min vaxt Prezidentliy\u0259 namiz\u0259dliyini vermi\u015f Svetlana Tixanovskaya da hakimiyy\u0259tin t\u0259qibl\u0259rin\u0259 m\u0259ruz qal\u0131b. O, \u00f6lk\u0259d\u0259n getm\u0259li olub.\n<\/p>\n<p>\n  M\u00fcxalif\u0259t se\u00e7kid\u0259 indiki Prezident Aleksandr Luka\u015fenkonun yox, onlar\u0131n namiz\u0259di Tixanovskayan\u0131n qalib g\u0259ldiyini dey\u0259r\u0259k n\u0259tic\u0259l\u0259ri tan\u0131may\u0131b.\n<\/p>\n<p>\n  Bundan sonra Avropa Birliyi v\u0259 bir s\u0131ra q\u0259rb \u00f6lk\u0259l\u0259ri d\u0259 Belarusda ke\u00e7iril\u0259n son prezident se\u00e7kisinin n\u0259tic\u0259l\u0259rini tan\u0131mad\u0131qlar\u0131n\u0131 b\u0259yan edib.\n<\/p>\n<p>\n  Uzun etirazlar v\u0259 k\u00fctl\u0259vi h\u0259bsl\u0259rd\u0259n sonra Luka\u015fenko q\u0259fil andicm\u0259 m\u0259rasimi ke\u00e7irib v\u0259 6-c\u0131 d\u0259f\u0259 yenid\u0259n hakimiyy\u0259td\u0259 qal\u0131b.\n<\/p>\n<p>\n  \u00d6t\u0259n ilin avqustundan bu yana Belarusda k\u00fctl\u0259vi h\u0259bsl\u0259r ba\u015flay\u0131b. H\u0259bs olunmayan m\u00fcxalif\u0259t liderl\u0259rinin \u0259ks\u0259riyy\u0259ti is\u0259 \u00f6lk\u0259d\u0259n qa\u00e7ma\u011fa m\u0259cbur edilib.\n<\/p>\n<p>\n  Avropa Birliyi, AB\u015e Luka\u015fenkonun se\u00e7ki n\u0259tic\u0259l\u0259rini qanuni hesab etmir v\u0259 Belarus rejimin\u0259 qar\u015f\u0131 sanksiyalar t\u0259tbiq edilib.<\/p>\n","protected":false},"excerpt":{"rendered":"<p>Aleh Hruzdzilovichin h\u0259yat yolda\u015f\u0131 \u0259rinin \u0259ll\u0259ri qandallanm\u0131\u015f formada apar\u0131ld\u0131\u011f\u0131n\u0131 s\u00f6yl\u0259yib<\/p>\n","protected":false},"author":11,"featured_media":208095,"comment_status":"closed","ping_status":"open","sticky":false,"template":"","format":"standard","meta":{"_acf_changed":false,"_sitemap_exclude":false,"_sitemap_priority":"","_sitemap_frequency":"","footnotes":""},"categories":[64],"tags":[],"class_list":["post-212028","post","type-post","status-publish","format-standard","has-post-thumbnail","hentry","category-dunya","infinite-scroll-item","generate-columns","tablet-grid-50","mobile-grid-100","grid-parent","grid-33","no-featured-image-padding"],"acf":[],"yoast_head":"<!-- This site is optimized with the Yoast SEO plugin v27.4 - https:\/\/yoast.com\/product\/yoast-seo-wordpress\/ -->\n<title>Azadl\u0131q Radiosunun Minsk ofisind\u0259 reydl\u0259r; saxlan\u0131lanlar var - MEYDAN.TV<\/title>\n<meta name=\"robots\" content=\"index, follow, max-snippet:-1, max-image-preview:large, max-video-preview:-1\" \/>\n<link rel=\"canonical\" href=\"https:\/\/www.meydan.tv\/az\/article\/azadliq-radiosunun-minsk-ofisinde-reydler-saxlanilanlar-var\/\" \/>\n<meta property=\"og:locale\" content=\"az_AZ\" \/>\n<meta property=\"og:type\" content=\"article\" \/>\n<meta property=\"og:title\" content=\"Azadl\u0131q Radiosunun Minsk ofisind\u0259 reydl\u0259r; saxlan\u0131lanlar var - MEYDAN.TV\" \/>\n<meta property=\"og:description\" content=\"Aleh Hruzdzilovichin h\u0259yat yolda\u015f\u0131 \u0259rinin \u0259ll\u0259ri qandallanm\u0131\u015f formada apar\u0131ld\u0131\u011f\u0131n\u0131 s\u00f6yl\u0259yib\" \/>\n<meta property=\"og:url\" content=\"https:\/\/www.meydan.tv\/az\/article\/azadliq-radiosunun-minsk-ofisinde-reydler-saxlanilanlar-var\/\" \/>\n<meta property=\"og:site_name\" content=\"MEYDAN.TV\" \/>\n<meta property=\"article:published_time\" content=\"2021-07-16T18:53:43+00:00\" \/>\n<meta property=\"og:image\" content=\"https:\/\/www.meydan.tv\/wp-content\/uploads\/original_size_facebook_app__untitled_design.png\" \/>\n\t<meta property=\"og:image:width\" content=\"864\" \/>\n\t<meta property=\"og:image:height\" content=\"480\" \/>\n\t<meta property=\"og:image:type\" content=\"image\/png\" \/>\n<meta name=\"author\" content=\"user-manager\" \/>\n<meta name=\"twitter:card\" content=\"summary_large_image\" \/>\n<script type=\"application\/ld+json\" class=\"yoast-schema-graph\">{\"@context\":\"https:\\\/\\\/schema.org\",\"@graph\":[{\"@type\":\"Article\",\"@id\":\"https:\\\/\\\/www.meydan.tv\\\/az\\\/article\\\/azadliq-radiosunun-minsk-ofisinde-reydler-saxlanilanlar-var\\\/#article\",\"isPartOf\":{\"@id\":\"https:\\\/\\\/www.meydan.tv\\\/az\\\/article\\\/azadliq-radiosunun-minsk-ofisinde-reydler-saxlanilanlar-var\\\/\"},\"author\":{\"name\":\"user-manager\",\"@id\":\"https:\\\/\\\/www.meydan.tv\\\/az\\\/#\\\/schema\\\/person\\\/10d11eccf6da3662cf5fdab9806ea91a\"},\"headline\":\"Azadl\u0131q Radiosunun Minsk ofisind\u0259 reydl\u0259r; saxlan\u0131lanlar var\",\"datePublished\":\"2021-07-16T18:53:43+00:00\",\"mainEntityOfPage\":{\"@id\":\"https:\\\/\\\/www.meydan.tv\\\/az\\\/article\\\/azadliq-radiosunun-minsk-ofisinde-reydler-saxlanilanlar-var\\\/\"},\"wordCount\":702,\"publisher\":{\"@id\":\"https:\\\/\\\/www.meydan.tv\\\/az\\\/#organization\"},\"image\":{\"@id\":\"https:\\\/\\\/www.meydan.tv\\\/az\\\/article\\\/azadliq-radiosunun-minsk-ofisinde-reydler-saxlanilanlar-var\\\/#primaryimage\"},\"thumbnailUrl\":\"https:\\\/\\\/www.meydan.tv\\\/wp-content\\\/uploads\\\/original_size_facebook_app__untitled_design.png\",\"articleSection\":[\"D\u00fcnya\"],\"inLanguage\":\"az\"},{\"@type\":\"WebPage\",\"@id\":\"https:\\\/\\\/www.meydan.tv\\\/az\\\/article\\\/azadliq-radiosunun-minsk-ofisinde-reydler-saxlanilanlar-var\\\/\",\"url\":\"https:\\\/\\\/www.meydan.tv\\\/az\\\/article\\\/azadliq-radiosunun-minsk-ofisinde-reydler-saxlanilanlar-var\\\/\",\"name\":\"Azadl\u0131q Radiosunun Minsk ofisind\u0259 reydl\u0259r; saxlan\u0131lanlar var - MEYDAN.TV\",\"isPartOf\":{\"@id\":\"https:\\\/\\\/www.meydan.tv\\\/az\\\/#website\"},\"primaryImageOfPage\":{\"@id\":\"https:\\\/\\\/www.meydan.tv\\\/az\\\/article\\\/azadliq-radiosunun-minsk-ofisinde-reydler-saxlanilanlar-var\\\/#primaryimage\"},\"image\":{\"@id\":\"https:\\\/\\\/www.meydan.tv\\\/az\\\/article\\\/azadliq-radiosunun-minsk-ofisinde-reydler-saxlanilanlar-var\\\/#primaryimage\"},\"thumbnailUrl\":\"https:\\\/\\\/www.meydan.tv\\\/wp-content\\\/uploads\\\/original_size_facebook_app__untitled_design.png\",\"datePublished\":\"2021-07-16T18:53:43+00:00\",\"breadcrumb\":{\"@id\":\"https:\\\/\\\/www.meydan.tv\\\/az\\\/article\\\/azadliq-radiosunun-minsk-ofisinde-reydler-saxlanilanlar-var\\\/#breadcrumb\"},\"inLanguage\":\"az\",\"potentialAction\":[{\"@type\":\"ReadAction\",\"target\":[\"https:\\\/\\\/www.meydan.tv\\\/az\\\/article\\\/azadliq-radiosunun-minsk-ofisinde-reydler-saxlanilanlar-var\\\/\"]}]},{\"@type\":\"ImageObject\",\"inLanguage\":\"az\",\"@id\":\"https:\\\/\\\/www.meydan.tv\\\/az\\\/article\\\/azadliq-radiosunun-minsk-ofisinde-reydler-saxlanilanlar-var\\\/#primaryimage\",\"url\":\"https:\\\/\\\/www.meydan.tv\\\/wp-content\\\/uploads\\\/original_size_facebook_app__untitled_design.png\",\"contentUrl\":\"https:\\\/\\\/www.meydan.tv\\\/wp-content\\\/uploads\\\/original_size_facebook_app__untitled_design.png\",\"width\":864,\"height\":480,\"caption\":\"Source: Specify Source\"},{\"@type\":\"BreadcrumbList\",\"@id\":\"https:\\\/\\\/www.meydan.tv\\\/az\\\/article\\\/azadliq-radiosunun-minsk-ofisinde-reydler-saxlanilanlar-var\\\/#breadcrumb\",\"itemListElement\":[{\"@type\":\"ListItem\",\"position\":1,\"name\":\"Ana s\u0259hif\u0259\",\"item\":\"https:\\\/\\\/www.meydan.tv\\\/az\\\/\"},{\"@type\":\"ListItem\",\"position\":2,\"name\":\"D\u00fcnya\",\"item\":\"https:\\\/\\\/www.meydan.tv\\\/az\\\/section\\\/dunya\\\/\"},{\"@type\":\"ListItem\",\"position\":3,\"name\":\"Azadl\u0131q Radiosunun Minsk ofisind\u0259 reydl\u0259r; saxlan\u0131lanlar var\"}]},{\"@type\":\"WebSite\",\"@id\":\"https:\\\/\\\/www.meydan.tv\\\/az\\\/#website\",\"url\":\"https:\\\/\\\/www.meydan.tv\\\/az\\\/\",\"name\":\"MEYDAN.TV\",\"description\":\"Meydan TV Az\u0259rbaycan\u0131n media m\u0259kan\u0131ndak\u0131 alternativ s\u0259sidir\",\"publisher\":{\"@id\":\"https:\\\/\\\/www.meydan.tv\\\/az\\\/#organization\"},\"potentialAction\":[{\"@type\":\"SearchAction\",\"target\":{\"@type\":\"EntryPoint\",\"urlTemplate\":\"https:\\\/\\\/www.meydan.tv\\\/az\\\/?s={search_term_string}\"},\"query-input\":{\"@type\":\"PropertyValueSpecification\",\"valueRequired\":true,\"valueName\":\"search_term_string\"}}],\"inLanguage\":\"az\"},{\"@type\":\"Organization\",\"@id\":\"https:\\\/\\\/www.meydan.tv\\\/az\\\/#organization\",\"name\":\"Meydan TV\",\"url\":\"https:\\\/\\\/www.meydan.tv\\\/az\\\/\",\"logo\":{\"@type\":\"ImageObject\",\"inLanguage\":\"az\",\"@id\":\"https:\\\/\\\/www.meydan.tv\\\/az\\\/#\\\/schema\\\/logo\\\/image\\\/\",\"url\":\"https:\\\/\\\/www.meydan.tv\\\/wp-content\\\/uploads\\\/2021\\\/07\\\/meydan-logo.svg\",\"contentUrl\":\"https:\\\/\\\/www.meydan.tv\\\/wp-content\\\/uploads\\\/2021\\\/07\\\/meydan-logo.svg\",\"width\":195,\"height\":46,\"caption\":\"Meydan TV\"},\"image\":{\"@id\":\"https:\\\/\\\/www.meydan.tv\\\/az\\\/#\\\/schema\\\/logo\\\/image\\\/\"}},{\"@type\":\"Person\",\"@id\":\"https:\\\/\\\/www.meydan.tv\\\/az\\\/#\\\/schema\\\/person\\\/10d11eccf6da3662cf5fdab9806ea91a\",\"name\":\"user-manager\"}]}<\/script>\n<!-- \/ Yoast SEO plugin. -->","yoast_head_json":{"title":"Azadl\u0131q Radiosunun Minsk ofisind\u0259 reydl\u0259r; saxlan\u0131lanlar var - MEYDAN.TV","robots":{"index":"index","follow":"follow","max-snippet":"max-snippet:-1","max-image-preview":"max-image-preview:large","max-video-preview":"max-video-preview:-1"},"canonical":"https:\/\/www.meydan.tv\/az\/article\/azadliq-radiosunun-minsk-ofisinde-reydler-saxlanilanlar-var\/","og_locale":"az_AZ","og_type":"article","og_title":"Azadl\u0131q Radiosunun Minsk ofisind\u0259 reydl\u0259r; saxlan\u0131lanlar var - MEYDAN.TV","og_description":"Aleh Hruzdzilovichin h\u0259yat yolda\u015f\u0131 \u0259rinin \u0259ll\u0259ri qandallanm\u0131\u015f formada apar\u0131ld\u0131\u011f\u0131n\u0131 s\u00f6yl\u0259yib","og_url":"https:\/\/www.meydan.tv\/az\/article\/azadliq-radiosunun-minsk-ofisinde-reydler-saxlanilanlar-var\/","og_site_name":"MEYDAN.TV","article_published_time":"2021-07-16T18:53:43+00:00","og_image":[{"width":864,"height":480,"url":"https:\/\/www.meydan.tv\/wp-content\/uploads\/original_size_facebook_app__untitled_design.png","type":"image\/png"}],"author":"user-manager","twitter_card":"summary_large_image","schema":{"@context":"https:\/\/schema.org","@graph":[{"@type":"Article","@id":"https:\/\/www.meydan.tv\/az\/article\/azadliq-radiosunun-minsk-ofisinde-reydler-saxlanilanlar-var\/#article","isPartOf":{"@id":"https:\/\/www.meydan.tv\/az\/article\/azadliq-radiosunun-minsk-ofisinde-reydler-saxlanilanlar-var\/"},"author":{"name":"user-manager","@id":"https:\/\/www.meydan.tv\/az\/#\/schema\/person\/10d11eccf6da3662cf5fdab9806ea91a"},"headline":"Azadl\u0131q Radiosunun Minsk ofisind\u0259 reydl\u0259r; saxlan\u0131lanlar var","datePublished":"2021-07-16T18:53:43+00:00","mainEntityOfPage":{"@id":"https:\/\/www.meydan.tv\/az\/article\/azadliq-radiosunun-minsk-ofisinde-reydler-saxlanilanlar-var\/"},"wordCount":702,"publisher":{"@id":"https:\/\/www.meydan.tv\/az\/#organization"},"image":{"@id":"https:\/\/www.meydan.tv\/az\/article\/azadliq-radiosunun-minsk-ofisinde-reydler-saxlanilanlar-var\/#primaryimage"},"thumbnailUrl":"https:\/\/www.meydan.tv\/wp-content\/uploads\/original_size_facebook_app__untitled_design.png","articleSection":["D\u00fcnya"],"inLanguage":"az"},{"@type":"WebPage","@id":"https:\/\/www.meydan.tv\/az\/article\/azadliq-radiosunun-minsk-ofisinde-reydler-saxlanilanlar-var\/","url":"https:\/\/www.meydan.tv\/az\/article\/azadliq-radiosunun-minsk-ofisinde-reydler-saxlanilanlar-var\/","name":"Azadl\u0131q Radiosunun Minsk ofisind\u0259 reydl\u0259r; saxlan\u0131lanlar var - MEYDAN.TV","isPartOf":{"@id":"https:\/\/www.meydan.tv\/az\/#website"},"primaryImageOfPage":{"@id":"https:\/\/www.meydan.tv\/az\/article\/azadliq-radiosunun-minsk-ofisinde-reydler-saxlanilanlar-var\/#primaryimage"},"image":{"@id":"https:\/\/www.meydan.tv\/az\/article\/azadliq-radiosunun-minsk-ofisinde-reydler-saxlanilanlar-var\/#primaryimage"},"thumbnailUrl":"https:\/\/www.meydan.tv\/wp-content\/uploads\/original_size_facebook_app__untitled_design.png","datePublished":"2021-07-16T18:53:43+00:00","breadcrumb":{"@id":"https:\/\/www.meydan.tv\/az\/article\/azadliq-radiosunun-minsk-ofisinde-reydler-saxlanilanlar-var\/#breadcrumb"},"inLanguage":"az","potentialAction":[{"@type":"ReadAction","target":["https:\/\/www.meydan.tv\/az\/article\/azadliq-radiosunun-minsk-ofisinde-reydler-saxlanilanlar-var\/"]}]},{"@type":"ImageObject","inLanguage":"az","@id":"https:\/\/www.meydan.tv\/az\/article\/azadliq-radiosunun-minsk-ofisinde-reydler-saxlanilanlar-var\/#primaryimage","url":"https:\/\/www.meydan.tv\/wp-content\/uploads\/original_size_facebook_app__untitled_design.png","contentUrl":"https:\/\/www.meydan.tv\/wp-content\/uploads\/original_size_facebook_app__untitled_design.png","width":864,"height":480,"caption":"Source: Specify Source"},{"@type":"BreadcrumbList","@id":"https:\/\/www.meydan.tv\/az\/article\/azadliq-radiosunun-minsk-ofisinde-reydler-saxlanilanlar-var\/#breadcrumb","itemListElement":[{"@type":"ListItem","position":1,"name":"Ana s\u0259hif\u0259","item":"https:\/\/www.meydan.tv\/az\/"},{"@type":"ListItem","position":2,"name":"D\u00fcnya","item":"https:\/\/www.meydan.tv\/az\/section\/dunya\/"},{"@type":"ListItem","position":3,"name":"Azadl\u0131q Radiosunun Minsk ofisind\u0259 reydl\u0259r; saxlan\u0131lanlar var"}]},{"@type":"WebSite","@id":"https:\/\/www.meydan.tv\/az\/#website","url":"https:\/\/www.meydan.tv\/az\/","name":"MEYDAN.TV","description":"Meydan TV Az\u0259rbaycan\u0131n media m\u0259kan\u0131ndak\u0131 alternativ s\u0259sidir","publisher":{"@id":"https:\/\/www.meydan.tv\/az\/#organization"},"potentialAction":[{"@type":"SearchAction","target":{"@type":"EntryPoint","urlTemplate":"https:\/\/www.meydan.tv\/az\/?s={search_term_string}"},"query-input":{"@type":"PropertyValueSpecification","valueRequired":true,"valueName":"search_term_string"}}],"inLanguage":"az"},{"@type":"Organization","@id":"https:\/\/www.meydan.tv\/az\/#organization","name":"Meydan TV","url":"https:\/\/www.meydan.tv\/az\/","logo":{"@type":"ImageObject","inLanguage":"az","@id":"https:\/\/www.meydan.tv\/az\/#\/schema\/logo\/image\/","url":"https:\/\/www.meydan.tv\/wp-content\/uploads\/2021\/07\/meydan-logo.svg","contentUrl":"https:\/\/www.meydan.tv\/wp-content\/uploads\/2021\/07\/meydan-logo.svg","width":195,"height":46,"caption":"Meydan TV"},"image":{"@id":"https:\/\/www.meydan.tv\/az\/#\/schema\/logo\/image\/"}},{"@type":"Person","@id":"https:\/\/www.meydan.tv\/az\/#\/schema\/person\/10d11eccf6da3662cf5fdab9806ea91a","name":"user-manager"}]}},"_links":{"self":[{"href":"https:\/\/www.meydan.tv\/az\/wp-json\/wp\/v2\/posts\/212028","targetHints":{"allow":["GET"]}}],"collection":[{"href":"https:\/\/www.meydan.tv\/az\/wp-json\/wp\/v2\/posts"}],"about":[{"href":"https:\/\/www.meydan.tv\/az\/wp-json\/wp\/v2\/types\/post"}],"author":[{"embeddable":true,"href":"https:\/\/www.meydan.tv\/az\/wp-json\/wp\/v2\/users\/11"}],"replies":[{"embeddable":true,"href":"https:\/\/www.meydan.tv\/az\/wp-json\/wp\/v2\/comments?post=212028"}],"version-history":[{"count":0,"href":"https:\/\/www.meydan.tv\/az\/wp-json\/wp\/v2\/posts\/212028\/revisions"}],"wp:featuredmedia":[{"embeddable":true,"href":"https:\/\/www.meydan.tv\/az\/wp-json\/wp\/v2\/media\/208095"}],"wp:attachment":[{"href":"https:\/\/www.meydan.tv\/az\/wp-json\/wp\/v2\/media?parent=212028"}],"wp:term":[{"taxonomy":"category","embeddable":true,"href":"https:\/\/www.meydan.tv\/az\/wp-json\/wp\/v2\/categories?post=212028"},{"taxonomy":"post_tag","embeddable":true,"href":"https:\/\/www.meydan.tv\/az\/wp-json\/wp\/v2\/tags?post=212028"}],"curies":[{"name":"wp","href":"https:\/\/api.w.org\/{rel}","templated":true}]}}