{"id":212025,"date":"2021-07-16T13:42:11","date_gmt":"2021-07-16T13:42:11","guid":{"rendered":"https:\/\/www.meydan.tv\/article\/debli-ve-rahat-elilliyi-olan-sexsler-ucun-adaptiv-geyim\/"},"modified":"2021-07-16T13:42:11","modified_gmt":"2021-07-16T13:42:11","slug":"debli-ve-rahat-elilliyi-olan-sexsler-ucun-adaptiv-geyim","status":"publish","type":"post","link":"https:\/\/www.meydan.tv\/az\/article\/debli-ve-rahat-elilliyi-olan-sexsler-ucun-adaptiv-geyim\/","title":{"rendered":"D\u0259bli v\u0259 rahat. \u018flilliyi olan \u015f\u0259xsl\u0259r \u00fc\u00e7\u00fcn adaptiv geyim"},"content":{"rendered":"<p>\n  <b><br \/>\n    <i><br \/>\n      Az\u0259rbaycanda t\u0259xmin\u0259n h\u0259r 100 sakind\u0259n 6-s\u0131 \u0259lilliyi olan \u015f\u0259xsl\u0259rdir. V\u0259 onlar\u0131n bir \u00e7oxunun g\u00fcnd\u0259lik h\u0259yatda qar\u015f\u0131la\u015fd\u0131qlar\u0131 \u0259sas probleml\u0259rd\u0259n biri \u2013 d\u0259bli v\u0259 eyni zamanda s\u0259rb\u0259st geyin\u0259 bil\u0259c\u0259kl\u0259ri rahat geyiml\u0259r tapmaqd\u0131r.<br \/>\n    <\/i><br \/>\n  <\/b>\n<\/p>\n<p>\n  K\u0259mal\u0259 Sultan 6 ya\u015f\u0131nda ik\u0259n yol q\u0259zas\u0131 ke\u00e7irib v\u0259 \u0259lil arabas\u0131na m\u0259cbur qal\u0131b. Haz\u0131rda onun 32 ya\u015f\u0131 var. Deyir, Bak\u0131da Slavyan Universitetind\u0259 t\u0259hsil alma\u011fa ba\u015flayanad\u0259k uzun ill\u0259r dem\u0259k olar ki, evd\u0259n \u00e7\u00f6l\u0259 \u00e7\u0131xmay\u0131b. Az\u0259rbaycanda \u0259ks\u0259r k\u00fc\u00e7\u0259 v\u0259 binalar \u0259lilliyi olan \u015f\u0259xsl\u0259rin mane\u0259siz h\u0259r\u0259k\u0259ti \u00fc\u00e7\u00fcn uy\u011funla\u015fd\u0131r\u0131lmad\u0131\u011f\u0131ndan, K\u0259mal\u0259 h\u0259l\u0259 d\u0259 \u0259lil arabas\u0131n\u0131 idar\u0259 etm\u0259kd\u0259 \u00e7\u0259tinlik \u00e7\u0259kir. Rahat geyim se\u00e7imi is\u0259 ona \u0259lav\u0259 probleml\u0259r yarad\u0131rd\u0131:\n<\/p>\n<figure class=\"wp-block-image size-large\">\n  <img decoding=\"async\" src=\"https:\/\/www.meydan.tv\/az\/img_9701-jpg\/\" alt=\"IMG_9701.jpg\" class=\"wp-image-207966\"\/><figcaption>\n    K\u0259mal\u0259 Sultan<br \/>\n  <\/figcaption><\/figure>\n<p>\n  <i><br \/>\n    \u201cM\u0259n\u0259 n\u0259inki araba il\u0259 h\u0259r\u0259k\u0259t etm\u0259k, h\u0259m d\u0259 uy\u011fun geyim se\u00e7m\u0259k d\u0259 \u00e7\u0259tin idi\u201d,<br \/>\n  <\/i><br \/>\n  \u2013 dey\u0259 K\u0259mal\u0259 bildirir<br \/>\n  <i><br \/>\n    . &#8211; El\u0259 paltar olmal\u0131d\u0131r ki, arabada oturark\u0259n h\u0259r\u0259k\u0259timi m\u0259hdudla\u015fd\u0131rmas\u0131n v\u0259 t\u0259k\u0259rl\u0259r\u0259 dola\u015fmas\u0131n. Eyni zamanda el\u0259 paltar olmal\u0131d\u0131r ki, m\u0259n onu arabamda oturaraq s\u0259rb\u0259st geyin\u0259 bilim. Bel\u0259l\u0259rini se\u00e7m\u0259k \u00e7ox \u00e7\u0259tin idi\u201d.<br \/>\n  <\/i>\n<\/p>\n<p>\n  \u0130xtisasca m\u00fc\u0259llim olan 25 ya\u015fl\u0131 X\u0259yal\u0259 H\u00fcseynlinin \u0259l v\u0259 ayaqlar\u0131nda do\u011fu\u015fdan x\u0259st\u0259liyi var. K\u0259mal\u0259 kimi o da \u0259lil arabas\u0131ndan istifad\u0259 edir v\u0259 onun da arabada rahat otura v\u0259 h\u0259r\u0259k\u0259t ed\u0259 bilm\u0259si \u00fc\u00e7\u00fcn uy\u011fun paltar se\u00e7\u0259 bilm\u0259si \u00e7ox vacibdir. Lakin X\u0259yal\u0259 il\u0259 ba\u011fl\u0131 v\u0259ziyy\u0259t h\u0259m d\u0259 ona g\u00f6r\u0259 \u00e7\u0259tindir ki, \u0259ll\u0259ri z\u0259if oldu\u011fundan, geyinilm\u0259si asan olan paltarlar tapmal\u0131d\u0131r. \u018fks\u0259r brendl\u0259r yaln\u0131z he\u00e7 bir fiziki m\u0259hdudiyy\u0259tl\u0259ri olmayan insanlar \u00fc\u00e7\u00fcn n\u0259z\u0259rd\u0259 tutulan geyiml\u0259r istehsal etdiyind\u0259n, uzun ill\u0259r geyim se\u00e7m\u0259k onun \u00fc\u00e7\u00fcn ciddi problem olub.\n<\/p>\n<figure class=\"wp-block-image size-large\">\n  <img decoding=\"async\" src=\"https:\/\/www.meydan.tv\/az\/7j7a7686-jpg\/\" alt=\"7J7A7686.jpg\" class=\"wp-image-207972\"\/><figcaption>\n    X\u0259yal\u0259 H\u00fcseynli<br \/>\n  <\/figcaption><\/figure>\n<p>\n  Lakin iki il \u00f6nc\u0259 \u00f6lk\u0259d\u0259 adaptiv geyiml\u0259rin istehsal\u0131 \u00fczr\u0259 yarad\u0131lan yeni bir sosial biznes layih\u0259si il\u0259 tan\u0131\u015fl\u0131\u011f\u0131 X\u0259yal\u0259nin h\u0259yat\u0131n\u0131 bu y\u00f6nd\u0259n xeyli asanla\u015fd\u0131r\u0131b. \u00abKekalove Adaptive Fashion\u00bb adlanan layih\u0259nin dizaynerl\u0259ri art\u0131q X\u0259yal\u0259 \u00fc\u00e7\u00fcn onun ehtiyaclar\u0131n\u0131 n\u0259z\u0259r\u0259 alan bir ne\u00e7\u0259 x\u00fcsusi geyim haz\u0131rlay\u0131b:\n<\/p>\n<p>\n  <i><br \/>\n    \u201cM\u0259nim \u0259ll\u0259rim z\u0259ifdir, ona g\u00f6r\u0259 d\u0259 adi d\u00fcym\u0259l\u0259rd\u0259n v\u0259 ya z\u0259ncirb\u0259ndd\u0259n istifad\u0259 ed\u0259 bilmirdim v\u0259 ba\u015fqalar\u0131n\u0131n k\u00f6m\u0259yin\u0259 ehtiyac\u0131m olurdu. Adaptiv geyiml\u0259ri is\u0259 art\u0131q \u00f6z\u00fcm \u00e7ox s\u0259rb\u0259st geyinir\u0259m. H\u0259mi\u015f\u0259 d\u00fc\u015f\u00fcn\u00fcrd\u00fcm ki, g\u00f6r\u0259s\u0259n bizim kimi insanlar\u0131n ba\u015fqa geyiml\u0259ri ola bil\u0259r, y\u0259ni butikl\u0259rd\u0259 sat\u0131la bil\u0259r? M\u0259n\u0259 deyirdil\u0259r ki, yox, ancaq olanlar adi, h\u0259r k\u0259s \u00fc\u00e7\u00fcn n\u0259z\u0259rd\u0259 tutulan paltarlard\u0131. Amma bu layih\u0259 ba\u015flayandan sonra inand\u0131m ki, bel\u0259 bir geyiml\u0259ri al\u0131b geyinm\u0259k olar\u201d.<br \/>\n  <\/i>\n<\/p>\n<figure class=\"wp-block-embed is-type-video is-provider-youtube wp-block-embed-youtube wp-embed-aspect-16-9 wp-has-aspect-ratio\">\n<div class=\"wp-block-embed__wrapper\">\n    <iframe\ttitle=\"\u018flilliyi olan \u015f\u0259xsl\u0259rin \u0259sas probleml\u0259rind\u0259n biri \u2013 d\u0259bli v\u0259 eyni zamanda s\u0259rb\u0259st geyin\u0259 bil\u0259c\u0259kl\u0259ri rahat geyiml\u0259r tapmaqd\u0131r\" width=\"1200\" height=\"675\" data-src=\"https:\/\/www.youtube.com\/embed\/ysKswn9ZXYI\"\tframeborder=\"0\"\tallow=\"accelerometer; autoplay; clipboard-write; encrypted-media; gyroscope; picture-in-picture\" allowfullscreen src=\"data:image\/svg+xml;base64,PHN2ZyB3aWR0aD0iMSIgaGVpZ2h0PSIxIiB4bWxucz0iaHR0cDovL3d3dy53My5vcmcvMjAwMC9zdmciPjwvc3ZnPg==\" class=\"lazyload\" data-load-mode=\"1\"><\/iframe>\n  <\/div><figcaption>\n    \u018flilliyi olan \u015f\u0259xsl\u0259rin \u0259sas probleml\u0259rind\u0259n biri \u2013 d\u0259bli v\u0259 eyni zamanda s\u0259rb\u0259st geyin\u0259 bil\u0259c\u0259kl\u0259ri rahat geyiml\u0259r tapmaqd\u0131r<br \/>\n  <\/figcaption><\/figure>\n<p>\n  Az\u0259rbaycanda ilk adaptiv geyim brendi olan \u00abKekalove Adaptive Fashion\u00bb sosial bir biznes layih\u0259sidir. Layih\u0259 \u00e7\u0259r\u00e7iv\u0259sind\u0259 m\u00fcxt\u0259lif \u0259lilliyi olan \u015f\u0259xsl\u0259rin x\u00fcsusi t\u0259l\u0259bl\u0259rin\u0259 uy\u011fun, rahat v\u0259 eyni zamanda d\u0259bli paltarlar haz\u0131rlan\u0131r. \u015eirk\u0259tin t\u0259sis\u00e7isi 20 ya\u015fl\u0131 M\u0259h\u0259mm\u0259d Kekalov deyir ki, \u00f6lk\u0259d\u0259 bu c\u00fcr adaptiv geyiml\u0259r\u0259 ehtiyac\u0131n oldu\u011funu \u00f6z \u015f\u0259xsi ail\u0259sind\u0259ki t\u0259cr\u00fcb\u0259sind\u0259n \u00f6yr\u0259nib:\n<\/p>\n<p>\n  <i><br \/>\n    \u201cM\u0259n u\u015faql\u0131qdan \u0259lillikl\u0259 ba\u011fl\u0131 \u00e7oxlu m\u0259lumata malik olmu\u015fam, \u00e7\u00fcnki n\u0259n\u0259min \u0259llilliyi var idi, sonradan g\u00f6rm\u0259 qabiliyy\u0259tini itirmi\u015fdi. Biz onunla birg\u0259 ya\u015fayark\u0259n v\u0259 ona k\u00f6m\u0259k ed\u0259rk\u0259n, \u0259lilliyi olan insanlar\u0131n qar\u015f\u0131la\u015fd\u0131qlar\u0131 probleml\u0259ri \u00e7ox yax\u0131ndan g\u00f6r\u00fcrd\u00fck. V\u0259 geyim d\u0259 bu probleml\u0259rd\u0259n biri idi\u201d.<br \/>\n  <\/i>\n<\/p>\n<p>\n  M\u0259h\u0259mm\u0259d Kekalovun s\u00f6zl\u0259rin\u0259 g\u00f6r\u0259, layih\u0259nin ba\u015fl\u0131ca m\u0259qs\u0259di adaptiv geyiml\u0259ri Az\u0259rbaycanda normaya v\u0259 onlar\u0131n istehsal\u0131n\u0131 is\u0259 m\u00fcxt\u0259lif brendl\u0259rin v\u0259 dizaynerl\u0259rin davaml\u0131 g\u00f6r\u0259c\u0259kl\u0259ri bir i\u015f\u0259 \u00e7evirm\u0259kdir.\n<\/p>\n<p>\n  <i><br \/>\n    \u201c\u018flilliyi olan \u015f\u0259xsl\u0259rin h\u0259yatlar\u0131n\u0131 asanla\u015fd\u0131racaq geyiml\u0259r haz\u0131rlamaqla biz onlar\u0131n aktiv h\u0259yat s\u00fcr\u0259 bilm\u0259l\u0259rin\u0259 yard\u0131m etmi\u015f v\u0259 bu yolla onlar\u0131n c\u0259miyy\u0259td\u0259 t\u0259msil\u00e7iliyini art\u0131rm\u0131\u015f ola bil\u0259rik\u201d,<br \/>\n  <\/i><br \/>\n  \u2013 dey\u0259 o \u0259lav\u0259 edir.\n<\/p>\n<p>\n  Layih\u0259 ilk d\u0259f\u0259 olaraq 2019-cu ilin pay\u0131z\u0131nda ilk adaptiv geyimin n\u00fcmayi\u015fi il\u0259 ba\u015flay\u0131b. Sonradan layih\u0259 i\u015ftirak\u00e7\u0131lar\u0131 m\u00fcxt\u0259lif \u0259lilliyi olan \u015f\u0259xsl\u0259r \u00fc\u00e7\u00fcn 24 geyimd\u0259n ibar\u0259t bir kolleksiya haz\u0131rlama\u011fa m\u00fcv\u0259ff\u0259q olub. H\u0259r bir modelin haz\u0131rlanmas\u0131 prosesind\u0259 dizaynerl\u0259r birba\u015fa \u0259lilliyi olan insanlarla \u00e7al\u0131\u015f\u0131r, onlar\u0131n m\u0259sl\u0259h\u0259tl\u0259ri v\u0259 ist\u0259kl\u0259rini n\u0259z\u0259r\u0259 al\u0131rlar. Layih\u0259nin yarad\u0131c\u0131 direktoru Ruhlan C\u0259lilovun s\u00f6zl\u0259rin\u0259 g\u00f6r\u0259, onlarla h\u0259r m\u0259s\u0259l\u0259d\u0259 m\u0259sl\u0259h\u0259tl\u0259\u015firl\u0259r, \u0259n x\u0131rda detallarad\u0259k &#8211; geyimd\u0259 rahatl\u0131\u011f\u0131 n\u0259d\u0259 axtard\u0131qlar\u0131ndan tutmu\u015f par\u00e7alar\u0131n se\u00e7imin\u0259d\u0259k:\n<\/p>\n<p>\n  <i><br \/>\n    \u201cM\u0259s\u0259l\u0259n, b\u0259zi \u015f\u0259xsl\u0259r \u0259lilliyi hardad\u0131rsa, onu gizl\u0259tm\u0259k ist\u0259yir, amma el\u0259l\u0259ri d\u0259 var ki, \u0259ksin\u0259, deyir, m\u0259n ist\u0259yir\u0259m, \u0259lillik olan hiss\u0259 qabar\u0131q g\u00f6r\u00fcns\u00fcn. Biz is\u0259 misal \u00fc\u00e7\u00fcn, geyiml\u0259rd\u0259 d\u00fcym\u0259l\u0259ri istifad\u0259 ed\u0259nd\u0259 onlar\u0131 gizl\u0259tm\u0259y\u0259 v\u0259 ya \u0259ksin\u0259 qabartma\u011fa \u00e7al\u0131\u015f\u0131r\u0131q. O d\u00fcym\u0259l\u0259rd\u0259 g\u00f6z\u0259l materiallardan istifad\u0259 edirik. Bununla vur\u011fulamaq ist\u0259yirik ki, bu, adaptiv geyimdir\u201d.<br \/>\n  <\/i>\n<\/p>\n<figure class=\"wp-block-image size-large\">\n  <img decoding=\"async\" src=\"https:\/\/www.meydan.tv\/az\/img_0310-jpg\/\" alt=\"IMG_0310.jpg\" class=\"wp-image-207960\"\/><figcaption>\n    G\u00fcnay M\u0259mm\u0259dova<br \/>\n  <\/figcaption><\/figure>\n<p>\n  Ruhlan C\u0259lilov deyir ki, modell\u0259r haz\u0131rlanark\u0259n \u00e7al\u0131\u015f\u0131l\u0131r ki, \u00fcmumilikd\u0259 adaptiv geyiml\u0259r g\u00f6r\u00fcn\u00fc\u015fc\u0259 adi libaslardan f\u0259rql\u0259nm\u0259sinl\u0259r v\u0259 m\u00fcasir d\u0259bl\u0259 uy\u011funla\u015fs\u0131nlar. Adaptiv geyiml\u0259r daha s\u0259rb\u0259stdirl\u0259r v\u0259 onlar\u0131n istehsal\u0131nda daha \u00e7ox v\u0259 daha rahat a\u00e7\u0131l\u0131b-ba\u011flanan d\u00fcym\u0259l\u0259rd\u0259n istifad\u0259 olunur ki, \u0259lilliyi olan \u015f\u0259xsl\u0259r onlar\u0131 daha rahat geyinib-soyuna bilsinl\u0259r.\n<\/p>\n<p>\n  <i><br \/>\n    \u201c\u018flil arabas\u0131ndan istifad\u0259 ed\u0259n \u015f\u0259xsl\u0259r \u00e7ox zaman paltar\u0131 uzanaraq geyinir. Bu geyiml\u0259rin dizayn\u0131 is\u0259 el\u0259dir ki, biz\u0259 onlar\u0131 geyinib-soyunmaq asan v\u0259 daha tez m\u00fcmk\u00fcn olsun\u201d,<br \/>\n  <\/i><br \/>\n  &#8211; Orxan Ad\u0131\u011f\u00f6z\u0259l deyir.\n<\/p>\n<p>\n  K\u0259mal\u0259 Sultan deyir ki, \u0259vv\u0259ll\u0259r x\u00fcsus\u0259n uzun libaslar\u0131 geyinm\u0259kd\u0259 \u00e7\u0259tinlik \u00e7\u0259kirdi, paltar\u0131n \u0259t\u0259yi araban\u0131n t\u0259k\u0259rl\u0259rin\u0259 dola\u015f\u0131rd\u0131. Amma layih\u0259 dizaynerl\u0259rinin onun \u00fc\u00e7\u00fcn haz\u0131rlad\u0131\u011f\u0131 donda art\u0131q bu probleml\u0259ri ya\u015fam\u0131r. H\u0259m d\u0259 bu libas\u0131n g\u00f6r\u00fcn\u00fc\u015f\u00fcnd\u0259n, r\u0259ngl\u0259rind\u0259n \u00e7ox raz\u0131 qald\u0131\u011f\u0131ndan onu b\u00f6y\u00fck h\u0259v\u0259sl\u0259 geyinir:\n<\/p>\n<p>\n  <i><br \/>\n    \u201cR\u0259ngl\u0259ri sevdiyim \u00fc\u00e7\u00fcn bu paltar da m\u0259n\u0259 m\u00fcsb\u0259t bir aura verir. H\u0259qiq\u0259t\u0259n d\u0259 \u00e7ox sevir\u0259m bu paltar\u0131. H\u0259tta dostlar\u0131m-tan\u0131\u015flar\u0131m da, evd\u0259kil\u0259r d\u0259 deyir ki, bu s\u0259n\u0259 \u00e7ox yara\u015f\u0131r, r\u0259ngin\u0259 sanki g\u00f6z\u0259llik qat\u0131r. M\u0259n dey\u0259rdim, m\u0259n g\u00f6z\u0259llik qat\u0131ram\u201d.<br \/>\n  <\/i><br \/>\n  (g\u00fcl\u00fcr)\n<\/p>\n<p>\n  G\u00fcnay M\u0259mm\u0259dovan\u0131n 43 ya\u015f\u0131 var v\u0259 art\u0131q 7 ildir ki tam g\u00f6rm\u0259 qabiliyy\u0259tini itirib. \u0130xtisasca h\u00fcquq\u015f\u00fcnasd\u0131r, eyni zamanda aktrisal\u0131q, kulinariya kimi dig\u0259r m\u00fcxt\u0259lif maraq v\u0259 m\u0259\u015f\u011fuliyy\u0259tl\u0259ri d\u0259 var. Lakin g\u00f6rm\u0259 qabiliyy\u0259tini itirm\u0259si h\u0259yat\u0131n\u0131 \u00f6nc\u0259ki kimi aktiv ya\u015famaqda \u00e7\u0259tinlik yarad\u0131r. \u00abKekalove Adaptive Fashion\u00bbnun geyiml\u0259ri il\u0259 tan\u0131\u015f olduqdan sonra durumunun bir q\u0259d\u0259r asanla\u015fd\u0131\u011f\u0131n\u0131 deyir. G\u00fcnay \u0259ynind\u0259ki \u00e7ox sevdiyi mavi r\u0259ngli libas\u0131n\u0131n f\u0259rqli c\u0259h\u0259tl\u0259rind\u0259n dan\u0131\u015f\u0131r:\n<\/p>\n<p>\n  <i><br \/>\n    \u201cM\u0259n g\u00f6z\u0259l geyinm\u0259yi \u00e7ox sevir\u0259m. Dizayner bu donumda m\u0259nim sevdiyim r\u0259ngl\u0259rd\u0259n istifad\u0259 edib. Material\u0131 da \u00e7ox g\u00f6z\u0259ldir. \u018flill\u0259r \u00fc\u00e7\u00fcn \u00e7ox rahat bir geyimdir. Burda istifad\u0259 olunan m\u0259hz d\u00fcym\u0259l\u0259r&#8230; H\u0259rd\u0259n fikirl\u0259\u015firs\u0259n ki, bir d\u00fcym\u0259dir d\u0259, bu, nec\u0259 rahat ola bil\u0259r ki, bir insan \u00fc\u00e7\u00fcn? Amma o q\u0259d\u0259r rahatd\u0131r\u201d.<br \/>\n  <\/i>\n<\/p>\n<figure class=\"wp-block-image size-large\">\n  <img decoding=\"async\" src=\"https:\/\/www.meydan.tv\/az\/img_9571-jpg-2\/\" alt=\"IMG_9571.jpg\" class=\"wp-image-207993\"\/><figcaption>\n    Rahat \u201cd\u00fcym\u0259l\u0259r\u201d<br \/>\n  <\/figcaption><\/figure>\n<p>\n  G\u00fcnay M\u0259mm\u0259dova hesab edir ki, bu c\u00fcr individual geyiml\u0259rin haz\u0131rlanmas\u0131 \u2013 h\u0259m d\u0259 \u0259lill\u0259r\u0259 qar\u015f\u0131 diqq\u0259t v\u0259 qay\u011f\u0131 g\u00f6st\u0259rm\u0259kdir:<br \/>\n  <i><br \/>\n    \u201cBu layih\u0259 il\u0259 onlar bir n\u00f6v bizim qay\u011f\u0131m\u0131za qal\u0131rlar, bizim naz\u0131m\u0131z\u0131 \u00e7\u0259kirl\u0259r, n\u0259vazi\u015f g\u00f6st\u0259rirl\u0259r. Geyim \u2013 ax\u0131 h\u0259m d\u0259 g\u00f6z\u0259llikdir. Onu da g\u00f6z\u0259l t\u0259qdim etm\u0259yi bacarmaq laz\u0131md\u0131r\u201d.<br \/>\n  <\/i>\n<\/p>\n<p>\n  Layih\u0259 i\u015ftirak\u00e7\u0131lar\u0131 h\u0259m\u00e7inin adaptiv geyiml\u0259rin moda s\u0259rgisini d\u0259 ke\u00e7irirl\u0259r, v\u0259 modell\u0259rin haz\u0131rlanmas\u0131nda i\u015ftirak ed\u0259n \u0259lilliyi olan \u015f\u0259xsl\u0259r \u00f6zl\u0259ri bu geyiml\u0259ri s\u0259rgil\u0259rd\u0259 model qismind\u0259 n\u00fcmayi\u015f etdir\u0259 bilirl\u0259r. G\u00fcnay M\u0259mm\u0259dovan\u0131n mavi libas\u0131 da builki yay geyiml\u0259ri kolleksiyas\u0131n\u0131n favoritl\u0259r s\u0131ras\u0131nda olub.\n<\/p>\n<p>\n  <i><br \/>\n    \u201cAktrisa kimi s\u0259hn\u0259y\u0259 al\u0131\u015fsam da, ilk d\u0259f\u0259 bu ya\u015f\u0131mda podiuma da \u00e7\u0131xma\u011f\u0131m \u00e7ox xo\u015f idi. \u0130nsanlar\u0131n auras\u0131, alq\u0131\u015flar&#8230; H\u0259tta bilirsiz, dar\u0131xm\u0131\u015fd\u0131q bu hissl\u0259r \u00fc\u00e7\u00fcn, o q\u0259d\u0259r ki, pandemiya zaman\u0131 d\u00f6rd divar aras\u0131nda qapal\u0131 qald\u0131q v\u0259 uzun bir m\u00fcdd\u0259td\u0259n sonra \u2013 s\u0259hn\u0259, yeni t\u0259\u0259ss\u00fcratlar, yeni insanlarla tan\u0131\u015fl\u0131q&#8230; \u00c7ox g\u00f6z\u0259l idi\u201d.<br \/>\n  <\/i>\n<\/p>\n<figure class=\"wp-block-image size-large\">\n  <img decoding=\"async\" src=\"https:\/\/www.meydan.tv\/az\/mad_7526-jpg\/\" alt=\"MAD_7526.jpg\" class=\"wp-image-207996\"\/><figcaption>\n    G\u00fcnay M\u0259mm\u0259dovan\u0131n mavi libas\u0131 bu ilin yay kolleksiyas\u0131n\u0131n fovaritl\u0259rd\u0259n olub<br \/>\n  <\/figcaption><\/figure>\n<p>\n  K\u0259mal\u0259 Sultan is\u0259 deyir ki, h\u0259r zaman \u00f6z\u00fcn\u00fc model qismind\u0259 d\u0259 s\u0131namaq ist\u0259yib. Lakin bu s\u0259rgid\u0259 i\u015ftirak\u0131 onun \u00fc\u00e7\u00fcn dig\u0259r bir s\u0259b\u0259bd\u0259n \u00f6n\u0259mli olub:\n<\/p>\n<p>\n  <i><br \/>\n    \u201cBir \u00e7ox insanda bel\u0259 bir anlay\u0131\u015f var, moda yaln\u0131z he\u00e7 bir m\u0259hdudiyy\u0259tliliyi olmayan normal insanlar \u00fc\u00e7\u00fcnd\u00fcr. N\u0259hay\u0259t, ne\u00e7\u0259 ildir dem\u0259k olar ki, arzulad\u0131\u011f\u0131m\u0131z, ist\u0259diyimiz o modada biz\u0259 d\u0259 \u015f\u0259rait yarad\u0131ld\u0131 ki, model olaraq, biz d\u0259 \u00f6z g\u00f6z\u0259lliyimizi g\u00f6st\u0259r\u0259 bil\u0259k, ist\u0259diyimiz paltarlar\u0131 biz d\u0259 sifari\u015f edib, tikdir\u0259, geyin\u0259 bil\u0259k\u201d.<br \/>\n  <\/i>\n<\/p>\n<p>\n  \u00abKekalove Adaptive Fashion\u00bb brendi art\u0131q n\u00f6vb\u0259ti moda s\u0259rgisi \u00fc\u00e7\u00fcn pay\u0131z kolleksiyas\u0131n\u0131 haz\u0131rlama\u011fa ba\u015flay\u0131b, g\u0259l\u0259c\u0259kd\u0259 is\u0259 adaptiv ayaqqab\u0131lar\u0131n v\u0259 eyni zamanda t\u0259k\u0259rli arabadan istifad\u0259 ed\u0259n \u015f\u0259xsl\u0259r \u00fc\u00e7\u00fcn m\u00fcxt\u0259lif aksesuarlar\u0131n istehsal\u0131n\u0131 da planla\u015fd\u0131r\u0131r.\n<\/p>\n<figure class=\"wp-block-image size-large\">\n  <img decoding=\"async\" src=\"https:\/\/www.meydan.tv\/az\/magamed-kekalov-i-orhan-adygezal\/\" alt=\"\u041c\u0430\u0433\u0430\u043c\u0435\u0434 \u041a\u0435\u043a\u0430\u043b\u043e\u0432 \u0438 \u041e\u0440\u0445\u0430\u043d \u0410\u0434\u044b\u0433\u0435\u0437\u0430\u043b\" class=\"wp-image-207975\"\/><figcaption>\n    M\u0259h\u0259mm\u0259d Kekalov v\u0259 Orxan Ad\u0131g\u00f6z\u0259l<br \/>\n  <\/figcaption><\/figure>\n<p>\n  M\u0259h\u0259mm\u0259d Kekalov deyir ki, adaptiv geyiml\u0259rin haz\u0131rlanmas\u0131 \u2013 h\u0259m d\u0259 \u0259lilliyi olan \u015f\u0259xsl\u0259rin probleml\u0259rin\u0259 diqq\u0259t \u00e7\u0259km\u0259k \u00fc\u00e7\u00fcn bir vasit\u0259dir. Sosial median\u0131n vasit\u0259sil\u0259 brend, c\u0259miyy\u0259ti bu probleml\u0259r haqda m\u0259lumatland\u0131rma\u011fa \u00e7al\u0131\u015f\u0131r:\n<\/p>\n<p>\n  <i><br \/>\n    \u201cBunun \u00fc\u00e7\u00fcn biz \u201cstory telling\u201d (hekay\u0259 anlatma) kimi innovativ \u00fcsullar se\u00e7irik ki, publikaya maraql\u0131 olsun. Bizim yana\u015fmam\u0131z h\u0259m d\u0259 onunla f\u0259rql\u0259nir ki, payla\u015fd\u0131\u011f\u0131m\u0131z kontenti \u0259lilliyi olan \u015f\u0259xsl\u0259rin \u00f6zl\u0259ri haz\u0131rlay\u0131rlar. V\u0259 onlar bunu \u00f6z perspektivl\u0259rind\u0259n etdikl\u0259rind\u0259n, bu, daha u\u011furlu al\u0131n\u0131r. Bu, h\u0259m d\u0259 onlar\u0131n bizim layih\u0259l\u0259rd\u0259 i\u015ftirak\u00e7\u0131l\u0131\u011f\u0131n\u0131 t\u0259min edir v\u0259 onlar h\u0259m d\u0259 \u00f6z bilik v\u0259 bacar\u0131qlar\u0131 il\u0259 proses\u0259 t\u00f6hf\u0259 verirl\u0259r\u201d-<br \/>\n  <\/i><br \/>\n  dey\u0259, M\u0259h\u0259mm\u0259d Kekalov bildirir.\n<\/p>\n<p>\n  <b><br \/>\n    <i><br \/>\n      \u201cMedia \u015e\u0259b\u0259k\u0259si\u201dnin d\u0259st\u0259yi il\u0259<br \/>\n    <\/i><br \/>\n  <\/b><\/p>\n","protected":false},"excerpt":{"rendered":"<p>Az\u0259rbaycanda t\u0259xmin\u0259n h\u0259r 100 sakind\u0259n 6-s\u0131 \u0259lilliyi olan \u015f\u0259xsl\u0259rdir. V\u0259 onlar\u0131n bir \u00e7oxunun g\u00fcnd\u0259lik h\u0259yatda qar\u015f\u0131la\u015fd\u0131qlar\u0131 \u0259sas probleml\u0259rd\u0259n biri \u2013 d\u0259bli v\u0259 eyni zamanda s\u0259rb\u0259st geyin\u0259 bil\u0259c\u0259kl\u0259ri rahat geyiml\u0259r tapmaqd\u0131r.<\/p>\n","protected":false},"author":11,"featured_media":208005,"comment_status":"closed","ping_status":"open","sticky":false,"template":"","format":"standard","meta":{"_acf_changed":false,"_sitemap_exclude":false,"_sitemap_priority":"","_sitemap_frequency":"","footnotes":""},"categories":[63],"tags":[],"class_list":["post-212025","post","type-post","status-publish","format-standard","has-post-thumbnail","hentry","category-video-2","infinite-scroll-item","generate-columns","tablet-grid-50","mobile-grid-100","grid-parent","grid-33","no-featured-image-padding"],"acf":[],"yoast_head":"<!-- This site is optimized with the Yoast SEO plugin v27.5 - https:\/\/yoast.com\/product\/yoast-seo-wordpress\/ -->\n<title>D\u0259bli v\u0259 rahat. \u018flilliyi olan \u015f\u0259xsl\u0259r \u00fc\u00e7\u00fcn adaptiv geyim - MEYDAN.TV<\/title>\n<meta name=\"robots\" content=\"index, follow, max-snippet:-1, max-image-preview:large, max-video-preview:-1\" \/>\n<link rel=\"canonical\" href=\"https:\/\/www.meydan.tv\/az\/article\/debli-ve-rahat-elilliyi-olan-sexsler-ucun-adaptiv-geyim\/\" \/>\n<meta property=\"og:locale\" content=\"az_AZ\" \/>\n<meta property=\"og:type\" content=\"article\" \/>\n<meta property=\"og:title\" content=\"D\u0259bli v\u0259 rahat. \u018flilliyi olan \u015f\u0259xsl\u0259r \u00fc\u00e7\u00fcn adaptiv geyim - MEYDAN.TV\" \/>\n<meta property=\"og:description\" content=\"Az\u0259rbaycanda t\u0259xmin\u0259n h\u0259r 100 sakind\u0259n 6-s\u0131 \u0259lilliyi olan \u015f\u0259xsl\u0259rdir. V\u0259 onlar\u0131n bir \u00e7oxunun g\u00fcnd\u0259lik h\u0259yatda qar\u015f\u0131la\u015fd\u0131qlar\u0131 \u0259sas probleml\u0259rd\u0259n biri \u2013 d\u0259bli v\u0259 eyni zamanda s\u0259rb\u0259st geyin\u0259 bil\u0259c\u0259kl\u0259ri rahat geyiml\u0259r tapmaqd\u0131r.\" \/>\n<meta property=\"og:url\" content=\"https:\/\/www.meydan.tv\/az\/article\/debli-ve-rahat-elilliyi-olan-sexsler-ucun-adaptiv-geyim\/\" \/>\n<meta property=\"og:site_name\" content=\"MEYDAN.TV\" \/>\n<meta property=\"article:published_time\" content=\"2021-07-16T13:42:11+00:00\" \/>\n<meta property=\"og:image\" content=\"https:\/\/www.meydan.tv\/wp-content\/uploads\/mad_7731-scaled.jpg\" \/>\n\t<meta property=\"og:image:width\" content=\"2560\" \/>\n\t<meta property=\"og:image:height\" content=\"1707\" \/>\n\t<meta property=\"og:image:type\" content=\"image\/jpeg\" \/>\n<meta name=\"author\" content=\"user-manager\" \/>\n<meta name=\"twitter:card\" content=\"summary_large_image\" \/>\n<script type=\"application\/ld+json\" class=\"yoast-schema-graph\">{\"@context\":\"https:\\\/\\\/schema.org\",\"@graph\":[{\"@type\":\"Article\",\"@id\":\"https:\\\/\\\/www.meydan.tv\\\/az\\\/article\\\/debli-ve-rahat-elilliyi-olan-sexsler-ucun-adaptiv-geyim\\\/#article\",\"isPartOf\":{\"@id\":\"https:\\\/\\\/www.meydan.tv\\\/az\\\/article\\\/debli-ve-rahat-elilliyi-olan-sexsler-ucun-adaptiv-geyim\\\/\"},\"author\":{\"name\":\"user-manager\",\"@id\":\"https:\\\/\\\/www.meydan.tv\\\/az\\\/#\\\/schema\\\/person\\\/10d11eccf6da3662cf5fdab9806ea91a\"},\"headline\":\"D\u0259bli v\u0259 rahat. \u018flilliyi olan \u015f\u0259xsl\u0259r \u00fc\u00e7\u00fcn adaptiv geyim\",\"datePublished\":\"2021-07-16T13:42:11+00:00\",\"mainEntityOfPage\":{\"@id\":\"https:\\\/\\\/www.meydan.tv\\\/az\\\/article\\\/debli-ve-rahat-elilliyi-olan-sexsler-ucun-adaptiv-geyim\\\/\"},\"wordCount\":2042,\"publisher\":{\"@id\":\"https:\\\/\\\/www.meydan.tv\\\/az\\\/#organization\"},\"image\":{\"@id\":\"https:\\\/\\\/www.meydan.tv\\\/az\\\/article\\\/debli-ve-rahat-elilliyi-olan-sexsler-ucun-adaptiv-geyim\\\/#primaryimage\"},\"thumbnailUrl\":\"https:\\\/\\\/www.meydan.tv\\\/wp-content\\\/uploads\\\/mad_7731-scaled.jpg\",\"articleSection\":[\"Video\"],\"inLanguage\":\"az\"},{\"@type\":\"WebPage\",\"@id\":\"https:\\\/\\\/www.meydan.tv\\\/az\\\/article\\\/debli-ve-rahat-elilliyi-olan-sexsler-ucun-adaptiv-geyim\\\/\",\"url\":\"https:\\\/\\\/www.meydan.tv\\\/az\\\/article\\\/debli-ve-rahat-elilliyi-olan-sexsler-ucun-adaptiv-geyim\\\/\",\"name\":\"D\u0259bli v\u0259 rahat. \u018flilliyi olan \u015f\u0259xsl\u0259r \u00fc\u00e7\u00fcn adaptiv geyim - MEYDAN.TV\",\"isPartOf\":{\"@id\":\"https:\\\/\\\/www.meydan.tv\\\/az\\\/#website\"},\"primaryImageOfPage\":{\"@id\":\"https:\\\/\\\/www.meydan.tv\\\/az\\\/article\\\/debli-ve-rahat-elilliyi-olan-sexsler-ucun-adaptiv-geyim\\\/#primaryimage\"},\"image\":{\"@id\":\"https:\\\/\\\/www.meydan.tv\\\/az\\\/article\\\/debli-ve-rahat-elilliyi-olan-sexsler-ucun-adaptiv-geyim\\\/#primaryimage\"},\"thumbnailUrl\":\"https:\\\/\\\/www.meydan.tv\\\/wp-content\\\/uploads\\\/mad_7731-scaled.jpg\",\"datePublished\":\"2021-07-16T13:42:11+00:00\",\"breadcrumb\":{\"@id\":\"https:\\\/\\\/www.meydan.tv\\\/az\\\/article\\\/debli-ve-rahat-elilliyi-olan-sexsler-ucun-adaptiv-geyim\\\/#breadcrumb\"},\"inLanguage\":\"az\",\"potentialAction\":[{\"@type\":\"ReadAction\",\"target\":[\"https:\\\/\\\/www.meydan.tv\\\/az\\\/article\\\/debli-ve-rahat-elilliyi-olan-sexsler-ucun-adaptiv-geyim\\\/\"]}]},{\"@type\":\"ImageObject\",\"inLanguage\":\"az\",\"@id\":\"https:\\\/\\\/www.meydan.tv\\\/az\\\/article\\\/debli-ve-rahat-elilliyi-olan-sexsler-ucun-adaptiv-geyim\\\/#primaryimage\",\"url\":\"https:\\\/\\\/www.meydan.tv\\\/wp-content\\\/uploads\\\/mad_7731-scaled.jpg\",\"contentUrl\":\"https:\\\/\\\/www.meydan.tv\\\/wp-content\\\/uploads\\\/mad_7731-scaled.jpg\",\"width\":2560,\"height\":1707,\"caption\":\"Source: Kekalove Adaptive Fashion\"},{\"@type\":\"BreadcrumbList\",\"@id\":\"https:\\\/\\\/www.meydan.tv\\\/az\\\/article\\\/debli-ve-rahat-elilliyi-olan-sexsler-ucun-adaptiv-geyim\\\/#breadcrumb\",\"itemListElement\":[{\"@type\":\"ListItem\",\"position\":1,\"name\":\"Ana s\u0259hif\u0259\",\"item\":\"https:\\\/\\\/www.meydan.tv\\\/az\\\/\"},{\"@type\":\"ListItem\",\"position\":2,\"name\":\"Video\",\"item\":\"https:\\\/\\\/www.meydan.tv\\\/az\\\/section\\\/video-2\\\/\"},{\"@type\":\"ListItem\",\"position\":3,\"name\":\"D\u0259bli v\u0259 rahat. \u018flilliyi olan \u015f\u0259xsl\u0259r \u00fc\u00e7\u00fcn adaptiv geyim\"}]},{\"@type\":\"WebSite\",\"@id\":\"https:\\\/\\\/www.meydan.tv\\\/az\\\/#website\",\"url\":\"https:\\\/\\\/www.meydan.tv\\\/az\\\/\",\"name\":\"MEYDAN.TV\",\"description\":\"Meydan TV Az\u0259rbaycan\u0131n media m\u0259kan\u0131ndak\u0131 alternativ s\u0259sidir\",\"publisher\":{\"@id\":\"https:\\\/\\\/www.meydan.tv\\\/az\\\/#organization\"},\"potentialAction\":[{\"@type\":\"SearchAction\",\"target\":{\"@type\":\"EntryPoint\",\"urlTemplate\":\"https:\\\/\\\/www.meydan.tv\\\/az\\\/?s={search_term_string}\"},\"query-input\":{\"@type\":\"PropertyValueSpecification\",\"valueRequired\":true,\"valueName\":\"search_term_string\"}}],\"inLanguage\":\"az\"},{\"@type\":\"Organization\",\"@id\":\"https:\\\/\\\/www.meydan.tv\\\/az\\\/#organization\",\"name\":\"Meydan TV\",\"url\":\"https:\\\/\\\/www.meydan.tv\\\/az\\\/\",\"logo\":{\"@type\":\"ImageObject\",\"inLanguage\":\"az\",\"@id\":\"https:\\\/\\\/www.meydan.tv\\\/az\\\/#\\\/schema\\\/logo\\\/image\\\/\",\"url\":\"https:\\\/\\\/www.meydan.tv\\\/wp-content\\\/uploads\\\/2021\\\/07\\\/meydan-logo.svg\",\"contentUrl\":\"https:\\\/\\\/www.meydan.tv\\\/wp-content\\\/uploads\\\/2021\\\/07\\\/meydan-logo.svg\",\"width\":195,\"height\":46,\"caption\":\"Meydan TV\"},\"image\":{\"@id\":\"https:\\\/\\\/www.meydan.tv\\\/az\\\/#\\\/schema\\\/logo\\\/image\\\/\"}},{\"@type\":\"Person\",\"@id\":\"https:\\\/\\\/www.meydan.tv\\\/az\\\/#\\\/schema\\\/person\\\/10d11eccf6da3662cf5fdab9806ea91a\",\"name\":\"user-manager\"}]}<\/script>\n<!-- \/ Yoast SEO plugin. -->","yoast_head_json":{"title":"D\u0259bli v\u0259 rahat. \u018flilliyi olan \u015f\u0259xsl\u0259r \u00fc\u00e7\u00fcn adaptiv geyim - MEYDAN.TV","robots":{"index":"index","follow":"follow","max-snippet":"max-snippet:-1","max-image-preview":"max-image-preview:large","max-video-preview":"max-video-preview:-1"},"canonical":"https:\/\/www.meydan.tv\/az\/article\/debli-ve-rahat-elilliyi-olan-sexsler-ucun-adaptiv-geyim\/","og_locale":"az_AZ","og_type":"article","og_title":"D\u0259bli v\u0259 rahat. \u018flilliyi olan \u015f\u0259xsl\u0259r \u00fc\u00e7\u00fcn adaptiv geyim - MEYDAN.TV","og_description":"Az\u0259rbaycanda t\u0259xmin\u0259n h\u0259r 100 sakind\u0259n 6-s\u0131 \u0259lilliyi olan \u015f\u0259xsl\u0259rdir. V\u0259 onlar\u0131n bir \u00e7oxunun g\u00fcnd\u0259lik h\u0259yatda qar\u015f\u0131la\u015fd\u0131qlar\u0131 \u0259sas probleml\u0259rd\u0259n biri \u2013 d\u0259bli v\u0259 eyni zamanda s\u0259rb\u0259st geyin\u0259 bil\u0259c\u0259kl\u0259ri rahat geyiml\u0259r tapmaqd\u0131r.","og_url":"https:\/\/www.meydan.tv\/az\/article\/debli-ve-rahat-elilliyi-olan-sexsler-ucun-adaptiv-geyim\/","og_site_name":"MEYDAN.TV","article_published_time":"2021-07-16T13:42:11+00:00","og_image":[{"width":2560,"height":1707,"url":"https:\/\/www.meydan.tv\/wp-content\/uploads\/mad_7731-scaled.jpg","type":"image\/jpeg"}],"author":"user-manager","twitter_card":"summary_large_image","schema":{"@context":"https:\/\/schema.org","@graph":[{"@type":"Article","@id":"https:\/\/www.meydan.tv\/az\/article\/debli-ve-rahat-elilliyi-olan-sexsler-ucun-adaptiv-geyim\/#article","isPartOf":{"@id":"https:\/\/www.meydan.tv\/az\/article\/debli-ve-rahat-elilliyi-olan-sexsler-ucun-adaptiv-geyim\/"},"author":{"name":"user-manager","@id":"https:\/\/www.meydan.tv\/az\/#\/schema\/person\/10d11eccf6da3662cf5fdab9806ea91a"},"headline":"D\u0259bli v\u0259 rahat. \u018flilliyi olan \u015f\u0259xsl\u0259r \u00fc\u00e7\u00fcn adaptiv geyim","datePublished":"2021-07-16T13:42:11+00:00","mainEntityOfPage":{"@id":"https:\/\/www.meydan.tv\/az\/article\/debli-ve-rahat-elilliyi-olan-sexsler-ucun-adaptiv-geyim\/"},"wordCount":2042,"publisher":{"@id":"https:\/\/www.meydan.tv\/az\/#organization"},"image":{"@id":"https:\/\/www.meydan.tv\/az\/article\/debli-ve-rahat-elilliyi-olan-sexsler-ucun-adaptiv-geyim\/#primaryimage"},"thumbnailUrl":"https:\/\/www.meydan.tv\/wp-content\/uploads\/mad_7731-scaled.jpg","articleSection":["Video"],"inLanguage":"az"},{"@type":"WebPage","@id":"https:\/\/www.meydan.tv\/az\/article\/debli-ve-rahat-elilliyi-olan-sexsler-ucun-adaptiv-geyim\/","url":"https:\/\/www.meydan.tv\/az\/article\/debli-ve-rahat-elilliyi-olan-sexsler-ucun-adaptiv-geyim\/","name":"D\u0259bli v\u0259 rahat. \u018flilliyi olan \u015f\u0259xsl\u0259r \u00fc\u00e7\u00fcn adaptiv geyim - MEYDAN.TV","isPartOf":{"@id":"https:\/\/www.meydan.tv\/az\/#website"},"primaryImageOfPage":{"@id":"https:\/\/www.meydan.tv\/az\/article\/debli-ve-rahat-elilliyi-olan-sexsler-ucun-adaptiv-geyim\/#primaryimage"},"image":{"@id":"https:\/\/www.meydan.tv\/az\/article\/debli-ve-rahat-elilliyi-olan-sexsler-ucun-adaptiv-geyim\/#primaryimage"},"thumbnailUrl":"https:\/\/www.meydan.tv\/wp-content\/uploads\/mad_7731-scaled.jpg","datePublished":"2021-07-16T13:42:11+00:00","breadcrumb":{"@id":"https:\/\/www.meydan.tv\/az\/article\/debli-ve-rahat-elilliyi-olan-sexsler-ucun-adaptiv-geyim\/#breadcrumb"},"inLanguage":"az","potentialAction":[{"@type":"ReadAction","target":["https:\/\/www.meydan.tv\/az\/article\/debli-ve-rahat-elilliyi-olan-sexsler-ucun-adaptiv-geyim\/"]}]},{"@type":"ImageObject","inLanguage":"az","@id":"https:\/\/www.meydan.tv\/az\/article\/debli-ve-rahat-elilliyi-olan-sexsler-ucun-adaptiv-geyim\/#primaryimage","url":"https:\/\/www.meydan.tv\/wp-content\/uploads\/mad_7731-scaled.jpg","contentUrl":"https:\/\/www.meydan.tv\/wp-content\/uploads\/mad_7731-scaled.jpg","width":2560,"height":1707,"caption":"Source: Kekalove Adaptive Fashion"},{"@type":"BreadcrumbList","@id":"https:\/\/www.meydan.tv\/az\/article\/debli-ve-rahat-elilliyi-olan-sexsler-ucun-adaptiv-geyim\/#breadcrumb","itemListElement":[{"@type":"ListItem","position":1,"name":"Ana s\u0259hif\u0259","item":"https:\/\/www.meydan.tv\/az\/"},{"@type":"ListItem","position":2,"name":"Video","item":"https:\/\/www.meydan.tv\/az\/section\/video-2\/"},{"@type":"ListItem","position":3,"name":"D\u0259bli v\u0259 rahat. \u018flilliyi olan \u015f\u0259xsl\u0259r \u00fc\u00e7\u00fcn adaptiv geyim"}]},{"@type":"WebSite","@id":"https:\/\/www.meydan.tv\/az\/#website","url":"https:\/\/www.meydan.tv\/az\/","name":"MEYDAN.TV","description":"Meydan TV Az\u0259rbaycan\u0131n media m\u0259kan\u0131ndak\u0131 alternativ s\u0259sidir","publisher":{"@id":"https:\/\/www.meydan.tv\/az\/#organization"},"potentialAction":[{"@type":"SearchAction","target":{"@type":"EntryPoint","urlTemplate":"https:\/\/www.meydan.tv\/az\/?s={search_term_string}"},"query-input":{"@type":"PropertyValueSpecification","valueRequired":true,"valueName":"search_term_string"}}],"inLanguage":"az"},{"@type":"Organization","@id":"https:\/\/www.meydan.tv\/az\/#organization","name":"Meydan TV","url":"https:\/\/www.meydan.tv\/az\/","logo":{"@type":"ImageObject","inLanguage":"az","@id":"https:\/\/www.meydan.tv\/az\/#\/schema\/logo\/image\/","url":"https:\/\/www.meydan.tv\/wp-content\/uploads\/2021\/07\/meydan-logo.svg","contentUrl":"https:\/\/www.meydan.tv\/wp-content\/uploads\/2021\/07\/meydan-logo.svg","width":195,"height":46,"caption":"Meydan TV"},"image":{"@id":"https:\/\/www.meydan.tv\/az\/#\/schema\/logo\/image\/"}},{"@type":"Person","@id":"https:\/\/www.meydan.tv\/az\/#\/schema\/person\/10d11eccf6da3662cf5fdab9806ea91a","name":"user-manager"}]}},"_links":{"self":[{"href":"https:\/\/www.meydan.tv\/az\/wp-json\/wp\/v2\/posts\/212025","targetHints":{"allow":["GET"]}}],"collection":[{"href":"https:\/\/www.meydan.tv\/az\/wp-json\/wp\/v2\/posts"}],"about":[{"href":"https:\/\/www.meydan.tv\/az\/wp-json\/wp\/v2\/types\/post"}],"author":[{"embeddable":true,"href":"https:\/\/www.meydan.tv\/az\/wp-json\/wp\/v2\/users\/11"}],"replies":[{"embeddable":true,"href":"https:\/\/www.meydan.tv\/az\/wp-json\/wp\/v2\/comments?post=212025"}],"version-history":[{"count":0,"href":"https:\/\/www.meydan.tv\/az\/wp-json\/wp\/v2\/posts\/212025\/revisions"}],"wp:featuredmedia":[{"embeddable":true,"href":"https:\/\/www.meydan.tv\/az\/wp-json\/wp\/v2\/media\/208005"}],"wp:attachment":[{"href":"https:\/\/www.meydan.tv\/az\/wp-json\/wp\/v2\/media?parent=212025"}],"wp:term":[{"taxonomy":"category","embeddable":true,"href":"https:\/\/www.meydan.tv\/az\/wp-json\/wp\/v2\/categories?post=212025"},{"taxonomy":"post_tag","embeddable":true,"href":"https:\/\/www.meydan.tv\/az\/wp-json\/wp\/v2\/tags?post=212025"}],"curies":[{"name":"wp","href":"https:\/\/api.w.org\/{rel}","templated":true}]}}