{"id":212021,"date":"2021-07-16T14:34:04","date_gmt":"2021-07-16T14:34:04","guid":{"rendered":"https:\/\/www.meydan.tv\/article\/olke-daxilinde-hansisa-bir-naraziliq-olanda-prezident-susaya-gedir\/"},"modified":"2021-07-16T14:34:04","modified_gmt":"2021-07-16T14:34:04","slug":"olke-daxilinde-hansisa-bir-naraziliq-olanda-prezident-susaya-gedir","status":"publish","type":"post","link":"https:\/\/www.meydan.tv\/az\/article\/olke-daxilinde-hansisa-bir-naraziliq-olanda-prezident-susaya-gedir\/","title":{"rendered":"&#8220;\u00d6lk\u0259 daxilind\u0259 hans\u0131sa bir naraz\u0131l\u0131q olanda prezident \u015eu\u015faya gedir&#8230;&#8221;"},"content":{"rendered":"<figure class=\"wp-block-embed is-type-video is-provider-youtube wp-block-embed-youtube wp-embed-aspect-16-9 wp-has-aspect-ratio\">\n<div class=\"wp-block-embed__wrapper\">\n    <iframe\ttitle=\"\"\u00d6lk\u0259d\u0259 naraz\u0131l\u0131q olanda prezident \u015eu\u015faya gedir\"\" width=\"1200\" height=\"675\" data-src=\"https:\/\/www.youtube.com\/embed\/B0dlklGKF44\"\tframeborder=\"0\"\tallow=\"accelerometer; autoplay; clipboard-write; encrypted-media; gyroscope; picture-in-picture\" allowfullscreen src=\"data:image\/svg+xml;base64,PHN2ZyB3aWR0aD0iMSIgaGVpZ2h0PSIxIiB4bWxucz0iaHR0cDovL3d3dy53My5vcmcvMjAwMC9zdmciPjwvc3ZnPg==\" class=\"lazyload\" data-load-mode=\"1\"><\/iframe>\n  <\/div><figcaption>\n    &#8220;\u00d6lk\u0259d\u0259 naraz\u0131l\u0131q olanda prezident \u015eu\u015faya gedir&#8221;<br \/>\n  <\/figcaption><\/figure>\n<p>\n  \u0130ctimai f\u0259al B\u0259xtiyar Hac\u0131yevin payla\u015f\u0131mlar\u0131, m\u00fcxt\u0259lif platformalarda \u00e7\u0131x\u0131\u015flar\u0131, g\u00fcc nazirlikl\u0259ri, hakim partiya v\u0259 bir ne\u00e7\u0259 \u015f\u0259xs haqda m\u0259hk\u0259m\u0259 iddias\u0131 qald\u0131rmas\u0131 ona \u00fcnvanlanan suallar\u0131n say\u0131n\u0131 art\u0131r\u0131b. T\u0259xmin\u0259n 1 il \u0259vv\u0259l is\u0259 B\u0259xtiyar Hac\u0131yev hakimiyy\u0259tin islahat apard\u0131\u011f\u0131n\u0131 s\u00f6yl\u0259y\u0259r\u0259k, b\u0259zi insanlar\u0131 da inand\u0131rm\u0131\u015fd\u0131. El\u0259 s\u00f6hb\u0259timizi d\u0259 bu y\u00f6nd\u0259 yaranan suallardan ba\u015flad\u0131q.\n<\/p>\n<p>\n  &#8211;<br \/>\n  <i><br \/>\n    B\u0259xtiyar b\u0259y, t\u0259xmin\u0259n 1 il \u0259vv\u0259l hakimiyy\u0259ti islahatlar apar\u0131r dey\u0259 d\u0259st\u0259kl\u0259yirdiniz. B\u0259s n\u0259 ba\u015f verdi ki, sonradan hakimiyy\u0259t\u0259 qar\u015f\u0131 t\u0259nqidi \u00e7\u0131x\u0131\u015flar etdiniz? \u00dcmumiyy\u0259tl\u0259, n\u0259 d\u0259yi\u015fdi, islahatlar dayand\u0131m\u0131, yaxud siz dediyiniz islahatlar vard\u0131m\u0131?<br \/>\n  <\/i>\n<\/p>\n<p>\n  &#8211;\u00a0\u00a0\u00a0\u00a0\u00a0\u00a0\u00a0T\u0259xmin\u0259n 2019-cu ilin \u0259vv\u0259ll\u0259rind\u0259 bu proses ba\u015flam\u0131\u015fd\u0131. Xat\u0131rlay\u0131rs\u0131n\u0131zsa, h\u0259min vaxt Mehman H\u00fcseynov h\u0259bsd\u0259ydi v\u0259 o m\u00fcdd\u0259td\u0259 ona ikinci cinay\u0259t i\u015fi a\u00e7\u0131ld\u0131. M\u0259n d\u0259 bu m\u0259s\u0259l\u0259d\u0259 f\u0259al olaraq hakimiyy\u0259t\u0259 qar\u015f\u0131 \u00e7\u0131x\u0131rd\u0131m, eyni zamanda, prezidentin s\u0259hif\u0259sind\u0259 \u201cMehman\u0131 azad et\u201d h\u0259\u015ft\u0259qi il\u0259 kampaniyaya ba\u015flam\u0131\u015fd\u0131m. Ondan sonra m\u0259n\u0259 eyni g\u00fcnd\u0259 v\u0259 eyni saatda hakimiyy\u0259td\u0259n 6-7 f\u0259rqli \u015f\u0259xsl\u0259r z\u0259ng etdi, ham\u0131s\u0131 da prezidentin birba\u015fa t\u0259yin etdikl\u0259ri idi. Onlar dedi ki, prezident B\u0259xtiyar Hac\u0131yevl\u0259 g\u00f6r\u00fc\u015fm\u0259yi tap\u015f\u0131r\u0131b. V\u0259 izah edin ki, art\u0131q repressiyalara son qoyuruq, bunun sonu yoxdur v\u0259 islahat yolunu se\u00e7irik, \u00f6z\u00fcn\u00fcz hans\u0131 yenilikl\u0259r\u0259 getdiyimizi g\u00f6r\u0259c\u0259ksiniz. Bu s\u00f6hb\u0259td\u0259n sonra \u0259n az\u0131ndan kosmetik d\u0259 olsa, m\u00fc\u0259yy\u0259n d\u0259yi\u015fiklikl\u0259r hiss olunurdu, prezident rayonlara v\u0259t\u0259nda\u015flarla g\u00f6r\u00fc\u015f\u0259 gedirdi, r\u0259qs edirdi, \u015f\u0259hid ail\u0259l\u0259rinin m\u00fc\u0259yy\u0259n \u00f6d\u0259nm\u0259y\u0259n kompensasiyalar\u0131 \u00f6d\u0259nirdi. Mart ay\u0131nda 50-d\u0259n \u00e7ox siyasi m\u0259hbus azadl\u0131\u011fa burax\u0131ld\u0131, onlar\u0131n aras\u0131nda \u201cheyk\u0259l m\u0259hbusu\u201d kimi tan\u0131d\u0131\u011f\u0131m\u0131z m\u0259rhum Bayram M\u0259mm\u0259dov v\u0259 Qiyas \u0130brahimov d\u0259 vard\u0131, bir \u00e7oxu d\u00fc\u015f\u00fcn\u00fcrd\u00fc ki, kim azad olunsa da, onlar saxlan\u0131lacaq, \u0259n az\u0131ndan 10 il h\u0259bsd\u0259 qalacaqlar. Amma 2019-cu ilin mart\u0131nda bunlar\u0131 g\u00f6r\u0259nd\u0259n sonra m\u00fc\u0259yy\u0259n \u00fcmidl\u0259r yarand\u0131 ki, prezident islahatlar yoluyla hakimiyy\u0259tini uzada bil\u0259r. H\u0259min d\u00f6vrd\u0259 ard\u0131c\u0131l olaraq mesajlar bu idi ki, Ramiz Mehdiyev v\u0259 \u018fli H\u0259s\u0259nov bu proses\u0259 mane olur, onlar ged\u0259c\u0259k, yerin\u0259 yeni kadrlar g\u0259l\u0259c\u0259k. H\u0259tta m\u0259n\u0259 d\u0259 t\u0259klif olundu ki, yeni komandada ola bil\u0259rs\u0259n. Onlar ged\u0259c\u0259k, h\u0259r \u015fey d\u0259yi\u015f\u0259c\u0259k.\n<\/p>\n<p>\n  &#8211;<br \/>\n  <i><br \/>\n    Onlar da getdi\u2026<br \/>\n  <\/i>\n<\/p>\n<p>\n  &#8211;\u00a0\u00a0\u00a0\u00a0\u00a0\u00a0\u00a0B\u0259li, getdi v\u0259 ondan sonra ilk se\u00e7ki b\u0259l\u0259diyy\u0259 se\u00e7kil\u0259ri oldu, amma g\u00f6rd\u00fck ki, se\u00e7kil\u0259r \u0259vv\u0259lkil\u0259rd\u0259\u0131n he\u00e7 n\u0259 il\u0259 f\u0259rql\u0259nmir. Art\u0131q ona q\u0259d\u0259r d\u0259 onlar\u0131n yerin\u0259 g\u0259l\u0259nl\u0259rin \u0259vv\u0259lkil\u0259rd\u0259n f\u0259rql\u0259nm\u0259dikl\u0259ri haqda i\u015far\u0259l\u0259r vard\u0131. Bir m\u00fcdd\u0259t sonra m\u0259nd\u0259 islahat mesaj\u0131na bir so\u011frulanma yarand\u0131. Eyni zamanda, m\u0259n\u0259 d\u0259 hakimiyy\u0259td\u0259 t\u0259msil olunmaq t\u0259klifini xat\u0131rlatd\u0131m.\n<\/p>\n<p>\n  &#8211;<br \/>\n  <i><br \/>\n    El\u0259 onu soru\u015fmaq ist\u0259rdim, hans\u0131 v\u0259zif\u0259 t\u0259klif olunmu\u015fdu?<br \/>\n  <\/i>\n<\/p>\n<p>\n  &#8211;\u00a0\u00a0\u00a0\u00a0\u00a0\u00a0\u00a0M\u0259n\u0259 m\u00fcxt\u0259lif \u015f\u0259kill\u0259rd\u0259 f\u0259aliyy\u0259timi davam etdirm\u0259k t\u0259klif olundu, bunlar\u0131n bir \u00e7oxu dolay\u0131s\u0131 yollarla idi ki, biznes qurub verm\u0259k ist\u0259yirdil\u0259r. Yaxud d\u00f6vl\u0259t\u0259 yax\u0131n i\u015fl\u0259ri g\u00f6r\u00fcn, m\u0259s\u0259l\u0259n, ASAN-Xidm\u0259td\u0259 innovasiya m\u0259rk\u0259zi qurulur, siz MMC qurun, k\u0259nardan d\u0259st\u0259k olacaq, d\u00f6vl\u0259tl\u0259 d\u0259 he\u00e7 bir ba\u011fl\u0131l\u0131\u011f\u0131 olmas\u0131n. Bu t\u0259klifi q\u0259bul etm\u0259dim. Sonra siyasi partiya yaratmaq t\u0259klif olundu, m\u00fcxalif partiya, t\u0259nqid edin, amma s\u0259n\u0259 d\u0259st\u0259k olaq, raz\u0131la\u015fmad\u0131m. M\u0259nim \u015f\u0259rtim bu oldu ki, \u0259g\u0259r do\u011frudan da, islahatlar olacaqsa, h\u0259bs olunmu\u015fam, hakimiyy\u0259ti t\u0259nqidi m\u00f6vqeyiml\u0259 tan\u0131n\u0131ram, ona g\u00f6r\u0259 ictimaiyy\u0259t\u0259 \u0259sasland\u0131rmal\u0131yam ki, niy\u0259 bu g\u00fcn hakimiyy\u0259td\u0259 t\u0259msil olunuram. Bunun da bir yolu var, ictimai faydal\u0131, \u015f\u0259ffaf bir i\u015f v\u0259 yeni yaranm\u0131\u015f, reputasiyas\u0131 yax\u015f\u0131 bir qurum olacaqsa, onda m\u00fczakir\u0259 etm\u0259k olar. Yoxsa hans\u0131sa bir qurumda nazir m\u00fcavini, yaxud korrupsiyala\u015fm\u0131\u015f bir qurumun r\u0259hb\u0259ri olaca\u011famsa, bunda maraql\u0131 deyil\u0259m. M\u00fczakir\u0259 bir ne\u00e7\u0259 ay uzand\u0131, sonra t\u0259dric\u0259n g\u00f6rd\u00fcm ki, bu, n\u00f6vb\u0259ti parlament se\u00e7kil\u0259rind\u0259 m\u00fc\u0259yy\u0259n insanlar\u0131 z\u0259r\u0259rsizl\u0259\u015fdirm\u0259k \u00fc\u00e7\u00fcn ortaya at\u0131lm\u0131\u015f bir s\u00f6hb\u0259tdir, m\u0259qs\u0259d insanlar\u0131n rahatlan\u0131b hakimiyy\u0259ti t\u0259nqid etm\u0259m\u0259sidir. B\u0259l\u0259diyy\u0259 se\u00e7kil\u0259ri ke\u00e7iril\u0259nd\u0259 art\u0131q t\u0259nqidl\u0259rimi edirdim ki, b\u0259s Ramiz Mehdiyevin, \u018fli H\u0259s\u0259novun ged\u0259c\u0259yini v\u0259 ard\u0131nca h\u0259r \u015feyin d\u0259yi\u015f\u0259c\u0259yini s\u00f6yl\u0259yirdiniz. Amma b\u0259l\u0259diyy\u0259 se\u00e7kil\u0259ri \u0259vv\u0259lki \u015f\u0259kild\u0259 h\u0259yata ke\u00e7irildi, han\u0131 islahat?! Parlament se\u00e7kil\u0259ri t\u0259yin olunanda birba\u015fa prezidentin s\u0259s verdiyi dair\u0259y\u0259 gedib dedim ki, \u00f6lk\u0259d\u0259 islahat olub-olmayaca\u011f\u0131n\u0131 m\u00fc\u0259yy\u0259nl\u0259dirm\u0259yin bir yolu var: \u0259g\u0259r d\u00f6vl\u0259t ba\u015f\u00e7\u0131s\u0131 \u00f6z\u00fcn\u00fcn d\u0259 s\u0259s verdiyi dair\u0259d\u0259 se\u00e7kil\u0259rin n\u0259tic\u0259l\u0259rini saxtala\u015fd\u0131racaqsa, \u015f\u0259xs\u0259n m\u0259nim v\u0259 ictimaiyy\u0259t \u00fc\u00e7\u00fcn islahat\u0131n imitasiyadan ba\u015fqa bir \u015fey olmad\u0131\u011f\u0131 ayd\u0131nla\u015facaq.\n<\/p>\n<p>\n  &#8211;<br \/>\n  <i><br \/>\n    Siz \u00f6z\u00fcn\u00fcz nec\u0259, hakimiyy\u0259td\u0259n v\u0259zif\u0259 umurdunuzmu?<br \/>\n  <\/i>\n<\/p>\n<p>\n  &#8211;\u00a0\u00a0\u00a0\u00a0\u00a0\u00a0\u00a0M\u0259n v\u0259zif\u0259 ummurdum v\u0259 \u00fcmumiyy\u0259tl\u0259, m\u0259nd\u0259n bu istiqam\u0259td\u0259 he\u00e7 vaxt t\u0259\u015f\u0259bb\u00fcs olmay\u0131b. B\u0259z\u0259n ReAL Partiyas\u0131n\u0131n \u00fczvl\u0259ri, yaxud m\u00fcst\u0259qil g\u00f6r\u00fcn\u0259n, amma h\u00f6kum\u0259t\u0259 yax\u0131n insanlar tez-tez atmaca at\u0131rlar ki, B\u0259xtiyar Hac\u0131yev CV g\u00f6nd\u0259rib, i\u015f, v\u0259zif\u0259 ist\u0259yib, indi d\u0259 v\u0259zif\u0259 davas\u0131 edir. Halbuki, indiy\u0259 q\u0259d\u0259r he\u00e7 k\u0259s\u0259 bu y\u00f6nd\u0259 t\u0259\u015f\u0259bb\u00fcs getm\u0259yib. H\u00f6kum\u0259td\u0259n, prezidentd\u0259n v\u0259 onun t\u0259yin etdiyi \u015f\u0259xsl\u0259rd\u0259n t\u0259\u015f\u0259bb\u00fcs g\u0259lib ki, d\u00f6vl\u0259t ba\u015f\u00e7\u0131s\u0131 h\u0259bsimin s\u0259hv oldu\u011funu, faydal\u0131 kadr ola bil\u0259c\u0259yimi, bir sah\u0259y\u0259 t\u0259yin etm\u0259yin m\u00fcmk\u00fcnl\u00fcy\u00fcn\u00fc v\u0259 o sah\u0259d\u0259 islahatlar apara bil\u0259c\u0259yimi deyib. M\u0259n d\u0259 cavab vermi\u015f\u0259m ki, \u0259g\u0259r niyy\u0259t islahat aparmaqd\u0131rsa, \u015f\u0259ffaf bir t\u0259\u015f\u0259bb\u00fcs v\u0259 \u201cFacebook\u201dda status yazmaqdan daha faydal\u0131 olacaqsa, bunu m\u00fczakir\u0259 ed\u0259 bil\u0259rik. M\u00fc\u0259yy\u0259n m\u00fcdd\u0259t ke\u00e7\u0259nd\u0259n sonra qeyri-m\u00fc\u0259yy\u0259nlikl\u0259r ba\u015flay\u0131b v\u0259 g\u00f6rm\u00fc\u015f\u0259m ki, m\u0259qs\u0259d se\u00e7kil\u0259r\u0259 q\u0259d\u0259r i\u015fl\u0259ri uzad\u0131b, se\u00e7kil\u0259rd\u0259n sonra \u201cal\u0131nm\u0131r\u201d dem\u0259kdir. Ona g\u00f6r\u0259 n\u0259tic\u0259l\u0259ri bildiyim halda se\u00e7kil\u0259r\u0259 qat\u0131ld\u0131m, \u00e7\u00fcnki Nigar Arpadari namiz\u0259d verilibs\u0259, b\u00f6y\u00fck ehtimalla da o t\u0259yin olunacaq. Eyni zamanda, bayaq islahatlar\u0131 d\u0259st\u0259kl\u0259diyimi xat\u0131rlatd\u0131n\u0131z, b\u0259li, islahat t\u0259r\u0259fdar\u0131 olma\u011f\u0131m haqda mesajlar\u0131m oldu. O islahat mesaj\u0131na verdiyim t\u00f6hf\u0259ni \u0259n az\u0131ndan ayd\u0131nla\u015fd\u0131rmal\u0131yd\u0131m ki, islahat yoxdursa&#8230;\n<\/p>\n<p>\n  &#8211;<br \/>\n  <i><br \/>\n    Amma bir \u00e7ox insan\u0131 islahata inand\u0131rm\u0131\u015fd\u0131n\u0131z&#8230;<br \/>\n  <\/i>\n<\/p>\n<p>\n  &#8211;\u00a0\u00a0\u00a0\u00a0\u00a0\u00a0\u00a0Yox, m\u0259n \u00f6z\u00fcm d\u0259 inan\u0131rd\u0131m ki, a\u011f\u0131ll\u0131 yol budur, y\u0259ni prezidentin hakimiyy\u0259tini uzatma\u011f\u0131n\u0131n v\u0259 \u00f6lk\u0259nin rifah\u0131 \u00fc\u00e7\u00fcn bir yol var, o da islahata getm\u0259lidirl\u0259r.\n<\/p>\n<p>\n  &#8211;<br \/>\n  <i><br \/>\n    V\u0259 m\u00fcharib\u0259 ba\u015flad\u0131, n\u0259tic\u0259d\u0259 hakimiyy\u0259tin \u00f6mr\u00fc d\u0259 uzand\u0131 dem\u0259k olarm\u0131?<br \/>\n  <\/i>\n<\/p>\n<p>\n  &#8211;\u00a0\u00a0\u00a0\u00a0\u00a0\u00a0\u00a0Yox. \u018fg\u0259r \u0130lham \u018fliyev \u00f6z reputasiyas\u0131n\u0131 qorusayd\u0131&#8230; Y\u0259ni m\u00fcharib\u0259 onun reputasiyas\u0131n\u0131 xeyli qald\u0131rm\u0131\u015fd\u0131, d\u00fc\u015f\u00fcn\u00fcrd\u00fcm ki, o, bunu uzun m\u00fcdd\u0259t qoruyub saxlayacaq. Amma m\u00fcharib\u0259d\u0259n sonrak\u0131 ritorika f\u0259rqliydi, el\u0259 bilin ki, Pa\u015finyana qar\u015f\u0131 istifad\u0259 etdiyi ritorikan\u0131 daxil\u0259, r\u0259qibl\u0259rin\u0259 v\u0259 \u00f6z komandas\u0131na y\u00f6n\u0259ltdi. El\u0259 Tovuz hadis\u0259l\u0259ri zaman\u0131 deyirdi ki, xarici i\u015fl\u0259r nazirini tapa bilmir\u0259m, 150 n\u0259f\u0259r S\u0259f\u0259rb\u0259rlik v\u0259 H\u0259rbi Xidm\u0259t\u0259 \u00c7a\u011f\u0131r\u0131\u015f \u00fczr\u0259 D\u00f6vl\u0259t Xidm\u0259tind\u0259 qeydiyyatdan ke\u00e7ib, c\u00fcmhuriyy\u0259t liderl\u0259rin\u0259 qar\u015f\u0131 s\u0259rt \u00e7\u0131x\u0131\u015flar\u0131 oldu. M\u00fcharib\u0259d\u0259n sonra 28 mayda d\u00f6vl\u0259t ba\u015f\u00e7\u0131s\u0131n\u0131n t\u0259brikini g\u00f6rm\u0259dik, ilk Respublika G\u00fcn\u00fcyd\u00fc ki, Az\u0259rbaycan \u00f6z \u0259razil\u0259rini i\u015f\u011faldan azad etmi\u015fdi v\u0259 ilk Respublika G\u00fcn\u00fcyd\u00fc ki, Rusiya qo\u015funlar\u0131 Az\u0259rbaycandayd\u0131. M\u0259nim \u00fc\u00e7\u00fcn \u0130lham \u018fliyevin Respublika G\u00fcn\u00fcnd\u0259 ver\u0259c\u0259yi mesaj \u00e7ox \u00f6n\u0259mliydi, amma axtard\u0131m he\u00e7 bir yerd\u0259 yox idi.\n<\/p>\n<p>\n  &#8211;<br \/>\n  <i><br \/>\n    44 g\u00fcnl\u00fck sava\u015f zaman\u0131 f\u0259all\u0131q g\u00f6st\u0259rdiniz, c\u0259bh\u0259y\u0259 yard\u0131m kampaniyas\u0131 t\u0259\u015fkil etdiniz. Amma bu add\u0131m\u0131n\u0131z\u0131 d\u0259st\u0259kl\u0259y\u0259nl\u0259r \u00e7ox olmaqla yana\u015f\u0131 f\u0259rqli yana\u015fanlar da vard\u0131. M\u0259s\u0259l\u0259n, \u201ch\u0259rbiy\u0259 getm\u0259y\u0259n B\u0259xtiyar Hac\u0131yev g\u00f6zl\u0259nilm\u0259d\u0259n m\u00fcharib\u0259 t\u0259r\u0259fdar\u0131 oldu\u201d. Bu ittiham\u0131 nec\u0259 izah ed\u0259rdiniz?<br \/>\n  <\/i>\n<\/p>\n<p>\n  &#8211;\u00a0\u00a0\u00a0\u00a0\u00a0\u00a0\u00a0M\u0259n 2006-c\u0131 ild\u0259 magistraturada t\u0259hsil alanda, m\u00f6hl\u0259t ald\u0131m, ondan \u0259vv\u0259l 2004-c\u00fc ild\u0259 bakalavr\u0131 bitir\u0259nd\u0259 d\u0259 m\u00f6hl\u0259t verildi. 2007-ci ild\u0259 d\u0259 AB\u015e-da t\u0259hsil alanda da m\u00f6hl\u0259t verilib, h\u0259r d\u0259f\u0259 d\u0259 \u00f6lk\u0259d\u0259n rahat \u00e7\u0131x\u0131\u015f imkan\u0131m olub. 2010-cu ild\u0259 parlament se\u00e7kil\u0259rind\u0259 namiz\u0259d oldum, t\u0259bii ki, axtar\u0131\u015fda olsayd\u0131m, namiz\u0259d kimi qeyd\u0259 almazd\u0131lar. B\u00fct\u00fcn s\u0259n\u0259dl\u0259rim yoxlan\u0131l\u0131b, se\u00e7kil\u0259r\u0259 qat\u0131l\u0131b ictimai debatlarda i\u015ftirak etdim, el\u0259 \u0130ctimai Televiziyada debat g\u00fcn\u00fc \u00f6lk\u0259d\u0259n \u00e7\u0131x\u0131\u015f\u0131ma qada\u011fa qoyulub. Se\u00e7kid\u0259n sonra da deyildi ki, kampaniyadak\u0131 f\u0259aliyy\u0259tin\u0259 g\u00f6r\u0259 c\u0259zaland\u0131r\u0131lacaqsan.\n<\/p>\n<p>\n  &#8211;<br \/>\n  <i><br \/>\n    Kim deyib?<br \/>\n  <\/i>\n<\/p>\n<p>\n  &#8211;\u00a0\u00a0\u00a0\u00a0\u00a0\u00a0\u00a0Prezident Administrasiyas\u0131ndan deyilib.\n<\/p>\n<p>\n  &#8211;<br \/>\n  <i><br \/>\n    H\u0259min adamlar yen\u0259 v\u0259zif\u0259d\u0259dirmi?<br \/>\n  <\/i>\n<\/p>\n<p>\n  &#8211;\u00a0\u00a0\u00a0\u00a0\u00a0\u00a0\u00a0Xeyr, v\u0259zif\u0259d\u0259 deyill\u0259r. M\u0259n G\u00fcrc\u00fcstana gedib doktorantura t\u0259hsilimi almaq, sonra i\u015fl\u0259m\u0259k \u00fc\u00e7\u00fcn AB\u015e-a qay\u0131tmaq ist\u0259yirdim. \u00d6lk\u0259d\u0259n \u00e7\u0131xmaq ist\u0259y\u0259nd\u0259 qada\u011fa oldu\u011funu dedil\u0259r v\u0259 tarixi d\u0259 g\u00f6st\u0259r\u0259nd\u0259, \u0130ctimai Televiziyada debatda oldu\u011fum g\u00fcn qada\u011fa qoyuldu\u011funu g\u00f6rd\u00fcm. V\u0259 deyildi ki, s\u0259ni h\u0259rbi hiss\u0259d\u0259 c\u0259zaland\u0131raca\u011f\u0131q, orda he\u00e7 bir \u015fey ed\u0259 bilm\u0259y\u0259c\u0259ks\u0259n, \u00e7\u00fcnki ora ictimai n\u0259zar\u0259t yoxdur. Bunun ordudan istifad\u0259 olunaraq siyasi t\u0259zyiq vasit\u0259si oldu\u011funu s\u00f6yl\u0259s\u0259m d\u0259, \u0259ksin\u0259, h\u00fcquqi m\u0259s\u0259l\u0259 oldu\u011funu bildirib v\u0259 m\u0259ni h\u0259rbi xidm\u0259t\u0259 g\u00f6nd\u0259rm\u0259k ist\u0259dikl\u0259rini \u0259lav\u0259 etdil\u0259r. Onda Konstitusiyada alternativ xidm\u0259t oldu\u011funu xat\u0131rlad\u0131b v\u0259t\u0259n\u0259 xidm\u0259t borcumu bu \u015f\u0259kild\u0259 \u00f6d\u0259m\u0259k ist\u0259diyimi dedim. Qanunun haz\u0131r olmad\u0131\u011f\u0131n\u0131 s\u00f6yl\u0259y\u0259nd\u0259, bunun v\u0259t\u0259nda\u015f\u0131n g\u00fcnah\u0131 olmad\u0131\u011f\u0131n\u0131 dedil\u0259r, haz\u0131rlay\u0131n, sonra t\u0259l\u0259b edin. Proses bu \u015f\u0259kild\u0259 ba\u015flad\u0131. Hakimiyy\u0259t niy\u0259 m\u0259hz h\u0259rbi m\u0259s\u0259l\u0259d\u0259 m\u0259nim \u00fcz\u0259rim\u0259 g\u0259ldi? H\u0259rbi xidm\u0259t\u0259 g\u00f6nd\u0259rs\u0259ydil\u0259r, orda m\u00fcxt\u0259lif formalarda c\u0259zaland\u0131rard\u0131lar, h\u0259bsd\u0259 olanda h\u0259rb\u00e7il\u0259rl\u0259 bir kamerada qal\u0131rd\u0131m, onlar\u0131n bir \u00e7oxunu \u00e7ox sad\u0259 yollarla daha b\u00f6y\u00fck cinay\u0259td\u0259 ittiham edirdil\u0259r v\u0259 he\u00e7 kim d\u0259 bu cinay\u0259ti t\u00f6r\u0259dib, t\u00f6r\u0259tm\u0259diyini s\u00fcbut ed\u0259 bilmirdi. M\u0259s\u0259l\u0259n, h\u0259rbi hiss\u0259 komandiri deyirdi ki, get, su g\u0259tir, \u0259sg\u0259r gedir v\u0259 ittiham edirdil\u0259r ki, d\u00fc\u015fm\u0259n t\u0259r\u0259f\u0259 getdiyi \u00fc\u00e7\u00fcn h\u0259bs etdik. Yaxud \u201cT\u0259rt\u0259r hadis\u0259l\u0259ri\u201d il\u0259 ba\u011fl\u0131 n\u0259 q\u0259d\u0259r h\u0259bs olunan var, h\u0259rbi m\u0259s\u0259l\u0259d\u0259 s\u00fcbut etm\u0259k m\u00fcmk\u00fcn deyil, v\u0259kil g\u0259lmir, ictimai n\u0259zar\u0259t yoxdur. Hakimiyy\u0259t bununla ba\u011fl\u0131 \u00e7ox vurmaq ist\u0259di ki, v\u0259t\u0259np\u0259rv\u0259r deyil\u0259m, f\u0259rariy\u0259m, q\u0131sa bir m\u00fcdd\u0259t bu t\u0259bli\u011fat i\u015fl\u0259di. Ondan sonra insanlar g\u00f6rd\u00fc ki, bu madd\u0259nin m\u0259c\u0259ll\u0259d\u0259 c\u0259zas\u0131 \u0259n yuxar\u0131 h\u0259dd kimi 2 ili ehtiva edir v\u0259 b\u00fct\u00fcn m\u0259hk\u0259m\u0259 instansiyalar\u0131 2 il c\u0259za verdil\u0259r. \u00dcmumiyy\u0259tl\u0259, orduda olmama\u011f\u0131mla ba\u011fl\u0131 i\u00e7imd\u0259 bir bo\u015fluq vard\u0131, insanlar zaman-zaman \u0259sg\u0259rlik xatir\u0259l\u0259rini dan\u0131\u015fanda, toxunurdu. Parlament se\u00e7kil\u0259ri bitib, pandemiya ba\u015flan\u0131b, t\u0259s\u0259vv\u00fcr edin ki, evd\u0259s\u0259n v\u0259 televiziyan\u0131 a\u00e7\u0131rsan, yerind\u0259 Nigar Arpadarinin dan\u0131\u015fd\u0131\u011f\u0131n\u0131 g\u00f6r\u00fcrs\u0259n. Sonra m\u00fcharib\u0259 ba\u015flay\u0131r, f\u00f6vq\u0259lad\u0259 v\u0259ziyy\u0259t v\u0259 m\u0259n yen\u0259 evd\u0259y\u0259m, kinoya bax\u0131ram. Ard\u0131nca m\u00fcharib\u0259 ba\u015flay\u0131r, internet z\u0259ifdir.\n<\/p>\n<p>\n  &#8211;<br \/>\n  <i><br \/>\n    Orduya d\u0259st\u0259k kampaniyas\u0131n\u0131 \u00f6z\u00fcn\u00fcz t\u0259\u015fkil etdiniz, yoxsa hakimiyy\u0259t d\u0259 bu i\u015fin i\u00e7ind\u0259ydi?<br \/>\n  <\/i>\n<\/p>\n<p>\n  &#8211;\u00a0\u00a0\u00a0\u00a0\u00a0\u00a0\u00a0Yox, ona g\u0259lir\u0259m. H\u0259min m\u00fcdd\u0259td\u0259 M\u00fcdafi\u0259 Nazirliyin\u0259, h\u0259rbi komissarl\u0131qlara, tan\u0131d\u0131\u011f\u0131m generallara x\u0259b\u0259r g\u00f6nd\u0259rdim ki, bel\u0259 vaxtda evd\u0259 otura bilm\u0259r\u0259m, \u00f6lk\u0259 m\u00fcharib\u0259 edirs\u0259, m\u0259n d\u0259 bunun bir hiss\u0259si olmal\u0131yam. H\u0259rbi xidm\u0259td\u0259 olmad\u0131\u011f\u0131m\u0131 yada salanda, sual verdim ki, m\u0259rmi da\u015f\u0131ma\u011fa yaramayacam? \u018fn pis halda m\u0259rmi da\u015f\u0131yaram, 3-5 g\u00fcnl\u00fck t\u0259limd\u0259n sonra arxa c\u0259bh\u0259y\u0259 d\u0259 g\u00f6nd\u0259rin, y\u0259ni evd\u0259 otura bilm\u0259r\u0259m. Bir m\u00fcdd\u0259t sonra lisey yolda\u015flar\u0131m\u0131z x\u0259b\u0259r ald\u0131 ki, orduda t\u0259minatla ba\u011fl\u0131 ciddi probleml\u0259rin oldu\u011funu deyirl\u0259r, x\u00fcsusil\u0259 d\u0259 tibbi l\u0259vazimatlar. M\u00fc\u0259yy\u0259n v\u0259sait y\u0131\u011f\u0131lsa da, bununla orduya hans\u0131sa d\u0259st\u0259k ver\u0259 bilm\u0259y\u0259c\u0259yimi dedim, g\u0259lin, bunu ictimaiyy\u0259t\u0259 elan ed\u0259k. El\u0259 \u201cKaspian Plaza\u201dn\u0131n r\u0259hb\u0259rliyi il\u0259 dan\u0131\u015fd\u0131q, biz\u0259 bo\u015f yer verdil\u0259r, g\u00f6zl\u0259m\u0259diyimiz \u015f\u0259kild\u0259 insanlar\u0131n ax\u0131n\u0131 ba\u015flad\u0131. T\u0259bii ki, d\u00f6vl\u0259t qurumlar\u0131 il\u0259 koordinasiya etdik. \u00c7\u00fcnki yard\u0131mlar\u0131 aparmaq \u00fc\u00e7\u00fcn postlar\u0131 ke\u00e7m\u0259liydik, Daxili \u0130\u015fl\u0259r Nazirliyinin icaz\u0259si, h\u0259rbi hiss\u0259l\u0259rd\u0259n b\u0259zi m\u0259lumatlar\u0131 d\u0259qiql\u0259\u015fdirm\u0259k laz\u0131m idi, o m\u0259nada ki, yard\u0131mlar\u0131 ist\u0259y\u0259n \u015f\u0259xsin v\u0259zif\u0259li olub-olmad\u0131\u011f\u0131n\u0131 bilm\u0259li idik, yaxud t\u0259yinat\u0131 \u00fczr\u0259 istifad\u0259 olundu\u011fu bilinm\u0259liydi. Buna g\u00f6r\u0259 D\u00f6vl\u0259t T\u0259hl\u00fck\u0259sizlik Xidm\u0259ti, M\u00fcdafi\u0259 v\u0259 Daxili i\u015fl\u0259r nazirlikl\u0259ri, h\u0259m d\u0259 G\u00f6mr\u00fck Komit\u0259si il\u0259 xaricd\u0259n g\u0259l\u0259n yard\u0131mlar\u0131 g\u00f6t\u00fcrm\u0259k \u00fc\u00e7\u00fcn m\u0259s\u0259l\u0259l\u0259ri koordinasiya etdik.\n<\/p>\n<p>\n  &#8211;<br \/>\n  <i><br \/>\n    Bel\u0259likl\u0259, m\u00fcharib\u0259 bitdi, yenid\u0259n s\u0259rt t\u0259nqidl\u0259r\u0259 ba\u015flad\u0131n\u0131z. Sizi buna n\u0259 vadar etdi?<br \/>\n  <\/i>\n<\/p>\n<p>\n  &#8211;\u00a0\u00a0\u00a0\u00a0\u00a0\u00a0\u00a0S\u0259b\u0259b Prezidentin 10 noyabr b\u0259yanat\u0131 il\u0259 ba\u011fl\u0131 verdiyi s\u0259hv, yalan m\u0259lumatlar idi. M\u0259s\u0259l\u0259n, d\u00f6vl\u0259t ba\u015f\u00e7\u0131s\u0131 deyir ki, m\u00fcnaqi\u015f\u0259 bitib, 10 noyabr b\u0259yanat\u0131nda bu \u0259ks olunub, Az\u0259rbaycan\u0131n \u0259razi b\u00fct\u00f6vl\u00fcy\u00fc t\u0259min olunub. T\u0259bii ki, bu suallar\u0131 10 noyabrda da qald\u0131rd\u0131q.\n<\/p>\n<p>\n  &#8211;<br \/>\n  <i><br \/>\n    Prezident iyulun 14-d\u0259 d\u0259 h\u0259min a\u00e7\u0131qlamar\u0131 verdi&#8230;<br \/>\n  <\/i>\n<\/p>\n<p>\n  &#8211;\u00a0\u00a0\u00a0\u00a0\u00a0\u00a0\u00a0Biz m\u0259yus olmu\u015fduq, m\u00fc\u0259yy\u0259n insanlar prosesin h\u0259min vaxt dayanmayaca\u011f\u0131n\u0131 g\u00f6zl\u0259yirdi. Bu q\u0259d\u0259r \u015f\u0259hid verdik, amma gec\u0259yl\u0259 Rusiya qo\u015funlar\u0131 \u00f6lk\u0259y\u0259 daxil oldu, Da\u011fl\u0131q Qaraba\u011f\u0131n taleyi ayd\u0131n deyil, statusla ba\u011fl\u0131 he\u00e7 n\u0259 yoxdur, t\u0259dric\u0259n bu m\u0259s\u0259l\u0259l\u0259ri sor\u011fulama\u011fa ba\u015flad\u0131q. Y\u0259ni informasiya bo\u015flu\u011fu oldu\u011fu \u00fc\u00e7\u00fcn bir az a\u00e7\u0131qlama verin. H\u0259min anda hakimiyy\u0259tin trollar\u0131 h\u00fccumlara ba\u015flad\u0131, biz bir az da s\u0259rt soru\u015fduqda, d\u00fc\u015fm\u0259n, xain oldu\u011fumuzu s\u00f6yl\u0259dil\u0259r. 44 g\u00fcnl\u00fck f\u0259aliyy\u0259timizi k\u0259nara\u00a0 qoyub, niy\u0259 soru\u015fursunuz ki, \u201cXank\u0259ndin\u0259 n\u0259 zaman ged\u0259c\u0259yik\u201d? Yaxud \u201cniy\u0259 Qaraba\u011fda t\u00fcrk qo\u015funlar\u0131 yoxdur\u201d sual\u0131n\u0131 verirsiniz? Zaman ke\u00e7dikc\u0259, onlar n\u0259 q\u0259d\u0259r s\u0259rtl\u0259\u015firdis\u0259, biz d\u0259 o q\u0259d\u0259r s\u0259rtl\u0259\u015firdik.\n<\/p>\n<p>\n  &#8211;<br \/>\n  <i><br \/>\n    Siz y\u0259qin ki, d\u00f6vl\u0259t ba\u015f\u00e7\u0131s\u0131n\u0131n Qaraba\u011f regionunu \u0259hat\u0259 ed\u0259n iqtisadi rayonlar\u0131n yeni b\u00f6lg\u00fcs\u00fc haqda f\u0259rman\u0131ndan x\u0259b\u0259rdars\u0131n\u0131z. Tan\u0131nm\u0131\u015f bir s\u0131ra iqtisad\u00e7\u0131lar v\u0259 h\u00fcquq\u015f\u00fcnaslar \u00a0s\u0259n\u0259di m\u00fcsb\u0259t qiym\u0259tl\u0259ndirdil\u0259r. Bu bax\u0131mdan f\u0259rman dedikl\u0259riniz\u0259 bir cavab say\u0131la bil\u0259rmi?<br \/>\n  <\/i>\n<\/p>\n<p>\n  &#8211;\u00a0\u00a0\u00a0\u00a0\u00a0\u00a0\u00a0Hakimiyy\u0259t son zamanlar Qaraba\u011f m\u0259s\u0259l\u0259sind\u0259n daxili ictimai r\u0259yi d\u0259yi\u015fm\u0259k \u00fc\u00e7\u00fcn ustal\u0131qla istifad\u0259 etm\u0259y\u0259 \u00e7al\u0131\u015f\u0131r, b\u0259z\u0259n al\u0131n\u0131r, b\u0259z\u0259n is\u0259 al\u0131nm\u0131r. \u00d6lk\u0259 daxilind\u0259 hans\u0131sa bir naraz\u0131l\u0131q olanda prezident \u015eu\u015faya gedir, armudu st\u0259kanda \u00e7ay i\u00e7ir, bir-iki b\u0259yanat verir ki, erm\u0259nil\u0259ri \u0259zdik v\u0259 s. Q\u0131sa m\u00fcdd\u0259t h\u0259min m\u0259s\u0259l\u0259l\u0259r unudulur. Yaxud hans\u0131sa dezinformasiya burax\u0131l\u0131r, Z\u0259ng\u0259zuru ald\u0131q, ordumuz ora girdi. Birinci n\u00f6vb\u0259d\u0259 sual yaran\u0131r ki, Az\u0259rbaycan \u0259razi b\u00fct\u00f6vl\u00fcy\u00fcn\u00fc t\u0259min etm\u0259lidir, \u0259g\u0259r bu g\u00fcn Xank\u0259ndind\u0259 Erm\u0259nistan\u0131n, Rusiyan\u0131n v\u0259 qondarma rejimin bayraqlar\u0131 dal\u011falan\u0131rsa v\u0259 Az\u0259rbaycan bayra\u011f\u0131 dal\u011falanm\u0131rsa, prezident \u201c\u0259razi b\u00fct\u00f6vl\u00fcy\u00fcm\u00fcz t\u0259min olunub\u201d dey\u0259 bilm\u0259z. \u018fg\u0259r bu g\u00fcn Rusiya s\u00fclhm\u0259raml\u0131lar\u0131 orada oldu\u011fu halda \u015eu\u015faya at\u0259\u015f a\u00e7\u0131l\u0131rsa, Az\u0259rbaycan nec\u0259 dey\u0259 bil\u0259r ki, \u0259razi b\u00fct\u00f6vl\u00fcy\u00fcm\u00fcz t\u0259min olunub?\n<\/p>\n<p>\n  &#8211;<br \/>\n  <i><br \/>\n    Bu x\u00fcsusda opponentl\u0259riniz d\u0259 ba\u015fqa bir arqument deyir: 2 il \u0259vv\u0259l, 2019-cu ild\u0259 \u015eu\u015fa haqq\u0131nda d\u00fc\u015f\u00fcnm\u00fcrd\u00fck, amma v\u0259ziyy\u0259t d\u0259yi\u015fdi. Ola bil\u0259r ki, yax\u0131n 3-5 ild\u0259 d\u0259 ox\u015far situasiyalar yarans\u0131n, rus ordusu da \u00f6lk\u0259d\u0259n getsin, deyil\u0259nl\u0259rl\u0259 raz\u0131s\u0131n\u0131zm\u0131?<br \/>\n  <\/i>\n<\/p>\n<p>\n  &#8211;\u00a0\u00a0\u00a0\u00a0\u00a0\u00a0\u00a0Birincisi, m\u0259n ordumuzun \u0259m\u0259yini he\u00e7 vaxt ki\u00e7iltm\u0259k ist\u0259m\u0259r\u0259m. Ordumuz bu d\u00f6y\u00fc\u015fl\u0259rd\u0259 \u00e7ox b\u00f6y\u00fck u\u011fur qazand\u0131. M\u0259n \u015f\u0259xs\u0259n xo\u015fb\u0259xt\u0259m ki, Az\u0259rbaycan ordusunda el\u0259 insanlar tan\u0131d\u0131m, \u00f6lk\u0259nin g\u0259l\u0259c\u0259yin\u0259 \u00fcmidim artd\u0131. Bu, h\u0259m M\u00fcdafi\u0259 Nazirliyinin \u00f6z\u00fc, h\u0259m zabitl\u0259r, h\u0259m d\u0259 \u0259sg\u0259rl\u0259r s\u0259viyy\u0259sind\u0259ydi. Amma 44 g\u00fcnd\u0259 ba\u015f ver\u0259nl\u0259r \u201cLavrov plan\u0131\u201dn\u0131n ki\u00e7ik modifikasiyas\u0131d\u0131r, y\u0259ni plan\u0131n \u015eu\u015fa v\u0259 Hadrut olmad\u0131\u011f\u0131 halda m\u00fcharib\u0259 yoluyla realla\u015fmas\u0131d\u0131r. Rusiya prezidenti Vladimir Putin 2020-ci ilin 17 noyabr m\u00fcsahib\u0259sind\u0259 deyir ki, Erm\u0259nistan v\u0259 Az\u0259rbaycan ba\u015f\u00e7\u0131lar\u0131 il\u0259 19-20 noyabrda m\u00fczakir\u0259 etdik, raz\u0131la\u015fd\u0131q ki, \u015eu\u015fa qal\u0131r erm\u0259nil\u0259rin n\u0259zar\u0259tind\u0259, ora rus s\u00fclhm\u0259raml\u0131lar\u0131 yeridilir. Az\u0259rbaycan prezidentinin t\u0259k ist\u0259yi \u015fu\u015fal\u0131lar\u0131n \u015eu\u015faya qay\u0131tmas\u0131yd\u0131. Bel\u0259 \u00e7\u0131x\u0131r ki, \u015eu\u015fan\u0131n qaytar\u0131lmas\u0131 Pa\u015finyan\u0131n raz\u0131la\u015fmamas\u0131na g\u00f6r\u0259dir, Az\u0259rbaycan bu m\u0259s\u0259l\u0259ni h\u0259l\u0259 bu g\u00fcn\u0259 q\u0259d\u0259r t\u0259kzib etm\u0259yib. M\u00fcharib\u0259nin gedi\u015fi d\u0259 g\u00f6st\u0259rdi ki, Rusiya n\u0259 zaman dayan des\u0259, Az\u0259rbaycan dayan\u0131b.\n<\/p>\n<p>\n  &#8211;<br \/>\n  <i><br \/>\n    Amma prezident iyulun 14-d\u0259 dedi ki, \u201cordan-burdan Da\u011fl\u0131q Qaraba\u011f m\u00fcnaqi\u015f\u0259si s\u00f6zl\u0259rini e\u015fidir\u0259m, bu s\u00f6z\u00fc unutmaq laz\u0131md\u0131r, art\u0131q m\u00fcnaqi\u015f\u0259 bitib, az\u0259rbaycanl\u0131lar da Z\u0259ng\u0259zura \u0130r\u0259vana bel\u0259 qay\u0131dacaq&#8230;\u201d<br \/>\n  <\/i>\n<\/p>\n<p>\n  &#8211;\u00a0\u00a0\u00a0\u00a0\u00a0\u00a0\u00a0Az\u0259rbaycanl\u0131lar qay\u0131dacaq, amma \u00f6lk\u0259 ba\u015f\u00e7\u0131s\u0131 ADA Universitetind\u0259 bu fikri bel\u0259 \u0259sasland\u0131rd\u0131 ki, Erm\u0259nistana \u0259razi iddialar\u0131m\u0131z yoxdur, az\u0259rbaycanl\u0131lar\u0131n da ora bizim \u0259razimiz kimi qay\u0131daca\u011f\u0131n\u0131 demir\u0259m. S\u00f6z\u00fcnd\u0259n bel\u0259 \u00e7\u0131xd\u0131 ki, m\u00fcnasib\u0259tl\u0259r normalla\u015fsa, turist kimi G\u00f6y\u00e7\u0259y\u0259 d\u0259, \u0130r\u0259vana da ged\u0259 bil\u0259rik. Dem\u0259li, bunun yaln\u0131z bir izah\u0131 var, o, turist \u015f\u0259klind\u0259 qay\u0131tma\u011f\u0131 n\u0259z\u0259rd\u0259 tutur. 44 g\u00fcnl\u00fck m\u00fcharib\u0259d\u0259 Az\u0259rbaycan\u0131n arxas\u0131nda T\u00fcrkiy\u0259nin h\u0259rbi v\u0259 diplomatik a\u00e7\u0131q d\u0259st\u0259yi vard\u0131.\n<\/p>\n<p>\n  &#8211;<br \/>\n  <i><br \/>\n    \u0130ndi d\u0259st\u0259k yoxdur?<br \/>\n  <\/i>\n<\/p>\n<p>\n  &#8211;\u00a0\u00a0\u00a0\u00a0\u00a0\u00a0\u00a0Bilmir\u0259m. M\u0259n fakt\u0131 deyir\u0259m ki, sava\u015f vaxt\u0131 T\u00fcrkiy\u0259nin \u00e7ox a\u00e7\u0131q diplomatik v\u0259 h\u0259rbi d\u0259st\u0259yi vard\u0131, Az\u0259rbaycan xalq\u0131 da birl\u0259\u015fmi\u015fdi. \u0130nsanlarda bir \u00fcmid vard\u0131 ki, m\u00fcharib\u0259 ba\u015flay\u0131ba, biz \u015f\u0259hidl\u0259r veririks\u0259, m\u0259s\u0259l\u0259 bird\u0259f\u0259lik ba\u011flanmal\u0131d\u0131r. Az\u0259rbaycan \u0259razi b\u00fct\u00f6vl\u00fcy\u00fcn\u00fc tam t\u0259min ed\u0259nd\u0259n sonra erm\u0259ni \u0259silli v\u0259t\u0259nda\u015flar\u0131n\u0131 d\u0259v\u0259t edib dey\u0259 bil\u0259rik ki, b\u0259li, burda ya\u015fam\u0131s\u0131n\u0131z, indi qanunlar\u0131m\u0131z\u0131, bayra\u011f\u0131m\u0131z\u0131 v\u0259 Konstitusiyam\u0131z\u0131 q\u0259bul edib, ya\u015famaq ist\u0259yirsinizs\u0259, buyurun. Asan m\u0259s\u0259l\u0259 deyil. Erm\u0259ni lobbisi, Erm\u0259nistan hakimiyy\u0259ti v\u0259 Qaraba\u011f erm\u0259nil\u0259ri h\u0259mi\u015f\u0259 \u0259traf rayonlar\u0131 bufer zona kimi istifad\u0259 edib deyirdil\u0259r ki, \u0259razil\u0259ri dan\u0131\u015f\u0131qlar yoluyla qaytara bil\u0259rdil\u0259r, amma bunun \u0259v\u0259zind\u0259 status m\u0259s\u0259l\u0259si g\u00fcnd\u0259m\u0259 g\u0259lm\u0259lidir. M\u00fcharib\u0259 g\u00f6st\u0259rdi ki, onlar bufer zona sayd\u0131qlar\u0131 rayonlardan bel\u0259 d\u00f6y\u00fc\u015f\u0259-d\u00f6y\u00fc\u015f\u0259 geri \u00e7\u0259kildil\u0259r, qoyub qa\u00e7mad\u0131lar. Onlar t\u0259r\u0259fd\u0259n d\u0259 itkil\u0259r \u00e7ox oldu, bizim d\u0259 xeyli \u015f\u0259hidl\u0259rimiz v\u0259 yaral\u0131lar\u0131m\u0131z vard\u0131. \u0130ndi onlar Xocal\u0131n\u0131, Xank\u0259ndini q\u0259dim erm\u0259ni v\u0259 Erm\u0259nistan\u0131n ayr\u0131lmaz hiss\u0259si say\u0131rlar, m\u00fcst\u0259qil d\u00f6vl\u0259t kimi g\u00f6rm\u0259k ist\u0259yirl\u0259r. Rusiya orda oldu\u011fu halda Qaraba\u011f erm\u0259nil\u0259ri k\u00f6n\u00fcll\u00fc olaraq Az\u0259rbaycan\u0131n t\u0259rkibin\u0259 ke\u00e7\u0259rl\u0259rmi?\n<\/p>\n<p>\n  &#8211;\u00a0\u00a0\u00a0\u00a0\u00a0\u00a0\u00a0N\u0259z\u0259r\u0259 al\u0131n ki, bir ne\u00e7\u0259 il \u0259vv\u0259l erm\u0259nil\u0259r A\u011fdama ad qoyub q\u0259dim erm\u0259ni \u0259razisi say\u0131rd\u0131, amma n\u0259tic\u0259 nec\u0259 oldu, g\u00f6rd\u00fck&#8230;\n<\/p>\n<p>\n  &#8211;\u00a0\u00a0\u00a0\u00a0\u00a0\u00a0\u00a0Bel\u0259 \u00e7\u0131x\u0131r ki, n\u00f6vb\u0259ti m\u00fcharib\u0259 laz\u0131md\u0131r. Prezident s\u00fclh yoluyla m\u00fcnaqi\u015f\u0259nin h\u0259lli yolunu g\u00f6r\u00fcrs\u0259, bunun mesaj\u0131n\u0131 versin ki, nec\u0259 olacaq. \u018fks t\u0259qdird\u0259, s\u00fclh g\u00f6rm\u00fcr\u00fcks\u0259&#8230; Bilirsiniz, hakimiyy\u0259td\u0259 b\u0259zil\u0259ri m\u0259ni s\u0259hv ba\u015fa d\u00fc\u015f\u00fcr, el\u0259 bilirl\u0259r ki, m\u0259n harda bo\u015fluq g\u00f6r\u00fcr\u0259ms\u0259, ordan vurma\u011fa \u00e7al\u0131\u015f\u0131ram. \u018fg\u0259r d\u00f6vl\u0259t ba\u015f\u00e7\u0131s\u0131 des\u0259 ki, d\u00fcnyada reall\u0131qlar var, regionun reall\u0131qlar\u0131 var, biz bu m\u0259rh\u0259l\u0259y\u0259 q\u0259d\u0259r g\u0259l\u0259 bildik, amma tam olaraq \u0259razi b\u00fct\u00f6vl\u00fcy\u00fcm\u00fcz\u00fc t\u0259min ed\u0259c\u0259yik, he\u00e7 kim onu q\u0131namaz. Ham\u0131 anlayacaq ki, Az\u0259rbaycan Rusiya il\u0259 birba\u015fa qar\u015f\u0131durmaya ged\u0259 bilm\u0259z. Amma dey\u0259nd\u0259 ki, \u0259razi b\u00fct\u00f6vl\u00fcy\u00fcm\u00fcz t\u0259min olunub, h\u0259r \u015fey bitib, insanlar\u0131m\u0131z is\u0259 minaya d\u00fc\u015f\u00fcr, \u015eu\u015fa at\u0259\u015f\u0259 h\u0259d\u0259f olur.\n<\/p>\n<p>\n  &#8211;<br \/>\n  <i><br \/>\n    Son aylar \u0259sas i\u015finiz \u015f\u0259xsi h\u00fccumlar\u0131n qar\u015f\u0131s\u0131n\u0131 almaq olur, hakim partiyan\u0131 v\u0259 bir ne\u00e7\u0259 n\u0259f\u0259ri m\u0259hk\u0259m\u0259y\u0259 vermisiniz. N\u0259 ba\u015f verdi ki, h\u0259d\u0259f\u0259 g\u0259ldiniz?<br \/>\n  <\/i>\n<\/p>\n<p>\n  &#8211;\u00a0\u00a0\u00a0\u00a0\u00a0\u00a0\u00a0\u00c7ox g\u00fcman ki, hakimiyy\u0259t ist\u0259m\u0259diyi suallar\u0131 qald\u0131rd\u0131\u011f\u0131ma v\u0259 ictimaiyy\u0259tin d\u0259 bunlar\u0131 d\u0259st\u0259kl\u0259diyin\u0259 g\u00f6r\u0259. T\u0259xmin\u0259n yanvardan etibar\u0259n artan h\u00fccumlar var, iki d\u0259f\u0259 \u00e7ox l\u0259yaq\u0259tsiz \u015f\u0259kild\u0259 m\u0259n\u0259 qar\u015f\u0131 kampaniya edibl\u0259r, h\u0259r iki halda bunlar\u0131 Ombudsman Aparat\u0131na, Daxili \u0130\u015fl\u0259r Nazirliyin\u0259, D\u00f6vl\u0259t T\u0259hl\u00fcks\u0259zilik Xidm\u0259tin\u0259 v\u0259 Republika Prokurorlu\u011funa t\u0259qdim etmi\u015f\u0259m.\n<\/p>\n<p>\n  &#8211;<br \/>\n  <i><br \/>\n    Reaksiya olubmu?<br \/>\n  <\/i>\n<\/p>\n<p>\n  &#8211;\u00a0\u00a0\u00a0\u00a0\u00a0\u00a0\u00a0Reaksiya olub ki, ara\u015fd\u0131rma m\u00fcdd\u0259ti var, ara\u015fd\u0131r\u0131b \u00a0cavab ver\u0259c\u0259kl\u0259r. Y\u0259ni saxta oldu\u011funu etiraf edibl\u0259r. Amma 3 aydan sonra cavab yaz\u0131blar ki, sosial \u015f\u0259b\u0259k\u0259l\u0259rin serverl\u0259ri xaricd\u0259 oldu\u011funa g\u00f6r\u0259 he\u00e7 bir ara\u015fd\u0131rma ed\u0259 bilmirl\u0259r. H\u0259min q\u0259rarlardan m\u0259hk\u0259m\u0259l\u0259r\u0259 m\u00fcraci\u0259t etdik ki, serverl\u0259r xaricd\u0259dir, amma m\u00fc\u0259yy\u0259n istintaq t\u0259dbirl\u0259ri g\u00f6r\u00fcl\u0259 bil\u0259rdi, \u0259lav\u0259 \u015fahidl\u0259rin ifad\u0259l\u0259ri m\u00fcmk\u00fcn idi, dindir\u0259rdiniz, he\u00e7 bir istintaq t\u0259dbiri g\u00f6rm\u0259yibl\u0259r. Bununla ba\u011fl\u0131 Daxili \u0130\u015fl\u0259r Nazirliyini, D\u00f6vl\u0259t T\u0259hl\u00fck\u0259sizlik Xidm\u0259tini v\u0259 Respublika Prokurorlu\u011funu m\u0259hk\u0259m\u0259y\u0259 vermi\u015fik. Yeni Az\u0259rbaycan Partiyas\u0131n\u0131 is\u0259 ba\u015fqa bir m\u0259s\u0259l\u0259y\u0259 g\u00f6r\u0259 m\u0259hk\u0259m\u0259y\u0259 vermi\u015f\u0259m, dediyiniz d\u0259l\u0259duzu da&#8230;\n<\/p>\n<p>\n  &#8211;<br \/>\n  <i><br \/>\n    Siz Ramil Hac\u0131l\u0131n\u0131 n\u0259z\u0259rd\u0259 tutursunuz? Onun n\u00fcmay\u0259nd\u0259si burda yoxdur dey\u0259 cavab ver\u0259 bilmir&#8230;<br \/>\n  <\/i>\n<\/p>\n<p>\n  &#8211;\u00a0\u00a0\u00a0\u00a0\u00a0\u00a0\u00a0B\u0259li, onun bar\u0259sind\u0259 d\u0259l\u0259duzluq madd\u0259si il\u0259 cinay\u0259t i\u015fi a\u00e7\u0131l\u0131b. Yax\u0131n\u0131, ke\u00e7mi\u015f xan\u0131m\u0131 deyir ki, nec\u0259 oldu, t\u0259sad\u00fcf ba\u015f verdi&#8230;\n<\/p>\n<p>\n  &#8211;<br \/>\n  <i><br \/>\n    \u018flinizd\u0259 Ramil Hac\u0131l\u0131 bar\u0259sind\u0259 \u0259sas varm\u0131 ki, m\u0259hk\u0259m\u0259y\u0259 m\u00fcraci\u0259t etdiniz?<br \/>\n  <\/i>\n<\/p>\n<p>\n  &#8211;\u00a0\u00a0\u00a0\u00a0\u00a0\u00a0\u00a0B\u0259li, \u0259sas olmasayd\u0131, m\u0259hk\u0259m\u0259 icraata q\u0259bul etm\u0259zdi. M\u0259n x\u00fcsusi ittiham qaydas\u0131nda m\u00fcraci\u0259t etmi\u015f\u0259m v\u0259 bu qaydada da icraata g\u00f6t\u00fcr\u00fcl\u00fcbs\u0259, bu, art\u0131q cinay\u0259t i\u015finin a\u00e7\u0131lmas\u0131 kimi bir \u015feydir. H\u0259min \u015f\u0259xs art\u0131q t\u0259qsirl\u0259ndiril\u0259n \u015f\u0259xs statusuna b\u0259rab\u0259r statusa d\u00fc\u015f\u00fcr. Onun yaz\u0131lar\u0131, video \u00e7\u0131x\u0131\u015flar\u0131 var, t\u0259s\u0259vv\u00fcr edin ki, 2013-c\u00fc ild\u0259 m\u0259n\u0259 qar\u015f\u0131 kampaniyaya ba\u015flad\u0131, o zaman AB\u015e-da Harvard professorlar\u0131 v\u0259 senatorlarla \u00e7ox\u00a0 u\u011furlu g\u00f6r\u00fc\u015fl\u0259r ke\u00e7irirdim. O zaman cavab verdim, bitdi. Amma 2020-ci il\u0259 q\u0259d\u0259r d\u0259 davaml\u0131 olaraq t\u0259hqir, b\u00f6htan kampaniyas\u0131n\u0131 davam etdirirdi, cavab vermirdim. Parlament se\u00e7kil\u0259rind\u0259 is\u0259 \u00a0dair\u0259md\u0259n namiz\u0259d deyildi, partiya \u00fczv\u00fc d\u0259 deyildi ki, kampaniya apars\u0131n, amma dayanmadan h\u0259r g\u00fcn yaz\u0131rd\u0131. Bir m\u0259qs\u0259di vard\u0131, m\u0259nim hakimiyy\u0259td\u0259 t\u0259nqid etdiyim \u015f\u0259xsl\u0259rd\u0259n kims\u0259 ona sahib \u00e7\u0131x\u0131b n\u00f6vb\u0259ti cinay\u0259tl\u0259rind\u0259n xilas etm\u0259k.\n<\/p>\n<p>\n  &#8211;<br \/>\n  <i><br \/>\n    B\u0259xtiyar b\u0259y, yekuna g\u0259l\u0259k, hakimiyy\u0259tin \u00f6z\u00fcn\u00fcn dediyi kimi azad edil\u0259n \u0259razil\u0259rd\u0259 quruculuq i\u015fl\u0259rinin apar\u0131ld\u0131\u011f\u0131n\u0131 izl\u0259yirsiniz. Nec\u0259 qiym\u0259tl\u0259ndirsiniz ba\u015f ver\u0259nl\u0259ri?<br \/>\n  <\/i>\n<\/p>\n<p>\n  &#8211;\u00a0\u00a0\u00a0\u00a0\u00a0\u00a0\u00a0G\u00f6rd\u00fcy\u00fcm odur ki, quruculuq i\u015fl\u0259ri bir ne\u00e7\u0259 \u00f6lk\u0259 v\u0259 daxild\u0259ki bir ne\u00e7\u0259 ail\u0259 \u015firk\u0259ti aras\u0131nda payla\u015fd\u0131r\u0131l\u0131b, orda n\u0259 ba\u015f verdiyini yaln\u0131z onlar bilirl\u0259r. Y\u0259ni b\u00fct\u00fcn maraql\u0131 \u00f6lk\u0259l\u0259rin maraqlar\u0131 t\u0259min olunub, yerd\u0259 qalan \u0259kin\u0259 yararl\u0131 yerl\u0259r, turistik m\u0259kanlar art\u0131q m\u00fc\u0259yy\u0259n insanlar v\u0259 \u015firk\u0259tl\u0259r t\u0259r\u0259find\u0259n m\u0259nims\u0259nilib. \u0130\u015f o istiqam\u0259td\u0259 gedir. \u018fhalini ora buraxmamaqla \u0259sasland\u0131r\u0131rlar ki, b\u0259zi \u0259razil\u0259r minalan\u0131b. Amma el\u0259 yerl\u0259r var ki, 10 min hektar \u0259razid\u0259 \u0259kin i\u015fl\u0259ri apar\u0131l\u0131r, dem\u0259li, ist\u0259k olanda \u00e7ox asanl\u0131qla yerl\u0259ri minalardan t\u0259mizl\u0259y\u0259 bilirl\u0259r. \u00d6n\u0259mli olan yerl\u0259ri ya xarici \u015firk\u0259tl\u0259r\u0259 veribl\u0259r, onlar\u0131n mara\u011f\u0131n\u0131 t\u0259min etm\u0259k \u00fc\u00e7\u00fcn tikinti i\u015fl\u0259ri apar\u0131l\u0131r, yaxud \u00f6lk\u0259 daxilind\u0259 b\u00f6y\u00fck tenderl\u0259ri udan, hakim ail\u0259y\u0259 yax\u0131n, \u00f6zl\u0259rinin olan \u015firk\u0259tl\u0259r \u0259razil\u0259rd\u0259 art\u0131q tikinti i\u015fl\u0259ri apar\u0131rlar. V\u0259 bir m\u0259qam\u0131 da vur\u011fulay\u0131m ki, bir ne\u00e7\u0259 hava liman\u0131n\u0131n in\u015fas\u0131n\u0131n m\u0259qs\u0259di m\u0259n\u0259 ayd\u0131n deyil, \u00e7\u00fcnki Az\u0259rbaycanda bir ne\u00e7\u0259 beyn\u0259lxalq hava liman\u0131 var ki, orada h\u0259ft\u0259 \u0259rzind\u0259 u\u00e7u\u015flar olmur. M\u0259s\u0259l\u0259n, Zaqatala, L\u0259nk\u0259ran, G\u0259nc\u0259 hava limanlar\u0131. N\u0259 z\u0259rur\u0259t yaran\u0131b ki, F\u00fczulid\u0259, Z\u0259ngilanda hava limanlar\u0131 tikilir v\u0259 h\u0259tta bir ne\u00e7\u0259si d\u0259 in\u015fa olunacaq?!<\/p>\n","protected":false},"excerpt":{"rendered":"<p>B\u0259xtiyar Hac\u0131yev: &#8220;Hakimiyy\u0259td\u0259 b\u0259zil\u0259ri m\u0259ni s\u0259hv ba\u015fa d\u00fc\u015f\u00fcr&#8221;<\/p>\n","protected":false},"author":11,"featured_media":208083,"comment_status":"closed","ping_status":"open","sticky":false,"template":"","format":"standard","meta":{"_acf_changed":false,"_sitemap_exclude":false,"_sitemap_priority":"","_sitemap_frequency":"","footnotes":""},"categories":[63],"tags":[],"class_list":["post-212021","post","type-post","status-publish","format-standard","has-post-thumbnail","hentry","category-video-2","infinite-scroll-item","generate-columns","tablet-grid-50","mobile-grid-100","grid-parent","grid-33","no-featured-image-padding"],"acf":[],"yoast_head":"<!-- This site is optimized with the Yoast SEO plugin v27.5 - https:\/\/yoast.com\/product\/yoast-seo-wordpress\/ -->\n<title>&quot;\u00d6lk\u0259 daxilind\u0259 hans\u0131sa bir naraz\u0131l\u0131q olanda prezident \u015eu\u015faya gedir...&quot; - MEYDAN.TV<\/title>\n<meta name=\"robots\" content=\"index, follow, max-snippet:-1, max-image-preview:large, max-video-preview:-1\" \/>\n<link rel=\"canonical\" href=\"https:\/\/www.meydan.tv\/az\/article\/olke-daxilinde-hansisa-bir-naraziliq-olanda-prezident-susaya-gedir\/\" \/>\n<meta property=\"og:locale\" content=\"az_AZ\" \/>\n<meta property=\"og:type\" content=\"article\" \/>\n<meta property=\"og:title\" content=\"&quot;\u00d6lk\u0259 daxilind\u0259 hans\u0131sa bir naraz\u0131l\u0131q olanda prezident \u015eu\u015faya gedir...&quot; - MEYDAN.TV\" \/>\n<meta property=\"og:description\" content=\"B\u0259xtiyar Hac\u0131yev: &quot;Hakimiyy\u0259td\u0259 b\u0259zil\u0259ri m\u0259ni s\u0259hv ba\u015fa d\u00fc\u015f\u00fcr&quot;\" \/>\n<meta property=\"og:url\" content=\"https:\/\/www.meydan.tv\/az\/article\/olke-daxilinde-hansisa-bir-naraziliq-olanda-prezident-susaya-gedir\/\" \/>\n<meta property=\"og:site_name\" content=\"MEYDAN.TV\" \/>\n<meta property=\"article:published_time\" content=\"2021-07-16T14:34:04+00:00\" \/>\n<meta property=\"og:image\" content=\"https:\/\/www.meydan.tv\/wp-content\/uploads\/photo_2021-07-16_10.55.51.jpeg\" \/>\n\t<meta property=\"og:image:width\" content=\"1099\" \/>\n\t<meta property=\"og:image:height\" content=\"613\" \/>\n\t<meta property=\"og:image:type\" content=\"image\/jpeg\" \/>\n<meta name=\"author\" content=\"user-manager\" \/>\n<meta name=\"twitter:card\" content=\"summary_large_image\" \/>\n<script type=\"application\/ld+json\" class=\"yoast-schema-graph\">{\"@context\":\"https:\\\/\\\/schema.org\",\"@graph\":[{\"@type\":\"Article\",\"@id\":\"https:\\\/\\\/www.meydan.tv\\\/az\\\/article\\\/olke-daxilinde-hansisa-bir-naraziliq-olanda-prezident-susaya-gedir\\\/#article\",\"isPartOf\":{\"@id\":\"https:\\\/\\\/www.meydan.tv\\\/az\\\/article\\\/olke-daxilinde-hansisa-bir-naraziliq-olanda-prezident-susaya-gedir\\\/\"},\"author\":{\"name\":\"user-manager\",\"@id\":\"https:\\\/\\\/www.meydan.tv\\\/az\\\/#\\\/schema\\\/person\\\/10d11eccf6da3662cf5fdab9806ea91a\"},\"headline\":\"&#8220;\u00d6lk\u0259 daxilind\u0259 hans\u0131sa bir naraz\u0131l\u0131q olanda prezident \u015eu\u015faya gedir&#8230;&#8221;\",\"datePublished\":\"2021-07-16T14:34:04+00:00\",\"mainEntityOfPage\":{\"@id\":\"https:\\\/\\\/www.meydan.tv\\\/az\\\/article\\\/olke-daxilinde-hansisa-bir-naraziliq-olanda-prezident-susaya-gedir\\\/\"},\"wordCount\":4857,\"publisher\":{\"@id\":\"https:\\\/\\\/www.meydan.tv\\\/az\\\/#organization\"},\"image\":{\"@id\":\"https:\\\/\\\/www.meydan.tv\\\/az\\\/article\\\/olke-daxilinde-hansisa-bir-naraziliq-olanda-prezident-susaya-gedir\\\/#primaryimage\"},\"thumbnailUrl\":\"https:\\\/\\\/www.meydan.tv\\\/wp-content\\\/uploads\\\/photo_2021-07-16_10.55.51.jpeg\",\"articleSection\":[\"Video\"],\"inLanguage\":\"az\"},{\"@type\":\"WebPage\",\"@id\":\"https:\\\/\\\/www.meydan.tv\\\/az\\\/article\\\/olke-daxilinde-hansisa-bir-naraziliq-olanda-prezident-susaya-gedir\\\/\",\"url\":\"https:\\\/\\\/www.meydan.tv\\\/az\\\/article\\\/olke-daxilinde-hansisa-bir-naraziliq-olanda-prezident-susaya-gedir\\\/\",\"name\":\"\\\"\u00d6lk\u0259 daxilind\u0259 hans\u0131sa bir naraz\u0131l\u0131q olanda prezident \u015eu\u015faya gedir...\\\" - MEYDAN.TV\",\"isPartOf\":{\"@id\":\"https:\\\/\\\/www.meydan.tv\\\/az\\\/#website\"},\"primaryImageOfPage\":{\"@id\":\"https:\\\/\\\/www.meydan.tv\\\/az\\\/article\\\/olke-daxilinde-hansisa-bir-naraziliq-olanda-prezident-susaya-gedir\\\/#primaryimage\"},\"image\":{\"@id\":\"https:\\\/\\\/www.meydan.tv\\\/az\\\/article\\\/olke-daxilinde-hansisa-bir-naraziliq-olanda-prezident-susaya-gedir\\\/#primaryimage\"},\"thumbnailUrl\":\"https:\\\/\\\/www.meydan.tv\\\/wp-content\\\/uploads\\\/photo_2021-07-16_10.55.51.jpeg\",\"datePublished\":\"2021-07-16T14:34:04+00:00\",\"breadcrumb\":{\"@id\":\"https:\\\/\\\/www.meydan.tv\\\/az\\\/article\\\/olke-daxilinde-hansisa-bir-naraziliq-olanda-prezident-susaya-gedir\\\/#breadcrumb\"},\"inLanguage\":\"az\",\"potentialAction\":[{\"@type\":\"ReadAction\",\"target\":[\"https:\\\/\\\/www.meydan.tv\\\/az\\\/article\\\/olke-daxilinde-hansisa-bir-naraziliq-olanda-prezident-susaya-gedir\\\/\"]}]},{\"@type\":\"ImageObject\",\"inLanguage\":\"az\",\"@id\":\"https:\\\/\\\/www.meydan.tv\\\/az\\\/article\\\/olke-daxilinde-hansisa-bir-naraziliq-olanda-prezident-susaya-gedir\\\/#primaryimage\",\"url\":\"https:\\\/\\\/www.meydan.tv\\\/wp-content\\\/uploads\\\/photo_2021-07-16_10.55.51.jpeg\",\"contentUrl\":\"https:\\\/\\\/www.meydan.tv\\\/wp-content\\\/uploads\\\/photo_2021-07-16_10.55.51.jpeg\",\"width\":1099,\"height\":613,\"caption\":\"Source: Meydan.TV\"},{\"@type\":\"BreadcrumbList\",\"@id\":\"https:\\\/\\\/www.meydan.tv\\\/az\\\/article\\\/olke-daxilinde-hansisa-bir-naraziliq-olanda-prezident-susaya-gedir\\\/#breadcrumb\",\"itemListElement\":[{\"@type\":\"ListItem\",\"position\":1,\"name\":\"Ana s\u0259hif\u0259\",\"item\":\"https:\\\/\\\/www.meydan.tv\\\/az\\\/\"},{\"@type\":\"ListItem\",\"position\":2,\"name\":\"Video\",\"item\":\"https:\\\/\\\/www.meydan.tv\\\/az\\\/section\\\/video-2\\\/\"},{\"@type\":\"ListItem\",\"position\":3,\"name\":\"&#8220;\u00d6lk\u0259 daxilind\u0259 hans\u0131sa bir naraz\u0131l\u0131q olanda prezident \u015eu\u015faya gedir&#8230;&#8221;\"}]},{\"@type\":\"WebSite\",\"@id\":\"https:\\\/\\\/www.meydan.tv\\\/az\\\/#website\",\"url\":\"https:\\\/\\\/www.meydan.tv\\\/az\\\/\",\"name\":\"MEYDAN.TV\",\"description\":\"Meydan TV Az\u0259rbaycan\u0131n media m\u0259kan\u0131ndak\u0131 alternativ s\u0259sidir\",\"publisher\":{\"@id\":\"https:\\\/\\\/www.meydan.tv\\\/az\\\/#organization\"},\"potentialAction\":[{\"@type\":\"SearchAction\",\"target\":{\"@type\":\"EntryPoint\",\"urlTemplate\":\"https:\\\/\\\/www.meydan.tv\\\/az\\\/?s={search_term_string}\"},\"query-input\":{\"@type\":\"PropertyValueSpecification\",\"valueRequired\":true,\"valueName\":\"search_term_string\"}}],\"inLanguage\":\"az\"},{\"@type\":\"Organization\",\"@id\":\"https:\\\/\\\/www.meydan.tv\\\/az\\\/#organization\",\"name\":\"Meydan TV\",\"url\":\"https:\\\/\\\/www.meydan.tv\\\/az\\\/\",\"logo\":{\"@type\":\"ImageObject\",\"inLanguage\":\"az\",\"@id\":\"https:\\\/\\\/www.meydan.tv\\\/az\\\/#\\\/schema\\\/logo\\\/image\\\/\",\"url\":\"https:\\\/\\\/www.meydan.tv\\\/wp-content\\\/uploads\\\/2021\\\/07\\\/meydan-logo.svg\",\"contentUrl\":\"https:\\\/\\\/www.meydan.tv\\\/wp-content\\\/uploads\\\/2021\\\/07\\\/meydan-logo.svg\",\"width\":195,\"height\":46,\"caption\":\"Meydan TV\"},\"image\":{\"@id\":\"https:\\\/\\\/www.meydan.tv\\\/az\\\/#\\\/schema\\\/logo\\\/image\\\/\"}},{\"@type\":\"Person\",\"@id\":\"https:\\\/\\\/www.meydan.tv\\\/az\\\/#\\\/schema\\\/person\\\/10d11eccf6da3662cf5fdab9806ea91a\",\"name\":\"user-manager\"}]}<\/script>\n<!-- \/ Yoast SEO plugin. -->","yoast_head_json":{"title":"\"\u00d6lk\u0259 daxilind\u0259 hans\u0131sa bir naraz\u0131l\u0131q olanda prezident \u015eu\u015faya gedir...\" - MEYDAN.TV","robots":{"index":"index","follow":"follow","max-snippet":"max-snippet:-1","max-image-preview":"max-image-preview:large","max-video-preview":"max-video-preview:-1"},"canonical":"https:\/\/www.meydan.tv\/az\/article\/olke-daxilinde-hansisa-bir-naraziliq-olanda-prezident-susaya-gedir\/","og_locale":"az_AZ","og_type":"article","og_title":"\"\u00d6lk\u0259 daxilind\u0259 hans\u0131sa bir naraz\u0131l\u0131q olanda prezident \u015eu\u015faya gedir...\" - MEYDAN.TV","og_description":"B\u0259xtiyar Hac\u0131yev: \"Hakimiyy\u0259td\u0259 b\u0259zil\u0259ri m\u0259ni s\u0259hv ba\u015fa d\u00fc\u015f\u00fcr\"","og_url":"https:\/\/www.meydan.tv\/az\/article\/olke-daxilinde-hansisa-bir-naraziliq-olanda-prezident-susaya-gedir\/","og_site_name":"MEYDAN.TV","article_published_time":"2021-07-16T14:34:04+00:00","og_image":[{"width":1099,"height":613,"url":"https:\/\/www.meydan.tv\/wp-content\/uploads\/photo_2021-07-16_10.55.51.jpeg","type":"image\/jpeg"}],"author":"user-manager","twitter_card":"summary_large_image","schema":{"@context":"https:\/\/schema.org","@graph":[{"@type":"Article","@id":"https:\/\/www.meydan.tv\/az\/article\/olke-daxilinde-hansisa-bir-naraziliq-olanda-prezident-susaya-gedir\/#article","isPartOf":{"@id":"https:\/\/www.meydan.tv\/az\/article\/olke-daxilinde-hansisa-bir-naraziliq-olanda-prezident-susaya-gedir\/"},"author":{"name":"user-manager","@id":"https:\/\/www.meydan.tv\/az\/#\/schema\/person\/10d11eccf6da3662cf5fdab9806ea91a"},"headline":"&#8220;\u00d6lk\u0259 daxilind\u0259 hans\u0131sa bir naraz\u0131l\u0131q olanda prezident \u015eu\u015faya gedir&#8230;&#8221;","datePublished":"2021-07-16T14:34:04+00:00","mainEntityOfPage":{"@id":"https:\/\/www.meydan.tv\/az\/article\/olke-daxilinde-hansisa-bir-naraziliq-olanda-prezident-susaya-gedir\/"},"wordCount":4857,"publisher":{"@id":"https:\/\/www.meydan.tv\/az\/#organization"},"image":{"@id":"https:\/\/www.meydan.tv\/az\/article\/olke-daxilinde-hansisa-bir-naraziliq-olanda-prezident-susaya-gedir\/#primaryimage"},"thumbnailUrl":"https:\/\/www.meydan.tv\/wp-content\/uploads\/photo_2021-07-16_10.55.51.jpeg","articleSection":["Video"],"inLanguage":"az"},{"@type":"WebPage","@id":"https:\/\/www.meydan.tv\/az\/article\/olke-daxilinde-hansisa-bir-naraziliq-olanda-prezident-susaya-gedir\/","url":"https:\/\/www.meydan.tv\/az\/article\/olke-daxilinde-hansisa-bir-naraziliq-olanda-prezident-susaya-gedir\/","name":"\"\u00d6lk\u0259 daxilind\u0259 hans\u0131sa bir naraz\u0131l\u0131q olanda prezident \u015eu\u015faya gedir...\" - MEYDAN.TV","isPartOf":{"@id":"https:\/\/www.meydan.tv\/az\/#website"},"primaryImageOfPage":{"@id":"https:\/\/www.meydan.tv\/az\/article\/olke-daxilinde-hansisa-bir-naraziliq-olanda-prezident-susaya-gedir\/#primaryimage"},"image":{"@id":"https:\/\/www.meydan.tv\/az\/article\/olke-daxilinde-hansisa-bir-naraziliq-olanda-prezident-susaya-gedir\/#primaryimage"},"thumbnailUrl":"https:\/\/www.meydan.tv\/wp-content\/uploads\/photo_2021-07-16_10.55.51.jpeg","datePublished":"2021-07-16T14:34:04+00:00","breadcrumb":{"@id":"https:\/\/www.meydan.tv\/az\/article\/olke-daxilinde-hansisa-bir-naraziliq-olanda-prezident-susaya-gedir\/#breadcrumb"},"inLanguage":"az","potentialAction":[{"@type":"ReadAction","target":["https:\/\/www.meydan.tv\/az\/article\/olke-daxilinde-hansisa-bir-naraziliq-olanda-prezident-susaya-gedir\/"]}]},{"@type":"ImageObject","inLanguage":"az","@id":"https:\/\/www.meydan.tv\/az\/article\/olke-daxilinde-hansisa-bir-naraziliq-olanda-prezident-susaya-gedir\/#primaryimage","url":"https:\/\/www.meydan.tv\/wp-content\/uploads\/photo_2021-07-16_10.55.51.jpeg","contentUrl":"https:\/\/www.meydan.tv\/wp-content\/uploads\/photo_2021-07-16_10.55.51.jpeg","width":1099,"height":613,"caption":"Source: Meydan.TV"},{"@type":"BreadcrumbList","@id":"https:\/\/www.meydan.tv\/az\/article\/olke-daxilinde-hansisa-bir-naraziliq-olanda-prezident-susaya-gedir\/#breadcrumb","itemListElement":[{"@type":"ListItem","position":1,"name":"Ana s\u0259hif\u0259","item":"https:\/\/www.meydan.tv\/az\/"},{"@type":"ListItem","position":2,"name":"Video","item":"https:\/\/www.meydan.tv\/az\/section\/video-2\/"},{"@type":"ListItem","position":3,"name":"&#8220;\u00d6lk\u0259 daxilind\u0259 hans\u0131sa bir naraz\u0131l\u0131q olanda prezident \u015eu\u015faya gedir&#8230;&#8221;"}]},{"@type":"WebSite","@id":"https:\/\/www.meydan.tv\/az\/#website","url":"https:\/\/www.meydan.tv\/az\/","name":"MEYDAN.TV","description":"Meydan TV Az\u0259rbaycan\u0131n media m\u0259kan\u0131ndak\u0131 alternativ s\u0259sidir","publisher":{"@id":"https:\/\/www.meydan.tv\/az\/#organization"},"potentialAction":[{"@type":"SearchAction","target":{"@type":"EntryPoint","urlTemplate":"https:\/\/www.meydan.tv\/az\/?s={search_term_string}"},"query-input":{"@type":"PropertyValueSpecification","valueRequired":true,"valueName":"search_term_string"}}],"inLanguage":"az"},{"@type":"Organization","@id":"https:\/\/www.meydan.tv\/az\/#organization","name":"Meydan TV","url":"https:\/\/www.meydan.tv\/az\/","logo":{"@type":"ImageObject","inLanguage":"az","@id":"https:\/\/www.meydan.tv\/az\/#\/schema\/logo\/image\/","url":"https:\/\/www.meydan.tv\/wp-content\/uploads\/2021\/07\/meydan-logo.svg","contentUrl":"https:\/\/www.meydan.tv\/wp-content\/uploads\/2021\/07\/meydan-logo.svg","width":195,"height":46,"caption":"Meydan TV"},"image":{"@id":"https:\/\/www.meydan.tv\/az\/#\/schema\/logo\/image\/"}},{"@type":"Person","@id":"https:\/\/www.meydan.tv\/az\/#\/schema\/person\/10d11eccf6da3662cf5fdab9806ea91a","name":"user-manager"}]}},"_links":{"self":[{"href":"https:\/\/www.meydan.tv\/az\/wp-json\/wp\/v2\/posts\/212021","targetHints":{"allow":["GET"]}}],"collection":[{"href":"https:\/\/www.meydan.tv\/az\/wp-json\/wp\/v2\/posts"}],"about":[{"href":"https:\/\/www.meydan.tv\/az\/wp-json\/wp\/v2\/types\/post"}],"author":[{"embeddable":true,"href":"https:\/\/www.meydan.tv\/az\/wp-json\/wp\/v2\/users\/11"}],"replies":[{"embeddable":true,"href":"https:\/\/www.meydan.tv\/az\/wp-json\/wp\/v2\/comments?post=212021"}],"version-history":[{"count":0,"href":"https:\/\/www.meydan.tv\/az\/wp-json\/wp\/v2\/posts\/212021\/revisions"}],"wp:featuredmedia":[{"embeddable":true,"href":"https:\/\/www.meydan.tv\/az\/wp-json\/wp\/v2\/media\/208083"}],"wp:attachment":[{"href":"https:\/\/www.meydan.tv\/az\/wp-json\/wp\/v2\/media?parent=212021"}],"wp:term":[{"taxonomy":"category","embeddable":true,"href":"https:\/\/www.meydan.tv\/az\/wp-json\/wp\/v2\/categories?post=212021"},{"taxonomy":"post_tag","embeddable":true,"href":"https:\/\/www.meydan.tv\/az\/wp-json\/wp\/v2\/tags?post=212021"}],"curies":[{"name":"wp","href":"https:\/\/api.w.org\/{rel}","templated":true}]}}