{"id":212020,"date":"2021-07-16T14:30:21","date_gmt":"2021-07-16T14:30:21","guid":{"rendered":"https:\/\/www.meydan.tv\/article\/isteyim-budur-ki-azerbaycanda-kuce-inceseneti-inkisaf-etsin\/"},"modified":"2021-07-16T14:30:21","modified_gmt":"2021-07-16T14:30:21","slug":"isteyim-budur-ki-azerbaycanda-kuce-inceseneti-inkisaf-etsin","status":"publish","type":"post","link":"https:\/\/www.meydan.tv\/az\/article\/isteyim-budur-ki-azerbaycanda-kuce-inceseneti-inkisaf-etsin\/","title":{"rendered":"\u201c\u0130st\u0259yim budur ki, Az\u0259rbaycanda k\u00fc\u00e7\u0259 inc\u0259s\u0259n\u0259ti inki\u015faf etsin\u201d"},"content":{"rendered":"<figure class=\"wp-block-embed is-type-video is-provider-youtube wp-block-embed-youtube wp-embed-aspect-16-9 wp-has-aspect-ratio\">\n<div class=\"wp-block-embed__wrapper\">\n    <iframe\ttitle=\"\u201c\u0130st\u0259yim budur ki, Az\u0259rbaycanda k\u00fc\u00e7\u0259 inc\u0259s\u0259n\u0259ti inki\u015faf etsin\u201d\" width=\"1200\" height=\"675\" data-src=\"https:\/\/www.youtube.com\/embed\/mfIeSRzx-4o\"\tframeborder=\"0\"\tallow=\"accelerometer; autoplay; clipboard-write; encrypted-media; gyroscope; picture-in-picture\" allowfullscreen src=\"data:image\/svg+xml;base64,PHN2ZyB3aWR0aD0iMSIgaGVpZ2h0PSIxIiB4bWxucz0iaHR0cDovL3d3dy53My5vcmcvMjAwMC9zdmciPjwvc3ZnPg==\" class=\"lazyload\" data-load-mode=\"1\"><\/iframe>\n  <\/div><figcaption>\n    \u201c\u0130st\u0259yim budur ki, Az\u0259rbaycanda k\u00fc\u00e7\u0259 inc\u0259s\u0259n\u0259ti inki\u015faf etsin\u201d<br \/>\n  <\/figcaption><\/figure>\n<p>\n  ADO Teatr\u0131n\u0131n yarad\u0131c\u0131s\u0131 Elmin B\u0259d\u0259lov iyulun 15-d\u0259 \u201c7-ci m\u0259kan adl\u0131\u201d k\u00fc\u00e7\u0259 n\u00fcmayi\u015fi g\u00f6st\u0259rib.\n<\/p>\n<p>\n  Tama\u015fan\u0131n m\u0259qs\u0259di Az\u0259rbaycanda k\u00fc\u00e7\u0259 inc\u0259s\u0259n\u0259tinin inki\u015faf etdirilm\u0259sidir. \u0130ndividual performer hesab edir ki, d\u00fcnyada inc\u0259s\u0259n\u0259tin inki\u015fafi k\u00fc\u00e7\u0259d\u0259n ba\u015flay\u0131b. Az\u0259rbaycanda da \u0259n q\u0259dim zamanlardan Kosa v\u0259 Ke\u00e7\u0259l tama\u015falar\u0131 buna n\u00fcmun\u0259dir.\n<\/p>\n<p>\n  N\u00fcmayi\u015fin sonunda Elmin B\u0259d\u0259lov saxlan\u0131l\u0131b. Polisl\u0259r t\u0259r\u0259find\u0259n 27-ci b\u00f6lm\u0259y\u0259 apar\u0131lsa da, sonradan s\u0259rb\u0259st burax\u0131l\u0131b.\n<\/p>\n<p>\n  \u0130yulun 15-i h\u0259m ADO teatr\u0131n\u0131n yaranma tarixi, h\u0259m d\u0259 teatr\u0131n qurucusu Elmin B\u0259d\u0259lovun do\u011fum g\u00fcn\u00fcd\u00fcr.\n<\/p>\n<p>\n  ADO teatr\u0131 f\u0259aliyy\u0259tinin 9-cu ilin\u0259 ke\u00e7ir. Teatr pandemiya v\u0259 maddi \u00e7\u0259tinlikl\u0259r s\u0259b\u0259bind\u0259n \u00f6z m\u0259kan\u0131n\u0131 itirib.<\/p>\n","protected":false},"excerpt":{"rendered":"<p>ADO Teatr\u0131n\u0131n yarad\u0131c\u0131s\u0131 Elmin B\u0259d\u0259lov iyulun 15-d\u0259 \u201c7-ci m\u0259kan adl\u0131\u201d k\u00fc\u00e7\u0259 n\u00fcmayi\u015fi g\u00f6st\u0259rib.<\/p>\n","protected":false},"author":11,"featured_media":208086,"comment_status":"closed","ping_status":"open","sticky":false,"template":"","format":"standard","meta":{"_acf_changed":false,"_sitemap_exclude":false,"_sitemap_priority":"","_sitemap_frequency":"","footnotes":""},"categories":[63],"tags":[],"class_list":["post-212020","post","type-post","status-publish","format-standard","has-post-thumbnail","hentry","category-video-2","infinite-scroll-item","generate-columns","tablet-grid-50","mobile-grid-100","grid-parent","grid-33","no-featured-image-padding"],"acf":[],"yoast_head":"<!-- This site is optimized with the Yoast SEO plugin v27.5 - https:\/\/yoast.com\/product\/yoast-seo-wordpress\/ -->\n<title>\u201c\u0130st\u0259yim budur ki, Az\u0259rbaycanda k\u00fc\u00e7\u0259 inc\u0259s\u0259n\u0259ti inki\u015faf etsin\u201d - MEYDAN.TV<\/title>\n<meta name=\"robots\" content=\"index, follow, max-snippet:-1, max-image-preview:large, max-video-preview:-1\" \/>\n<link rel=\"canonical\" href=\"https:\/\/www.meydan.tv\/az\/article\/isteyim-budur-ki-azerbaycanda-kuce-inceseneti-inkisaf-etsin\/\" \/>\n<meta property=\"og:locale\" content=\"az_AZ\" \/>\n<meta property=\"og:type\" content=\"article\" \/>\n<meta property=\"og:title\" content=\"\u201c\u0130st\u0259yim budur ki, Az\u0259rbaycanda k\u00fc\u00e7\u0259 inc\u0259s\u0259n\u0259ti inki\u015faf etsin\u201d - MEYDAN.TV\" \/>\n<meta property=\"og:description\" content=\"ADO Teatr\u0131n\u0131n yarad\u0131c\u0131s\u0131 Elmin B\u0259d\u0259lov iyulun 15-d\u0259 \u201c7-ci m\u0259kan adl\u0131\u201d k\u00fc\u00e7\u0259 n\u00fcmayi\u015fi g\u00f6st\u0259rib.\" \/>\n<meta property=\"og:url\" content=\"https:\/\/www.meydan.tv\/az\/article\/isteyim-budur-ki-azerbaycanda-kuce-inceseneti-inkisaf-etsin\/\" \/>\n<meta property=\"og:site_name\" content=\"MEYDAN.TV\" \/>\n<meta property=\"article:published_time\" content=\"2021-07-16T14:30:21+00:00\" \/>\n<meta property=\"og:image\" content=\"https:\/\/www.meydan.tv\/wp-content\/uploads\/screenshot_at_jul_16_14-22-47-1200x682.png\" \/>\n\t<meta property=\"og:image:width\" content=\"1200\" \/>\n\t<meta property=\"og:image:height\" content=\"682\" \/>\n\t<meta property=\"og:image:type\" content=\"image\/png\" \/>\n<meta name=\"author\" content=\"user-manager\" \/>\n<meta name=\"twitter:card\" content=\"summary_large_image\" \/>\n<script type=\"application\/ld+json\" class=\"yoast-schema-graph\">{\"@context\":\"https:\\\/\\\/schema.org\",\"@graph\":[{\"@type\":\"Article\",\"@id\":\"https:\\\/\\\/www.meydan.tv\\\/az\\\/article\\\/isteyim-budur-ki-azerbaycanda-kuce-inceseneti-inkisaf-etsin\\\/#article\",\"isPartOf\":{\"@id\":\"https:\\\/\\\/www.meydan.tv\\\/az\\\/article\\\/isteyim-budur-ki-azerbaycanda-kuce-inceseneti-inkisaf-etsin\\\/\"},\"author\":{\"name\":\"user-manager\",\"@id\":\"https:\\\/\\\/www.meydan.tv\\\/az\\\/#\\\/schema\\\/person\\\/10d11eccf6da3662cf5fdab9806ea91a\"},\"headline\":\"\u201c\u0130st\u0259yim budur ki, Az\u0259rbaycanda k\u00fc\u00e7\u0259 inc\u0259s\u0259n\u0259ti inki\u015faf etsin\u201d\",\"datePublished\":\"2021-07-16T14:30:21+00:00\",\"mainEntityOfPage\":{\"@id\":\"https:\\\/\\\/www.meydan.tv\\\/az\\\/article\\\/isteyim-budur-ki-azerbaycanda-kuce-inceseneti-inkisaf-etsin\\\/\"},\"wordCount\":186,\"publisher\":{\"@id\":\"https:\\\/\\\/www.meydan.tv\\\/az\\\/#organization\"},\"image\":{\"@id\":\"https:\\\/\\\/www.meydan.tv\\\/az\\\/article\\\/isteyim-budur-ki-azerbaycanda-kuce-inceseneti-inkisaf-etsin\\\/#primaryimage\"},\"thumbnailUrl\":\"https:\\\/\\\/www.meydan.tv\\\/wp-content\\\/uploads\\\/screenshot_at_jul_16_14-22-47.png\",\"articleSection\":[\"Video\"],\"inLanguage\":\"az\"},{\"@type\":\"WebPage\",\"@id\":\"https:\\\/\\\/www.meydan.tv\\\/az\\\/article\\\/isteyim-budur-ki-azerbaycanda-kuce-inceseneti-inkisaf-etsin\\\/\",\"url\":\"https:\\\/\\\/www.meydan.tv\\\/az\\\/article\\\/isteyim-budur-ki-azerbaycanda-kuce-inceseneti-inkisaf-etsin\\\/\",\"name\":\"\u201c\u0130st\u0259yim budur ki, Az\u0259rbaycanda k\u00fc\u00e7\u0259 inc\u0259s\u0259n\u0259ti inki\u015faf etsin\u201d - MEYDAN.TV\",\"isPartOf\":{\"@id\":\"https:\\\/\\\/www.meydan.tv\\\/az\\\/#website\"},\"primaryImageOfPage\":{\"@id\":\"https:\\\/\\\/www.meydan.tv\\\/az\\\/article\\\/isteyim-budur-ki-azerbaycanda-kuce-inceseneti-inkisaf-etsin\\\/#primaryimage\"},\"image\":{\"@id\":\"https:\\\/\\\/www.meydan.tv\\\/az\\\/article\\\/isteyim-budur-ki-azerbaycanda-kuce-inceseneti-inkisaf-etsin\\\/#primaryimage\"},\"thumbnailUrl\":\"https:\\\/\\\/www.meydan.tv\\\/wp-content\\\/uploads\\\/screenshot_at_jul_16_14-22-47.png\",\"datePublished\":\"2021-07-16T14:30:21+00:00\",\"breadcrumb\":{\"@id\":\"https:\\\/\\\/www.meydan.tv\\\/az\\\/article\\\/isteyim-budur-ki-azerbaycanda-kuce-inceseneti-inkisaf-etsin\\\/#breadcrumb\"},\"inLanguage\":\"az\",\"potentialAction\":[{\"@type\":\"ReadAction\",\"target\":[\"https:\\\/\\\/www.meydan.tv\\\/az\\\/article\\\/isteyim-budur-ki-azerbaycanda-kuce-inceseneti-inkisaf-etsin\\\/\"]}]},{\"@type\":\"ImageObject\",\"inLanguage\":\"az\",\"@id\":\"https:\\\/\\\/www.meydan.tv\\\/az\\\/article\\\/isteyim-budur-ki-azerbaycanda-kuce-inceseneti-inkisaf-etsin\\\/#primaryimage\",\"url\":\"https:\\\/\\\/www.meydan.tv\\\/wp-content\\\/uploads\\\/screenshot_at_jul_16_14-22-47.png\",\"contentUrl\":\"https:\\\/\\\/www.meydan.tv\\\/wp-content\\\/uploads\\\/screenshot_at_jul_16_14-22-47.png\",\"width\":1470,\"height\":836,\"caption\":\"Source: Meydan.TV\"},{\"@type\":\"BreadcrumbList\",\"@id\":\"https:\\\/\\\/www.meydan.tv\\\/az\\\/article\\\/isteyim-budur-ki-azerbaycanda-kuce-inceseneti-inkisaf-etsin\\\/#breadcrumb\",\"itemListElement\":[{\"@type\":\"ListItem\",\"position\":1,\"name\":\"Ana s\u0259hif\u0259\",\"item\":\"https:\\\/\\\/www.meydan.tv\\\/az\\\/\"},{\"@type\":\"ListItem\",\"position\":2,\"name\":\"Video\",\"item\":\"https:\\\/\\\/www.meydan.tv\\\/az\\\/section\\\/video-2\\\/\"},{\"@type\":\"ListItem\",\"position\":3,\"name\":\"\u201c\u0130st\u0259yim budur ki, Az\u0259rbaycanda k\u00fc\u00e7\u0259 inc\u0259s\u0259n\u0259ti inki\u015faf etsin\u201d\"}]},{\"@type\":\"WebSite\",\"@id\":\"https:\\\/\\\/www.meydan.tv\\\/az\\\/#website\",\"url\":\"https:\\\/\\\/www.meydan.tv\\\/az\\\/\",\"name\":\"MEYDAN.TV\",\"description\":\"Meydan TV Az\u0259rbaycan\u0131n media m\u0259kan\u0131ndak\u0131 alternativ s\u0259sidir\",\"publisher\":{\"@id\":\"https:\\\/\\\/www.meydan.tv\\\/az\\\/#organization\"},\"potentialAction\":[{\"@type\":\"SearchAction\",\"target\":{\"@type\":\"EntryPoint\",\"urlTemplate\":\"https:\\\/\\\/www.meydan.tv\\\/az\\\/?s={search_term_string}\"},\"query-input\":{\"@type\":\"PropertyValueSpecification\",\"valueRequired\":true,\"valueName\":\"search_term_string\"}}],\"inLanguage\":\"az\"},{\"@type\":\"Organization\",\"@id\":\"https:\\\/\\\/www.meydan.tv\\\/az\\\/#organization\",\"name\":\"Meydan TV\",\"url\":\"https:\\\/\\\/www.meydan.tv\\\/az\\\/\",\"logo\":{\"@type\":\"ImageObject\",\"inLanguage\":\"az\",\"@id\":\"https:\\\/\\\/www.meydan.tv\\\/az\\\/#\\\/schema\\\/logo\\\/image\\\/\",\"url\":\"https:\\\/\\\/www.meydan.tv\\\/wp-content\\\/uploads\\\/2021\\\/07\\\/meydan-logo.svg\",\"contentUrl\":\"https:\\\/\\\/www.meydan.tv\\\/wp-content\\\/uploads\\\/2021\\\/07\\\/meydan-logo.svg\",\"width\":195,\"height\":46,\"caption\":\"Meydan TV\"},\"image\":{\"@id\":\"https:\\\/\\\/www.meydan.tv\\\/az\\\/#\\\/schema\\\/logo\\\/image\\\/\"}},{\"@type\":\"Person\",\"@id\":\"https:\\\/\\\/www.meydan.tv\\\/az\\\/#\\\/schema\\\/person\\\/10d11eccf6da3662cf5fdab9806ea91a\",\"name\":\"user-manager\"}]}<\/script>\n<!-- \/ Yoast SEO plugin. -->","yoast_head_json":{"title":"\u201c\u0130st\u0259yim budur ki, Az\u0259rbaycanda k\u00fc\u00e7\u0259 inc\u0259s\u0259n\u0259ti inki\u015faf etsin\u201d - MEYDAN.TV","robots":{"index":"index","follow":"follow","max-snippet":"max-snippet:-1","max-image-preview":"max-image-preview:large","max-video-preview":"max-video-preview:-1"},"canonical":"https:\/\/www.meydan.tv\/az\/article\/isteyim-budur-ki-azerbaycanda-kuce-inceseneti-inkisaf-etsin\/","og_locale":"az_AZ","og_type":"article","og_title":"\u201c\u0130st\u0259yim budur ki, Az\u0259rbaycanda k\u00fc\u00e7\u0259 inc\u0259s\u0259n\u0259ti inki\u015faf etsin\u201d - MEYDAN.TV","og_description":"ADO Teatr\u0131n\u0131n yarad\u0131c\u0131s\u0131 Elmin B\u0259d\u0259lov iyulun 15-d\u0259 \u201c7-ci m\u0259kan adl\u0131\u201d k\u00fc\u00e7\u0259 n\u00fcmayi\u015fi g\u00f6st\u0259rib.","og_url":"https:\/\/www.meydan.tv\/az\/article\/isteyim-budur-ki-azerbaycanda-kuce-inceseneti-inkisaf-etsin\/","og_site_name":"MEYDAN.TV","article_published_time":"2021-07-16T14:30:21+00:00","og_image":[{"width":1200,"height":682,"url":"https:\/\/www.meydan.tv\/wp-content\/uploads\/screenshot_at_jul_16_14-22-47-1200x682.png","type":"image\/png"}],"author":"user-manager","twitter_card":"summary_large_image","schema":{"@context":"https:\/\/schema.org","@graph":[{"@type":"Article","@id":"https:\/\/www.meydan.tv\/az\/article\/isteyim-budur-ki-azerbaycanda-kuce-inceseneti-inkisaf-etsin\/#article","isPartOf":{"@id":"https:\/\/www.meydan.tv\/az\/article\/isteyim-budur-ki-azerbaycanda-kuce-inceseneti-inkisaf-etsin\/"},"author":{"name":"user-manager","@id":"https:\/\/www.meydan.tv\/az\/#\/schema\/person\/10d11eccf6da3662cf5fdab9806ea91a"},"headline":"\u201c\u0130st\u0259yim budur ki, Az\u0259rbaycanda k\u00fc\u00e7\u0259 inc\u0259s\u0259n\u0259ti inki\u015faf etsin\u201d","datePublished":"2021-07-16T14:30:21+00:00","mainEntityOfPage":{"@id":"https:\/\/www.meydan.tv\/az\/article\/isteyim-budur-ki-azerbaycanda-kuce-inceseneti-inkisaf-etsin\/"},"wordCount":186,"publisher":{"@id":"https:\/\/www.meydan.tv\/az\/#organization"},"image":{"@id":"https:\/\/www.meydan.tv\/az\/article\/isteyim-budur-ki-azerbaycanda-kuce-inceseneti-inkisaf-etsin\/#primaryimage"},"thumbnailUrl":"https:\/\/www.meydan.tv\/wp-content\/uploads\/screenshot_at_jul_16_14-22-47.png","articleSection":["Video"],"inLanguage":"az"},{"@type":"WebPage","@id":"https:\/\/www.meydan.tv\/az\/article\/isteyim-budur-ki-azerbaycanda-kuce-inceseneti-inkisaf-etsin\/","url":"https:\/\/www.meydan.tv\/az\/article\/isteyim-budur-ki-azerbaycanda-kuce-inceseneti-inkisaf-etsin\/","name":"\u201c\u0130st\u0259yim budur ki, Az\u0259rbaycanda k\u00fc\u00e7\u0259 inc\u0259s\u0259n\u0259ti inki\u015faf etsin\u201d - MEYDAN.TV","isPartOf":{"@id":"https:\/\/www.meydan.tv\/az\/#website"},"primaryImageOfPage":{"@id":"https:\/\/www.meydan.tv\/az\/article\/isteyim-budur-ki-azerbaycanda-kuce-inceseneti-inkisaf-etsin\/#primaryimage"},"image":{"@id":"https:\/\/www.meydan.tv\/az\/article\/isteyim-budur-ki-azerbaycanda-kuce-inceseneti-inkisaf-etsin\/#primaryimage"},"thumbnailUrl":"https:\/\/www.meydan.tv\/wp-content\/uploads\/screenshot_at_jul_16_14-22-47.png","datePublished":"2021-07-16T14:30:21+00:00","breadcrumb":{"@id":"https:\/\/www.meydan.tv\/az\/article\/isteyim-budur-ki-azerbaycanda-kuce-inceseneti-inkisaf-etsin\/#breadcrumb"},"inLanguage":"az","potentialAction":[{"@type":"ReadAction","target":["https:\/\/www.meydan.tv\/az\/article\/isteyim-budur-ki-azerbaycanda-kuce-inceseneti-inkisaf-etsin\/"]}]},{"@type":"ImageObject","inLanguage":"az","@id":"https:\/\/www.meydan.tv\/az\/article\/isteyim-budur-ki-azerbaycanda-kuce-inceseneti-inkisaf-etsin\/#primaryimage","url":"https:\/\/www.meydan.tv\/wp-content\/uploads\/screenshot_at_jul_16_14-22-47.png","contentUrl":"https:\/\/www.meydan.tv\/wp-content\/uploads\/screenshot_at_jul_16_14-22-47.png","width":1470,"height":836,"caption":"Source: Meydan.TV"},{"@type":"BreadcrumbList","@id":"https:\/\/www.meydan.tv\/az\/article\/isteyim-budur-ki-azerbaycanda-kuce-inceseneti-inkisaf-etsin\/#breadcrumb","itemListElement":[{"@type":"ListItem","position":1,"name":"Ana s\u0259hif\u0259","item":"https:\/\/www.meydan.tv\/az\/"},{"@type":"ListItem","position":2,"name":"Video","item":"https:\/\/www.meydan.tv\/az\/section\/video-2\/"},{"@type":"ListItem","position":3,"name":"\u201c\u0130st\u0259yim budur ki, Az\u0259rbaycanda k\u00fc\u00e7\u0259 inc\u0259s\u0259n\u0259ti inki\u015faf etsin\u201d"}]},{"@type":"WebSite","@id":"https:\/\/www.meydan.tv\/az\/#website","url":"https:\/\/www.meydan.tv\/az\/","name":"MEYDAN.TV","description":"Meydan TV Az\u0259rbaycan\u0131n media m\u0259kan\u0131ndak\u0131 alternativ s\u0259sidir","publisher":{"@id":"https:\/\/www.meydan.tv\/az\/#organization"},"potentialAction":[{"@type":"SearchAction","target":{"@type":"EntryPoint","urlTemplate":"https:\/\/www.meydan.tv\/az\/?s={search_term_string}"},"query-input":{"@type":"PropertyValueSpecification","valueRequired":true,"valueName":"search_term_string"}}],"inLanguage":"az"},{"@type":"Organization","@id":"https:\/\/www.meydan.tv\/az\/#organization","name":"Meydan TV","url":"https:\/\/www.meydan.tv\/az\/","logo":{"@type":"ImageObject","inLanguage":"az","@id":"https:\/\/www.meydan.tv\/az\/#\/schema\/logo\/image\/","url":"https:\/\/www.meydan.tv\/wp-content\/uploads\/2021\/07\/meydan-logo.svg","contentUrl":"https:\/\/www.meydan.tv\/wp-content\/uploads\/2021\/07\/meydan-logo.svg","width":195,"height":46,"caption":"Meydan TV"},"image":{"@id":"https:\/\/www.meydan.tv\/az\/#\/schema\/logo\/image\/"}},{"@type":"Person","@id":"https:\/\/www.meydan.tv\/az\/#\/schema\/person\/10d11eccf6da3662cf5fdab9806ea91a","name":"user-manager"}]}},"_links":{"self":[{"href":"https:\/\/www.meydan.tv\/az\/wp-json\/wp\/v2\/posts\/212020","targetHints":{"allow":["GET"]}}],"collection":[{"href":"https:\/\/www.meydan.tv\/az\/wp-json\/wp\/v2\/posts"}],"about":[{"href":"https:\/\/www.meydan.tv\/az\/wp-json\/wp\/v2\/types\/post"}],"author":[{"embeddable":true,"href":"https:\/\/www.meydan.tv\/az\/wp-json\/wp\/v2\/users\/11"}],"replies":[{"embeddable":true,"href":"https:\/\/www.meydan.tv\/az\/wp-json\/wp\/v2\/comments?post=212020"}],"version-history":[{"count":0,"href":"https:\/\/www.meydan.tv\/az\/wp-json\/wp\/v2\/posts\/212020\/revisions"}],"wp:featuredmedia":[{"embeddable":true,"href":"https:\/\/www.meydan.tv\/az\/wp-json\/wp\/v2\/media\/208086"}],"wp:attachment":[{"href":"https:\/\/www.meydan.tv\/az\/wp-json\/wp\/v2\/media?parent=212020"}],"wp:term":[{"taxonomy":"category","embeddable":true,"href":"https:\/\/www.meydan.tv\/az\/wp-json\/wp\/v2\/categories?post=212020"},{"taxonomy":"post_tag","embeddable":true,"href":"https:\/\/www.meydan.tv\/az\/wp-json\/wp\/v2\/tags?post=212020"}],"curies":[{"name":"wp","href":"https:\/\/api.w.org\/{rel}","templated":true}]}}