{"id":212008,"date":"2021-07-16T04:36:42","date_gmt":"2021-07-16T04:36:42","guid":{"rendered":"https:\/\/www.meydan.tv\/article\/aktyor-kuce-tamasasi-gosterdi-polis-bolmesine-aparildi\/"},"modified":"2021-07-16T04:36:42","modified_gmt":"2021-07-16T04:36:42","slug":"aktyor-kuce-tamasasi-gosterdi-polis-bolmesine-aparildi","status":"publish","type":"post","link":"https:\/\/www.meydan.tv\/az\/article\/aktyor-kuce-tamasasi-gosterdi-polis-bolmesine-aparildi\/","title":{"rendered":"Aktyor k\u00fc\u00e7\u0259 tama\u015fas\u0131 g\u00f6st\u0259rdi, polis b\u00f6lm\u0259sin\u0259 apar\u0131ld\u0131"},"content":{"rendered":"<p>\n  S\u0259rb\u0259st burax\u0131lan Elmin B\u0259d\u0259lov yenid\u0259n b\u00f6lm\u0259y\u0259 \u00e7a\u011f\u0131r\u0131l\u0131b\n<\/p>\n<p>\n  Aktyor Elmin B\u0259d\u0259lov bu g\u00fcn saat 20:30-da polis \u0259m\u0259kda\u015flar\u0131 t\u0259r\u0259find\u0259n saxlan\u0131laraq, 27-ci Polis B\u00f6lm\u0259sin\u0259 apar\u0131l\u0131b.\n<\/p>\n<p>\n  Hadis\u0259 aktyorun Q\u0131\u015f Park\u0131nda \u201cYeddinci M\u0259kan\u201d adl\u0131 k\u00fc\u00e7\u0259 tama\u015fas\u0131n\u0131n n\u00fcmayi\u015find\u0259n sonra ba\u015f verib.\n<\/p>\n<p>\n  Polisl\u0259r aktyorla b\u0259rab\u0259r performans\u0131 izl\u0259m\u0259y\u0259 g\u0259l\u0259n f\u0259al Kamran M\u0259mm\u0259dlini d\u0259 saxlay\u0131b.\n<\/p>\n<p>\n  \u201cV\u0259kilim Zibeyd\u0259 Z\u0259k\u0259riyeva b\u00f6lm\u0259y\u0259 g\u0259ldi. Orada m\u0259n\u0259 dedil\u0259r ki, izahat yazmaq laz\u0131md\u0131r. Daha sonra s\u0259rb\u0259st burax\u0131ld\u0131q. Sabah s\u0259h\u0259r saat 11-d\u0259 t\u0259krar g\u0259lm\u0259yimizi ist\u0259dil\u0259r. Bel\u0259 ba\u015fa d\u00fc\u015fd\u00fcm ki, profilaktik s\u00f6hb\u0259t aparmaq ist\u0259yirl\u0259r\u201d, &#8211; Elmin B\u0259d\u0259lov Meydan TV-y\u0259 deyib.\n<\/p>\n<p>\n  Elmin B\u0259d\u0259lov ADO Tetar\u0131n\u0131n yarad\u0131c\u0131s\u0131d\u0131r. O, \u00fc\u00e7 il\u0259 yax\u0131nd\u0131r ki, k\u00fc\u00e7\u0259 performanslar\u0131 g\u00f6st\u0259rm\u0259k \u00fc\u00e7\u00fcn M\u0259d\u0259niyy\u0259t Nazirliyi il\u0259 Bak\u0131 \u015e\u0259h\u0259r \u0130cra Hakimiyy\u0259tin\u0259 m\u00fcraci\u0259tl\u0259r edib. M\u00fcsb\u0259t cavab almayan ADO r\u0259hb\u0259ri m\u0259s\u0259l\u0259 il\u0259 ba\u011fl\u0131 2019-cu ild\u0259 1 Sayl\u0131 Bak\u0131 \u0130nzibati-\u0130qtisadi M\u0259hk\u0259m\u0259sin\u0259 \u00fcz tutub. Birinci instansiya q\u0259rar\u0131 teatr\u0131n xeyrin\u0259 vers\u0259 d\u0259, sonradan Bak\u0131 \u015e\u0259h\u0259r \u0130cra Hakimiyy\u0259tinin Apelyasiya M\u0259hk\u0259m\u0259sin\u0259 m\u00fcraci\u0259td\u0259n sonra l\u0259\u011fv edilib.<\/p>\n","protected":false},"excerpt":{"rendered":"<p>S\u0259rb\u0259st burax\u0131lan Elmin B\u0259d\u0259lov yenid\u0259n b\u00f6lm\u0259y\u0259 \u00e7a\u011f\u0131r\u0131l\u0131b<\/p>\n","protected":false},"author":11,"featured_media":208056,"comment_status":"closed","ping_status":"open","sticky":false,"template":"","format":"standard","meta":{"_acf_changed":false,"_sitemap_exclude":false,"_sitemap_priority":"","_sitemap_frequency":"","footnotes":""},"categories":[52],"tags":[],"class_list":["post-212008","post","type-post","status-publish","format-standard","has-post-thumbnail","hentry","category-medeniyyet","infinite-scroll-item","generate-columns","tablet-grid-50","mobile-grid-100","grid-parent","grid-33","no-featured-image-padding"],"acf":[],"yoast_head":"<!-- This site is optimized with the Yoast SEO plugin v28.4 - https:\/\/yoast.com\/product\/yoast-seo-wordpress\/ -->\n<title>Aktyor k\u00fc\u00e7\u0259 tama\u015fas\u0131 g\u00f6st\u0259rdi, polis b\u00f6lm\u0259sin\u0259 apar\u0131ld\u0131 - MEYDAN.TV<\/title>\n<meta name=\"robots\" content=\"index, follow, max-snippet:-1, max-image-preview:large, max-video-preview:-1\" \/>\n<link rel=\"canonical\" href=\"https:\/\/www.meydan.tv\/az\/article\/aktyor-kuce-tamasasi-gosterdi-polis-bolmesine-aparildi\/\" \/>\n<meta property=\"og:locale\" content=\"az_AZ\" \/>\n<meta property=\"og:type\" content=\"article\" \/>\n<meta property=\"og:title\" content=\"Aktyor k\u00fc\u00e7\u0259 tama\u015fas\u0131 g\u00f6st\u0259rdi, polis b\u00f6lm\u0259sin\u0259 apar\u0131ld\u0131 - MEYDAN.TV\" \/>\n<meta property=\"og:description\" content=\"S\u0259rb\u0259st burax\u0131lan Elmin B\u0259d\u0259lov yenid\u0259n b\u00f6lm\u0259y\u0259 \u00e7a\u011f\u0131r\u0131l\u0131b\" \/>\n<meta property=\"og:url\" content=\"https:\/\/www.meydan.tv\/az\/article\/aktyor-kuce-tamasasi-gosterdi-polis-bolmesine-aparildi\/\" \/>\n<meta property=\"og:site_name\" content=\"MEYDAN.TV\" \/>\n<meta property=\"article:published_time\" content=\"2021-07-16T04:36:42+00:00\" \/>\n<meta property=\"og:image\" content=\"https:\/\/www.meydan.tv\/wp-content\/uploads\/215679638_1830461970467089_778747311787736840_n.jpeg\" \/>\n\t<meta property=\"og:image:width\" content=\"960\" \/>\n\t<meta property=\"og:image:height\" content=\"720\" \/>\n\t<meta property=\"og:image:type\" content=\"image\/jpeg\" \/>\n<meta name=\"twitter:card\" content=\"summary_large_image\" \/>\n<!-- \/ Yoast SEO plugin. -->","yoast_head_json":{"title":"Aktyor k\u00fc\u00e7\u0259 tama\u015fas\u0131 g\u00f6st\u0259rdi, polis b\u00f6lm\u0259sin\u0259 apar\u0131ld\u0131 - MEYDAN.TV","robots":{"index":"index","follow":"follow","max-snippet":"max-snippet:-1","max-image-preview":"max-image-preview:large","max-video-preview":"max-video-preview:-1"},"canonical":"https:\/\/www.meydan.tv\/az\/article\/aktyor-kuce-tamasasi-gosterdi-polis-bolmesine-aparildi\/","og_locale":"az_AZ","og_type":"article","og_title":"Aktyor k\u00fc\u00e7\u0259 tama\u015fas\u0131 g\u00f6st\u0259rdi, polis b\u00f6lm\u0259sin\u0259 apar\u0131ld\u0131 - MEYDAN.TV","og_description":"S\u0259rb\u0259st burax\u0131lan Elmin B\u0259d\u0259lov yenid\u0259n b\u00f6lm\u0259y\u0259 \u00e7a\u011f\u0131r\u0131l\u0131b","og_url":"https:\/\/www.meydan.tv\/az\/article\/aktyor-kuce-tamasasi-gosterdi-polis-bolmesine-aparildi\/","og_site_name":"MEYDAN.TV","article_published_time":"2021-07-16T04:36:42+00:00","og_image":[{"width":960,"height":720,"url":"https:\/\/www.meydan.tv\/wp-content\/uploads\/215679638_1830461970467089_778747311787736840_n.jpeg","type":"image\/jpeg"}],"twitter_card":"summary_large_image","schema":{"@context":"https:\/\/schema.org","@graph":[{"@type":"Article","@id":"https:\/\/www.meydan.tv\/az\/article\/aktyor-kuce-tamasasi-gosterdi-polis-bolmesine-aparildi\/#article","isPartOf":{"@id":"https:\/\/www.meydan.tv\/az\/article\/aktyor-kuce-tamasasi-gosterdi-polis-bolmesine-aparildi\/"},"author":{"name":"user-manager","@id":"https:\/\/www.meydan.tv\/az\/#\/schema\/person\/10d11eccf6da3662cf5fdab9806ea91a"},"headline":"Aktyor k\u00fc\u00e7\u0259 tama\u015fas\u0131 g\u00f6st\u0259rdi, polis b\u00f6lm\u0259sin\u0259 apar\u0131ld\u0131","datePublished":"2021-07-16T04:36:42+00:00","mainEntityOfPage":{"@id":"https:\/\/www.meydan.tv\/az\/article\/aktyor-kuce-tamasasi-gosterdi-polis-bolmesine-aparildi\/"},"wordCount":268,"publisher":{"@id":"https:\/\/www.meydan.tv\/az\/#organization"},"image":{"@id":"https:\/\/www.meydan.tv\/az\/article\/aktyor-kuce-tamasasi-gosterdi-polis-bolmesine-aparildi\/#primaryimage"},"thumbnailUrl":"https:\/\/www.meydan.tv\/wp-content\/uploads\/215679638_1830461970467089_778747311787736840_n.jpeg","articleSection":["M\u0259d\u0259niyy\u0259t"],"inLanguage":"az"},{"@type":"WebPage","@id":"https:\/\/www.meydan.tv\/az\/article\/aktyor-kuce-tamasasi-gosterdi-polis-bolmesine-aparildi\/","url":"https:\/\/www.meydan.tv\/az\/article\/aktyor-kuce-tamasasi-gosterdi-polis-bolmesine-aparildi\/","name":"Aktyor k\u00fc\u00e7\u0259 tama\u015fas\u0131 g\u00f6st\u0259rdi, polis b\u00f6lm\u0259sin\u0259 apar\u0131ld\u0131 - MEYDAN.TV","isPartOf":{"@id":"https:\/\/www.meydan.tv\/az\/#website"},"primaryImageOfPage":{"@id":"https:\/\/www.meydan.tv\/az\/article\/aktyor-kuce-tamasasi-gosterdi-polis-bolmesine-aparildi\/#primaryimage"},"image":{"@id":"https:\/\/www.meydan.tv\/az\/article\/aktyor-kuce-tamasasi-gosterdi-polis-bolmesine-aparildi\/#primaryimage"},"thumbnailUrl":"https:\/\/www.meydan.tv\/wp-content\/uploads\/215679638_1830461970467089_778747311787736840_n.jpeg","datePublished":"2021-07-16T04:36:42+00:00","breadcrumb":{"@id":"https:\/\/www.meydan.tv\/az\/article\/aktyor-kuce-tamasasi-gosterdi-polis-bolmesine-aparildi\/#breadcrumb"},"inLanguage":"az","potentialAction":[{"@type":"ReadAction","target":["https:\/\/www.meydan.tv\/az\/article\/aktyor-kuce-tamasasi-gosterdi-polis-bolmesine-aparildi\/"]}]},{"@type":"ImageObject","inLanguage":"az","@id":"https:\/\/www.meydan.tv\/az\/article\/aktyor-kuce-tamasasi-gosterdi-polis-bolmesine-aparildi\/#primaryimage","url":"https:\/\/www.meydan.tv\/wp-content\/uploads\/215679638_1830461970467089_778747311787736840_n.jpeg","contentUrl":"https:\/\/www.meydan.tv\/wp-content\/uploads\/215679638_1830461970467089_778747311787736840_n.jpeg","width":960,"height":720,"caption":"Source: \u015e\u0259hla K\u0259rim"},{"@type":"BreadcrumbList","@id":"https:\/\/www.meydan.tv\/az\/article\/aktyor-kuce-tamasasi-gosterdi-polis-bolmesine-aparildi\/#breadcrumb","itemListElement":[{"@type":"ListItem","position":1,"name":"Ana s\u0259hif\u0259","item":"https:\/\/www.meydan.tv\/az\/"},{"@type":"ListItem","position":2,"name":"M\u0259d\u0259niyy\u0259t","item":"https:\/\/www.meydan.tv\/az\/section\/medeniyyet\/"},{"@type":"ListItem","position":3,"name":"Aktyor k\u00fc\u00e7\u0259 tama\u015fas\u0131 g\u00f6st\u0259rdi, polis b\u00f6lm\u0259sin\u0259 apar\u0131ld\u0131"}]},{"@type":"WebSite","@id":"https:\/\/www.meydan.tv\/az\/#website","url":"https:\/\/www.meydan.tv\/az\/","name":"MEYDAN.TV","description":"Meydan TV Az\u0259rbaycan\u0131n media m\u0259kan\u0131ndak\u0131 alternativ s\u0259sidir","publisher":{"@id":"https:\/\/www.meydan.tv\/az\/#organization"},"potentialAction":[{"@type":"SearchAction","target":{"@type":"EntryPoint","urlTemplate":"https:\/\/www.meydan.tv\/az\/?s={search_term_string}"},"query-input":{"@type":"PropertyValueSpecification","valueRequired":true,"valueName":"search_term_string"}}],"inLanguage":"az"},{"@type":"Organization","@id":"https:\/\/www.meydan.tv\/az\/#organization","name":"Meydan TV","url":"https:\/\/www.meydan.tv\/az\/","logo":{"@type":"ImageObject","inLanguage":"az","@id":"https:\/\/www.meydan.tv\/az\/#\/schema\/logo\/image\/","url":"https:\/\/www.meydan.tv\/wp-content\/uploads\/2021\/07\/meydan-logo.svg","contentUrl":"https:\/\/www.meydan.tv\/wp-content\/uploads\/2021\/07\/meydan-logo.svg","width":195,"height":46,"caption":"Meydan TV"},"image":{"@id":"https:\/\/www.meydan.tv\/az\/#\/schema\/logo\/image\/"}},{"@type":"Person","@id":"https:\/\/www.meydan.tv\/az\/#\/schema\/person\/10d11eccf6da3662cf5fdab9806ea91a","name":"user-manager"}]}},"_links":{"self":[{"href":"https:\/\/www.meydan.tv\/az\/wp-json\/wp\/v2\/posts\/212008","targetHints":{"allow":["GET"]}}],"collection":[{"href":"https:\/\/www.meydan.tv\/az\/wp-json\/wp\/v2\/posts"}],"about":[{"href":"https:\/\/www.meydan.tv\/az\/wp-json\/wp\/v2\/types\/post"}],"author":[{"embeddable":true,"href":"https:\/\/www.meydan.tv\/az\/wp-json\/wp\/v2\/users\/11"}],"replies":[{"embeddable":true,"href":"https:\/\/www.meydan.tv\/az\/wp-json\/wp\/v2\/comments?post=212008"}],"version-history":[{"count":0,"href":"https:\/\/www.meydan.tv\/az\/wp-json\/wp\/v2\/posts\/212008\/revisions"}],"wp:featuredmedia":[{"embeddable":true,"href":"https:\/\/www.meydan.tv\/az\/wp-json\/wp\/v2\/media\/208056"}],"wp:attachment":[{"href":"https:\/\/www.meydan.tv\/az\/wp-json\/wp\/v2\/media?parent=212008"}],"wp:term":[{"taxonomy":"category","embeddable":true,"href":"https:\/\/www.meydan.tv\/az\/wp-json\/wp\/v2\/categories?post=212008"},{"taxonomy":"post_tag","embeddable":true,"href":"https:\/\/www.meydan.tv\/az\/wp-json\/wp\/v2\/tags?post=212008"}],"curies":[{"name":"wp","href":"https:\/\/api.w.org\/{rel}","templated":true}]}}