{"id":211985,"date":"2021-07-14T15:02:12","date_gmt":"2021-07-14T15:02:12","guid":{"rendered":"https:\/\/www.meydan.tv\/article\/elmin-bedelov-heyder-eliyev-sarayinin-muhafize-xidmetinin-reisi-mene-zor-tetbiq-etdi\/"},"modified":"2021-07-14T15:02:12","modified_gmt":"2021-07-14T15:02:12","slug":"elmin-bedelov-heyder-eliyev-sarayinin-muhafize-xidmetinin-reisi-mene-zor-tetbiq-etdi","status":"publish","type":"post","link":"https:\/\/www.meydan.tv\/az\/article\/elmin-bedelov-heyder-eliyev-sarayinin-muhafize-xidmetinin-reisi-mene-zor-tetbiq-etdi\/","title":{"rendered":"Elmin B\u0259d\u0259lov: Heyd\u0259r \u018fliyev Saray\u0131n\u0131n m\u00fchafiz\u0259 xidm\u0259tinin r\u0259isi m\u0259n\u0259 zor t\u0259tbiq etdi"},"content":{"rendered":"<p>\n  <i><br \/>\n    &quot;Onun manel\u0259rin\u0259 baxmayaraq, \u00e7\u0131x\u0131\u015f\u0131m\u0131 sona \u00e7atd\u0131rd\u0131m, performans\u0131m ba\u015f tutdu&quot;<br \/>\n  <\/i>\n<\/p>\n<p>\n  ADO Teatr\u0131n\u0131n yarad\u0131c\u0131s\u0131, aktyor Elmin B\u0259d\u0259lov iyulun 13-d\u0259 Heyd\u0259r \u018fliyev Saray\u0131n\u0131n arxas\u0131nda, S\u0259m\u0259d Vur\u011fun k\u00fc\u00e7\u0259sind\u0259 performans g\u00f6st\u0259rib.\n<\/p>\n<p>\n  Aktyorun \u00e7\u0131x\u0131\u015f\u0131 zaman\u0131 Heyd\u0259r \u018fliyev Saray\u0131n\u0131n m\u00fchafiz\u0259 xidm\u0259tinin r\u0259isi ona qar\u015f\u0131 zor t\u0259tbiq edib: \u201cH\u0259min adam m\u0259n\u0259 t\u0259zyiq edib, yer\u0259 oturtma\u011fa \u00e7al\u0131\u015f\u0131rd\u0131. \u00c7ox aqressiv v\u0259 kobud r\u0259ftar n\u00fcmayi\u015f etdirirdi. M\u0259n is\u0259 oturdu\u011fum yerd\u0259, onun manel\u0259rin\u0259 baxmayaraq, \u00e7\u0131x\u0131\u015f\u0131m\u0131 sona \u00e7atd\u0131rd\u0131m. Performans\u0131m ba\u015f tutmu\u015f hesab olunur. \u00c7\u00fcnki \u00e7\u0131x\u0131\u015f\u0131m\u0131 be\u015f d\u0259qiq\u0259 n\u0259z\u0259rd\u0259 tutmu\u015fdum. H\u0259tta be\u015f d\u0259qiq\u0259d\u0259n d\u0259 art\u0131q r\u0259qs etdim. Ora yax\u0131nla\u015fan polis \u0259m\u0259kda\u015flar\u0131 da \u00e7\u0131x\u0131\u015f\u0131ma mane olmad\u0131. M\u0259qs\u0259dim &#8211; s\u0259n\u0259tin bu n\u00f6v\u00fcn\u0259 diqq\u0259t \u00e7\u0259km\u0259k idi. \u0130nc\u0259s\u0259n\u0259t n\u00fcmayind\u0259sin\u0259 qar\u015f\u0131, bel\u0259 add\u0131m atd\u0131\u011f\u0131na g\u00f6r\u0259 onun yerin\u0259 m\u0259n utand\u0131m. \u00dcmumiyy\u0259tl\u0259, ona n\u0259 dey\u0259c\u0259yimi bilm\u0259dim. Saray\u0131n yax\u0131nl\u0131\u011f\u0131nda \u00e7\u0131x\u0131\u015f\u0131m niy\u0259 onu narahat etdi anlamad\u0131m. Saray\u0131n i\u00e7in\u0259 girm\u0259mi\u015fik. Saraya ziyan vurmuruq\u201d.\n<\/p>\n<p>\n  Elmin B\u0259d\u0259lov Q\u0131\u015f Park\u0131nda, ya da \u0259traf\u0131nda performans n\u00fcmayi\u015f etm\u0259k ist\u0259diyini daha \u00f6nc\u0259 d\u0259 a\u00e7\u0131qlam\u0131\u015fd\u0131. Bununla ba\u011fl\u0131 M\u0259d\u0259niyy\u0259t Nazirliyin\u0259 v\u0259 Bak\u0131 \u015e\u0259h\u0259r \u0130cra Hakimiyy\u0259tin\u0259 d\u0259f\u0259l\u0259rl\u0259 r\u0259smi m\u00fcraci\u0259t etdiyini deyib.\n<\/p>\n<figure class=\"wp-block-image size-large\">\n  <img decoding=\"async\" src=\"https:\/\/www.meydan.tv\/az\/img-20210714-wa0047-jpg\/\" alt=\"img-20210714-wa0047.jpg\" class=\"wp-image-207978\"\/><figcaption>\n    Elmin B\u0259d\u0259lov: Ora yax\u0131nla\u015fan polis \u0259m\u0259kda\u015flar\u0131 da \u00e7\u0131x\u0131\u015f\u0131ma mane olmad\u0131.<br \/>\n  <\/figcaption><\/figure>\n<p>\n  M\u0259nfi cavab ald\u0131\u011f\u0131n\u0131 dey\u0259n ADO r\u0259hb\u0259ri m\u0259s\u0259l\u0259 il\u0259 ba\u011fl\u0131 2019-cu ild\u0259 1 Sayl\u0131 Bak\u0131 \u0130nzibati-\u0130qtisadi M\u0259hk\u0259m\u0259sin\u0259 m\u00fcraci\u0259t edib: \u201cM\u0259hk\u0259m\u0259 ilk d\u0259f\u0259 bizim xeyrimiz\u0259 q\u0259rar vermi\u015fdi. T\u0259\u0259ss\u00fcf ki, ard\u0131nca pandemiya oldu. H\u0259min \u0259r\u0259f\u0259d\u0259 Bak\u0131 \u015e\u0259h\u0259r \u0130cra Hakimiyy\u0259ti Bak\u0131 Apelyasiya M\u0259hk\u0259m\u0259sin\u0259 m\u00fcraci\u0259t etdi v\u0259 q\u0259rar\u0131 l\u0259\u011fv etdirdi. \u0130yulun 15-d\u0259 Q\u0131\u015f Park\u0131nda oynayaca\u011fam. Performans\u0131n format\u0131 el\u0259dir ki, ora h\u0259r k\u0259s qo\u015fula bil\u0259r. Eyni zamanda, inc\u0259s\u0259n\u0259t n\u00fcmay\u0259nd\u0259l\u0259ri ist\u0259s\u0259 qat\u0131la bil\u0259r. N\u00fcmayi\u015fi a\u00e7\u0131q r\u0259qs kimi qoymu\u015fam. Sabahk\u0131 \u00e7\u0131x\u0131\u015fa m\u00fcdaxil\u0259 olunub-olunmayaca\u011f\u0131n\u0131 is\u0259 blmir\u0259m. K\u00fc\u00e7\u0259d\u0259 inc\u0259s\u0259n\u0259t g\u00f6st\u0259rm\u0259k normald\u0131r, bu d\u00fcnyada var. Niy\u0259 Az\u0259rbaycanda da olmas\u0131n? Az\u0259rbaycan v\u0259t\u0259nimdir. Bura m\u0259nim \u00f6lk\u0259mdir, m\u0259nim k\u00fc\u00e7\u0259l\u0259rimdir. M\u0259n \u00f6z k\u00fc\u00e7\u0259l\u0259rimd\u0259 performans oynamaq ist\u0259yir\u0259m v\u0259 buna davam ed\u0259c\u0259y\u0259m. Biz\u0259 m\u0259hz inc\u0259s\u0259n\u0259t laz\u0131md\u0131r. X\u00fcsus\u0259n d\u0259, m\u00fcharib\u0259d\u0259n v\u0259 pandemiyaya g\u00f6r\u0259 t\u0259tbiq edil\u0259n s\u0259rt karantind\u0259n sonra c\u0259miyy\u0259td\u0259 g\u0259rginlik var. Bunu s\u0259n\u0259tl\u0259 aradan qald\u0131rmal\u0131y\u0131q\u201d.\n<\/p>\n<p>\n  \u201cHaz\u0131rda m\u0259zuniyy\u0259td\u0259y\u0259m. Ona g\u00f6r\u0259 d\u0259 hadis\u0259 il\u0259 ba\u011fl\u0131 he\u00e7 bir m\u0259lumat\u0131m yoxdur\u201d, &#8211; Heyd\u0259r \u018fliyev Saray\u0131n\u0131n m\u0259tbuat xidm\u0259tinin r\u0259hb\u0259ri Aytac Ba\u011f\u0131rl\u0131 Meydan TV-y\u0259 a\u00e7\u0131qlamas\u0131nda bel\u0259 deyib.\n<\/p>\n<p>\n  ADO teatr\u0131 15 iyul 2013-c\u00fc ild\u0259 aktyor v\u0259 rejissor Elmin B\u0259d\u0259lov t\u0259r\u0259find\u0259n yarad\u0131l\u0131b.\n<\/p>\n<p>\n  Teatr Az\u0259rbaycan\u0131n ilk m\u00fcst\u0259qil v\u0259 modern teatr\u0131 kimi tan\u0131n\u0131r.<\/p>\n","protected":false},"excerpt":{"rendered":"<p>M\u0259nfi cavab ald\u0131\u011f\u0131n\u0131 dey\u0259n ADO r\u0259hb\u0259ri m\u0259s\u0259l\u0259 il\u0259 ba\u011fl\u0131 2019-cu ild\u0259 1 Sayl\u0131 Bak\u0131 \u0130nzibati-\u0130qtisadi M\u0259hk\u0259m\u0259sin\u0259 m\u00fcraci\u0259t edib<\/p>\n","protected":false},"author":11,"featured_media":207981,"comment_status":"closed","ping_status":"open","sticky":false,"template":"","format":"standard","meta":{"_acf_changed":false,"_sitemap_exclude":false,"_sitemap_priority":"","_sitemap_frequency":"","footnotes":""},"categories":[52],"tags":[],"class_list":["post-211985","post","type-post","status-publish","format-standard","has-post-thumbnail","hentry","category-medeniyyet","infinite-scroll-item","generate-columns","tablet-grid-50","mobile-grid-100","grid-parent","grid-33","no-featured-image-padding"],"acf":[],"yoast_head":"<!-- This site is optimized with the Yoast SEO plugin v27.4 - https:\/\/yoast.com\/product\/yoast-seo-wordpress\/ -->\n<title>Elmin B\u0259d\u0259lov: Heyd\u0259r \u018fliyev Saray\u0131n\u0131n m\u00fchafiz\u0259 xidm\u0259tinin r\u0259isi m\u0259n\u0259 zor t\u0259tbiq etdi - MEYDAN.TV<\/title>\n<meta name=\"robots\" content=\"index, follow, max-snippet:-1, max-image-preview:large, max-video-preview:-1\" \/>\n<link rel=\"canonical\" href=\"https:\/\/www.meydan.tv\/az\/article\/elmin-bedelov-heyder-eliyev-sarayinin-muhafize-xidmetinin-reisi-mene-zor-tetbiq-etdi\/\" \/>\n<meta property=\"og:locale\" content=\"az_AZ\" \/>\n<meta property=\"og:type\" content=\"article\" \/>\n<meta property=\"og:title\" content=\"Elmin B\u0259d\u0259lov: Heyd\u0259r \u018fliyev Saray\u0131n\u0131n m\u00fchafiz\u0259 xidm\u0259tinin r\u0259isi m\u0259n\u0259 zor t\u0259tbiq etdi - MEYDAN.TV\" \/>\n<meta property=\"og:description\" content=\"M\u0259nfi cavab ald\u0131\u011f\u0131n\u0131 dey\u0259n ADO r\u0259hb\u0259ri m\u0259s\u0259l\u0259 il\u0259 ba\u011fl\u0131 2019-cu ild\u0259 1 Sayl\u0131 Bak\u0131 \u0130nzibati-\u0130qtisadi M\u0259hk\u0259m\u0259sin\u0259 m\u00fcraci\u0259t edib\" \/>\n<meta property=\"og:url\" content=\"https:\/\/www.meydan.tv\/az\/article\/elmin-bedelov-heyder-eliyev-sarayinin-muhafize-xidmetinin-reisi-mene-zor-tetbiq-etdi\/\" \/>\n<meta property=\"og:site_name\" content=\"MEYDAN.TV\" \/>\n<meta property=\"article:published_time\" content=\"2021-07-14T15:02:12+00:00\" \/>\n<meta property=\"og:image\" content=\"https:\/\/www.meydan.tv\/wp-content\/uploads\/img-20210713-wa0038.jpg\" \/>\n\t<meta property=\"og:image:width\" content=\"1280\" \/>\n\t<meta property=\"og:image:height\" content=\"958\" \/>\n\t<meta property=\"og:image:type\" content=\"image\/jpeg\" \/>\n<meta name=\"author\" content=\"user-manager\" \/>\n<meta name=\"twitter:card\" content=\"summary_large_image\" \/>\n<script type=\"application\/ld+json\" class=\"yoast-schema-graph\">{\"@context\":\"https:\\\/\\\/schema.org\",\"@graph\":[{\"@type\":\"Article\",\"@id\":\"https:\\\/\\\/www.meydan.tv\\\/az\\\/article\\\/elmin-bedelov-heyder-eliyev-sarayinin-muhafize-xidmetinin-reisi-mene-zor-tetbiq-etdi\\\/#article\",\"isPartOf\":{\"@id\":\"https:\\\/\\\/www.meydan.tv\\\/az\\\/article\\\/elmin-bedelov-heyder-eliyev-sarayinin-muhafize-xidmetinin-reisi-mene-zor-tetbiq-etdi\\\/\"},\"author\":{\"name\":\"user-manager\",\"@id\":\"https:\\\/\\\/www.meydan.tv\\\/az\\\/#\\\/schema\\\/person\\\/10d11eccf6da3662cf5fdab9806ea91a\"},\"headline\":\"Elmin B\u0259d\u0259lov: Heyd\u0259r \u018fliyev Saray\u0131n\u0131n m\u00fchafiz\u0259 xidm\u0259tinin r\u0259isi m\u0259n\u0259 zor t\u0259tbiq etdi\",\"datePublished\":\"2021-07-14T15:02:12+00:00\",\"mainEntityOfPage\":{\"@id\":\"https:\\\/\\\/www.meydan.tv\\\/az\\\/article\\\/elmin-bedelov-heyder-eliyev-sarayinin-muhafize-xidmetinin-reisi-mene-zor-tetbiq-etdi\\\/\"},\"wordCount\":626,\"publisher\":{\"@id\":\"https:\\\/\\\/www.meydan.tv\\\/az\\\/#organization\"},\"image\":{\"@id\":\"https:\\\/\\\/www.meydan.tv\\\/az\\\/article\\\/elmin-bedelov-heyder-eliyev-sarayinin-muhafize-xidmetinin-reisi-mene-zor-tetbiq-etdi\\\/#primaryimage\"},\"thumbnailUrl\":\"https:\\\/\\\/www.meydan.tv\\\/wp-content\\\/uploads\\\/img-20210713-wa0038.jpg\",\"articleSection\":[\"M\u0259d\u0259niyy\u0259t\"],\"inLanguage\":\"az\"},{\"@type\":\"WebPage\",\"@id\":\"https:\\\/\\\/www.meydan.tv\\\/az\\\/article\\\/elmin-bedelov-heyder-eliyev-sarayinin-muhafize-xidmetinin-reisi-mene-zor-tetbiq-etdi\\\/\",\"url\":\"https:\\\/\\\/www.meydan.tv\\\/az\\\/article\\\/elmin-bedelov-heyder-eliyev-sarayinin-muhafize-xidmetinin-reisi-mene-zor-tetbiq-etdi\\\/\",\"name\":\"Elmin B\u0259d\u0259lov: Heyd\u0259r \u018fliyev Saray\u0131n\u0131n m\u00fchafiz\u0259 xidm\u0259tinin r\u0259isi m\u0259n\u0259 zor t\u0259tbiq etdi - MEYDAN.TV\",\"isPartOf\":{\"@id\":\"https:\\\/\\\/www.meydan.tv\\\/az\\\/#website\"},\"primaryImageOfPage\":{\"@id\":\"https:\\\/\\\/www.meydan.tv\\\/az\\\/article\\\/elmin-bedelov-heyder-eliyev-sarayinin-muhafize-xidmetinin-reisi-mene-zor-tetbiq-etdi\\\/#primaryimage\"},\"image\":{\"@id\":\"https:\\\/\\\/www.meydan.tv\\\/az\\\/article\\\/elmin-bedelov-heyder-eliyev-sarayinin-muhafize-xidmetinin-reisi-mene-zor-tetbiq-etdi\\\/#primaryimage\"},\"thumbnailUrl\":\"https:\\\/\\\/www.meydan.tv\\\/wp-content\\\/uploads\\\/img-20210713-wa0038.jpg\",\"datePublished\":\"2021-07-14T15:02:12+00:00\",\"breadcrumb\":{\"@id\":\"https:\\\/\\\/www.meydan.tv\\\/az\\\/article\\\/elmin-bedelov-heyder-eliyev-sarayinin-muhafize-xidmetinin-reisi-mene-zor-tetbiq-etdi\\\/#breadcrumb\"},\"inLanguage\":\"az\",\"potentialAction\":[{\"@type\":\"ReadAction\",\"target\":[\"https:\\\/\\\/www.meydan.tv\\\/az\\\/article\\\/elmin-bedelov-heyder-eliyev-sarayinin-muhafize-xidmetinin-reisi-mene-zor-tetbiq-etdi\\\/\"]}]},{\"@type\":\"ImageObject\",\"inLanguage\":\"az\",\"@id\":\"https:\\\/\\\/www.meydan.tv\\\/az\\\/article\\\/elmin-bedelov-heyder-eliyev-sarayinin-muhafize-xidmetinin-reisi-mene-zor-tetbiq-etdi\\\/#primaryimage\",\"url\":\"https:\\\/\\\/www.meydan.tv\\\/wp-content\\\/uploads\\\/img-20210713-wa0038.jpg\",\"contentUrl\":\"https:\\\/\\\/www.meydan.tv\\\/wp-content\\\/uploads\\\/img-20210713-wa0038.jpg\",\"width\":1280,\"height\":958,\"caption\":\"Source: Specify Source\"},{\"@type\":\"BreadcrumbList\",\"@id\":\"https:\\\/\\\/www.meydan.tv\\\/az\\\/article\\\/elmin-bedelov-heyder-eliyev-sarayinin-muhafize-xidmetinin-reisi-mene-zor-tetbiq-etdi\\\/#breadcrumb\",\"itemListElement\":[{\"@type\":\"ListItem\",\"position\":1,\"name\":\"Ana s\u0259hif\u0259\",\"item\":\"https:\\\/\\\/www.meydan.tv\\\/az\\\/\"},{\"@type\":\"ListItem\",\"position\":2,\"name\":\"M\u0259d\u0259niyy\u0259t\",\"item\":\"https:\\\/\\\/www.meydan.tv\\\/az\\\/section\\\/medeniyyet\\\/\"},{\"@type\":\"ListItem\",\"position\":3,\"name\":\"Elmin B\u0259d\u0259lov: Heyd\u0259r \u018fliyev Saray\u0131n\u0131n m\u00fchafiz\u0259 xidm\u0259tinin r\u0259isi m\u0259n\u0259 zor t\u0259tbiq etdi\"}]},{\"@type\":\"WebSite\",\"@id\":\"https:\\\/\\\/www.meydan.tv\\\/az\\\/#website\",\"url\":\"https:\\\/\\\/www.meydan.tv\\\/az\\\/\",\"name\":\"MEYDAN.TV\",\"description\":\"Meydan TV Az\u0259rbaycan\u0131n media m\u0259kan\u0131ndak\u0131 alternativ s\u0259sidir\",\"publisher\":{\"@id\":\"https:\\\/\\\/www.meydan.tv\\\/az\\\/#organization\"},\"potentialAction\":[{\"@type\":\"SearchAction\",\"target\":{\"@type\":\"EntryPoint\",\"urlTemplate\":\"https:\\\/\\\/www.meydan.tv\\\/az\\\/?s={search_term_string}\"},\"query-input\":{\"@type\":\"PropertyValueSpecification\",\"valueRequired\":true,\"valueName\":\"search_term_string\"}}],\"inLanguage\":\"az\"},{\"@type\":\"Organization\",\"@id\":\"https:\\\/\\\/www.meydan.tv\\\/az\\\/#organization\",\"name\":\"Meydan TV\",\"url\":\"https:\\\/\\\/www.meydan.tv\\\/az\\\/\",\"logo\":{\"@type\":\"ImageObject\",\"inLanguage\":\"az\",\"@id\":\"https:\\\/\\\/www.meydan.tv\\\/az\\\/#\\\/schema\\\/logo\\\/image\\\/\",\"url\":\"https:\\\/\\\/www.meydan.tv\\\/wp-content\\\/uploads\\\/2021\\\/07\\\/meydan-logo.svg\",\"contentUrl\":\"https:\\\/\\\/www.meydan.tv\\\/wp-content\\\/uploads\\\/2021\\\/07\\\/meydan-logo.svg\",\"width\":195,\"height\":46,\"caption\":\"Meydan TV\"},\"image\":{\"@id\":\"https:\\\/\\\/www.meydan.tv\\\/az\\\/#\\\/schema\\\/logo\\\/image\\\/\"}},{\"@type\":\"Person\",\"@id\":\"https:\\\/\\\/www.meydan.tv\\\/az\\\/#\\\/schema\\\/person\\\/10d11eccf6da3662cf5fdab9806ea91a\",\"name\":\"user-manager\"}]}<\/script>\n<!-- \/ Yoast SEO plugin. -->","yoast_head_json":{"title":"Elmin B\u0259d\u0259lov: Heyd\u0259r \u018fliyev Saray\u0131n\u0131n m\u00fchafiz\u0259 xidm\u0259tinin r\u0259isi m\u0259n\u0259 zor t\u0259tbiq etdi - MEYDAN.TV","robots":{"index":"index","follow":"follow","max-snippet":"max-snippet:-1","max-image-preview":"max-image-preview:large","max-video-preview":"max-video-preview:-1"},"canonical":"https:\/\/www.meydan.tv\/az\/article\/elmin-bedelov-heyder-eliyev-sarayinin-muhafize-xidmetinin-reisi-mene-zor-tetbiq-etdi\/","og_locale":"az_AZ","og_type":"article","og_title":"Elmin B\u0259d\u0259lov: Heyd\u0259r \u018fliyev Saray\u0131n\u0131n m\u00fchafiz\u0259 xidm\u0259tinin r\u0259isi m\u0259n\u0259 zor t\u0259tbiq etdi - MEYDAN.TV","og_description":"M\u0259nfi cavab ald\u0131\u011f\u0131n\u0131 dey\u0259n ADO r\u0259hb\u0259ri m\u0259s\u0259l\u0259 il\u0259 ba\u011fl\u0131 2019-cu ild\u0259 1 Sayl\u0131 Bak\u0131 \u0130nzibati-\u0130qtisadi M\u0259hk\u0259m\u0259sin\u0259 m\u00fcraci\u0259t edib","og_url":"https:\/\/www.meydan.tv\/az\/article\/elmin-bedelov-heyder-eliyev-sarayinin-muhafize-xidmetinin-reisi-mene-zor-tetbiq-etdi\/","og_site_name":"MEYDAN.TV","article_published_time":"2021-07-14T15:02:12+00:00","og_image":[{"width":1280,"height":958,"url":"https:\/\/www.meydan.tv\/wp-content\/uploads\/img-20210713-wa0038.jpg","type":"image\/jpeg"}],"author":"user-manager","twitter_card":"summary_large_image","schema":{"@context":"https:\/\/schema.org","@graph":[{"@type":"Article","@id":"https:\/\/www.meydan.tv\/az\/article\/elmin-bedelov-heyder-eliyev-sarayinin-muhafize-xidmetinin-reisi-mene-zor-tetbiq-etdi\/#article","isPartOf":{"@id":"https:\/\/www.meydan.tv\/az\/article\/elmin-bedelov-heyder-eliyev-sarayinin-muhafize-xidmetinin-reisi-mene-zor-tetbiq-etdi\/"},"author":{"name":"user-manager","@id":"https:\/\/www.meydan.tv\/az\/#\/schema\/person\/10d11eccf6da3662cf5fdab9806ea91a"},"headline":"Elmin B\u0259d\u0259lov: Heyd\u0259r \u018fliyev Saray\u0131n\u0131n m\u00fchafiz\u0259 xidm\u0259tinin r\u0259isi m\u0259n\u0259 zor t\u0259tbiq etdi","datePublished":"2021-07-14T15:02:12+00:00","mainEntityOfPage":{"@id":"https:\/\/www.meydan.tv\/az\/article\/elmin-bedelov-heyder-eliyev-sarayinin-muhafize-xidmetinin-reisi-mene-zor-tetbiq-etdi\/"},"wordCount":626,"publisher":{"@id":"https:\/\/www.meydan.tv\/az\/#organization"},"image":{"@id":"https:\/\/www.meydan.tv\/az\/article\/elmin-bedelov-heyder-eliyev-sarayinin-muhafize-xidmetinin-reisi-mene-zor-tetbiq-etdi\/#primaryimage"},"thumbnailUrl":"https:\/\/www.meydan.tv\/wp-content\/uploads\/img-20210713-wa0038.jpg","articleSection":["M\u0259d\u0259niyy\u0259t"],"inLanguage":"az"},{"@type":"WebPage","@id":"https:\/\/www.meydan.tv\/az\/article\/elmin-bedelov-heyder-eliyev-sarayinin-muhafize-xidmetinin-reisi-mene-zor-tetbiq-etdi\/","url":"https:\/\/www.meydan.tv\/az\/article\/elmin-bedelov-heyder-eliyev-sarayinin-muhafize-xidmetinin-reisi-mene-zor-tetbiq-etdi\/","name":"Elmin B\u0259d\u0259lov: Heyd\u0259r \u018fliyev Saray\u0131n\u0131n m\u00fchafiz\u0259 xidm\u0259tinin r\u0259isi m\u0259n\u0259 zor t\u0259tbiq etdi - MEYDAN.TV","isPartOf":{"@id":"https:\/\/www.meydan.tv\/az\/#website"},"primaryImageOfPage":{"@id":"https:\/\/www.meydan.tv\/az\/article\/elmin-bedelov-heyder-eliyev-sarayinin-muhafize-xidmetinin-reisi-mene-zor-tetbiq-etdi\/#primaryimage"},"image":{"@id":"https:\/\/www.meydan.tv\/az\/article\/elmin-bedelov-heyder-eliyev-sarayinin-muhafize-xidmetinin-reisi-mene-zor-tetbiq-etdi\/#primaryimage"},"thumbnailUrl":"https:\/\/www.meydan.tv\/wp-content\/uploads\/img-20210713-wa0038.jpg","datePublished":"2021-07-14T15:02:12+00:00","breadcrumb":{"@id":"https:\/\/www.meydan.tv\/az\/article\/elmin-bedelov-heyder-eliyev-sarayinin-muhafize-xidmetinin-reisi-mene-zor-tetbiq-etdi\/#breadcrumb"},"inLanguage":"az","potentialAction":[{"@type":"ReadAction","target":["https:\/\/www.meydan.tv\/az\/article\/elmin-bedelov-heyder-eliyev-sarayinin-muhafize-xidmetinin-reisi-mene-zor-tetbiq-etdi\/"]}]},{"@type":"ImageObject","inLanguage":"az","@id":"https:\/\/www.meydan.tv\/az\/article\/elmin-bedelov-heyder-eliyev-sarayinin-muhafize-xidmetinin-reisi-mene-zor-tetbiq-etdi\/#primaryimage","url":"https:\/\/www.meydan.tv\/wp-content\/uploads\/img-20210713-wa0038.jpg","contentUrl":"https:\/\/www.meydan.tv\/wp-content\/uploads\/img-20210713-wa0038.jpg","width":1280,"height":958,"caption":"Source: Specify Source"},{"@type":"BreadcrumbList","@id":"https:\/\/www.meydan.tv\/az\/article\/elmin-bedelov-heyder-eliyev-sarayinin-muhafize-xidmetinin-reisi-mene-zor-tetbiq-etdi\/#breadcrumb","itemListElement":[{"@type":"ListItem","position":1,"name":"Ana s\u0259hif\u0259","item":"https:\/\/www.meydan.tv\/az\/"},{"@type":"ListItem","position":2,"name":"M\u0259d\u0259niyy\u0259t","item":"https:\/\/www.meydan.tv\/az\/section\/medeniyyet\/"},{"@type":"ListItem","position":3,"name":"Elmin B\u0259d\u0259lov: Heyd\u0259r \u018fliyev Saray\u0131n\u0131n m\u00fchafiz\u0259 xidm\u0259tinin r\u0259isi m\u0259n\u0259 zor t\u0259tbiq etdi"}]},{"@type":"WebSite","@id":"https:\/\/www.meydan.tv\/az\/#website","url":"https:\/\/www.meydan.tv\/az\/","name":"MEYDAN.TV","description":"Meydan TV Az\u0259rbaycan\u0131n media m\u0259kan\u0131ndak\u0131 alternativ s\u0259sidir","publisher":{"@id":"https:\/\/www.meydan.tv\/az\/#organization"},"potentialAction":[{"@type":"SearchAction","target":{"@type":"EntryPoint","urlTemplate":"https:\/\/www.meydan.tv\/az\/?s={search_term_string}"},"query-input":{"@type":"PropertyValueSpecification","valueRequired":true,"valueName":"search_term_string"}}],"inLanguage":"az"},{"@type":"Organization","@id":"https:\/\/www.meydan.tv\/az\/#organization","name":"Meydan TV","url":"https:\/\/www.meydan.tv\/az\/","logo":{"@type":"ImageObject","inLanguage":"az","@id":"https:\/\/www.meydan.tv\/az\/#\/schema\/logo\/image\/","url":"https:\/\/www.meydan.tv\/wp-content\/uploads\/2021\/07\/meydan-logo.svg","contentUrl":"https:\/\/www.meydan.tv\/wp-content\/uploads\/2021\/07\/meydan-logo.svg","width":195,"height":46,"caption":"Meydan TV"},"image":{"@id":"https:\/\/www.meydan.tv\/az\/#\/schema\/logo\/image\/"}},{"@type":"Person","@id":"https:\/\/www.meydan.tv\/az\/#\/schema\/person\/10d11eccf6da3662cf5fdab9806ea91a","name":"user-manager"}]}},"_links":{"self":[{"href":"https:\/\/www.meydan.tv\/az\/wp-json\/wp\/v2\/posts\/211985","targetHints":{"allow":["GET"]}}],"collection":[{"href":"https:\/\/www.meydan.tv\/az\/wp-json\/wp\/v2\/posts"}],"about":[{"href":"https:\/\/www.meydan.tv\/az\/wp-json\/wp\/v2\/types\/post"}],"author":[{"embeddable":true,"href":"https:\/\/www.meydan.tv\/az\/wp-json\/wp\/v2\/users\/11"}],"replies":[{"embeddable":true,"href":"https:\/\/www.meydan.tv\/az\/wp-json\/wp\/v2\/comments?post=211985"}],"version-history":[{"count":0,"href":"https:\/\/www.meydan.tv\/az\/wp-json\/wp\/v2\/posts\/211985\/revisions"}],"wp:featuredmedia":[{"embeddable":true,"href":"https:\/\/www.meydan.tv\/az\/wp-json\/wp\/v2\/media\/207981"}],"wp:attachment":[{"href":"https:\/\/www.meydan.tv\/az\/wp-json\/wp\/v2\/media?parent=211985"}],"wp:term":[{"taxonomy":"category","embeddable":true,"href":"https:\/\/www.meydan.tv\/az\/wp-json\/wp\/v2\/categories?post=211985"},{"taxonomy":"post_tag","embeddable":true,"href":"https:\/\/www.meydan.tv\/az\/wp-json\/wp\/v2\/tags?post=211985"}],"curies":[{"name":"wp","href":"https:\/\/api.w.org\/{rel}","templated":true}]}}